{"id":142823,"date":"2025-08-09T21:53:06","date_gmt":"2025-08-10T00:53:06","guid":{"rendered":"https:\/\/gysfm.com.ar\/inicio\/todos-esperaban-a-de-loredo-en-lla-y-por-detras-firmo-juez\/"},"modified":"2025-08-09T21:53:06","modified_gmt":"2025-08-10T00:53:06","slug":"todos-esperaban-a-de-loredo-en-lla-y-por-detras-firmo-juez","status":"publish","type":"post","link":"https:\/\/gysfm.com.ar\/inicio\/todos-esperaban-a-de-loredo-en-lla-y-por-detras-firmo-juez\/","title":{"rendered":"Todos esperaban a De Loredo en LLA y, por detr\u00e1s, firm\u00f3 Juez"},"content":{"rendered":"<p><\/p>\n<div id=\"article-content\">\n<p>\u201cTen\u00e9s el tercer lugar asegurado en la lista, <strong>pens\u00e1 bien c\u00f3mo vas a votar\u201d<\/strong>, se debat\u00eda en su cabeza el diputado nacional radical<strong> Rodrigo de Loredo cuando ingresaba a la C\u00e1mara para aprobar el financiamiento universitario<\/strong>. El mensaje fue enviado por uno de los funcionarios que rodean a \u201cEl Jefe\u201d.<strong> Era la \u00faltima prueba antes de la bendici\u00f3n de Karina Milei<\/strong> para incluirlos en la alianza LLA.<\/p>\n<p>Llam\u00f3 a los suyos, en primer lugar a Marcos Ferrer, el presidente del partido en C\u00f3rdoba.<strong> \u201cInaceptable\u201d; eso le pegaba de lleno a la futura Universidad Nacional de R\u00edo Tercero<\/strong>, un hecho que promete modificar el perfil de la ciudad cordobesa.<\/p>\n<p>En pleno debate, el radical de Generaci\u00f3n X lanz\u00f3 algunos mensajes a otras fuerzas, entre ellas la de Oscar Agost Carre\u00f1o, que al mismo tiempo estaba leyendo la sentencia judicial que le devolv\u00eda el control del PRO. <strong>\u201cOjo, que podemos pasar de ser la gordita de las seis de la ma\u00f1ana a la rubia de ojos claros<\/strong>\u201d, expres\u00f3 un dirigente que fue testigo de los movimientos de los radicales delorreistas.<\/p>\n<p style=\"text-align:center\"><picture><source media=\"(max-width: 440px)\" srcset=\"https:\/\/fotos.perfil.com\/2024\/10\/09\/440\/0\/900\/0\/diputados-debate-por-el-veto-a-la-ley-de-financiamiento-universitario-1888546.jpg?webp\"\/><source media=\"(max-width: 1019px)\" srcset=\"https:\/\/fotos.perfil.com\/2024\/10\/09\/712\/0\/900\/0\/diputados-debate-por-el-veto-a-la-ley-de-financiamiento-universitario-1888546.jpg?webp\"\/><img decoding=\"async\" style=\"max-width: 100%; width: 100%;\" alt=\"De Loredo en la sesi\u00f3n\" height=\"505\" src=\"https:\/\/fotos.perfil.com\/2024\/10\/09\/900\/0\/900\/0\/diputados-debate-por-el-veto-a-la-ley-de-financiamiento-universitario-1888546.jpg?webp\" width=\"900\" loading=\"lazy\"\/><\/picture><\/p>\n<p>Presionar el bot\u00f3n verde y aprobar el financiamiento universitario para \u201cacatar super\u00e1vit fiscal\u201d fue la sentencia final a cualquier lugar en la lista violeta por parte de De Loredo. En paralelo, la Justicia Federal de C\u00f3rdoba hac\u00eda lugar a un grupo de afiliados de la UCR para \u201chabilitar las internas\u201d, pese a que el Congreso Partidario ya hab\u00eda dado un mandato a las autoridades.<\/p>\n<p>\u201c<strong>Es la primera vez desde la vuelta a la democracia que un juez interviene en las decisiones del Congreso Partidario<\/strong>, que es la autoridad m\u00e1xima de un partido pol\u00edtico. Es cosa de no creer\u201d, expres\u00f3 un dirigente boina blanca.<\/p>\n<p><strong>Chau partido, chau alianza.<\/strong> El jueves ya era un d\u00eda para el olvido para el futuro de De Loredo y un espacio en el que dicen \u201cest\u00e1 m\u00e1s del 80% de los afiliados\u201d. Hasta Marcos Ferrer sali\u00f3 por los medios a avisar que \u201c<strong>no har\u00e1 campa\u00f1a por <a target=\"_blank\" href=\"https:\/\/www.perfil.com\/noticias\/cordoba\/es-de-cobardes-mestre-arremetio-contra-de-loredo-por-retirar-su-lista-de-la-interna-ucr.phtml\">Mestre<\/a>\u201d y a esperar que haga un papel\u00f3n en las urnas<\/strong>. Mucho enojo. Tanto, que ese d\u00eda el intendente amenaz\u00f3 con renunciar a la presidencia.<\/p>\n<p>Ahora, el radical deber\u00e1 optar por ir como extrapartidario en otra boleta y someterse a que alg\u00fan correligionario pida su expulsi\u00f3n del partido, como ocurri\u00f3 con la vicegobernadora Myriam Prunotto, o dejar pasar este turno y centrarse en la provincia de C\u00f3rdoba. <strong>\u201cRodrigo debe recorrer cada localidad, hablar con los dirigentes. Debe dejar un ratito las redes y comenzar a tener contacto real con las personas<\/strong> y los intendentes nuestros. Tiene dos a\u00f1os por delante\u201d, fue la sugerencia que recibi\u00f3 en un Zoom d\u00edas atr\u00e1s.<\/p>\n<h2>Luis Juez, calladito, mostr\u00f3 las cartas<\/h2>\n<p>En el mismo momento en que Cristian Ritondo y los dem\u00e1s dirigentes del PRO bonaerense se probaban sus camperas violetas en La Matanza para la foto con Javier Milei, <strong>Luis Juez recib\u00eda un mensaje en su WhatsApp. Era \u201cEl Jefe\u201d<\/strong>.<\/p>\n<p>La relaci\u00f3n que construy\u00f3 el l\u00edder del Frente C\u00edvico con el otro libertario, el presidente, entre milanesas, vali\u00f3 para que en d\u00edas como el pasado jueves no haya dudas de conformar una alianza. Un lugar al que nunca pudo llegar Rodrigo de Loredo.<\/p>\n<p style=\"text-align:center\"><picture><source media=\"(max-width: 440px)\" srcset=\"https:\/\/fotos.perfil.com\/2025\/07\/02\/trim\/987\/555\/440\/0\/02-07-2025-luis-juez-javier-milei-milanesas-en-olivos-2053659.jpg?webp\"\/><source media=\"(max-width: 1019px)\" srcset=\"https:\/\/fotos.perfil.com\/2025\/07\/02\/trim\/987\/555\/712\/0\/02-07-2025-luis-juez-javier-milei-milanesas-en-olivos-2053659.jpg?webp\"\/><img decoding=\"async\" style=\"max-width: 100%; width: 100%;\" alt=\"Luis Juez con Milei\" src=\"https:\/\/fotos.perfil.com\/2025\/07\/02\/trim\/987\/555\/900\/0\/02-07-2025-luis-juez-javier-milei-milanesas-en-olivos-2053659.jpg?webp\" loading=\"lazy\"\/><\/picture><\/p>\n<p>\u201c<strong>Est\u00e1 todo coordinado entre los apoderados. En un rato sale el comunicado con el sello de ustedes\u201d<\/strong>, palabras m\u00e1s o menos, dec\u00eda el mensaje de Karina que Juez ley\u00f3 en su nuevo tel\u00e9fono \u2014hace pocos meses se lo robaron cuando estaba dando una nota en pleno centro de C\u00f3rdoba\u2014. Estaba todo cocinado, mientras todos miraban encandilados lo que pasaba en la malograda interna radical.<\/p>\n<p>\u201cEl olor a coliflor no sal\u00eda del basural; me parece que era del incendio de la Casa Radical\u201d, desliz\u00f3 un asesor. Para muchos dirigentes con llegada a los principales despachos de la Rosada, De Loredo sell\u00f3 su suerte cuando baj\u00f3 a dar qu\u00f3rum en la sesi\u00f3n que termin\u00f3 aprobando el presupuesto para las universidades y la emergencia pedi\u00e1trica (Garrahan). El propio Guillermo Francos expres\u00f3 su enojo ante los micr\u00f3fonos: \u201cComplicada la sesi\u00f3n en Diputados, perdimos todas\u201d. Fin.<\/p>\n<p>A Juez le tom\u00f3 varios almuerzos lograr la confianza del \u201chermano\u201d. En esos encuentros se dicen y prometen muchas cosas, pero una fue clave: <strong>\u201cLa LLA debe generar sus propias listas y estructuras para no depender de otros\u201d, sugiri\u00f3 alguna vez el senador. Karina, \u201cEl Jefe\u201d, se rindi\u00f3 ante esa afirmaci\u00f3n<\/strong>. Ella no entreg\u00f3 el partido a nadie y se pas\u00f3 los \u00faltimos meses acompa\u00f1ando a los \u201clocales\u201d a inscribir el sello en cada provincia. Bornoroni fue uno de los bendecidos.<\/p>\n<p class=\"destacadoNota\"><a target=\"_blank\" href=\"https:\/\/www.perfil.com\/noticias\/cordoba\/vivo-cierre-de-alianzas-para-octubre-que-hara-schiaretti-de-loredo-y-el-resto-de-los-candidatos.phtml\">Cierre de alianzas en C\u00f3rdoba: Schiaretti lidera, De La Sota por fuera, De Loredo sin partido y apareci\u00f3 Juez en LLA<\/a><\/p>\n<p>Quienes rodean a Juez aseguran que esta vez no quiere ning\u00fan cargo. Es m\u00e1s, hasta estas horas no tiene ni la promesa de alg\u00fan lugar en la lista para los suyos, ni siquiera al fondo. <strong>Solo hay una condici\u00f3n ya adelantada: que en 2027 los libertarios acompa\u00f1en al eterno candidato<\/strong> a presentarse para pelear por la gobernaci\u00f3n, \u201csi le quedan fuerzas para hacerlo\u201d.<\/p>\n<p><strong>Juez es mucho m\u00e1s \u00fatil en el Senado y como integrante del Consejo de la Magistratura.<\/strong> \u201cNo fui a hacer la \u2018o\u2019 con los vasos escuchando lo que dicen en las audiencias\u201d, expres\u00f3 alguna vez el cordob\u00e9s. Desde que lleg\u00f3, ya se avanz\u00f3 en la destituci\u00f3n de dos jueces y est\u00e1 en marcha el juicio pol\u00edtico contra Mart\u00edn Poderti, un juez de Mar del Plata acusado de robarse 144 monedas de oro de una causa judicial. Ese es el partido que le interesa a Milei, aclaran.<\/p>\n<p>Todo est\u00e1 encaminado para que Gabriel Bornoroni sea el n\u00famero uno en la lista. El actual diputado y presidente de bloque tomar\u00e1 licencia para dedicarse a la campa\u00f1a. Es validar en las urnas el poder que le otorgan desde la Capital. El \u201cestacionero\u201d tira la pelota a la tribuna cuando lo consultan: \u201cEso lo define Karina; si ella lo ordena, nosotros estamos\u201d. Desde el sector consideran que, si el diputado quiere tener alguna oportunidad de ser candidato a gobernador en 2027, deber\u00eda validarlo con votos. Juez espera.<\/p>\n<h2>Nueve alianzas y varios partidos para 9 bancas<\/h2>\n<p>Seg\u00fan la Justicia Federal, se inscribieron nueve alianzas:<strong> Provincias Unidas <\/strong>(Partido Justicialista, Dem\u00f3crata Cristiano, Hacemos, GEN, Socialista, Compromiso Federal, Uni\u00f3n Vecinal Federal, Vecinalismo Independiente, Intransigente, Uni\u00f3n Celeste y Blanco, C\u00f3rdoba Futura, Estamos, Encuentro Republicano Federal, Movimiento de Acci\u00f3n Vecinal);<strong> Defendamos C\u00f3rdoba<\/strong> (Frente Grande, Partido Laborista); <strong>Ciudadanos<\/strong> (Uni\u00f3n del Centro Democr\u00e1tico, Unite por la Libertad y la Dignidad);<strong> C\u00f3rdoba Te Quiero<\/strong> (Proyecto Joven, Nueva Generaci\u00f3n); <strong>Frente La Libertad Avanza <\/strong>(La Libertad Avanza, Movimiento de Integraci\u00f3n y Desarrollo, Frente C\u00edvico de C\u00f3rdoba, Primero la Gente); <strong>Encuentro por la Rep\u00fablica<\/strong> (Encuentro Vecinal C\u00f3rdoba, Coalici\u00f3n C\u00edvica &#8211; Afirmaci\u00f3n para una Rep\u00fablica Igualitaria, Republicanos Unidos, Partido Dem\u00f3crata); <strong>Fuerza Patria<\/strong> (Kolina, Solidario, Comunista, Patria Grande); <strong>Libertad Siempre<\/strong> (Republicanos Unidos, Frente Federal de Acci\u00f3n Solidaria); y <strong>Frente de Izquierda y de Trabajadores &#8211; Unidad<\/strong> (Cordob\u00e9s del Obrero, Partido de Trabajadores por el Socialismo, Movimiento Socialista y del Trabajo, Izquierda por una Opci\u00f3n Socialista, Movimiento Socialista de los Trabajadores).<\/p>\n<p>Si alguien prest\u00f3 atenci\u00f3n a la lista del p\u00e1rrafo anterior, hay sellos que se repiten. \u201c<strong>Son todos sellos de goma que responden a una t\u00e1ctica provincial <\/strong>ya muy aceitada del peronismo provincial\u201d, describi\u00f3 un libertario. A estos se deben sumar los partidos que est\u00e1n habilitados para presentar candidatos:<strong> PRO, UCR, Partido Dem\u00f3crata, Humanista y el Partido Libertario<\/strong> (que va con Agust\u00edn Spaccesi, actual legislador, como candidato).<\/p>\n<p style=\"text-align:center\"><picture><source media=\"(max-width: 440px)\" srcset=\"https:\/\/fotos.perfil.com\/\/2025\/08\/08\/440\/0\/schiaretti-asociacion-argentina-de-productores-en-siembra-directa-2077169.jpg?webp\"\/><source media=\"(max-width: 1019px)\" srcset=\"https:\/\/fotos.perfil.com\/\/2025\/08\/08\/712\/0\/schiaretti-asociacion-argentina-de-productores-en-siembra-directa-2077169.jpg?webp\"\/><img decoding=\"async\" style=\"max-width: 100%; width: 100%;\" alt=\"Schiaretti comenz\u00f3 la campa\u00f1a\" src=\"https:\/\/fotos.perfil.com\/\/2025\/08\/08\/900\/0\/schiaretti-asociacion-argentina-de-productores-en-siembra-directa-2077169.jpg?webp\" loading=\"lazy\"\/><\/picture><\/p>\n<p><strong>\u201cLlaryora necesita que Juan Schiaretti construya algo por fuera de la provincia<\/strong>. Y adem\u00e1s, que le vaya bien\u201d, describe un operador mientras charla con un veedor de la Justicia. El razonamiento es que lo que funcionaba con De la Sota \u2014uno gobierna y el otro se va a leer un libro\u2014 no cuadra en esta sociedad. Hay una diferencia generacional importante.<\/p>\n<p>Entonces, <strong>todo el foco del PJ cordob\u00e9s est\u00e1 puesto en que \u201cJuan\u201d haga una gran elecci\u00f3n;<\/strong> eso significa que gane bien la provincia. \u201cJuan es C\u00f3rdoba y quien no lo vote es un traidor a la rep\u00fablica de C\u00f3rdoba\u201d no es un simple slogan: van a hacer la campa\u00f1a en esa sinton\u00eda, adelantaron.<\/p>\n<p>\u201c<strong>Che, nadie va a decirlo: el PJ va recontra dividid<\/strong>o\u201d, describe un legislador, acusando a los periodistas de tener una venda en los ojos. Seg\u00fan lo que interpreta, por un lado est\u00e1 el oficialismo o cordobesismo \u201cdeste\u00f1ido\u201d con Provincias Unidas; por otro, \u201cDefendamos C\u00f3rdoba\u201d; y, finalmente, \u201clos kukas\u201d con Fuerza Patria. Dif\u00edcil labor de despegarse unos de otros. Qui\u00e9n le roba votos a qui\u00e9n es la gran pregunta.<\/p>\n<\/p><\/div>\n<p><script>\n                !function(f,b,e,v,n,t,s)\n                {if(f.fbq)return;n=f.fbq=function(){n.callMethod?\n                    n.callMethod.apply(n,arguments):n.queue.push(arguments)};\n                    if(!f._fbq)f._fbq=n;n.push=n;n.loaded=!0;n.version='2.0';\n                    n.queue=[];t=b.createElement(e);t.async=!0;\n                    t.src=v;s=b.getElementsByTagName(e)[0];\n                    s.parentNode.insertBefore(t,s)}(window, document,'script',\n                    'https:\/\/connect.facebook.net\/en_US\/fbevents.js');\n                window.paywallConfig.facebook_pixel=\"1000228364089342\"\n            <\/script><\/p>\n","protected":false},"excerpt":{"rendered":"<p>\u201cTen\u00e9s el tercer lugar asegurado en la lista, pens\u00e1 bien c\u00f3mo vas a votar\u201d, se debat\u00eda en su cabeza el diputado nacional radical Rodrigo de Loredo cuando ingresaba a la C\u00e1mara para aprobar el financiamiento universitario. El mensaje fue enviado por uno de los funcionarios que rodean a \u201cEl Jefe\u201d. Era la \u00faltima prueba antes [&hellip;]<\/p>\n","protected":false},"author":2,"featured_media":142824,"comment_status":"closed","ping_status":"closed","sticky":false,"template":"","format":"standard","meta":{"footnotes":""},"categories":[25],"tags":[],"class_list":["post-142823","post","type-post","status-publish","format-standard","has-post-thumbnail","hentry","category-nacionales"],"yoast_head":"<!-- This site is optimized with the Yoast SEO plugin v24.4 - https:\/\/yoast.com\/wordpress\/plugins\/seo\/ -->\n<title>Todos esperaban a De Loredo en LLA y, por detr\u00e1s, firm\u00f3 Juez - GYS NOTICIAS |<\/title>\n<meta name=\"robots\" content=\"index, follow, max-snippet:-1, max-image-preview:large, max-video-preview:-1\" \/>\n<link rel=\"canonical\" href=\"https:\/\/gysfm.com.ar\/inicio\/todos-esperaban-a-de-loredo-en-lla-y-por-detras-firmo-juez\/\" \/>\n<meta property=\"og:locale\" content=\"es_ES\" \/>\n<meta property=\"og:type\" content=\"article\" \/>\n<meta property=\"og:title\" content=\"Todos esperaban a De Loredo en LLA y, por detr\u00e1s, firm\u00f3 Juez - GYS NOTICIAS |\" \/>\n<meta property=\"og:description\" content=\"\u201cTen\u00e9s el tercer lugar asegurado en la lista, pens\u00e1 bien c\u00f3mo vas a votar\u201d, se debat\u00eda en su cabeza el diputado nacional radical Rodrigo de Loredo cuando ingresaba a la C\u00e1mara para aprobar el financiamiento universitario. El mensaje fue enviado por uno de los funcionarios que rodean a \u201cEl Jefe\u201d. Era la \u00faltima prueba antes [&hellip;]\" \/>\n<meta property=\"og:url\" content=\"https:\/\/gysfm.com.ar\/inicio\/todos-esperaban-a-de-loredo-en-lla-y-por-detras-firmo-juez\/\" \/>\n<meta property=\"og:site_name\" content=\"GYS NOTICIAS |\" \/>\n<meta property=\"article:published_time\" content=\"2025-08-10T00:53:06+00:00\" \/>\n<meta property=\"og:image\" content=\"https:\/\/fotos.perfil.com\/2024\/10\/09\/900\/0\/900\/0\/diputados-debate-por-el-veto-a-la-ley-de-financiamiento-universitario-1888546.jpg?webp\" \/>\n<meta name=\"author\" content=\"Prensa G&amp;S FM\" \/>\n<meta name=\"twitter:card\" content=\"summary_large_image\" \/>\n<meta name=\"twitter:label1\" content=\"Escrito por\" \/>\n\t<meta name=\"twitter:data1\" content=\"Prensa G&amp;S FM\" \/>\n\t<meta name=\"twitter:label2\" content=\"Tiempo de lectura\" \/>\n\t<meta name=\"twitter:data2\" content=\"8 minutos\" \/>\n<script type=\"application\/ld+json\" class=\"yoast-schema-graph\">{\"@context\":\"https:\/\/schema.org\",\"@graph\":[{\"@type\":\"Article\",\"@id\":\"https:\/\/gysfm.com.ar\/inicio\/todos-esperaban-a-de-loredo-en-lla-y-por-detras-firmo-juez\/#article\",\"isPartOf\":{\"@id\":\"https:\/\/gysfm.com.ar\/inicio\/todos-esperaban-a-de-loredo-en-lla-y-por-detras-firmo-juez\/\"},\"author\":{\"name\":\"Prensa G&amp;S FM\",\"@id\":\"https:\/\/gysfm.com.ar\/inicio\/#\/schema\/person\/3abba7593ef2ad19e1be221d54383dc5\"},\"headline\":\"Todos esperaban a De Loredo en LLA y, por detr\u00e1s, firm\u00f3 Juez\",\"datePublished\":\"2025-08-10T00:53:06+00:00\",\"mainEntityOfPage\":{\"@id\":\"https:\/\/gysfm.com.ar\/inicio\/todos-esperaban-a-de-loredo-en-lla-y-por-detras-firmo-juez\/\"},\"wordCount\":1527,\"publisher\":{\"@id\":\"https:\/\/gysfm.com.ar\/inicio\/#organization\"},\"image\":{\"@id\":\"https:\/\/gysfm.com.ar\/inicio\/todos-esperaban-a-de-loredo-en-lla-y-por-detras-firmo-juez\/#primaryimage\"},\"thumbnailUrl\":\"https:\/\/gysfm.com.ar\/inicio\/wp-content\/uploads\/2025\/08\/rodrigo-de-loredo-luis-juez-juan-schiaretti-2077351.jpg\",\"articleSection\":[\"NACIONALES\"],\"inLanguage\":\"es\"},{\"@type\":\"WebPage\",\"@id\":\"https:\/\/gysfm.com.ar\/inicio\/todos-esperaban-a-de-loredo-en-lla-y-por-detras-firmo-juez\/\",\"url\":\"https:\/\/gysfm.com.ar\/inicio\/todos-esperaban-a-de-loredo-en-lla-y-por-detras-firmo-juez\/\",\"name\":\"Todos esperaban a De Loredo en LLA y, por detr\u00e1s, firm\u00f3 Juez - GYS NOTICIAS |\",\"isPartOf\":{\"@id\":\"https:\/\/gysfm.com.ar\/inicio\/#website\"},\"primaryImageOfPage\":{\"@id\":\"https:\/\/gysfm.com.ar\/inicio\/todos-esperaban-a-de-loredo-en-lla-y-por-detras-firmo-juez\/#primaryimage\"},\"image\":{\"@id\":\"https:\/\/gysfm.com.ar\/inicio\/todos-esperaban-a-de-loredo-en-lla-y-por-detras-firmo-juez\/#primaryimage\"},\"thumbnailUrl\":\"https:\/\/gysfm.com.ar\/inicio\/wp-content\/uploads\/2025\/08\/rodrigo-de-loredo-luis-juez-juan-schiaretti-2077351.jpg\",\"datePublished\":\"2025-08-10T00:53:06+00:00\",\"breadcrumb\":{\"@id\":\"https:\/\/gysfm.com.ar\/inicio\/todos-esperaban-a-de-loredo-en-lla-y-por-detras-firmo-juez\/#breadcrumb\"},\"inLanguage\":\"es\",\"potentialAction\":[{\"@type\":\"ReadAction\",\"target\":[\"https:\/\/gysfm.com.ar\/inicio\/todos-esperaban-a-de-loredo-en-lla-y-por-detras-firmo-juez\/\"]}]},{\"@type\":\"ImageObject\",\"inLanguage\":\"es\",\"@id\":\"https:\/\/gysfm.com.ar\/inicio\/todos-esperaban-a-de-loredo-en-lla-y-por-detras-firmo-juez\/#primaryimage\",\"url\":\"https:\/\/gysfm.com.ar\/inicio\/wp-content\/uploads\/2025\/08\/rodrigo-de-loredo-luis-juez-juan-schiaretti-2077351.jpg\",\"contentUrl\":\"https:\/\/gysfm.com.ar\/inicio\/wp-content\/uploads\/2025\/08\/rodrigo-de-loredo-luis-juez-juan-schiaretti-2077351.jpg\",\"width\":1140,\"height\":641},{\"@type\":\"BreadcrumbList\",\"@id\":\"https:\/\/gysfm.com.ar\/inicio\/todos-esperaban-a-de-loredo-en-lla-y-por-detras-firmo-juez\/#breadcrumb\",\"itemListElement\":[{\"@type\":\"ListItem\",\"position\":1,\"name\":\"Portada\",\"item\":\"https:\/\/gysfm.com.ar\/inicio\/\"},{\"@type\":\"ListItem\",\"position\":2,\"name\":\"Todos esperaban a De Loredo en LLA y, por detr\u00e1s, firm\u00f3 Juez\"}]},{\"@type\":\"WebSite\",\"@id\":\"https:\/\/gysfm.com.ar\/inicio\/#website\",\"url\":\"https:\/\/gysfm.com.ar\/inicio\/\",\"name\":\"GYS NOTICIAS |\",\"description\":\"DIARIO - RADIO ONLINE SAN JUAN ARGENTINA\",\"publisher\":{\"@id\":\"https:\/\/gysfm.com.ar\/inicio\/#organization\"},\"potentialAction\":[{\"@type\":\"SearchAction\",\"target\":{\"@type\":\"EntryPoint\",\"urlTemplate\":\"https:\/\/gysfm.com.ar\/inicio\/?s={search_term_string}\"},\"query-input\":{\"@type\":\"PropertyValueSpecification\",\"valueRequired\":true,\"valueName\":\"search_term_string\"}}],\"inLanguage\":\"es\"},{\"@type\":\"Organization\",\"@id\":\"https:\/\/gysfm.com.ar\/inicio\/#organization\",\"name\":\"GYS NOTICIAS |\",\"url\":\"https:\/\/gysfm.com.ar\/inicio\/\",\"logo\":{\"@type\":\"ImageObject\",\"inLanguage\":\"es\",\"@id\":\"https:\/\/gysfm.com.ar\/inicio\/#\/schema\/logo\/image\/\",\"url\":\"https:\/\/gysfm.com.ar\/inicio\/wp-content\/uploads\/2023\/07\/LOGOGYS-OK.png\",\"contentUrl\":\"https:\/\/gysfm.com.ar\/inicio\/wp-content\/uploads\/2023\/07\/LOGOGYS-OK.png\",\"width\":1170,\"height\":872,\"caption\":\"GYS NOTICIAS |\"},\"image\":{\"@id\":\"https:\/\/gysfm.com.ar\/inicio\/#\/schema\/logo\/image\/\"}},{\"@type\":\"Person\",\"@id\":\"https:\/\/gysfm.com.ar\/inicio\/#\/schema\/person\/3abba7593ef2ad19e1be221d54383dc5\",\"name\":\"Prensa G&amp;S FM\",\"image\":{\"@type\":\"ImageObject\",\"inLanguage\":\"es\",\"@id\":\"https:\/\/gysfm.com.ar\/inicio\/#\/schema\/person\/image\/\",\"url\":\"https:\/\/secure.gravatar.com\/avatar\/096ec78df02049ab018702bb4ccedf659377fa92a26540b5247612077a0dbd29?s=96&d=mm&r=g\",\"contentUrl\":\"https:\/\/secure.gravatar.com\/avatar\/096ec78df02049ab018702bb4ccedf659377fa92a26540b5247612077a0dbd29?s=96&d=mm&r=g\",\"caption\":\"Prensa G&amp;S FM\"},\"sameAs\":[\"https:\/\/gysfm.com.ar\/\"],\"url\":\"https:\/\/gysfm.com.ar\/inicio\/author\/lucasm\/\"}]}<\/script>\n<!-- \/ Yoast SEO plugin. -->","yoast_head_json":{"title":"Todos esperaban a De Loredo en LLA y, por detr\u00e1s, firm\u00f3 Juez - GYS NOTICIAS |","robots":{"index":"index","follow":"follow","max-snippet":"max-snippet:-1","max-image-preview":"max-image-preview:large","max-video-preview":"max-video-preview:-1"},"canonical":"https:\/\/gysfm.com.ar\/inicio\/todos-esperaban-a-de-loredo-en-lla-y-por-detras-firmo-juez\/","og_locale":"es_ES","og_type":"article","og_title":"Todos esperaban a De Loredo en LLA y, por detr\u00e1s, firm\u00f3 Juez - GYS NOTICIAS |","og_description":"\u201cTen\u00e9s el tercer lugar asegurado en la lista, pens\u00e1 bien c\u00f3mo vas a votar\u201d, se debat\u00eda en su cabeza el diputado nacional radical Rodrigo de Loredo cuando ingresaba a la C\u00e1mara para aprobar el financiamiento universitario. El mensaje fue enviado por uno de los funcionarios que rodean a \u201cEl Jefe\u201d. Era la \u00faltima prueba antes [&hellip;]","og_url":"https:\/\/gysfm.com.ar\/inicio\/todos-esperaban-a-de-loredo-en-lla-y-por-detras-firmo-juez\/","og_site_name":"GYS NOTICIAS |","article_published_time":"2025-08-10T00:53:06+00:00","og_image":[{"url":"https:\/\/fotos.perfil.com\/2024\/10\/09\/900\/0\/900\/0\/diputados-debate-por-el-veto-a-la-ley-de-financiamiento-universitario-1888546.jpg?webp","type":"","width":"","height":""}],"author":"Prensa G&amp;S FM","twitter_card":"summary_large_image","twitter_misc":{"Escrito por":"Prensa G&amp;S FM","Tiempo de lectura":"8 minutos"},"schema":{"@context":"https:\/\/schema.org","@graph":[{"@type":"Article","@id":"https:\/\/gysfm.com.ar\/inicio\/todos-esperaban-a-de-loredo-en-lla-y-por-detras-firmo-juez\/#article","isPartOf":{"@id":"https:\/\/gysfm.com.ar\/inicio\/todos-esperaban-a-de-loredo-en-lla-y-por-detras-firmo-juez\/"},"author":{"name":"Prensa G&amp;S FM","@id":"https:\/\/gysfm.com.ar\/inicio\/#\/schema\/person\/3abba7593ef2ad19e1be221d54383dc5"},"headline":"Todos esperaban a De Loredo en LLA y, por detr\u00e1s, firm\u00f3 Juez","datePublished":"2025-08-10T00:53:06+00:00","mainEntityOfPage":{"@id":"https:\/\/gysfm.com.ar\/inicio\/todos-esperaban-a-de-loredo-en-lla-y-por-detras-firmo-juez\/"},"wordCount":1527,"publisher":{"@id":"https:\/\/gysfm.com.ar\/inicio\/#organization"},"image":{"@id":"https:\/\/gysfm.com.ar\/inicio\/todos-esperaban-a-de-loredo-en-lla-y-por-detras-firmo-juez\/#primaryimage"},"thumbnailUrl":"https:\/\/gysfm.com.ar\/inicio\/wp-content\/uploads\/2025\/08\/rodrigo-de-loredo-luis-juez-juan-schiaretti-2077351.jpg","articleSection":["NACIONALES"],"inLanguage":"es"},{"@type":"WebPage","@id":"https:\/\/gysfm.com.ar\/inicio\/todos-esperaban-a-de-loredo-en-lla-y-por-detras-firmo-juez\/","url":"https:\/\/gysfm.com.ar\/inicio\/todos-esperaban-a-de-loredo-en-lla-y-por-detras-firmo-juez\/","name":"Todos esperaban a De Loredo en LLA y, por detr\u00e1s, firm\u00f3 Juez - GYS NOTICIAS |","isPartOf":{"@id":"https:\/\/gysfm.com.ar\/inicio\/#website"},"primaryImageOfPage":{"@id":"https:\/\/gysfm.com.ar\/inicio\/todos-esperaban-a-de-loredo-en-lla-y-por-detras-firmo-juez\/#primaryimage"},"image":{"@id":"https:\/\/gysfm.com.ar\/inicio\/todos-esperaban-a-de-loredo-en-lla-y-por-detras-firmo-juez\/#primaryimage"},"thumbnailUrl":"https:\/\/gysfm.com.ar\/inicio\/wp-content\/uploads\/2025\/08\/rodrigo-de-loredo-luis-juez-juan-schiaretti-2077351.jpg","datePublished":"2025-08-10T00:53:06+00:00","breadcrumb":{"@id":"https:\/\/gysfm.com.ar\/inicio\/todos-esperaban-a-de-loredo-en-lla-y-por-detras-firmo-juez\/#breadcrumb"},"inLanguage":"es","potentialAction":[{"@type":"ReadAction","target":["https:\/\/gysfm.com.ar\/inicio\/todos-esperaban-a-de-loredo-en-lla-y-por-detras-firmo-juez\/"]}]},{"@type":"ImageObject","inLanguage":"es","@id":"https:\/\/gysfm.com.ar\/inicio\/todos-esperaban-a-de-loredo-en-lla-y-por-detras-firmo-juez\/#primaryimage","url":"https:\/\/gysfm.com.ar\/inicio\/wp-content\/uploads\/2025\/08\/rodrigo-de-loredo-luis-juez-juan-schiaretti-2077351.jpg","contentUrl":"https:\/\/gysfm.com.ar\/inicio\/wp-content\/uploads\/2025\/08\/rodrigo-de-loredo-luis-juez-juan-schiaretti-2077351.jpg","width":1140,"height":641},{"@type":"BreadcrumbList","@id":"https:\/\/gysfm.com.ar\/inicio\/todos-esperaban-a-de-loredo-en-lla-y-por-detras-firmo-juez\/#breadcrumb","itemListElement":[{"@type":"ListItem","position":1,"name":"Portada","item":"https:\/\/gysfm.com.ar\/inicio\/"},{"@type":"ListItem","position":2,"name":"Todos esperaban a De Loredo en LLA y, por detr\u00e1s, firm\u00f3 Juez"}]},{"@type":"WebSite","@id":"https:\/\/gysfm.com.ar\/inicio\/#website","url":"https:\/\/gysfm.com.ar\/inicio\/","name":"GYS NOTICIAS |","description":"DIARIO - RADIO ONLINE SAN JUAN ARGENTINA","publisher":{"@id":"https:\/\/gysfm.com.ar\/inicio\/#organization"},"potentialAction":[{"@type":"SearchAction","target":{"@type":"EntryPoint","urlTemplate":"https:\/\/gysfm.com.ar\/inicio\/?s={search_term_string}"},"query-input":{"@type":"PropertyValueSpecification","valueRequired":true,"valueName":"search_term_string"}}],"inLanguage":"es"},{"@type":"Organization","@id":"https:\/\/gysfm.com.ar\/inicio\/#organization","name":"GYS NOTICIAS |","url":"https:\/\/gysfm.com.ar\/inicio\/","logo":{"@type":"ImageObject","inLanguage":"es","@id":"https:\/\/gysfm.com.ar\/inicio\/#\/schema\/logo\/image\/","url":"https:\/\/gysfm.com.ar\/inicio\/wp-content\/uploads\/2023\/07\/LOGOGYS-OK.png","contentUrl":"https:\/\/gysfm.com.ar\/inicio\/wp-content\/uploads\/2023\/07\/LOGOGYS-OK.png","width":1170,"height":872,"caption":"GYS NOTICIAS |"},"image":{"@id":"https:\/\/gysfm.com.ar\/inicio\/#\/schema\/logo\/image\/"}},{"@type":"Person","@id":"https:\/\/gysfm.com.ar\/inicio\/#\/schema\/person\/3abba7593ef2ad19e1be221d54383dc5","name":"Prensa G&amp;S FM","image":{"@type":"ImageObject","inLanguage":"es","@id":"https:\/\/gysfm.com.ar\/inicio\/#\/schema\/person\/image\/","url":"https:\/\/secure.gravatar.com\/avatar\/096ec78df02049ab018702bb4ccedf659377fa92a26540b5247612077a0dbd29?s=96&d=mm&r=g","contentUrl":"https:\/\/secure.gravatar.com\/avatar\/096ec78df02049ab018702bb4ccedf659377fa92a26540b5247612077a0dbd29?s=96&d=mm&r=g","caption":"Prensa G&amp;S FM"},"sameAs":["https:\/\/gysfm.com.ar\/"],"url":"https:\/\/gysfm.com.ar\/inicio\/author\/lucasm\/"}]}},"_links":{"self":[{"href":"https:\/\/gysfm.com.ar\/inicio\/wp-json\/wp\/v2\/posts\/142823","targetHints":{"allow":["GET"]}}],"collection":[{"href":"https:\/\/gysfm.com.ar\/inicio\/wp-json\/wp\/v2\/posts"}],"about":[{"href":"https:\/\/gysfm.com.ar\/inicio\/wp-json\/wp\/v2\/types\/post"}],"author":[{"embeddable":true,"href":"https:\/\/gysfm.com.ar\/inicio\/wp-json\/wp\/v2\/users\/2"}],"replies":[{"embeddable":true,"href":"https:\/\/gysfm.com.ar\/inicio\/wp-json\/wp\/v2\/comments?post=142823"}],"version-history":[{"count":0,"href":"https:\/\/gysfm.com.ar\/inicio\/wp-json\/wp\/v2\/posts\/142823\/revisions"}],"wp:featuredmedia":[{"embeddable":true,"href":"https:\/\/gysfm.com.ar\/inicio\/wp-json\/wp\/v2\/media\/142824"}],"wp:attachment":[{"href":"https:\/\/gysfm.com.ar\/inicio\/wp-json\/wp\/v2\/media?parent=142823"}],"wp:term":[{"taxonomy":"category","embeddable":true,"href":"https:\/\/gysfm.com.ar\/inicio\/wp-json\/wp\/v2\/categories?post=142823"},{"taxonomy":"post_tag","embeddable":true,"href":"https:\/\/gysfm.com.ar\/inicio\/wp-json\/wp\/v2\/tags?post=142823"}],"curies":[{"name":"wp","href":"https:\/\/api.w.org\/{rel}","templated":true}]}}