{"id":142821,"date":"2025-08-09T21:22:15","date_gmt":"2025-08-10T00:22:15","guid":{"rendered":"https:\/\/gysfm.com.ar\/inicio\/rating-de-milei-entre-todos-los-canales-de-aire-y-las-senales-de-noticias-la-cadena-sumo-26-puntos\/"},"modified":"2025-08-09T21:22:15","modified_gmt":"2025-08-10T00:22:15","slug":"rating-de-milei-entre-todos-los-canales-de-aire-y-las-senales-de-noticias-la-cadena-sumo-26-puntos","status":"publish","type":"post","link":"https:\/\/gysfm.com.ar\/inicio\/rating-de-milei-entre-todos-los-canales-de-aire-y-las-senales-de-noticias-la-cadena-sumo-26-puntos\/","title":{"rendered":"Rating de Milei: entre todos los canales de aire y las se\u00f1ales de noticias, la cadena sum\u00f3 26 puntos"},"content":{"rendered":"<p><\/p>\n<div id=\"article-content\">\n<p><strong>El presidente <a target=\"_blank\" href=\"https:\/\/www.perfil.com\/noticias\/politica\/javier-milei-hablara-por-cadena-nacional-para-refererise-a-los-decretos-que-fueron-rechazados-por-el-congreso.phtml\">Javier Milei<\/a> realiz\u00f3 una <a target=\"_blank\" href=\"https:\/\/Milei: \">cadena nacional<\/a> este viernes 8 de agosto <\/strong>donde explic\u00f3 los motivos por los que decidi\u00f3 vetar las leyes que afectan su equilibro fiscal y ponen en riesgo el d\u00e9ficit cero que consigui\u00f3. En su mensaje, adem\u00e1s, acus\u00f3 al Congreso de intentar provocar un desastre financiero que terminar\u00eda en una escalada inflacionaria. <strong>La medidora Kantar Ibope revel\u00f3 que impacto tuvo, a nivel <a target=\"_blank\" href=\"https:\/\/www.perfil.com\/noticias\/actualidad\/rating-cadena-nacional-javier-milei-discurso-asamblea-legislativa-2025.phtml\">rating<\/a>, el discurso del m\u00e1ximo referente de LLA.<\/strong><\/p>\n<div style=\"text-align:center\">\n<figure class=\"image\" style=\"display:inline-block\"><picture><source media=\"(max-width: 440px)\" srcset=\"https:\/\/fotos.perfil.com\/\/2025\/08\/09\/440\/0\/rating-del-discurso-de-milei-segun-angel-de-brito-2077303.jpg?webp\"\/><source media=\"(max-width: 1019px)\" srcset=\"https:\/\/fotos.perfil.com\/\/2025\/08\/09\/712\/0\/rating-del-discurso-de-milei-segun-angel-de-brito-2077303.jpg?webp\"\/><img decoding=\"async\" style=\"max-width: 100%; width: 100%;\" alt=\"Rating del discurso de Milei seg\u00fan \u00c1ngel de Brito\" src=\"https:\/\/fotos.perfil.com\/\/2025\/08\/09\/900\/0\/rating-del-discurso-de-milei-segun-angel-de-brito-2077303.jpg?webp\" loading=\"lazy\"\/><\/picture><figcaption>El periodista \u00c1ngel de Brito mostr\u00f3 que durante la cadena nacional, las mediciones de los canales de aire estaban en blanco.<\/figcaption><\/figure>\n<\/p><\/div>\n<p>A las 20.58, antes de que arrancara el mensaje presidencial, Telefe Noticias (Telefe) ten\u00eda 7.1 puntos, liderando su franja; seguido por Telenoche (Eltrece), con 4,7; LAM (Am\u00e9rica TV), con 4.4; Bendita TV (El Nueve), con 2.7; y el sorteo del torneo de las Estrellas (TV P\u00fablica), con 0,3.<\/p>\n<div class=\"subscription\">\n<p>\n        Esto no les gusta a los autoritarios\n    <\/p>\n<div class=\"subscription__container\">\n<div class=\"subscription__text-wrapper\">\n<p>\n                El ejercicio del periodismo profesional y cr\u00edtico es un pilar fundamental de la democracia. Por eso molesta a quienes creen ser los due\u00f1os de la verdad.\n            <\/p>\n<\/p><\/div><\/div>\n<\/div>\n<p><strong>La cadena nacional arranc\u00f3 a las 21 horas, haciendo 28.1 puntos<\/strong>, si se suman los cinco canales de aire y las seis se\u00f1ales de noticias.<strong> A las 21.18 hizo su puntaje m\u00e1s bajo, con 26,1<\/strong>, y <strong>termin\u00f3 a las 21.23 con 26,9<\/strong>.<\/p>\n<div style=\"text-align:center\">\n<figure class=\"image\" style=\"display:inline-block\"><picture><source media=\"(max-width: 440px)\" srcset=\"https:\/\/fotos.perfil.com\/\/2025\/08\/09\/440\/0\/el-rating-que-hizo-el-presidente-milei-con-su-cadena-nacional-2077304.jpg?webp\"\/><source media=\"(max-width: 1019px)\" srcset=\"https:\/\/fotos.perfil.com\/\/2025\/08\/09\/712\/0\/el-rating-que-hizo-el-presidente-milei-con-su-cadena-nacional-2077304.jpg?webp\"\/><img decoding=\"async\" style=\"max-width: 100%; width: 100%;\" alt=\"El rating que hizo el presidente Milei con su cadena nacional\" src=\"https:\/\/fotos.perfil.com\/\/2025\/08\/09\/900\/0\/el-rating-que-hizo-el-presidente-milei-con-su-cadena-nacional-2077304.jpg?webp\" loading=\"lazy\"\/><\/picture><figcaption>El rating que hizo el presidente seg\u00fan el periodista Nacho Rodr\u00edguez<\/figcaption><\/figure>\n<\/p><\/div>\n<p>Antes del comienzo del mensaje del Presidente, en las redes sociales, varios usuarios hab\u00edan promovido un \u201c<strong>apag\u00f3n a la cadena nacional de Milei<\/strong>\u201d, invitando a conectarse al canal de streaming del CONICET. El texto dec\u00eda: \u201cApag\u00f3n televisivo a la cadena nacional de Milei. Hoy a las 21 hs (mismo horario de la cadena nacional) nos conectamos al streaming del CONICET desde todos los celulares, computadoras, tablets y televisores\u201d.<\/p>\n<h2>Las frases de Milei en la cadena nacional<\/h2>\n<p>El presidente lanz\u00f3 varias afirmaciones de alto impacto que se viralizaron en las redes sociales:<\/p>\n<ul>\n<li>\u201cNo vine ac\u00e1 a buscar atajos, sino a dar vuelta la p\u00e1gina de nuestra decadente historia\u201d.<\/li>\n<li>\u201cCuando un Estado recurre a la emisi\u00f3n monetaria para financiar sus gastos\u2026 a este robo le damos el nombre de inflaci\u00f3n\u201d.<\/li>\n<li>\u201cSi ustedes quieren volver atr\u00e1s, me van a tener que sacar con los pies para adelante\u201d.<\/li>\n<li>\u201cLa \u00fanica manera de crecer es con orden fiscal y monetario\u201d.<\/li>\n<li>\u00abMi tarea no es parecer bueno, es hacer el bien, incluso si el costo es que digan que soy cruel\u00bb.<\/li>\n<li>\u00abProhibiremos que el Tesoro financie el gasto primario con emisi\u00f3n monetaria\u00bb.<\/li>\n<li>\u00abEnviaremos un proyecto para penalizar presupuestos con d\u00e9ficit fiscal\u00bb.<\/li>\n<li>\u00abCada peso nuevo que quieran gastar tiene que tener un nombre y un apellido\u00bb.<\/li>\n<li>\u00abEn los \u00faltimos 100 a\u00f1os le quitamos 13 ceros a nuestra moneda y le cambiamos el nombre cinco veces\u00bb.<\/li>\n<li>\u00abAumentar los impuestos destruye el potencial de crecimiento econ\u00f3mico\u00bb.<\/li>\n<li>\u00abNo vamos a volver al sendero de la decadencia\u00bb.<\/li>\n<li>\u00abEl Congreso ha redoblado sus esfuerzos de sabotaje y obstrucci\u00f3n\u00bb.<\/li>\n<li> <\/li>\n<\/ul>\n<p><em>HM\/HB<\/em><\/p>\n<\/p><\/div>\n<p><script>\n                !function(f,b,e,v,n,t,s)\n                {if(f.fbq)return;n=f.fbq=function(){n.callMethod?\n                    n.callMethod.apply(n,arguments):n.queue.push(arguments)};\n                    if(!f._fbq)f._fbq=n;n.push=n;n.loaded=!0;n.version='2.0';\n                    n.queue=[];t=b.createElement(e);t.async=!0;\n                    t.src=v;s=b.getElementsByTagName(e)[0];\n                    s.parentNode.insertBefore(t,s)}(window, document,'script',\n                    'https:\/\/connect.facebook.net\/en_US\/fbevents.js');\n                window.paywallConfig.facebook_pixel=\"1000228364089342\"\n            <\/script><\/p>\n","protected":false},"excerpt":{"rendered":"<p>El presidente Javier Milei realiz\u00f3 una cadena nacional este viernes 8 de agosto donde explic\u00f3 los motivos por los que decidi\u00f3 vetar las leyes que afectan su equilibro fiscal y ponen en riesgo el d\u00e9ficit cero que consigui\u00f3. En su mensaje, adem\u00e1s, acus\u00f3 al Congreso de intentar provocar un desastre financiero que terminar\u00eda en una [&hellip;]<\/p>\n","protected":false},"author":2,"featured_media":142822,"comment_status":"closed","ping_status":"closed","sticky":false,"template":"","format":"standard","meta":{"footnotes":""},"categories":[25],"tags":[],"class_list":["post-142821","post","type-post","status-publish","format-standard","has-post-thumbnail","hentry","category-nacionales"],"yoast_head":"<!-- This site is optimized with the Yoast SEO plugin v24.4 - https:\/\/yoast.com\/wordpress\/plugins\/seo\/ -->\n<title>Rating de Milei: entre todos los canales de aire y las se\u00f1ales de noticias, la cadena sum\u00f3 26 puntos - GYS NOTICIAS |<\/title>\n<meta name=\"robots\" content=\"index, follow, max-snippet:-1, max-image-preview:large, max-video-preview:-1\" \/>\n<link rel=\"canonical\" href=\"https:\/\/gysfm.com.ar\/inicio\/rating-de-milei-entre-todos-los-canales-de-aire-y-las-senales-de-noticias-la-cadena-sumo-26-puntos\/\" \/>\n<meta property=\"og:locale\" content=\"es_ES\" \/>\n<meta property=\"og:type\" content=\"article\" \/>\n<meta property=\"og:title\" content=\"Rating de Milei: entre todos los canales de aire y las se\u00f1ales de noticias, la cadena sum\u00f3 26 puntos - GYS NOTICIAS |\" \/>\n<meta property=\"og:description\" content=\"El presidente Javier Milei realiz\u00f3 una cadena nacional este viernes 8 de agosto donde explic\u00f3 los motivos por los que decidi\u00f3 vetar las leyes que afectan su equilibro fiscal y ponen en riesgo el d\u00e9ficit cero que consigui\u00f3. En su mensaje, adem\u00e1s, acus\u00f3 al Congreso de intentar provocar un desastre financiero que terminar\u00eda en una [&hellip;]\" \/>\n<meta property=\"og:url\" content=\"https:\/\/gysfm.com.ar\/inicio\/rating-de-milei-entre-todos-los-canales-de-aire-y-las-senales-de-noticias-la-cadena-sumo-26-puntos\/\" \/>\n<meta property=\"og:site_name\" content=\"GYS NOTICIAS |\" \/>\n<meta property=\"article:published_time\" content=\"2025-08-10T00:22:15+00:00\" \/>\n<meta property=\"og:image\" content=\"https:\/\/fotos.perfil.com\/\/2025\/08\/09\/900\/0\/rating-del-discurso-de-milei-segun-angel-de-brito-2077303.jpg?webp\" \/>\n<meta name=\"author\" content=\"Prensa G&amp;S FM\" \/>\n<meta name=\"twitter:card\" content=\"summary_large_image\" \/>\n<meta name=\"twitter:label1\" content=\"Escrito por\" \/>\n\t<meta name=\"twitter:data1\" content=\"Prensa G&amp;S FM\" \/>\n\t<meta name=\"twitter:label2\" content=\"Tiempo de lectura\" \/>\n\t<meta name=\"twitter:data2\" content=\"2 minutos\" \/>\n<script type=\"application\/ld+json\" class=\"yoast-schema-graph\">{\"@context\":\"https:\/\/schema.org\",\"@graph\":[{\"@type\":\"Article\",\"@id\":\"https:\/\/gysfm.com.ar\/inicio\/rating-de-milei-entre-todos-los-canales-de-aire-y-las-senales-de-noticias-la-cadena-sumo-26-puntos\/#article\",\"isPartOf\":{\"@id\":\"https:\/\/gysfm.com.ar\/inicio\/rating-de-milei-entre-todos-los-canales-de-aire-y-las-senales-de-noticias-la-cadena-sumo-26-puntos\/\"},\"author\":{\"name\":\"Prensa G&amp;S FM\",\"@id\":\"https:\/\/gysfm.com.ar\/inicio\/#\/schema\/person\/3abba7593ef2ad19e1be221d54383dc5\"},\"headline\":\"Rating de Milei: entre todos los canales de aire y las se\u00f1ales de noticias, la cadena sum\u00f3 26 puntos\",\"datePublished\":\"2025-08-10T00:22:15+00:00\",\"mainEntityOfPage\":{\"@id\":\"https:\/\/gysfm.com.ar\/inicio\/rating-de-milei-entre-todos-los-canales-de-aire-y-las-senales-de-noticias-la-cadena-sumo-26-puntos\/\"},\"wordCount\":517,\"publisher\":{\"@id\":\"https:\/\/gysfm.com.ar\/inicio\/#organization\"},\"image\":{\"@id\":\"https:\/\/gysfm.com.ar\/inicio\/rating-de-milei-entre-todos-los-canales-de-aire-y-las-senales-de-noticias-la-cadena-sumo-26-puntos\/#primaryimage\"},\"thumbnailUrl\":\"https:\/\/gysfm.com.ar\/inicio\/wp-content\/uploads\/2025\/08\/mieli-en-cadena-nacional-estuvo-junto-al-ministro-luis-caputo-2077318.jpg\",\"articleSection\":[\"NACIONALES\"],\"inLanguage\":\"es\"},{\"@type\":\"WebPage\",\"@id\":\"https:\/\/gysfm.com.ar\/inicio\/rating-de-milei-entre-todos-los-canales-de-aire-y-las-senales-de-noticias-la-cadena-sumo-26-puntos\/\",\"url\":\"https:\/\/gysfm.com.ar\/inicio\/rating-de-milei-entre-todos-los-canales-de-aire-y-las-senales-de-noticias-la-cadena-sumo-26-puntos\/\",\"name\":\"Rating de Milei: entre todos los canales de aire y las se\u00f1ales de noticias, la cadena sum\u00f3 26 puntos - GYS NOTICIAS |\",\"isPartOf\":{\"@id\":\"https:\/\/gysfm.com.ar\/inicio\/#website\"},\"primaryImageOfPage\":{\"@id\":\"https:\/\/gysfm.com.ar\/inicio\/rating-de-milei-entre-todos-los-canales-de-aire-y-las-senales-de-noticias-la-cadena-sumo-26-puntos\/#primaryimage\"},\"image\":{\"@id\":\"https:\/\/gysfm.com.ar\/inicio\/rating-de-milei-entre-todos-los-canales-de-aire-y-las-senales-de-noticias-la-cadena-sumo-26-puntos\/#primaryimage\"},\"thumbnailUrl\":\"https:\/\/gysfm.com.ar\/inicio\/wp-content\/uploads\/2025\/08\/mieli-en-cadena-nacional-estuvo-junto-al-ministro-luis-caputo-2077318.jpg\",\"datePublished\":\"2025-08-10T00:22:15+00:00\",\"breadcrumb\":{\"@id\":\"https:\/\/gysfm.com.ar\/inicio\/rating-de-milei-entre-todos-los-canales-de-aire-y-las-senales-de-noticias-la-cadena-sumo-26-puntos\/#breadcrumb\"},\"inLanguage\":\"es\",\"potentialAction\":[{\"@type\":\"ReadAction\",\"target\":[\"https:\/\/gysfm.com.ar\/inicio\/rating-de-milei-entre-todos-los-canales-de-aire-y-las-senales-de-noticias-la-cadena-sumo-26-puntos\/\"]}]},{\"@type\":\"ImageObject\",\"inLanguage\":\"es\",\"@id\":\"https:\/\/gysfm.com.ar\/inicio\/rating-de-milei-entre-todos-los-canales-de-aire-y-las-senales-de-noticias-la-cadena-sumo-26-puntos\/#primaryimage\",\"url\":\"https:\/\/gysfm.com.ar\/inicio\/wp-content\/uploads\/2025\/08\/mieli-en-cadena-nacional-estuvo-junto-al-ministro-luis-caputo-2077318.jpg\",\"contentUrl\":\"https:\/\/gysfm.com.ar\/inicio\/wp-content\/uploads\/2025\/08\/mieli-en-cadena-nacional-estuvo-junto-al-ministro-luis-caputo-2077318.jpg\",\"width\":1140,\"height\":641},{\"@type\":\"BreadcrumbList\",\"@id\":\"https:\/\/gysfm.com.ar\/inicio\/rating-de-milei-entre-todos-los-canales-de-aire-y-las-senales-de-noticias-la-cadena-sumo-26-puntos\/#breadcrumb\",\"itemListElement\":[{\"@type\":\"ListItem\",\"position\":1,\"name\":\"Portada\",\"item\":\"https:\/\/gysfm.com.ar\/inicio\/\"},{\"@type\":\"ListItem\",\"position\":2,\"name\":\"Rating de Milei: entre todos los canales de aire y las se\u00f1ales de noticias, la cadena sum\u00f3 26 puntos\"}]},{\"@type\":\"WebSite\",\"@id\":\"https:\/\/gysfm.com.ar\/inicio\/#website\",\"url\":\"https:\/\/gysfm.com.ar\/inicio\/\",\"name\":\"GYS NOTICIAS |\",\"description\":\"DIARIO - RADIO ONLINE SAN JUAN ARGENTINA\",\"publisher\":{\"@id\":\"https:\/\/gysfm.com.ar\/inicio\/#organization\"},\"potentialAction\":[{\"@type\":\"SearchAction\",\"target\":{\"@type\":\"EntryPoint\",\"urlTemplate\":\"https:\/\/gysfm.com.ar\/inicio\/?s={search_term_string}\"},\"query-input\":{\"@type\":\"PropertyValueSpecification\",\"valueRequired\":true,\"valueName\":\"search_term_string\"}}],\"inLanguage\":\"es\"},{\"@type\":\"Organization\",\"@id\":\"https:\/\/gysfm.com.ar\/inicio\/#organization\",\"name\":\"GYS NOTICIAS |\",\"url\":\"https:\/\/gysfm.com.ar\/inicio\/\",\"logo\":{\"@type\":\"ImageObject\",\"inLanguage\":\"es\",\"@id\":\"https:\/\/gysfm.com.ar\/inicio\/#\/schema\/logo\/image\/\",\"url\":\"https:\/\/gysfm.com.ar\/inicio\/wp-content\/uploads\/2023\/07\/LOGOGYS-OK.png\",\"contentUrl\":\"https:\/\/gysfm.com.ar\/inicio\/wp-content\/uploads\/2023\/07\/LOGOGYS-OK.png\",\"width\":1170,\"height\":872,\"caption\":\"GYS NOTICIAS |\"},\"image\":{\"@id\":\"https:\/\/gysfm.com.ar\/inicio\/#\/schema\/logo\/image\/\"}},{\"@type\":\"Person\",\"@id\":\"https:\/\/gysfm.com.ar\/inicio\/#\/schema\/person\/3abba7593ef2ad19e1be221d54383dc5\",\"name\":\"Prensa G&amp;S FM\",\"image\":{\"@type\":\"ImageObject\",\"inLanguage\":\"es\",\"@id\":\"https:\/\/gysfm.com.ar\/inicio\/#\/schema\/person\/image\/\",\"url\":\"https:\/\/secure.gravatar.com\/avatar\/096ec78df02049ab018702bb4ccedf659377fa92a26540b5247612077a0dbd29?s=96&d=mm&r=g\",\"contentUrl\":\"https:\/\/secure.gravatar.com\/avatar\/096ec78df02049ab018702bb4ccedf659377fa92a26540b5247612077a0dbd29?s=96&d=mm&r=g\",\"caption\":\"Prensa G&amp;S FM\"},\"sameAs\":[\"https:\/\/gysfm.com.ar\/\"],\"url\":\"https:\/\/gysfm.com.ar\/inicio\/author\/lucasm\/\"}]}<\/script>\n<!-- \/ Yoast SEO plugin. -->","yoast_head_json":{"title":"Rating de Milei: entre todos los canales de aire y las se\u00f1ales de noticias, la cadena sum\u00f3 26 puntos - GYS NOTICIAS |","robots":{"index":"index","follow":"follow","max-snippet":"max-snippet:-1","max-image-preview":"max-image-preview:large","max-video-preview":"max-video-preview:-1"},"canonical":"https:\/\/gysfm.com.ar\/inicio\/rating-de-milei-entre-todos-los-canales-de-aire-y-las-senales-de-noticias-la-cadena-sumo-26-puntos\/","og_locale":"es_ES","og_type":"article","og_title":"Rating de Milei: entre todos los canales de aire y las se\u00f1ales de noticias, la cadena sum\u00f3 26 puntos - GYS NOTICIAS |","og_description":"El presidente Javier Milei realiz\u00f3 una cadena nacional este viernes 8 de agosto donde explic\u00f3 los motivos por los que decidi\u00f3 vetar las leyes que afectan su equilibro fiscal y ponen en riesgo el d\u00e9ficit cero que consigui\u00f3. En su mensaje, adem\u00e1s, acus\u00f3 al Congreso de intentar provocar un desastre financiero que terminar\u00eda en una [&hellip;]","og_url":"https:\/\/gysfm.com.ar\/inicio\/rating-de-milei-entre-todos-los-canales-de-aire-y-las-senales-de-noticias-la-cadena-sumo-26-puntos\/","og_site_name":"GYS NOTICIAS |","article_published_time":"2025-08-10T00:22:15+00:00","og_image":[{"url":"https:\/\/fotos.perfil.com\/\/2025\/08\/09\/900\/0\/rating-del-discurso-de-milei-segun-angel-de-brito-2077303.jpg?webp","type":"","width":"","height":""}],"author":"Prensa G&amp;S FM","twitter_card":"summary_large_image","twitter_misc":{"Escrito por":"Prensa G&amp;S FM","Tiempo de lectura":"2 minutos"},"schema":{"@context":"https:\/\/schema.org","@graph":[{"@type":"Article","@id":"https:\/\/gysfm.com.ar\/inicio\/rating-de-milei-entre-todos-los-canales-de-aire-y-las-senales-de-noticias-la-cadena-sumo-26-puntos\/#article","isPartOf":{"@id":"https:\/\/gysfm.com.ar\/inicio\/rating-de-milei-entre-todos-los-canales-de-aire-y-las-senales-de-noticias-la-cadena-sumo-26-puntos\/"},"author":{"name":"Prensa G&amp;S FM","@id":"https:\/\/gysfm.com.ar\/inicio\/#\/schema\/person\/3abba7593ef2ad19e1be221d54383dc5"},"headline":"Rating de Milei: entre todos los canales de aire y las se\u00f1ales de noticias, la cadena sum\u00f3 26 puntos","datePublished":"2025-08-10T00:22:15+00:00","mainEntityOfPage":{"@id":"https:\/\/gysfm.com.ar\/inicio\/rating-de-milei-entre-todos-los-canales-de-aire-y-las-senales-de-noticias-la-cadena-sumo-26-puntos\/"},"wordCount":517,"publisher":{"@id":"https:\/\/gysfm.com.ar\/inicio\/#organization"},"image":{"@id":"https:\/\/gysfm.com.ar\/inicio\/rating-de-milei-entre-todos-los-canales-de-aire-y-las-senales-de-noticias-la-cadena-sumo-26-puntos\/#primaryimage"},"thumbnailUrl":"https:\/\/gysfm.com.ar\/inicio\/wp-content\/uploads\/2025\/08\/mieli-en-cadena-nacional-estuvo-junto-al-ministro-luis-caputo-2077318.jpg","articleSection":["NACIONALES"],"inLanguage":"es"},{"@type":"WebPage","@id":"https:\/\/gysfm.com.ar\/inicio\/rating-de-milei-entre-todos-los-canales-de-aire-y-las-senales-de-noticias-la-cadena-sumo-26-puntos\/","url":"https:\/\/gysfm.com.ar\/inicio\/rating-de-milei-entre-todos-los-canales-de-aire-y-las-senales-de-noticias-la-cadena-sumo-26-puntos\/","name":"Rating de Milei: entre todos los canales de aire y las se\u00f1ales de noticias, la cadena sum\u00f3 26 puntos - GYS NOTICIAS |","isPartOf":{"@id":"https:\/\/gysfm.com.ar\/inicio\/#website"},"primaryImageOfPage":{"@id":"https:\/\/gysfm.com.ar\/inicio\/rating-de-milei-entre-todos-los-canales-de-aire-y-las-senales-de-noticias-la-cadena-sumo-26-puntos\/#primaryimage"},"image":{"@id":"https:\/\/gysfm.com.ar\/inicio\/rating-de-milei-entre-todos-los-canales-de-aire-y-las-senales-de-noticias-la-cadena-sumo-26-puntos\/#primaryimage"},"thumbnailUrl":"https:\/\/gysfm.com.ar\/inicio\/wp-content\/uploads\/2025\/08\/mieli-en-cadena-nacional-estuvo-junto-al-ministro-luis-caputo-2077318.jpg","datePublished":"2025-08-10T00:22:15+00:00","breadcrumb":{"@id":"https:\/\/gysfm.com.ar\/inicio\/rating-de-milei-entre-todos-los-canales-de-aire-y-las-senales-de-noticias-la-cadena-sumo-26-puntos\/#breadcrumb"},"inLanguage":"es","potentialAction":[{"@type":"ReadAction","target":["https:\/\/gysfm.com.ar\/inicio\/rating-de-milei-entre-todos-los-canales-de-aire-y-las-senales-de-noticias-la-cadena-sumo-26-puntos\/"]}]},{"@type":"ImageObject","inLanguage":"es","@id":"https:\/\/gysfm.com.ar\/inicio\/rating-de-milei-entre-todos-los-canales-de-aire-y-las-senales-de-noticias-la-cadena-sumo-26-puntos\/#primaryimage","url":"https:\/\/gysfm.com.ar\/inicio\/wp-content\/uploads\/2025\/08\/mieli-en-cadena-nacional-estuvo-junto-al-ministro-luis-caputo-2077318.jpg","contentUrl":"https:\/\/gysfm.com.ar\/inicio\/wp-content\/uploads\/2025\/08\/mieli-en-cadena-nacional-estuvo-junto-al-ministro-luis-caputo-2077318.jpg","width":1140,"height":641},{"@type":"BreadcrumbList","@id":"https:\/\/gysfm.com.ar\/inicio\/rating-de-milei-entre-todos-los-canales-de-aire-y-las-senales-de-noticias-la-cadena-sumo-26-puntos\/#breadcrumb","itemListElement":[{"@type":"ListItem","position":1,"name":"Portada","item":"https:\/\/gysfm.com.ar\/inicio\/"},{"@type":"ListItem","position":2,"name":"Rating de Milei: entre todos los canales de aire y las se\u00f1ales de noticias, la cadena sum\u00f3 26 puntos"}]},{"@type":"WebSite","@id":"https:\/\/gysfm.com.ar\/inicio\/#website","url":"https:\/\/gysfm.com.ar\/inicio\/","name":"GYS NOTICIAS |","description":"DIARIO - RADIO ONLINE SAN JUAN ARGENTINA","publisher":{"@id":"https:\/\/gysfm.com.ar\/inicio\/#organization"},"potentialAction":[{"@type":"SearchAction","target":{"@type":"EntryPoint","urlTemplate":"https:\/\/gysfm.com.ar\/inicio\/?s={search_term_string}"},"query-input":{"@type":"PropertyValueSpecification","valueRequired":true,"valueName":"search_term_string"}}],"inLanguage":"es"},{"@type":"Organization","@id":"https:\/\/gysfm.com.ar\/inicio\/#organization","name":"GYS NOTICIAS |","url":"https:\/\/gysfm.com.ar\/inicio\/","logo":{"@type":"ImageObject","inLanguage":"es","@id":"https:\/\/gysfm.com.ar\/inicio\/#\/schema\/logo\/image\/","url":"https:\/\/gysfm.com.ar\/inicio\/wp-content\/uploads\/2023\/07\/LOGOGYS-OK.png","contentUrl":"https:\/\/gysfm.com.ar\/inicio\/wp-content\/uploads\/2023\/07\/LOGOGYS-OK.png","width":1170,"height":872,"caption":"GYS NOTICIAS |"},"image":{"@id":"https:\/\/gysfm.com.ar\/inicio\/#\/schema\/logo\/image\/"}},{"@type":"Person","@id":"https:\/\/gysfm.com.ar\/inicio\/#\/schema\/person\/3abba7593ef2ad19e1be221d54383dc5","name":"Prensa G&amp;S FM","image":{"@type":"ImageObject","inLanguage":"es","@id":"https:\/\/gysfm.com.ar\/inicio\/#\/schema\/person\/image\/","url":"https:\/\/secure.gravatar.com\/avatar\/096ec78df02049ab018702bb4ccedf659377fa92a26540b5247612077a0dbd29?s=96&d=mm&r=g","contentUrl":"https:\/\/secure.gravatar.com\/avatar\/096ec78df02049ab018702bb4ccedf659377fa92a26540b5247612077a0dbd29?s=96&d=mm&r=g","caption":"Prensa G&amp;S FM"},"sameAs":["https:\/\/gysfm.com.ar\/"],"url":"https:\/\/gysfm.com.ar\/inicio\/author\/lucasm\/"}]}},"_links":{"self":[{"href":"https:\/\/gysfm.com.ar\/inicio\/wp-json\/wp\/v2\/posts\/142821","targetHints":{"allow":["GET"]}}],"collection":[{"href":"https:\/\/gysfm.com.ar\/inicio\/wp-json\/wp\/v2\/posts"}],"about":[{"href":"https:\/\/gysfm.com.ar\/inicio\/wp-json\/wp\/v2\/types\/post"}],"author":[{"embeddable":true,"href":"https:\/\/gysfm.com.ar\/inicio\/wp-json\/wp\/v2\/users\/2"}],"replies":[{"embeddable":true,"href":"https:\/\/gysfm.com.ar\/inicio\/wp-json\/wp\/v2\/comments?post=142821"}],"version-history":[{"count":0,"href":"https:\/\/gysfm.com.ar\/inicio\/wp-json\/wp\/v2\/posts\/142821\/revisions"}],"wp:featuredmedia":[{"embeddable":true,"href":"https:\/\/gysfm.com.ar\/inicio\/wp-json\/wp\/v2\/media\/142822"}],"wp:attachment":[{"href":"https:\/\/gysfm.com.ar\/inicio\/wp-json\/wp\/v2\/media?parent=142821"}],"wp:term":[{"taxonomy":"category","embeddable":true,"href":"https:\/\/gysfm.com.ar\/inicio\/wp-json\/wp\/v2\/categories?post=142821"},{"taxonomy":"post_tag","embeddable":true,"href":"https:\/\/gysfm.com.ar\/inicio\/wp-json\/wp\/v2\/tags?post=142821"}],"curies":[{"name":"wp","href":"https:\/\/api.w.org\/{rel}","templated":true}]}}