{"id":142815,"date":"2025-08-09T21:12:33","date_gmt":"2025-08-10T00:12:33","guid":{"rendered":"https:\/\/gysfm.com.ar\/inicio\/tension-en-londres-al-menos-466-detenidos-durante-una-protesta-propalestina-prohibida\/"},"modified":"2025-08-09T21:12:34","modified_gmt":"2025-08-10T00:12:34","slug":"tension-en-londres-al-menos-466-detenidos-durante-una-protesta-propalestina-prohibida","status":"publish","type":"post","link":"https:\/\/gysfm.com.ar\/inicio\/tension-en-londres-al-menos-466-detenidos-durante-una-protesta-propalestina-prohibida\/","title":{"rendered":"Tensi\u00f3n en Londres: al menos 466 detenidos durante una protesta propalestina prohibida"},"content":{"rendered":"<p> <br \/>\n<\/p>\n<div>\n<p class=\"com-paragraph  --capital --s\">LONDRES.- Un total de al menos 466 partidarios de<strong> Palestine Action <\/strong>fueron detenidos el s\u00e1bado durante una manifestaci\u00f3n<strong> en Londres de apoyo a esta organizaci\u00f3n propalestina<\/strong>, que se encuentra prohibida luego de ser clasificada como <strong>\u201cterrorista\u201d<\/strong>, indic\u00f3 la polic\u00eda londinense.<\/p>\n<p><iframe loading=\"lazy\" title=\"Hundreds arrested at protest in support of Palestine Action in London\" width=\"1170\" height=\"658\" src=\"https:\/\/www.youtube.com\/embed\/H0-VlR4OHgI?wmode=transparent&amp;rel=0&amp;feature=oembed\" frameborder=\"0\" allow=\"accelerometer; autoplay; clipboard-write; encrypted-media; gyroscope; picture-in-picture; web-share\" referrerpolicy=\"strict-origin-when-cross-origin\" allowfullscreen><\/iframe><\/p>\n<p class=\"com-paragraph   --s\">A principios de julio, el Parlamento aprob\u00f3 una ley que proscribi\u00f3 al grupo y convirti\u00f3 en delito apoyarlo p\u00fablicamente. Esto ocurri\u00f3 despu\u00e9s de que varios activistas irrumpieran en una base de la Real Fuerza A\u00e9rea y vandalizaran dos aviones cisterna en protesta contra el apoyo de Reino Unido a la ofensiva de Israel contra Hamas en la Franja de Gaza.<\/p>\n<p class=\"com-paragraph   --s\">Simpatizantes del grupo, que en el \u00faltimo mes han llevado a cabo una serie de protestas en todo Reino Unido, argumentan que <strong>la ley restringe ilegalmente la libertad de expresi\u00f3n, desafiando a la polic\u00eda a arrestarlos<\/strong>.<\/p>\n<p class=\"com-paragraph   --s\">La ONU consider\u00f3<strong> \u201cdesproporcionada\u201d<\/strong> esta prohibici\u00f3n.<\/p>\n<div class=\"content-media\">\n<section role=\"button\" class=\"mod-media   \">\n<figure role=\"button\" class=\"mod-figure \"><figcaption class=\"mod-figcaption\"><span class=\"com-text --caption --twoxs\">Manifestantes con pancartas de apoyo a Acci\u00f3n Palestina en la manifestaci\u00f3n \u00abLevanten la Prohibici\u00f3n\u00bb en apoyo al grupo proscrito Acci\u00f3n Palestina, exigiendo el levantamiento de la prohibici\u00f3n recientemente impuesta.(Photo by HENRY NICHOLLS \/ AFP)<\/span><span class=\"com-text --credit --twoxs\">HENRY NICHOLLS  &#8211; AFP <\/span><\/figcaption><\/figure>\n<\/section>\n<\/div>\n<p class=\"com-paragraph   --s\">Este s\u00e1bado, la polic\u00eda metropolitana tambi\u00e9n arrest\u00f3 a siete personas por otras infracciones, entre ellas agresiones contra agentes, aunque ninguno result\u00f3 gravemente herido.<\/p>\n<p class=\"com-paragraph   --s\">La polic\u00eda precis\u00f3 haber detenido o estar \u201cen proceso de hacerlo\u201d a todas las personas que portaban la pancarta <strong>\u201cMe opongo al genocidio, apoyo a Palestine Action\u201d.<\/strong><\/p>\n<p class=\"com-paragraph   --s\">En el lugar, manifestantes exhibieron otras pancartas como \u201cActuar contra el genocidio no es un delito\u201d o \u201cFree Palestine\u201d.<\/p>\n<div class=\"content-media\">\n<section role=\"button\" class=\"mod-media   \">\n<figure role=\"button\" class=\"mod-figure \"><figcaption class=\"mod-figcaption\"><span class=\"com-text --caption --twoxs\">Detenci\u00f3n de un manifestante en Londres. (Photo by HENRY NICHOLLS \/ AFP)<\/span><span class=\"com-text --credit --twoxs\">HENRY NICHOLLS  &#8211; AFP <\/span><\/figcaption><\/figure>\n<\/section>\n<\/div>\n<p class=\"com-paragraph   --s\">El gobierno brit\u00e1nico afirma que quienes apoyan al grupo \u201cdesconocen la verdadera naturaleza\u201d de Palestine Action.<\/p>\n<p class=\"com-paragraph   --s\"><strong>\u201cNo se trata de una organizaci\u00f3n no violenta\u201d<\/strong>, asegur\u00f3 la ministra del Interior Yvette Cooper, declarando disponer de \u201cinformaciones preocupantes\u201d sobre sus proyectos.<\/p>\n<p class=\"com-paragraph   --s\">Pertenecer a un grupo prohibido o incitar a apoyarlo puede conllevar hasta 14 a\u00f1os de c\u00e1rcel.<\/p>\n<p class=\"com-paragraph   --s\">El grupo se presenta como una \u201cred de acci\u00f3n directa\u201d destinada a denunciar \u201cla complicidad brit\u00e1nica\u201d con el Estado de Israel, especialmente en la venta de armas.<\/p>\n<p class=\"com-paragraph   --s\">Los partidarios del grupo impugnaron la prohibici\u00f3n en los tribunales, diciendo que el gobierno fue demasiado lejos al declarar a Palestine Action como una \u201corganizaci\u00f3n terrorista\u201d.<\/p>\n<p class=\"com-paragraph   --s\"><strong>\u201cUna vez que se separa el significado de \u2018terrorismo\u2019 de las campa\u00f1as de violencia contra una poblaci\u00f3n civil y se extiende para incluir a aquellos que causan da\u00f1o econ\u00f3mico o verg\u00fcenza a los ricos, a los poderosos y a los criminales, entonces el derecho a la libertad de expresi\u00f3n no tiene sentido y la democracia est\u00e1 muerta\u201d<\/strong>, afirma en su sitio web Defend Our Juries, el grupo que organiz\u00f3 la protesta de este s\u00e1bado.<\/p>\n<p class=\"com-paragraph   --s\"><strong>Agencias AFP y AP<\/strong><\/p>\n<section class=\"container-center-100 mb-40 border border-bottom border-thin border-neutral-light-700\">\n<hr\/>\n<\/section>\n<\/div>\n\n","protected":false},"excerpt":{"rendered":"<p>LONDRES.- Un total de al menos 466 partidarios de Palestine Action fueron detenidos el s\u00e1bado durante una manifestaci\u00f3n en Londres de apoyo a esta organizaci\u00f3n propalestina, que se encuentra prohibida luego de ser clasificada como \u201cterrorista\u201d, indic\u00f3 la polic\u00eda londinense. A principios de julio, el Parlamento aprob\u00f3 una ley que proscribi\u00f3 al grupo y convirti\u00f3 [&hellip;]<\/p>\n","protected":false},"author":2,"featured_media":142816,"comment_status":"closed","ping_status":"closed","sticky":false,"template":"","format":"standard","meta":{"footnotes":""},"categories":[26],"tags":[],"class_list":["post-142815","post","type-post","status-publish","format-standard","has-post-thumbnail","hentry","category-internacionales"],"yoast_head":"<!-- This site is optimized with the Yoast SEO plugin v24.4 - https:\/\/yoast.com\/wordpress\/plugins\/seo\/ -->\n<title>Tensi\u00f3n en Londres: al menos 466 detenidos durante una protesta propalestina prohibida - GYS NOTICIAS |<\/title>\n<meta name=\"robots\" content=\"index, follow, max-snippet:-1, max-image-preview:large, max-video-preview:-1\" \/>\n<link rel=\"canonical\" href=\"https:\/\/gysfm.com.ar\/inicio\/tension-en-londres-al-menos-466-detenidos-durante-una-protesta-propalestina-prohibida\/\" \/>\n<meta property=\"og:locale\" content=\"es_ES\" \/>\n<meta property=\"og:type\" content=\"article\" \/>\n<meta property=\"og:title\" content=\"Tensi\u00f3n en Londres: al menos 466 detenidos durante una protesta propalestina prohibida - GYS NOTICIAS |\" \/>\n<meta property=\"og:description\" content=\"LONDRES.- Un total de al menos 466 partidarios de Palestine Action fueron detenidos el s\u00e1bado durante una manifestaci\u00f3n en Londres de apoyo a esta organizaci\u00f3n propalestina, que se encuentra prohibida luego de ser clasificada como \u201cterrorista\u201d, indic\u00f3 la polic\u00eda londinense. A principios de julio, el Parlamento aprob\u00f3 una ley que proscribi\u00f3 al grupo y convirti\u00f3 [&hellip;]\" \/>\n<meta property=\"og:url\" content=\"https:\/\/gysfm.com.ar\/inicio\/tension-en-londres-al-menos-466-detenidos-durante-una-protesta-propalestina-prohibida\/\" \/>\n<meta property=\"og:site_name\" content=\"GYS NOTICIAS |\" \/>\n<meta property=\"article:published_time\" content=\"2025-08-10T00:12:33+00:00\" \/>\n<meta property=\"article:modified_time\" content=\"2025-08-10T00:12:34+00:00\" \/>\n<meta property=\"og:image\" content=\"https:\/\/gysfm.com.ar\/inicio\/wp-content\/uploads\/2025\/08\/la-policia-arresto-a-un-manifestante-de-89-anos-XE7F5LINOZHOFCYEN33HNWXC6A.JPG\" \/>\n\t<meta property=\"og:image:width\" content=\"1200\" \/>\n\t<meta property=\"og:image:height\" content=\"800\" \/>\n\t<meta property=\"og:image:type\" content=\"image\/jpeg\" \/>\n<meta name=\"author\" content=\"Prensa G&amp;S FM\" \/>\n<meta name=\"twitter:card\" content=\"summary_large_image\" \/>\n<meta name=\"twitter:label1\" content=\"Escrito por\" \/>\n\t<meta name=\"twitter:data1\" content=\"Prensa G&amp;S FM\" \/>\n\t<meta name=\"twitter:label2\" content=\"Tiempo de lectura\" \/>\n\t<meta name=\"twitter:data2\" content=\"2 minutos\" \/>\n<script type=\"application\/ld+json\" class=\"yoast-schema-graph\">{\"@context\":\"https:\/\/schema.org\",\"@graph\":[{\"@type\":\"Article\",\"@id\":\"https:\/\/gysfm.com.ar\/inicio\/tension-en-londres-al-menos-466-detenidos-durante-una-protesta-propalestina-prohibida\/#article\",\"isPartOf\":{\"@id\":\"https:\/\/gysfm.com.ar\/inicio\/tension-en-londres-al-menos-466-detenidos-durante-una-protesta-propalestina-prohibida\/\"},\"author\":{\"name\":\"Prensa G&amp;S FM\",\"@id\":\"https:\/\/gysfm.com.ar\/inicio\/#\/schema\/person\/3abba7593ef2ad19e1be221d54383dc5\"},\"headline\":\"Tensi\u00f3n en Londres: al menos 466 detenidos durante una protesta propalestina prohibida\",\"datePublished\":\"2025-08-10T00:12:33+00:00\",\"dateModified\":\"2025-08-10T00:12:34+00:00\",\"mainEntityOfPage\":{\"@id\":\"https:\/\/gysfm.com.ar\/inicio\/tension-en-londres-al-menos-466-detenidos-durante-una-protesta-propalestina-prohibida\/\"},\"wordCount\":509,\"publisher\":{\"@id\":\"https:\/\/gysfm.com.ar\/inicio\/#organization\"},\"image\":{\"@id\":\"https:\/\/gysfm.com.ar\/inicio\/tension-en-londres-al-menos-466-detenidos-durante-una-protesta-propalestina-prohibida\/#primaryimage\"},\"thumbnailUrl\":\"https:\/\/gysfm.com.ar\/inicio\/wp-content\/uploads\/2025\/08\/la-policia-arresto-a-un-manifestante-de-89-anos-XE7F5LINOZHOFCYEN33HNWXC6A.JPG\",\"articleSection\":[\"INTERNACIONALES\"],\"inLanguage\":\"es\"},{\"@type\":\"WebPage\",\"@id\":\"https:\/\/gysfm.com.ar\/inicio\/tension-en-londres-al-menos-466-detenidos-durante-una-protesta-propalestina-prohibida\/\",\"url\":\"https:\/\/gysfm.com.ar\/inicio\/tension-en-londres-al-menos-466-detenidos-durante-una-protesta-propalestina-prohibida\/\",\"name\":\"Tensi\u00f3n en Londres: al menos 466 detenidos durante una protesta propalestina prohibida - GYS NOTICIAS |\",\"isPartOf\":{\"@id\":\"https:\/\/gysfm.com.ar\/inicio\/#website\"},\"primaryImageOfPage\":{\"@id\":\"https:\/\/gysfm.com.ar\/inicio\/tension-en-londres-al-menos-466-detenidos-durante-una-protesta-propalestina-prohibida\/#primaryimage\"},\"image\":{\"@id\":\"https:\/\/gysfm.com.ar\/inicio\/tension-en-londres-al-menos-466-detenidos-durante-una-protesta-propalestina-prohibida\/#primaryimage\"},\"thumbnailUrl\":\"https:\/\/gysfm.com.ar\/inicio\/wp-content\/uploads\/2025\/08\/la-policia-arresto-a-un-manifestante-de-89-anos-XE7F5LINOZHOFCYEN33HNWXC6A.JPG\",\"datePublished\":\"2025-08-10T00:12:33+00:00\",\"dateModified\":\"2025-08-10T00:12:34+00:00\",\"breadcrumb\":{\"@id\":\"https:\/\/gysfm.com.ar\/inicio\/tension-en-londres-al-menos-466-detenidos-durante-una-protesta-propalestina-prohibida\/#breadcrumb\"},\"inLanguage\":\"es\",\"potentialAction\":[{\"@type\":\"ReadAction\",\"target\":[\"https:\/\/gysfm.com.ar\/inicio\/tension-en-londres-al-menos-466-detenidos-durante-una-protesta-propalestina-prohibida\/\"]}]},{\"@type\":\"ImageObject\",\"inLanguage\":\"es\",\"@id\":\"https:\/\/gysfm.com.ar\/inicio\/tension-en-londres-al-menos-466-detenidos-durante-una-protesta-propalestina-prohibida\/#primaryimage\",\"url\":\"https:\/\/gysfm.com.ar\/inicio\/wp-content\/uploads\/2025\/08\/la-policia-arresto-a-un-manifestante-de-89-anos-XE7F5LINOZHOFCYEN33HNWXC6A.JPG\",\"contentUrl\":\"https:\/\/gysfm.com.ar\/inicio\/wp-content\/uploads\/2025\/08\/la-policia-arresto-a-un-manifestante-de-89-anos-XE7F5LINOZHOFCYEN33HNWXC6A.JPG\",\"width\":1200,\"height\":800},{\"@type\":\"BreadcrumbList\",\"@id\":\"https:\/\/gysfm.com.ar\/inicio\/tension-en-londres-al-menos-466-detenidos-durante-una-protesta-propalestina-prohibida\/#breadcrumb\",\"itemListElement\":[{\"@type\":\"ListItem\",\"position\":1,\"name\":\"Portada\",\"item\":\"https:\/\/gysfm.com.ar\/inicio\/\"},{\"@type\":\"ListItem\",\"position\":2,\"name\":\"Tensi\u00f3n en Londres: al menos 466 detenidos durante una protesta propalestina prohibida\"}]},{\"@type\":\"WebSite\",\"@id\":\"https:\/\/gysfm.com.ar\/inicio\/#website\",\"url\":\"https:\/\/gysfm.com.ar\/inicio\/\",\"name\":\"GYS NOTICIAS |\",\"description\":\"DIARIO - RADIO ONLINE SAN JUAN ARGENTINA\",\"publisher\":{\"@id\":\"https:\/\/gysfm.com.ar\/inicio\/#organization\"},\"potentialAction\":[{\"@type\":\"SearchAction\",\"target\":{\"@type\":\"EntryPoint\",\"urlTemplate\":\"https:\/\/gysfm.com.ar\/inicio\/?s={search_term_string}\"},\"query-input\":{\"@type\":\"PropertyValueSpecification\",\"valueRequired\":true,\"valueName\":\"search_term_string\"}}],\"inLanguage\":\"es\"},{\"@type\":\"Organization\",\"@id\":\"https:\/\/gysfm.com.ar\/inicio\/#organization\",\"name\":\"GYS NOTICIAS |\",\"url\":\"https:\/\/gysfm.com.ar\/inicio\/\",\"logo\":{\"@type\":\"ImageObject\",\"inLanguage\":\"es\",\"@id\":\"https:\/\/gysfm.com.ar\/inicio\/#\/schema\/logo\/image\/\",\"url\":\"https:\/\/gysfm.com.ar\/inicio\/wp-content\/uploads\/2023\/07\/LOGOGYS-OK.png\",\"contentUrl\":\"https:\/\/gysfm.com.ar\/inicio\/wp-content\/uploads\/2023\/07\/LOGOGYS-OK.png\",\"width\":1170,\"height\":872,\"caption\":\"GYS NOTICIAS |\"},\"image\":{\"@id\":\"https:\/\/gysfm.com.ar\/inicio\/#\/schema\/logo\/image\/\"}},{\"@type\":\"Person\",\"@id\":\"https:\/\/gysfm.com.ar\/inicio\/#\/schema\/person\/3abba7593ef2ad19e1be221d54383dc5\",\"name\":\"Prensa G&amp;S FM\",\"image\":{\"@type\":\"ImageObject\",\"inLanguage\":\"es\",\"@id\":\"https:\/\/gysfm.com.ar\/inicio\/#\/schema\/person\/image\/\",\"url\":\"https:\/\/secure.gravatar.com\/avatar\/096ec78df02049ab018702bb4ccedf659377fa92a26540b5247612077a0dbd29?s=96&d=mm&r=g\",\"contentUrl\":\"https:\/\/secure.gravatar.com\/avatar\/096ec78df02049ab018702bb4ccedf659377fa92a26540b5247612077a0dbd29?s=96&d=mm&r=g\",\"caption\":\"Prensa G&amp;S FM\"},\"sameAs\":[\"https:\/\/gysfm.com.ar\/\"],\"url\":\"https:\/\/gysfm.com.ar\/inicio\/author\/lucasm\/\"}]}<\/script>\n<!-- \/ Yoast SEO plugin. -->","yoast_head_json":{"title":"Tensi\u00f3n en Londres: al menos 466 detenidos durante una protesta propalestina prohibida - GYS NOTICIAS |","robots":{"index":"index","follow":"follow","max-snippet":"max-snippet:-1","max-image-preview":"max-image-preview:large","max-video-preview":"max-video-preview:-1"},"canonical":"https:\/\/gysfm.com.ar\/inicio\/tension-en-londres-al-menos-466-detenidos-durante-una-protesta-propalestina-prohibida\/","og_locale":"es_ES","og_type":"article","og_title":"Tensi\u00f3n en Londres: al menos 466 detenidos durante una protesta propalestina prohibida - GYS NOTICIAS |","og_description":"LONDRES.- Un total de al menos 466 partidarios de Palestine Action fueron detenidos el s\u00e1bado durante una manifestaci\u00f3n en Londres de apoyo a esta organizaci\u00f3n propalestina, que se encuentra prohibida luego de ser clasificada como \u201cterrorista\u201d, indic\u00f3 la polic\u00eda londinense. A principios de julio, el Parlamento aprob\u00f3 una ley que proscribi\u00f3 al grupo y convirti\u00f3 [&hellip;]","og_url":"https:\/\/gysfm.com.ar\/inicio\/tension-en-londres-al-menos-466-detenidos-durante-una-protesta-propalestina-prohibida\/","og_site_name":"GYS NOTICIAS |","article_published_time":"2025-08-10T00:12:33+00:00","article_modified_time":"2025-08-10T00:12:34+00:00","og_image":[{"width":1200,"height":800,"url":"https:\/\/gysfm.com.ar\/inicio\/wp-content\/uploads\/2025\/08\/la-policia-arresto-a-un-manifestante-de-89-anos-XE7F5LINOZHOFCYEN33HNWXC6A.JPG","type":"image\/jpeg"}],"author":"Prensa G&amp;S FM","twitter_card":"summary_large_image","twitter_misc":{"Escrito por":"Prensa G&amp;S FM","Tiempo de lectura":"2 minutos"},"schema":{"@context":"https:\/\/schema.org","@graph":[{"@type":"Article","@id":"https:\/\/gysfm.com.ar\/inicio\/tension-en-londres-al-menos-466-detenidos-durante-una-protesta-propalestina-prohibida\/#article","isPartOf":{"@id":"https:\/\/gysfm.com.ar\/inicio\/tension-en-londres-al-menos-466-detenidos-durante-una-protesta-propalestina-prohibida\/"},"author":{"name":"Prensa G&amp;S FM","@id":"https:\/\/gysfm.com.ar\/inicio\/#\/schema\/person\/3abba7593ef2ad19e1be221d54383dc5"},"headline":"Tensi\u00f3n en Londres: al menos 466 detenidos durante una protesta propalestina prohibida","datePublished":"2025-08-10T00:12:33+00:00","dateModified":"2025-08-10T00:12:34+00:00","mainEntityOfPage":{"@id":"https:\/\/gysfm.com.ar\/inicio\/tension-en-londres-al-menos-466-detenidos-durante-una-protesta-propalestina-prohibida\/"},"wordCount":509,"publisher":{"@id":"https:\/\/gysfm.com.ar\/inicio\/#organization"},"image":{"@id":"https:\/\/gysfm.com.ar\/inicio\/tension-en-londres-al-menos-466-detenidos-durante-una-protesta-propalestina-prohibida\/#primaryimage"},"thumbnailUrl":"https:\/\/gysfm.com.ar\/inicio\/wp-content\/uploads\/2025\/08\/la-policia-arresto-a-un-manifestante-de-89-anos-XE7F5LINOZHOFCYEN33HNWXC6A.JPG","articleSection":["INTERNACIONALES"],"inLanguage":"es"},{"@type":"WebPage","@id":"https:\/\/gysfm.com.ar\/inicio\/tension-en-londres-al-menos-466-detenidos-durante-una-protesta-propalestina-prohibida\/","url":"https:\/\/gysfm.com.ar\/inicio\/tension-en-londres-al-menos-466-detenidos-durante-una-protesta-propalestina-prohibida\/","name":"Tensi\u00f3n en Londres: al menos 466 detenidos durante una protesta propalestina prohibida - GYS NOTICIAS |","isPartOf":{"@id":"https:\/\/gysfm.com.ar\/inicio\/#website"},"primaryImageOfPage":{"@id":"https:\/\/gysfm.com.ar\/inicio\/tension-en-londres-al-menos-466-detenidos-durante-una-protesta-propalestina-prohibida\/#primaryimage"},"image":{"@id":"https:\/\/gysfm.com.ar\/inicio\/tension-en-londres-al-menos-466-detenidos-durante-una-protesta-propalestina-prohibida\/#primaryimage"},"thumbnailUrl":"https:\/\/gysfm.com.ar\/inicio\/wp-content\/uploads\/2025\/08\/la-policia-arresto-a-un-manifestante-de-89-anos-XE7F5LINOZHOFCYEN33HNWXC6A.JPG","datePublished":"2025-08-10T00:12:33+00:00","dateModified":"2025-08-10T00:12:34+00:00","breadcrumb":{"@id":"https:\/\/gysfm.com.ar\/inicio\/tension-en-londres-al-menos-466-detenidos-durante-una-protesta-propalestina-prohibida\/#breadcrumb"},"inLanguage":"es","potentialAction":[{"@type":"ReadAction","target":["https:\/\/gysfm.com.ar\/inicio\/tension-en-londres-al-menos-466-detenidos-durante-una-protesta-propalestina-prohibida\/"]}]},{"@type":"ImageObject","inLanguage":"es","@id":"https:\/\/gysfm.com.ar\/inicio\/tension-en-londres-al-menos-466-detenidos-durante-una-protesta-propalestina-prohibida\/#primaryimage","url":"https:\/\/gysfm.com.ar\/inicio\/wp-content\/uploads\/2025\/08\/la-policia-arresto-a-un-manifestante-de-89-anos-XE7F5LINOZHOFCYEN33HNWXC6A.JPG","contentUrl":"https:\/\/gysfm.com.ar\/inicio\/wp-content\/uploads\/2025\/08\/la-policia-arresto-a-un-manifestante-de-89-anos-XE7F5LINOZHOFCYEN33HNWXC6A.JPG","width":1200,"height":800},{"@type":"BreadcrumbList","@id":"https:\/\/gysfm.com.ar\/inicio\/tension-en-londres-al-menos-466-detenidos-durante-una-protesta-propalestina-prohibida\/#breadcrumb","itemListElement":[{"@type":"ListItem","position":1,"name":"Portada","item":"https:\/\/gysfm.com.ar\/inicio\/"},{"@type":"ListItem","position":2,"name":"Tensi\u00f3n en Londres: al menos 466 detenidos durante una protesta propalestina prohibida"}]},{"@type":"WebSite","@id":"https:\/\/gysfm.com.ar\/inicio\/#website","url":"https:\/\/gysfm.com.ar\/inicio\/","name":"GYS NOTICIAS |","description":"DIARIO - RADIO ONLINE SAN JUAN ARGENTINA","publisher":{"@id":"https:\/\/gysfm.com.ar\/inicio\/#organization"},"potentialAction":[{"@type":"SearchAction","target":{"@type":"EntryPoint","urlTemplate":"https:\/\/gysfm.com.ar\/inicio\/?s={search_term_string}"},"query-input":{"@type":"PropertyValueSpecification","valueRequired":true,"valueName":"search_term_string"}}],"inLanguage":"es"},{"@type":"Organization","@id":"https:\/\/gysfm.com.ar\/inicio\/#organization","name":"GYS NOTICIAS |","url":"https:\/\/gysfm.com.ar\/inicio\/","logo":{"@type":"ImageObject","inLanguage":"es","@id":"https:\/\/gysfm.com.ar\/inicio\/#\/schema\/logo\/image\/","url":"https:\/\/gysfm.com.ar\/inicio\/wp-content\/uploads\/2023\/07\/LOGOGYS-OK.png","contentUrl":"https:\/\/gysfm.com.ar\/inicio\/wp-content\/uploads\/2023\/07\/LOGOGYS-OK.png","width":1170,"height":872,"caption":"GYS NOTICIAS |"},"image":{"@id":"https:\/\/gysfm.com.ar\/inicio\/#\/schema\/logo\/image\/"}},{"@type":"Person","@id":"https:\/\/gysfm.com.ar\/inicio\/#\/schema\/person\/3abba7593ef2ad19e1be221d54383dc5","name":"Prensa G&amp;S FM","image":{"@type":"ImageObject","inLanguage":"es","@id":"https:\/\/gysfm.com.ar\/inicio\/#\/schema\/person\/image\/","url":"https:\/\/secure.gravatar.com\/avatar\/096ec78df02049ab018702bb4ccedf659377fa92a26540b5247612077a0dbd29?s=96&d=mm&r=g","contentUrl":"https:\/\/secure.gravatar.com\/avatar\/096ec78df02049ab018702bb4ccedf659377fa92a26540b5247612077a0dbd29?s=96&d=mm&r=g","caption":"Prensa G&amp;S FM"},"sameAs":["https:\/\/gysfm.com.ar\/"],"url":"https:\/\/gysfm.com.ar\/inicio\/author\/lucasm\/"}]}},"_links":{"self":[{"href":"https:\/\/gysfm.com.ar\/inicio\/wp-json\/wp\/v2\/posts\/142815","targetHints":{"allow":["GET"]}}],"collection":[{"href":"https:\/\/gysfm.com.ar\/inicio\/wp-json\/wp\/v2\/posts"}],"about":[{"href":"https:\/\/gysfm.com.ar\/inicio\/wp-json\/wp\/v2\/types\/post"}],"author":[{"embeddable":true,"href":"https:\/\/gysfm.com.ar\/inicio\/wp-json\/wp\/v2\/users\/2"}],"replies":[{"embeddable":true,"href":"https:\/\/gysfm.com.ar\/inicio\/wp-json\/wp\/v2\/comments?post=142815"}],"version-history":[{"count":1,"href":"https:\/\/gysfm.com.ar\/inicio\/wp-json\/wp\/v2\/posts\/142815\/revisions"}],"predecessor-version":[{"id":142817,"href":"https:\/\/gysfm.com.ar\/inicio\/wp-json\/wp\/v2\/posts\/142815\/revisions\/142817"}],"wp:featuredmedia":[{"embeddable":true,"href":"https:\/\/gysfm.com.ar\/inicio\/wp-json\/wp\/v2\/media\/142816"}],"wp:attachment":[{"href":"https:\/\/gysfm.com.ar\/inicio\/wp-json\/wp\/v2\/media?parent=142815"}],"wp:term":[{"taxonomy":"category","embeddable":true,"href":"https:\/\/gysfm.com.ar\/inicio\/wp-json\/wp\/v2\/categories?post=142815"},{"taxonomy":"post_tag","embeddable":true,"href":"https:\/\/gysfm.com.ar\/inicio\/wp-json\/wp\/v2\/tags?post=142815"}],"curies":[{"name":"wp","href":"https:\/\/api.w.org\/{rel}","templated":true}]}}