{"id":142805,"date":"2025-08-09T20:11:26","date_gmt":"2025-08-09T23:11:26","guid":{"rendered":"https:\/\/gysfm.com.ar\/inicio\/los-rumores-sobre-la-salud-de-un-aliado-clave-de-putin-encienden-alarmas-en-el-kremlin\/"},"modified":"2025-08-09T20:11:28","modified_gmt":"2025-08-09T23:11:28","slug":"los-rumores-sobre-la-salud-de-un-aliado-clave-de-putin-encienden-alarmas-en-el-kremlin","status":"publish","type":"post","link":"https:\/\/gysfm.com.ar\/inicio\/los-rumores-sobre-la-salud-de-un-aliado-clave-de-putin-encienden-alarmas-en-el-kremlin\/","title":{"rendered":"Los rumores sobre la salud de un aliado clave de Putin encienden alarmas en el Kremlin"},"content":{"rendered":"<p> <br \/>\n<\/p>\n<div>\n<p class=\"com-paragraph   --s\"><strong>Ramzan Kadyrov<\/strong> ha gobernado <strong>Chechenia<\/strong> con mano de hierro durante casi dos d\u00e9cadas, lo que aport\u00f3 <strong>estabilidad a una regi\u00f3n hist\u00f3ricamente conflictiva<\/strong> para el Kremlin y lo convirti\u00f3 en una <strong>pieza clave de la estructura de poder del presidente ruso Vladimir Putin<\/strong>. Su repentina desaparici\u00f3n del ojo p\u00fablico despierta interrogantes sobre su sucesi\u00f3n, en medio de sospechas acerca de su estado de salud.<\/p>\n<p class=\"com-paragraph   --s\">En caso de que el hombre fuerte de Putin no pueda seguir gobernando, <strong>la regi\u00f3n del sur de Rusia se enfrenta a una peligrosa transici\u00f3n<\/strong>, con la posibilidad de una nueva insurgencia armada, como la que conoci\u00f3 en sus dos guerras independentistas o en los atentados de este siglo que <strong>le valieron al mandatario del Kremlin su fama de sangre fr\u00eda<\/strong>.<\/p>\n<div class=\"content-media\">\n<section role=\"button\" class=\"mod-media   \">\n<figure role=\"button\" class=\"mod-figure \"><figcaption class=\"mod-figcaption\"><span class=\"com-text --caption --twoxs\">El presidente de Rusia, Vladimir Putin, y el presidente emirat\u00ed jeque Mohammed bin Zayed Al Nahyan, saludan a Ramzan Kadyrov en Mosc\u00fa, Rusia, el jueves 7 de agosto de 2025<\/span><span class=\"com-text --credit --twoxs\">Alexei Nikolsky  &#8211; Pool Sputnik Kremlin <\/span><\/figcaption><\/figure>\n<\/section>\n<\/div>\n<p class=\"com-paragraph   --s\">Entre los candidatos a suceder al dictador se encuentran <strong>Apti Alaudinov<\/strong>, un alto cargo de seguridad checheno nombrado por el propio Putin; <strong>Magomed Daudov<\/strong>, aliado hist\u00f3rico de Kadyrov que preside a menudo actos de alto nivel en su ausencia; y el hijo de 17 a\u00f1os del l\u00edder checheno, <strong>Adam Kadyrov<\/strong>.<\/p>\n<p class=\"com-paragraph   --s\">En medio de <a href=\"https:\/\/www.lanacion.com.ar\/el-mundo\/putin-confirmo-una-posible-reunion-con-trump-la-semana-proxima-propuso-donde-podria-ser-y-descarto-nid07082025\/\" target=\"_self\" title=\"https:\/\/www.lanacion.com.ar\/el-mundo\/putin-confirmo-una-posible-reunion-con-trump-la-semana-proxima-propuso-donde-podria-ser-y-descarto-nid07082025\/\" class=\"com-link break-word\" data-mrf-recirculation=\"n_link_parrafo\">la invasi\u00f3n a Ucrania<\/a>, que ya supera los tres a\u00f1os, y con Europa que avanza en acuerdos para fortalecer la cooperaci\u00f3n entre sus ej\u00e9rcitos, <strong>un conflicto interno es lo que menos necesita el presidente ruso<\/strong>.<\/p>\n<p class=\"com-paragraph   --s\">Kadyrov, de 48 a\u00f1os, es distinto a otros l\u00edderes regionales. Goza de una autonom\u00eda privilegiada que le permiti\u00f3, entre otras cosas, <strong>imponer estrictas normas isl\u00e1micas<\/strong> en una de las pocas zonas del pa\u00eds donde los rusos musulmanes son mayor\u00eda y<strong> mantener relaciones diplom\u00e1ticas directas con varias de las monarqu\u00edas petroleras del Golfo \u00e1rabe<\/strong>.<\/p>\n<p class=\"com-paragraph   --s\">Esta particularidad no es una casualidad. Luego de las<strong> guerras independentistas chechenas de 1994 y 1999<\/strong>, el modo que encontr\u00f3 Putin para replegar la regi\u00f3n bajo su control fue dotando a una figura local de una<strong> independencia informal y tutelada<\/strong>.<strong> <\/strong><\/p>\n<div class=\"content-media\">\n<section role=\"button\" class=\"mod-media   \">\n<figure role=\"button\" class=\"mod-figure \"><figcaption class=\"mod-figcaption\"><span class=\"com-text --caption --twoxs\">Ramzan Kadyrov en una reuni\u00f3n entre el presidente ruso Vladimir Putin y el presidente emirat\u00ed jeque Mohammed bin Zayed Al Nahyan en Mosc\u00fa, el 7 de agosto de 2025<\/span><span class=\"com-text --credit --twoxs\">ALEXANDER NEMENOV  &#8211; POOL <\/span><\/figcaption><\/figure>\n<\/section>\n<\/div>\n<p class=\"com-paragraph   --s\">Basado en este margen de maniobra, Kadyrov transform\u00f3 Chechenia <strong>\u201cen un pseudo-Estado isl\u00e1mico, desde donde el protegido del Kremlin lanza amenazas contra el mundo civilizado\u201d<\/strong>, dijo en di\u00e1logo con LA NACION una periodista chechena exiliada, quien prefiri\u00f3 hablar bajo condici\u00f3n de anonimato por miedo a represalias contra su persona y su familia, la que a\u00fan vive bajo la dictadura. <\/p>\n<div class=\"content-media\">\n<section role=\"button\" class=\"mod-media   \">\n<figure role=\"button\" class=\"mod-figure \"><figcaption class=\"mod-figcaption\"><span class=\"com-text --caption --twoxs\">El Jefe de la Rep\u00fablica de Chechena, Ramzan Kadyrov, junto al presidente ruso Vladimir Putin. Fuente: Cuenta de X de Ramzan Kadyrov<\/span><span class=\"com-text --credit --twoxs\">Redes sociales de Adam Kadyrov<\/span><\/figcaption><\/figure>\n<\/section>\n<\/div>\n<p class=\"com-paragraph   --s\">\u201c<strong>La situaci\u00f3n en Chechenia est\u00e1 al borde del colapso<\/strong>. En caso de retirada de las tropas rusas, existe un alto riesgo de represalias, lo que podr\u00eda sumergir a la regi\u00f3n en un nuevo ciclo de masacres\u201d, agreg\u00f3 la periodista.<\/p>\n<p class=\"com-paragraph   --s\">El medio independiente ruso <em>Novaya Gazeta Europa<\/em> denuncia desde hace a\u00f1os que el l\u00edder autocr\u00e1tico fue diagnosticado en enero de 2019 con <strong>necrosis pancre\u00e1tica<\/strong>, una grave complicaci\u00f3n de la pancreatitis aguda.<\/p>\n<div class=\"content-media\">\n<section role=\"button\" class=\"mod-media   \">\n<figure role=\"button\" class=\"mod-figure \"><figcaption class=\"mod-figcaption\"><span class=\"com-text --caption --twoxs\">\u00daltima foto publicada en redes sociales por el mandatario checheno, el 23 de agosto de 2020. Fuente: Cuenta de X de Ramzan Kadyrov<\/span><\/figcaption><\/figure>\n<\/section>\n<\/div>\n<p class=\"com-paragraph   --s\">Por entonces, Kadyrov se tom\u00f3 una licencia y dijo que se encontraba<strong> \u201ctemporalmente incapacitado para trabajar\u201d<\/strong> por problemas de salud, lo que permiti\u00f3 que <strong>los rumores continuaran de forma espor\u00e1dica<\/strong> en la prensa independiente y diferentes canales an\u00f3nimos de Telegram.<\/p>\n<p class=\"com-paragraph   --s\">En abril de 2024, Kadyrov intent\u00f3 acallar las especulaciones con un video en el que aparec\u00eda realizando ejercicio, pero en 2025 <em>Novaya Gazeta<\/em> volvi\u00f3 a informar sobre un dr\u00e1stico deterioro en la salud del l\u00edder.<\/p>\n<div class=\"content-media cursor-pointer container-center-100\">\n<section class=\"mod-media ratio-16-9\">\n<figure class=\"mod-video\">\n<div class=\"video-player bg-black ratio-16-9\">\n<div id=\"facade-25h7wE4j\" class=\"content-facade-jw relative bg-black ratio-16-9\"><picture><source media=\"(max-width: 767px)\" srcset=\"https:\/\/resizer.glanacion.com\/resizer\/v2\/https%3A%2F%2Fcdn.jwplayer.com%2Fv2%2Fmedia%2F25h7wE4j%2Fposter.jpg%3Fwidth%3D720?auth=ac73a9260aad3b9892f1730f0be2c12d1ff89d0293dc238290c0ac568d07dd23&amp;width=480&amp;quality=70&amp;smart=false\"\/><\/picture><\/div>\n<\/div><figcaption class=\"border border-1 border-bottom border-light-300 bg-white relative px-16 py-8 min-h-36 w-100_md px-0_l mb-8\"><span class=\"text ln-text text-16 block\">Video de ejercicio difundido por Ramzan Kadyrov<\/span><\/figcaption><\/figure>\n<\/section>\n<\/div>\n<p class=\"com-paragraph   --s\">En mayo de este a\u00f1o, Kadyrov expres\u00f3 p\u00fablicamente su deseo de dejar el cargo, al se\u00f1alar que \u201cotra persona aportar\u00eda nuevas ideas y visiones\u201d. Sin embargo, pocos d\u00edas despu\u00e9s public\u00f3 en Telegram un video en el que afirmaba que <strong>nadie le quitar\u00eda \u201cni un solo d\u00eda\u201d en el poder<\/strong>. <\/p>\n<p class=\"com-paragraph   --s\">En las im\u00e1genes, difundidas el 26 de mayo, se lo ve\u00eda mientras una voz en off se\u00f1alaba: \u201cCada vez escucho m\u00e1s chismes sobre mi enfermedad. Pero la enfermedad y la muerte son el camino de todos\u201d. El l\u00edder agreg\u00f3 que \u201cni la enfermedad ni las amenazas pueden acortar la vida\u201d y que \u201csu duraci\u00f3n la determina \u00fanicamente quien dio el aliento\u201d.<\/p>\n<div class=\"content-media cursor-pointer container-center-100\">\n<section class=\"mod-media ratio-16-9\">\n<figure class=\"mod-video\">\n<div class=\"video-player bg-black ratio-16-9\">\n<div id=\"facade-4kBwpzlU\" class=\"content-facade-jw relative bg-black ratio-16-9\"><picture><source media=\"(max-width: 767px)\" srcset=\"https:\/\/resizer.glanacion.com\/resizer\/v2\/https%3A%2F%2Fcdn.jwplayer.com%2Fv2%2Fmedia%2F4kBwpzlU%2Fposter.jpg%3Fwidth%3D720?auth=97c854c5a8d91233903d6e95868e3bb6ea7f3deba3ab8f737a11294af94292b7&amp;width=480&amp;quality=70&amp;smart=false\"\/><img class=\"image flex com-image --cover\" decoding=\"async\" fetchpriority=\"low\" loading=\"lazy\" src=\"https:\/\/gysfm.com.ar\/inicio\/wp-content\/uploads\/2025\/08\/https:\/\/cdn.jwplayer.com\/v2\/media\/4kBwpzlU\/poster.jpg\" alt=\"Video difundido por el canal de Telegram de Ramzan Kadyrov\"\/><\/picture><\/div>\n<\/div><figcaption class=\"border border-1 border-bottom border-light-300 bg-white relative px-16 py-8 min-h-36 w-100_md px-0_l mb-8\"><span class=\"text ln-text text-16 block\">Video difundido por el canal de Telegram de Ramzan Kadyrov<\/span><\/figcaption><\/figure>\n<\/section>\n<\/div>\n<p class=\"com-paragraph   --s\">\u201c<strong>Pueden seguir murmurando sin valor, escondi\u00e9ndose en el extranjero como ratones<\/strong>. Esa es su naturaleza\u201d, sentenci\u00f3 Kadyrov.<\/p>\n<p class=\"com-paragraph   --s\">Desde entonces, no hubo apariciones p\u00fablicas del dictador checheno <strong>hasta el jueves, cuando se dejo ver en una reuni\u00f3n en el Kremlin<\/strong> junto con el presidente de los Emiratos \u00c1rabes Unidos, el jeque Mohamed bin Zayed Al Nahyan.<\/p>\n<p class=\"com-paragraph   --s\">Entre los posibles sucesores figura su hijo Adam Kadyrov, nombrado en 2025 secretario del Consejo de Seguridad de Chechenia y representante de su padre ante el Ministerio del Interior regional, en lo que parece ser <strong>un intento de acelerar una eventual transici\u00f3n din\u00e1stica<\/strong>. El adolescente ha recibido dos medallas en apenas diez d\u00edas \u2014entre ellas la de \u201cM\u00e9rito de Combate\u201d de la Guardia Nacional de Rusia\u2014 y fue felicitado por su reciente boda por el propio Putin.<\/p>\n<div class=\"content-media\">\n<section role=\"button\" class=\"mod-media   \">\n<figure role=\"button\" class=\"mod-figure \"><figcaption class=\"mod-figcaption\"><span class=\"com-text --caption --twoxs\">Foto publicada por Ramzan Kadyrov de la felicitaci\u00f3n del presidente ruso Vladimir Putin a Adam Kadyrov, hijo del dictador. Fuente: Canal de Telegram de Ramzan Kadyrov<\/span><\/figcaption><\/figure>\n<\/section>\n<\/div>\n<p class=\"com-paragraph   --s\">Sin embargo, <strong>la ley rusa exige que los dirigentes regionales tengan al menos 30 a\u00f1os<\/strong>, lo que pone en duda sus perspectivas como sucesor, al menos en el futuro cercano.<\/p>\n<p class=\"com-paragraph   --s\">En 2023, el hijo del dictador qued\u00f3 bajo escrutinio p\u00fablico tras <strong>golpear a un detenido en un centro de reclusi\u00f3n de Grozni<\/strong>, acusado de quemar el Cor\u00e1n. Despu\u00e9s del incidente, su padre difundi\u00f3 el video en Telegram y elogi\u00f3 la actitud del joven Kadyrov: \u201cHizo lo correcto\u201d, afirm\u00f3 Ramzan.<\/p>\n<div class=\"content-media cursor-pointer container-center-100\">\n<section class=\"mod-media ratio-16-9\">\n<figure class=\"mod-video\">\n<div class=\"video-player bg-black ratio-16-9\">\n<div id=\"facade-5q7GmjrX\" class=\"content-facade-jw relative bg-black ratio-16-9\"><picture><source media=\"(max-width: 767px)\" srcset=\"https:\/\/resizer.glanacion.com\/resizer\/v2\/https%3A%2F%2Fcdn.jwplayer.com%2Fv2%2Fmedia%2F5q7GmjrX%2Fposter.jpg%3Fwidth%3D720?auth=9a9d3d7bf9437d1acf4770b9a495d85cc4769f8de3445e1823fff93799aad281&amp;width=480&amp;quality=70&amp;smart=false\"\/><img class=\"image flex com-image --cover\" decoding=\"async\" fetchpriority=\"low\" loading=\"lazy\" src=\"https:\/\/gysfm.com.ar\/inicio\/wp-content\/uploads\/2025\/08\/https:\/\/cdn.jwplayer.com\/v2\/media\/5q7GmjrX\/poster.jpg\" alt=\"Video difundido por el canal de Telegram de Ramzan Kadyrov\"\/><\/picture><\/div>\n<\/div><figcaption class=\"border border-1 border-bottom border-light-300 bg-white relative px-16 py-8 min-h-36 w-100_md px-0_l mb-8\"><span class=\"text ln-text text-16 block\">Video difundido por el canal de Telegram de Ramzan Kadyrov<\/span><\/figcaption><\/figure>\n<\/section>\n<\/div>\n<p class=\"com-paragraph   --s\"><strong>Magomed Daudov<\/strong>, por su parte, es uno de los m\u00e1s antiguos aliados de Kadyrov y otro posible sucesor, que adquiri\u00f3 notoriedad mundial en 2017 por liderar una purga contra las personas homosexuales en la regi\u00f3n. En mayo de 2024,<strong> Daudov fue nombrado primer ministro de Chechenia<\/strong>.<\/p>\n<p class=\"com-paragraph   --s\"><strong>Los expertos aseguran que maneja desde hace a\u00f1os las actividades del r\u00e9gimen<\/strong>, forj\u00e1ndose una reputaci\u00f3n de brutalidad incluso entre los<em> kadyrovtsy<\/em>, la milicia personal que Kadyrov form\u00f3 en su ascenso al poder.<\/p>\n<p class=\"com-paragraph   --s\">No obstante, muchos <strong>en Mosc\u00fa desconf\u00edan abiertamente del antiguo aliado<\/strong>, lo que reduce significativamente sus posibilidades de ascenso al poder.<\/p>\n<div class=\"content-media\">\n<section role=\"button\" class=\"mod-media   \">\n<figure role=\"button\" class=\"mod-figure \"><figcaption class=\"mod-figcaption\"><span class=\"com-text --caption --twoxs\">Foto de Magomed Daudov publicada en los canales oficiales. Fuente: Gobierno de Chechenia<\/span><\/figcaption><\/figure>\n<\/section>\n<\/div>\n<p class=\"com-paragraph   --s\">\u201cKadyrov no detenta ning\u00fan poder real en la Rep\u00fablica Chechena (&#8230;). <strong>Todas las decisiones se toman en Mosc\u00fa, y en Grozni s\u00f3lo se simula una autonom\u00eda pol\u00edtica<\/strong>\u201d, dijo la periodista chechena, por lo que cabr\u00eda esperar que la decisi\u00f3n final caiga en manos del Kremlin.<\/p>\n<p class=\"com-paragraph   --s\">De ser as\u00ed, y considerando que Rusia pretende retomar el control total de la regi\u00f3n eliminando la autonom\u00eda relativa de la que goza Kadyrov, <strong>el preferido del Kremlin parece ser Apti Alaudinov<\/strong>, nombrado<strong> \u201cH\u00e9roe de Rusia\u201d <\/strong>por sus servicios en la guerra en Ucrania.<\/p>\n<p class=\"com-paragraph   --s\">La carrera del militar de 51 a\u00f1os despeg\u00f3 despu\u00e9s de convertirse en <strong>uno de los principales oradores de la televisi\u00f3n rusa<\/strong>, al graduarse de la Academia del Estado Mayor General de Rusia en febrero de 2024.<\/p>\n<div class=\"content-media\">\n<section role=\"button\" class=\"mod-media   \">\n<figure role=\"button\" class=\"mod-figure \"><figcaption class=\"mod-figcaption\"><span class=\"com-text --caption --twoxs\">Ramzan Kadyrov junto a Apti Alaudinov<\/span><span class=\"com-text --credit --twoxs\">Redes sociales de Adam Kadyrov<\/span><\/figcaption><\/figure>\n<\/section>\n<\/div>\n<p class=\"com-paragraph   --s\">Tras negociar la incorporaci\u00f3n<strong> <\/strong>a las fuerzas especiales chechenas de lo que quedaba del <a href=\"https:\/\/www.lanacion.com.ar\/el-mundo\/rebelion-en-rusia-que-es-el-grupo-wagner-y-cuantos-combatientes-tiene-nid24062023\/\" target=\"_self\" title=\"https:\/\/www.lanacion.com.ar\/el-mundo\/rebelion-en-rusia-que-es-el-grupo-wagner-y-cuantos-combatientes-tiene-nid24062023\/\" class=\"com-link break-word\" data-mrf-recirculation=\"n_link_parrafo\">Grupo Wagner<\/a>, la compa\u00f1\u00eda paramilitar liderada por Yevgeny Prigozhin que se rebel\u00f3 contra el Kremlin en 2023, Alaudinov fue nombrado en abril de 2024 <strong>subdirector del Departamento de Trabajo Pol\u00edtico-Militar del Ministerio de Defensa ruso<\/strong>,<strong> <\/strong>donde organiza la<strong> \u201cpropaganda y agitaci\u00f3n pol\u00edtico-militar\u201d<\/strong>.<\/p>\n<p class=\"com-paragraph   --s\">Entre los tres candidatos,<strong> \u201c\u00e9l [Alaudinov] es quien podr\u00eda tomar el poder en Chechenia\u201d<\/strong>, dijo a LA NACION Evgeny Romanovsky, especialista en pol\u00edtica del C\u00e1ucaso asociado al Wilson Center de Washington, DC.<\/p>\n<p class=\"com-paragraph   --s\">\u201c[Magomed] Daudov es simplemente un tipo leal, pero tiene muy poco conocimiento de la pol\u00edtica federal. No conoce mucha gente fuera de Chechenia, mientras que <strong>Alaudinov tiene m\u00e1s conexiones a nivel federal y siempre ha sido leal al gobierno del Kremlin<\/strong>\u201d, explic\u00f3 el experto.<\/p>\n<p class=\"com-paragraph   --s\"><strong>\u201cChechenia sigue siendo la piedra angular de la legitimidad de Putin\u201d<\/strong>, dijo a LA NACION Harold Chambers, especialista en el C\u00e1ucaso, miembro del centro de investigaci\u00f3n norteamericano Jamestown Foundation.<\/p>\n<p class=\"com-paragraph   --s\">Esto se debe a que el exdirector del Servicio Federal de Seguridad (FSB) ruso utiliz\u00f3 la segunda guerra contra el separatismo checheno para<strong> consolidar finalmente su lugar al mando del Kremlin<\/strong>.<\/p>\n<p class=\"com-paragraph   --s\">Putin, <strong>nombrado primer ministro en agosto de 1999<\/strong>, aprovech\u00f3 la situaci\u00f3n para presentarse como un l\u00edder fuerte e hizo de la caza de los responsables de una serie de <strong>atentados a edificios residenciales de Mosc\u00fa<\/strong> ese mismo a\u00f1o un lema de campa\u00f1a. <\/p>\n<div class=\"content-media\">\n<section role=\"button\" class=\"mod-media   \">\n<figure role=\"button\" class=\"mod-figure \"><figcaption class=\"mod-figcaption\"><span class=\"com-text --caption --twoxs\">Empleados del Ministerio de Situaciones de Emergencia buscan sobrevivientes de la explosi\u00f3n que destruy\u00f3 un edificio de Mosc\u00fa el lunes 13 de septiembre de 1999<\/span><span class=\"com-text --credit --twoxs\">Ivan Nikitin &#8211; Hulton Archive<\/span><\/figcaption><\/figure>\n<\/section>\n<\/div>\n<p class=\"com-paragraph   --s\">Despu\u00e9s de la guerra, el Kremlin decidi\u00f3 asegurarse la estabilidad en la regi\u00f3n nombrando a <strong>Ajmat Kadyrov <\/strong>al mando de Chechenia, sucedido luego por su hijo, y <strong>comprando la lealtad de la familia con un fuerte gasto p\u00fablico<\/strong>, dejando el modo de gobernar la regi\u00f3n de 1,5 millones de habitantes a total disposici\u00f3n de los Kadyrov.<\/p>\n<p class=\"com-paragraph   --s\">El miedo por la insurgencia armada chechena resurgi\u00f3 en 2010 tras una <a href=\"https:\/\/www.lanacion.com.ar\/el-mundo\/moscu-terror-por-dos-mujeres-suicidas-nid1248872\/\" target=\"_self\" title=\"https:\/\/www.lanacion.com.ar\/el-mundo\/moscu-terror-por-dos-mujeres-suicidas-nid1248872\/\" class=\"com-link break-word\" data-mrf-recirculation=\"n_link_parrafo\">nueva secuencia de atentados contra la capital rusa<\/a>, en los que murieron decenas de civiles en las explosiones de dos estaciones de subterr\u00e1neo.<\/p>\n<p class=\"com-paragraph   --s\">Por entonces, Putin prometi\u00f3 aniquilar a los terroristas y dio rienda suelta a <strong>Ramzan Kadyrov, nombrado Jefe de la Rep\u00fablica en 2007<\/strong>, para utilizar todo tipo de violencia en su territorio.<\/p>\n<div class=\"content-media\">\n<section role=\"button\" class=\"mod-media   \">\n<figure role=\"button\" class=\"mod-figure \"><figcaption class=\"mod-figcaption\"><span class=\"com-text --caption --twoxs\">Rusos depositan flores en memoria de las v\u00edctimas de una explosi\u00f3n en la estaci\u00f3n de metro de Lubyanka el 29 de marzo de 2010 en Mosc\u00fa, Rusia<\/span><span class=\"com-text --credit --twoxs\">Dmitry Korotayev &#8211; Getty Images Europe<\/span><\/figcaption><\/figure>\n<\/section>\n<\/div>\n<p class=\"com-paragraph   --s\">Ahora, con la posibilidad de una salida definitiva de la familia Kadyrov del escenario checheno, <strong>el resurgimiento de grupos armados separatistas es una posibilidad real<\/strong>.<\/p>\n<p class=\"com-paragraph   --s\">En caso de no ser controlado por el Kremlin, <strong>\u201cel riesgo de un nuevo foco de radicalizaci\u00f3n tipo \u2018Daesh 2\u2032 en el C\u00e1ucaso Norte es real<\/strong>\u201d, dijo la periodista chechena en referencia a la rama de Estado Isl\u00e1mico que fue derrotada territorialmente en gran parte de Irak y Siria en 2017, pero <strong>sigue contando con c\u00e9lulas y grupos afiliados en diversas regiones del mundo<\/strong>.<\/p>\n<p class=\"com-paragraph   --s\">\u201c<strong>Es un escenario muy posible<\/strong> que no solo afectar\u00e1 a Chechenia y a la regi\u00f3n, o a toda Rusia, sino <strong>que<\/strong> <strong>incluso podr\u00eda impactar a los vecinos occidentales<\/strong>\u201d, estim\u00f3 Romanovsky.<\/p>\n<section class=\"container-center-100 mb-40 border border-bottom border-thin border-neutral-light-700\">\n<hr\/>\n<\/section>\n<\/div>\n\n","protected":false},"excerpt":{"rendered":"<p>Ramzan Kadyrov ha gobernado Chechenia con mano de hierro durante casi dos d\u00e9cadas, lo que aport\u00f3 estabilidad a una regi\u00f3n hist\u00f3ricamente conflictiva para el Kremlin y lo convirti\u00f3 en una pieza clave de la estructura de poder del presidente ruso Vladimir Putin. Su repentina desaparici\u00f3n del ojo p\u00fablico despierta interrogantes sobre su sucesi\u00f3n, en medio [&hellip;]<\/p>\n","protected":false},"author":2,"featured_media":142806,"comment_status":"closed","ping_status":"closed","sticky":false,"template":"","format":"standard","meta":{"footnotes":""},"categories":[26],"tags":[],"class_list":["post-142805","post","type-post","status-publish","format-standard","has-post-thumbnail","hentry","category-internacionales"],"yoast_head":"<!-- This site is optimized with the Yoast SEO plugin v24.4 - https:\/\/yoast.com\/wordpress\/plugins\/seo\/ -->\n<title>Los rumores sobre la salud de un aliado clave de Putin encienden alarmas en el Kremlin - GYS NOTICIAS |<\/title>\n<meta name=\"robots\" content=\"index, follow, max-snippet:-1, max-image-preview:large, max-video-preview:-1\" \/>\n<link rel=\"canonical\" href=\"https:\/\/gysfm.com.ar\/inicio\/los-rumores-sobre-la-salud-de-un-aliado-clave-de-putin-encienden-alarmas-en-el-kremlin\/\" \/>\n<meta property=\"og:locale\" content=\"es_ES\" \/>\n<meta property=\"og:type\" content=\"article\" \/>\n<meta property=\"og:title\" content=\"Los rumores sobre la salud de un aliado clave de Putin encienden alarmas en el Kremlin - GYS NOTICIAS |\" \/>\n<meta property=\"og:description\" content=\"Ramzan Kadyrov ha gobernado Chechenia con mano de hierro durante casi dos d\u00e9cadas, lo que aport\u00f3 estabilidad a una regi\u00f3n hist\u00f3ricamente conflictiva para el Kremlin y lo convirti\u00f3 en una pieza clave de la estructura de poder del presidente ruso Vladimir Putin. Su repentina desaparici\u00f3n del ojo p\u00fablico despierta interrogantes sobre su sucesi\u00f3n, en medio [&hellip;]\" \/>\n<meta property=\"og:url\" content=\"https:\/\/gysfm.com.ar\/inicio\/los-rumores-sobre-la-salud-de-un-aliado-clave-de-putin-encienden-alarmas-en-el-kremlin\/\" \/>\n<meta property=\"og:site_name\" content=\"GYS NOTICIAS |\" \/>\n<meta property=\"article:published_time\" content=\"2025-08-09T23:11:26+00:00\" \/>\n<meta property=\"article:modified_time\" content=\"2025-08-09T23:11:28+00:00\" \/>\n<meta property=\"og:image\" content=\"https:\/\/gysfm.com.ar\/inicio\/wp-content\/uploads\/2025\/08\/el-jefe-de-la-republica-de-chechena-ramzan-7BVFSZD7LZD63BQRUKBV2VHPK4.jpg\" \/>\n\t<meta property=\"og:image:width\" content=\"1200\" \/>\n\t<meta property=\"og:image:height\" content=\"800\" \/>\n\t<meta property=\"og:image:type\" content=\"image\/jpeg\" \/>\n<meta name=\"author\" content=\"Prensa G&amp;S FM\" \/>\n<meta name=\"twitter:card\" content=\"summary_large_image\" \/>\n<meta name=\"twitter:label1\" content=\"Escrito por\" \/>\n\t<meta name=\"twitter:data1\" content=\"Prensa G&amp;S FM\" \/>\n\t<meta name=\"twitter:label2\" content=\"Tiempo de lectura\" \/>\n\t<meta name=\"twitter:data2\" content=\"9 minutos\" \/>\n<script type=\"application\/ld+json\" class=\"yoast-schema-graph\">{\"@context\":\"https:\/\/schema.org\",\"@graph\":[{\"@type\":\"Article\",\"@id\":\"https:\/\/gysfm.com.ar\/inicio\/los-rumores-sobre-la-salud-de-un-aliado-clave-de-putin-encienden-alarmas-en-el-kremlin\/#article\",\"isPartOf\":{\"@id\":\"https:\/\/gysfm.com.ar\/inicio\/los-rumores-sobre-la-salud-de-un-aliado-clave-de-putin-encienden-alarmas-en-el-kremlin\/\"},\"author\":{\"name\":\"Prensa G&amp;S FM\",\"@id\":\"https:\/\/gysfm.com.ar\/inicio\/#\/schema\/person\/3abba7593ef2ad19e1be221d54383dc5\"},\"headline\":\"Los rumores sobre la salud de un aliado clave de Putin encienden alarmas en el Kremlin\",\"datePublished\":\"2025-08-09T23:11:26+00:00\",\"dateModified\":\"2025-08-09T23:11:28+00:00\",\"mainEntityOfPage\":{\"@id\":\"https:\/\/gysfm.com.ar\/inicio\/los-rumores-sobre-la-salud-de-un-aliado-clave-de-putin-encienden-alarmas-en-el-kremlin\/\"},\"wordCount\":1895,\"publisher\":{\"@id\":\"https:\/\/gysfm.com.ar\/inicio\/#organization\"},\"image\":{\"@id\":\"https:\/\/gysfm.com.ar\/inicio\/los-rumores-sobre-la-salud-de-un-aliado-clave-de-putin-encienden-alarmas-en-el-kremlin\/#primaryimage\"},\"thumbnailUrl\":\"https:\/\/gysfm.com.ar\/inicio\/wp-content\/uploads\/2025\/08\/el-jefe-de-la-republica-de-chechena-ramzan-7BVFSZD7LZD63BQRUKBV2VHPK4.jpg\",\"articleSection\":[\"INTERNACIONALES\"],\"inLanguage\":\"es\"},{\"@type\":\"WebPage\",\"@id\":\"https:\/\/gysfm.com.ar\/inicio\/los-rumores-sobre-la-salud-de-un-aliado-clave-de-putin-encienden-alarmas-en-el-kremlin\/\",\"url\":\"https:\/\/gysfm.com.ar\/inicio\/los-rumores-sobre-la-salud-de-un-aliado-clave-de-putin-encienden-alarmas-en-el-kremlin\/\",\"name\":\"Los rumores sobre la salud de un aliado clave de Putin encienden alarmas en el Kremlin - GYS NOTICIAS |\",\"isPartOf\":{\"@id\":\"https:\/\/gysfm.com.ar\/inicio\/#website\"},\"primaryImageOfPage\":{\"@id\":\"https:\/\/gysfm.com.ar\/inicio\/los-rumores-sobre-la-salud-de-un-aliado-clave-de-putin-encienden-alarmas-en-el-kremlin\/#primaryimage\"},\"image\":{\"@id\":\"https:\/\/gysfm.com.ar\/inicio\/los-rumores-sobre-la-salud-de-un-aliado-clave-de-putin-encienden-alarmas-en-el-kremlin\/#primaryimage\"},\"thumbnailUrl\":\"https:\/\/gysfm.com.ar\/inicio\/wp-content\/uploads\/2025\/08\/el-jefe-de-la-republica-de-chechena-ramzan-7BVFSZD7LZD63BQRUKBV2VHPK4.jpg\",\"datePublished\":\"2025-08-09T23:11:26+00:00\",\"dateModified\":\"2025-08-09T23:11:28+00:00\",\"breadcrumb\":{\"@id\":\"https:\/\/gysfm.com.ar\/inicio\/los-rumores-sobre-la-salud-de-un-aliado-clave-de-putin-encienden-alarmas-en-el-kremlin\/#breadcrumb\"},\"inLanguage\":\"es\",\"potentialAction\":[{\"@type\":\"ReadAction\",\"target\":[\"https:\/\/gysfm.com.ar\/inicio\/los-rumores-sobre-la-salud-de-un-aliado-clave-de-putin-encienden-alarmas-en-el-kremlin\/\"]}]},{\"@type\":\"ImageObject\",\"inLanguage\":\"es\",\"@id\":\"https:\/\/gysfm.com.ar\/inicio\/los-rumores-sobre-la-salud-de-un-aliado-clave-de-putin-encienden-alarmas-en-el-kremlin\/#primaryimage\",\"url\":\"https:\/\/gysfm.com.ar\/inicio\/wp-content\/uploads\/2025\/08\/el-jefe-de-la-republica-de-chechena-ramzan-7BVFSZD7LZD63BQRUKBV2VHPK4.jpg\",\"contentUrl\":\"https:\/\/gysfm.com.ar\/inicio\/wp-content\/uploads\/2025\/08\/el-jefe-de-la-republica-de-chechena-ramzan-7BVFSZD7LZD63BQRUKBV2VHPK4.jpg\",\"width\":1200,\"height\":800},{\"@type\":\"BreadcrumbList\",\"@id\":\"https:\/\/gysfm.com.ar\/inicio\/los-rumores-sobre-la-salud-de-un-aliado-clave-de-putin-encienden-alarmas-en-el-kremlin\/#breadcrumb\",\"itemListElement\":[{\"@type\":\"ListItem\",\"position\":1,\"name\":\"Portada\",\"item\":\"https:\/\/gysfm.com.ar\/inicio\/\"},{\"@type\":\"ListItem\",\"position\":2,\"name\":\"Los rumores sobre la salud de un aliado clave de Putin encienden alarmas en el Kremlin\"}]},{\"@type\":\"WebSite\",\"@id\":\"https:\/\/gysfm.com.ar\/inicio\/#website\",\"url\":\"https:\/\/gysfm.com.ar\/inicio\/\",\"name\":\"GYS NOTICIAS |\",\"description\":\"DIARIO - RADIO ONLINE SAN JUAN ARGENTINA\",\"publisher\":{\"@id\":\"https:\/\/gysfm.com.ar\/inicio\/#organization\"},\"potentialAction\":[{\"@type\":\"SearchAction\",\"target\":{\"@type\":\"EntryPoint\",\"urlTemplate\":\"https:\/\/gysfm.com.ar\/inicio\/?s={search_term_string}\"},\"query-input\":{\"@type\":\"PropertyValueSpecification\",\"valueRequired\":true,\"valueName\":\"search_term_string\"}}],\"inLanguage\":\"es\"},{\"@type\":\"Organization\",\"@id\":\"https:\/\/gysfm.com.ar\/inicio\/#organization\",\"name\":\"GYS NOTICIAS |\",\"url\":\"https:\/\/gysfm.com.ar\/inicio\/\",\"logo\":{\"@type\":\"ImageObject\",\"inLanguage\":\"es\",\"@id\":\"https:\/\/gysfm.com.ar\/inicio\/#\/schema\/logo\/image\/\",\"url\":\"https:\/\/gysfm.com.ar\/inicio\/wp-content\/uploads\/2023\/07\/LOGOGYS-OK.png\",\"contentUrl\":\"https:\/\/gysfm.com.ar\/inicio\/wp-content\/uploads\/2023\/07\/LOGOGYS-OK.png\",\"width\":1170,\"height\":872,\"caption\":\"GYS NOTICIAS |\"},\"image\":{\"@id\":\"https:\/\/gysfm.com.ar\/inicio\/#\/schema\/logo\/image\/\"}},{\"@type\":\"Person\",\"@id\":\"https:\/\/gysfm.com.ar\/inicio\/#\/schema\/person\/3abba7593ef2ad19e1be221d54383dc5\",\"name\":\"Prensa G&amp;S FM\",\"image\":{\"@type\":\"ImageObject\",\"inLanguage\":\"es\",\"@id\":\"https:\/\/gysfm.com.ar\/inicio\/#\/schema\/person\/image\/\",\"url\":\"https:\/\/secure.gravatar.com\/avatar\/096ec78df02049ab018702bb4ccedf659377fa92a26540b5247612077a0dbd29?s=96&d=mm&r=g\",\"contentUrl\":\"https:\/\/secure.gravatar.com\/avatar\/096ec78df02049ab018702bb4ccedf659377fa92a26540b5247612077a0dbd29?s=96&d=mm&r=g\",\"caption\":\"Prensa G&amp;S FM\"},\"sameAs\":[\"https:\/\/gysfm.com.ar\/\"],\"url\":\"https:\/\/gysfm.com.ar\/inicio\/author\/lucasm\/\"}]}<\/script>\n<!-- \/ Yoast SEO plugin. -->","yoast_head_json":{"title":"Los rumores sobre la salud de un aliado clave de Putin encienden alarmas en el Kremlin - GYS NOTICIAS |","robots":{"index":"index","follow":"follow","max-snippet":"max-snippet:-1","max-image-preview":"max-image-preview:large","max-video-preview":"max-video-preview:-1"},"canonical":"https:\/\/gysfm.com.ar\/inicio\/los-rumores-sobre-la-salud-de-un-aliado-clave-de-putin-encienden-alarmas-en-el-kremlin\/","og_locale":"es_ES","og_type":"article","og_title":"Los rumores sobre la salud de un aliado clave de Putin encienden alarmas en el Kremlin - GYS NOTICIAS |","og_description":"Ramzan Kadyrov ha gobernado Chechenia con mano de hierro durante casi dos d\u00e9cadas, lo que aport\u00f3 estabilidad a una regi\u00f3n hist\u00f3ricamente conflictiva para el Kremlin y lo convirti\u00f3 en una pieza clave de la estructura de poder del presidente ruso Vladimir Putin. Su repentina desaparici\u00f3n del ojo p\u00fablico despierta interrogantes sobre su sucesi\u00f3n, en medio [&hellip;]","og_url":"https:\/\/gysfm.com.ar\/inicio\/los-rumores-sobre-la-salud-de-un-aliado-clave-de-putin-encienden-alarmas-en-el-kremlin\/","og_site_name":"GYS NOTICIAS |","article_published_time":"2025-08-09T23:11:26+00:00","article_modified_time":"2025-08-09T23:11:28+00:00","og_image":[{"width":1200,"height":800,"url":"https:\/\/gysfm.com.ar\/inicio\/wp-content\/uploads\/2025\/08\/el-jefe-de-la-republica-de-chechena-ramzan-7BVFSZD7LZD63BQRUKBV2VHPK4.jpg","type":"image\/jpeg"}],"author":"Prensa G&amp;S FM","twitter_card":"summary_large_image","twitter_misc":{"Escrito por":"Prensa G&amp;S FM","Tiempo de lectura":"9 minutos"},"schema":{"@context":"https:\/\/schema.org","@graph":[{"@type":"Article","@id":"https:\/\/gysfm.com.ar\/inicio\/los-rumores-sobre-la-salud-de-un-aliado-clave-de-putin-encienden-alarmas-en-el-kremlin\/#article","isPartOf":{"@id":"https:\/\/gysfm.com.ar\/inicio\/los-rumores-sobre-la-salud-de-un-aliado-clave-de-putin-encienden-alarmas-en-el-kremlin\/"},"author":{"name":"Prensa G&amp;S FM","@id":"https:\/\/gysfm.com.ar\/inicio\/#\/schema\/person\/3abba7593ef2ad19e1be221d54383dc5"},"headline":"Los rumores sobre la salud de un aliado clave de Putin encienden alarmas en el Kremlin","datePublished":"2025-08-09T23:11:26+00:00","dateModified":"2025-08-09T23:11:28+00:00","mainEntityOfPage":{"@id":"https:\/\/gysfm.com.ar\/inicio\/los-rumores-sobre-la-salud-de-un-aliado-clave-de-putin-encienden-alarmas-en-el-kremlin\/"},"wordCount":1895,"publisher":{"@id":"https:\/\/gysfm.com.ar\/inicio\/#organization"},"image":{"@id":"https:\/\/gysfm.com.ar\/inicio\/los-rumores-sobre-la-salud-de-un-aliado-clave-de-putin-encienden-alarmas-en-el-kremlin\/#primaryimage"},"thumbnailUrl":"https:\/\/gysfm.com.ar\/inicio\/wp-content\/uploads\/2025\/08\/el-jefe-de-la-republica-de-chechena-ramzan-7BVFSZD7LZD63BQRUKBV2VHPK4.jpg","articleSection":["INTERNACIONALES"],"inLanguage":"es"},{"@type":"WebPage","@id":"https:\/\/gysfm.com.ar\/inicio\/los-rumores-sobre-la-salud-de-un-aliado-clave-de-putin-encienden-alarmas-en-el-kremlin\/","url":"https:\/\/gysfm.com.ar\/inicio\/los-rumores-sobre-la-salud-de-un-aliado-clave-de-putin-encienden-alarmas-en-el-kremlin\/","name":"Los rumores sobre la salud de un aliado clave de Putin encienden alarmas en el Kremlin - GYS NOTICIAS |","isPartOf":{"@id":"https:\/\/gysfm.com.ar\/inicio\/#website"},"primaryImageOfPage":{"@id":"https:\/\/gysfm.com.ar\/inicio\/los-rumores-sobre-la-salud-de-un-aliado-clave-de-putin-encienden-alarmas-en-el-kremlin\/#primaryimage"},"image":{"@id":"https:\/\/gysfm.com.ar\/inicio\/los-rumores-sobre-la-salud-de-un-aliado-clave-de-putin-encienden-alarmas-en-el-kremlin\/#primaryimage"},"thumbnailUrl":"https:\/\/gysfm.com.ar\/inicio\/wp-content\/uploads\/2025\/08\/el-jefe-de-la-republica-de-chechena-ramzan-7BVFSZD7LZD63BQRUKBV2VHPK4.jpg","datePublished":"2025-08-09T23:11:26+00:00","dateModified":"2025-08-09T23:11:28+00:00","breadcrumb":{"@id":"https:\/\/gysfm.com.ar\/inicio\/los-rumores-sobre-la-salud-de-un-aliado-clave-de-putin-encienden-alarmas-en-el-kremlin\/#breadcrumb"},"inLanguage":"es","potentialAction":[{"@type":"ReadAction","target":["https:\/\/gysfm.com.ar\/inicio\/los-rumores-sobre-la-salud-de-un-aliado-clave-de-putin-encienden-alarmas-en-el-kremlin\/"]}]},{"@type":"ImageObject","inLanguage":"es","@id":"https:\/\/gysfm.com.ar\/inicio\/los-rumores-sobre-la-salud-de-un-aliado-clave-de-putin-encienden-alarmas-en-el-kremlin\/#primaryimage","url":"https:\/\/gysfm.com.ar\/inicio\/wp-content\/uploads\/2025\/08\/el-jefe-de-la-republica-de-chechena-ramzan-7BVFSZD7LZD63BQRUKBV2VHPK4.jpg","contentUrl":"https:\/\/gysfm.com.ar\/inicio\/wp-content\/uploads\/2025\/08\/el-jefe-de-la-republica-de-chechena-ramzan-7BVFSZD7LZD63BQRUKBV2VHPK4.jpg","width":1200,"height":800},{"@type":"BreadcrumbList","@id":"https:\/\/gysfm.com.ar\/inicio\/los-rumores-sobre-la-salud-de-un-aliado-clave-de-putin-encienden-alarmas-en-el-kremlin\/#breadcrumb","itemListElement":[{"@type":"ListItem","position":1,"name":"Portada","item":"https:\/\/gysfm.com.ar\/inicio\/"},{"@type":"ListItem","position":2,"name":"Los rumores sobre la salud de un aliado clave de Putin encienden alarmas en el Kremlin"}]},{"@type":"WebSite","@id":"https:\/\/gysfm.com.ar\/inicio\/#website","url":"https:\/\/gysfm.com.ar\/inicio\/","name":"GYS NOTICIAS |","description":"DIARIO - RADIO ONLINE SAN JUAN ARGENTINA","publisher":{"@id":"https:\/\/gysfm.com.ar\/inicio\/#organization"},"potentialAction":[{"@type":"SearchAction","target":{"@type":"EntryPoint","urlTemplate":"https:\/\/gysfm.com.ar\/inicio\/?s={search_term_string}"},"query-input":{"@type":"PropertyValueSpecification","valueRequired":true,"valueName":"search_term_string"}}],"inLanguage":"es"},{"@type":"Organization","@id":"https:\/\/gysfm.com.ar\/inicio\/#organization","name":"GYS NOTICIAS |","url":"https:\/\/gysfm.com.ar\/inicio\/","logo":{"@type":"ImageObject","inLanguage":"es","@id":"https:\/\/gysfm.com.ar\/inicio\/#\/schema\/logo\/image\/","url":"https:\/\/gysfm.com.ar\/inicio\/wp-content\/uploads\/2023\/07\/LOGOGYS-OK.png","contentUrl":"https:\/\/gysfm.com.ar\/inicio\/wp-content\/uploads\/2023\/07\/LOGOGYS-OK.png","width":1170,"height":872,"caption":"GYS NOTICIAS |"},"image":{"@id":"https:\/\/gysfm.com.ar\/inicio\/#\/schema\/logo\/image\/"}},{"@type":"Person","@id":"https:\/\/gysfm.com.ar\/inicio\/#\/schema\/person\/3abba7593ef2ad19e1be221d54383dc5","name":"Prensa G&amp;S FM","image":{"@type":"ImageObject","inLanguage":"es","@id":"https:\/\/gysfm.com.ar\/inicio\/#\/schema\/person\/image\/","url":"https:\/\/secure.gravatar.com\/avatar\/096ec78df02049ab018702bb4ccedf659377fa92a26540b5247612077a0dbd29?s=96&d=mm&r=g","contentUrl":"https:\/\/secure.gravatar.com\/avatar\/096ec78df02049ab018702bb4ccedf659377fa92a26540b5247612077a0dbd29?s=96&d=mm&r=g","caption":"Prensa G&amp;S FM"},"sameAs":["https:\/\/gysfm.com.ar\/"],"url":"https:\/\/gysfm.com.ar\/inicio\/author\/lucasm\/"}]}},"_links":{"self":[{"href":"https:\/\/gysfm.com.ar\/inicio\/wp-json\/wp\/v2\/posts\/142805","targetHints":{"allow":["GET"]}}],"collection":[{"href":"https:\/\/gysfm.com.ar\/inicio\/wp-json\/wp\/v2\/posts"}],"about":[{"href":"https:\/\/gysfm.com.ar\/inicio\/wp-json\/wp\/v2\/types\/post"}],"author":[{"embeddable":true,"href":"https:\/\/gysfm.com.ar\/inicio\/wp-json\/wp\/v2\/users\/2"}],"replies":[{"embeddable":true,"href":"https:\/\/gysfm.com.ar\/inicio\/wp-json\/wp\/v2\/comments?post=142805"}],"version-history":[{"count":1,"href":"https:\/\/gysfm.com.ar\/inicio\/wp-json\/wp\/v2\/posts\/142805\/revisions"}],"predecessor-version":[{"id":142807,"href":"https:\/\/gysfm.com.ar\/inicio\/wp-json\/wp\/v2\/posts\/142805\/revisions\/142807"}],"wp:featuredmedia":[{"embeddable":true,"href":"https:\/\/gysfm.com.ar\/inicio\/wp-json\/wp\/v2\/media\/142806"}],"wp:attachment":[{"href":"https:\/\/gysfm.com.ar\/inicio\/wp-json\/wp\/v2\/media?parent=142805"}],"wp:term":[{"taxonomy":"category","embeddable":true,"href":"https:\/\/gysfm.com.ar\/inicio\/wp-json\/wp\/v2\/categories?post=142805"},{"taxonomy":"post_tag","embeddable":true,"href":"https:\/\/gysfm.com.ar\/inicio\/wp-json\/wp\/v2\/tags?post=142805"}],"curies":[{"name":"wp","href":"https:\/\/api.w.org\/{rel}","templated":true}]}}