{"id":142803,"date":"2025-08-09T19:49:07","date_gmt":"2025-08-09T22:49:07","guid":{"rendered":"https:\/\/gysfm.com.ar\/inicio\/como-evoluciona-la-lesion-de-lionel-messi-javier-mascherano-dio-mas-detalles\/"},"modified":"2025-08-09T19:49:07","modified_gmt":"2025-08-09T22:49:07","slug":"como-evoluciona-la-lesion-de-lionel-messi-javier-mascherano-dio-mas-detalles","status":"publish","type":"post","link":"https:\/\/gysfm.com.ar\/inicio\/como-evoluciona-la-lesion-de-lionel-messi-javier-mascherano-dio-mas-detalles\/","title":{"rendered":"\u00bfC\u00f3mo evoluciona la lesi\u00f3n de Lionel Messi?: Javier Mascherano dio m\u00e1s detalles"},"content":{"rendered":"<p><\/p>\n<div>\n<p>Luego de haber conseguido la<strong> <a target=\"_blank\" href=\"https:\/\/442.perfil.com\/noticias\/futbol\/sin-lionel-messi-rodrigo-de-paul-marco-su-primer-gol-en-inter-miami-triunfo-y-boleto-a-cuartos-de-final-de-la-leagues-cup.phtml\">clasificaci\u00f3n a los<\/a><\/strong><a target=\"_blank\" href=\"https:\/\/442.perfil.com\/noticias\/futbol\/sin-lionel-messi-rodrigo-de-paul-marco-su-primer-gol-en-inter-miami-triunfo-y-boleto-a-cuartos-de-final-de-la-leagues-cup.phtml\"> <strong>cuartos de final de la Leagues Cup con un gol de Rodrigo De Paul<\/strong><\/a>, <strong><a target=\"_blank\" href=\"https:\/\/442.perfil.com\/noticias\/futbol\/ciro-messi-deslumbro-a-los-hinchas-en-la-cancha-de-inter-miami-cano-gol-y-talento-heredado.phtml\">Inter Miami<\/a> <\/strong>volver\u00e1 a las canchas este mismo domingo, y no ser\u00e1 ante un rival menor: se medir\u00e1 ante el Orlando City.<\/p>\n<p><em>Las Garzas<\/em> retomar\u00e1n la actividad de la Major League Soccer y lo har\u00e1n nada m\u00e1s y nada menos que en una nueva edici\u00f3n del cl\u00e1sico de Florida. Sin embargo, recibieron malas noticias:<strong> Lionel Messi contin\u00faa lesionado.<\/strong><\/p>\n<div style=\"text-align:center\">\n<figure class=\"image\" style=\"display:inline-block\"><img decoding=\"async\" style=\"max-width: 100%; width: 100%;\" alt=\"messi\" height=\"636\" src=\"https:\/\/fotos.perfil.com\/\/\/2025\/08\/04\/900\/0\/messi-2073568.jpg\" width=\"509\" loading=\"lazy\"\/>&#13;<figcaption>Messi se lesion\u00f3 durante el partido ante el Necaxa de Fernando Gago<\/figcaption>&#13;<br \/>\n<\/figure>\n<\/div>\n<p class=\"destacadoNota\"><a target=\"_blank\" href=\"https:\/\/442.perfil.com\/noticias\/futbol\/la-reaccion-de-messi-durante-el-gol-de-paredes-el-campeon-del-mundo-pudo-robarle-una-gratificante-sonrisa.phtml\">La reacci\u00f3n de Messi durante el primer gol de Rodrigo de Paul con Inter Miami<\/a><\/p>\n<p>En la antesala de este enfrentamiento trascendental, exist\u00eda una m\u00ednima posibilidad de volver a ver al astro argentino en las canchas, pero el director t\u00e9cnico <strong>Javier Mascherano lo descart\u00f3 por completo y dio m\u00e1s detalles sobre su recuperaci\u00f3n.<\/strong><\/p>\n<p><iframe id=\"vrudo\" class=\"vrudo\" src=\"https:\/\/rudo.video\/vod\/bUKLxc?volume=0\" width=\"100%\" height=\"100%\" allowscriptaccess=\"always\" allowfullscreen=\"true\" webkitallowfullscreen=\"true\" frameborder=\"0\" scrolling=\"no\" allow=\"autoplay; fullscreen\" loading=\"lazy\"><\/iframe><\/p>\n<p>Al momento de responder la pregunta si estar\u00eda disponible para el cl\u00e1sico, el argentino fue contundente y explic\u00f3:<strong> \u00abSer\u00eda una locura\u00a0tomar alg\u00fan\u00a0riesgo de llevarlo ma\u00f1ana a Orlando por\u00a0todo lo que se nos viene\u00bb.<\/strong><\/p>\n<p>El Jefecito hizo alusi\u00f3n a los pr\u00f3ximos compromisos que deber\u00e1 afrontar Inter Miami, que ser\u00e1n ante Los Angeles Galaxy o, en caso de avanzar a cuartos de final, frente a Tigres de M\u00e9xico.<\/p>\n<p class=\"destacadoNota\"><a target=\"_blank\" href=\"https:\/\/442.perfil.com\/noticias\/futbol\/ciro-messi-deslumbro-a-los-hinchas-en-la-cancha-de-inter-miami-cano-gol-y-talento-heredado.phtml\">Ciro Messi deslumbr\u00f3 a los hinchas en la cancha de Inter Miami: ca\u00f1o, gol y talento heredado<\/a><\/p>\n<div style=\"text-align:center\">\n<figure class=\"image\" style=\"display:inline-block\"><img decoding=\"async\" style=\"max-width: 100%; width: 100%;\" alt=\"messi\" height=\"416\" src=\"https:\/\/fotos.perfil.com\/\/\/2025\/08\/02\/900\/0\/messi-leison-necaxa-2073241.jpg\" width=\"739\" loading=\"lazy\"\/>&#13;<figcaption>Messi volver\u00e1 a los entrenamientos en los pr\u00f3ximos d\u00edas<\/figcaption>&#13;<br \/>\n<\/figure>\n<\/div>\n<p>De todas formas, reconoci\u00f3 que <strong>\u201cLeo est\u00e1 bien\u201d<\/strong> y <strong>se mostr\u00f3 optimista con respecto a su recuperaci\u00f3n<\/strong>, asegurando que pronto volver\u00e1 a entrenar junto a sus compa\u00f1eros del plantel estadounidense.<\/p>\n<p>Cabe recordar que<em> Las Garzas <\/em>volver\u00e1n a la acci\u00f3n<strong> este domingo a las 21:00 horas<\/strong>, cuando se enfrenten a Orlando City por una nueva jornada de la Major League Soccer.<\/p>\n<p>\u00a0<\/p>\n<p>FMZ<\/p>\n<p>\t\t\t\t\t<!-- tags --><\/p><\/div>\n<p><script async defer crossorigin=\"anonymous\" src=\"https:\/\/connect.facebook.net\/es_LA\/sdk.js#xfbml=1&#038;version=v10.0&#038;appId=2243118389309392&#038;autoLogAppEvents=1\" nonce=\"9rD4vd6X\"><\/script><\/p>\n","protected":false},"excerpt":{"rendered":"<p>Luego de haber conseguido la clasificaci\u00f3n a los cuartos de final de la Leagues Cup con un gol de Rodrigo De Paul, Inter Miami volver\u00e1 a las canchas este mismo domingo, y no ser\u00e1 ante un rival menor: se medir\u00e1 ante el Orlando City. Las Garzas retomar\u00e1n la actividad de la Major League Soccer y [&hellip;]<\/p>\n","protected":false},"author":2,"featured_media":142804,"comment_status":"closed","ping_status":"closed","sticky":false,"template":"","format":"standard","meta":{"footnotes":""},"categories":[25],"tags":[],"class_list":["post-142803","post","type-post","status-publish","format-standard","has-post-thumbnail","hentry","category-nacionales"],"yoast_head":"<!-- This site is optimized with the Yoast SEO plugin v24.4 - https:\/\/yoast.com\/wordpress\/plugins\/seo\/ -->\n<title>\u00bfC\u00f3mo evoluciona la lesi\u00f3n de Lionel Messi?: Javier Mascherano dio m\u00e1s detalles - GYS NOTICIAS |<\/title>\n<meta name=\"robots\" content=\"index, follow, max-snippet:-1, max-image-preview:large, max-video-preview:-1\" \/>\n<link rel=\"canonical\" href=\"https:\/\/gysfm.com.ar\/inicio\/como-evoluciona-la-lesion-de-lionel-messi-javier-mascherano-dio-mas-detalles\/\" \/>\n<meta property=\"og:locale\" content=\"es_ES\" \/>\n<meta property=\"og:type\" content=\"article\" \/>\n<meta property=\"og:title\" content=\"\u00bfC\u00f3mo evoluciona la lesi\u00f3n de Lionel Messi?: Javier Mascherano dio m\u00e1s detalles - GYS NOTICIAS |\" \/>\n<meta property=\"og:description\" content=\"Luego de haber conseguido la clasificaci\u00f3n a los cuartos de final de la Leagues Cup con un gol de Rodrigo De Paul, Inter Miami volver\u00e1 a las canchas este mismo domingo, y no ser\u00e1 ante un rival menor: se medir\u00e1 ante el Orlando City. Las Garzas retomar\u00e1n la actividad de la Major League Soccer y [&hellip;]\" \/>\n<meta property=\"og:url\" content=\"https:\/\/gysfm.com.ar\/inicio\/como-evoluciona-la-lesion-de-lionel-messi-javier-mascherano-dio-mas-detalles\/\" \/>\n<meta property=\"og:site_name\" content=\"GYS NOTICIAS |\" \/>\n<meta property=\"article:published_time\" content=\"2025-08-09T22:49:07+00:00\" \/>\n<meta property=\"og:image\" content=\"https:\/\/fotos.perfil.com\/\/\/2025\/08\/04\/900\/0\/messi-2073568.jpg\" \/>\n<meta name=\"author\" content=\"Prensa G&amp;S FM\" \/>\n<meta name=\"twitter:card\" content=\"summary_large_image\" \/>\n<meta name=\"twitter:label1\" content=\"Escrito por\" \/>\n\t<meta name=\"twitter:data1\" content=\"Prensa G&amp;S FM\" \/>\n\t<meta name=\"twitter:label2\" content=\"Tiempo de lectura\" \/>\n\t<meta name=\"twitter:data2\" content=\"2 minutos\" \/>\n<script type=\"application\/ld+json\" class=\"yoast-schema-graph\">{\"@context\":\"https:\/\/schema.org\",\"@graph\":[{\"@type\":\"Article\",\"@id\":\"https:\/\/gysfm.com.ar\/inicio\/como-evoluciona-la-lesion-de-lionel-messi-javier-mascherano-dio-mas-detalles\/#article\",\"isPartOf\":{\"@id\":\"https:\/\/gysfm.com.ar\/inicio\/como-evoluciona-la-lesion-de-lionel-messi-javier-mascherano-dio-mas-detalles\/\"},\"author\":{\"name\":\"Prensa G&amp;S FM\",\"@id\":\"https:\/\/gysfm.com.ar\/inicio\/#\/schema\/person\/3abba7593ef2ad19e1be221d54383dc5\"},\"headline\":\"\u00bfC\u00f3mo evoluciona la lesi\u00f3n de Lionel Messi?: Javier Mascherano dio m\u00e1s detalles\",\"datePublished\":\"2025-08-09T22:49:07+00:00\",\"mainEntityOfPage\":{\"@id\":\"https:\/\/gysfm.com.ar\/inicio\/como-evoluciona-la-lesion-de-lionel-messi-javier-mascherano-dio-mas-detalles\/\"},\"wordCount\":344,\"publisher\":{\"@id\":\"https:\/\/gysfm.com.ar\/inicio\/#organization\"},\"image\":{\"@id\":\"https:\/\/gysfm.com.ar\/inicio\/como-evoluciona-la-lesion-de-lionel-messi-javier-mascherano-dio-mas-detalles\/#primaryimage\"},\"thumbnailUrl\":\"https:\/\/gysfm.com.ar\/inicio\/wp-content\/uploads\/2025\/08\/lionel-messi-2077370.jpg\",\"articleSection\":[\"NACIONALES\"],\"inLanguage\":\"es\"},{\"@type\":\"WebPage\",\"@id\":\"https:\/\/gysfm.com.ar\/inicio\/como-evoluciona-la-lesion-de-lionel-messi-javier-mascherano-dio-mas-detalles\/\",\"url\":\"https:\/\/gysfm.com.ar\/inicio\/como-evoluciona-la-lesion-de-lionel-messi-javier-mascherano-dio-mas-detalles\/\",\"name\":\"\u00bfC\u00f3mo evoluciona la lesi\u00f3n de Lionel Messi?: Javier Mascherano dio m\u00e1s detalles - GYS NOTICIAS |\",\"isPartOf\":{\"@id\":\"https:\/\/gysfm.com.ar\/inicio\/#website\"},\"primaryImageOfPage\":{\"@id\":\"https:\/\/gysfm.com.ar\/inicio\/como-evoluciona-la-lesion-de-lionel-messi-javier-mascherano-dio-mas-detalles\/#primaryimage\"},\"image\":{\"@id\":\"https:\/\/gysfm.com.ar\/inicio\/como-evoluciona-la-lesion-de-lionel-messi-javier-mascherano-dio-mas-detalles\/#primaryimage\"},\"thumbnailUrl\":\"https:\/\/gysfm.com.ar\/inicio\/wp-content\/uploads\/2025\/08\/lionel-messi-2077370.jpg\",\"datePublished\":\"2025-08-09T22:49:07+00:00\",\"breadcrumb\":{\"@id\":\"https:\/\/gysfm.com.ar\/inicio\/como-evoluciona-la-lesion-de-lionel-messi-javier-mascherano-dio-mas-detalles\/#breadcrumb\"},\"inLanguage\":\"es\",\"potentialAction\":[{\"@type\":\"ReadAction\",\"target\":[\"https:\/\/gysfm.com.ar\/inicio\/como-evoluciona-la-lesion-de-lionel-messi-javier-mascherano-dio-mas-detalles\/\"]}]},{\"@type\":\"ImageObject\",\"inLanguage\":\"es\",\"@id\":\"https:\/\/gysfm.com.ar\/inicio\/como-evoluciona-la-lesion-de-lionel-messi-javier-mascherano-dio-mas-detalles\/#primaryimage\",\"url\":\"https:\/\/gysfm.com.ar\/inicio\/wp-content\/uploads\/2025\/08\/lionel-messi-2077370.jpg\",\"contentUrl\":\"https:\/\/gysfm.com.ar\/inicio\/wp-content\/uploads\/2025\/08\/lionel-messi-2077370.jpg\",\"width\":1140,\"height\":641},{\"@type\":\"BreadcrumbList\",\"@id\":\"https:\/\/gysfm.com.ar\/inicio\/como-evoluciona-la-lesion-de-lionel-messi-javier-mascherano-dio-mas-detalles\/#breadcrumb\",\"itemListElement\":[{\"@type\":\"ListItem\",\"position\":1,\"name\":\"Portada\",\"item\":\"https:\/\/gysfm.com.ar\/inicio\/\"},{\"@type\":\"ListItem\",\"position\":2,\"name\":\"\u00bfC\u00f3mo evoluciona la lesi\u00f3n de Lionel Messi?: Javier Mascherano dio m\u00e1s detalles\"}]},{\"@type\":\"WebSite\",\"@id\":\"https:\/\/gysfm.com.ar\/inicio\/#website\",\"url\":\"https:\/\/gysfm.com.ar\/inicio\/\",\"name\":\"GYS NOTICIAS |\",\"description\":\"DIARIO - RADIO ONLINE SAN JUAN ARGENTINA\",\"publisher\":{\"@id\":\"https:\/\/gysfm.com.ar\/inicio\/#organization\"},\"potentialAction\":[{\"@type\":\"SearchAction\",\"target\":{\"@type\":\"EntryPoint\",\"urlTemplate\":\"https:\/\/gysfm.com.ar\/inicio\/?s={search_term_string}\"},\"query-input\":{\"@type\":\"PropertyValueSpecification\",\"valueRequired\":true,\"valueName\":\"search_term_string\"}}],\"inLanguage\":\"es\"},{\"@type\":\"Organization\",\"@id\":\"https:\/\/gysfm.com.ar\/inicio\/#organization\",\"name\":\"GYS NOTICIAS |\",\"url\":\"https:\/\/gysfm.com.ar\/inicio\/\",\"logo\":{\"@type\":\"ImageObject\",\"inLanguage\":\"es\",\"@id\":\"https:\/\/gysfm.com.ar\/inicio\/#\/schema\/logo\/image\/\",\"url\":\"https:\/\/gysfm.com.ar\/inicio\/wp-content\/uploads\/2023\/07\/LOGOGYS-OK.png\",\"contentUrl\":\"https:\/\/gysfm.com.ar\/inicio\/wp-content\/uploads\/2023\/07\/LOGOGYS-OK.png\",\"width\":1170,\"height\":872,\"caption\":\"GYS NOTICIAS |\"},\"image\":{\"@id\":\"https:\/\/gysfm.com.ar\/inicio\/#\/schema\/logo\/image\/\"}},{\"@type\":\"Person\",\"@id\":\"https:\/\/gysfm.com.ar\/inicio\/#\/schema\/person\/3abba7593ef2ad19e1be221d54383dc5\",\"name\":\"Prensa G&amp;S FM\",\"image\":{\"@type\":\"ImageObject\",\"inLanguage\":\"es\",\"@id\":\"https:\/\/gysfm.com.ar\/inicio\/#\/schema\/person\/image\/\",\"url\":\"https:\/\/secure.gravatar.com\/avatar\/096ec78df02049ab018702bb4ccedf659377fa92a26540b5247612077a0dbd29?s=96&d=mm&r=g\",\"contentUrl\":\"https:\/\/secure.gravatar.com\/avatar\/096ec78df02049ab018702bb4ccedf659377fa92a26540b5247612077a0dbd29?s=96&d=mm&r=g\",\"caption\":\"Prensa G&amp;S FM\"},\"sameAs\":[\"https:\/\/gysfm.com.ar\/\"],\"url\":\"https:\/\/gysfm.com.ar\/inicio\/author\/lucasm\/\"}]}<\/script>\n<!-- \/ Yoast SEO plugin. -->","yoast_head_json":{"title":"\u00bfC\u00f3mo evoluciona la lesi\u00f3n de Lionel Messi?: Javier Mascherano dio m\u00e1s detalles - GYS NOTICIAS |","robots":{"index":"index","follow":"follow","max-snippet":"max-snippet:-1","max-image-preview":"max-image-preview:large","max-video-preview":"max-video-preview:-1"},"canonical":"https:\/\/gysfm.com.ar\/inicio\/como-evoluciona-la-lesion-de-lionel-messi-javier-mascherano-dio-mas-detalles\/","og_locale":"es_ES","og_type":"article","og_title":"\u00bfC\u00f3mo evoluciona la lesi\u00f3n de Lionel Messi?: Javier Mascherano dio m\u00e1s detalles - GYS NOTICIAS |","og_description":"Luego de haber conseguido la clasificaci\u00f3n a los cuartos de final de la Leagues Cup con un gol de Rodrigo De Paul, Inter Miami volver\u00e1 a las canchas este mismo domingo, y no ser\u00e1 ante un rival menor: se medir\u00e1 ante el Orlando City. Las Garzas retomar\u00e1n la actividad de la Major League Soccer y [&hellip;]","og_url":"https:\/\/gysfm.com.ar\/inicio\/como-evoluciona-la-lesion-de-lionel-messi-javier-mascherano-dio-mas-detalles\/","og_site_name":"GYS NOTICIAS |","article_published_time":"2025-08-09T22:49:07+00:00","og_image":[{"url":"https:\/\/fotos.perfil.com\/\/\/2025\/08\/04\/900\/0\/messi-2073568.jpg","type":"","width":"","height":""}],"author":"Prensa G&amp;S FM","twitter_card":"summary_large_image","twitter_misc":{"Escrito por":"Prensa G&amp;S FM","Tiempo de lectura":"2 minutos"},"schema":{"@context":"https:\/\/schema.org","@graph":[{"@type":"Article","@id":"https:\/\/gysfm.com.ar\/inicio\/como-evoluciona-la-lesion-de-lionel-messi-javier-mascherano-dio-mas-detalles\/#article","isPartOf":{"@id":"https:\/\/gysfm.com.ar\/inicio\/como-evoluciona-la-lesion-de-lionel-messi-javier-mascherano-dio-mas-detalles\/"},"author":{"name":"Prensa G&amp;S FM","@id":"https:\/\/gysfm.com.ar\/inicio\/#\/schema\/person\/3abba7593ef2ad19e1be221d54383dc5"},"headline":"\u00bfC\u00f3mo evoluciona la lesi\u00f3n de Lionel Messi?: Javier Mascherano dio m\u00e1s detalles","datePublished":"2025-08-09T22:49:07+00:00","mainEntityOfPage":{"@id":"https:\/\/gysfm.com.ar\/inicio\/como-evoluciona-la-lesion-de-lionel-messi-javier-mascherano-dio-mas-detalles\/"},"wordCount":344,"publisher":{"@id":"https:\/\/gysfm.com.ar\/inicio\/#organization"},"image":{"@id":"https:\/\/gysfm.com.ar\/inicio\/como-evoluciona-la-lesion-de-lionel-messi-javier-mascherano-dio-mas-detalles\/#primaryimage"},"thumbnailUrl":"https:\/\/gysfm.com.ar\/inicio\/wp-content\/uploads\/2025\/08\/lionel-messi-2077370.jpg","articleSection":["NACIONALES"],"inLanguage":"es"},{"@type":"WebPage","@id":"https:\/\/gysfm.com.ar\/inicio\/como-evoluciona-la-lesion-de-lionel-messi-javier-mascherano-dio-mas-detalles\/","url":"https:\/\/gysfm.com.ar\/inicio\/como-evoluciona-la-lesion-de-lionel-messi-javier-mascherano-dio-mas-detalles\/","name":"\u00bfC\u00f3mo evoluciona la lesi\u00f3n de Lionel Messi?: Javier Mascherano dio m\u00e1s detalles - GYS NOTICIAS |","isPartOf":{"@id":"https:\/\/gysfm.com.ar\/inicio\/#website"},"primaryImageOfPage":{"@id":"https:\/\/gysfm.com.ar\/inicio\/como-evoluciona-la-lesion-de-lionel-messi-javier-mascherano-dio-mas-detalles\/#primaryimage"},"image":{"@id":"https:\/\/gysfm.com.ar\/inicio\/como-evoluciona-la-lesion-de-lionel-messi-javier-mascherano-dio-mas-detalles\/#primaryimage"},"thumbnailUrl":"https:\/\/gysfm.com.ar\/inicio\/wp-content\/uploads\/2025\/08\/lionel-messi-2077370.jpg","datePublished":"2025-08-09T22:49:07+00:00","breadcrumb":{"@id":"https:\/\/gysfm.com.ar\/inicio\/como-evoluciona-la-lesion-de-lionel-messi-javier-mascherano-dio-mas-detalles\/#breadcrumb"},"inLanguage":"es","potentialAction":[{"@type":"ReadAction","target":["https:\/\/gysfm.com.ar\/inicio\/como-evoluciona-la-lesion-de-lionel-messi-javier-mascherano-dio-mas-detalles\/"]}]},{"@type":"ImageObject","inLanguage":"es","@id":"https:\/\/gysfm.com.ar\/inicio\/como-evoluciona-la-lesion-de-lionel-messi-javier-mascherano-dio-mas-detalles\/#primaryimage","url":"https:\/\/gysfm.com.ar\/inicio\/wp-content\/uploads\/2025\/08\/lionel-messi-2077370.jpg","contentUrl":"https:\/\/gysfm.com.ar\/inicio\/wp-content\/uploads\/2025\/08\/lionel-messi-2077370.jpg","width":1140,"height":641},{"@type":"BreadcrumbList","@id":"https:\/\/gysfm.com.ar\/inicio\/como-evoluciona-la-lesion-de-lionel-messi-javier-mascherano-dio-mas-detalles\/#breadcrumb","itemListElement":[{"@type":"ListItem","position":1,"name":"Portada","item":"https:\/\/gysfm.com.ar\/inicio\/"},{"@type":"ListItem","position":2,"name":"\u00bfC\u00f3mo evoluciona la lesi\u00f3n de Lionel Messi?: Javier Mascherano dio m\u00e1s detalles"}]},{"@type":"WebSite","@id":"https:\/\/gysfm.com.ar\/inicio\/#website","url":"https:\/\/gysfm.com.ar\/inicio\/","name":"GYS NOTICIAS |","description":"DIARIO - RADIO ONLINE SAN JUAN ARGENTINA","publisher":{"@id":"https:\/\/gysfm.com.ar\/inicio\/#organization"},"potentialAction":[{"@type":"SearchAction","target":{"@type":"EntryPoint","urlTemplate":"https:\/\/gysfm.com.ar\/inicio\/?s={search_term_string}"},"query-input":{"@type":"PropertyValueSpecification","valueRequired":true,"valueName":"search_term_string"}}],"inLanguage":"es"},{"@type":"Organization","@id":"https:\/\/gysfm.com.ar\/inicio\/#organization","name":"GYS NOTICIAS |","url":"https:\/\/gysfm.com.ar\/inicio\/","logo":{"@type":"ImageObject","inLanguage":"es","@id":"https:\/\/gysfm.com.ar\/inicio\/#\/schema\/logo\/image\/","url":"https:\/\/gysfm.com.ar\/inicio\/wp-content\/uploads\/2023\/07\/LOGOGYS-OK.png","contentUrl":"https:\/\/gysfm.com.ar\/inicio\/wp-content\/uploads\/2023\/07\/LOGOGYS-OK.png","width":1170,"height":872,"caption":"GYS NOTICIAS |"},"image":{"@id":"https:\/\/gysfm.com.ar\/inicio\/#\/schema\/logo\/image\/"}},{"@type":"Person","@id":"https:\/\/gysfm.com.ar\/inicio\/#\/schema\/person\/3abba7593ef2ad19e1be221d54383dc5","name":"Prensa G&amp;S FM","image":{"@type":"ImageObject","inLanguage":"es","@id":"https:\/\/gysfm.com.ar\/inicio\/#\/schema\/person\/image\/","url":"https:\/\/secure.gravatar.com\/avatar\/096ec78df02049ab018702bb4ccedf659377fa92a26540b5247612077a0dbd29?s=96&d=mm&r=g","contentUrl":"https:\/\/secure.gravatar.com\/avatar\/096ec78df02049ab018702bb4ccedf659377fa92a26540b5247612077a0dbd29?s=96&d=mm&r=g","caption":"Prensa G&amp;S FM"},"sameAs":["https:\/\/gysfm.com.ar\/"],"url":"https:\/\/gysfm.com.ar\/inicio\/author\/lucasm\/"}]}},"_links":{"self":[{"href":"https:\/\/gysfm.com.ar\/inicio\/wp-json\/wp\/v2\/posts\/142803","targetHints":{"allow":["GET"]}}],"collection":[{"href":"https:\/\/gysfm.com.ar\/inicio\/wp-json\/wp\/v2\/posts"}],"about":[{"href":"https:\/\/gysfm.com.ar\/inicio\/wp-json\/wp\/v2\/types\/post"}],"author":[{"embeddable":true,"href":"https:\/\/gysfm.com.ar\/inicio\/wp-json\/wp\/v2\/users\/2"}],"replies":[{"embeddable":true,"href":"https:\/\/gysfm.com.ar\/inicio\/wp-json\/wp\/v2\/comments?post=142803"}],"version-history":[{"count":0,"href":"https:\/\/gysfm.com.ar\/inicio\/wp-json\/wp\/v2\/posts\/142803\/revisions"}],"wp:featuredmedia":[{"embeddable":true,"href":"https:\/\/gysfm.com.ar\/inicio\/wp-json\/wp\/v2\/media\/142804"}],"wp:attachment":[{"href":"https:\/\/gysfm.com.ar\/inicio\/wp-json\/wp\/v2\/media?parent=142803"}],"wp:term":[{"taxonomy":"category","embeddable":true,"href":"https:\/\/gysfm.com.ar\/inicio\/wp-json\/wp\/v2\/categories?post=142803"},{"taxonomy":"post_tag","embeddable":true,"href":"https:\/\/gysfm.com.ar\/inicio\/wp-json\/wp\/v2\/tags?post=142803"}],"curies":[{"name":"wp","href":"https:\/\/api.w.org\/{rel}","templated":true}]}}