{"id":142802,"date":"2025-08-09T19:18:05","date_gmt":"2025-08-09T22:18:05","guid":{"rendered":"https:\/\/gysfm.com.ar\/inicio\/streaming-exclusivo-con-agustin-salvia-y-pablo-helman-pobreza-desarrollo-u-calidad-de-vida\/"},"modified":"2025-08-09T19:18:05","modified_gmt":"2025-08-09T22:18:05","slug":"streaming-exclusivo-con-agustin-salvia-y-pablo-helman-pobreza-desarrollo-u-calidad-de-vida","status":"publish","type":"post","link":"https:\/\/gysfm.com.ar\/inicio\/streaming-exclusivo-con-agustin-salvia-y-pablo-helman-pobreza-desarrollo-u-calidad-de-vida\/","title":{"rendered":"Streaming exclusivo con Agust\u00edn Salvia y Pablo Helman: pobreza, desarrollo u calidad de vida"},"content":{"rendered":"<p><\/p>\n<div id=\"article-content\">\n<p>El <strong>mi\u00e9rcoles 13 de agosto, a las 12 horas<\/strong>, los suscriptores digitales podr\u00e1n acceder a un streaming especial encabezado por el director del Observatorio de la Deuda Social de la Universidad Cat\u00f3lica Argentina (UCA), el soci\u00f3logo e investigador <a target=\"_blank\" href=\"https:\/\/www.perfil.com\/noticias\/modo-fontevecchia\/agustin-salvia-todavia-estamos-transitando-la-crisis-del-regimen-anterior-modof.phtml\"><strong>Agust\u00edn Salvia<\/strong><\/a>, esta vez acompa\u00f1ado por <strong>Pablo Helman<\/strong>, Jefe de Redacci\u00f3n del <em>Diario Perfil<\/em>. El tema a abordar en la charla ser\u00e1 <strong>\u201cPobreza: \u00bfAlcanza con bajar la <a target=\"_blank\" href=\"https:\/\/www.perfil.com\/noticias\/economia\/la-inflacion-se-acelero-en-la-primera-semana-de-agosto-cuanto-impacto-la-suba-del-dolar.phtml\">inflaci\u00f3n<\/a>?\u201d<\/strong>,<strong> un an\u00e1lisis en el que debatir\u00e1n sobre las formas c\u00f3mo conseguir que el crecimiento se transforme en una mejor calidad de vida, aun en este contexto complicado para los argentinos. <\/strong><\/p>\n<p>Como se sabe, el conflicto entre <a target=\"_blank\" href=\"https:\/\/www.perfil.com\/noticias\/politica\/javier-milei-habla-en-cadena-nacional-sobre-los-vetos-a-las-leyes-del-congreso.phtml\"><strong>Javier Milei<\/strong><\/a> y el Congreso, que impulsa proyectos sociales, ha escalado todav\u00eda m\u00e1s tras la cadena nacional del Presidente este viernes 8 de agosto, ocasi\u00f3n en la que acus\u00f3 a los legisladores de socavar el super\u00e1vit fiscal y la estabilidad econ\u00f3mica para volver a llevar el pa\u00eds a la quiebra.<\/p>\n<p class=\"destacadoNota\"><a target=\"_blank\" href=\"https:\/\/www.perfil.com\/noticias\/politica\/javier-milei-habla-en-cadena-nacional-sobre-los-vetos-a-las-leyes-del-congreso.phtml\">Milei: \u00abEl Congreso cree que se puede imprimir riqueza, eso lleva al colapso y no voy a permitirlo\u00bb<\/a><\/p>\n<div class=\"subscription\">\n<p>\n        Esto no les gusta a los autoritarios\n    <\/p>\n<div class=\"subscription__container\">\n<div class=\"subscription__text-wrapper\">\n<p>\n                El ejercicio del periodismo profesional y cr\u00edtico es un pilar fundamental de la democracia. Por eso molesta a quienes creen ser los due\u00f1os de la verdad.\n            <\/p>\n<\/p><\/div><\/div>\n<\/div>\n<h2>La promesa del periodismo sin filtros<\/h2>\n<p><em>L\u00ednea Directa<\/em> es un espacio de an\u00e1lisis, donde la informaci\u00f3n se transforma en conocimiento. En un escenario nacional cada vez m\u00e1s complejo -con giros pol\u00edticos, sociales y econ\u00f3micos impredecibles-, este proyecto busca ofrecer respuestas desde un punto de vista cr\u00edtico, libre e independiente.<\/p>\n<h2>C\u00f3mo participar del streaming<\/h2>\n<p>La charla estar\u00e1 disponible de forma exclusiva para quienes cuenten con una suscripci\u00f3n activa a <em>Perfil<\/em>. Si ya est\u00e1s registrado, revis\u00e1 tu casilla desde el martes 12 de agosto para recibir tu invitaci\u00f3n personal. Y si a\u00fan no sos suscriptor, pod\u00e9s aprovechar la promoci\u00f3n vigente con el precio m\u00e1s bajo del a\u00f1o, ingresando en: <a target=\"_blank\" href=\"https:\/\/mi.perfil.com\/promo\/contenido-dinamico\"><strong>https:\/\/mi.perfil.com\/promo\/contenido-dinamico<\/strong><\/a><\/p>\n<p class=\"destacadoNota\"><a target=\"_blank\" href=\"https:\/\/Agust\u00edn Salvia explic\u00f3 por qu\u00e9 \">Agust\u00edn Salvia explic\u00f3 por qu\u00e9 \u00abno hay mucho que festejar\u00bb sobre la ca\u00edda de la pobreza que celebra Milei<\/a><\/p>\n<p>Esta semana, suscribi\u00e9ndote al <em>Plan Total de Perfil <\/em>con el mayor descuento, no solo acced\u00e9s a todo nuestro contenido sin l\u00edmites, al Kiosco Digital, charlas exclusivas y cursos gratuitos, sino que adem\u00e1s particip\u00e1s por un premio especial: una caja de copas de vino <strong>Schott Zwiesel<\/strong>, la marca alemana reconocida en todo el mundo por su dise\u00f1o y durabilidad.<\/p>\n<p>No es cualquier copa: el cristal Tritan\u00ae de Schott Zwiesel combina elegancia, resistencia y una pureza que realza cada vino. Y pod\u00e9s llev\u00e1rtelas gratis, solo por elegir el Plan Total esta semana.<\/p>\n<\/p><\/div>\n<p><script>\n                !function(f,b,e,v,n,t,s)\n                {if(f.fbq)return;n=f.fbq=function(){n.callMethod?\n                    n.callMethod.apply(n,arguments):n.queue.push(arguments)};\n                    if(!f._fbq)f._fbq=n;n.push=n;n.loaded=!0;n.version='2.0';\n                    n.queue=[];t=b.createElement(e);t.async=!0;\n                    t.src=v;s=b.getElementsByTagName(e)[0];\n                    s.parentNode.insertBefore(t,s)}(window, document,'script',\n                    'https:\/\/connect.facebook.net\/en_US\/fbevents.js');\n                window.paywallConfig.facebook_pixel=\"1000228364089342\"\n            <\/script><\/p>\n","protected":false},"excerpt":{"rendered":"<p>El mi\u00e9rcoles 13 de agosto, a las 12 horas, los suscriptores digitales podr\u00e1n acceder a un streaming especial encabezado por el director del Observatorio de la Deuda Social de la Universidad Cat\u00f3lica Argentina (UCA), el soci\u00f3logo e investigador Agust\u00edn Salvia, esta vez acompa\u00f1ado por Pablo Helman, Jefe de Redacci\u00f3n del Diario Perfil. El tema a [&hellip;]<\/p>\n","protected":false},"author":2,"featured_media":106874,"comment_status":"closed","ping_status":"closed","sticky":false,"template":"","format":"standard","meta":{"footnotes":""},"categories":[25],"tags":[],"class_list":["post-142802","post","type-post","status-publish","format-standard","has-post-thumbnail","hentry","category-nacionales"],"yoast_head":"<!-- This site is optimized with the Yoast SEO plugin v24.4 - https:\/\/yoast.com\/wordpress\/plugins\/seo\/ -->\n<title>Streaming exclusivo con Agust\u00edn Salvia y Pablo Helman: pobreza, desarrollo u calidad de vida - GYS NOTICIAS |<\/title>\n<meta name=\"robots\" content=\"index, follow, max-snippet:-1, max-image-preview:large, max-video-preview:-1\" \/>\n<link rel=\"canonical\" href=\"https:\/\/gysfm.com.ar\/inicio\/streaming-exclusivo-con-agustin-salvia-y-pablo-helman-pobreza-desarrollo-u-calidad-de-vida\/\" \/>\n<meta property=\"og:locale\" content=\"es_ES\" \/>\n<meta property=\"og:type\" content=\"article\" \/>\n<meta property=\"og:title\" content=\"Streaming exclusivo con Agust\u00edn Salvia y Pablo Helman: pobreza, desarrollo u calidad de vida - GYS NOTICIAS |\" \/>\n<meta property=\"og:description\" content=\"El mi\u00e9rcoles 13 de agosto, a las 12 horas, los suscriptores digitales podr\u00e1n acceder a un streaming especial encabezado por el director del Observatorio de la Deuda Social de la Universidad Cat\u00f3lica Argentina (UCA), el soci\u00f3logo e investigador Agust\u00edn Salvia, esta vez acompa\u00f1ado por Pablo Helman, Jefe de Redacci\u00f3n del Diario Perfil. El tema a [&hellip;]\" \/>\n<meta property=\"og:url\" content=\"https:\/\/gysfm.com.ar\/inicio\/streaming-exclusivo-con-agustin-salvia-y-pablo-helman-pobreza-desarrollo-u-calidad-de-vida\/\" \/>\n<meta property=\"og:site_name\" content=\"GYS NOTICIAS |\" \/>\n<meta property=\"article:published_time\" content=\"2025-08-09T22:18:05+00:00\" \/>\n<meta name=\"author\" content=\"Prensa G&amp;S FM\" \/>\n<meta name=\"twitter:card\" content=\"summary_large_image\" \/>\n<meta name=\"twitter:label1\" content=\"Escrito por\" \/>\n\t<meta name=\"twitter:data1\" content=\"Prensa G&amp;S FM\" \/>\n\t<meta name=\"twitter:label2\" content=\"Tiempo de lectura\" \/>\n\t<meta name=\"twitter:data2\" content=\"2 minutos\" \/>\n<script type=\"application\/ld+json\" class=\"yoast-schema-graph\">{\"@context\":\"https:\/\/schema.org\",\"@graph\":[{\"@type\":\"Article\",\"@id\":\"https:\/\/gysfm.com.ar\/inicio\/streaming-exclusivo-con-agustin-salvia-y-pablo-helman-pobreza-desarrollo-u-calidad-de-vida\/#article\",\"isPartOf\":{\"@id\":\"https:\/\/gysfm.com.ar\/inicio\/streaming-exclusivo-con-agustin-salvia-y-pablo-helman-pobreza-desarrollo-u-calidad-de-vida\/\"},\"author\":{\"name\":\"Prensa G&amp;S FM\",\"@id\":\"https:\/\/gysfm.com.ar\/inicio\/#\/schema\/person\/3abba7593ef2ad19e1be221d54383dc5\"},\"headline\":\"Streaming exclusivo con Agust\u00edn Salvia y Pablo Helman: pobreza, desarrollo u calidad de vida\",\"datePublished\":\"2025-08-09T22:18:05+00:00\",\"mainEntityOfPage\":{\"@id\":\"https:\/\/gysfm.com.ar\/inicio\/streaming-exclusivo-con-agustin-salvia-y-pablo-helman-pobreza-desarrollo-u-calidad-de-vida\/\"},\"wordCount\":481,\"publisher\":{\"@id\":\"https:\/\/gysfm.com.ar\/inicio\/#organization\"},\"image\":{\"@id\":\"https:\/\/gysfm.com.ar\/inicio\/streaming-exclusivo-con-agustin-salvia-y-pablo-helman-pobreza-desarrollo-u-calidad-de-vida\/#primaryimage\"},\"thumbnailUrl\":\"https:\/\/gysfm.com.ar\/inicio\/wp-content\/uploads\/2025\/04\/agustin-salvia-economista-1856226.jpg\",\"articleSection\":[\"NACIONALES\"],\"inLanguage\":\"es\"},{\"@type\":\"WebPage\",\"@id\":\"https:\/\/gysfm.com.ar\/inicio\/streaming-exclusivo-con-agustin-salvia-y-pablo-helman-pobreza-desarrollo-u-calidad-de-vida\/\",\"url\":\"https:\/\/gysfm.com.ar\/inicio\/streaming-exclusivo-con-agustin-salvia-y-pablo-helman-pobreza-desarrollo-u-calidad-de-vida\/\",\"name\":\"Streaming exclusivo con Agust\u00edn Salvia y Pablo Helman: pobreza, desarrollo u calidad de vida - GYS NOTICIAS |\",\"isPartOf\":{\"@id\":\"https:\/\/gysfm.com.ar\/inicio\/#website\"},\"primaryImageOfPage\":{\"@id\":\"https:\/\/gysfm.com.ar\/inicio\/streaming-exclusivo-con-agustin-salvia-y-pablo-helman-pobreza-desarrollo-u-calidad-de-vida\/#primaryimage\"},\"image\":{\"@id\":\"https:\/\/gysfm.com.ar\/inicio\/streaming-exclusivo-con-agustin-salvia-y-pablo-helman-pobreza-desarrollo-u-calidad-de-vida\/#primaryimage\"},\"thumbnailUrl\":\"https:\/\/gysfm.com.ar\/inicio\/wp-content\/uploads\/2025\/04\/agustin-salvia-economista-1856226.jpg\",\"datePublished\":\"2025-08-09T22:18:05+00:00\",\"breadcrumb\":{\"@id\":\"https:\/\/gysfm.com.ar\/inicio\/streaming-exclusivo-con-agustin-salvia-y-pablo-helman-pobreza-desarrollo-u-calidad-de-vida\/#breadcrumb\"},\"inLanguage\":\"es\",\"potentialAction\":[{\"@type\":\"ReadAction\",\"target\":[\"https:\/\/gysfm.com.ar\/inicio\/streaming-exclusivo-con-agustin-salvia-y-pablo-helman-pobreza-desarrollo-u-calidad-de-vida\/\"]}]},{\"@type\":\"ImageObject\",\"inLanguage\":\"es\",\"@id\":\"https:\/\/gysfm.com.ar\/inicio\/streaming-exclusivo-con-agustin-salvia-y-pablo-helman-pobreza-desarrollo-u-calidad-de-vida\/#primaryimage\",\"url\":\"https:\/\/gysfm.com.ar\/inicio\/wp-content\/uploads\/2025\/04\/agustin-salvia-economista-1856226.jpg\",\"contentUrl\":\"https:\/\/gysfm.com.ar\/inicio\/wp-content\/uploads\/2025\/04\/agustin-salvia-economista-1856226.jpg\",\"width\":1140,\"height\":641},{\"@type\":\"BreadcrumbList\",\"@id\":\"https:\/\/gysfm.com.ar\/inicio\/streaming-exclusivo-con-agustin-salvia-y-pablo-helman-pobreza-desarrollo-u-calidad-de-vida\/#breadcrumb\",\"itemListElement\":[{\"@type\":\"ListItem\",\"position\":1,\"name\":\"Portada\",\"item\":\"https:\/\/gysfm.com.ar\/inicio\/\"},{\"@type\":\"ListItem\",\"position\":2,\"name\":\"Streaming exclusivo con Agust\u00edn Salvia y Pablo Helman: pobreza, desarrollo u calidad de vida\"}]},{\"@type\":\"WebSite\",\"@id\":\"https:\/\/gysfm.com.ar\/inicio\/#website\",\"url\":\"https:\/\/gysfm.com.ar\/inicio\/\",\"name\":\"GYS NOTICIAS |\",\"description\":\"DIARIO - RADIO ONLINE SAN JUAN ARGENTINA\",\"publisher\":{\"@id\":\"https:\/\/gysfm.com.ar\/inicio\/#organization\"},\"potentialAction\":[{\"@type\":\"SearchAction\",\"target\":{\"@type\":\"EntryPoint\",\"urlTemplate\":\"https:\/\/gysfm.com.ar\/inicio\/?s={search_term_string}\"},\"query-input\":{\"@type\":\"PropertyValueSpecification\",\"valueRequired\":true,\"valueName\":\"search_term_string\"}}],\"inLanguage\":\"es\"},{\"@type\":\"Organization\",\"@id\":\"https:\/\/gysfm.com.ar\/inicio\/#organization\",\"name\":\"GYS NOTICIAS |\",\"url\":\"https:\/\/gysfm.com.ar\/inicio\/\",\"logo\":{\"@type\":\"ImageObject\",\"inLanguage\":\"es\",\"@id\":\"https:\/\/gysfm.com.ar\/inicio\/#\/schema\/logo\/image\/\",\"url\":\"https:\/\/gysfm.com.ar\/inicio\/wp-content\/uploads\/2023\/07\/LOGOGYS-OK.png\",\"contentUrl\":\"https:\/\/gysfm.com.ar\/inicio\/wp-content\/uploads\/2023\/07\/LOGOGYS-OK.png\",\"width\":1170,\"height\":872,\"caption\":\"GYS NOTICIAS |\"},\"image\":{\"@id\":\"https:\/\/gysfm.com.ar\/inicio\/#\/schema\/logo\/image\/\"}},{\"@type\":\"Person\",\"@id\":\"https:\/\/gysfm.com.ar\/inicio\/#\/schema\/person\/3abba7593ef2ad19e1be221d54383dc5\",\"name\":\"Prensa G&amp;S FM\",\"image\":{\"@type\":\"ImageObject\",\"inLanguage\":\"es\",\"@id\":\"https:\/\/gysfm.com.ar\/inicio\/#\/schema\/person\/image\/\",\"url\":\"https:\/\/secure.gravatar.com\/avatar\/096ec78df02049ab018702bb4ccedf659377fa92a26540b5247612077a0dbd29?s=96&d=mm&r=g\",\"contentUrl\":\"https:\/\/secure.gravatar.com\/avatar\/096ec78df02049ab018702bb4ccedf659377fa92a26540b5247612077a0dbd29?s=96&d=mm&r=g\",\"caption\":\"Prensa G&amp;S FM\"},\"sameAs\":[\"https:\/\/gysfm.com.ar\/\"],\"url\":\"https:\/\/gysfm.com.ar\/inicio\/author\/lucasm\/\"}]}<\/script>\n<!-- \/ Yoast SEO plugin. -->","yoast_head_json":{"title":"Streaming exclusivo con Agust\u00edn Salvia y Pablo Helman: pobreza, desarrollo u calidad de vida - GYS NOTICIAS |","robots":{"index":"index","follow":"follow","max-snippet":"max-snippet:-1","max-image-preview":"max-image-preview:large","max-video-preview":"max-video-preview:-1"},"canonical":"https:\/\/gysfm.com.ar\/inicio\/streaming-exclusivo-con-agustin-salvia-y-pablo-helman-pobreza-desarrollo-u-calidad-de-vida\/","og_locale":"es_ES","og_type":"article","og_title":"Streaming exclusivo con Agust\u00edn Salvia y Pablo Helman: pobreza, desarrollo u calidad de vida - GYS NOTICIAS |","og_description":"El mi\u00e9rcoles 13 de agosto, a las 12 horas, los suscriptores digitales podr\u00e1n acceder a un streaming especial encabezado por el director del Observatorio de la Deuda Social de la Universidad Cat\u00f3lica Argentina (UCA), el soci\u00f3logo e investigador Agust\u00edn Salvia, esta vez acompa\u00f1ado por Pablo Helman, Jefe de Redacci\u00f3n del Diario Perfil. El tema a [&hellip;]","og_url":"https:\/\/gysfm.com.ar\/inicio\/streaming-exclusivo-con-agustin-salvia-y-pablo-helman-pobreza-desarrollo-u-calidad-de-vida\/","og_site_name":"GYS NOTICIAS |","article_published_time":"2025-08-09T22:18:05+00:00","author":"Prensa G&amp;S FM","twitter_card":"summary_large_image","twitter_misc":{"Escrito por":"Prensa G&amp;S FM","Tiempo de lectura":"2 minutos"},"schema":{"@context":"https:\/\/schema.org","@graph":[{"@type":"Article","@id":"https:\/\/gysfm.com.ar\/inicio\/streaming-exclusivo-con-agustin-salvia-y-pablo-helman-pobreza-desarrollo-u-calidad-de-vida\/#article","isPartOf":{"@id":"https:\/\/gysfm.com.ar\/inicio\/streaming-exclusivo-con-agustin-salvia-y-pablo-helman-pobreza-desarrollo-u-calidad-de-vida\/"},"author":{"name":"Prensa G&amp;S FM","@id":"https:\/\/gysfm.com.ar\/inicio\/#\/schema\/person\/3abba7593ef2ad19e1be221d54383dc5"},"headline":"Streaming exclusivo con Agust\u00edn Salvia y Pablo Helman: pobreza, desarrollo u calidad de vida","datePublished":"2025-08-09T22:18:05+00:00","mainEntityOfPage":{"@id":"https:\/\/gysfm.com.ar\/inicio\/streaming-exclusivo-con-agustin-salvia-y-pablo-helman-pobreza-desarrollo-u-calidad-de-vida\/"},"wordCount":481,"publisher":{"@id":"https:\/\/gysfm.com.ar\/inicio\/#organization"},"image":{"@id":"https:\/\/gysfm.com.ar\/inicio\/streaming-exclusivo-con-agustin-salvia-y-pablo-helman-pobreza-desarrollo-u-calidad-de-vida\/#primaryimage"},"thumbnailUrl":"https:\/\/gysfm.com.ar\/inicio\/wp-content\/uploads\/2025\/04\/agustin-salvia-economista-1856226.jpg","articleSection":["NACIONALES"],"inLanguage":"es"},{"@type":"WebPage","@id":"https:\/\/gysfm.com.ar\/inicio\/streaming-exclusivo-con-agustin-salvia-y-pablo-helman-pobreza-desarrollo-u-calidad-de-vida\/","url":"https:\/\/gysfm.com.ar\/inicio\/streaming-exclusivo-con-agustin-salvia-y-pablo-helman-pobreza-desarrollo-u-calidad-de-vida\/","name":"Streaming exclusivo con Agust\u00edn Salvia y Pablo Helman: pobreza, desarrollo u calidad de vida - GYS NOTICIAS |","isPartOf":{"@id":"https:\/\/gysfm.com.ar\/inicio\/#website"},"primaryImageOfPage":{"@id":"https:\/\/gysfm.com.ar\/inicio\/streaming-exclusivo-con-agustin-salvia-y-pablo-helman-pobreza-desarrollo-u-calidad-de-vida\/#primaryimage"},"image":{"@id":"https:\/\/gysfm.com.ar\/inicio\/streaming-exclusivo-con-agustin-salvia-y-pablo-helman-pobreza-desarrollo-u-calidad-de-vida\/#primaryimage"},"thumbnailUrl":"https:\/\/gysfm.com.ar\/inicio\/wp-content\/uploads\/2025\/04\/agustin-salvia-economista-1856226.jpg","datePublished":"2025-08-09T22:18:05+00:00","breadcrumb":{"@id":"https:\/\/gysfm.com.ar\/inicio\/streaming-exclusivo-con-agustin-salvia-y-pablo-helman-pobreza-desarrollo-u-calidad-de-vida\/#breadcrumb"},"inLanguage":"es","potentialAction":[{"@type":"ReadAction","target":["https:\/\/gysfm.com.ar\/inicio\/streaming-exclusivo-con-agustin-salvia-y-pablo-helman-pobreza-desarrollo-u-calidad-de-vida\/"]}]},{"@type":"ImageObject","inLanguage":"es","@id":"https:\/\/gysfm.com.ar\/inicio\/streaming-exclusivo-con-agustin-salvia-y-pablo-helman-pobreza-desarrollo-u-calidad-de-vida\/#primaryimage","url":"https:\/\/gysfm.com.ar\/inicio\/wp-content\/uploads\/2025\/04\/agustin-salvia-economista-1856226.jpg","contentUrl":"https:\/\/gysfm.com.ar\/inicio\/wp-content\/uploads\/2025\/04\/agustin-salvia-economista-1856226.jpg","width":1140,"height":641},{"@type":"BreadcrumbList","@id":"https:\/\/gysfm.com.ar\/inicio\/streaming-exclusivo-con-agustin-salvia-y-pablo-helman-pobreza-desarrollo-u-calidad-de-vida\/#breadcrumb","itemListElement":[{"@type":"ListItem","position":1,"name":"Portada","item":"https:\/\/gysfm.com.ar\/inicio\/"},{"@type":"ListItem","position":2,"name":"Streaming exclusivo con Agust\u00edn Salvia y Pablo Helman: pobreza, desarrollo u calidad de vida"}]},{"@type":"WebSite","@id":"https:\/\/gysfm.com.ar\/inicio\/#website","url":"https:\/\/gysfm.com.ar\/inicio\/","name":"GYS NOTICIAS |","description":"DIARIO - RADIO ONLINE SAN JUAN ARGENTINA","publisher":{"@id":"https:\/\/gysfm.com.ar\/inicio\/#organization"},"potentialAction":[{"@type":"SearchAction","target":{"@type":"EntryPoint","urlTemplate":"https:\/\/gysfm.com.ar\/inicio\/?s={search_term_string}"},"query-input":{"@type":"PropertyValueSpecification","valueRequired":true,"valueName":"search_term_string"}}],"inLanguage":"es"},{"@type":"Organization","@id":"https:\/\/gysfm.com.ar\/inicio\/#organization","name":"GYS NOTICIAS |","url":"https:\/\/gysfm.com.ar\/inicio\/","logo":{"@type":"ImageObject","inLanguage":"es","@id":"https:\/\/gysfm.com.ar\/inicio\/#\/schema\/logo\/image\/","url":"https:\/\/gysfm.com.ar\/inicio\/wp-content\/uploads\/2023\/07\/LOGOGYS-OK.png","contentUrl":"https:\/\/gysfm.com.ar\/inicio\/wp-content\/uploads\/2023\/07\/LOGOGYS-OK.png","width":1170,"height":872,"caption":"GYS NOTICIAS |"},"image":{"@id":"https:\/\/gysfm.com.ar\/inicio\/#\/schema\/logo\/image\/"}},{"@type":"Person","@id":"https:\/\/gysfm.com.ar\/inicio\/#\/schema\/person\/3abba7593ef2ad19e1be221d54383dc5","name":"Prensa G&amp;S FM","image":{"@type":"ImageObject","inLanguage":"es","@id":"https:\/\/gysfm.com.ar\/inicio\/#\/schema\/person\/image\/","url":"https:\/\/secure.gravatar.com\/avatar\/096ec78df02049ab018702bb4ccedf659377fa92a26540b5247612077a0dbd29?s=96&d=mm&r=g","contentUrl":"https:\/\/secure.gravatar.com\/avatar\/096ec78df02049ab018702bb4ccedf659377fa92a26540b5247612077a0dbd29?s=96&d=mm&r=g","caption":"Prensa G&amp;S FM"},"sameAs":["https:\/\/gysfm.com.ar\/"],"url":"https:\/\/gysfm.com.ar\/inicio\/author\/lucasm\/"}]}},"_links":{"self":[{"href":"https:\/\/gysfm.com.ar\/inicio\/wp-json\/wp\/v2\/posts\/142802","targetHints":{"allow":["GET"]}}],"collection":[{"href":"https:\/\/gysfm.com.ar\/inicio\/wp-json\/wp\/v2\/posts"}],"about":[{"href":"https:\/\/gysfm.com.ar\/inicio\/wp-json\/wp\/v2\/types\/post"}],"author":[{"embeddable":true,"href":"https:\/\/gysfm.com.ar\/inicio\/wp-json\/wp\/v2\/users\/2"}],"replies":[{"embeddable":true,"href":"https:\/\/gysfm.com.ar\/inicio\/wp-json\/wp\/v2\/comments?post=142802"}],"version-history":[{"count":0,"href":"https:\/\/gysfm.com.ar\/inicio\/wp-json\/wp\/v2\/posts\/142802\/revisions"}],"wp:featuredmedia":[{"embeddable":true,"href":"https:\/\/gysfm.com.ar\/inicio\/wp-json\/wp\/v2\/media\/106874"}],"wp:attachment":[{"href":"https:\/\/gysfm.com.ar\/inicio\/wp-json\/wp\/v2\/media?parent=142802"}],"wp:term":[{"taxonomy":"category","embeddable":true,"href":"https:\/\/gysfm.com.ar\/inicio\/wp-json\/wp\/v2\/categories?post=142802"},{"taxonomy":"post_tag","embeddable":true,"href":"https:\/\/gysfm.com.ar\/inicio\/wp-json\/wp\/v2\/tags?post=142802"}],"curies":[{"name":"wp","href":"https:\/\/api.w.org\/{rel}","templated":true}]}}