{"id":142797,"date":"2025-08-09T18:46:41","date_gmt":"2025-08-09T21:46:41","guid":{"rendered":"https:\/\/gysfm.com.ar\/inicio\/reacciones-de-opositores-a-medidas-anunciadas-por-javier-milei-miente-horrible-monarquico\/"},"modified":"2025-08-09T18:46:41","modified_gmt":"2025-08-09T21:46:41","slug":"reacciones-de-opositores-a-medidas-anunciadas-por-javier-milei-miente-horrible-monarquico","status":"publish","type":"post","link":"https:\/\/gysfm.com.ar\/inicio\/reacciones-de-opositores-a-medidas-anunciadas-por-javier-milei-miente-horrible-monarquico\/","title":{"rendered":"Reacciones de opositores a medidas anunciadas por Javier Milei: \u00abMiente\u00bb, \u00abhorrible\u00bb, \u00abmon\u00e1rquico\u00bb"},"content":{"rendered":"<p><\/p>\n<div id=\"article-content\">\n<p>Este viernes 8 de agosto,<strong> el presidente <a target=\"_blank\" href=\"https:\/\/www.perfil.com\/noticias\/politica\/javier-milei-hablara-por-cadena-nacional-para-refererise-a-los-decretos-que-fueron-rechazados-por-el-congreso.phtml\">Javier Milei<\/a> habl\u00f3 en <a target=\"_blank\" href=\"https:\/\/www.perfil.com\/noticias\/politica\/javier-milei-habla-en-cadena-nacional-sobre-los-vetos-a-las-leyes-del-congreso.phtml\">cadena nacional<\/a>, <\/strong>para cuestionar las<strong> recientes votaciones del Congreso Nacional,<\/strong> impulsando diversos proyectos que demandar\u00edan, si llegaran a superar los vetos del Ejecutivo, mayores gastos al Estado.<strong> Milei <\/strong>habl\u00f3 de <a target=\"_blank\" href=\"https:\/\/www.perfil.com\/noticias\/politica\/las-medidas-que-anuncio-javier-milei-para-blindar-el-superavit-fiscal.phtml\">la necesidad de blindar el <\/a><a target=\"_blank\" href=\"https:\/\/www.perfil.com\/noticias\/politica\/mi-tarea-no-es-parecer-bueno-es-hacer-aunque-digan-que-soy-cruel-las-frases-mas-resonantes-de-javier-milei-en-cadena-nacional.phtml\">super\u00e1vit fiscal<\/a><a target=\"_blank\" href=\"https:\/\/www.perfil.com\/noticias\/politica\/las-medidas-que-anuncio-javier-milei-para-blindar-el-superavit-fiscal.phtml\"> <\/a>y fue lapidario con los legisladores que, seg\u00fan su versi\u00f3n de los hechos, \u00abquieren quebrar al Gobierno, llevando de nuevo al pa\u00eds al desastre del que venimos\u00bb.<\/p>\n<p>Y como siempre ocurre, en redes sociales enseguida empezaron a<strong> multiplicarse opiniones sobre las palabras presidenciales<\/strong>, con duras cr\u00edticas de varios personajes destacados de la oposici\u00f3n.<\/p>\n<div class=\"subscription\">\n<p>\n        Esto no les gusta a los autoritarios\n    <\/p>\n<div class=\"subscription__container\">\n<div class=\"subscription__text-wrapper\">\n<p>\n                El ejercicio del periodismo profesional y cr\u00edtico es un pilar fundamental de la democracia. Por eso molesta a quienes creen ser los due\u00f1os de la verdad.\n            <\/p>\n<\/p><\/div><\/div>\n<\/div>\n<div style=\"text-align:center\">\n<figure class=\"image\" style=\"display:inline-block\"><picture><source media=\"(max-width: 440px)\" srcset=\"https:\/\/fotos.perfil.com\/\/2025\/08\/09\/440\/0\/posteo-de-myriam-bregman-2077282.jpg?webp\"\/><source media=\"(max-width: 1019px)\" srcset=\"https:\/\/fotos.perfil.com\/\/2025\/08\/09\/712\/0\/posteo-de-myriam-bregman-2077282.jpg?webp\"\/><img decoding=\"async\" style=\"max-width: 100%; width: 100%;\" alt=\"Posteo de Myriam Bregman\" src=\"https:\/\/fotos.perfil.com\/\/2025\/08\/09\/900\/0\/posteo-de-myriam-bregman-2077282.jpg?webp\" loading=\"lazy\"\/><\/picture><figcaption>Posteo de Myriam Bregman<\/figcaption><\/figure>\n<\/p><\/div>\n<h2>Los pol\u00edticos que cuestionaron la cadena nacional de Javier Milei<\/h2>\n<p><strong>Margarita Stolbizer, del GEN, tuvo una reacci\u00f3n muy fuerte contra los anuncios del presidente<\/strong>. La diputada subi\u00f3 un extenso mensaje a su cuenta de X: \u201cSi no fuera para llorar, da risa. Quiere penalizar, no respetar el Presupuesto, y todo el conflicto tiene como causa que no lo tenemos. Porque <strong>el Presidente no quiere tener Presupuesto y se maneja con el de Alberto Fern\u00e1ndez para manejar los recursos a su antojo, darle a los ricos y condenar a los pobres<\/strong>, a los jubilados, a los enfermos. Miente, miente y algo quedar\u00e1. Van a quedar los trabajadores con salarios que no alcanzan y los que no pueden arreglarse solos\u201d.<\/p>\n<p>Y agreg\u00f3: \u201cLa arrogancia y la crueldad tambi\u00e9n sostienen la mentira. Estamos frente a un gobierno autoritario que no respeta la Constituci\u00f3n y solo se le ocurre meter palos e insultos para imponer sus ideas del pa\u00eds para pocos. Que no vuelva el kirchnerismo qu\u00e9 nos dej\u00f3 este presidente horrible. Si para \u00e9l mantener funcionando al Garrahan o financiar a los discapacitados es un negocio para la clase pol\u00edtica, ese discurso lo escribi\u00f3 Conan\u201d.<\/p>\n<div style=\"text-align:center\">\n<figure class=\"image\" style=\"display:inline-block\"><picture><source media=\"(max-width: 440px)\" srcset=\"https:\/\/fotos.perfil.com\/\/2025\/08\/09\/440\/0\/posteo-de-margarita-stolbizer-2077284.jpg?webp\"\/><source media=\"(max-width: 1019px)\" srcset=\"https:\/\/fotos.perfil.com\/\/2025\/08\/09\/712\/0\/posteo-de-margarita-stolbizer-2077284.jpg?webp\"\/><img decoding=\"async\" style=\"max-width: 100%; width: 100%;\" alt=\"Posteo de Margarita Stolbizer\" src=\"https:\/\/fotos.perfil.com\/\/2025\/08\/09\/900\/0\/posteo-de-margarita-stolbizer-2077284.jpg?webp\" loading=\"lazy\"\/><\/picture><figcaption>Posteo de Margarita Stolbizer<\/figcaption><\/figure>\n<\/p><\/div>\n<p>La diputada J<strong>ulia Strada,<\/strong> del PJ, escribi\u00f3: \u201c\u00bf<strong>Ser\u00e1, Milei, que est\u00e1s preocupado por el pr\u00f3ximo dato de inflaci\u00f3n y le quer\u00e9s echar la culpa al Congreso un viernes a la noche en cadena nacional con un no-anuncio?<\/strong>\u201d.<\/p>\n<p>Su colega, el diputado peronista <strong>Leandro Santoro<\/strong>, tambi\u00e9n fue contundente: \u201cSi vet\u00e1s todo no es responsabilidad fiscal es fanatismo ideol\u00f3gico. \u00bfFinanciar el Garrahan rompe el equilibrio fiscal? <strong>Dejen de mentir<\/strong>. Si quieren una macro ordenada combatan la evasi\u00f3n, que tributen m\u00e1s lo m\u00e1s ricos y dejen de financiar la timba financiera\u201d.<\/p>\n<div style=\"text-align:center\">\n<figure class=\"image\" style=\"display:inline-block\"><picture><source media=\"(max-width: 440px)\" srcset=\"https:\/\/fotos.perfil.com\/\/2025\/08\/09\/440\/0\/posteo-de-leandro-santoro-2077285.jpg?webp\"\/><source media=\"(max-width: 1019px)\" srcset=\"https:\/\/fotos.perfil.com\/\/2025\/08\/09\/712\/0\/posteo-de-leandro-santoro-2077285.jpg?webp\"\/><img decoding=\"async\" style=\"max-width: 100%; width: 100%;\" alt=\"Posteo de Leandro Santoro\" src=\"https:\/\/fotos.perfil.com\/\/2025\/08\/09\/900\/0\/posteo-de-leandro-santoro-2077285.jpg?webp\" loading=\"lazy\"\/><\/picture><figcaption>Posteo de Leandro Santoro<\/figcaption><\/figure>\n<\/p><\/div>\n<p>El diputado <strong>Nicol\u00e1s del Ca\u00f1o<\/strong>, del PTS, por su parte, escribi\u00f3: \u201cMilei repite que no hay plata, pero en lo que va de su gobierno, <strong>le rob\u00f3 2,100.000 pesos a cada jubilado<\/strong>. Un robo a los que trabajaron toda su vida. La riqueza del pa\u00eds se la llevan un peque\u00f1o pu\u00f1ado de especuladores amigos de Caputo y los grandes grupos empresarios\u201d.<\/p>\n<p>Su colega <strong>Myriam Bregman<\/strong> tambi\u00e9n fue dur\u00edsima: \u201c<strong>Lo que anuncia Milei es ilegal.<\/strong>  No puede disponer por decreto en materia tributaria seg\u00fan el art. 99 inc. 3 Constituci\u00f3n Nacional.  El d\u00e9ficit o super\u00e1vit fiscal est\u00e1n ligados a la recaudaci\u00f3n, por ende a los impuestos. <strong>Su anuncio es totalmente mon\u00e1rquico<\/strong>: se arroga la decisi\u00f3n sobre lo que produce d\u00e9ficit, mientras paga la deuda ilegal, elimina o reduce las retenciones y baja impuesto a los bienes de los ricos\u201d.<\/p>\n<div style=\"text-align:center\">\n<figure class=\"image\" style=\"display:inline-block\"><picture><source media=\"(max-width: 440px)\" srcset=\"https:\/\/fotos.perfil.com\/\/2025\/08\/09\/440\/0\/posteo-de-nicolas-2077283.jpg?webp\"\/><source media=\"(max-width: 1019px)\" srcset=\"https:\/\/fotos.perfil.com\/\/2025\/08\/09\/712\/0\/posteo-de-nicolas-2077283.jpg?webp\"\/><img decoding=\"async\" style=\"max-width: 100%; width: 100%;\" alt=\"Posteo de Nicol\u00e1s\" src=\"https:\/\/fotos.perfil.com\/\/2025\/08\/09\/900\/0\/posteo-de-nicolas-2077283.jpg?webp\" loading=\"lazy\"\/><\/picture><figcaption>Posteo de Nicol\u00e1s del Ca\u00f1o<\/figcaption><\/figure>\n<\/p><\/div>\n<h2>La respuesta del oficialismo al discurso de Milei<\/h2>\n<p>El vocero presidencial, <strong>Manuel Adorni<\/strong>, se limit\u00f3 a repetir una de las frases m\u00e1s fuertes que dijo el presidente: \u201c<strong>El equilibro fiscal no se negocia<\/strong>\u201d.<\/p>\n<p>Por su parte, la ministra de Seguridad Nacional, <strong>Patricia Bullrich<\/strong>, escribi\u00f3: \u201cClar\u00edsimas las palabras del Presidente Milei. <strong>Entendimos todos lo importante de elegir bien a diputados y senadores<\/strong>: fortalecer el cambio, con un gobierno que hace lo correcto aunque requiera paciencia, o el realismo m\u00e1gico del kirchnerismo, que solo quiere voltear al Gobierno y destruir todo el esfuerzo de los argentinos\u201d.<\/p>\n<div style=\"text-align:center\">\n<figure class=\"image\" style=\"display:inline-block\"><picture><source media=\"(max-width: 440px)\" srcset=\"https:\/\/fotos.perfil.com\/\/2025\/08\/09\/440\/0\/posteo-de-patricia-bullrich-2077281.jpg?webp\"\/><source media=\"(max-width: 1019px)\" srcset=\"https:\/\/fotos.perfil.com\/\/2025\/08\/09\/712\/0\/posteo-de-patricia-bullrich-2077281.jpg?webp\"\/><img decoding=\"async\" style=\"max-width: 100%; width: 100%;\" alt=\"Posteo de Patricia Bullrich\" src=\"https:\/\/fotos.perfil.com\/\/2025\/08\/09\/900\/0\/posteo-de-patricia-bullrich-2077281.jpg?webp\" loading=\"lazy\"\/><\/picture><figcaption>Posteo de Patricia Bullrich<\/figcaption><\/figure>\n<\/p><\/div>\n<p><strong>Daniel Scioli <\/strong>asegur\u00f3: \u201c<strong>Respaldo con firmeza el mensaje en cadena nacional<\/strong>: terminar con la inflaci\u00f3n, prohibir la emisi\u00f3n monetaria, no aumentar impuestos y garantizar el equilibrio fiscal. El rumbo claro y valiente que necesita la Argentina para volver a prosperar\u201d.<\/p>\n<p>El ministro de Defensa, <strong>Luis Petri<\/strong>, tambi\u00e9n alab\u00f3 el discurso presidencial: \u201c\u00a1Orgulloso de acompa\u00f1ar a Javier Milei! \u00a1Impresionante! Hist\u00f3rico por el contenido, pero adem\u00e1s por el tiempo. <strong>A dos meses de las elecciones, penalizar pol\u00edticas populistas desde el Gobierno y en cadena nacional es ejemplar<\/strong>\u201d.<\/p>\n<div style=\"text-align:center\">\n<figure class=\"image\" style=\"display:inline-block\"><picture><source media=\"(max-width: 440px)\" srcset=\"https:\/\/fotos.perfil.com\/\/2025\/08\/09\/440\/0\/posteo-de-luis-petri-2077280.jpg?webp\"\/><source media=\"(max-width: 1019px)\" srcset=\"https:\/\/fotos.perfil.com\/\/2025\/08\/09\/712\/0\/posteo-de-luis-petri-2077280.jpg?webp\"\/><img decoding=\"async\" style=\"max-width: 100%; width: 100%;\" alt=\"Posteo de Luis Petri\" src=\"https:\/\/fotos.perfil.com\/\/2025\/08\/09\/900\/0\/posteo-de-luis-petri-2077280.jpg?webp\" loading=\"lazy\"\/><\/picture><figcaption>Posteo de Luis Petri<\/figcaption><\/figure>\n<\/p><\/div>\n<p><strong>Mart\u00edn Menem<\/strong>, presidente de la C\u00e1mara de Diputados, asegur\u00f3 que el presidente \u201ccon la verdad como bandera y sin ceder un cent\u00edmetro, <strong>ratific\u00f3 el camino que la Argentina necesita y a lo que nos enfrentamos<\/strong>. Ahora tenemos la obligaci\u00f3n de pintar de violeta cada rinc\u00f3n del pa\u00eds y, desde el Congreso, defenderlo con la misma firmeza\u201d.<\/p>\n<p>Finalmente, el diputado <strong>Santiago Santurio<\/strong> remarc\u00f3: \u201cAjustar al Estado es desajustar a los argentinos. <strong>Defender el super\u00e1vit es defender a los m\u00e1s vulnerables de las garras de los pol\u00edticos perversos<\/strong>\u201d.<\/p>\n<p><em>HM\/DCQ<\/em><\/p>\n<\/p><\/div>\n<p><script>\n                !function(f,b,e,v,n,t,s)\n                {if(f.fbq)return;n=f.fbq=function(){n.callMethod?\n                    n.callMethod.apply(n,arguments):n.queue.push(arguments)};\n                    if(!f._fbq)f._fbq=n;n.push=n;n.loaded=!0;n.version='2.0';\n                    n.queue=[];t=b.createElement(e);t.async=!0;\n                    t.src=v;s=b.getElementsByTagName(e)[0];\n                    s.parentNode.insertBefore(t,s)}(window, document,'script',\n                    'https:\/\/connect.facebook.net\/en_US\/fbevents.js');\n                window.paywallConfig.facebook_pixel=\"1000228364089342\"\n            <\/script><\/p>\n","protected":false},"excerpt":{"rendered":"<p>Este viernes 8 de agosto, el presidente Javier Milei habl\u00f3 en cadena nacional, para cuestionar las recientes votaciones del Congreso Nacional, impulsando diversos proyectos que demandar\u00edan, si llegaran a superar los vetos del Ejecutivo, mayores gastos al Estado. Milei habl\u00f3 de la necesidad de blindar el super\u00e1vit fiscal y fue lapidario con los legisladores que, [&hellip;]<\/p>\n","protected":false},"author":2,"featured_media":142798,"comment_status":"closed","ping_status":"closed","sticky":false,"template":"","format":"standard","meta":{"footnotes":""},"categories":[25],"tags":[],"class_list":["post-142797","post","type-post","status-publish","format-standard","has-post-thumbnail","hentry","category-nacionales"],"yoast_head":"<!-- This site is optimized with the Yoast SEO plugin v24.4 - https:\/\/yoast.com\/wordpress\/plugins\/seo\/ -->\n<title>Reacciones de opositores a medidas anunciadas por Javier Milei: &quot;Miente&quot;, &quot;horrible&quot;, &quot;mon\u00e1rquico&quot; - GYS NOTICIAS |<\/title>\n<meta name=\"robots\" content=\"index, follow, max-snippet:-1, max-image-preview:large, max-video-preview:-1\" \/>\n<link rel=\"canonical\" href=\"https:\/\/gysfm.com.ar\/inicio\/reacciones-de-opositores-a-medidas-anunciadas-por-javier-milei-miente-horrible-monarquico\/\" \/>\n<meta property=\"og:locale\" content=\"es_ES\" \/>\n<meta property=\"og:type\" content=\"article\" \/>\n<meta property=\"og:title\" content=\"Reacciones de opositores a medidas anunciadas por Javier Milei: &quot;Miente&quot;, &quot;horrible&quot;, &quot;mon\u00e1rquico&quot; - GYS NOTICIAS |\" \/>\n<meta property=\"og:description\" content=\"Este viernes 8 de agosto, el presidente Javier Milei habl\u00f3 en cadena nacional, para cuestionar las recientes votaciones del Congreso Nacional, impulsando diversos proyectos que demandar\u00edan, si llegaran a superar los vetos del Ejecutivo, mayores gastos al Estado. Milei habl\u00f3 de la necesidad de blindar el super\u00e1vit fiscal y fue lapidario con los legisladores que, [&hellip;]\" \/>\n<meta property=\"og:url\" content=\"https:\/\/gysfm.com.ar\/inicio\/reacciones-de-opositores-a-medidas-anunciadas-por-javier-milei-miente-horrible-monarquico\/\" \/>\n<meta property=\"og:site_name\" content=\"GYS NOTICIAS |\" \/>\n<meta property=\"article:published_time\" content=\"2025-08-09T21:46:41+00:00\" \/>\n<meta property=\"og:image\" content=\"https:\/\/fotos.perfil.com\/\/2025\/08\/09\/900\/0\/posteo-de-myriam-bregman-2077282.jpg?webp\" \/>\n<meta name=\"author\" content=\"Prensa G&amp;S FM\" \/>\n<meta name=\"twitter:card\" content=\"summary_large_image\" \/>\n<meta name=\"twitter:label1\" content=\"Escrito por\" \/>\n\t<meta name=\"twitter:data1\" content=\"Prensa G&amp;S FM\" \/>\n\t<meta name=\"twitter:label2\" content=\"Tiempo de lectura\" \/>\n\t<meta name=\"twitter:data2\" content=\"5 minutos\" \/>\n<script type=\"application\/ld+json\" class=\"yoast-schema-graph\">{\"@context\":\"https:\/\/schema.org\",\"@graph\":[{\"@type\":\"Article\",\"@id\":\"https:\/\/gysfm.com.ar\/inicio\/reacciones-de-opositores-a-medidas-anunciadas-por-javier-milei-miente-horrible-monarquico\/#article\",\"isPartOf\":{\"@id\":\"https:\/\/gysfm.com.ar\/inicio\/reacciones-de-opositores-a-medidas-anunciadas-por-javier-milei-miente-horrible-monarquico\/\"},\"author\":{\"name\":\"Prensa G&amp;S FM\",\"@id\":\"https:\/\/gysfm.com.ar\/inicio\/#\/schema\/person\/3abba7593ef2ad19e1be221d54383dc5\"},\"headline\":\"Reacciones de opositores a medidas anunciadas por Javier Milei: \u00abMiente\u00bb, \u00abhorrible\u00bb, \u00abmon\u00e1rquico\u00bb\",\"datePublished\":\"2025-08-09T21:46:41+00:00\",\"mainEntityOfPage\":{\"@id\":\"https:\/\/gysfm.com.ar\/inicio\/reacciones-de-opositores-a-medidas-anunciadas-por-javier-milei-miente-horrible-monarquico\/\"},\"wordCount\":916,\"publisher\":{\"@id\":\"https:\/\/gysfm.com.ar\/inicio\/#organization\"},\"image\":{\"@id\":\"https:\/\/gysfm.com.ar\/inicio\/reacciones-de-opositores-a-medidas-anunciadas-por-javier-milei-miente-horrible-monarquico\/#primaryimage\"},\"thumbnailUrl\":\"https:\/\/gysfm.com.ar\/inicio\/wp-content\/uploads\/2025\/08\/javier-milei-en-cadena-nacional-2077225.jpg\",\"articleSection\":[\"NACIONALES\"],\"inLanguage\":\"es\"},{\"@type\":\"WebPage\",\"@id\":\"https:\/\/gysfm.com.ar\/inicio\/reacciones-de-opositores-a-medidas-anunciadas-por-javier-milei-miente-horrible-monarquico\/\",\"url\":\"https:\/\/gysfm.com.ar\/inicio\/reacciones-de-opositores-a-medidas-anunciadas-por-javier-milei-miente-horrible-monarquico\/\",\"name\":\"Reacciones de opositores a medidas anunciadas por Javier Milei: \\\"Miente\\\", \\\"horrible\\\", \\\"mon\u00e1rquico\\\" - GYS NOTICIAS |\",\"isPartOf\":{\"@id\":\"https:\/\/gysfm.com.ar\/inicio\/#website\"},\"primaryImageOfPage\":{\"@id\":\"https:\/\/gysfm.com.ar\/inicio\/reacciones-de-opositores-a-medidas-anunciadas-por-javier-milei-miente-horrible-monarquico\/#primaryimage\"},\"image\":{\"@id\":\"https:\/\/gysfm.com.ar\/inicio\/reacciones-de-opositores-a-medidas-anunciadas-por-javier-milei-miente-horrible-monarquico\/#primaryimage\"},\"thumbnailUrl\":\"https:\/\/gysfm.com.ar\/inicio\/wp-content\/uploads\/2025\/08\/javier-milei-en-cadena-nacional-2077225.jpg\",\"datePublished\":\"2025-08-09T21:46:41+00:00\",\"breadcrumb\":{\"@id\":\"https:\/\/gysfm.com.ar\/inicio\/reacciones-de-opositores-a-medidas-anunciadas-por-javier-milei-miente-horrible-monarquico\/#breadcrumb\"},\"inLanguage\":\"es\",\"potentialAction\":[{\"@type\":\"ReadAction\",\"target\":[\"https:\/\/gysfm.com.ar\/inicio\/reacciones-de-opositores-a-medidas-anunciadas-por-javier-milei-miente-horrible-monarquico\/\"]}]},{\"@type\":\"ImageObject\",\"inLanguage\":\"es\",\"@id\":\"https:\/\/gysfm.com.ar\/inicio\/reacciones-de-opositores-a-medidas-anunciadas-por-javier-milei-miente-horrible-monarquico\/#primaryimage\",\"url\":\"https:\/\/gysfm.com.ar\/inicio\/wp-content\/uploads\/2025\/08\/javier-milei-en-cadena-nacional-2077225.jpg\",\"contentUrl\":\"https:\/\/gysfm.com.ar\/inicio\/wp-content\/uploads\/2025\/08\/javier-milei-en-cadena-nacional-2077225.jpg\",\"width\":1140,\"height\":641},{\"@type\":\"BreadcrumbList\",\"@id\":\"https:\/\/gysfm.com.ar\/inicio\/reacciones-de-opositores-a-medidas-anunciadas-por-javier-milei-miente-horrible-monarquico\/#breadcrumb\",\"itemListElement\":[{\"@type\":\"ListItem\",\"position\":1,\"name\":\"Portada\",\"item\":\"https:\/\/gysfm.com.ar\/inicio\/\"},{\"@type\":\"ListItem\",\"position\":2,\"name\":\"Reacciones de opositores a medidas anunciadas por Javier Milei: \u00abMiente\u00bb, \u00abhorrible\u00bb, \u00abmon\u00e1rquico\u00bb\"}]},{\"@type\":\"WebSite\",\"@id\":\"https:\/\/gysfm.com.ar\/inicio\/#website\",\"url\":\"https:\/\/gysfm.com.ar\/inicio\/\",\"name\":\"GYS NOTICIAS |\",\"description\":\"DIARIO - RADIO ONLINE SAN JUAN ARGENTINA\",\"publisher\":{\"@id\":\"https:\/\/gysfm.com.ar\/inicio\/#organization\"},\"potentialAction\":[{\"@type\":\"SearchAction\",\"target\":{\"@type\":\"EntryPoint\",\"urlTemplate\":\"https:\/\/gysfm.com.ar\/inicio\/?s={search_term_string}\"},\"query-input\":{\"@type\":\"PropertyValueSpecification\",\"valueRequired\":true,\"valueName\":\"search_term_string\"}}],\"inLanguage\":\"es\"},{\"@type\":\"Organization\",\"@id\":\"https:\/\/gysfm.com.ar\/inicio\/#organization\",\"name\":\"GYS NOTICIAS |\",\"url\":\"https:\/\/gysfm.com.ar\/inicio\/\",\"logo\":{\"@type\":\"ImageObject\",\"inLanguage\":\"es\",\"@id\":\"https:\/\/gysfm.com.ar\/inicio\/#\/schema\/logo\/image\/\",\"url\":\"https:\/\/gysfm.com.ar\/inicio\/wp-content\/uploads\/2023\/07\/LOGOGYS-OK.png\",\"contentUrl\":\"https:\/\/gysfm.com.ar\/inicio\/wp-content\/uploads\/2023\/07\/LOGOGYS-OK.png\",\"width\":1170,\"height\":872,\"caption\":\"GYS NOTICIAS |\"},\"image\":{\"@id\":\"https:\/\/gysfm.com.ar\/inicio\/#\/schema\/logo\/image\/\"}},{\"@type\":\"Person\",\"@id\":\"https:\/\/gysfm.com.ar\/inicio\/#\/schema\/person\/3abba7593ef2ad19e1be221d54383dc5\",\"name\":\"Prensa G&amp;S FM\",\"image\":{\"@type\":\"ImageObject\",\"inLanguage\":\"es\",\"@id\":\"https:\/\/gysfm.com.ar\/inicio\/#\/schema\/person\/image\/\",\"url\":\"https:\/\/secure.gravatar.com\/avatar\/096ec78df02049ab018702bb4ccedf659377fa92a26540b5247612077a0dbd29?s=96&d=mm&r=g\",\"contentUrl\":\"https:\/\/secure.gravatar.com\/avatar\/096ec78df02049ab018702bb4ccedf659377fa92a26540b5247612077a0dbd29?s=96&d=mm&r=g\",\"caption\":\"Prensa G&amp;S FM\"},\"sameAs\":[\"https:\/\/gysfm.com.ar\/\"],\"url\":\"https:\/\/gysfm.com.ar\/inicio\/author\/lucasm\/\"}]}<\/script>\n<!-- \/ Yoast SEO plugin. -->","yoast_head_json":{"title":"Reacciones de opositores a medidas anunciadas por Javier Milei: \"Miente\", \"horrible\", \"mon\u00e1rquico\" - GYS NOTICIAS |","robots":{"index":"index","follow":"follow","max-snippet":"max-snippet:-1","max-image-preview":"max-image-preview:large","max-video-preview":"max-video-preview:-1"},"canonical":"https:\/\/gysfm.com.ar\/inicio\/reacciones-de-opositores-a-medidas-anunciadas-por-javier-milei-miente-horrible-monarquico\/","og_locale":"es_ES","og_type":"article","og_title":"Reacciones de opositores a medidas anunciadas por Javier Milei: \"Miente\", \"horrible\", \"mon\u00e1rquico\" - GYS NOTICIAS |","og_description":"Este viernes 8 de agosto, el presidente Javier Milei habl\u00f3 en cadena nacional, para cuestionar las recientes votaciones del Congreso Nacional, impulsando diversos proyectos que demandar\u00edan, si llegaran a superar los vetos del Ejecutivo, mayores gastos al Estado. Milei habl\u00f3 de la necesidad de blindar el super\u00e1vit fiscal y fue lapidario con los legisladores que, [&hellip;]","og_url":"https:\/\/gysfm.com.ar\/inicio\/reacciones-de-opositores-a-medidas-anunciadas-por-javier-milei-miente-horrible-monarquico\/","og_site_name":"GYS NOTICIAS |","article_published_time":"2025-08-09T21:46:41+00:00","og_image":[{"url":"https:\/\/fotos.perfil.com\/\/2025\/08\/09\/900\/0\/posteo-de-myriam-bregman-2077282.jpg?webp","type":"","width":"","height":""}],"author":"Prensa G&amp;S FM","twitter_card":"summary_large_image","twitter_misc":{"Escrito por":"Prensa G&amp;S FM","Tiempo de lectura":"5 minutos"},"schema":{"@context":"https:\/\/schema.org","@graph":[{"@type":"Article","@id":"https:\/\/gysfm.com.ar\/inicio\/reacciones-de-opositores-a-medidas-anunciadas-por-javier-milei-miente-horrible-monarquico\/#article","isPartOf":{"@id":"https:\/\/gysfm.com.ar\/inicio\/reacciones-de-opositores-a-medidas-anunciadas-por-javier-milei-miente-horrible-monarquico\/"},"author":{"name":"Prensa G&amp;S FM","@id":"https:\/\/gysfm.com.ar\/inicio\/#\/schema\/person\/3abba7593ef2ad19e1be221d54383dc5"},"headline":"Reacciones de opositores a medidas anunciadas por Javier Milei: \u00abMiente\u00bb, \u00abhorrible\u00bb, \u00abmon\u00e1rquico\u00bb","datePublished":"2025-08-09T21:46:41+00:00","mainEntityOfPage":{"@id":"https:\/\/gysfm.com.ar\/inicio\/reacciones-de-opositores-a-medidas-anunciadas-por-javier-milei-miente-horrible-monarquico\/"},"wordCount":916,"publisher":{"@id":"https:\/\/gysfm.com.ar\/inicio\/#organization"},"image":{"@id":"https:\/\/gysfm.com.ar\/inicio\/reacciones-de-opositores-a-medidas-anunciadas-por-javier-milei-miente-horrible-monarquico\/#primaryimage"},"thumbnailUrl":"https:\/\/gysfm.com.ar\/inicio\/wp-content\/uploads\/2025\/08\/javier-milei-en-cadena-nacional-2077225.jpg","articleSection":["NACIONALES"],"inLanguage":"es"},{"@type":"WebPage","@id":"https:\/\/gysfm.com.ar\/inicio\/reacciones-de-opositores-a-medidas-anunciadas-por-javier-milei-miente-horrible-monarquico\/","url":"https:\/\/gysfm.com.ar\/inicio\/reacciones-de-opositores-a-medidas-anunciadas-por-javier-milei-miente-horrible-monarquico\/","name":"Reacciones de opositores a medidas anunciadas por Javier Milei: \"Miente\", \"horrible\", \"mon\u00e1rquico\" - GYS NOTICIAS |","isPartOf":{"@id":"https:\/\/gysfm.com.ar\/inicio\/#website"},"primaryImageOfPage":{"@id":"https:\/\/gysfm.com.ar\/inicio\/reacciones-de-opositores-a-medidas-anunciadas-por-javier-milei-miente-horrible-monarquico\/#primaryimage"},"image":{"@id":"https:\/\/gysfm.com.ar\/inicio\/reacciones-de-opositores-a-medidas-anunciadas-por-javier-milei-miente-horrible-monarquico\/#primaryimage"},"thumbnailUrl":"https:\/\/gysfm.com.ar\/inicio\/wp-content\/uploads\/2025\/08\/javier-milei-en-cadena-nacional-2077225.jpg","datePublished":"2025-08-09T21:46:41+00:00","breadcrumb":{"@id":"https:\/\/gysfm.com.ar\/inicio\/reacciones-de-opositores-a-medidas-anunciadas-por-javier-milei-miente-horrible-monarquico\/#breadcrumb"},"inLanguage":"es","potentialAction":[{"@type":"ReadAction","target":["https:\/\/gysfm.com.ar\/inicio\/reacciones-de-opositores-a-medidas-anunciadas-por-javier-milei-miente-horrible-monarquico\/"]}]},{"@type":"ImageObject","inLanguage":"es","@id":"https:\/\/gysfm.com.ar\/inicio\/reacciones-de-opositores-a-medidas-anunciadas-por-javier-milei-miente-horrible-monarquico\/#primaryimage","url":"https:\/\/gysfm.com.ar\/inicio\/wp-content\/uploads\/2025\/08\/javier-milei-en-cadena-nacional-2077225.jpg","contentUrl":"https:\/\/gysfm.com.ar\/inicio\/wp-content\/uploads\/2025\/08\/javier-milei-en-cadena-nacional-2077225.jpg","width":1140,"height":641},{"@type":"BreadcrumbList","@id":"https:\/\/gysfm.com.ar\/inicio\/reacciones-de-opositores-a-medidas-anunciadas-por-javier-milei-miente-horrible-monarquico\/#breadcrumb","itemListElement":[{"@type":"ListItem","position":1,"name":"Portada","item":"https:\/\/gysfm.com.ar\/inicio\/"},{"@type":"ListItem","position":2,"name":"Reacciones de opositores a medidas anunciadas por Javier Milei: \u00abMiente\u00bb, \u00abhorrible\u00bb, \u00abmon\u00e1rquico\u00bb"}]},{"@type":"WebSite","@id":"https:\/\/gysfm.com.ar\/inicio\/#website","url":"https:\/\/gysfm.com.ar\/inicio\/","name":"GYS NOTICIAS |","description":"DIARIO - RADIO ONLINE SAN JUAN ARGENTINA","publisher":{"@id":"https:\/\/gysfm.com.ar\/inicio\/#organization"},"potentialAction":[{"@type":"SearchAction","target":{"@type":"EntryPoint","urlTemplate":"https:\/\/gysfm.com.ar\/inicio\/?s={search_term_string}"},"query-input":{"@type":"PropertyValueSpecification","valueRequired":true,"valueName":"search_term_string"}}],"inLanguage":"es"},{"@type":"Organization","@id":"https:\/\/gysfm.com.ar\/inicio\/#organization","name":"GYS NOTICIAS |","url":"https:\/\/gysfm.com.ar\/inicio\/","logo":{"@type":"ImageObject","inLanguage":"es","@id":"https:\/\/gysfm.com.ar\/inicio\/#\/schema\/logo\/image\/","url":"https:\/\/gysfm.com.ar\/inicio\/wp-content\/uploads\/2023\/07\/LOGOGYS-OK.png","contentUrl":"https:\/\/gysfm.com.ar\/inicio\/wp-content\/uploads\/2023\/07\/LOGOGYS-OK.png","width":1170,"height":872,"caption":"GYS NOTICIAS |"},"image":{"@id":"https:\/\/gysfm.com.ar\/inicio\/#\/schema\/logo\/image\/"}},{"@type":"Person","@id":"https:\/\/gysfm.com.ar\/inicio\/#\/schema\/person\/3abba7593ef2ad19e1be221d54383dc5","name":"Prensa G&amp;S FM","image":{"@type":"ImageObject","inLanguage":"es","@id":"https:\/\/gysfm.com.ar\/inicio\/#\/schema\/person\/image\/","url":"https:\/\/secure.gravatar.com\/avatar\/096ec78df02049ab018702bb4ccedf659377fa92a26540b5247612077a0dbd29?s=96&d=mm&r=g","contentUrl":"https:\/\/secure.gravatar.com\/avatar\/096ec78df02049ab018702bb4ccedf659377fa92a26540b5247612077a0dbd29?s=96&d=mm&r=g","caption":"Prensa G&amp;S FM"},"sameAs":["https:\/\/gysfm.com.ar\/"],"url":"https:\/\/gysfm.com.ar\/inicio\/author\/lucasm\/"}]}},"_links":{"self":[{"href":"https:\/\/gysfm.com.ar\/inicio\/wp-json\/wp\/v2\/posts\/142797","targetHints":{"allow":["GET"]}}],"collection":[{"href":"https:\/\/gysfm.com.ar\/inicio\/wp-json\/wp\/v2\/posts"}],"about":[{"href":"https:\/\/gysfm.com.ar\/inicio\/wp-json\/wp\/v2\/types\/post"}],"author":[{"embeddable":true,"href":"https:\/\/gysfm.com.ar\/inicio\/wp-json\/wp\/v2\/users\/2"}],"replies":[{"embeddable":true,"href":"https:\/\/gysfm.com.ar\/inicio\/wp-json\/wp\/v2\/comments?post=142797"}],"version-history":[{"count":0,"href":"https:\/\/gysfm.com.ar\/inicio\/wp-json\/wp\/v2\/posts\/142797\/revisions"}],"wp:featuredmedia":[{"embeddable":true,"href":"https:\/\/gysfm.com.ar\/inicio\/wp-json\/wp\/v2\/media\/142798"}],"wp:attachment":[{"href":"https:\/\/gysfm.com.ar\/inicio\/wp-json\/wp\/v2\/media?parent=142797"}],"wp:term":[{"taxonomy":"category","embeddable":true,"href":"https:\/\/gysfm.com.ar\/inicio\/wp-json\/wp\/v2\/categories?post=142797"},{"taxonomy":"post_tag","embeddable":true,"href":"https:\/\/gysfm.com.ar\/inicio\/wp-json\/wp\/v2\/tags?post=142797"}],"curies":[{"name":"wp","href":"https:\/\/api.w.org\/{rel}","templated":true}]}}