{"id":142795,"date":"2025-08-09T18:15:05","date_gmt":"2025-08-09T21:15:05","guid":{"rendered":"https:\/\/gysfm.com.ar\/inicio\/donde-esta-el-bockscar-el-avion-que-tiro-la-bomba-atomica-sobre-nagasaki\/"},"modified":"2025-08-09T18:15:05","modified_gmt":"2025-08-09T21:15:05","slug":"donde-esta-el-bockscar-el-avion-que-tiro-la-bomba-atomica-sobre-nagasaki","status":"publish","type":"post","link":"https:\/\/gysfm.com.ar\/inicio\/donde-esta-el-bockscar-el-avion-que-tiro-la-bomba-atomica-sobre-nagasaki\/","title":{"rendered":"D\u00f3nde est\u00e1 el Bockscar, el avi\u00f3n que tir\u00f3 la bomba at\u00f3mica sobre Nagasaki"},"content":{"rendered":"<p><\/p>\n<div id=\"article-content\">\n<p>Cualquier persona m\u00e1s o menos ilusttrada desde la curiosidad o el morbo sobre uno de los cap\u00edtulos m\u00e1s cruentos del siglo pasado sabe que el avi\u00f3n que tir\u00f3 la bomba at\u00f3mica en <a target=\"_blank\" href=\"https:\/\/https:\/\/www.perfil.com\/noticias\/internacional\/hiroshima-una-leccion-que-todavia-la-humanidad-no-termina-de-aprender.phtml\">Hiroshima<\/a> se llamaba <strong>Enola Gay<\/strong>. Pero el nombre del <strong>Bockscar.<\/strong> s\u00f3lo lo retienen los \u00abespecialistas\u00bb.<\/p>\n<p>Fue un avi\u00f3n gemelo del Enola Gay. Y arroj\u00f3 un artefacto de un poder\u00edo m\u00e1s destructivo. Pero<strong> fue el segundo<\/strong>.Y parece que para algunas las tragedias de verdad tambi\u00e9n corre la m\u00e1xima de qui\u00e9nes sostienen que del segundo nadie se acuerda.<\/p>\n<p class=\"destacadoNota\"><a target=\"_blank\" href=\"https:\/\/www.perfil.com\/noticias\/internacional\/nagasaki-recordo-su-horror-mirando-el-horror-actual-quien-hubiera-imaginado-que-el-mundo-se-convertiria-en-esto.phtml\">Nagasaki record\u00f3 su horror, mirando el horror actual: \u00bfQui\u00e9n hubiera imaginado que el mundo se convertir\u00eda en esto?<\/a><\/p>\n<div class=\"subscription\">\n<p>\n        Esto no les gusta a los autoritarios\n    <\/p>\n<div class=\"subscription__container\">\n<div class=\"subscription__text-wrapper\">\n<p>\n                El ejercicio del periodismo profesional y cr\u00edtico es un pilar fundamental de la democracia. Por eso molesta a quienes creen ser los due\u00f1os de la verdad.\n            <\/p>\n<\/p><\/div><\/div>\n<\/div>\n<p>El nombre de este bombardero B29 no es hijo de una gran imaginaci\u00f3n. Le pusieron as\u00ed por un piloto, <strong>Frederick Bock<\/strong>, que habitualmente lo piloteaba. Al avi\u00f3n le toc\u00f3 entrar a la historia nuclear porque carg\u00f3 y lanz\u00f3 la bomba at\u00f3mica <strong>Fat Man <\/strong>sobre la ciudad de <strong>Nagasaki<\/strong>, el 9 de agosto de 1945. La segunda y hasta hoy<strong> <\/strong>la \u00faltima arrojada sobre una zona habitada.<\/p>\n<p>Con su particular trompa redondeada con el vidrio repartido y el color aluminio que rebotaba los rayos del Sol, el Bockscar, de 30 metros y unos cent\u00edmetros de largo, era un avi\u00f3n nuevo. Uno de los 15 bombarderos B29 construidos por la f\u00e1brica de Belleuve, en Nebraska, entregado a la Fuerza A\u00e9rea estadounidense el 19 de marzo de 1945, cinco meses antes del ataque definitivo a Jap\u00f3n.<\/p>\n<figure class=\"image\"><picture><source media=\"(max-width: 440px)\" srcset=\"https:\/\/fotos.perfil.com\/\/2025\/08\/08\/440\/0\/bockscar-y-fat-man-2076924.jpg?webp\"\/><source media=\"(max-width: 1019px)\" srcset=\"https:\/\/fotos.perfil.com\/\/2025\/08\/08\/712\/0\/bockscar-y-fat-man-2076924.jpg?webp\"\/><img decoding=\"async\" style=\"max-width: 100%; width: 100%;\" alt=\"Bockscar y Fat Man\" src=\"https:\/\/fotos.perfil.com\/\/2025\/08\/08\/900\/0\/bockscar-y-fat-man-2076924.jpg?webp\" loading=\"lazy\"\/><\/picture><figcaption>El Bockscar con la tripulaci\u00f3n y una escena del lanzamiento de la bomba sobre Nagasaki<\/figcaption><\/figure>\n<p>Fue a parar a la base de Wendover, en Utah, y se us\u00f3 para 13 misiones. Ninguna como su acci\u00f3n del 9 de agosto de 1945, la Special Mission 16, cuando parti\u00f3 de la isla de Tinian, en las Islas Marianas, con la bomba de 21 kilotones que le hab\u00edan cargado la noche anterior.<\/p>\n<p>Aunque al Bockscar normalmente lo piloteaba el hombre que le dio el nombre, esa vez hubo unos cambios y al comando estuvo el mayor <strong>Charles Sweeney<\/strong>, de 25 a\u00f1os, quien tres d\u00edas antes hab\u00eda volado al<strong> \u201cThe great artist\u201d,<\/strong> uno de los aviones de apoyo al Enola Gay. En el ataque a Nagasaki ese avi\u00f3n fue piloteado por Frederick Bock. Hubo enroque.<\/p>\n<p>Aquel d\u00eda Nagasaki <strong>era el plan B<\/strong>. La ciudad prioritaria era <strong>Kokura<\/strong>, a 200 km. Pero las nubes y el humo que tapaban la visi\u00f3n forzaron el cambio de destino.<\/p>\n<p class=\"destacadoNota\"><a target=\"_blank\" href=\"https:\/\/www.perfil.com\/noticias\/internacional\/cancer-y-memoria-tras-hiroshima-y-nagasaki.phtml\">C\u00e1ncer y memoria tras Hiroshima y Nagasaki<\/a><\/p>\n<p>Nagasaki fue barrida en un 44 % de su extensi\u00f3n y <strong>murieron 35 mil personas en el acto<\/strong>. Miles m\u00e1s perdieron la vida por las secuelas.<\/p>\n<p>Con su misi\u00f3n cumplida, en noviembre el <strong>Bockscar<\/strong> volvi\u00f3 a Estados Unidos .En 1946 lo mandaron al \u201ccementerio\u201d aeron\u00e1utico de Davis-Monthan, en Arizona.<\/p>\n<p>Desde 1961 est\u00e1 en el <strong>museo de la Fuerza A\u00e9rea en Dayton, Ohio<\/strong>. Ah\u00ed se lo puede ver, rodeado de una cerca  de vidrio, con su grafiti de pretensi\u00f3n humor\u00edstica\/evocativa pintado con posterioridad a Nagasaki.<\/p>\n<p>Al pie hay una r\u00e9plica de <strong>Fat Man<\/strong> y un cartel con una frase \u201cpor la positiva\u201d que intenta atemperar el recuerdo de la tragedia: \u201c<strong>El avi\u00f3n que puso fin a la Segunda Guerra Mundial<\/strong>\u201d.<\/p>\n<figure class=\"image\"><picture><source media=\"(max-width: 440px)\" srcset=\"https:\/\/fotos.perfil.com\/\/2025\/08\/08\/440\/0\/bockscar-en-el-museo-2076921.jpg?webp\"\/><source media=\"(max-width: 1019px)\" srcset=\"https:\/\/fotos.perfil.com\/\/2025\/08\/08\/712\/0\/bockscar-en-el-museo-2076921.jpg?webp\"\/><img decoding=\"async\" style=\"max-width: 100%; width: 100%;\" alt=\"Bockscar en el museo\" src=\"https:\/\/fotos.perfil.com\/\/2025\/08\/08\/900\/0\/bockscar-en-el-museo-2076921.jpg?webp\" loading=\"lazy\"\/><\/picture><figcaption>Bockcar en e museo de la Fuerza A\u00e9rea estadounidense.<\/figcaption><\/figure>\n<figure class=\"image\"><picture><source media=\"(max-width: 440px)\" srcset=\"https:\/\/fotos.perfil.com\/\/2025\/08\/08\/440\/0\/bockscar-con-fal-man-2076922.jpg?webp\"\/><source media=\"(max-width: 1019px)\" srcset=\"https:\/\/fotos.perfil.com\/\/2025\/08\/08\/712\/0\/bockscar-con-fal-man-2076922.jpg?webp\"\/><img decoding=\"async\" style=\"max-width: 100%; width: 100%;\" alt=\"Bockscar con Fal Man\" src=\"https:\/\/fotos.perfil.com\/\/2025\/08\/08\/900\/0\/bockscar-con-fal-man-2076922.jpg?webp\" loading=\"lazy\"\/><\/picture><figcaption>La r\u00e9plica de Fat Man junto al avi\u00f3n que lanz\u00f3 la original.<\/figcaption><\/figure>\n<h2>Las caracter\u00edsticas de los bombarderos B29<\/h2>\n<p>La mayor\u00eda de los B29 llevaban 10 ametralldoras y un ca\u00f1\u00f3n de 20 mil\u00edmetros. Pod\u00edan cargar hasta 9000 kg de bombas. Los llamados Silverplate, como el Bockscar y el Enola Gay estaban \u201calivianados\u201d y con el bilindaje retirado, para ahorrar peso y permitir el <strong>traslado seguro<\/strong> de los artefactos at\u00f3micos.<\/p>\n<p>Hab\u00edan sido dise\u00f1ados en 1940 como un reemplazo para el B-17 y B-24. El primer B-29 hizo su vuelo inaugural el 21 de septiembre de 1942.<\/p>\n<p>Con sus cuatro motores de 2200 hp cada uno pod\u00edan alcanzar una velocidad m\u00e1xima de 574 kil\u00f3metros por hora.  En los \u00faltimos dos meses de 1944, los B-29 hab\u00edan comenzado a operar contra Jap\u00f3n desde las islas de Saip\u00e1n, Guam y Tinian.<\/p>\n<p>Volvieron al combate en la Guerra de Corea, en junio de 1950.<\/p>\n<h2>La vida de los pilotos despu\u00e9s de Nagasaki<\/h2>\n<figure class=\"image\"><picture><source media=\"(max-width: 440px)\" srcset=\"https:\/\/fotos.perfil.com\/\/2025\/08\/08\/440\/0\/pilotos-nagasaki-2076896.jpg?webp\"\/><source media=\"(max-width: 1019px)\" srcset=\"https:\/\/fotos.perfil.com\/\/2025\/08\/08\/712\/0\/pilotos-nagasaki-2076896.jpg?webp\"\/><img decoding=\"async\" style=\"max-width: 100%; width: 100%;\" alt=\"Pilotos Nagasaki\" src=\"https:\/\/fotos.perfil.com\/\/2025\/08\/08\/900\/0\/pilotos-nagasaki-2076896.jpg?webp\" loading=\"lazy\"\/><\/picture><figcaption>Los pilotos Frederick Bock y Charles Sweeney<\/figcaption><\/figure>\n<p>El hombre del nombre del <strong>Bockscar<\/strong> hizo \u00abotra vida\u00bb despu\u00e9s de la guerra. En Chicago se doctor\u00f3 en zoolog\u00eda y se especializ\u00f3 en estad\u00edsticas. Cre\u00f3 algoritmoss y lleg\u00f3 a dise\u00f1ar un modelo matem\u00e1tico para di\u00e1lisis peritoneal.<\/p>\n<p>Bock se jubil\u00f3 en 1986 y muri\u00f3 en 2000, en su casa de Arizona.<\/p>\n<p><strong>Charles Sweeney<\/strong> sigui\u00f3 coin su carrera militar, fue jefe de Defensa Civil en Boston y se retir\u00f3 con el grado de general mayor. Hizo una aparici\u00f3n en la serie \u00abEl Mundo en Guerra\u00bb, en 1970. Tambi\u00e9n se dedic\u00f3 a pilotear aviones en shows a\u00e9reos.<\/p>\n<p><strong>Nunca se arrepinti\u00f3 de la bomba<\/strong>. \u00abNo hay ninguna duda en mente que el presidente (Harry) Truman tom\u00f3 la decisi\u00f3n correcta\u00bb, dijo. Muri\u00f3 a los 84 a\u00f1os, en 2004.<\/p>\n<p>LT<\/p>\n<p>.\u00bb<\/p>\n<\/p><\/div>\n<p><script>\n                !function(f,b,e,v,n,t,s)\n                {if(f.fbq)return;n=f.fbq=function(){n.callMethod?\n                    n.callMethod.apply(n,arguments):n.queue.push(arguments)};\n                    if(!f._fbq)f._fbq=n;n.push=n;n.loaded=!0;n.version='2.0';\n                    n.queue=[];t=b.createElement(e);t.async=!0;\n                    t.src=v;s=b.getElementsByTagName(e)[0];\n                    s.parentNode.insertBefore(t,s)}(window, document,'script',\n                    'https:\/\/connect.facebook.net\/en_US\/fbevents.js');\n                window.paywallConfig.facebook_pixel=\"1000228364089342\"\n            <\/script><\/p>\n","protected":false},"excerpt":{"rendered":"<p>Cualquier persona m\u00e1s o menos ilusttrada desde la curiosidad o el morbo sobre uno de los cap\u00edtulos m\u00e1s cruentos del siglo pasado sabe que el avi\u00f3n que tir\u00f3 la bomba at\u00f3mica en Hiroshima se llamaba Enola Gay. Pero el nombre del Bockscar. s\u00f3lo lo retienen los \u00abespecialistas\u00bb. Fue un avi\u00f3n gemelo del Enola Gay. Y [&hellip;]<\/p>\n","protected":false},"author":2,"featured_media":142796,"comment_status":"closed","ping_status":"closed","sticky":false,"template":"","format":"standard","meta":{"footnotes":""},"categories":[25],"tags":[],"class_list":["post-142795","post","type-post","status-publish","format-standard","has-post-thumbnail","hentry","category-nacionales"],"yoast_head":"<!-- This site is optimized with the Yoast SEO plugin v24.4 - https:\/\/yoast.com\/wordpress\/plugins\/seo\/ -->\n<title>D\u00f3nde est\u00e1 el Bockscar, el avi\u00f3n que tir\u00f3 la bomba at\u00f3mica sobre Nagasaki - GYS NOTICIAS |<\/title>\n<meta name=\"robots\" content=\"index, follow, max-snippet:-1, max-image-preview:large, max-video-preview:-1\" \/>\n<link rel=\"canonical\" href=\"https:\/\/gysfm.com.ar\/inicio\/donde-esta-el-bockscar-el-avion-que-tiro-la-bomba-atomica-sobre-nagasaki\/\" \/>\n<meta property=\"og:locale\" content=\"es_ES\" \/>\n<meta property=\"og:type\" content=\"article\" \/>\n<meta property=\"og:title\" content=\"D\u00f3nde est\u00e1 el Bockscar, el avi\u00f3n que tir\u00f3 la bomba at\u00f3mica sobre Nagasaki - GYS NOTICIAS |\" \/>\n<meta property=\"og:description\" content=\"Cualquier persona m\u00e1s o menos ilusttrada desde la curiosidad o el morbo sobre uno de los cap\u00edtulos m\u00e1s cruentos del siglo pasado sabe que el avi\u00f3n que tir\u00f3 la bomba at\u00f3mica en Hiroshima se llamaba Enola Gay. Pero el nombre del Bockscar. s\u00f3lo lo retienen los \u00abespecialistas\u00bb. Fue un avi\u00f3n gemelo del Enola Gay. Y [&hellip;]\" \/>\n<meta property=\"og:url\" content=\"https:\/\/gysfm.com.ar\/inicio\/donde-esta-el-bockscar-el-avion-que-tiro-la-bomba-atomica-sobre-nagasaki\/\" \/>\n<meta property=\"og:site_name\" content=\"GYS NOTICIAS |\" \/>\n<meta property=\"article:published_time\" content=\"2025-08-09T21:15:05+00:00\" \/>\n<meta property=\"og:image\" content=\"https:\/\/fotos.perfil.com\/\/2025\/08\/08\/900\/0\/bockscar-y-fat-man-2076924.jpg?webp\" \/>\n<meta name=\"author\" content=\"Prensa G&amp;S FM\" \/>\n<meta name=\"twitter:card\" content=\"summary_large_image\" \/>\n<meta name=\"twitter:label1\" content=\"Escrito por\" \/>\n\t<meta name=\"twitter:data1\" content=\"Prensa G&amp;S FM\" \/>\n\t<meta name=\"twitter:label2\" content=\"Tiempo de lectura\" \/>\n\t<meta name=\"twitter:data2\" content=\"4 minutos\" \/>\n<script type=\"application\/ld+json\" class=\"yoast-schema-graph\">{\"@context\":\"https:\/\/schema.org\",\"@graph\":[{\"@type\":\"Article\",\"@id\":\"https:\/\/gysfm.com.ar\/inicio\/donde-esta-el-bockscar-el-avion-que-tiro-la-bomba-atomica-sobre-nagasaki\/#article\",\"isPartOf\":{\"@id\":\"https:\/\/gysfm.com.ar\/inicio\/donde-esta-el-bockscar-el-avion-que-tiro-la-bomba-atomica-sobre-nagasaki\/\"},\"author\":{\"name\":\"Prensa G&amp;S FM\",\"@id\":\"https:\/\/gysfm.com.ar\/inicio\/#\/schema\/person\/3abba7593ef2ad19e1be221d54383dc5\"},\"headline\":\"D\u00f3nde est\u00e1 el Bockscar, el avi\u00f3n que tir\u00f3 la bomba at\u00f3mica sobre Nagasaki\",\"datePublished\":\"2025-08-09T21:15:05+00:00\",\"mainEntityOfPage\":{\"@id\":\"https:\/\/gysfm.com.ar\/inicio\/donde-esta-el-bockscar-el-avion-que-tiro-la-bomba-atomica-sobre-nagasaki\/\"},\"wordCount\":912,\"publisher\":{\"@id\":\"https:\/\/gysfm.com.ar\/inicio\/#organization\"},\"image\":{\"@id\":\"https:\/\/gysfm.com.ar\/inicio\/donde-esta-el-bockscar-el-avion-que-tiro-la-bomba-atomica-sobre-nagasaki\/#primaryimage\"},\"thumbnailUrl\":\"https:\/\/gysfm.com.ar\/inicio\/wp-content\/uploads\/2025\/08\/bockscar-en-el-museo-2076921.jpg\",\"articleSection\":[\"NACIONALES\"],\"inLanguage\":\"es\"},{\"@type\":\"WebPage\",\"@id\":\"https:\/\/gysfm.com.ar\/inicio\/donde-esta-el-bockscar-el-avion-que-tiro-la-bomba-atomica-sobre-nagasaki\/\",\"url\":\"https:\/\/gysfm.com.ar\/inicio\/donde-esta-el-bockscar-el-avion-que-tiro-la-bomba-atomica-sobre-nagasaki\/\",\"name\":\"D\u00f3nde est\u00e1 el Bockscar, el avi\u00f3n que tir\u00f3 la bomba at\u00f3mica sobre Nagasaki - GYS NOTICIAS |\",\"isPartOf\":{\"@id\":\"https:\/\/gysfm.com.ar\/inicio\/#website\"},\"primaryImageOfPage\":{\"@id\":\"https:\/\/gysfm.com.ar\/inicio\/donde-esta-el-bockscar-el-avion-que-tiro-la-bomba-atomica-sobre-nagasaki\/#primaryimage\"},\"image\":{\"@id\":\"https:\/\/gysfm.com.ar\/inicio\/donde-esta-el-bockscar-el-avion-que-tiro-la-bomba-atomica-sobre-nagasaki\/#primaryimage\"},\"thumbnailUrl\":\"https:\/\/gysfm.com.ar\/inicio\/wp-content\/uploads\/2025\/08\/bockscar-en-el-museo-2076921.jpg\",\"datePublished\":\"2025-08-09T21:15:05+00:00\",\"breadcrumb\":{\"@id\":\"https:\/\/gysfm.com.ar\/inicio\/donde-esta-el-bockscar-el-avion-que-tiro-la-bomba-atomica-sobre-nagasaki\/#breadcrumb\"},\"inLanguage\":\"es\",\"potentialAction\":[{\"@type\":\"ReadAction\",\"target\":[\"https:\/\/gysfm.com.ar\/inicio\/donde-esta-el-bockscar-el-avion-que-tiro-la-bomba-atomica-sobre-nagasaki\/\"]}]},{\"@type\":\"ImageObject\",\"inLanguage\":\"es\",\"@id\":\"https:\/\/gysfm.com.ar\/inicio\/donde-esta-el-bockscar-el-avion-que-tiro-la-bomba-atomica-sobre-nagasaki\/#primaryimage\",\"url\":\"https:\/\/gysfm.com.ar\/inicio\/wp-content\/uploads\/2025\/08\/bockscar-en-el-museo-2076921.jpg\",\"contentUrl\":\"https:\/\/gysfm.com.ar\/inicio\/wp-content\/uploads\/2025\/08\/bockscar-en-el-museo-2076921.jpg\",\"width\":1140,\"height\":641},{\"@type\":\"BreadcrumbList\",\"@id\":\"https:\/\/gysfm.com.ar\/inicio\/donde-esta-el-bockscar-el-avion-que-tiro-la-bomba-atomica-sobre-nagasaki\/#breadcrumb\",\"itemListElement\":[{\"@type\":\"ListItem\",\"position\":1,\"name\":\"Portada\",\"item\":\"https:\/\/gysfm.com.ar\/inicio\/\"},{\"@type\":\"ListItem\",\"position\":2,\"name\":\"D\u00f3nde est\u00e1 el Bockscar, el avi\u00f3n que tir\u00f3 la bomba at\u00f3mica sobre Nagasaki\"}]},{\"@type\":\"WebSite\",\"@id\":\"https:\/\/gysfm.com.ar\/inicio\/#website\",\"url\":\"https:\/\/gysfm.com.ar\/inicio\/\",\"name\":\"GYS NOTICIAS |\",\"description\":\"DIARIO - RADIO ONLINE SAN JUAN ARGENTINA\",\"publisher\":{\"@id\":\"https:\/\/gysfm.com.ar\/inicio\/#organization\"},\"potentialAction\":[{\"@type\":\"SearchAction\",\"target\":{\"@type\":\"EntryPoint\",\"urlTemplate\":\"https:\/\/gysfm.com.ar\/inicio\/?s={search_term_string}\"},\"query-input\":{\"@type\":\"PropertyValueSpecification\",\"valueRequired\":true,\"valueName\":\"search_term_string\"}}],\"inLanguage\":\"es\"},{\"@type\":\"Organization\",\"@id\":\"https:\/\/gysfm.com.ar\/inicio\/#organization\",\"name\":\"GYS NOTICIAS |\",\"url\":\"https:\/\/gysfm.com.ar\/inicio\/\",\"logo\":{\"@type\":\"ImageObject\",\"inLanguage\":\"es\",\"@id\":\"https:\/\/gysfm.com.ar\/inicio\/#\/schema\/logo\/image\/\",\"url\":\"https:\/\/gysfm.com.ar\/inicio\/wp-content\/uploads\/2023\/07\/LOGOGYS-OK.png\",\"contentUrl\":\"https:\/\/gysfm.com.ar\/inicio\/wp-content\/uploads\/2023\/07\/LOGOGYS-OK.png\",\"width\":1170,\"height\":872,\"caption\":\"GYS NOTICIAS |\"},\"image\":{\"@id\":\"https:\/\/gysfm.com.ar\/inicio\/#\/schema\/logo\/image\/\"}},{\"@type\":\"Person\",\"@id\":\"https:\/\/gysfm.com.ar\/inicio\/#\/schema\/person\/3abba7593ef2ad19e1be221d54383dc5\",\"name\":\"Prensa G&amp;S FM\",\"image\":{\"@type\":\"ImageObject\",\"inLanguage\":\"es\",\"@id\":\"https:\/\/gysfm.com.ar\/inicio\/#\/schema\/person\/image\/\",\"url\":\"https:\/\/secure.gravatar.com\/avatar\/096ec78df02049ab018702bb4ccedf659377fa92a26540b5247612077a0dbd29?s=96&d=mm&r=g\",\"contentUrl\":\"https:\/\/secure.gravatar.com\/avatar\/096ec78df02049ab018702bb4ccedf659377fa92a26540b5247612077a0dbd29?s=96&d=mm&r=g\",\"caption\":\"Prensa G&amp;S FM\"},\"sameAs\":[\"https:\/\/gysfm.com.ar\/\"],\"url\":\"https:\/\/gysfm.com.ar\/inicio\/author\/lucasm\/\"}]}<\/script>\n<!-- \/ Yoast SEO plugin. -->","yoast_head_json":{"title":"D\u00f3nde est\u00e1 el Bockscar, el avi\u00f3n que tir\u00f3 la bomba at\u00f3mica sobre Nagasaki - GYS NOTICIAS |","robots":{"index":"index","follow":"follow","max-snippet":"max-snippet:-1","max-image-preview":"max-image-preview:large","max-video-preview":"max-video-preview:-1"},"canonical":"https:\/\/gysfm.com.ar\/inicio\/donde-esta-el-bockscar-el-avion-que-tiro-la-bomba-atomica-sobre-nagasaki\/","og_locale":"es_ES","og_type":"article","og_title":"D\u00f3nde est\u00e1 el Bockscar, el avi\u00f3n que tir\u00f3 la bomba at\u00f3mica sobre Nagasaki - GYS NOTICIAS |","og_description":"Cualquier persona m\u00e1s o menos ilusttrada desde la curiosidad o el morbo sobre uno de los cap\u00edtulos m\u00e1s cruentos del siglo pasado sabe que el avi\u00f3n que tir\u00f3 la bomba at\u00f3mica en Hiroshima se llamaba Enola Gay. Pero el nombre del Bockscar. s\u00f3lo lo retienen los \u00abespecialistas\u00bb. Fue un avi\u00f3n gemelo del Enola Gay. Y [&hellip;]","og_url":"https:\/\/gysfm.com.ar\/inicio\/donde-esta-el-bockscar-el-avion-que-tiro-la-bomba-atomica-sobre-nagasaki\/","og_site_name":"GYS NOTICIAS |","article_published_time":"2025-08-09T21:15:05+00:00","og_image":[{"url":"https:\/\/fotos.perfil.com\/\/2025\/08\/08\/900\/0\/bockscar-y-fat-man-2076924.jpg?webp","type":"","width":"","height":""}],"author":"Prensa G&amp;S FM","twitter_card":"summary_large_image","twitter_misc":{"Escrito por":"Prensa G&amp;S FM","Tiempo de lectura":"4 minutos"},"schema":{"@context":"https:\/\/schema.org","@graph":[{"@type":"Article","@id":"https:\/\/gysfm.com.ar\/inicio\/donde-esta-el-bockscar-el-avion-que-tiro-la-bomba-atomica-sobre-nagasaki\/#article","isPartOf":{"@id":"https:\/\/gysfm.com.ar\/inicio\/donde-esta-el-bockscar-el-avion-que-tiro-la-bomba-atomica-sobre-nagasaki\/"},"author":{"name":"Prensa G&amp;S FM","@id":"https:\/\/gysfm.com.ar\/inicio\/#\/schema\/person\/3abba7593ef2ad19e1be221d54383dc5"},"headline":"D\u00f3nde est\u00e1 el Bockscar, el avi\u00f3n que tir\u00f3 la bomba at\u00f3mica sobre Nagasaki","datePublished":"2025-08-09T21:15:05+00:00","mainEntityOfPage":{"@id":"https:\/\/gysfm.com.ar\/inicio\/donde-esta-el-bockscar-el-avion-que-tiro-la-bomba-atomica-sobre-nagasaki\/"},"wordCount":912,"publisher":{"@id":"https:\/\/gysfm.com.ar\/inicio\/#organization"},"image":{"@id":"https:\/\/gysfm.com.ar\/inicio\/donde-esta-el-bockscar-el-avion-que-tiro-la-bomba-atomica-sobre-nagasaki\/#primaryimage"},"thumbnailUrl":"https:\/\/gysfm.com.ar\/inicio\/wp-content\/uploads\/2025\/08\/bockscar-en-el-museo-2076921.jpg","articleSection":["NACIONALES"],"inLanguage":"es"},{"@type":"WebPage","@id":"https:\/\/gysfm.com.ar\/inicio\/donde-esta-el-bockscar-el-avion-que-tiro-la-bomba-atomica-sobre-nagasaki\/","url":"https:\/\/gysfm.com.ar\/inicio\/donde-esta-el-bockscar-el-avion-que-tiro-la-bomba-atomica-sobre-nagasaki\/","name":"D\u00f3nde est\u00e1 el Bockscar, el avi\u00f3n que tir\u00f3 la bomba at\u00f3mica sobre Nagasaki - GYS NOTICIAS |","isPartOf":{"@id":"https:\/\/gysfm.com.ar\/inicio\/#website"},"primaryImageOfPage":{"@id":"https:\/\/gysfm.com.ar\/inicio\/donde-esta-el-bockscar-el-avion-que-tiro-la-bomba-atomica-sobre-nagasaki\/#primaryimage"},"image":{"@id":"https:\/\/gysfm.com.ar\/inicio\/donde-esta-el-bockscar-el-avion-que-tiro-la-bomba-atomica-sobre-nagasaki\/#primaryimage"},"thumbnailUrl":"https:\/\/gysfm.com.ar\/inicio\/wp-content\/uploads\/2025\/08\/bockscar-en-el-museo-2076921.jpg","datePublished":"2025-08-09T21:15:05+00:00","breadcrumb":{"@id":"https:\/\/gysfm.com.ar\/inicio\/donde-esta-el-bockscar-el-avion-que-tiro-la-bomba-atomica-sobre-nagasaki\/#breadcrumb"},"inLanguage":"es","potentialAction":[{"@type":"ReadAction","target":["https:\/\/gysfm.com.ar\/inicio\/donde-esta-el-bockscar-el-avion-que-tiro-la-bomba-atomica-sobre-nagasaki\/"]}]},{"@type":"ImageObject","inLanguage":"es","@id":"https:\/\/gysfm.com.ar\/inicio\/donde-esta-el-bockscar-el-avion-que-tiro-la-bomba-atomica-sobre-nagasaki\/#primaryimage","url":"https:\/\/gysfm.com.ar\/inicio\/wp-content\/uploads\/2025\/08\/bockscar-en-el-museo-2076921.jpg","contentUrl":"https:\/\/gysfm.com.ar\/inicio\/wp-content\/uploads\/2025\/08\/bockscar-en-el-museo-2076921.jpg","width":1140,"height":641},{"@type":"BreadcrumbList","@id":"https:\/\/gysfm.com.ar\/inicio\/donde-esta-el-bockscar-el-avion-que-tiro-la-bomba-atomica-sobre-nagasaki\/#breadcrumb","itemListElement":[{"@type":"ListItem","position":1,"name":"Portada","item":"https:\/\/gysfm.com.ar\/inicio\/"},{"@type":"ListItem","position":2,"name":"D\u00f3nde est\u00e1 el Bockscar, el avi\u00f3n que tir\u00f3 la bomba at\u00f3mica sobre Nagasaki"}]},{"@type":"WebSite","@id":"https:\/\/gysfm.com.ar\/inicio\/#website","url":"https:\/\/gysfm.com.ar\/inicio\/","name":"GYS NOTICIAS |","description":"DIARIO - RADIO ONLINE SAN JUAN ARGENTINA","publisher":{"@id":"https:\/\/gysfm.com.ar\/inicio\/#organization"},"potentialAction":[{"@type":"SearchAction","target":{"@type":"EntryPoint","urlTemplate":"https:\/\/gysfm.com.ar\/inicio\/?s={search_term_string}"},"query-input":{"@type":"PropertyValueSpecification","valueRequired":true,"valueName":"search_term_string"}}],"inLanguage":"es"},{"@type":"Organization","@id":"https:\/\/gysfm.com.ar\/inicio\/#organization","name":"GYS NOTICIAS |","url":"https:\/\/gysfm.com.ar\/inicio\/","logo":{"@type":"ImageObject","inLanguage":"es","@id":"https:\/\/gysfm.com.ar\/inicio\/#\/schema\/logo\/image\/","url":"https:\/\/gysfm.com.ar\/inicio\/wp-content\/uploads\/2023\/07\/LOGOGYS-OK.png","contentUrl":"https:\/\/gysfm.com.ar\/inicio\/wp-content\/uploads\/2023\/07\/LOGOGYS-OK.png","width":1170,"height":872,"caption":"GYS NOTICIAS |"},"image":{"@id":"https:\/\/gysfm.com.ar\/inicio\/#\/schema\/logo\/image\/"}},{"@type":"Person","@id":"https:\/\/gysfm.com.ar\/inicio\/#\/schema\/person\/3abba7593ef2ad19e1be221d54383dc5","name":"Prensa G&amp;S FM","image":{"@type":"ImageObject","inLanguage":"es","@id":"https:\/\/gysfm.com.ar\/inicio\/#\/schema\/person\/image\/","url":"https:\/\/secure.gravatar.com\/avatar\/096ec78df02049ab018702bb4ccedf659377fa92a26540b5247612077a0dbd29?s=96&d=mm&r=g","contentUrl":"https:\/\/secure.gravatar.com\/avatar\/096ec78df02049ab018702bb4ccedf659377fa92a26540b5247612077a0dbd29?s=96&d=mm&r=g","caption":"Prensa G&amp;S FM"},"sameAs":["https:\/\/gysfm.com.ar\/"],"url":"https:\/\/gysfm.com.ar\/inicio\/author\/lucasm\/"}]}},"_links":{"self":[{"href":"https:\/\/gysfm.com.ar\/inicio\/wp-json\/wp\/v2\/posts\/142795","targetHints":{"allow":["GET"]}}],"collection":[{"href":"https:\/\/gysfm.com.ar\/inicio\/wp-json\/wp\/v2\/posts"}],"about":[{"href":"https:\/\/gysfm.com.ar\/inicio\/wp-json\/wp\/v2\/types\/post"}],"author":[{"embeddable":true,"href":"https:\/\/gysfm.com.ar\/inicio\/wp-json\/wp\/v2\/users\/2"}],"replies":[{"embeddable":true,"href":"https:\/\/gysfm.com.ar\/inicio\/wp-json\/wp\/v2\/comments?post=142795"}],"version-history":[{"count":0,"href":"https:\/\/gysfm.com.ar\/inicio\/wp-json\/wp\/v2\/posts\/142795\/revisions"}],"wp:featuredmedia":[{"embeddable":true,"href":"https:\/\/gysfm.com.ar\/inicio\/wp-json\/wp\/v2\/media\/142796"}],"wp:attachment":[{"href":"https:\/\/gysfm.com.ar\/inicio\/wp-json\/wp\/v2\/media?parent=142795"}],"wp:term":[{"taxonomy":"category","embeddable":true,"href":"https:\/\/gysfm.com.ar\/inicio\/wp-json\/wp\/v2\/categories?post=142795"},{"taxonomy":"post_tag","embeddable":true,"href":"https:\/\/gysfm.com.ar\/inicio\/wp-json\/wp\/v2\/tags?post=142795"}],"curies":[{"name":"wp","href":"https:\/\/api.w.org\/{rel}","templated":true}]}}