{"id":142792,"date":"2025-08-09T18:10:09","date_gmt":"2025-08-09T21:10:09","guid":{"rendered":"https:\/\/gysfm.com.ar\/inicio\/la-joya-del-modelo-libertario-esta-en-peligro-todos-los-numeros-detras-del-veto-de-milei\/"},"modified":"2025-08-09T18:10:10","modified_gmt":"2025-08-09T21:10:10","slug":"la-joya-del-modelo-libertario-esta-en-peligro-todos-los-numeros-detras-del-veto-de-milei","status":"publish","type":"post","link":"https:\/\/gysfm.com.ar\/inicio\/la-joya-del-modelo-libertario-esta-en-peligro-todos-los-numeros-detras-del-veto-de-milei\/","title":{"rendered":"\u00bfLa joya del modelo libertario est\u00e1 en peligro? Todos los n\u00fameros detr\u00e1s del veto de Milei"},"content":{"rendered":"<p><\/p>\n<div>\n<p class=\"com-paragraph   --s\"><strong>Nadie en la Argentina piensa que un jubilado, un profesor o un residente del Hospital Garrahan gana bien. O que una persona con un familiar con discapacidad o un inundado de Bah\u00eda Blanca no necesita una mano de parte del Estado,<\/strong> que se financia con la plata de todos los argentinos. La pregunta crucial es si un pa\u00eds en pleno ordenamiento luego de una grave crisis tiene o no el dinero para hacer frente a todos los reclamos al mismo tiempo. Y, en segunda instancia, si avalar esos pedidos \u2013lo que impulsa la oposici\u00f3n en el Congreso en plena campa\u00f1a- no podr\u00eda devolver al pa\u00eds a la crisis que quiere dejar atr\u00e1s. <\/p>\n<p class=\"com-paragraph   --s\">En el pasado, muchos derechos fueron financiados con impuestos, deuda p\u00fablica y las cajas estatales, y cuando el sector privado no aguant\u00f3 m\u00e1s la presi\u00f3n, lleg\u00f3 \u201cla maquinita\u201d. La impresi\u00f3n desmedida de dinero deriv\u00f3 en alt\u00edsima inflaci\u00f3n. Y, ante la crisis, todos los gobiernos hicieron lo mismo: <strong>usaron la suba generalizada de los precios para licuar derechos otorgados a los que el Estado no pod\u00eda hacer frente. As\u00ed, todos perdieron.<\/strong> El derecho sustentable es el que se puede financiar genuinamente.<\/p>\n<p class=\"com-paragraph   --s\">Desde el principio, para el equipo econ\u00f3mico del presidente Javier Milei, el diagn\u00f3stico fue que el problema de la Argentina no ten\u00eda que ver con los precios, la inflaci\u00f3n o con la deuda. Los ruidos con esas variables derivaban de la \u00fanica constante hist\u00f3rica en el pa\u00eds: la propensi\u00f3n de los pol\u00edticos a gastar sin mirar cu\u00e1nto queda en la caja. <\/p>\n<p class=\"com-paragraph   --s\">Detr\u00e1s de esa radiograf\u00eda, <strong>Milei construy\u00f3 su \u201cjoya\u201d,<\/strong> el super\u00e1vit financiero. Y lo mantuvo en todos los meses desde que est\u00e1 en la Casa Rosada, excepto uno. <strong>\u201cNo en vano, somos el primer gobierno en 123 a\u00f1os que tiene d\u00e9ficit cero despu\u00e9s del pago de intereses\u201d,<\/strong> celebr\u00f3 el Presidente. <\/p>\n<p class=\"com-paragraph   --s\">En ese camino est\u00e1 la orden de Milei de que el Banco Central (BCRA) no financie al Tesoro -de hecho, ya no lo hace- y de prohibir que los presupuestos nacionales (no tiene a\u00fan uno aprobado en su gesti\u00f3n) \u201cincurran en d\u00e9ficit fiscal\u201d. Se trata de una regla que ya hab\u00eda anticipado Milei cuando present\u00f3 la ley de leyes en el Congreso, lo mismo que la sugerencia de penalizar a legisladores \u201cirresponsables\u201d. El reto es que esas medidas, para ser formalizadas, deber\u00edan pasar por el Congreso.<\/p>\n<p class=\"com-paragraph   --s\"><strong>El a\u00f1o pasado, el sector p\u00fablico nacional registr\u00f3 super\u00e1vit financiero anual por primera vez desde 2010. El resultado fiscal de 2024 fue de $1.764.786 millones (0,3% del PBI). Este a\u00f1o, estaba previsto un super\u00e1vit de 1,3% del producto, pero como consecuencia de los vaivenes globales \u2013por la guerra en Medio Oriente y la batalla comercial de Donald Trump-, el Gobierno le prometi\u00f3 al Fondo Monetario Internacional (FMI) estirarse a uno de 1,6% del PBI.<\/strong> Se pas\u00f3 la motosierra por todos lados (o casi todos) y se recort\u00f3 un 29% el gasto p\u00fablico el a\u00f1o pasado. Ahora se pas\u00f3 a una <em>deep motosierra<\/em>, pese a que se prev\u00e9 un gasto constante con una econom\u00eda creciendo por encima de 5%. Todo mientras se intentan bajar impuestos (como el extinto PAIS y retenciones), desregulando y abriendo la econom\u00eda.<\/p>\n<p class=\"com-paragraph   --s\">En la previa de las elecciones de septiembre y octubre, la oposici\u00f3n aprob\u00f3 en el Congreso Nacional varios proyectos que el Presidente ya vet\u00f3 (ahora debe sostenerlo en, por lo menos, una de las c\u00e1maras). Se trata de un aumento a los jubilados (alza de 7,2% del haber, un bono de $115.000 y el traspaso de cajas previsionales), una extensi\u00f3n de la moratoria y de la PUAM, y tambi\u00e9n de la emergencia por discapacidad. El costo fiscal del alza a los jubilados llegar\u00eda a entre 0,79% y 1,26% del PBI, seg\u00fan datos del Ministerio de Econom\u00eda. Los cambios en las cajas, a 0,38%; la emergencia en discapacidad, a entre 0,28% y 0,51%; la moratoria, a 0,19% y la ampliaci\u00f3n del universo de la PUAM, a 0,20% del producto. <\/p>\n<p class=\"com-paragraph   --s\"><strong>En pesos contantes y sonantes, se trata de aumentar el gasto entre $15,6 y $21,5 billones por a\u00f1o. <\/strong>Parecer\u00eda una cuenta impagable hoy por hoy, sobre todo cuando aparecen dudosas fuentes de financiamiento propuestas por los mismos que levantaron la mano en el Congreso. <strong>\u201cEs equivalente a una YPF por a\u00f1o, o dicho de otra manera, implicar\u00eda un endeudamiento adicional de m\u00e1s de US$300.000 millones, o un incremento de la deuda del estado nacional de 70%\u201d,<\/strong> dijo Milei.<\/p>\n<div class=\"content-media\">\n<section role=\"button\" class=\"mod-media   \">\n<figure role=\"button\" class=\"mod-figure \"><figcaption class=\"mod-figcaption\"><span class=\"com-text --caption --twoxs\">El discurso de Javier Milei.<\/span><\/figcaption><\/figure>\n<\/section>\n<\/div>\n<p class=\"com-paragraph   --s\">Un ejemplo sobre el caso de los jubilados. Cuando les preguntaron a los legisladores de d\u00f3nde saldr\u00eda la plata para pagar la cuenta, el aporte estimable de esas fuentes de financiamiento \u2013seg\u00fan un informe de la consultora Empiria de Hern\u00e1n Lacunza- ser\u00eda tan solo del 10% del costo fiscal que tiene el alza de haberes previsionales y del bono. <strong>Las fuentes propuestas por la oposici\u00f3n para financiar el aumento a los jubilados recaudar\u00edan 0,1% del PBI. El costo fiscal de la medida orillar\u00eda el 1% del producto. <\/strong><\/p>\n<p class=\"com-paragraph   --s\"><strong>La jubilaci\u00f3n m\u00ednima en agosto en la Argentina es de $314.305 m\u00e1s un bono de $70.000, lo que suma $384.305. Se hace muy dif\u00edcil vivir con s\u00f3lo eso. La PUAM, con el bono, llega a $321.444.<\/strong> Si bien la pobreza baj\u00f3 fuertemente desde inicios de 2024, lleg\u00f3 a 30,6% en el primer trimestre de 2025, seg\u00fan datos oficiales procesados por ExQuanti. Para la consultora, la incidencia de la pobreza entre los jubilados es un 50% m\u00e1s alta este a\u00f1o que lo que era en 2017. <\/p>\n<p class=\"com-paragraph   --s\">Vale una aclaraci\u00f3n: si Mauricio Macri y Milei ajustaron en los empalmes a los jubilados, Alberto Fern\u00e1ndez y Cristina Kirchner les hicieron perder un 30% de su poder de compra en 2023, mientras que la expresidenta no s\u00f3lo rompi\u00f3 el sistema previsional \u2013achatando la pir\u00e1mide, con millones de jubilados sin aportes o demorando el pago de sentencias contra la Anses-, sino que tambi\u00e9n vet\u00f3 el 82% porque atentaba contra la caja. <\/p>\n<p class=\"com-paragraph   --s\">Los proyectos aprobados esta semana tambi\u00e9n tendr\u00e1n un costo fiscal. <strong>La \u201cley Garrahan\u201d, seg\u00fan la Oficina de Presupuesto del Congreso (OPC) costar\u00eda $65.573 millones este a\u00f1o. El gasto anualizado de ese incremento para sus m\u00e9dicos es de $133.433 millones.<\/strong> Se trata de una erogaci\u00f3n similar a la que, por ejemplo, debe hacer para funcionar la legislatura bonaerense ($155.000 millones), la casa de \u201cChocolate\u201d Rigau, aquel puntero pol\u00edtico que fue atrapado retirando dinero con 48 tarjetas de d\u00e9bito de varios \u201c\u00f1oquis\u201d del propio parlamento de la provincia de Buenos Aires. <\/p>\n<p class=\"com-paragraph   --s\">La ley de financiamiento educativo, tambi\u00e9n aprobada esta semana, no tiene un c\u00e1lculo sobre su costo fiscal, no por lo menos uno actualizado. <strong>El proyecto anterior vetado por Milei \u2013que es similar al actualmente aprobado- costaba a fines de a\u00f1o pasado un 0,14% del PBI, lo que es equivalente a $738.595 millones,<\/strong> seg\u00fan los c\u00e1lculos que entonces hizo tambi\u00e9n la OPC. <\/p>\n<div class=\"content-media\">\n<section role=\"button\" class=\"mod-media   \">\n<figure role=\"button\" class=\"mod-figure \"><figcaption class=\"mod-figcaption\"><span class=\"com-text --caption --twoxs\">Aprobaci\u00f3n del financiamiento universitario en la c\u00e1mara de Dipitados del Congreso<\/span><span class=\"com-text --credit --twoxs\">Hernan Zenteno<\/span><\/figcaption><\/figure>\n<\/section>\n<\/div>\n<p class=\"com-paragraph   --s\">La oposici\u00f3n tambi\u00e9n busca frenar parte de la desregulaci\u00f3n que impulsa el ministro Federico Sturzenegger. Esta semana, por caso, se vot\u00f3 en el Congreso en contra del decreto que suprim\u00eda la existencia de Vialidad Nacional; el que reestructuraba el Instituto Nacional de Tecnolog\u00eda Agropecuaria (INTA) y el Instituto Nacional de Tecnolog\u00eda Industrial (INTI); la norma que hac\u00eda lo mismo con organismos culturales, la que quitaba autonom\u00eda al Banco Nacional de Datos Gen\u00e9ticos (BNDG), y la que establec\u00eda un r\u00e9gimen de excepci\u00f3n para la marina mercante nacional. Un dato de color: <strong>la cautelar para frenar en la Justicia la supresi\u00f3n de Vialidad la pidi\u00f3 una gremialista que sol\u00eda viajar en aviones privados con los B\u00e1ez.<\/strong> En el Ministerio de Desregulaci\u00f3n y Transformaci\u00f3n del Estado no hab\u00edan hecho n\u00fameros sobre ese impacto.<\/p>\n<p class=\"com-paragraph   --s\"><strong>De todos modos, el Gobierno deber\u00e1 proponerse escuchar m\u00e1s. <\/strong>Ni los m\u00e9dicos, profesores, jubilados o las personas con discapacidad son enemigos. Son argentinos, por lo que le corresponde a Milei mejorar la gesti\u00f3n del sistema -regularizar pagos y actualizar de aranceles- para ayudar a las familias de personas con discapacidad, trabajar en apuntalar la situaci\u00f3n de los empobrecidos jubilados, m\u00e9dicos, y profesores. <\/p>\n<p class=\"com-paragraph   --s\">La mayor\u00eda pol\u00edtica iza esas banderas s\u00f3lo por cuestiones proselitistas. Cuando les toc\u00f3 gobernar poco hicieron para dar soluciones. Gastar de m\u00e1s es irresponsable. Financiar gasto corriente con deuda tambi\u00e9n; lo mismo es atiborrar al sector privado con impuestos, lo que demora su expansi\u00f3n -m\u00e1s empleo- y aumenta el costo pa\u00eds \u2013los precios- para todos. <strong>Darle a la \u201cmaquinita\u201d no hace m\u00e1s que derretir a fuego lento los derechos que proclaman los mismos \u201cimprenteros\u201d. <\/strong><\/p>\n<p class=\"com-paragraph   --s\"><strong>El reto de Milei avanza por un estrecho desfiladero: la necesidad de abrir m\u00e1s oportunidades \u2013sobre todo a quienes m\u00e1s los precisan- sin arruinar el futuro de todos, volviendo al pa\u00eds de la inflaci\u00f3n. <\/strong><\/p>\n<section class=\"container-center-100 mb-40 border border-bottom border-thin border-neutral-light-700\">\n<hr\/>\n<\/section>\n<\/div>\n","protected":false},"excerpt":{"rendered":"<p>Nadie en la Argentina piensa que un jubilado, un profesor o un residente del Hospital Garrahan gana bien. O que una persona con un familiar con discapacidad o un inundado de Bah\u00eda Blanca no necesita una mano de parte del Estado, que se financia con la plata de todos los argentinos. La pregunta crucial es [&hellip;]<\/p>\n","protected":false},"author":1,"featured_media":142793,"comment_status":"closed","ping_status":"closed","sticky":false,"template":"","format":"standard","meta":{"footnotes":""},"categories":[28],"tags":[],"class_list":["post-142792","post","type-post","status-publish","format-standard","has-post-thumbnail","hentry","category-economia"],"yoast_head":"<!-- This site is optimized with the Yoast SEO plugin v24.4 - https:\/\/yoast.com\/wordpress\/plugins\/seo\/ -->\n<title>\u00bfLa joya del modelo libertario est\u00e1 en peligro? Todos los n\u00fameros detr\u00e1s del veto de Milei - GYS NOTICIAS |<\/title>\n<meta name=\"robots\" content=\"index, follow, max-snippet:-1, max-image-preview:large, max-video-preview:-1\" \/>\n<link rel=\"canonical\" href=\"https:\/\/gysfm.com.ar\/inicio\/la-joya-del-modelo-libertario-esta-en-peligro-todos-los-numeros-detras-del-veto-de-milei\/\" \/>\n<meta property=\"og:locale\" content=\"es_ES\" \/>\n<meta property=\"og:type\" content=\"article\" \/>\n<meta property=\"og:title\" content=\"\u00bfLa joya del modelo libertario est\u00e1 en peligro? Todos los n\u00fameros detr\u00e1s del veto de Milei - GYS NOTICIAS |\" \/>\n<meta property=\"og:description\" content=\"Nadie en la Argentina piensa que un jubilado, un profesor o un residente del Hospital Garrahan gana bien. O que una persona con un familiar con discapacidad o un inundado de Bah\u00eda Blanca no necesita una mano de parte del Estado, que se financia con la plata de todos los argentinos. La pregunta crucial es [&hellip;]\" \/>\n<meta property=\"og:url\" content=\"https:\/\/gysfm.com.ar\/inicio\/la-joya-del-modelo-libertario-esta-en-peligro-todos-los-numeros-detras-del-veto-de-milei\/\" \/>\n<meta property=\"og:site_name\" content=\"GYS NOTICIAS |\" \/>\n<meta property=\"article:published_time\" content=\"2025-08-09T21:10:09+00:00\" \/>\n<meta property=\"article:modified_time\" content=\"2025-08-09T21:10:10+00:00\" \/>\n<meta property=\"og:image\" content=\"https:\/\/gysfm.com.ar\/inicio\/wp-content\/uploads\/2025\/08\/el-presidente-javier-FRJ72OM4UZFMTF3WZCGNV7TNEI.jpg\" \/>\n\t<meta property=\"og:image:width\" content=\"1200\" \/>\n\t<meta property=\"og:image:height\" content=\"800\" \/>\n\t<meta property=\"og:image:type\" content=\"image\/jpeg\" \/>\n<meta name=\"author\" content=\"admin\" \/>\n<meta name=\"twitter:card\" content=\"summary_large_image\" \/>\n<meta name=\"twitter:label1\" content=\"Escrito por\" \/>\n\t<meta name=\"twitter:data1\" content=\"admin\" \/>\n\t<meta name=\"twitter:label2\" content=\"Tiempo de lectura\" \/>\n\t<meta name=\"twitter:data2\" content=\"8 minutos\" \/>\n<script type=\"application\/ld+json\" class=\"yoast-schema-graph\">{\"@context\":\"https:\/\/schema.org\",\"@graph\":[{\"@type\":\"Article\",\"@id\":\"https:\/\/gysfm.com.ar\/inicio\/la-joya-del-modelo-libertario-esta-en-peligro-todos-los-numeros-detras-del-veto-de-milei\/#article\",\"isPartOf\":{\"@id\":\"https:\/\/gysfm.com.ar\/inicio\/la-joya-del-modelo-libertario-esta-en-peligro-todos-los-numeros-detras-del-veto-de-milei\/\"},\"author\":{\"name\":\"admin\",\"@id\":\"https:\/\/gysfm.com.ar\/inicio\/#\/schema\/person\/5bedd7ecd35cc35548d89effafa23696\"},\"headline\":\"\u00bfLa joya del modelo libertario est\u00e1 en peligro? Todos los n\u00fameros detr\u00e1s del veto de Milei\",\"datePublished\":\"2025-08-09T21:10:09+00:00\",\"dateModified\":\"2025-08-09T21:10:10+00:00\",\"mainEntityOfPage\":{\"@id\":\"https:\/\/gysfm.com.ar\/inicio\/la-joya-del-modelo-libertario-esta-en-peligro-todos-los-numeros-detras-del-veto-de-milei\/\"},\"wordCount\":1547,\"publisher\":{\"@id\":\"https:\/\/gysfm.com.ar\/inicio\/#organization\"},\"image\":{\"@id\":\"https:\/\/gysfm.com.ar\/inicio\/la-joya-del-modelo-libertario-esta-en-peligro-todos-los-numeros-detras-del-veto-de-milei\/#primaryimage\"},\"thumbnailUrl\":\"https:\/\/gysfm.com.ar\/inicio\/wp-content\/uploads\/2025\/08\/el-presidente-javier-FRJ72OM4UZFMTF3WZCGNV7TNEI.jpg\",\"articleSection\":[\"ECONOMIA\"],\"inLanguage\":\"es\"},{\"@type\":\"WebPage\",\"@id\":\"https:\/\/gysfm.com.ar\/inicio\/la-joya-del-modelo-libertario-esta-en-peligro-todos-los-numeros-detras-del-veto-de-milei\/\",\"url\":\"https:\/\/gysfm.com.ar\/inicio\/la-joya-del-modelo-libertario-esta-en-peligro-todos-los-numeros-detras-del-veto-de-milei\/\",\"name\":\"\u00bfLa joya del modelo libertario est\u00e1 en peligro? Todos los n\u00fameros detr\u00e1s del veto de Milei - GYS NOTICIAS |\",\"isPartOf\":{\"@id\":\"https:\/\/gysfm.com.ar\/inicio\/#website\"},\"primaryImageOfPage\":{\"@id\":\"https:\/\/gysfm.com.ar\/inicio\/la-joya-del-modelo-libertario-esta-en-peligro-todos-los-numeros-detras-del-veto-de-milei\/#primaryimage\"},\"image\":{\"@id\":\"https:\/\/gysfm.com.ar\/inicio\/la-joya-del-modelo-libertario-esta-en-peligro-todos-los-numeros-detras-del-veto-de-milei\/#primaryimage\"},\"thumbnailUrl\":\"https:\/\/gysfm.com.ar\/inicio\/wp-content\/uploads\/2025\/08\/el-presidente-javier-FRJ72OM4UZFMTF3WZCGNV7TNEI.jpg\",\"datePublished\":\"2025-08-09T21:10:09+00:00\",\"dateModified\":\"2025-08-09T21:10:10+00:00\",\"breadcrumb\":{\"@id\":\"https:\/\/gysfm.com.ar\/inicio\/la-joya-del-modelo-libertario-esta-en-peligro-todos-los-numeros-detras-del-veto-de-milei\/#breadcrumb\"},\"inLanguage\":\"es\",\"potentialAction\":[{\"@type\":\"ReadAction\",\"target\":[\"https:\/\/gysfm.com.ar\/inicio\/la-joya-del-modelo-libertario-esta-en-peligro-todos-los-numeros-detras-del-veto-de-milei\/\"]}]},{\"@type\":\"ImageObject\",\"inLanguage\":\"es\",\"@id\":\"https:\/\/gysfm.com.ar\/inicio\/la-joya-del-modelo-libertario-esta-en-peligro-todos-los-numeros-detras-del-veto-de-milei\/#primaryimage\",\"url\":\"https:\/\/gysfm.com.ar\/inicio\/wp-content\/uploads\/2025\/08\/el-presidente-javier-FRJ72OM4UZFMTF3WZCGNV7TNEI.jpg\",\"contentUrl\":\"https:\/\/gysfm.com.ar\/inicio\/wp-content\/uploads\/2025\/08\/el-presidente-javier-FRJ72OM4UZFMTF3WZCGNV7TNEI.jpg\",\"width\":1200,\"height\":800},{\"@type\":\"BreadcrumbList\",\"@id\":\"https:\/\/gysfm.com.ar\/inicio\/la-joya-del-modelo-libertario-esta-en-peligro-todos-los-numeros-detras-del-veto-de-milei\/#breadcrumb\",\"itemListElement\":[{\"@type\":\"ListItem\",\"position\":1,\"name\":\"Portada\",\"item\":\"https:\/\/gysfm.com.ar\/inicio\/\"},{\"@type\":\"ListItem\",\"position\":2,\"name\":\"\u00bfLa joya del modelo libertario est\u00e1 en peligro? Todos los n\u00fameros detr\u00e1s del veto de Milei\"}]},{\"@type\":\"WebSite\",\"@id\":\"https:\/\/gysfm.com.ar\/inicio\/#website\",\"url\":\"https:\/\/gysfm.com.ar\/inicio\/\",\"name\":\"GYS NOTICIAS |\",\"description\":\"DIARIO - RADIO ONLINE SAN JUAN ARGENTINA\",\"publisher\":{\"@id\":\"https:\/\/gysfm.com.ar\/inicio\/#organization\"},\"potentialAction\":[{\"@type\":\"SearchAction\",\"target\":{\"@type\":\"EntryPoint\",\"urlTemplate\":\"https:\/\/gysfm.com.ar\/inicio\/?s={search_term_string}\"},\"query-input\":{\"@type\":\"PropertyValueSpecification\",\"valueRequired\":true,\"valueName\":\"search_term_string\"}}],\"inLanguage\":\"es\"},{\"@type\":\"Organization\",\"@id\":\"https:\/\/gysfm.com.ar\/inicio\/#organization\",\"name\":\"GYS NOTICIAS |\",\"url\":\"https:\/\/gysfm.com.ar\/inicio\/\",\"logo\":{\"@type\":\"ImageObject\",\"inLanguage\":\"es\",\"@id\":\"https:\/\/gysfm.com.ar\/inicio\/#\/schema\/logo\/image\/\",\"url\":\"https:\/\/gysfm.com.ar\/inicio\/wp-content\/uploads\/2023\/07\/LOGOGYS-OK.png\",\"contentUrl\":\"https:\/\/gysfm.com.ar\/inicio\/wp-content\/uploads\/2023\/07\/LOGOGYS-OK.png\",\"width\":1170,\"height\":872,\"caption\":\"GYS NOTICIAS |\"},\"image\":{\"@id\":\"https:\/\/gysfm.com.ar\/inicio\/#\/schema\/logo\/image\/\"}},{\"@type\":\"Person\",\"@id\":\"https:\/\/gysfm.com.ar\/inicio\/#\/schema\/person\/5bedd7ecd35cc35548d89effafa23696\",\"name\":\"admin\",\"image\":{\"@type\":\"ImageObject\",\"inLanguage\":\"es\",\"@id\":\"https:\/\/gysfm.com.ar\/inicio\/#\/schema\/person\/image\/\",\"url\":\"https:\/\/secure.gravatar.com\/avatar\/c331d312b5243fb64d5ba28108a447b27c925295129a363082c9ea52c28d32c2?s=96&d=mm&r=g\",\"contentUrl\":\"https:\/\/secure.gravatar.com\/avatar\/c331d312b5243fb64d5ba28108a447b27c925295129a363082c9ea52c28d32c2?s=96&d=mm&r=g\",\"caption\":\"admin\"},\"sameAs\":[\"https:\/\/gysfm.com.ar\/inicio\"],\"url\":\"https:\/\/gysfm.com.ar\/inicio\/author\/admin\/\"}]}<\/script>\n<!-- \/ Yoast SEO plugin. -->","yoast_head_json":{"title":"\u00bfLa joya del modelo libertario est\u00e1 en peligro? Todos los n\u00fameros detr\u00e1s del veto de Milei - GYS NOTICIAS |","robots":{"index":"index","follow":"follow","max-snippet":"max-snippet:-1","max-image-preview":"max-image-preview:large","max-video-preview":"max-video-preview:-1"},"canonical":"https:\/\/gysfm.com.ar\/inicio\/la-joya-del-modelo-libertario-esta-en-peligro-todos-los-numeros-detras-del-veto-de-milei\/","og_locale":"es_ES","og_type":"article","og_title":"\u00bfLa joya del modelo libertario est\u00e1 en peligro? Todos los n\u00fameros detr\u00e1s del veto de Milei - GYS NOTICIAS |","og_description":"Nadie en la Argentina piensa que un jubilado, un profesor o un residente del Hospital Garrahan gana bien. O que una persona con un familiar con discapacidad o un inundado de Bah\u00eda Blanca no necesita una mano de parte del Estado, que se financia con la plata de todos los argentinos. La pregunta crucial es [&hellip;]","og_url":"https:\/\/gysfm.com.ar\/inicio\/la-joya-del-modelo-libertario-esta-en-peligro-todos-los-numeros-detras-del-veto-de-milei\/","og_site_name":"GYS NOTICIAS |","article_published_time":"2025-08-09T21:10:09+00:00","article_modified_time":"2025-08-09T21:10:10+00:00","og_image":[{"width":1200,"height":800,"url":"https:\/\/gysfm.com.ar\/inicio\/wp-content\/uploads\/2025\/08\/el-presidente-javier-FRJ72OM4UZFMTF3WZCGNV7TNEI.jpg","type":"image\/jpeg"}],"author":"admin","twitter_card":"summary_large_image","twitter_misc":{"Escrito por":"admin","Tiempo de lectura":"8 minutos"},"schema":{"@context":"https:\/\/schema.org","@graph":[{"@type":"Article","@id":"https:\/\/gysfm.com.ar\/inicio\/la-joya-del-modelo-libertario-esta-en-peligro-todos-los-numeros-detras-del-veto-de-milei\/#article","isPartOf":{"@id":"https:\/\/gysfm.com.ar\/inicio\/la-joya-del-modelo-libertario-esta-en-peligro-todos-los-numeros-detras-del-veto-de-milei\/"},"author":{"name":"admin","@id":"https:\/\/gysfm.com.ar\/inicio\/#\/schema\/person\/5bedd7ecd35cc35548d89effafa23696"},"headline":"\u00bfLa joya del modelo libertario est\u00e1 en peligro? Todos los n\u00fameros detr\u00e1s del veto de Milei","datePublished":"2025-08-09T21:10:09+00:00","dateModified":"2025-08-09T21:10:10+00:00","mainEntityOfPage":{"@id":"https:\/\/gysfm.com.ar\/inicio\/la-joya-del-modelo-libertario-esta-en-peligro-todos-los-numeros-detras-del-veto-de-milei\/"},"wordCount":1547,"publisher":{"@id":"https:\/\/gysfm.com.ar\/inicio\/#organization"},"image":{"@id":"https:\/\/gysfm.com.ar\/inicio\/la-joya-del-modelo-libertario-esta-en-peligro-todos-los-numeros-detras-del-veto-de-milei\/#primaryimage"},"thumbnailUrl":"https:\/\/gysfm.com.ar\/inicio\/wp-content\/uploads\/2025\/08\/el-presidente-javier-FRJ72OM4UZFMTF3WZCGNV7TNEI.jpg","articleSection":["ECONOMIA"],"inLanguage":"es"},{"@type":"WebPage","@id":"https:\/\/gysfm.com.ar\/inicio\/la-joya-del-modelo-libertario-esta-en-peligro-todos-los-numeros-detras-del-veto-de-milei\/","url":"https:\/\/gysfm.com.ar\/inicio\/la-joya-del-modelo-libertario-esta-en-peligro-todos-los-numeros-detras-del-veto-de-milei\/","name":"\u00bfLa joya del modelo libertario est\u00e1 en peligro? Todos los n\u00fameros detr\u00e1s del veto de Milei - GYS NOTICIAS |","isPartOf":{"@id":"https:\/\/gysfm.com.ar\/inicio\/#website"},"primaryImageOfPage":{"@id":"https:\/\/gysfm.com.ar\/inicio\/la-joya-del-modelo-libertario-esta-en-peligro-todos-los-numeros-detras-del-veto-de-milei\/#primaryimage"},"image":{"@id":"https:\/\/gysfm.com.ar\/inicio\/la-joya-del-modelo-libertario-esta-en-peligro-todos-los-numeros-detras-del-veto-de-milei\/#primaryimage"},"thumbnailUrl":"https:\/\/gysfm.com.ar\/inicio\/wp-content\/uploads\/2025\/08\/el-presidente-javier-FRJ72OM4UZFMTF3WZCGNV7TNEI.jpg","datePublished":"2025-08-09T21:10:09+00:00","dateModified":"2025-08-09T21:10:10+00:00","breadcrumb":{"@id":"https:\/\/gysfm.com.ar\/inicio\/la-joya-del-modelo-libertario-esta-en-peligro-todos-los-numeros-detras-del-veto-de-milei\/#breadcrumb"},"inLanguage":"es","potentialAction":[{"@type":"ReadAction","target":["https:\/\/gysfm.com.ar\/inicio\/la-joya-del-modelo-libertario-esta-en-peligro-todos-los-numeros-detras-del-veto-de-milei\/"]}]},{"@type":"ImageObject","inLanguage":"es","@id":"https:\/\/gysfm.com.ar\/inicio\/la-joya-del-modelo-libertario-esta-en-peligro-todos-los-numeros-detras-del-veto-de-milei\/#primaryimage","url":"https:\/\/gysfm.com.ar\/inicio\/wp-content\/uploads\/2025\/08\/el-presidente-javier-FRJ72OM4UZFMTF3WZCGNV7TNEI.jpg","contentUrl":"https:\/\/gysfm.com.ar\/inicio\/wp-content\/uploads\/2025\/08\/el-presidente-javier-FRJ72OM4UZFMTF3WZCGNV7TNEI.jpg","width":1200,"height":800},{"@type":"BreadcrumbList","@id":"https:\/\/gysfm.com.ar\/inicio\/la-joya-del-modelo-libertario-esta-en-peligro-todos-los-numeros-detras-del-veto-de-milei\/#breadcrumb","itemListElement":[{"@type":"ListItem","position":1,"name":"Portada","item":"https:\/\/gysfm.com.ar\/inicio\/"},{"@type":"ListItem","position":2,"name":"\u00bfLa joya del modelo libertario est\u00e1 en peligro? Todos los n\u00fameros detr\u00e1s del veto de Milei"}]},{"@type":"WebSite","@id":"https:\/\/gysfm.com.ar\/inicio\/#website","url":"https:\/\/gysfm.com.ar\/inicio\/","name":"GYS NOTICIAS |","description":"DIARIO - RADIO ONLINE SAN JUAN ARGENTINA","publisher":{"@id":"https:\/\/gysfm.com.ar\/inicio\/#organization"},"potentialAction":[{"@type":"SearchAction","target":{"@type":"EntryPoint","urlTemplate":"https:\/\/gysfm.com.ar\/inicio\/?s={search_term_string}"},"query-input":{"@type":"PropertyValueSpecification","valueRequired":true,"valueName":"search_term_string"}}],"inLanguage":"es"},{"@type":"Organization","@id":"https:\/\/gysfm.com.ar\/inicio\/#organization","name":"GYS NOTICIAS |","url":"https:\/\/gysfm.com.ar\/inicio\/","logo":{"@type":"ImageObject","inLanguage":"es","@id":"https:\/\/gysfm.com.ar\/inicio\/#\/schema\/logo\/image\/","url":"https:\/\/gysfm.com.ar\/inicio\/wp-content\/uploads\/2023\/07\/LOGOGYS-OK.png","contentUrl":"https:\/\/gysfm.com.ar\/inicio\/wp-content\/uploads\/2023\/07\/LOGOGYS-OK.png","width":1170,"height":872,"caption":"GYS NOTICIAS |"},"image":{"@id":"https:\/\/gysfm.com.ar\/inicio\/#\/schema\/logo\/image\/"}},{"@type":"Person","@id":"https:\/\/gysfm.com.ar\/inicio\/#\/schema\/person\/5bedd7ecd35cc35548d89effafa23696","name":"admin","image":{"@type":"ImageObject","inLanguage":"es","@id":"https:\/\/gysfm.com.ar\/inicio\/#\/schema\/person\/image\/","url":"https:\/\/secure.gravatar.com\/avatar\/c331d312b5243fb64d5ba28108a447b27c925295129a363082c9ea52c28d32c2?s=96&d=mm&r=g","contentUrl":"https:\/\/secure.gravatar.com\/avatar\/c331d312b5243fb64d5ba28108a447b27c925295129a363082c9ea52c28d32c2?s=96&d=mm&r=g","caption":"admin"},"sameAs":["https:\/\/gysfm.com.ar\/inicio"],"url":"https:\/\/gysfm.com.ar\/inicio\/author\/admin\/"}]}},"_links":{"self":[{"href":"https:\/\/gysfm.com.ar\/inicio\/wp-json\/wp\/v2\/posts\/142792","targetHints":{"allow":["GET"]}}],"collection":[{"href":"https:\/\/gysfm.com.ar\/inicio\/wp-json\/wp\/v2\/posts"}],"about":[{"href":"https:\/\/gysfm.com.ar\/inicio\/wp-json\/wp\/v2\/types\/post"}],"author":[{"embeddable":true,"href":"https:\/\/gysfm.com.ar\/inicio\/wp-json\/wp\/v2\/users\/1"}],"replies":[{"embeddable":true,"href":"https:\/\/gysfm.com.ar\/inicio\/wp-json\/wp\/v2\/comments?post=142792"}],"version-history":[{"count":1,"href":"https:\/\/gysfm.com.ar\/inicio\/wp-json\/wp\/v2\/posts\/142792\/revisions"}],"predecessor-version":[{"id":142794,"href":"https:\/\/gysfm.com.ar\/inicio\/wp-json\/wp\/v2\/posts\/142792\/revisions\/142794"}],"wp:featuredmedia":[{"embeddable":true,"href":"https:\/\/gysfm.com.ar\/inicio\/wp-json\/wp\/v2\/media\/142793"}],"wp:attachment":[{"href":"https:\/\/gysfm.com.ar\/inicio\/wp-json\/wp\/v2\/media?parent=142792"}],"wp:term":[{"taxonomy":"category","embeddable":true,"href":"https:\/\/gysfm.com.ar\/inicio\/wp-json\/wp\/v2\/categories?post=142792"},{"taxonomy":"post_tag","embeddable":true,"href":"https:\/\/gysfm.com.ar\/inicio\/wp-json\/wp\/v2\/tags?post=142792"}],"curies":[{"name":"wp","href":"https:\/\/api.w.org\/{rel}","templated":true}]}}