{"id":138750,"date":"2025-07-23T17:04:27","date_gmt":"2025-07-23T20:04:27","guid":{"rendered":"https:\/\/gysfm.com.ar\/inicio\/escala-la-polemica-por-el-cambio-en-los-pasaportes-uruguayos-la-respuesta-del-gobierno\/"},"modified":"2025-07-23T17:04:27","modified_gmt":"2025-07-23T20:04:27","slug":"escala-la-polemica-por-el-cambio-en-los-pasaportes-uruguayos-la-respuesta-del-gobierno","status":"publish","type":"post","link":"https:\/\/gysfm.com.ar\/inicio\/escala-la-polemica-por-el-cambio-en-los-pasaportes-uruguayos-la-respuesta-del-gobierno\/","title":{"rendered":"Escala la pol\u00e9mica por el cambio en los pasaportes uruguayos: la respuesta del gobierno"},"content":{"rendered":"<p> <br \/>\n<\/p>\n<div>\n<p class=\"com-paragraph  --capital --s\">Los ciudadanos uruguayos que hayan tramitado el <a href=\"https:\/\/www.lanacion.com.ar\/el-mundo\/el-insolito-motivo-por-el-que-francia-y-alemania-prohibieron-la-entrada-a-los-uruguayos-con-nid09072025\/\" target=\"_self\" title=\"https:\/\/www.lanacion.com.ar\/el-mundo\/el-insolito-motivo-por-el-que-francia-y-alemania-prohibieron-la-entrada-a-los-uruguayos-con-nid09072025\/\" class=\"com-link\" data-mrf-recirculation=\"n_link_parrafo\"><strong>nuevo pasaporte<\/strong><\/a> se enfrentan recientemente a una ins\u00f3lita problem\u00e1tica: <strong>tres pa\u00edses de Europa y Asia decidieron prohibirles el ingreso moment\u00e1neamente, <\/strong>ya que la documentaci\u00f3n dej\u00f3 de incluir la inscripci\u00f3n del<strong> lugar de nacimiento<\/strong>. Esta modificaci\u00f3n se aplic\u00f3 en las credenciales emitidas a partir del 23 de abril de 2025.<\/p>\n<p class=\"com-paragraph   --s\">D\u00edas atr\u00e1s, los gobiernos de <strong>Francia y Alemania resolvieron restringir el ingreso de uruguayos<\/strong> con este pasaporte, y posteriormente se sum\u00f3 <strong>Jap\u00f3n<\/strong>. En el caso de Alemania, el nuevo documento uruguayo no tiene validez ni siquiera para estancias cortas; en Francia, en tanto, el inconveniente se presenta en estad\u00edas mayores a 90 d\u00edas.<\/p>\n<p class=\"com-paragraph   --s\">Seg\u00fan informaron a <strong>LA NACION<\/strong> desde la Canciller\u00eda uruguaya, ya se avanz\u00f3 con consultas \u201ca todas las naciones\u201d en relaci\u00f3n con esta problem\u00e1tica, y afirmaron que en el pa\u00eds nip\u00f3n \u201cya se est\u00e1n colocando visas en los nuevos pasaportes uruguayos\u201d. \u201cFrancia dijo que se iba a resolver r\u00e1pidamente la situaci\u00f3n y, en las consultas que hicimos en Berl\u00edn, nos dijeron que lo est\u00e1n analizando. <strong>Nosotros cumplimos con las normas internacionales<\/strong>\u201d, aseguraron en di\u00e1logo con este medio.<\/p>\n<div class=\"content-media\">\n<section role=\"button\" class=\"mod-media   \">\n<figure role=\"button\" class=\"mod-figure \"><figcaption class=\"mod-figcaption\"><span class=\"com-text --caption --twoxs\">El pasaporte uruguayo tuvo una serie de modificaciones a partir de abril de este a\u00f1o.<\/span><\/figcaption><\/figure>\n<\/section>\n<\/div>\n<p class=\"com-paragraph   --s\">\u00ab<strong>No recibimos ninguna se\u00f1al de dificultad en el uso de los nuevos pasaportes en viajes<\/strong>\u201c, insistieron desde la cartera conducida por Mario Lubetkin y ratificaron que el Gobierno \u201c<strong>no tiene registros de uruguayos que efectivamente no hayan podido ingresar <\/strong>en algunos de los pa\u00edses que manifestaron problemas con el pasaporte\u00bb.<\/p>\n<p class=\"com-paragraph   --s\">Sin embargo, seg\u00fan consignaron <a href=\"https:\/\/www.elobservador.com.uy\/nacional\/la-historia-del-uruguayo-que-iba-estudiar-la-sorbonne-y-no-pudo-el-nuevo-pasaporte-alemania-y-francia-rechazan-los-nuevos-documentos-n6008202\" rel=\"nofollow\" target=\"_blank\" title=\"https:\/\/www.elobservador.com.uy\/nacional\/la-historia-del-uruguayo-que-iba-estudiar-la-sorbonne-y-no-pudo-el-nuevo-pasaporte-alemania-y-francia-rechazan-los-nuevos-documentos-n6008202\" class=\"com-link\" data-mrf-recirculation=\"n_link_parrafo\">medios locales<\/a>, varios viajeros reportaron inconvenientes tras salir de Uruguay e intentar ingresar a los pa\u00edses que ahora rechazan el nuevo documento. Tal es el caso de <strong>Kevin Solano<\/strong>, un joven peruano que vive en Montevideo desde los cinco a\u00f1os y que fue aceptado para estudiar en La Sorbonne, la emblem\u00e1tica universidad p\u00fablica de investigaci\u00f3n ubicada en Par\u00eds. <\/p>\n<p class=\"com-paragraph   --s\">A su vez, el embajador de Uruguay en Berl\u00edn, <strong>Stefan Duppel<\/strong>, public\u00f3 un mensaje al respecto en su cuenta de la red social <em>X<\/em>: \u201cAhora no se puede entrar a Alemania con estos pasaportes, ni siquiera para estancias cortas\u201d. <strong>Tampoco se aceptan solicitudes de visa con el pasaporte uruguayo nuevo<\/strong>, advirti\u00f3.<\/p>\n<div class=\"content-media\">\n<section role=\"button\" class=\"mod-media   \">\n<figure role=\"button\" class=\"mod-figure \"><figcaption class=\"mod-figcaption\"><span class=\"com-text --caption --twoxs\">El posteo del embajador alem\u00e1n en Uruguay.<\/span><span class=\"com-text --credit --twoxs\">X   <\/span><\/figcaption><\/figure>\n<\/section>\n<\/div>\n<p class=\"com-paragraph   --s\">Desde la Canciller\u00eda uruguaya explicaron que los cambios en el pasaporte se iniciaron durante la administraci\u00f3n del expresidente <strong>Luis Lacalle Pou <\/strong>ante la demanda de uruguayos legalizados agrupados en la<strong> ONG Todos Somos Uruguayos<\/strong>. \u201cEl proceso culmin\u00f3 en abril de 2025, cumpliendo con los lineamientos de la Organizaci\u00f3n de Aviaci\u00f3n Civil Internacional y teniendo en cuenta los par\u00e1metros de la ciudadan\u00eda natural y la ciudadan\u00eda legal\u201d, aseguraron.<\/p>\n<p class=\"com-paragraph   --s\">Seg\u00fan se\u00f1alaron desde la cartera, por el momento <strong>no hay otros pa\u00edses europeos que hayan expresado objeciones <\/strong>respecto del nuevo formato del documento, del que ya se emitieron aproximadamente <strong>17.000 ejemplares<\/strong>. Por su parte, el presidente uruguayo, <strong>Yamand\u00fa Orsi<\/strong>, se refiri\u00f3 a la pol\u00e9mica y explic\u00f3 a qu\u00e9 se debe: \u201cTiene que ver con alg\u00fan aspecto de lo que se hizo, que <strong>ven\u00eda en l\u00ednea con un protocolo que nos hab\u00edan sugerido;<\/strong> siempre estamos dispuestos a cambiar si hay algo que complique la cosa\u201d.<\/p>\n<p class=\"com-paragraph   --s\">\u201c<strong>Si hay algo que haya que corregir, siempre estamos dispuestos<\/strong>. Lo resolveremos\u201d, subray\u00f3.<\/p>\n<p class=\"com-paragraph   --s\">La creaci\u00f3n del nuevo formato de pasaporte fue informada el pasado<strong> 15 de abril<\/strong> de 2025, seg\u00fan detalla la web del Ministerio del Interior. Este dise\u00f1o introdujo dos modificaciones: en primer lugar, el t\u00edtulo \u201cNacionalidad\u201d pas\u00f3 a denominarse \u201c<strong>Nacionalidad\/Ciudadan\u00eda<\/strong>\u201d con el <strong>c\u00f3digo \u201cURY\u201d<\/strong> (que representa a Uruguay) tanto para los ciudadanos naturales como legales. <\/p>\n<p class=\"com-paragraph   --s\">Esta medida hace que tanto el pa\u00eds emisor del documento como la ciudadan\u00eda figuren escritos de la misma forma. \u201cURY\u201d es el c\u00f3digo alfa-3 del est\u00e1ndar ISO 3166-1 que fue asignado a Uruguay, mantenido por la<strong> Organizaci\u00f3n Internacional de Normalizaci\u00f3n <\/strong>(ISO).<\/p>\n<div class=\"content-media\">\n<section role=\"button\" class=\"mod-media   \">\n<figure role=\"button\" class=\"mod-figure \"><figcaption class=\"mod-figcaption\"><span class=\"com-text --caption --twoxs\">La medida afecta a todos los ciudadanos que tengan el nuevo pasaporte.<\/span><\/figcaption><\/figure>\n<\/section>\n<\/div>\n<p class=\"com-paragraph   --s\">Por otro lado, <strong>se elimin\u00f3 el t\u00edtulo \u201cLugar de nacimiento\u201d de los pasaportes comunes<\/strong>, \u201cal no ser considerado obligatorio seg\u00fan el documento 9303 de la Organizaci\u00f3n de Aviaci\u00f3n Civil Internacional\u201d. Esto, advirtieron, fue lo que gener\u00f3 el conflicto con los pa\u00edses extranjeros.<\/p>\n<p class=\"com-paragraph   --s\">\u201cEstos cambios reflejan nuestro compromiso con la <strong>mejora continua, la precisi\u00f3n documental y la seguridad internacional<\/strong>, proporcionando mayor claridad sobre el v\u00ednculo jur\u00eddico entre el portador del pasaporte y el Estado uruguayo\u201d, se\u00f1alaron desde Canciller\u00eda en su momento.<\/p>\n<p class=\"com-paragraph   --s\">A su vez, dijeron que esto responde a \u201cnormas internacionales de Derechos Humanos relativas a la facilitaci\u00f3n de la <strong>movilidad humana,<\/strong> <strong>libre circulaci\u00f3n de identidad sin discriminaci\u00f3n<\/strong>\u201d. Adem\u00e1s, afirmaron que los cambios realizados ya hab\u00edan sido informados a todas las Embajadas en Montevideo y de Uruguay en el exterior.<\/p>\n<p class=\"com-paragraph   --s\">Por este motivo, la canciller interina <strong>Valeria Csukasi <\/strong>y la subsecretaria del Ministerio del Interior, <strong>Gabriela Valverde<\/strong>, llamaron a consulta a los embajadores de Francia y Alemania en Uruguay.<\/p>\n<section class=\"container-center-100 mb-40 border border-bottom border-thin border-neutral-light-700\">\n<hr\/>\n<\/section>\n<\/div>\n\n","protected":false},"excerpt":{"rendered":"<p>Los ciudadanos uruguayos que hayan tramitado el nuevo pasaporte se enfrentan recientemente a una ins\u00f3lita problem\u00e1tica: tres pa\u00edses de Europa y Asia decidieron prohibirles el ingreso moment\u00e1neamente, ya que la documentaci\u00f3n dej\u00f3 de incluir la inscripci\u00f3n del lugar de nacimiento. Esta modificaci\u00f3n se aplic\u00f3 en las credenciales emitidas a partir del 23 de abril de [&hellip;]<\/p>\n","protected":false},"author":2,"featured_media":138751,"comment_status":"closed","ping_status":"closed","sticky":false,"template":"","format":"standard","meta":{"footnotes":""},"categories":[26],"tags":[],"class_list":["post-138750","post","type-post","status-publish","format-standard","has-post-thumbnail","hentry","category-internacionales"],"yoast_head":"<!-- This site is optimized with the Yoast SEO plugin v24.4 - https:\/\/yoast.com\/wordpress\/plugins\/seo\/ -->\n<title>Escala la pol\u00e9mica por el cambio en los pasaportes uruguayos: la respuesta del gobierno - GYS NOTICIAS |<\/title>\n<meta name=\"robots\" content=\"index, follow, max-snippet:-1, max-image-preview:large, max-video-preview:-1\" \/>\n<link rel=\"canonical\" href=\"https:\/\/gysfm.com.ar\/inicio\/escala-la-polemica-por-el-cambio-en-los-pasaportes-uruguayos-la-respuesta-del-gobierno\/\" \/>\n<meta property=\"og:locale\" content=\"es_ES\" \/>\n<meta property=\"og:type\" content=\"article\" \/>\n<meta property=\"og:title\" content=\"Escala la pol\u00e9mica por el cambio en los pasaportes uruguayos: la respuesta del gobierno - GYS NOTICIAS |\" \/>\n<meta property=\"og:description\" content=\"Los ciudadanos uruguayos que hayan tramitado el nuevo pasaporte se enfrentan recientemente a una ins\u00f3lita problem\u00e1tica: tres pa\u00edses de Europa y Asia decidieron prohibirles el ingreso moment\u00e1neamente, ya que la documentaci\u00f3n dej\u00f3 de incluir la inscripci\u00f3n del lugar de nacimiento. Esta modificaci\u00f3n se aplic\u00f3 en las credenciales emitidas a partir del 23 de abril de [&hellip;]\" \/>\n<meta property=\"og:url\" content=\"https:\/\/gysfm.com.ar\/inicio\/escala-la-polemica-por-el-cambio-en-los-pasaportes-uruguayos-la-respuesta-del-gobierno\/\" \/>\n<meta property=\"og:site_name\" content=\"GYS NOTICIAS |\" \/>\n<meta property=\"article:published_time\" content=\"2025-07-23T20:04:27+00:00\" \/>\n<meta property=\"og:image\" content=\"https:\/\/gysfm.com.ar\/inicio\/wp-content\/uploads\/2025\/07\/el-nuevo-pasaporte-uruguayo-que-genero-polemica-766KO4HNDNHX5OXP6ZNESRNEAU.jpeg\" \/>\n\t<meta property=\"og:image:width\" content=\"1200\" \/>\n\t<meta property=\"og:image:height\" content=\"803\" \/>\n\t<meta property=\"og:image:type\" content=\"image\/jpeg\" \/>\n<meta name=\"author\" content=\"Prensa G&amp;S FM\" \/>\n<meta name=\"twitter:card\" content=\"summary_large_image\" \/>\n<meta name=\"twitter:label1\" content=\"Escrito por\" \/>\n\t<meta name=\"twitter:data1\" content=\"Prensa G&amp;S FM\" \/>\n\t<meta name=\"twitter:label2\" content=\"Tiempo de lectura\" \/>\n\t<meta name=\"twitter:data2\" content=\"4 minutos\" \/>\n<script type=\"application\/ld+json\" class=\"yoast-schema-graph\">{\"@context\":\"https:\/\/schema.org\",\"@graph\":[{\"@type\":\"Article\",\"@id\":\"https:\/\/gysfm.com.ar\/inicio\/escala-la-polemica-por-el-cambio-en-los-pasaportes-uruguayos-la-respuesta-del-gobierno\/#article\",\"isPartOf\":{\"@id\":\"https:\/\/gysfm.com.ar\/inicio\/escala-la-polemica-por-el-cambio-en-los-pasaportes-uruguayos-la-respuesta-del-gobierno\/\"},\"author\":{\"name\":\"Prensa G&amp;S FM\",\"@id\":\"https:\/\/gysfm.com.ar\/inicio\/#\/schema\/person\/3abba7593ef2ad19e1be221d54383dc5\"},\"headline\":\"Escala la pol\u00e9mica por el cambio en los pasaportes uruguayos: la respuesta del gobierno\",\"datePublished\":\"2025-07-23T20:04:27+00:00\",\"mainEntityOfPage\":{\"@id\":\"https:\/\/gysfm.com.ar\/inicio\/escala-la-polemica-por-el-cambio-en-los-pasaportes-uruguayos-la-respuesta-del-gobierno\/\"},\"wordCount\":888,\"publisher\":{\"@id\":\"https:\/\/gysfm.com.ar\/inicio\/#organization\"},\"image\":{\"@id\":\"https:\/\/gysfm.com.ar\/inicio\/escala-la-polemica-por-el-cambio-en-los-pasaportes-uruguayos-la-respuesta-del-gobierno\/#primaryimage\"},\"thumbnailUrl\":\"https:\/\/gysfm.com.ar\/inicio\/wp-content\/uploads\/2025\/07\/el-nuevo-pasaporte-uruguayo-que-genero-polemica-766KO4HNDNHX5OXP6ZNESRNEAU.jpeg\",\"articleSection\":[\"INTERNACIONALES\"],\"inLanguage\":\"es\"},{\"@type\":\"WebPage\",\"@id\":\"https:\/\/gysfm.com.ar\/inicio\/escala-la-polemica-por-el-cambio-en-los-pasaportes-uruguayos-la-respuesta-del-gobierno\/\",\"url\":\"https:\/\/gysfm.com.ar\/inicio\/escala-la-polemica-por-el-cambio-en-los-pasaportes-uruguayos-la-respuesta-del-gobierno\/\",\"name\":\"Escala la pol\u00e9mica por el cambio en los pasaportes uruguayos: la respuesta del gobierno - GYS NOTICIAS |\",\"isPartOf\":{\"@id\":\"https:\/\/gysfm.com.ar\/inicio\/#website\"},\"primaryImageOfPage\":{\"@id\":\"https:\/\/gysfm.com.ar\/inicio\/escala-la-polemica-por-el-cambio-en-los-pasaportes-uruguayos-la-respuesta-del-gobierno\/#primaryimage\"},\"image\":{\"@id\":\"https:\/\/gysfm.com.ar\/inicio\/escala-la-polemica-por-el-cambio-en-los-pasaportes-uruguayos-la-respuesta-del-gobierno\/#primaryimage\"},\"thumbnailUrl\":\"https:\/\/gysfm.com.ar\/inicio\/wp-content\/uploads\/2025\/07\/el-nuevo-pasaporte-uruguayo-que-genero-polemica-766KO4HNDNHX5OXP6ZNESRNEAU.jpeg\",\"datePublished\":\"2025-07-23T20:04:27+00:00\",\"breadcrumb\":{\"@id\":\"https:\/\/gysfm.com.ar\/inicio\/escala-la-polemica-por-el-cambio-en-los-pasaportes-uruguayos-la-respuesta-del-gobierno\/#breadcrumb\"},\"inLanguage\":\"es\",\"potentialAction\":[{\"@type\":\"ReadAction\",\"target\":[\"https:\/\/gysfm.com.ar\/inicio\/escala-la-polemica-por-el-cambio-en-los-pasaportes-uruguayos-la-respuesta-del-gobierno\/\"]}]},{\"@type\":\"ImageObject\",\"inLanguage\":\"es\",\"@id\":\"https:\/\/gysfm.com.ar\/inicio\/escala-la-polemica-por-el-cambio-en-los-pasaportes-uruguayos-la-respuesta-del-gobierno\/#primaryimage\",\"url\":\"https:\/\/gysfm.com.ar\/inicio\/wp-content\/uploads\/2025\/07\/el-nuevo-pasaporte-uruguayo-que-genero-polemica-766KO4HNDNHX5OXP6ZNESRNEAU.jpeg\",\"contentUrl\":\"https:\/\/gysfm.com.ar\/inicio\/wp-content\/uploads\/2025\/07\/el-nuevo-pasaporte-uruguayo-que-genero-polemica-766KO4HNDNHX5OXP6ZNESRNEAU.jpeg\",\"width\":1200,\"height\":803},{\"@type\":\"BreadcrumbList\",\"@id\":\"https:\/\/gysfm.com.ar\/inicio\/escala-la-polemica-por-el-cambio-en-los-pasaportes-uruguayos-la-respuesta-del-gobierno\/#breadcrumb\",\"itemListElement\":[{\"@type\":\"ListItem\",\"position\":1,\"name\":\"Portada\",\"item\":\"https:\/\/gysfm.com.ar\/inicio\/\"},{\"@type\":\"ListItem\",\"position\":2,\"name\":\"Escala la pol\u00e9mica por el cambio en los pasaportes uruguayos: la respuesta del gobierno\"}]},{\"@type\":\"WebSite\",\"@id\":\"https:\/\/gysfm.com.ar\/inicio\/#website\",\"url\":\"https:\/\/gysfm.com.ar\/inicio\/\",\"name\":\"GYS NOTICIAS |\",\"description\":\"DIARIO - RADIO ONLINE SAN JUAN ARGENTINA\",\"publisher\":{\"@id\":\"https:\/\/gysfm.com.ar\/inicio\/#organization\"},\"potentialAction\":[{\"@type\":\"SearchAction\",\"target\":{\"@type\":\"EntryPoint\",\"urlTemplate\":\"https:\/\/gysfm.com.ar\/inicio\/?s={search_term_string}\"},\"query-input\":{\"@type\":\"PropertyValueSpecification\",\"valueRequired\":true,\"valueName\":\"search_term_string\"}}],\"inLanguage\":\"es\"},{\"@type\":\"Organization\",\"@id\":\"https:\/\/gysfm.com.ar\/inicio\/#organization\",\"name\":\"GYS NOTICIAS |\",\"url\":\"https:\/\/gysfm.com.ar\/inicio\/\",\"logo\":{\"@type\":\"ImageObject\",\"inLanguage\":\"es\",\"@id\":\"https:\/\/gysfm.com.ar\/inicio\/#\/schema\/logo\/image\/\",\"url\":\"https:\/\/gysfm.com.ar\/inicio\/wp-content\/uploads\/2023\/07\/LOGOGYS-OK.png\",\"contentUrl\":\"https:\/\/gysfm.com.ar\/inicio\/wp-content\/uploads\/2023\/07\/LOGOGYS-OK.png\",\"width\":1170,\"height\":872,\"caption\":\"GYS NOTICIAS |\"},\"image\":{\"@id\":\"https:\/\/gysfm.com.ar\/inicio\/#\/schema\/logo\/image\/\"}},{\"@type\":\"Person\",\"@id\":\"https:\/\/gysfm.com.ar\/inicio\/#\/schema\/person\/3abba7593ef2ad19e1be221d54383dc5\",\"name\":\"Prensa G&amp;S FM\",\"image\":{\"@type\":\"ImageObject\",\"inLanguage\":\"es\",\"@id\":\"https:\/\/gysfm.com.ar\/inicio\/#\/schema\/person\/image\/\",\"url\":\"https:\/\/secure.gravatar.com\/avatar\/096ec78df02049ab018702bb4ccedf659377fa92a26540b5247612077a0dbd29?s=96&d=mm&r=g\",\"contentUrl\":\"https:\/\/secure.gravatar.com\/avatar\/096ec78df02049ab018702bb4ccedf659377fa92a26540b5247612077a0dbd29?s=96&d=mm&r=g\",\"caption\":\"Prensa G&amp;S FM\"},\"sameAs\":[\"https:\/\/gysfm.com.ar\/\"],\"url\":\"https:\/\/gysfm.com.ar\/inicio\/author\/lucasm\/\"}]}<\/script>\n<!-- \/ Yoast SEO plugin. -->","yoast_head_json":{"title":"Escala la pol\u00e9mica por el cambio en los pasaportes uruguayos: la respuesta del gobierno - GYS NOTICIAS |","robots":{"index":"index","follow":"follow","max-snippet":"max-snippet:-1","max-image-preview":"max-image-preview:large","max-video-preview":"max-video-preview:-1"},"canonical":"https:\/\/gysfm.com.ar\/inicio\/escala-la-polemica-por-el-cambio-en-los-pasaportes-uruguayos-la-respuesta-del-gobierno\/","og_locale":"es_ES","og_type":"article","og_title":"Escala la pol\u00e9mica por el cambio en los pasaportes uruguayos: la respuesta del gobierno - GYS NOTICIAS |","og_description":"Los ciudadanos uruguayos que hayan tramitado el nuevo pasaporte se enfrentan recientemente a una ins\u00f3lita problem\u00e1tica: tres pa\u00edses de Europa y Asia decidieron prohibirles el ingreso moment\u00e1neamente, ya que la documentaci\u00f3n dej\u00f3 de incluir la inscripci\u00f3n del lugar de nacimiento. Esta modificaci\u00f3n se aplic\u00f3 en las credenciales emitidas a partir del 23 de abril de [&hellip;]","og_url":"https:\/\/gysfm.com.ar\/inicio\/escala-la-polemica-por-el-cambio-en-los-pasaportes-uruguayos-la-respuesta-del-gobierno\/","og_site_name":"GYS NOTICIAS |","article_published_time":"2025-07-23T20:04:27+00:00","og_image":[{"width":1200,"height":803,"url":"https:\/\/gysfm.com.ar\/inicio\/wp-content\/uploads\/2025\/07\/el-nuevo-pasaporte-uruguayo-que-genero-polemica-766KO4HNDNHX5OXP6ZNESRNEAU.jpeg","type":"image\/jpeg"}],"author":"Prensa G&amp;S FM","twitter_card":"summary_large_image","twitter_misc":{"Escrito por":"Prensa G&amp;S FM","Tiempo de lectura":"4 minutos"},"schema":{"@context":"https:\/\/schema.org","@graph":[{"@type":"Article","@id":"https:\/\/gysfm.com.ar\/inicio\/escala-la-polemica-por-el-cambio-en-los-pasaportes-uruguayos-la-respuesta-del-gobierno\/#article","isPartOf":{"@id":"https:\/\/gysfm.com.ar\/inicio\/escala-la-polemica-por-el-cambio-en-los-pasaportes-uruguayos-la-respuesta-del-gobierno\/"},"author":{"name":"Prensa G&amp;S FM","@id":"https:\/\/gysfm.com.ar\/inicio\/#\/schema\/person\/3abba7593ef2ad19e1be221d54383dc5"},"headline":"Escala la pol\u00e9mica por el cambio en los pasaportes uruguayos: la respuesta del gobierno","datePublished":"2025-07-23T20:04:27+00:00","mainEntityOfPage":{"@id":"https:\/\/gysfm.com.ar\/inicio\/escala-la-polemica-por-el-cambio-en-los-pasaportes-uruguayos-la-respuesta-del-gobierno\/"},"wordCount":888,"publisher":{"@id":"https:\/\/gysfm.com.ar\/inicio\/#organization"},"image":{"@id":"https:\/\/gysfm.com.ar\/inicio\/escala-la-polemica-por-el-cambio-en-los-pasaportes-uruguayos-la-respuesta-del-gobierno\/#primaryimage"},"thumbnailUrl":"https:\/\/gysfm.com.ar\/inicio\/wp-content\/uploads\/2025\/07\/el-nuevo-pasaporte-uruguayo-que-genero-polemica-766KO4HNDNHX5OXP6ZNESRNEAU.jpeg","articleSection":["INTERNACIONALES"],"inLanguage":"es"},{"@type":"WebPage","@id":"https:\/\/gysfm.com.ar\/inicio\/escala-la-polemica-por-el-cambio-en-los-pasaportes-uruguayos-la-respuesta-del-gobierno\/","url":"https:\/\/gysfm.com.ar\/inicio\/escala-la-polemica-por-el-cambio-en-los-pasaportes-uruguayos-la-respuesta-del-gobierno\/","name":"Escala la pol\u00e9mica por el cambio en los pasaportes uruguayos: la respuesta del gobierno - GYS NOTICIAS |","isPartOf":{"@id":"https:\/\/gysfm.com.ar\/inicio\/#website"},"primaryImageOfPage":{"@id":"https:\/\/gysfm.com.ar\/inicio\/escala-la-polemica-por-el-cambio-en-los-pasaportes-uruguayos-la-respuesta-del-gobierno\/#primaryimage"},"image":{"@id":"https:\/\/gysfm.com.ar\/inicio\/escala-la-polemica-por-el-cambio-en-los-pasaportes-uruguayos-la-respuesta-del-gobierno\/#primaryimage"},"thumbnailUrl":"https:\/\/gysfm.com.ar\/inicio\/wp-content\/uploads\/2025\/07\/el-nuevo-pasaporte-uruguayo-que-genero-polemica-766KO4HNDNHX5OXP6ZNESRNEAU.jpeg","datePublished":"2025-07-23T20:04:27+00:00","breadcrumb":{"@id":"https:\/\/gysfm.com.ar\/inicio\/escala-la-polemica-por-el-cambio-en-los-pasaportes-uruguayos-la-respuesta-del-gobierno\/#breadcrumb"},"inLanguage":"es","potentialAction":[{"@type":"ReadAction","target":["https:\/\/gysfm.com.ar\/inicio\/escala-la-polemica-por-el-cambio-en-los-pasaportes-uruguayos-la-respuesta-del-gobierno\/"]}]},{"@type":"ImageObject","inLanguage":"es","@id":"https:\/\/gysfm.com.ar\/inicio\/escala-la-polemica-por-el-cambio-en-los-pasaportes-uruguayos-la-respuesta-del-gobierno\/#primaryimage","url":"https:\/\/gysfm.com.ar\/inicio\/wp-content\/uploads\/2025\/07\/el-nuevo-pasaporte-uruguayo-que-genero-polemica-766KO4HNDNHX5OXP6ZNESRNEAU.jpeg","contentUrl":"https:\/\/gysfm.com.ar\/inicio\/wp-content\/uploads\/2025\/07\/el-nuevo-pasaporte-uruguayo-que-genero-polemica-766KO4HNDNHX5OXP6ZNESRNEAU.jpeg","width":1200,"height":803},{"@type":"BreadcrumbList","@id":"https:\/\/gysfm.com.ar\/inicio\/escala-la-polemica-por-el-cambio-en-los-pasaportes-uruguayos-la-respuesta-del-gobierno\/#breadcrumb","itemListElement":[{"@type":"ListItem","position":1,"name":"Portada","item":"https:\/\/gysfm.com.ar\/inicio\/"},{"@type":"ListItem","position":2,"name":"Escala la pol\u00e9mica por el cambio en los pasaportes uruguayos: la respuesta del gobierno"}]},{"@type":"WebSite","@id":"https:\/\/gysfm.com.ar\/inicio\/#website","url":"https:\/\/gysfm.com.ar\/inicio\/","name":"GYS NOTICIAS |","description":"DIARIO - RADIO ONLINE SAN JUAN ARGENTINA","publisher":{"@id":"https:\/\/gysfm.com.ar\/inicio\/#organization"},"potentialAction":[{"@type":"SearchAction","target":{"@type":"EntryPoint","urlTemplate":"https:\/\/gysfm.com.ar\/inicio\/?s={search_term_string}"},"query-input":{"@type":"PropertyValueSpecification","valueRequired":true,"valueName":"search_term_string"}}],"inLanguage":"es"},{"@type":"Organization","@id":"https:\/\/gysfm.com.ar\/inicio\/#organization","name":"GYS NOTICIAS |","url":"https:\/\/gysfm.com.ar\/inicio\/","logo":{"@type":"ImageObject","inLanguage":"es","@id":"https:\/\/gysfm.com.ar\/inicio\/#\/schema\/logo\/image\/","url":"https:\/\/gysfm.com.ar\/inicio\/wp-content\/uploads\/2023\/07\/LOGOGYS-OK.png","contentUrl":"https:\/\/gysfm.com.ar\/inicio\/wp-content\/uploads\/2023\/07\/LOGOGYS-OK.png","width":1170,"height":872,"caption":"GYS NOTICIAS |"},"image":{"@id":"https:\/\/gysfm.com.ar\/inicio\/#\/schema\/logo\/image\/"}},{"@type":"Person","@id":"https:\/\/gysfm.com.ar\/inicio\/#\/schema\/person\/3abba7593ef2ad19e1be221d54383dc5","name":"Prensa G&amp;S FM","image":{"@type":"ImageObject","inLanguage":"es","@id":"https:\/\/gysfm.com.ar\/inicio\/#\/schema\/person\/image\/","url":"https:\/\/secure.gravatar.com\/avatar\/096ec78df02049ab018702bb4ccedf659377fa92a26540b5247612077a0dbd29?s=96&d=mm&r=g","contentUrl":"https:\/\/secure.gravatar.com\/avatar\/096ec78df02049ab018702bb4ccedf659377fa92a26540b5247612077a0dbd29?s=96&d=mm&r=g","caption":"Prensa G&amp;S FM"},"sameAs":["https:\/\/gysfm.com.ar\/"],"url":"https:\/\/gysfm.com.ar\/inicio\/author\/lucasm\/"}]}},"_links":{"self":[{"href":"https:\/\/gysfm.com.ar\/inicio\/wp-json\/wp\/v2\/posts\/138750","targetHints":{"allow":["GET"]}}],"collection":[{"href":"https:\/\/gysfm.com.ar\/inicio\/wp-json\/wp\/v2\/posts"}],"about":[{"href":"https:\/\/gysfm.com.ar\/inicio\/wp-json\/wp\/v2\/types\/post"}],"author":[{"embeddable":true,"href":"https:\/\/gysfm.com.ar\/inicio\/wp-json\/wp\/v2\/users\/2"}],"replies":[{"embeddable":true,"href":"https:\/\/gysfm.com.ar\/inicio\/wp-json\/wp\/v2\/comments?post=138750"}],"version-history":[{"count":1,"href":"https:\/\/gysfm.com.ar\/inicio\/wp-json\/wp\/v2\/posts\/138750\/revisions"}],"predecessor-version":[{"id":138752,"href":"https:\/\/gysfm.com.ar\/inicio\/wp-json\/wp\/v2\/posts\/138750\/revisions\/138752"}],"wp:featuredmedia":[{"embeddable":true,"href":"https:\/\/gysfm.com.ar\/inicio\/wp-json\/wp\/v2\/media\/138751"}],"wp:attachment":[{"href":"https:\/\/gysfm.com.ar\/inicio\/wp-json\/wp\/v2\/media?parent=138750"}],"wp:term":[{"taxonomy":"category","embeddable":true,"href":"https:\/\/gysfm.com.ar\/inicio\/wp-json\/wp\/v2\/categories?post=138750"},{"taxonomy":"post_tag","embeddable":true,"href":"https:\/\/gysfm.com.ar\/inicio\/wp-json\/wp\/v2\/tags?post=138750"}],"curies":[{"name":"wp","href":"https:\/\/api.w.org\/{rel}","templated":true}]}}