{"id":138746,"date":"2025-07-23T16:14:15","date_gmt":"2025-07-23T19:14:15","guid":{"rendered":"https:\/\/gysfm.com.ar\/inicio\/inicia-tu-carrera-de-licenciatura-en-comunicacion-estudiando-un-medio-de-comunicacion\/"},"modified":"2025-07-23T16:14:15","modified_gmt":"2025-07-23T19:14:15","slug":"inicia-tu-carrera-de-licenciatura-en-comunicacion-estudiando-un-medio-de-comunicacion","status":"publish","type":"post","link":"https:\/\/gysfm.com.ar\/inicio\/inicia-tu-carrera-de-licenciatura-en-comunicacion-estudiando-un-medio-de-comunicacion\/","title":{"rendered":"Inici\u00e1 tu carrera de Licenciatura en Comunicaci\u00f3n, estudiando un medio de comunicaci\u00f3n"},"content":{"rendered":"<p><\/p>\n<div id=\"article-content\">\n<p>\u00bfTe gustar\u00eda estudiar Comunicaci\u00f3n en un medio de comunicaci\u00f3n?. La <a target=\"_blank\" href=\"https:\/\/usba.edu.ar\/periodismo-y-comunicacion\/\"><strong>Universidad del Sur de Buenos Aires (USBA)<\/strong><\/a>, la universidad que fue creada por el Grupo Perfil, ofrece las carreras de Licenciatura en Comunicaci\u00f3n Period\u00edstica y en Comunicaci\u00f3n Institucional, con un novedoso plan de estudios que re\u00fane los m\u00e1s innovadores programas acad\u00e9micos, junto a la mayor oferta de pr\u00e1cticas profesionales de la Argentina. <strong>Pod\u00e9s iniciar tu carrera en agosto.<\/strong><\/p>\n<p>La USBA ofrece a sus estudiantes la oportunidad de desarrollarse en un entorno que refleja las din\u00e1micas reales de la comunicaci\u00f3n. Durante la cursada, <strong>cada estudiante tiene acceso a pasant\u00edas y pr\u00e1cticas profesionales<\/strong>, lo que les permite explorar en profundidad las distintas \u00e1reas que conforman un medio de comunicaci\u00f3n. Este enfoque acad\u00e9mico y profesional facilita la adquisici\u00f3n de experiencia laboral y ayuda a los estudiantes a <strong>identificar sus intereses espec\u00edficos dentro del campo de la comunicaci\u00f3n.<\/strong> <\/p>\n<p>La USBA es la \u00fanica universidad en una redacci\u00f3n multimedia, con profesores periodistas de amplia trayectoria profesional, que brindan una formaci\u00f3n pr\u00e1ctica y actualizada en el campo del periodismo digital. Las aulas se encuentran en la gran redacci\u00f3n de Editorial Perfil, donde semana a semana se editan las nuevas publicaciones del<strong> Diario Perfil, la revista Noticias, Caras y Fortuna. <\/strong>Tambi\u00e9n el canal <strong>Net TV, Canal E<\/strong> <strong>y Caras TV. <\/strong>A su vez se encuentra la <strong>Radio Perfil, <\/strong>entre otros medios.<\/p>\n<div class=\"subscription\">\n<p>\n        Esto no les gusta a los autoritarios\n    <\/p>\n<div class=\"subscription__container\">\n<div class=\"subscription__text-wrapper\">\n<p>\n                El ejercicio del periodismo profesional y cr\u00edtico es un pilar fundamental de la democracia. Por eso molesta a quienes creen ser los due\u00f1os de la verdad.\n            <\/p>\n<\/p><\/div><\/div>\n<\/div>\n<p>Las clases comienzan en agosto<strong> <\/strong>y sus cupos son <strong>limitados<\/strong>, \u00a1as\u00ed que no podes pederte el tuyo! En este <a target=\"_blank\" href=\"https:\/\/usba.edu.ar\/comunicacion-periodistica\/\">apartado pod\u00e9s ver el plan de estudios de la Carrera de Comunicaci\u00f3n Period\u00edstica<\/a> y en este apartado se encuentra toda la<a target=\"_blank\" href=\"https:\/\/usba.edu.ar\/comunicacion-institucional\/\"> informaci\u00f3n sobre el plan de estudios de la Carrera de Comunicaci\u00f3n Institucional.<\/a> Para m\u00e1s informaci\u00f3n contactarse al Mail coordinaci\u00f3<a href=\"https:\/\/www.perfil.com\/cdn-cgi\/l\/email-protection\" class=\"__cf_email__\" data-cfemail=\"4628063335242768232233682734\">[email\u00a0protected]<\/a> y al WhatsApp: +54 9 11 4049-8679.<\/p>\n<p class=\"destacadoNota\"><strong>En la USBA estudi\u00e1s Comunicaci\u00f3n en un medio de Comunicaci\u00f3n.<\/strong><\/p>\n<p>La USBA es la universidad creada por la Fundaci\u00f3n del Grupo Perfil. Y eEn oferta acad\u00e9mica de Extensi\u00f3n Universitaria de la USBA, tambi\u00e9n est\u00e1n disponibles los siguientes cursos:<\/p>\n<p><a target=\"_blank\" href=\"https:\/\/elearning.usba.edu.ar\/producto\/como-se-disena-una-estrategia\/\">\u00abC\u00f3mo se dise\u00f1a una estrategia pol\u00edtica exitosa\u00bb<\/a>, a cargo de <strong>Jaime Dur\u00e1n Barba<\/strong>.<\/p>\n<p><a target=\"_blank\" href=\"https:\/\/cmspress.perfil.com\/admin\/noticias\/editar\/1174418\">\u00abCort\u00e1zar, de un lado al otro\u00bb<\/a>, a cargo de <strong>Mart\u00edn Kohan<\/strong>.<\/p>\n<p><a target=\"_blank\" href=\"https:\/\/elearning.usba.edu.ar\/producto\/sebreli-un-escritor-libre-desde-la-mirada-de-un-amigo-marcelo-gioffre\/\">\u00abMagia y poder. El caso de Cometierra\u00bb<\/a>, a cargo de <strong>Dolores Reyes<\/strong>.<\/p>\n<p><a target=\"_blank\" href=\"https:\/\/elearning.usba.edu.ar\/producto\/la-revolucion-de-las-comunicaciones-de-los-medios-a-las-redes-martin-becerra-4-clases-comienza-en-septiembre\/\">\u00abLa revoluci\u00f3n de las comunicaciones: de los medios a las redes\u00bb<\/a>, a cargo de <strong>Mart\u00edn Becerra<\/strong>.<\/p>\n<p><a target=\"_blank\" href=\"https:\/\/elearning.usba.edu.ar\/producto\/constitucionalismo-y-democracia-en-america-latina-una-historia-para-entender-como-estamos-hoy\/\">\u00abConstitucionalismo y democracia en Am\u00e9rica Latina\u00bb<\/a>, por <strong>Roberto Gargarella<\/strong>.<\/p>\n<p><a target=\"_blank\" href=\"https:\/\/elearning.usba.edu.ar\/producto\/como-construir-una-estrategia-de-comunicacion-politica-para-las-nuevas-generaciones-antoni-gutierrez-rubi-8-clases-comienza-en-septiembre\/\">\u00abC\u00f3mo construir una estragia de comunicaci\u00f3n pol\u00edtica para las nuevas generaciones\u00bb<\/a>, a cargo de <strong>Antoni Guti\u00e9rrez Rub\u00ed<\/strong>.<\/p>\n<p><a target=\"_blank\" href=\"https:\/\/elearning.usba.edu.ar\/producto\/borges-y-la-inteligencia-artificial-andrea-colamedici-4-clases\/\">\u00abBorges y la Inteligencia Artificial\u00bb<\/a>, a cargo de <strong>Andrea Colamedici<\/strong>.<\/p>\n<p><a target=\"_blank\" href=\"https:\/\/elearning.usba.edu.ar\/producto\/el-futuro-ya-no-es-lo-que-era-miguel-de-luca-4-clases-comienza-en-septiembre\/\">\u00abCiencia pol\u00edtica en la literatura, pel\u00edculas y series\u00bb<\/a>, a cargo de <strong>Miguel De Luca<\/strong>.<\/p>\n<p><a target=\"_blank\" href=\"https:\/\/elearning.usba.edu.ar\/producto\/sebreli-un-escritor-libre-desde-la-mirada-de-un-amigo-marcelo-gioffre\/\">\u00abSebreli, un escritor libre\u00bb<\/a>, a cargo de <strong>Marcelo Gioffre<\/strong>.<\/p>\n<p><a target=\"_blank\" href=\"https:\/\/elearning.usba.edu.ar\/producto\/herramientas-de-ia-para-la-investigacion-en-ciencias-sociales\/\">\u00abHerramientas de IA para la investigaci\u00f3n en Ciencias Sociales\u00bb<\/a>, a cargo de <strong>Valeria Odetti<\/strong>.<\/p>\n<p>M\u00e1s informaci\u00f3n: <a href=\"https:\/\/www.perfil.com\/cdn-cgi\/l\/email-protection\" class=\"__cf_email__\" data-cfemail=\"ee8b969a8b809d878180ae9b9d8c8fc08b8a9bc08f9c\">[email\u00a0protected]<\/a> \/ WhatsApp: +54 9 11 4478-6463<\/p>\n<\/p><\/div>\n<p><script>\n                !function(f,b,e,v,n,t,s)\n                {if(f.fbq)return;n=f.fbq=function(){n.callMethod?\n                    n.callMethod.apply(n,arguments):n.queue.push(arguments)};\n                    if(!f._fbq)f._fbq=n;n.push=n;n.loaded=!0;n.version='2.0';\n                    n.queue=[];t=b.createElement(e);t.async=!0;\n                    t.src=v;s=b.getElementsByTagName(e)[0];\n                    s.parentNode.insertBefore(t,s)}(window, document,'script',\n                    'https:\/\/connect.facebook.net\/en_US\/fbevents.js');\n                window.paywallConfig.facebook_pixel=\"1000228364089342\"\n            <\/script><\/p>\n","protected":false},"excerpt":{"rendered":"<p>\u00bfTe gustar\u00eda estudiar Comunicaci\u00f3n en un medio de comunicaci\u00f3n?. La Universidad del Sur de Buenos Aires (USBA), la universidad que fue creada por el Grupo Perfil, ofrece las carreras de Licenciatura en Comunicaci\u00f3n Period\u00edstica y en Comunicaci\u00f3n Institucional, con un novedoso plan de estudios que re\u00fane los m\u00e1s innovadores programas acad\u00e9micos, junto a la mayor [&hellip;]<\/p>\n","protected":false},"author":2,"featured_media":138747,"comment_status":"closed","ping_status":"closed","sticky":false,"template":"","format":"standard","meta":{"footnotes":""},"categories":[25],"tags":[],"class_list":["post-138746","post","type-post","status-publish","format-standard","has-post-thumbnail","hentry","category-nacionales"],"yoast_head":"<!-- This site is optimized with the Yoast SEO plugin v24.4 - https:\/\/yoast.com\/wordpress\/plugins\/seo\/ -->\n<title>Inici\u00e1 tu carrera de Licenciatura en Comunicaci\u00f3n, estudiando un medio de comunicaci\u00f3n - GYS NOTICIAS |<\/title>\n<meta name=\"robots\" content=\"index, follow, max-snippet:-1, max-image-preview:large, max-video-preview:-1\" \/>\n<link rel=\"canonical\" href=\"https:\/\/gysfm.com.ar\/inicio\/inicia-tu-carrera-de-licenciatura-en-comunicacion-estudiando-un-medio-de-comunicacion\/\" \/>\n<meta property=\"og:locale\" content=\"es_ES\" \/>\n<meta property=\"og:type\" content=\"article\" \/>\n<meta property=\"og:title\" content=\"Inici\u00e1 tu carrera de Licenciatura en Comunicaci\u00f3n, estudiando un medio de comunicaci\u00f3n - GYS NOTICIAS |\" \/>\n<meta property=\"og:description\" content=\"\u00bfTe gustar\u00eda estudiar Comunicaci\u00f3n en un medio de comunicaci\u00f3n?. La Universidad del Sur de Buenos Aires (USBA), la universidad que fue creada por el Grupo Perfil, ofrece las carreras de Licenciatura en Comunicaci\u00f3n Period\u00edstica y en Comunicaci\u00f3n Institucional, con un novedoso plan de estudios que re\u00fane los m\u00e1s innovadores programas acad\u00e9micos, junto a la mayor [&hellip;]\" \/>\n<meta property=\"og:url\" content=\"https:\/\/gysfm.com.ar\/inicio\/inicia-tu-carrera-de-licenciatura-en-comunicacion-estudiando-un-medio-de-comunicacion\/\" \/>\n<meta property=\"og:site_name\" content=\"GYS NOTICIAS |\" \/>\n<meta property=\"article:published_time\" content=\"2025-07-23T19:14:15+00:00\" \/>\n<meta name=\"author\" content=\"Prensa G&amp;S FM\" \/>\n<meta name=\"twitter:card\" content=\"summary_large_image\" \/>\n<meta name=\"twitter:label1\" content=\"Escrito por\" \/>\n\t<meta name=\"twitter:data1\" content=\"Prensa G&amp;S FM\" \/>\n\t<meta name=\"twitter:label2\" content=\"Tiempo de lectura\" \/>\n\t<meta name=\"twitter:data2\" content=\"3 minutos\" \/>\n<script type=\"application\/ld+json\" class=\"yoast-schema-graph\">{\"@context\":\"https:\/\/schema.org\",\"@graph\":[{\"@type\":\"Article\",\"@id\":\"https:\/\/gysfm.com.ar\/inicio\/inicia-tu-carrera-de-licenciatura-en-comunicacion-estudiando-un-medio-de-comunicacion\/#article\",\"isPartOf\":{\"@id\":\"https:\/\/gysfm.com.ar\/inicio\/inicia-tu-carrera-de-licenciatura-en-comunicacion-estudiando-un-medio-de-comunicacion\/\"},\"author\":{\"name\":\"Prensa G&amp;S FM\",\"@id\":\"https:\/\/gysfm.com.ar\/inicio\/#\/schema\/person\/3abba7593ef2ad19e1be221d54383dc5\"},\"headline\":\"Inici\u00e1 tu carrera de Licenciatura en Comunicaci\u00f3n, estudiando un medio de comunicaci\u00f3n\",\"datePublished\":\"2025-07-23T19:14:15+00:00\",\"mainEntityOfPage\":{\"@id\":\"https:\/\/gysfm.com.ar\/inicio\/inicia-tu-carrera-de-licenciatura-en-comunicacion-estudiando-un-medio-de-comunicacion\/\"},\"wordCount\":565,\"publisher\":{\"@id\":\"https:\/\/gysfm.com.ar\/inicio\/#organization\"},\"image\":{\"@id\":\"https:\/\/gysfm.com.ar\/inicio\/inicia-tu-carrera-de-licenciatura-en-comunicacion-estudiando-un-medio-de-comunicacion\/#primaryimage\"},\"thumbnailUrl\":\"https:\/\/gysfm.com.ar\/inicio\/wp-content\/uploads\/2025\/07\/usba-1884172.jpg\",\"articleSection\":[\"NACIONALES\"],\"inLanguage\":\"es\"},{\"@type\":\"WebPage\",\"@id\":\"https:\/\/gysfm.com.ar\/inicio\/inicia-tu-carrera-de-licenciatura-en-comunicacion-estudiando-un-medio-de-comunicacion\/\",\"url\":\"https:\/\/gysfm.com.ar\/inicio\/inicia-tu-carrera-de-licenciatura-en-comunicacion-estudiando-un-medio-de-comunicacion\/\",\"name\":\"Inici\u00e1 tu carrera de Licenciatura en Comunicaci\u00f3n, estudiando un medio de comunicaci\u00f3n - GYS NOTICIAS |\",\"isPartOf\":{\"@id\":\"https:\/\/gysfm.com.ar\/inicio\/#website\"},\"primaryImageOfPage\":{\"@id\":\"https:\/\/gysfm.com.ar\/inicio\/inicia-tu-carrera-de-licenciatura-en-comunicacion-estudiando-un-medio-de-comunicacion\/#primaryimage\"},\"image\":{\"@id\":\"https:\/\/gysfm.com.ar\/inicio\/inicia-tu-carrera-de-licenciatura-en-comunicacion-estudiando-un-medio-de-comunicacion\/#primaryimage\"},\"thumbnailUrl\":\"https:\/\/gysfm.com.ar\/inicio\/wp-content\/uploads\/2025\/07\/usba-1884172.jpg\",\"datePublished\":\"2025-07-23T19:14:15+00:00\",\"breadcrumb\":{\"@id\":\"https:\/\/gysfm.com.ar\/inicio\/inicia-tu-carrera-de-licenciatura-en-comunicacion-estudiando-un-medio-de-comunicacion\/#breadcrumb\"},\"inLanguage\":\"es\",\"potentialAction\":[{\"@type\":\"ReadAction\",\"target\":[\"https:\/\/gysfm.com.ar\/inicio\/inicia-tu-carrera-de-licenciatura-en-comunicacion-estudiando-un-medio-de-comunicacion\/\"]}]},{\"@type\":\"ImageObject\",\"inLanguage\":\"es\",\"@id\":\"https:\/\/gysfm.com.ar\/inicio\/inicia-tu-carrera-de-licenciatura-en-comunicacion-estudiando-un-medio-de-comunicacion\/#primaryimage\",\"url\":\"https:\/\/gysfm.com.ar\/inicio\/wp-content\/uploads\/2025\/07\/usba-1884172.jpg\",\"contentUrl\":\"https:\/\/gysfm.com.ar\/inicio\/wp-content\/uploads\/2025\/07\/usba-1884172.jpg\",\"width\":1140,\"height\":641},{\"@type\":\"BreadcrumbList\",\"@id\":\"https:\/\/gysfm.com.ar\/inicio\/inicia-tu-carrera-de-licenciatura-en-comunicacion-estudiando-un-medio-de-comunicacion\/#breadcrumb\",\"itemListElement\":[{\"@type\":\"ListItem\",\"position\":1,\"name\":\"Portada\",\"item\":\"https:\/\/gysfm.com.ar\/inicio\/\"},{\"@type\":\"ListItem\",\"position\":2,\"name\":\"Inici\u00e1 tu carrera de Licenciatura en Comunicaci\u00f3n, estudiando un medio de comunicaci\u00f3n\"}]},{\"@type\":\"WebSite\",\"@id\":\"https:\/\/gysfm.com.ar\/inicio\/#website\",\"url\":\"https:\/\/gysfm.com.ar\/inicio\/\",\"name\":\"GYS NOTICIAS |\",\"description\":\"DIARIO - RADIO ONLINE SAN JUAN ARGENTINA\",\"publisher\":{\"@id\":\"https:\/\/gysfm.com.ar\/inicio\/#organization\"},\"potentialAction\":[{\"@type\":\"SearchAction\",\"target\":{\"@type\":\"EntryPoint\",\"urlTemplate\":\"https:\/\/gysfm.com.ar\/inicio\/?s={search_term_string}\"},\"query-input\":{\"@type\":\"PropertyValueSpecification\",\"valueRequired\":true,\"valueName\":\"search_term_string\"}}],\"inLanguage\":\"es\"},{\"@type\":\"Organization\",\"@id\":\"https:\/\/gysfm.com.ar\/inicio\/#organization\",\"name\":\"GYS NOTICIAS |\",\"url\":\"https:\/\/gysfm.com.ar\/inicio\/\",\"logo\":{\"@type\":\"ImageObject\",\"inLanguage\":\"es\",\"@id\":\"https:\/\/gysfm.com.ar\/inicio\/#\/schema\/logo\/image\/\",\"url\":\"https:\/\/gysfm.com.ar\/inicio\/wp-content\/uploads\/2023\/07\/LOGOGYS-OK.png\",\"contentUrl\":\"https:\/\/gysfm.com.ar\/inicio\/wp-content\/uploads\/2023\/07\/LOGOGYS-OK.png\",\"width\":1170,\"height\":872,\"caption\":\"GYS NOTICIAS |\"},\"image\":{\"@id\":\"https:\/\/gysfm.com.ar\/inicio\/#\/schema\/logo\/image\/\"}},{\"@type\":\"Person\",\"@id\":\"https:\/\/gysfm.com.ar\/inicio\/#\/schema\/person\/3abba7593ef2ad19e1be221d54383dc5\",\"name\":\"Prensa G&amp;S FM\",\"image\":{\"@type\":\"ImageObject\",\"inLanguage\":\"es\",\"@id\":\"https:\/\/gysfm.com.ar\/inicio\/#\/schema\/person\/image\/\",\"url\":\"https:\/\/secure.gravatar.com\/avatar\/096ec78df02049ab018702bb4ccedf659377fa92a26540b5247612077a0dbd29?s=96&d=mm&r=g\",\"contentUrl\":\"https:\/\/secure.gravatar.com\/avatar\/096ec78df02049ab018702bb4ccedf659377fa92a26540b5247612077a0dbd29?s=96&d=mm&r=g\",\"caption\":\"Prensa G&amp;S FM\"},\"sameAs\":[\"https:\/\/gysfm.com.ar\/\"],\"url\":\"https:\/\/gysfm.com.ar\/inicio\/author\/lucasm\/\"}]}<\/script>\n<!-- \/ Yoast SEO plugin. -->","yoast_head_json":{"title":"Inici\u00e1 tu carrera de Licenciatura en Comunicaci\u00f3n, estudiando un medio de comunicaci\u00f3n - GYS NOTICIAS |","robots":{"index":"index","follow":"follow","max-snippet":"max-snippet:-1","max-image-preview":"max-image-preview:large","max-video-preview":"max-video-preview:-1"},"canonical":"https:\/\/gysfm.com.ar\/inicio\/inicia-tu-carrera-de-licenciatura-en-comunicacion-estudiando-un-medio-de-comunicacion\/","og_locale":"es_ES","og_type":"article","og_title":"Inici\u00e1 tu carrera de Licenciatura en Comunicaci\u00f3n, estudiando un medio de comunicaci\u00f3n - GYS NOTICIAS |","og_description":"\u00bfTe gustar\u00eda estudiar Comunicaci\u00f3n en un medio de comunicaci\u00f3n?. La Universidad del Sur de Buenos Aires (USBA), la universidad que fue creada por el Grupo Perfil, ofrece las carreras de Licenciatura en Comunicaci\u00f3n Period\u00edstica y en Comunicaci\u00f3n Institucional, con un novedoso plan de estudios que re\u00fane los m\u00e1s innovadores programas acad\u00e9micos, junto a la mayor [&hellip;]","og_url":"https:\/\/gysfm.com.ar\/inicio\/inicia-tu-carrera-de-licenciatura-en-comunicacion-estudiando-un-medio-de-comunicacion\/","og_site_name":"GYS NOTICIAS |","article_published_time":"2025-07-23T19:14:15+00:00","author":"Prensa G&amp;S FM","twitter_card":"summary_large_image","twitter_misc":{"Escrito por":"Prensa G&amp;S FM","Tiempo de lectura":"3 minutos"},"schema":{"@context":"https:\/\/schema.org","@graph":[{"@type":"Article","@id":"https:\/\/gysfm.com.ar\/inicio\/inicia-tu-carrera-de-licenciatura-en-comunicacion-estudiando-un-medio-de-comunicacion\/#article","isPartOf":{"@id":"https:\/\/gysfm.com.ar\/inicio\/inicia-tu-carrera-de-licenciatura-en-comunicacion-estudiando-un-medio-de-comunicacion\/"},"author":{"name":"Prensa G&amp;S FM","@id":"https:\/\/gysfm.com.ar\/inicio\/#\/schema\/person\/3abba7593ef2ad19e1be221d54383dc5"},"headline":"Inici\u00e1 tu carrera de Licenciatura en Comunicaci\u00f3n, estudiando un medio de comunicaci\u00f3n","datePublished":"2025-07-23T19:14:15+00:00","mainEntityOfPage":{"@id":"https:\/\/gysfm.com.ar\/inicio\/inicia-tu-carrera-de-licenciatura-en-comunicacion-estudiando-un-medio-de-comunicacion\/"},"wordCount":565,"publisher":{"@id":"https:\/\/gysfm.com.ar\/inicio\/#organization"},"image":{"@id":"https:\/\/gysfm.com.ar\/inicio\/inicia-tu-carrera-de-licenciatura-en-comunicacion-estudiando-un-medio-de-comunicacion\/#primaryimage"},"thumbnailUrl":"https:\/\/gysfm.com.ar\/inicio\/wp-content\/uploads\/2025\/07\/usba-1884172.jpg","articleSection":["NACIONALES"],"inLanguage":"es"},{"@type":"WebPage","@id":"https:\/\/gysfm.com.ar\/inicio\/inicia-tu-carrera-de-licenciatura-en-comunicacion-estudiando-un-medio-de-comunicacion\/","url":"https:\/\/gysfm.com.ar\/inicio\/inicia-tu-carrera-de-licenciatura-en-comunicacion-estudiando-un-medio-de-comunicacion\/","name":"Inici\u00e1 tu carrera de Licenciatura en Comunicaci\u00f3n, estudiando un medio de comunicaci\u00f3n - GYS NOTICIAS |","isPartOf":{"@id":"https:\/\/gysfm.com.ar\/inicio\/#website"},"primaryImageOfPage":{"@id":"https:\/\/gysfm.com.ar\/inicio\/inicia-tu-carrera-de-licenciatura-en-comunicacion-estudiando-un-medio-de-comunicacion\/#primaryimage"},"image":{"@id":"https:\/\/gysfm.com.ar\/inicio\/inicia-tu-carrera-de-licenciatura-en-comunicacion-estudiando-un-medio-de-comunicacion\/#primaryimage"},"thumbnailUrl":"https:\/\/gysfm.com.ar\/inicio\/wp-content\/uploads\/2025\/07\/usba-1884172.jpg","datePublished":"2025-07-23T19:14:15+00:00","breadcrumb":{"@id":"https:\/\/gysfm.com.ar\/inicio\/inicia-tu-carrera-de-licenciatura-en-comunicacion-estudiando-un-medio-de-comunicacion\/#breadcrumb"},"inLanguage":"es","potentialAction":[{"@type":"ReadAction","target":["https:\/\/gysfm.com.ar\/inicio\/inicia-tu-carrera-de-licenciatura-en-comunicacion-estudiando-un-medio-de-comunicacion\/"]}]},{"@type":"ImageObject","inLanguage":"es","@id":"https:\/\/gysfm.com.ar\/inicio\/inicia-tu-carrera-de-licenciatura-en-comunicacion-estudiando-un-medio-de-comunicacion\/#primaryimage","url":"https:\/\/gysfm.com.ar\/inicio\/wp-content\/uploads\/2025\/07\/usba-1884172.jpg","contentUrl":"https:\/\/gysfm.com.ar\/inicio\/wp-content\/uploads\/2025\/07\/usba-1884172.jpg","width":1140,"height":641},{"@type":"BreadcrumbList","@id":"https:\/\/gysfm.com.ar\/inicio\/inicia-tu-carrera-de-licenciatura-en-comunicacion-estudiando-un-medio-de-comunicacion\/#breadcrumb","itemListElement":[{"@type":"ListItem","position":1,"name":"Portada","item":"https:\/\/gysfm.com.ar\/inicio\/"},{"@type":"ListItem","position":2,"name":"Inici\u00e1 tu carrera de Licenciatura en Comunicaci\u00f3n, estudiando un medio de comunicaci\u00f3n"}]},{"@type":"WebSite","@id":"https:\/\/gysfm.com.ar\/inicio\/#website","url":"https:\/\/gysfm.com.ar\/inicio\/","name":"GYS NOTICIAS |","description":"DIARIO - RADIO ONLINE SAN JUAN ARGENTINA","publisher":{"@id":"https:\/\/gysfm.com.ar\/inicio\/#organization"},"potentialAction":[{"@type":"SearchAction","target":{"@type":"EntryPoint","urlTemplate":"https:\/\/gysfm.com.ar\/inicio\/?s={search_term_string}"},"query-input":{"@type":"PropertyValueSpecification","valueRequired":true,"valueName":"search_term_string"}}],"inLanguage":"es"},{"@type":"Organization","@id":"https:\/\/gysfm.com.ar\/inicio\/#organization","name":"GYS NOTICIAS |","url":"https:\/\/gysfm.com.ar\/inicio\/","logo":{"@type":"ImageObject","inLanguage":"es","@id":"https:\/\/gysfm.com.ar\/inicio\/#\/schema\/logo\/image\/","url":"https:\/\/gysfm.com.ar\/inicio\/wp-content\/uploads\/2023\/07\/LOGOGYS-OK.png","contentUrl":"https:\/\/gysfm.com.ar\/inicio\/wp-content\/uploads\/2023\/07\/LOGOGYS-OK.png","width":1170,"height":872,"caption":"GYS NOTICIAS |"},"image":{"@id":"https:\/\/gysfm.com.ar\/inicio\/#\/schema\/logo\/image\/"}},{"@type":"Person","@id":"https:\/\/gysfm.com.ar\/inicio\/#\/schema\/person\/3abba7593ef2ad19e1be221d54383dc5","name":"Prensa G&amp;S FM","image":{"@type":"ImageObject","inLanguage":"es","@id":"https:\/\/gysfm.com.ar\/inicio\/#\/schema\/person\/image\/","url":"https:\/\/secure.gravatar.com\/avatar\/096ec78df02049ab018702bb4ccedf659377fa92a26540b5247612077a0dbd29?s=96&d=mm&r=g","contentUrl":"https:\/\/secure.gravatar.com\/avatar\/096ec78df02049ab018702bb4ccedf659377fa92a26540b5247612077a0dbd29?s=96&d=mm&r=g","caption":"Prensa G&amp;S FM"},"sameAs":["https:\/\/gysfm.com.ar\/"],"url":"https:\/\/gysfm.com.ar\/inicio\/author\/lucasm\/"}]}},"_links":{"self":[{"href":"https:\/\/gysfm.com.ar\/inicio\/wp-json\/wp\/v2\/posts\/138746","targetHints":{"allow":["GET"]}}],"collection":[{"href":"https:\/\/gysfm.com.ar\/inicio\/wp-json\/wp\/v2\/posts"}],"about":[{"href":"https:\/\/gysfm.com.ar\/inicio\/wp-json\/wp\/v2\/types\/post"}],"author":[{"embeddable":true,"href":"https:\/\/gysfm.com.ar\/inicio\/wp-json\/wp\/v2\/users\/2"}],"replies":[{"embeddable":true,"href":"https:\/\/gysfm.com.ar\/inicio\/wp-json\/wp\/v2\/comments?post=138746"}],"version-history":[{"count":0,"href":"https:\/\/gysfm.com.ar\/inicio\/wp-json\/wp\/v2\/posts\/138746\/revisions"}],"wp:featuredmedia":[{"embeddable":true,"href":"https:\/\/gysfm.com.ar\/inicio\/wp-json\/wp\/v2\/media\/138747"}],"wp:attachment":[{"href":"https:\/\/gysfm.com.ar\/inicio\/wp-json\/wp\/v2\/media?parent=138746"}],"wp:term":[{"taxonomy":"category","embeddable":true,"href":"https:\/\/gysfm.com.ar\/inicio\/wp-json\/wp\/v2\/categories?post=138746"},{"taxonomy":"post_tag","embeddable":true,"href":"https:\/\/gysfm.com.ar\/inicio\/wp-json\/wp\/v2\/tags?post=138746"}],"curies":[{"name":"wp","href":"https:\/\/api.w.org\/{rel}","templated":true}]}}