{"id":138707,"date":"2025-07-23T12:59:56","date_gmt":"2025-07-23T15:59:56","guid":{"rendered":"https:\/\/gysfm.com.ar\/inicio\/un-exceo-de-ypf-toma-el-control-de-aconcagua-energia\/"},"modified":"2025-07-23T12:59:57","modified_gmt":"2025-07-23T15:59:57","slug":"un-exceo-de-ypf-toma-el-control-de-aconcagua-energia","status":"publish","type":"post","link":"https:\/\/gysfm.com.ar\/inicio\/un-exceo-de-ypf-toma-el-control-de-aconcagua-energia\/","title":{"rendered":"Un exCEO de YPF toma el control de Aconcagua Energ\u00eda"},"content":{"rendered":"<p><\/p>\n<div>\n<p class=\"com-paragraph  --capital --s\">Siguiendo los pasos de Miguel Galuccio, Pablo Iuliano vuelve a posicionarse como una figura clave en la industria petrolera. Tras su paso como CEO de YPF y la creaci\u00f3n de su propia compa\u00f1\u00eda -Tango Energy-, ahora se encamina a liderar Aconcagua Energ\u00eda.<\/p>\n<p class=\"com-paragraph   --s\">Mediante un comunicado enviado a la Comisi\u00f3n Nacional de Valores, <strong>Aconcagua Energ\u00eda inform\u00f3 que cerr\u00f3 un acuerdo de inversi\u00f3n con Tango Energy. que contempla una capitalizaci\u00f3n por US$36 millones y un cambio de control societario<\/strong>.<\/p>\n<p class=\"com-paragraph   --s\">La operaci\u00f3n prev\u00e9 la suscripci\u00f3n del 90% del capital accionario por parte de Tango Energy, una sociedad cocontrolada por AR Energy Resources (vinculada a la multinacional Trafigura) y Vista Energy (la compa\u00f1\u00eda fundada por Galuccio) y de la que participa Iuliano. El 10% restante quedar\u00e1 en manos de los actuales socios fundadores -los exYPF Diego Trabucco y Javier Basso-.<\/p>\n<p class=\"com-paragraph   --s\">\u201cDe perfeccionarse esta transacci\u00f3n, <strong>Tango Energy se convertir\u00e1 en accionista controlante <\/strong>de Aconcagua Energ\u00eda, asumiendo la conducci\u00f3n estrat\u00e9gica de la misma. Los actuales socios fundadores de la compa\u00f1\u00eda conservar\u00e1n el remanente del 10% del capital accionario en partes iguales en la compa\u00f1\u00eda\u201d, indica el documento.<\/p>\n<p class=\"com-paragraph   --s\">Seg\u00fan precisaron, los fondos inyectados ser\u00e1n destinados a fortalecer el patrimonio de la firma y a impulsar su desarrollo operativo en <strong>una etapa que se proyecta de crecimiento sostenido de largo plazo.<\/strong><\/p>\n<p class=\"com-paragraph   --s\">La operaci\u00f3n, sin embargo, est\u00e1 sujeta al cumplimiento de una condici\u00f3n clave: que la petrolera logre reestructurar al menos el 90% de su deuda financiera y comercial. \u201cA partir del potencial perfeccionamiento de la operaci\u00f3n, Tango Energy impulsar\u00e1 una nueva etapa de consolidaci\u00f3n institucional, operativa y financiera para Aconcagua Energ\u00eda, a cargo de Pablo luliano, quien actuar\u00e1 como CEO de Aconcagua Energ\u00eda\u201d, aclara el documento.<\/p>\n<p class=\"com-paragraph   --s\">La decisi\u00f3n llega luego de que la petrolera reconociera p\u00fablicamente una <a href=\"https:\/\/www.lanacion.com.ar\/economia\/negocios\/tras-postergar-pagos-aconcagua-energia-revela-el-alcance-de-su-pasivo-nid25062025\/\" target=\"_self\" title=\"https:\/\/www.lanacion.com.ar\/economia\/negocios\/tras-postergar-pagos-aconcagua-energia-revela-el-alcance-de-su-pasivo-nid25062025\/\" class=\"com-link\" data-mrf-recirculation=\"n_link_parrafo\">deuda cercana a los $447.604 millones<\/a>, lo que representa el 99% de su activo total y equivale a casi 17 veces su patrimonio neto. Ante este escenario, <a href=\"https:\/\/www.lanacion.com.ar\/economia\/negocios\/aconcagua-energia-enfrenta-problemas-de-pago-y-reestructura-su-deuda-nid18062025\/\" target=\"_self\" title=\"https:\/\/www.lanacion.com.ar\/economia\/negocios\/aconcagua-energia-enfrenta-problemas-de-pago-y-reestructura-su-deuda-nid18062025\/\" class=\"com-link\" data-mrf-recirculation=\"n_link_parrafo\">contrat\u00f3 a VALO Columbus<\/a> como asesor financiero y a Tavarone Rovelli Salim Miani como asesor legal, con el objetivo de dise\u00f1ar y conducir un proceso de reestructuraci\u00f3n integral.<\/p>\n<p class=\"com-paragraph   --s\">Creada en 2015, Aconcagua Energ\u00eda opera un total de <strong>14 concesiones hidrocarbur\u00edferas en el pa\u00eds<\/strong>, en las provincias de R\u00edo Negro, Neuqu\u00e9n y Mendoza. De acuerdo con su balance financiero, en el primer trimestre del a\u00f1o, la producci\u00f3n de hidrocarburos neta alcanz\u00f3 los 453.733 barriles de petr\u00f3leo y 2 millones de metros c\u00fabicos de gas, lo que representa una disminuci\u00f3n del 12% en la producci\u00f3n de petr\u00f3leo y del 96% en la de gas, en comparaci\u00f3n con el mismo per\u00edodo del a\u00f1o 2024.<\/p>\n<p class=\"com-paragraph   --s\">Por su parte, Pablo Iuliano fue <a href=\"https:\/\/www.lanacion.com.ar\/economia\/ypf-oficializo-la-salida-de-affronti-como-ceo-de-la-compania-y-su-reemplazo-por-iuliano-nid15072022\/\" target=\"_self\" title=\"https:\/\/www.lanacion.com.ar\/economia\/ypf-oficializo-la-salida-de-affronti-como-ceo-de-la-compania-y-su-reemplazo-por-iuliano-nid15072022\/\" class=\"com-link\" data-mrf-recirculation=\"n_link_parrafo\">designado CEO de YPF en julio de 2022<\/a>, suceder a Sergio Affronti. Con m\u00e1s de dos d\u00e9cadas de carrera en la empresa, su gesti\u00f3n culmin\u00f3 en diciembre de 2023, con el cambio de gobierno nacional, momento en el cual fue reemplazado por Horacio Daniel Mar\u00edn. Meses m\u00e1s tarde, en 2024, cre\u00f3 Tango Energy, focalizada en la industria energ\u00e9tica.<\/p>\n<section class=\"container-center-100 mb-40 border border-bottom border-thin border-neutral-light-700\">\n<hr\/>\n<\/section>\n<\/div>\n","protected":false},"excerpt":{"rendered":"<p>Siguiendo los pasos de Miguel Galuccio, Pablo Iuliano vuelve a posicionarse como una figura clave en la industria petrolera. Tras su paso como CEO de YPF y la creaci\u00f3n de su propia compa\u00f1\u00eda -Tango Energy-, ahora se encamina a liderar Aconcagua Energ\u00eda. Mediante un comunicado enviado a la Comisi\u00f3n Nacional de Valores, Aconcagua Energ\u00eda inform\u00f3 [&hellip;]<\/p>\n","protected":false},"author":1,"featured_media":138708,"comment_status":"closed","ping_status":"closed","sticky":false,"template":"","format":"standard","meta":{"footnotes":""},"categories":[28],"tags":[],"class_list":["post-138707","post","type-post","status-publish","format-standard","has-post-thumbnail","hentry","category-economia"],"yoast_head":"<!-- This site is optimized with the Yoast SEO plugin v24.4 - https:\/\/yoast.com\/wordpress\/plugins\/seo\/ -->\n<title>Un exCEO de YPF toma el control de Aconcagua Energ\u00eda - GYS NOTICIAS |<\/title>\n<meta name=\"robots\" content=\"index, follow, max-snippet:-1, max-image-preview:large, max-video-preview:-1\" \/>\n<link rel=\"canonical\" href=\"https:\/\/gysfm.com.ar\/inicio\/un-exceo-de-ypf-toma-el-control-de-aconcagua-energia\/\" \/>\n<meta property=\"og:locale\" content=\"es_ES\" \/>\n<meta property=\"og:type\" content=\"article\" \/>\n<meta property=\"og:title\" content=\"Un exCEO de YPF toma el control de Aconcagua Energ\u00eda - GYS NOTICIAS |\" \/>\n<meta property=\"og:description\" content=\"Siguiendo los pasos de Miguel Galuccio, Pablo Iuliano vuelve a posicionarse como una figura clave en la industria petrolera. Tras su paso como CEO de YPF y la creaci\u00f3n de su propia compa\u00f1\u00eda -Tango Energy-, ahora se encamina a liderar Aconcagua Energ\u00eda. Mediante un comunicado enviado a la Comisi\u00f3n Nacional de Valores, Aconcagua Energ\u00eda inform\u00f3 [&hellip;]\" \/>\n<meta property=\"og:url\" content=\"https:\/\/gysfm.com.ar\/inicio\/un-exceo-de-ypf-toma-el-control-de-aconcagua-energia\/\" \/>\n<meta property=\"og:site_name\" content=\"GYS NOTICIAS |\" \/>\n<meta property=\"article:published_time\" content=\"2025-07-23T15:59:56+00:00\" \/>\n<meta property=\"article:modified_time\" content=\"2025-07-23T15:59:57+00:00\" \/>\n<meta property=\"og:image\" content=\"https:\/\/gysfm.com.ar\/inicio\/wp-content\/uploads\/2025\/07\/pablo-iuliano-ejercio-como-ceo-de-ypf-entre-2022-PGZTAQWBHNAPFCKXBYGKZLJWS4.jpg\" \/>\n\t<meta property=\"og:image:width\" content=\"1200\" \/>\n\t<meta property=\"og:image:height\" content=\"800\" \/>\n\t<meta property=\"og:image:type\" content=\"image\/jpeg\" \/>\n<meta name=\"author\" content=\"admin\" \/>\n<meta name=\"twitter:card\" content=\"summary_large_image\" \/>\n<meta name=\"twitter:label1\" content=\"Escrito por\" \/>\n\t<meta name=\"twitter:data1\" content=\"admin\" \/>\n\t<meta name=\"twitter:label2\" content=\"Tiempo de lectura\" \/>\n\t<meta name=\"twitter:data2\" content=\"3 minutos\" \/>\n<script type=\"application\/ld+json\" class=\"yoast-schema-graph\">{\"@context\":\"https:\/\/schema.org\",\"@graph\":[{\"@type\":\"Article\",\"@id\":\"https:\/\/gysfm.com.ar\/inicio\/un-exceo-de-ypf-toma-el-control-de-aconcagua-energia\/#article\",\"isPartOf\":{\"@id\":\"https:\/\/gysfm.com.ar\/inicio\/un-exceo-de-ypf-toma-el-control-de-aconcagua-energia\/\"},\"author\":{\"name\":\"admin\",\"@id\":\"https:\/\/gysfm.com.ar\/inicio\/#\/schema\/person\/5bedd7ecd35cc35548d89effafa23696\"},\"headline\":\"Un exCEO de YPF toma el control de Aconcagua Energ\u00eda\",\"datePublished\":\"2025-07-23T15:59:56+00:00\",\"dateModified\":\"2025-07-23T15:59:57+00:00\",\"mainEntityOfPage\":{\"@id\":\"https:\/\/gysfm.com.ar\/inicio\/un-exceo-de-ypf-toma-el-control-de-aconcagua-energia\/\"},\"wordCount\":535,\"publisher\":{\"@id\":\"https:\/\/gysfm.com.ar\/inicio\/#organization\"},\"image\":{\"@id\":\"https:\/\/gysfm.com.ar\/inicio\/un-exceo-de-ypf-toma-el-control-de-aconcagua-energia\/#primaryimage\"},\"thumbnailUrl\":\"https:\/\/gysfm.com.ar\/inicio\/wp-content\/uploads\/2025\/07\/pablo-iuliano-ejercio-como-ceo-de-ypf-entre-2022-PGZTAQWBHNAPFCKXBYGKZLJWS4.jpg\",\"articleSection\":[\"ECONOMIA\"],\"inLanguage\":\"es\"},{\"@type\":\"WebPage\",\"@id\":\"https:\/\/gysfm.com.ar\/inicio\/un-exceo-de-ypf-toma-el-control-de-aconcagua-energia\/\",\"url\":\"https:\/\/gysfm.com.ar\/inicio\/un-exceo-de-ypf-toma-el-control-de-aconcagua-energia\/\",\"name\":\"Un exCEO de YPF toma el control de Aconcagua Energ\u00eda - GYS NOTICIAS |\",\"isPartOf\":{\"@id\":\"https:\/\/gysfm.com.ar\/inicio\/#website\"},\"primaryImageOfPage\":{\"@id\":\"https:\/\/gysfm.com.ar\/inicio\/un-exceo-de-ypf-toma-el-control-de-aconcagua-energia\/#primaryimage\"},\"image\":{\"@id\":\"https:\/\/gysfm.com.ar\/inicio\/un-exceo-de-ypf-toma-el-control-de-aconcagua-energia\/#primaryimage\"},\"thumbnailUrl\":\"https:\/\/gysfm.com.ar\/inicio\/wp-content\/uploads\/2025\/07\/pablo-iuliano-ejercio-como-ceo-de-ypf-entre-2022-PGZTAQWBHNAPFCKXBYGKZLJWS4.jpg\",\"datePublished\":\"2025-07-23T15:59:56+00:00\",\"dateModified\":\"2025-07-23T15:59:57+00:00\",\"breadcrumb\":{\"@id\":\"https:\/\/gysfm.com.ar\/inicio\/un-exceo-de-ypf-toma-el-control-de-aconcagua-energia\/#breadcrumb\"},\"inLanguage\":\"es\",\"potentialAction\":[{\"@type\":\"ReadAction\",\"target\":[\"https:\/\/gysfm.com.ar\/inicio\/un-exceo-de-ypf-toma-el-control-de-aconcagua-energia\/\"]}]},{\"@type\":\"ImageObject\",\"inLanguage\":\"es\",\"@id\":\"https:\/\/gysfm.com.ar\/inicio\/un-exceo-de-ypf-toma-el-control-de-aconcagua-energia\/#primaryimage\",\"url\":\"https:\/\/gysfm.com.ar\/inicio\/wp-content\/uploads\/2025\/07\/pablo-iuliano-ejercio-como-ceo-de-ypf-entre-2022-PGZTAQWBHNAPFCKXBYGKZLJWS4.jpg\",\"contentUrl\":\"https:\/\/gysfm.com.ar\/inicio\/wp-content\/uploads\/2025\/07\/pablo-iuliano-ejercio-como-ceo-de-ypf-entre-2022-PGZTAQWBHNAPFCKXBYGKZLJWS4.jpg\",\"width\":1200,\"height\":800},{\"@type\":\"BreadcrumbList\",\"@id\":\"https:\/\/gysfm.com.ar\/inicio\/un-exceo-de-ypf-toma-el-control-de-aconcagua-energia\/#breadcrumb\",\"itemListElement\":[{\"@type\":\"ListItem\",\"position\":1,\"name\":\"Portada\",\"item\":\"https:\/\/gysfm.com.ar\/inicio\/\"},{\"@type\":\"ListItem\",\"position\":2,\"name\":\"Un exCEO de YPF toma el control de Aconcagua Energ\u00eda\"}]},{\"@type\":\"WebSite\",\"@id\":\"https:\/\/gysfm.com.ar\/inicio\/#website\",\"url\":\"https:\/\/gysfm.com.ar\/inicio\/\",\"name\":\"GYS NOTICIAS |\",\"description\":\"DIARIO - RADIO ONLINE SAN JUAN ARGENTINA\",\"publisher\":{\"@id\":\"https:\/\/gysfm.com.ar\/inicio\/#organization\"},\"potentialAction\":[{\"@type\":\"SearchAction\",\"target\":{\"@type\":\"EntryPoint\",\"urlTemplate\":\"https:\/\/gysfm.com.ar\/inicio\/?s={search_term_string}\"},\"query-input\":{\"@type\":\"PropertyValueSpecification\",\"valueRequired\":true,\"valueName\":\"search_term_string\"}}],\"inLanguage\":\"es\"},{\"@type\":\"Organization\",\"@id\":\"https:\/\/gysfm.com.ar\/inicio\/#organization\",\"name\":\"GYS NOTICIAS |\",\"url\":\"https:\/\/gysfm.com.ar\/inicio\/\",\"logo\":{\"@type\":\"ImageObject\",\"inLanguage\":\"es\",\"@id\":\"https:\/\/gysfm.com.ar\/inicio\/#\/schema\/logo\/image\/\",\"url\":\"https:\/\/gysfm.com.ar\/inicio\/wp-content\/uploads\/2023\/07\/LOGOGYS-OK.png\",\"contentUrl\":\"https:\/\/gysfm.com.ar\/inicio\/wp-content\/uploads\/2023\/07\/LOGOGYS-OK.png\",\"width\":1170,\"height\":872,\"caption\":\"GYS NOTICIAS |\"},\"image\":{\"@id\":\"https:\/\/gysfm.com.ar\/inicio\/#\/schema\/logo\/image\/\"}},{\"@type\":\"Person\",\"@id\":\"https:\/\/gysfm.com.ar\/inicio\/#\/schema\/person\/5bedd7ecd35cc35548d89effafa23696\",\"name\":\"admin\",\"image\":{\"@type\":\"ImageObject\",\"inLanguage\":\"es\",\"@id\":\"https:\/\/gysfm.com.ar\/inicio\/#\/schema\/person\/image\/\",\"url\":\"https:\/\/secure.gravatar.com\/avatar\/c331d312b5243fb64d5ba28108a447b27c925295129a363082c9ea52c28d32c2?s=96&d=mm&r=g\",\"contentUrl\":\"https:\/\/secure.gravatar.com\/avatar\/c331d312b5243fb64d5ba28108a447b27c925295129a363082c9ea52c28d32c2?s=96&d=mm&r=g\",\"caption\":\"admin\"},\"sameAs\":[\"https:\/\/gysfm.com.ar\/inicio\"],\"url\":\"https:\/\/gysfm.com.ar\/inicio\/author\/admin\/\"}]}<\/script>\n<!-- \/ Yoast SEO plugin. -->","yoast_head_json":{"title":"Un exCEO de YPF toma el control de Aconcagua Energ\u00eda - GYS NOTICIAS |","robots":{"index":"index","follow":"follow","max-snippet":"max-snippet:-1","max-image-preview":"max-image-preview:large","max-video-preview":"max-video-preview:-1"},"canonical":"https:\/\/gysfm.com.ar\/inicio\/un-exceo-de-ypf-toma-el-control-de-aconcagua-energia\/","og_locale":"es_ES","og_type":"article","og_title":"Un exCEO de YPF toma el control de Aconcagua Energ\u00eda - GYS NOTICIAS |","og_description":"Siguiendo los pasos de Miguel Galuccio, Pablo Iuliano vuelve a posicionarse como una figura clave en la industria petrolera. Tras su paso como CEO de YPF y la creaci\u00f3n de su propia compa\u00f1\u00eda -Tango Energy-, ahora se encamina a liderar Aconcagua Energ\u00eda. Mediante un comunicado enviado a la Comisi\u00f3n Nacional de Valores, Aconcagua Energ\u00eda inform\u00f3 [&hellip;]","og_url":"https:\/\/gysfm.com.ar\/inicio\/un-exceo-de-ypf-toma-el-control-de-aconcagua-energia\/","og_site_name":"GYS NOTICIAS |","article_published_time":"2025-07-23T15:59:56+00:00","article_modified_time":"2025-07-23T15:59:57+00:00","og_image":[{"width":1200,"height":800,"url":"https:\/\/gysfm.com.ar\/inicio\/wp-content\/uploads\/2025\/07\/pablo-iuliano-ejercio-como-ceo-de-ypf-entre-2022-PGZTAQWBHNAPFCKXBYGKZLJWS4.jpg","type":"image\/jpeg"}],"author":"admin","twitter_card":"summary_large_image","twitter_misc":{"Escrito por":"admin","Tiempo de lectura":"3 minutos"},"schema":{"@context":"https:\/\/schema.org","@graph":[{"@type":"Article","@id":"https:\/\/gysfm.com.ar\/inicio\/un-exceo-de-ypf-toma-el-control-de-aconcagua-energia\/#article","isPartOf":{"@id":"https:\/\/gysfm.com.ar\/inicio\/un-exceo-de-ypf-toma-el-control-de-aconcagua-energia\/"},"author":{"name":"admin","@id":"https:\/\/gysfm.com.ar\/inicio\/#\/schema\/person\/5bedd7ecd35cc35548d89effafa23696"},"headline":"Un exCEO de YPF toma el control de Aconcagua Energ\u00eda","datePublished":"2025-07-23T15:59:56+00:00","dateModified":"2025-07-23T15:59:57+00:00","mainEntityOfPage":{"@id":"https:\/\/gysfm.com.ar\/inicio\/un-exceo-de-ypf-toma-el-control-de-aconcagua-energia\/"},"wordCount":535,"publisher":{"@id":"https:\/\/gysfm.com.ar\/inicio\/#organization"},"image":{"@id":"https:\/\/gysfm.com.ar\/inicio\/un-exceo-de-ypf-toma-el-control-de-aconcagua-energia\/#primaryimage"},"thumbnailUrl":"https:\/\/gysfm.com.ar\/inicio\/wp-content\/uploads\/2025\/07\/pablo-iuliano-ejercio-como-ceo-de-ypf-entre-2022-PGZTAQWBHNAPFCKXBYGKZLJWS4.jpg","articleSection":["ECONOMIA"],"inLanguage":"es"},{"@type":"WebPage","@id":"https:\/\/gysfm.com.ar\/inicio\/un-exceo-de-ypf-toma-el-control-de-aconcagua-energia\/","url":"https:\/\/gysfm.com.ar\/inicio\/un-exceo-de-ypf-toma-el-control-de-aconcagua-energia\/","name":"Un exCEO de YPF toma el control de Aconcagua Energ\u00eda - GYS NOTICIAS |","isPartOf":{"@id":"https:\/\/gysfm.com.ar\/inicio\/#website"},"primaryImageOfPage":{"@id":"https:\/\/gysfm.com.ar\/inicio\/un-exceo-de-ypf-toma-el-control-de-aconcagua-energia\/#primaryimage"},"image":{"@id":"https:\/\/gysfm.com.ar\/inicio\/un-exceo-de-ypf-toma-el-control-de-aconcagua-energia\/#primaryimage"},"thumbnailUrl":"https:\/\/gysfm.com.ar\/inicio\/wp-content\/uploads\/2025\/07\/pablo-iuliano-ejercio-como-ceo-de-ypf-entre-2022-PGZTAQWBHNAPFCKXBYGKZLJWS4.jpg","datePublished":"2025-07-23T15:59:56+00:00","dateModified":"2025-07-23T15:59:57+00:00","breadcrumb":{"@id":"https:\/\/gysfm.com.ar\/inicio\/un-exceo-de-ypf-toma-el-control-de-aconcagua-energia\/#breadcrumb"},"inLanguage":"es","potentialAction":[{"@type":"ReadAction","target":["https:\/\/gysfm.com.ar\/inicio\/un-exceo-de-ypf-toma-el-control-de-aconcagua-energia\/"]}]},{"@type":"ImageObject","inLanguage":"es","@id":"https:\/\/gysfm.com.ar\/inicio\/un-exceo-de-ypf-toma-el-control-de-aconcagua-energia\/#primaryimage","url":"https:\/\/gysfm.com.ar\/inicio\/wp-content\/uploads\/2025\/07\/pablo-iuliano-ejercio-como-ceo-de-ypf-entre-2022-PGZTAQWBHNAPFCKXBYGKZLJWS4.jpg","contentUrl":"https:\/\/gysfm.com.ar\/inicio\/wp-content\/uploads\/2025\/07\/pablo-iuliano-ejercio-como-ceo-de-ypf-entre-2022-PGZTAQWBHNAPFCKXBYGKZLJWS4.jpg","width":1200,"height":800},{"@type":"BreadcrumbList","@id":"https:\/\/gysfm.com.ar\/inicio\/un-exceo-de-ypf-toma-el-control-de-aconcagua-energia\/#breadcrumb","itemListElement":[{"@type":"ListItem","position":1,"name":"Portada","item":"https:\/\/gysfm.com.ar\/inicio\/"},{"@type":"ListItem","position":2,"name":"Un exCEO de YPF toma el control de Aconcagua Energ\u00eda"}]},{"@type":"WebSite","@id":"https:\/\/gysfm.com.ar\/inicio\/#website","url":"https:\/\/gysfm.com.ar\/inicio\/","name":"GYS NOTICIAS |","description":"DIARIO - RADIO ONLINE SAN JUAN ARGENTINA","publisher":{"@id":"https:\/\/gysfm.com.ar\/inicio\/#organization"},"potentialAction":[{"@type":"SearchAction","target":{"@type":"EntryPoint","urlTemplate":"https:\/\/gysfm.com.ar\/inicio\/?s={search_term_string}"},"query-input":{"@type":"PropertyValueSpecification","valueRequired":true,"valueName":"search_term_string"}}],"inLanguage":"es"},{"@type":"Organization","@id":"https:\/\/gysfm.com.ar\/inicio\/#organization","name":"GYS NOTICIAS |","url":"https:\/\/gysfm.com.ar\/inicio\/","logo":{"@type":"ImageObject","inLanguage":"es","@id":"https:\/\/gysfm.com.ar\/inicio\/#\/schema\/logo\/image\/","url":"https:\/\/gysfm.com.ar\/inicio\/wp-content\/uploads\/2023\/07\/LOGOGYS-OK.png","contentUrl":"https:\/\/gysfm.com.ar\/inicio\/wp-content\/uploads\/2023\/07\/LOGOGYS-OK.png","width":1170,"height":872,"caption":"GYS NOTICIAS |"},"image":{"@id":"https:\/\/gysfm.com.ar\/inicio\/#\/schema\/logo\/image\/"}},{"@type":"Person","@id":"https:\/\/gysfm.com.ar\/inicio\/#\/schema\/person\/5bedd7ecd35cc35548d89effafa23696","name":"admin","image":{"@type":"ImageObject","inLanguage":"es","@id":"https:\/\/gysfm.com.ar\/inicio\/#\/schema\/person\/image\/","url":"https:\/\/secure.gravatar.com\/avatar\/c331d312b5243fb64d5ba28108a447b27c925295129a363082c9ea52c28d32c2?s=96&d=mm&r=g","contentUrl":"https:\/\/secure.gravatar.com\/avatar\/c331d312b5243fb64d5ba28108a447b27c925295129a363082c9ea52c28d32c2?s=96&d=mm&r=g","caption":"admin"},"sameAs":["https:\/\/gysfm.com.ar\/inicio"],"url":"https:\/\/gysfm.com.ar\/inicio\/author\/admin\/"}]}},"_links":{"self":[{"href":"https:\/\/gysfm.com.ar\/inicio\/wp-json\/wp\/v2\/posts\/138707","targetHints":{"allow":["GET"]}}],"collection":[{"href":"https:\/\/gysfm.com.ar\/inicio\/wp-json\/wp\/v2\/posts"}],"about":[{"href":"https:\/\/gysfm.com.ar\/inicio\/wp-json\/wp\/v2\/types\/post"}],"author":[{"embeddable":true,"href":"https:\/\/gysfm.com.ar\/inicio\/wp-json\/wp\/v2\/users\/1"}],"replies":[{"embeddable":true,"href":"https:\/\/gysfm.com.ar\/inicio\/wp-json\/wp\/v2\/comments?post=138707"}],"version-history":[{"count":1,"href":"https:\/\/gysfm.com.ar\/inicio\/wp-json\/wp\/v2\/posts\/138707\/revisions"}],"predecessor-version":[{"id":138709,"href":"https:\/\/gysfm.com.ar\/inicio\/wp-json\/wp\/v2\/posts\/138707\/revisions\/138709"}],"wp:featuredmedia":[{"embeddable":true,"href":"https:\/\/gysfm.com.ar\/inicio\/wp-json\/wp\/v2\/media\/138708"}],"wp:attachment":[{"href":"https:\/\/gysfm.com.ar\/inicio\/wp-json\/wp\/v2\/media?parent=138707"}],"wp:term":[{"taxonomy":"category","embeddable":true,"href":"https:\/\/gysfm.com.ar\/inicio\/wp-json\/wp\/v2\/categories?post=138707"},{"taxonomy":"post_tag","embeddable":true,"href":"https:\/\/gysfm.com.ar\/inicio\/wp-json\/wp\/v2\/tags?post=138707"}],"curies":[{"name":"wp","href":"https:\/\/api.w.org\/{rel}","templated":true}]}}