{"id":138704,"date":"2025-07-23T12:58:06","date_gmt":"2025-07-23T15:58:06","guid":{"rendered":"https:\/\/gysfm.com.ar\/inicio\/las-impactantes-imagenes-del-tornado-de-fuego-que-devoro-un-bosque-en-turquia\/"},"modified":"2025-07-23T12:58:07","modified_gmt":"2025-07-23T15:58:07","slug":"las-impactantes-imagenes-del-tornado-de-fuego-que-devoro-un-bosque-en-turquia","status":"publish","type":"post","link":"https:\/\/gysfm.com.ar\/inicio\/las-impactantes-imagenes-del-tornado-de-fuego-que-devoro-un-bosque-en-turquia\/","title":{"rendered":"Las impactantes im\u00e1genes del tornado de fuego que devor\u00f3 un bosque en Turqu\u00eda"},"content":{"rendered":"<p> <br \/>\n<\/p>\n<div>\n<p class=\"com-paragraph  --capital --s\">En medio de temperaturas r\u00e9cord estivales, los incendios forestales contin\u00faan arrasando los bosques de <a href=\"https:\/\/www.lanacion.com.ar\/el-mundo\/video-impactantes-imagenes-de-los-incendios-que-devoran-bosques-en-turquia-y-generan-evacuaciones-nid04072025\/\" target=\"_self\" title=\"https:\/\/www.lanacion.com.ar\/el-mundo\/video-impactantes-imagenes-de-los-incendios-que-devoran-bosques-en-turquia-y-generan-evacuaciones-nid04072025\/\" class=\"com-link\" data-mrf-recirculation=\"n_link_parrafo\">Turqu\u00eda<\/a>. En uno de los focos, activo desde hace cuatro d\u00edas en la provincia de Sakarya -ubicada en el noroeste de ese pa\u00eds-, se origin\u00f3 un impresionante tornado de fuego.<\/p>\n<p class=\"com-paragraph   --s\"><em>LN+<\/em> difundi\u00f3 im\u00e1genes de este fen\u00f3meno inusual en que el fuego adquiere una forma de remolino similar a un tornado, que ocurre por la combinaci\u00f3n de altas temperaturas ascendentes y fuertes r\u00e1fagas de viento.<\/p>\n<div class=\"content-media cursor-pointer container-center-100\">\n<section class=\"mod-media ratio-16-9\">\n<figure class=\"mod-video\">\n<div class=\"video-player bg-black ratio-16-9\">\n<div id=\"facade-TZiRKNDf\" class=\"content-facade-jw relative bg-black ratio-16-9\"><picture><source media=\"(max-width: 767px)\" srcset=\"https:\/\/resizer.glanacion.com\/resizer\/v2\/https%3A%2F%2Fcdn.jwplayer.com%2Fv2%2Fmedia%2FTZiRKNDf%2Fposter.jpg%3Fwidth%3D720?auth=229fc41f053796068818028350cff398e3a25910d960ed0ece2b5fc99500c060&amp;width=480&amp;quality=70&amp;smart=false\"\/><\/picture><\/div>\n<\/div><figcaption class=\"border border-1 border-bottom border-light-300 bg-white relative px-16 py-8 min-h-36 w-100_md px-0_l mb-8\"><span class=\"text ln-text text-16 block\">Incendios en Turquia<\/span><\/figcaption><\/figure>\n<\/section>\n<\/div>\n<p class=\"com-paragraph   --s\">En los videos se percibe el modo en que los bomberos y avi\u00f3n hidrantes tratan desesperadamente de contenerlo. Seg\u00fan trascendi\u00f3, se extendi\u00f3 a rutas y aldeas locales, y alcanz\u00f3 la provincia vecina de Bilecik.<\/p>\n<p class=\"com-paragraph   --s\">Seg\u00fan trascendi\u00f3, Turqu\u00eda vive esta semana una fuerte can\u00edcula con temperaturas de hasta <strong>40 grados <\/strong>en la regi\u00f3n del M\u00e1rmara y hasta 43 grados en el sureste de Anatolia, de acuerdo a los informes del servicio meteorol\u00f3gico del pa\u00eds.<\/p>\n<p class=\"com-paragraph   --s\">A principios de julio, dos grandes incendios devoraron los bosques de <strong>Esmirna <\/strong>alimentados por los vientos de m\u00e1s de 85 km\/h, las altas temperaturas y vegetaci\u00f3n muy seca. La situaci\u00f3n fue tan grave que provoc\u00f3 la evacuaci\u00f3n de tres localidades cerca de<strong> Odemis<\/strong>, a 100 km al este de la ciudad, azotada por el incendio forestal.<\/p>\n<p class=\"com-paragraph   --s\">M\u00e1s de <strong>50.000 <\/strong>personas fueron <strong>evacuadas<\/strong> por incendios forestales en cinco regiones en Turqu\u00eda. <\/p>\n<p class=\"com-paragraph   --s\">Los incendios contin\u00faan siendo noticia en el hemisferio norte que est\u00e1 experimentando inusitadas olas de calor. En <strong>Espa\u00f1a<\/strong> y <strong>Grecia<\/strong> la situaci\u00f3n tambi\u00e9n es alarmante. <\/p>\n<p class=\"com-paragraph   --s\">Residentes y turistas difundieron el jueves pasado numerosas fotos del peculiar <a href=\"https:\/\/www.lanacion.com.ar\/el-mundo\/las-imagenes-de-madrid-envuelta-en-una-enorme-nube-de-humo-por-un-incendio-forestal-nid18072025\/\" target=\"_self\" title=\"https:\/\/www.lanacion.com.ar\/el-mundo\/las-imagenes-de-madrid-envuelta-en-una-enorme-nube-de-humo-por-un-incendio-forestal-nid18072025\/\" class=\"com-link\" data-mrf-recirculation=\"n_link_parrafo\">cielo anaranjado y gris\u00e1ceo de Madrid<\/a>, cubierto por una extensa y espesa columna de nube y ceniza proveniente de un incendio forestal del municipio de M\u00e9ntrida, provincia de Toledo, ubicado a 50 kil\u00f3metros de la capital espa\u00f1ola.<\/p>\n<div class=\"content-media\">\n<section role=\"button\" class=\"mod-media   \">\n<figure role=\"button\" class=\"mod-figure \"><figcaption class=\"mod-figcaption\"><span class=\"com-text --caption --twoxs\">Un gran incendio forestal arde en la aldea de Karteri, cerca de Corinto, al oeste de Atenas, Grecia, el martes 22 de julio de 2025. (AP Foto\/Vasilis Psomas)<\/span><span class=\"com-text --credit --twoxs\">Vasilis Psomas &#8211; AP<\/span><\/figcaption><\/figure>\n<\/section>\n<\/div>\n<p class=\"com-paragraph   --s\">Semanas atr\u00e1s, la Isla de Creta, la m\u00e1s grande de Grecia, ardi\u00f3 en un contexto de una extrema de un calor agobiante que situ\u00f3 a varias localidades del pa\u00eds en <strong>alerta roja <\/strong>debido al peligro que representa el clima.<\/p>\n<p class=\"com-paragraph   --s\">All\u00ed el fuego arras\u00f3 con campos, olivares y una gran cantidad de viviendas en el \u00e1rea metropolitana de Atenas y las islas del Mar Egeo.<\/p>\n<section class=\"container-center-100 mb-40 border border-bottom border-thin border-neutral-light-700\">\n<hr\/>\n<\/section>\n<\/div>\n\n","protected":false},"excerpt":{"rendered":"<p>En medio de temperaturas r\u00e9cord estivales, los incendios forestales contin\u00faan arrasando los bosques de Turqu\u00eda. En uno de los focos, activo desde hace cuatro d\u00edas en la provincia de Sakarya -ubicada en el noroeste de ese pa\u00eds-, se origin\u00f3 un impresionante tornado de fuego. LN+ difundi\u00f3 im\u00e1genes de este fen\u00f3meno inusual en que el fuego [&hellip;]<\/p>\n","protected":false},"author":2,"featured_media":138705,"comment_status":"closed","ping_status":"closed","sticky":false,"template":"","format":"standard","meta":{"footnotes":""},"categories":[26],"tags":[],"class_list":["post-138704","post","type-post","status-publish","format-standard","has-post-thumbnail","hentry","category-internacionales"],"yoast_head":"<!-- This site is optimized with the Yoast SEO plugin v24.4 - https:\/\/yoast.com\/wordpress\/plugins\/seo\/ -->\n<title>Las impactantes im\u00e1genes del tornado de fuego que devor\u00f3 un bosque en Turqu\u00eda - GYS NOTICIAS |<\/title>\n<meta name=\"robots\" content=\"index, follow, max-snippet:-1, max-image-preview:large, max-video-preview:-1\" \/>\n<link rel=\"canonical\" href=\"https:\/\/gysfm.com.ar\/inicio\/las-impactantes-imagenes-del-tornado-de-fuego-que-devoro-un-bosque-en-turquia\/\" \/>\n<meta property=\"og:locale\" content=\"es_ES\" \/>\n<meta property=\"og:type\" content=\"article\" \/>\n<meta property=\"og:title\" content=\"Las impactantes im\u00e1genes del tornado de fuego que devor\u00f3 un bosque en Turqu\u00eda - GYS NOTICIAS |\" \/>\n<meta property=\"og:description\" content=\"En medio de temperaturas r\u00e9cord estivales, los incendios forestales contin\u00faan arrasando los bosques de Turqu\u00eda. En uno de los focos, activo desde hace cuatro d\u00edas en la provincia de Sakarya -ubicada en el noroeste de ese pa\u00eds-, se origin\u00f3 un impresionante tornado de fuego. LN+ difundi\u00f3 im\u00e1genes de este fen\u00f3meno inusual en que el fuego [&hellip;]\" \/>\n<meta property=\"og:url\" content=\"https:\/\/gysfm.com.ar\/inicio\/las-impactantes-imagenes-del-tornado-de-fuego-que-devoro-un-bosque-en-turquia\/\" \/>\n<meta property=\"og:site_name\" content=\"GYS NOTICIAS |\" \/>\n<meta property=\"article:published_time\" content=\"2025-07-23T15:58:06+00:00\" \/>\n<meta property=\"article:modified_time\" content=\"2025-07-23T15:58:07+00:00\" \/>\n<meta property=\"og:image\" content=\"https:\/\/gysfm.com.ar\/inicio\/wp-content\/uploads\/2025\/07\/los-bomberos-luchaban-el-martes-contra-el-SLJVDUMNTZFS5CZO5MT2BQZQNA.png\" \/>\n\t<meta property=\"og:image:width\" content=\"1200\" \/>\n\t<meta property=\"og:image:height\" content=\"1555\" \/>\n\t<meta property=\"og:image:type\" content=\"image\/png\" \/>\n<meta name=\"author\" content=\"Prensa G&amp;S FM\" \/>\n<meta name=\"twitter:card\" content=\"summary_large_image\" \/>\n<meta name=\"twitter:label1\" content=\"Escrito por\" \/>\n\t<meta name=\"twitter:data1\" content=\"Prensa G&amp;S FM\" \/>\n\t<meta name=\"twitter:label2\" content=\"Tiempo de lectura\" \/>\n\t<meta name=\"twitter:data2\" content=\"2 minutos\" \/>\n<script type=\"application\/ld+json\" class=\"yoast-schema-graph\">{\"@context\":\"https:\/\/schema.org\",\"@graph\":[{\"@type\":\"Article\",\"@id\":\"https:\/\/gysfm.com.ar\/inicio\/las-impactantes-imagenes-del-tornado-de-fuego-que-devoro-un-bosque-en-turquia\/#article\",\"isPartOf\":{\"@id\":\"https:\/\/gysfm.com.ar\/inicio\/las-impactantes-imagenes-del-tornado-de-fuego-que-devoro-un-bosque-en-turquia\/\"},\"author\":{\"name\":\"Prensa G&amp;S FM\",\"@id\":\"https:\/\/gysfm.com.ar\/inicio\/#\/schema\/person\/3abba7593ef2ad19e1be221d54383dc5\"},\"headline\":\"Las impactantes im\u00e1genes del tornado de fuego que devor\u00f3 un bosque en Turqu\u00eda\",\"datePublished\":\"2025-07-23T15:58:06+00:00\",\"dateModified\":\"2025-07-23T15:58:07+00:00\",\"mainEntityOfPage\":{\"@id\":\"https:\/\/gysfm.com.ar\/inicio\/las-impactantes-imagenes-del-tornado-de-fuego-que-devoro-un-bosque-en-turquia\/\"},\"wordCount\":439,\"publisher\":{\"@id\":\"https:\/\/gysfm.com.ar\/inicio\/#organization\"},\"image\":{\"@id\":\"https:\/\/gysfm.com.ar\/inicio\/las-impactantes-imagenes-del-tornado-de-fuego-que-devoro-un-bosque-en-turquia\/#primaryimage\"},\"thumbnailUrl\":\"https:\/\/gysfm.com.ar\/inicio\/wp-content\/uploads\/2025\/07\/los-bomberos-luchaban-el-martes-contra-el-SLJVDUMNTZFS5CZO5MT2BQZQNA.png\",\"articleSection\":[\"INTERNACIONALES\"],\"inLanguage\":\"es\"},{\"@type\":\"WebPage\",\"@id\":\"https:\/\/gysfm.com.ar\/inicio\/las-impactantes-imagenes-del-tornado-de-fuego-que-devoro-un-bosque-en-turquia\/\",\"url\":\"https:\/\/gysfm.com.ar\/inicio\/las-impactantes-imagenes-del-tornado-de-fuego-que-devoro-un-bosque-en-turquia\/\",\"name\":\"Las impactantes im\u00e1genes del tornado de fuego que devor\u00f3 un bosque en Turqu\u00eda - GYS NOTICIAS |\",\"isPartOf\":{\"@id\":\"https:\/\/gysfm.com.ar\/inicio\/#website\"},\"primaryImageOfPage\":{\"@id\":\"https:\/\/gysfm.com.ar\/inicio\/las-impactantes-imagenes-del-tornado-de-fuego-que-devoro-un-bosque-en-turquia\/#primaryimage\"},\"image\":{\"@id\":\"https:\/\/gysfm.com.ar\/inicio\/las-impactantes-imagenes-del-tornado-de-fuego-que-devoro-un-bosque-en-turquia\/#primaryimage\"},\"thumbnailUrl\":\"https:\/\/gysfm.com.ar\/inicio\/wp-content\/uploads\/2025\/07\/los-bomberos-luchaban-el-martes-contra-el-SLJVDUMNTZFS5CZO5MT2BQZQNA.png\",\"datePublished\":\"2025-07-23T15:58:06+00:00\",\"dateModified\":\"2025-07-23T15:58:07+00:00\",\"breadcrumb\":{\"@id\":\"https:\/\/gysfm.com.ar\/inicio\/las-impactantes-imagenes-del-tornado-de-fuego-que-devoro-un-bosque-en-turquia\/#breadcrumb\"},\"inLanguage\":\"es\",\"potentialAction\":[{\"@type\":\"ReadAction\",\"target\":[\"https:\/\/gysfm.com.ar\/inicio\/las-impactantes-imagenes-del-tornado-de-fuego-que-devoro-un-bosque-en-turquia\/\"]}]},{\"@type\":\"ImageObject\",\"inLanguage\":\"es\",\"@id\":\"https:\/\/gysfm.com.ar\/inicio\/las-impactantes-imagenes-del-tornado-de-fuego-que-devoro-un-bosque-en-turquia\/#primaryimage\",\"url\":\"https:\/\/gysfm.com.ar\/inicio\/wp-content\/uploads\/2025\/07\/los-bomberos-luchaban-el-martes-contra-el-SLJVDUMNTZFS5CZO5MT2BQZQNA.png\",\"contentUrl\":\"https:\/\/gysfm.com.ar\/inicio\/wp-content\/uploads\/2025\/07\/los-bomberos-luchaban-el-martes-contra-el-SLJVDUMNTZFS5CZO5MT2BQZQNA.png\",\"width\":1200,\"height\":1555},{\"@type\":\"BreadcrumbList\",\"@id\":\"https:\/\/gysfm.com.ar\/inicio\/las-impactantes-imagenes-del-tornado-de-fuego-que-devoro-un-bosque-en-turquia\/#breadcrumb\",\"itemListElement\":[{\"@type\":\"ListItem\",\"position\":1,\"name\":\"Portada\",\"item\":\"https:\/\/gysfm.com.ar\/inicio\/\"},{\"@type\":\"ListItem\",\"position\":2,\"name\":\"Las impactantes im\u00e1genes del tornado de fuego que devor\u00f3 un bosque en Turqu\u00eda\"}]},{\"@type\":\"WebSite\",\"@id\":\"https:\/\/gysfm.com.ar\/inicio\/#website\",\"url\":\"https:\/\/gysfm.com.ar\/inicio\/\",\"name\":\"GYS NOTICIAS |\",\"description\":\"DIARIO - RADIO ONLINE SAN JUAN ARGENTINA\",\"publisher\":{\"@id\":\"https:\/\/gysfm.com.ar\/inicio\/#organization\"},\"potentialAction\":[{\"@type\":\"SearchAction\",\"target\":{\"@type\":\"EntryPoint\",\"urlTemplate\":\"https:\/\/gysfm.com.ar\/inicio\/?s={search_term_string}\"},\"query-input\":{\"@type\":\"PropertyValueSpecification\",\"valueRequired\":true,\"valueName\":\"search_term_string\"}}],\"inLanguage\":\"es\"},{\"@type\":\"Organization\",\"@id\":\"https:\/\/gysfm.com.ar\/inicio\/#organization\",\"name\":\"GYS NOTICIAS |\",\"url\":\"https:\/\/gysfm.com.ar\/inicio\/\",\"logo\":{\"@type\":\"ImageObject\",\"inLanguage\":\"es\",\"@id\":\"https:\/\/gysfm.com.ar\/inicio\/#\/schema\/logo\/image\/\",\"url\":\"https:\/\/gysfm.com.ar\/inicio\/wp-content\/uploads\/2023\/07\/LOGOGYS-OK.png\",\"contentUrl\":\"https:\/\/gysfm.com.ar\/inicio\/wp-content\/uploads\/2023\/07\/LOGOGYS-OK.png\",\"width\":1170,\"height\":872,\"caption\":\"GYS NOTICIAS |\"},\"image\":{\"@id\":\"https:\/\/gysfm.com.ar\/inicio\/#\/schema\/logo\/image\/\"}},{\"@type\":\"Person\",\"@id\":\"https:\/\/gysfm.com.ar\/inicio\/#\/schema\/person\/3abba7593ef2ad19e1be221d54383dc5\",\"name\":\"Prensa G&amp;S FM\",\"image\":{\"@type\":\"ImageObject\",\"inLanguage\":\"es\",\"@id\":\"https:\/\/gysfm.com.ar\/inicio\/#\/schema\/person\/image\/\",\"url\":\"https:\/\/secure.gravatar.com\/avatar\/096ec78df02049ab018702bb4ccedf659377fa92a26540b5247612077a0dbd29?s=96&d=mm&r=g\",\"contentUrl\":\"https:\/\/secure.gravatar.com\/avatar\/096ec78df02049ab018702bb4ccedf659377fa92a26540b5247612077a0dbd29?s=96&d=mm&r=g\",\"caption\":\"Prensa G&amp;S FM\"},\"sameAs\":[\"https:\/\/gysfm.com.ar\/\"],\"url\":\"https:\/\/gysfm.com.ar\/inicio\/author\/lucasm\/\"}]}<\/script>\n<!-- \/ Yoast SEO plugin. -->","yoast_head_json":{"title":"Las impactantes im\u00e1genes del tornado de fuego que devor\u00f3 un bosque en Turqu\u00eda - GYS NOTICIAS |","robots":{"index":"index","follow":"follow","max-snippet":"max-snippet:-1","max-image-preview":"max-image-preview:large","max-video-preview":"max-video-preview:-1"},"canonical":"https:\/\/gysfm.com.ar\/inicio\/las-impactantes-imagenes-del-tornado-de-fuego-que-devoro-un-bosque-en-turquia\/","og_locale":"es_ES","og_type":"article","og_title":"Las impactantes im\u00e1genes del tornado de fuego que devor\u00f3 un bosque en Turqu\u00eda - GYS NOTICIAS |","og_description":"En medio de temperaturas r\u00e9cord estivales, los incendios forestales contin\u00faan arrasando los bosques de Turqu\u00eda. En uno de los focos, activo desde hace cuatro d\u00edas en la provincia de Sakarya -ubicada en el noroeste de ese pa\u00eds-, se origin\u00f3 un impresionante tornado de fuego. LN+ difundi\u00f3 im\u00e1genes de este fen\u00f3meno inusual en que el fuego [&hellip;]","og_url":"https:\/\/gysfm.com.ar\/inicio\/las-impactantes-imagenes-del-tornado-de-fuego-que-devoro-un-bosque-en-turquia\/","og_site_name":"GYS NOTICIAS |","article_published_time":"2025-07-23T15:58:06+00:00","article_modified_time":"2025-07-23T15:58:07+00:00","og_image":[{"width":1200,"height":1555,"url":"https:\/\/gysfm.com.ar\/inicio\/wp-content\/uploads\/2025\/07\/los-bomberos-luchaban-el-martes-contra-el-SLJVDUMNTZFS5CZO5MT2BQZQNA.png","type":"image\/png"}],"author":"Prensa G&amp;S FM","twitter_card":"summary_large_image","twitter_misc":{"Escrito por":"Prensa G&amp;S FM","Tiempo de lectura":"2 minutos"},"schema":{"@context":"https:\/\/schema.org","@graph":[{"@type":"Article","@id":"https:\/\/gysfm.com.ar\/inicio\/las-impactantes-imagenes-del-tornado-de-fuego-que-devoro-un-bosque-en-turquia\/#article","isPartOf":{"@id":"https:\/\/gysfm.com.ar\/inicio\/las-impactantes-imagenes-del-tornado-de-fuego-que-devoro-un-bosque-en-turquia\/"},"author":{"name":"Prensa G&amp;S FM","@id":"https:\/\/gysfm.com.ar\/inicio\/#\/schema\/person\/3abba7593ef2ad19e1be221d54383dc5"},"headline":"Las impactantes im\u00e1genes del tornado de fuego que devor\u00f3 un bosque en Turqu\u00eda","datePublished":"2025-07-23T15:58:06+00:00","dateModified":"2025-07-23T15:58:07+00:00","mainEntityOfPage":{"@id":"https:\/\/gysfm.com.ar\/inicio\/las-impactantes-imagenes-del-tornado-de-fuego-que-devoro-un-bosque-en-turquia\/"},"wordCount":439,"publisher":{"@id":"https:\/\/gysfm.com.ar\/inicio\/#organization"},"image":{"@id":"https:\/\/gysfm.com.ar\/inicio\/las-impactantes-imagenes-del-tornado-de-fuego-que-devoro-un-bosque-en-turquia\/#primaryimage"},"thumbnailUrl":"https:\/\/gysfm.com.ar\/inicio\/wp-content\/uploads\/2025\/07\/los-bomberos-luchaban-el-martes-contra-el-SLJVDUMNTZFS5CZO5MT2BQZQNA.png","articleSection":["INTERNACIONALES"],"inLanguage":"es"},{"@type":"WebPage","@id":"https:\/\/gysfm.com.ar\/inicio\/las-impactantes-imagenes-del-tornado-de-fuego-que-devoro-un-bosque-en-turquia\/","url":"https:\/\/gysfm.com.ar\/inicio\/las-impactantes-imagenes-del-tornado-de-fuego-que-devoro-un-bosque-en-turquia\/","name":"Las impactantes im\u00e1genes del tornado de fuego que devor\u00f3 un bosque en Turqu\u00eda - GYS NOTICIAS |","isPartOf":{"@id":"https:\/\/gysfm.com.ar\/inicio\/#website"},"primaryImageOfPage":{"@id":"https:\/\/gysfm.com.ar\/inicio\/las-impactantes-imagenes-del-tornado-de-fuego-que-devoro-un-bosque-en-turquia\/#primaryimage"},"image":{"@id":"https:\/\/gysfm.com.ar\/inicio\/las-impactantes-imagenes-del-tornado-de-fuego-que-devoro-un-bosque-en-turquia\/#primaryimage"},"thumbnailUrl":"https:\/\/gysfm.com.ar\/inicio\/wp-content\/uploads\/2025\/07\/los-bomberos-luchaban-el-martes-contra-el-SLJVDUMNTZFS5CZO5MT2BQZQNA.png","datePublished":"2025-07-23T15:58:06+00:00","dateModified":"2025-07-23T15:58:07+00:00","breadcrumb":{"@id":"https:\/\/gysfm.com.ar\/inicio\/las-impactantes-imagenes-del-tornado-de-fuego-que-devoro-un-bosque-en-turquia\/#breadcrumb"},"inLanguage":"es","potentialAction":[{"@type":"ReadAction","target":["https:\/\/gysfm.com.ar\/inicio\/las-impactantes-imagenes-del-tornado-de-fuego-que-devoro-un-bosque-en-turquia\/"]}]},{"@type":"ImageObject","inLanguage":"es","@id":"https:\/\/gysfm.com.ar\/inicio\/las-impactantes-imagenes-del-tornado-de-fuego-que-devoro-un-bosque-en-turquia\/#primaryimage","url":"https:\/\/gysfm.com.ar\/inicio\/wp-content\/uploads\/2025\/07\/los-bomberos-luchaban-el-martes-contra-el-SLJVDUMNTZFS5CZO5MT2BQZQNA.png","contentUrl":"https:\/\/gysfm.com.ar\/inicio\/wp-content\/uploads\/2025\/07\/los-bomberos-luchaban-el-martes-contra-el-SLJVDUMNTZFS5CZO5MT2BQZQNA.png","width":1200,"height":1555},{"@type":"BreadcrumbList","@id":"https:\/\/gysfm.com.ar\/inicio\/las-impactantes-imagenes-del-tornado-de-fuego-que-devoro-un-bosque-en-turquia\/#breadcrumb","itemListElement":[{"@type":"ListItem","position":1,"name":"Portada","item":"https:\/\/gysfm.com.ar\/inicio\/"},{"@type":"ListItem","position":2,"name":"Las impactantes im\u00e1genes del tornado de fuego que devor\u00f3 un bosque en Turqu\u00eda"}]},{"@type":"WebSite","@id":"https:\/\/gysfm.com.ar\/inicio\/#website","url":"https:\/\/gysfm.com.ar\/inicio\/","name":"GYS NOTICIAS |","description":"DIARIO - RADIO ONLINE SAN JUAN ARGENTINA","publisher":{"@id":"https:\/\/gysfm.com.ar\/inicio\/#organization"},"potentialAction":[{"@type":"SearchAction","target":{"@type":"EntryPoint","urlTemplate":"https:\/\/gysfm.com.ar\/inicio\/?s={search_term_string}"},"query-input":{"@type":"PropertyValueSpecification","valueRequired":true,"valueName":"search_term_string"}}],"inLanguage":"es"},{"@type":"Organization","@id":"https:\/\/gysfm.com.ar\/inicio\/#organization","name":"GYS NOTICIAS |","url":"https:\/\/gysfm.com.ar\/inicio\/","logo":{"@type":"ImageObject","inLanguage":"es","@id":"https:\/\/gysfm.com.ar\/inicio\/#\/schema\/logo\/image\/","url":"https:\/\/gysfm.com.ar\/inicio\/wp-content\/uploads\/2023\/07\/LOGOGYS-OK.png","contentUrl":"https:\/\/gysfm.com.ar\/inicio\/wp-content\/uploads\/2023\/07\/LOGOGYS-OK.png","width":1170,"height":872,"caption":"GYS NOTICIAS |"},"image":{"@id":"https:\/\/gysfm.com.ar\/inicio\/#\/schema\/logo\/image\/"}},{"@type":"Person","@id":"https:\/\/gysfm.com.ar\/inicio\/#\/schema\/person\/3abba7593ef2ad19e1be221d54383dc5","name":"Prensa G&amp;S FM","image":{"@type":"ImageObject","inLanguage":"es","@id":"https:\/\/gysfm.com.ar\/inicio\/#\/schema\/person\/image\/","url":"https:\/\/secure.gravatar.com\/avatar\/096ec78df02049ab018702bb4ccedf659377fa92a26540b5247612077a0dbd29?s=96&d=mm&r=g","contentUrl":"https:\/\/secure.gravatar.com\/avatar\/096ec78df02049ab018702bb4ccedf659377fa92a26540b5247612077a0dbd29?s=96&d=mm&r=g","caption":"Prensa G&amp;S FM"},"sameAs":["https:\/\/gysfm.com.ar\/"],"url":"https:\/\/gysfm.com.ar\/inicio\/author\/lucasm\/"}]}},"_links":{"self":[{"href":"https:\/\/gysfm.com.ar\/inicio\/wp-json\/wp\/v2\/posts\/138704","targetHints":{"allow":["GET"]}}],"collection":[{"href":"https:\/\/gysfm.com.ar\/inicio\/wp-json\/wp\/v2\/posts"}],"about":[{"href":"https:\/\/gysfm.com.ar\/inicio\/wp-json\/wp\/v2\/types\/post"}],"author":[{"embeddable":true,"href":"https:\/\/gysfm.com.ar\/inicio\/wp-json\/wp\/v2\/users\/2"}],"replies":[{"embeddable":true,"href":"https:\/\/gysfm.com.ar\/inicio\/wp-json\/wp\/v2\/comments?post=138704"}],"version-history":[{"count":1,"href":"https:\/\/gysfm.com.ar\/inicio\/wp-json\/wp\/v2\/posts\/138704\/revisions"}],"predecessor-version":[{"id":138706,"href":"https:\/\/gysfm.com.ar\/inicio\/wp-json\/wp\/v2\/posts\/138704\/revisions\/138706"}],"wp:featuredmedia":[{"embeddable":true,"href":"https:\/\/gysfm.com.ar\/inicio\/wp-json\/wp\/v2\/media\/138705"}],"wp:attachment":[{"href":"https:\/\/gysfm.com.ar\/inicio\/wp-json\/wp\/v2\/media?parent=138704"}],"wp:term":[{"taxonomy":"category","embeddable":true,"href":"https:\/\/gysfm.com.ar\/inicio\/wp-json\/wp\/v2\/categories?post=138704"},{"taxonomy":"post_tag","embeddable":true,"href":"https:\/\/gysfm.com.ar\/inicio\/wp-json\/wp\/v2\/tags?post=138704"}],"curies":[{"name":"wp","href":"https:\/\/api.w.org\/{rel}","templated":true}]}}