{"id":138697,"date":"2025-07-23T12:06:43","date_gmt":"2025-07-23T15:06:43","guid":{"rendered":"https:\/\/gysfm.com.ar\/inicio\/la-interna-en-la-libertad-avanza-arde-tras-el-cierre-de-listas\/"},"modified":"2025-07-23T12:06:43","modified_gmt":"2025-07-23T15:06:43","slug":"la-interna-en-la-libertad-avanza-arde-tras-el-cierre-de-listas","status":"publish","type":"post","link":"https:\/\/gysfm.com.ar\/inicio\/la-interna-en-la-libertad-avanza-arde-tras-el-cierre-de-listas\/","title":{"rendered":"La interna en La Libertad Avanza arde tras el cierre de listas"},"content":{"rendered":"<p><\/p>\n<div id=\"article-content\">\n<p>A m\u00e1s de 48 horas del <a target=\"_blank\" href=\"https:\/\/www.perfil.com\/noticias\/politica\/uno-por-uno-los-candidatos-del-frente-libertad-avanza-en-la-provincia-el-triunfo-de-la-tropa-de-pareja-macristas-libertarios-y-ex-funcion.phtml\"><strong>cierre de listas de la provincia de Buenos Aires<\/strong><\/a>, las heridas y la tensi\u00f3n forman parte del clima de La Libertad Avanza. Con dos sectores, el que encabezan los Menem y Sebasti\u00e1n Pareja frente al de <strong>Santiago Caputo<\/strong>, con enormes distancias y sin hoja de ruta de reconciliaci\u00f3n. <\/p>\n<p>Fuentes libertarias reconocen ante <strong>PERFIL <\/strong>que ser\u00e1 dif\u00edcil que exista en el corto plazo una convivencia pac\u00edfica. Sobre todo tras los \u00faltimos movimientos de la militancia digital, que sali\u00f3 a pegarle de lleno a Pareja. Los twitteros libertarios m\u00e1s activos, adem\u00e1s de difundir noticias sobre <a target=\"_blank\" href=\"https:\/\/www.perfil.com\/noticias\/politica\/cae-la-imagen-de-javier-milei-y-la-evaluacion-del-gobierno.phtml\"><strong>Javier Milei<\/strong><\/a>, impulsan y difunden actividades de los integrantes de <a target=\"_blank\" href=\"https:\/\/noticias.perfil.com\/noticias\/politica\/las-fuerzas-del-cielo-como-funciona-la-guardia-pretoriana-de-milei.phtml\"><strong>Las Fuerzas del Cielo<\/strong><\/a>, la agrupaci\u00f3n juvenil que se mueve bajo la \u00f3rbita del asesor presidencial y tiene a Agust\u00edn Romo, legislador provincial, y Nahuel Sotelo, secretario de Culto y Civilizaci\u00f3n, como principales referentes. <\/p>\n<p>Por caso, distintas cuentas, como la de \u00abTraductor te ama\u00bb, no solo insult\u00f3 al titular del espacio violeta de la Provincia: tambi\u00e9n record\u00f3 con un video que eligi\u00f3 para conformar la lista a Pablo Morillo, quien en alg\u00fan momento defini\u00f3 a Axel Kicillof como \u00abuno de los cuadros pol\u00edticos m\u00e1s importantes de la Argentina\u00bb.<\/p>\n<div class=\"subscription\">\n<p>\n        Esto no les gusta a los autoritarios\n    <\/p>\n<div class=\"subscription__container\">\n<div class=\"subscription__text-wrapper\">\n<p>\n                El ejercicio del periodismo profesional y cr\u00edtico es un pilar fundamental de la democracia. Por eso molesta a quienes creen ser los due\u00f1os de la verdad.\n            <\/p>\n<\/p><\/div><\/div>\n<\/div>\n<p class=\"destacadoNota\"><a target=\"_blank\" href=\"https:\/\/www.perfil.com\/noticias\/economia\/reidel.phtml\">El plan secreto de Demian Reidel, el hombre nuclear de Milei que sue\u00f1a con la IA y que \u00abrenunci\u00f3\u00bb a pedido de Karina<\/a><\/p>\n<p>El presidente del partido libertario y armador territorial vio los movimientos en redes sociales. Tambi\u00e9n observ\u00f3 la aparici\u00f3n en la agenda p\u00fablica de noticias sobre la licitaci\u00f3n de la empresa de la familia Menem, Tech Security, con el Banco Naci\u00f3n. Pero no quiere salir a confrontar, seg\u00fan comentan en LLA. <\/p>\n<p>Desde la fuerza de la provincia de Buenos Aires creen que el cierre de listas, en el que la dirigencia de Las Fuerzas del Cielo qued\u00f3 totalmente marginada en las boletas (pese a contar con nombres disponibles), dej\u00f3 como conclusi\u00f3n que <strong>Karina Milei<\/strong> eligi\u00f3 a un sector para hacer pol\u00edtica (el que encarnan Mart\u00edn y Eduardo Menem en t\u00e1ndem con Pareja), y al asesor a cargo de la gesti\u00f3n y con el control de \u00e1reas sensibles del Gobierno, como el ministerio de Justicia o la agencia de recaudaci\u00f3n tributaria, adem\u00e1s de tener influencia en la secretaria de inteligencia. <\/p>\n<p>En torno a la campa\u00f1a, todav\u00eda restan reuniones, como reconocen coordinadores de secciones electorales, para comenzar a estructurar todos los detalles de las actividades proselitistas. Esperan se\u00f1ales de parte de la c\u00fapula para los pr\u00f3ximos d\u00edas. Eso s\u00ed: se encargan de destacar que el equipo de fiscales, compuesto por 40 mil personas, est\u00e1 disponible y no hay dependencia del PRO. <\/p>\n<p>Gi<\/p>\n<\/p><\/div>\n<p><script>\n                !function(f,b,e,v,n,t,s)\n                {if(f.fbq)return;n=f.fbq=function(){n.callMethod?\n                    n.callMethod.apply(n,arguments):n.queue.push(arguments)};\n                    if(!f._fbq)f._fbq=n;n.push=n;n.loaded=!0;n.version='2.0';\n                    n.queue=[];t=b.createElement(e);t.async=!0;\n                    t.src=v;s=b.getElementsByTagName(e)[0];\n                    s.parentNode.insertBefore(t,s)}(window, document,'script',\n                    'https:\/\/connect.facebook.net\/en_US\/fbevents.js');\n                window.paywallConfig.facebook_pixel=\"1000228364089342\"\n            <\/script><\/p>\n","protected":false},"excerpt":{"rendered":"<p>A m\u00e1s de 48 horas del cierre de listas de la provincia de Buenos Aires, las heridas y la tensi\u00f3n forman parte del clima de La Libertad Avanza. Con dos sectores, el que encabezan los Menem y Sebasti\u00e1n Pareja frente al de Santiago Caputo, con enormes distancias y sin hoja de ruta de reconciliaci\u00f3n. Fuentes [&hellip;]<\/p>\n","protected":false},"author":2,"featured_media":128030,"comment_status":"closed","ping_status":"closed","sticky":false,"template":"","format":"standard","meta":{"footnotes":""},"categories":[25],"tags":[],"class_list":["post-138697","post","type-post","status-publish","format-standard","has-post-thumbnail","hentry","category-nacionales"],"yoast_head":"<!-- This site is optimized with the Yoast SEO plugin v24.4 - https:\/\/yoast.com\/wordpress\/plugins\/seo\/ -->\n<title>La interna en La Libertad Avanza arde tras el cierre de listas - GYS NOTICIAS |<\/title>\n<meta name=\"robots\" content=\"index, follow, max-snippet:-1, max-image-preview:large, max-video-preview:-1\" \/>\n<link rel=\"canonical\" href=\"https:\/\/gysfm.com.ar\/inicio\/la-interna-en-la-libertad-avanza-arde-tras-el-cierre-de-listas\/\" \/>\n<meta property=\"og:locale\" content=\"es_ES\" \/>\n<meta property=\"og:type\" content=\"article\" \/>\n<meta property=\"og:title\" content=\"La interna en La Libertad Avanza arde tras el cierre de listas - GYS NOTICIAS |\" \/>\n<meta property=\"og:description\" content=\"A m\u00e1s de 48 horas del cierre de listas de la provincia de Buenos Aires, las heridas y la tensi\u00f3n forman parte del clima de La Libertad Avanza. Con dos sectores, el que encabezan los Menem y Sebasti\u00e1n Pareja frente al de Santiago Caputo, con enormes distancias y sin hoja de ruta de reconciliaci\u00f3n. Fuentes [&hellip;]\" \/>\n<meta property=\"og:url\" content=\"https:\/\/gysfm.com.ar\/inicio\/la-interna-en-la-libertad-avanza-arde-tras-el-cierre-de-listas\/\" \/>\n<meta property=\"og:site_name\" content=\"GYS NOTICIAS |\" \/>\n<meta property=\"article:published_time\" content=\"2025-07-23T15:06:43+00:00\" \/>\n<meta name=\"author\" content=\"Prensa G&amp;S FM\" \/>\n<meta name=\"twitter:card\" content=\"summary_large_image\" \/>\n<meta name=\"twitter:label1\" content=\"Escrito por\" \/>\n\t<meta name=\"twitter:data1\" content=\"Prensa G&amp;S FM\" \/>\n\t<meta name=\"twitter:label2\" content=\"Tiempo de lectura\" \/>\n\t<meta name=\"twitter:data2\" content=\"2 minutos\" \/>\n<script type=\"application\/ld+json\" class=\"yoast-schema-graph\">{\"@context\":\"https:\/\/schema.org\",\"@graph\":[{\"@type\":\"Article\",\"@id\":\"https:\/\/gysfm.com.ar\/inicio\/la-interna-en-la-libertad-avanza-arde-tras-el-cierre-de-listas\/#article\",\"isPartOf\":{\"@id\":\"https:\/\/gysfm.com.ar\/inicio\/la-interna-en-la-libertad-avanza-arde-tras-el-cierre-de-listas\/\"},\"author\":{\"name\":\"Prensa G&amp;S FM\",\"@id\":\"https:\/\/gysfm.com.ar\/inicio\/#\/schema\/person\/3abba7593ef2ad19e1be221d54383dc5\"},\"headline\":\"La interna en La Libertad Avanza arde tras el cierre de listas\",\"datePublished\":\"2025-07-23T15:06:43+00:00\",\"mainEntityOfPage\":{\"@id\":\"https:\/\/gysfm.com.ar\/inicio\/la-interna-en-la-libertad-avanza-arde-tras-el-cierre-de-listas\/\"},\"wordCount\":509,\"publisher\":{\"@id\":\"https:\/\/gysfm.com.ar\/inicio\/#organization\"},\"image\":{\"@id\":\"https:\/\/gysfm.com.ar\/inicio\/la-interna-en-la-libertad-avanza-arde-tras-el-cierre-de-listas\/#primaryimage\"},\"thumbnailUrl\":\"https:\/\/gysfm.com.ar\/inicio\/wp-content\/uploads\/2025\/06\/karina-milei-y-santiago-caputo-2015741.jpg\",\"articleSection\":[\"NACIONALES\"],\"inLanguage\":\"es\"},{\"@type\":\"WebPage\",\"@id\":\"https:\/\/gysfm.com.ar\/inicio\/la-interna-en-la-libertad-avanza-arde-tras-el-cierre-de-listas\/\",\"url\":\"https:\/\/gysfm.com.ar\/inicio\/la-interna-en-la-libertad-avanza-arde-tras-el-cierre-de-listas\/\",\"name\":\"La interna en La Libertad Avanza arde tras el cierre de listas - GYS NOTICIAS |\",\"isPartOf\":{\"@id\":\"https:\/\/gysfm.com.ar\/inicio\/#website\"},\"primaryImageOfPage\":{\"@id\":\"https:\/\/gysfm.com.ar\/inicio\/la-interna-en-la-libertad-avanza-arde-tras-el-cierre-de-listas\/#primaryimage\"},\"image\":{\"@id\":\"https:\/\/gysfm.com.ar\/inicio\/la-interna-en-la-libertad-avanza-arde-tras-el-cierre-de-listas\/#primaryimage\"},\"thumbnailUrl\":\"https:\/\/gysfm.com.ar\/inicio\/wp-content\/uploads\/2025\/06\/karina-milei-y-santiago-caputo-2015741.jpg\",\"datePublished\":\"2025-07-23T15:06:43+00:00\",\"breadcrumb\":{\"@id\":\"https:\/\/gysfm.com.ar\/inicio\/la-interna-en-la-libertad-avanza-arde-tras-el-cierre-de-listas\/#breadcrumb\"},\"inLanguage\":\"es\",\"potentialAction\":[{\"@type\":\"ReadAction\",\"target\":[\"https:\/\/gysfm.com.ar\/inicio\/la-interna-en-la-libertad-avanza-arde-tras-el-cierre-de-listas\/\"]}]},{\"@type\":\"ImageObject\",\"inLanguage\":\"es\",\"@id\":\"https:\/\/gysfm.com.ar\/inicio\/la-interna-en-la-libertad-avanza-arde-tras-el-cierre-de-listas\/#primaryimage\",\"url\":\"https:\/\/gysfm.com.ar\/inicio\/wp-content\/uploads\/2025\/06\/karina-milei-y-santiago-caputo-2015741.jpg\",\"contentUrl\":\"https:\/\/gysfm.com.ar\/inicio\/wp-content\/uploads\/2025\/06\/karina-milei-y-santiago-caputo-2015741.jpg\",\"width\":1140,\"height\":641},{\"@type\":\"BreadcrumbList\",\"@id\":\"https:\/\/gysfm.com.ar\/inicio\/la-interna-en-la-libertad-avanza-arde-tras-el-cierre-de-listas\/#breadcrumb\",\"itemListElement\":[{\"@type\":\"ListItem\",\"position\":1,\"name\":\"Portada\",\"item\":\"https:\/\/gysfm.com.ar\/inicio\/\"},{\"@type\":\"ListItem\",\"position\":2,\"name\":\"La interna en La Libertad Avanza arde tras el cierre de listas\"}]},{\"@type\":\"WebSite\",\"@id\":\"https:\/\/gysfm.com.ar\/inicio\/#website\",\"url\":\"https:\/\/gysfm.com.ar\/inicio\/\",\"name\":\"GYS NOTICIAS |\",\"description\":\"DIARIO - RADIO ONLINE SAN JUAN ARGENTINA\",\"publisher\":{\"@id\":\"https:\/\/gysfm.com.ar\/inicio\/#organization\"},\"potentialAction\":[{\"@type\":\"SearchAction\",\"target\":{\"@type\":\"EntryPoint\",\"urlTemplate\":\"https:\/\/gysfm.com.ar\/inicio\/?s={search_term_string}\"},\"query-input\":{\"@type\":\"PropertyValueSpecification\",\"valueRequired\":true,\"valueName\":\"search_term_string\"}}],\"inLanguage\":\"es\"},{\"@type\":\"Organization\",\"@id\":\"https:\/\/gysfm.com.ar\/inicio\/#organization\",\"name\":\"GYS NOTICIAS |\",\"url\":\"https:\/\/gysfm.com.ar\/inicio\/\",\"logo\":{\"@type\":\"ImageObject\",\"inLanguage\":\"es\",\"@id\":\"https:\/\/gysfm.com.ar\/inicio\/#\/schema\/logo\/image\/\",\"url\":\"https:\/\/gysfm.com.ar\/inicio\/wp-content\/uploads\/2023\/07\/LOGOGYS-OK.png\",\"contentUrl\":\"https:\/\/gysfm.com.ar\/inicio\/wp-content\/uploads\/2023\/07\/LOGOGYS-OK.png\",\"width\":1170,\"height\":872,\"caption\":\"GYS NOTICIAS |\"},\"image\":{\"@id\":\"https:\/\/gysfm.com.ar\/inicio\/#\/schema\/logo\/image\/\"}},{\"@type\":\"Person\",\"@id\":\"https:\/\/gysfm.com.ar\/inicio\/#\/schema\/person\/3abba7593ef2ad19e1be221d54383dc5\",\"name\":\"Prensa G&amp;S FM\",\"image\":{\"@type\":\"ImageObject\",\"inLanguage\":\"es\",\"@id\":\"https:\/\/gysfm.com.ar\/inicio\/#\/schema\/person\/image\/\",\"url\":\"https:\/\/secure.gravatar.com\/avatar\/096ec78df02049ab018702bb4ccedf659377fa92a26540b5247612077a0dbd29?s=96&d=mm&r=g\",\"contentUrl\":\"https:\/\/secure.gravatar.com\/avatar\/096ec78df02049ab018702bb4ccedf659377fa92a26540b5247612077a0dbd29?s=96&d=mm&r=g\",\"caption\":\"Prensa G&amp;S FM\"},\"sameAs\":[\"https:\/\/gysfm.com.ar\/\"],\"url\":\"https:\/\/gysfm.com.ar\/inicio\/author\/lucasm\/\"}]}<\/script>\n<!-- \/ Yoast SEO plugin. -->","yoast_head_json":{"title":"La interna en La Libertad Avanza arde tras el cierre de listas - GYS NOTICIAS |","robots":{"index":"index","follow":"follow","max-snippet":"max-snippet:-1","max-image-preview":"max-image-preview:large","max-video-preview":"max-video-preview:-1"},"canonical":"https:\/\/gysfm.com.ar\/inicio\/la-interna-en-la-libertad-avanza-arde-tras-el-cierre-de-listas\/","og_locale":"es_ES","og_type":"article","og_title":"La interna en La Libertad Avanza arde tras el cierre de listas - GYS NOTICIAS |","og_description":"A m\u00e1s de 48 horas del cierre de listas de la provincia de Buenos Aires, las heridas y la tensi\u00f3n forman parte del clima de La Libertad Avanza. Con dos sectores, el que encabezan los Menem y Sebasti\u00e1n Pareja frente al de Santiago Caputo, con enormes distancias y sin hoja de ruta de reconciliaci\u00f3n. Fuentes [&hellip;]","og_url":"https:\/\/gysfm.com.ar\/inicio\/la-interna-en-la-libertad-avanza-arde-tras-el-cierre-de-listas\/","og_site_name":"GYS NOTICIAS |","article_published_time":"2025-07-23T15:06:43+00:00","author":"Prensa G&amp;S FM","twitter_card":"summary_large_image","twitter_misc":{"Escrito por":"Prensa G&amp;S FM","Tiempo de lectura":"2 minutos"},"schema":{"@context":"https:\/\/schema.org","@graph":[{"@type":"Article","@id":"https:\/\/gysfm.com.ar\/inicio\/la-interna-en-la-libertad-avanza-arde-tras-el-cierre-de-listas\/#article","isPartOf":{"@id":"https:\/\/gysfm.com.ar\/inicio\/la-interna-en-la-libertad-avanza-arde-tras-el-cierre-de-listas\/"},"author":{"name":"Prensa G&amp;S FM","@id":"https:\/\/gysfm.com.ar\/inicio\/#\/schema\/person\/3abba7593ef2ad19e1be221d54383dc5"},"headline":"La interna en La Libertad Avanza arde tras el cierre de listas","datePublished":"2025-07-23T15:06:43+00:00","mainEntityOfPage":{"@id":"https:\/\/gysfm.com.ar\/inicio\/la-interna-en-la-libertad-avanza-arde-tras-el-cierre-de-listas\/"},"wordCount":509,"publisher":{"@id":"https:\/\/gysfm.com.ar\/inicio\/#organization"},"image":{"@id":"https:\/\/gysfm.com.ar\/inicio\/la-interna-en-la-libertad-avanza-arde-tras-el-cierre-de-listas\/#primaryimage"},"thumbnailUrl":"https:\/\/gysfm.com.ar\/inicio\/wp-content\/uploads\/2025\/06\/karina-milei-y-santiago-caputo-2015741.jpg","articleSection":["NACIONALES"],"inLanguage":"es"},{"@type":"WebPage","@id":"https:\/\/gysfm.com.ar\/inicio\/la-interna-en-la-libertad-avanza-arde-tras-el-cierre-de-listas\/","url":"https:\/\/gysfm.com.ar\/inicio\/la-interna-en-la-libertad-avanza-arde-tras-el-cierre-de-listas\/","name":"La interna en La Libertad Avanza arde tras el cierre de listas - GYS NOTICIAS |","isPartOf":{"@id":"https:\/\/gysfm.com.ar\/inicio\/#website"},"primaryImageOfPage":{"@id":"https:\/\/gysfm.com.ar\/inicio\/la-interna-en-la-libertad-avanza-arde-tras-el-cierre-de-listas\/#primaryimage"},"image":{"@id":"https:\/\/gysfm.com.ar\/inicio\/la-interna-en-la-libertad-avanza-arde-tras-el-cierre-de-listas\/#primaryimage"},"thumbnailUrl":"https:\/\/gysfm.com.ar\/inicio\/wp-content\/uploads\/2025\/06\/karina-milei-y-santiago-caputo-2015741.jpg","datePublished":"2025-07-23T15:06:43+00:00","breadcrumb":{"@id":"https:\/\/gysfm.com.ar\/inicio\/la-interna-en-la-libertad-avanza-arde-tras-el-cierre-de-listas\/#breadcrumb"},"inLanguage":"es","potentialAction":[{"@type":"ReadAction","target":["https:\/\/gysfm.com.ar\/inicio\/la-interna-en-la-libertad-avanza-arde-tras-el-cierre-de-listas\/"]}]},{"@type":"ImageObject","inLanguage":"es","@id":"https:\/\/gysfm.com.ar\/inicio\/la-interna-en-la-libertad-avanza-arde-tras-el-cierre-de-listas\/#primaryimage","url":"https:\/\/gysfm.com.ar\/inicio\/wp-content\/uploads\/2025\/06\/karina-milei-y-santiago-caputo-2015741.jpg","contentUrl":"https:\/\/gysfm.com.ar\/inicio\/wp-content\/uploads\/2025\/06\/karina-milei-y-santiago-caputo-2015741.jpg","width":1140,"height":641},{"@type":"BreadcrumbList","@id":"https:\/\/gysfm.com.ar\/inicio\/la-interna-en-la-libertad-avanza-arde-tras-el-cierre-de-listas\/#breadcrumb","itemListElement":[{"@type":"ListItem","position":1,"name":"Portada","item":"https:\/\/gysfm.com.ar\/inicio\/"},{"@type":"ListItem","position":2,"name":"La interna en La Libertad Avanza arde tras el cierre de listas"}]},{"@type":"WebSite","@id":"https:\/\/gysfm.com.ar\/inicio\/#website","url":"https:\/\/gysfm.com.ar\/inicio\/","name":"GYS NOTICIAS |","description":"DIARIO - RADIO ONLINE SAN JUAN ARGENTINA","publisher":{"@id":"https:\/\/gysfm.com.ar\/inicio\/#organization"},"potentialAction":[{"@type":"SearchAction","target":{"@type":"EntryPoint","urlTemplate":"https:\/\/gysfm.com.ar\/inicio\/?s={search_term_string}"},"query-input":{"@type":"PropertyValueSpecification","valueRequired":true,"valueName":"search_term_string"}}],"inLanguage":"es"},{"@type":"Organization","@id":"https:\/\/gysfm.com.ar\/inicio\/#organization","name":"GYS NOTICIAS |","url":"https:\/\/gysfm.com.ar\/inicio\/","logo":{"@type":"ImageObject","inLanguage":"es","@id":"https:\/\/gysfm.com.ar\/inicio\/#\/schema\/logo\/image\/","url":"https:\/\/gysfm.com.ar\/inicio\/wp-content\/uploads\/2023\/07\/LOGOGYS-OK.png","contentUrl":"https:\/\/gysfm.com.ar\/inicio\/wp-content\/uploads\/2023\/07\/LOGOGYS-OK.png","width":1170,"height":872,"caption":"GYS NOTICIAS |"},"image":{"@id":"https:\/\/gysfm.com.ar\/inicio\/#\/schema\/logo\/image\/"}},{"@type":"Person","@id":"https:\/\/gysfm.com.ar\/inicio\/#\/schema\/person\/3abba7593ef2ad19e1be221d54383dc5","name":"Prensa G&amp;S FM","image":{"@type":"ImageObject","inLanguage":"es","@id":"https:\/\/gysfm.com.ar\/inicio\/#\/schema\/person\/image\/","url":"https:\/\/secure.gravatar.com\/avatar\/096ec78df02049ab018702bb4ccedf659377fa92a26540b5247612077a0dbd29?s=96&d=mm&r=g","contentUrl":"https:\/\/secure.gravatar.com\/avatar\/096ec78df02049ab018702bb4ccedf659377fa92a26540b5247612077a0dbd29?s=96&d=mm&r=g","caption":"Prensa G&amp;S FM"},"sameAs":["https:\/\/gysfm.com.ar\/"],"url":"https:\/\/gysfm.com.ar\/inicio\/author\/lucasm\/"}]}},"_links":{"self":[{"href":"https:\/\/gysfm.com.ar\/inicio\/wp-json\/wp\/v2\/posts\/138697","targetHints":{"allow":["GET"]}}],"collection":[{"href":"https:\/\/gysfm.com.ar\/inicio\/wp-json\/wp\/v2\/posts"}],"about":[{"href":"https:\/\/gysfm.com.ar\/inicio\/wp-json\/wp\/v2\/types\/post"}],"author":[{"embeddable":true,"href":"https:\/\/gysfm.com.ar\/inicio\/wp-json\/wp\/v2\/users\/2"}],"replies":[{"embeddable":true,"href":"https:\/\/gysfm.com.ar\/inicio\/wp-json\/wp\/v2\/comments?post=138697"}],"version-history":[{"count":0,"href":"https:\/\/gysfm.com.ar\/inicio\/wp-json\/wp\/v2\/posts\/138697\/revisions"}],"wp:featuredmedia":[{"embeddable":true,"href":"https:\/\/gysfm.com.ar\/inicio\/wp-json\/wp\/v2\/media\/128030"}],"wp:attachment":[{"href":"https:\/\/gysfm.com.ar\/inicio\/wp-json\/wp\/v2\/media?parent=138697"}],"wp:term":[{"taxonomy":"category","embeddable":true,"href":"https:\/\/gysfm.com.ar\/inicio\/wp-json\/wp\/v2\/categories?post=138697"},{"taxonomy":"post_tag","embeddable":true,"href":"https:\/\/gysfm.com.ar\/inicio\/wp-json\/wp\/v2\/tags?post=138697"}],"curies":[{"name":"wp","href":"https:\/\/api.w.org\/{rel}","templated":true}]}}