{"id":138692,"date":"2025-07-23T11:48:48","date_gmt":"2025-07-23T14:48:48","guid":{"rendered":"https:\/\/gysfm.com.ar\/inicio\/fuerte-comunicado-contra-el-influencer-sanjuanino-haru-que-banaliza-el-tdah\/"},"modified":"2025-07-23T11:48:48","modified_gmt":"2025-07-23T14:48:48","slug":"fuerte-comunicado-contra-el-influencer-sanjuanino-haru-que-banaliza-el-tdah","status":"publish","type":"post","link":"https:\/\/gysfm.com.ar\/inicio\/fuerte-comunicado-contra-el-influencer-sanjuanino-haru-que-banaliza-el-tdah\/","title":{"rendered":"Fuerte comunicado contra el influencer sanjuanino Haru que banaliza el TDAH"},"content":{"rendered":"<p> <br \/>\n<\/p>\n<div>\n<div class=\"force_768\">\n<p>El influencer sanjuanino conocido como Haru (@haru_zg) fue cuestionado p\u00fablicamente por la Asociaci\u00f3n Civil Autismo San Juan y la Comunidad Alas Naranja TDAH, tras la difusi\u00f3n de un video en redes sociales que, seg\u00fan denunciaron, banaliza el Trastorno por D\u00e9ficit de Atenci\u00f3n con Hiperactividad (TDAH) para promocionar un emprendimiento gastron\u00f3mico.<\/p>\n<p>El contenido fue producido en colaboraci\u00f3n con la parrillada La Gulera y gener\u00f3 la reacci\u00f3n de ambas organizaciones, que difundieron un comunicado conjunto expresando su \u201cprofunda preocupaci\u00f3n\u201d por el enfoque utilizado en la pieza audiovisual.<\/p>\n<p><amp-instagram data-shortcode=\"DK22h0XuFYw\" width=\"1\" height=\"1\" layout=\"responsive\"\/><\/p>\n<p>En el texto, las entidades locales se\u00f1alaron que el video \u201cbanaliza una condici\u00f3n real del neurodesarrollo, reproduce estereotipos y refuerza miradas err\u00f3neas sobre las personas que conviven con el TDAH, el autismo u otras condiciones similares\u201d.<\/p>\n<p>Adem\u00e1s, hicieron un llamado al creador de contenido a \u201creflexionar y formarse con respeto y responsabilidad sobre discapacidad, autismo y neurodivergencias\u201d. Tambi\u00e9n instaron a la empresa involucrada a revisar sus estrategias de comunicaci\u00f3n, especialmente si se presentan como un espacio inclusivo.<\/p>\n<p>\u201cEl concepto de inclusi\u00f3n no puede reducirse a una campa\u00f1a con estereotipos ni a burlas disfrazadas de humor\u201d, expresaron. Y a\u00f1adieron: \u201cLa verdadera inclusi\u00f3n se construye con empat\u00eda, respeto y acciones concretas\u201d.<\/p>\n<p>El comunicado concluy\u00f3 con un mensaje enf\u00e1tico: \u201cLas personas con TDAH, autismo y otras condiciones del neurodesarrollo merecen ser visibilizadas desde la dignidad, no desde el chiste f\u00e1cil. La inclusi\u00f3n no se declama: se practica\u201d.<\/p>\n<p>Hasta el momento, ni el influencer ni la parrillada involucrada emitieron comentarios p\u00fablicos sobre el comunicado ni realizaron aclaraciones a trav\u00e9s de sus canales oficiales.<\/p>\n<p>\u00a0<\/p>\n<\/div>\n<\/div>\n\n","protected":false},"excerpt":{"rendered":"<p>El influencer sanjuanino conocido como Haru (@haru_zg) fue cuestionado p\u00fablicamente por la Asociaci\u00f3n Civil Autismo San Juan y la Comunidad Alas Naranja TDAH, tras la difusi\u00f3n de un video en redes sociales que, seg\u00fan denunciaron, banaliza el Trastorno por D\u00e9ficit de Atenci\u00f3n con Hiperactividad (TDAH) para promocionar un emprendimiento gastron\u00f3mico. El contenido fue producido en [&hellip;]<\/p>\n","protected":false},"author":2,"featured_media":138693,"comment_status":"closed","ping_status":"closed","sticky":false,"template":"","format":"standard","meta":{"footnotes":""},"categories":[35],"tags":[],"class_list":["post-138692","post","type-post","status-publish","format-standard","has-post-thumbnail","hentry","category-san-juan"],"yoast_head":"<!-- This site is optimized with the Yoast SEO plugin v24.4 - https:\/\/yoast.com\/wordpress\/plugins\/seo\/ -->\n<title>Fuerte comunicado contra el influencer sanjuanino Haru que banaliza el TDAH - GYS NOTICIAS |<\/title>\n<meta name=\"robots\" content=\"index, follow, max-snippet:-1, max-image-preview:large, max-video-preview:-1\" \/>\n<link rel=\"canonical\" href=\"https:\/\/gysfm.com.ar\/inicio\/fuerte-comunicado-contra-el-influencer-sanjuanino-haru-que-banaliza-el-tdah\/\" \/>\n<meta property=\"og:locale\" content=\"es_ES\" \/>\n<meta property=\"og:type\" content=\"article\" \/>\n<meta property=\"og:title\" content=\"Fuerte comunicado contra el influencer sanjuanino Haru que banaliza el TDAH - GYS NOTICIAS |\" \/>\n<meta property=\"og:description\" content=\"El influencer sanjuanino conocido como Haru (@haru_zg) fue cuestionado p\u00fablicamente por la Asociaci\u00f3n Civil Autismo San Juan y la Comunidad Alas Naranja TDAH, tras la difusi\u00f3n de un video en redes sociales que, seg\u00fan denunciaron, banaliza el Trastorno por D\u00e9ficit de Atenci\u00f3n con Hiperactividad (TDAH) para promocionar un emprendimiento gastron\u00f3mico. El contenido fue producido en [&hellip;]\" \/>\n<meta property=\"og:url\" content=\"https:\/\/gysfm.com.ar\/inicio\/fuerte-comunicado-contra-el-influencer-sanjuanino-haru-que-banaliza-el-tdah\/\" \/>\n<meta property=\"og:site_name\" content=\"GYS NOTICIAS |\" \/>\n<meta property=\"article:published_time\" content=\"2025-07-23T14:48:48+00:00\" \/>\n<meta name=\"author\" content=\"Prensa G&amp;S FM\" \/>\n<meta name=\"twitter:card\" content=\"summary_large_image\" \/>\n<meta name=\"twitter:label1\" content=\"Escrito por\" \/>\n\t<meta name=\"twitter:data1\" content=\"Prensa G&amp;S FM\" \/>\n\t<meta name=\"twitter:label2\" content=\"Tiempo de lectura\" \/>\n\t<meta name=\"twitter:data2\" content=\"1 minuto\" \/>\n<script type=\"application\/ld+json\" class=\"yoast-schema-graph\">{\"@context\":\"https:\/\/schema.org\",\"@graph\":[{\"@type\":\"Article\",\"@id\":\"https:\/\/gysfm.com.ar\/inicio\/fuerte-comunicado-contra-el-influencer-sanjuanino-haru-que-banaliza-el-tdah\/#article\",\"isPartOf\":{\"@id\":\"https:\/\/gysfm.com.ar\/inicio\/fuerte-comunicado-contra-el-influencer-sanjuanino-haru-que-banaliza-el-tdah\/\"},\"author\":{\"name\":\"Prensa G&amp;S FM\",\"@id\":\"https:\/\/gysfm.com.ar\/inicio\/#\/schema\/person\/3abba7593ef2ad19e1be221d54383dc5\"},\"headline\":\"Fuerte comunicado contra el influencer sanjuanino Haru que banaliza el TDAH\",\"datePublished\":\"2025-07-23T14:48:48+00:00\",\"mainEntityOfPage\":{\"@id\":\"https:\/\/gysfm.com.ar\/inicio\/fuerte-comunicado-contra-el-influencer-sanjuanino-haru-que-banaliza-el-tdah\/\"},\"wordCount\":294,\"publisher\":{\"@id\":\"https:\/\/gysfm.com.ar\/inicio\/#organization\"},\"image\":{\"@id\":\"https:\/\/gysfm.com.ar\/inicio\/fuerte-comunicado-contra-el-influencer-sanjuanino-haru-que-banaliza-el-tdah\/#primaryimage\"},\"thumbnailUrl\":\"https:\/\/gysfm.com.ar\/inicio\/wp-content\/uploads\/2025\/07\/1753271818446.jpg\",\"articleSection\":[\"SAN JUAN\"],\"inLanguage\":\"es\"},{\"@type\":\"WebPage\",\"@id\":\"https:\/\/gysfm.com.ar\/inicio\/fuerte-comunicado-contra-el-influencer-sanjuanino-haru-que-banaliza-el-tdah\/\",\"url\":\"https:\/\/gysfm.com.ar\/inicio\/fuerte-comunicado-contra-el-influencer-sanjuanino-haru-que-banaliza-el-tdah\/\",\"name\":\"Fuerte comunicado contra el influencer sanjuanino Haru que banaliza el TDAH - GYS NOTICIAS |\",\"isPartOf\":{\"@id\":\"https:\/\/gysfm.com.ar\/inicio\/#website\"},\"primaryImageOfPage\":{\"@id\":\"https:\/\/gysfm.com.ar\/inicio\/fuerte-comunicado-contra-el-influencer-sanjuanino-haru-que-banaliza-el-tdah\/#primaryimage\"},\"image\":{\"@id\":\"https:\/\/gysfm.com.ar\/inicio\/fuerte-comunicado-contra-el-influencer-sanjuanino-haru-que-banaliza-el-tdah\/#primaryimage\"},\"thumbnailUrl\":\"https:\/\/gysfm.com.ar\/inicio\/wp-content\/uploads\/2025\/07\/1753271818446.jpg\",\"datePublished\":\"2025-07-23T14:48:48+00:00\",\"breadcrumb\":{\"@id\":\"https:\/\/gysfm.com.ar\/inicio\/fuerte-comunicado-contra-el-influencer-sanjuanino-haru-que-banaliza-el-tdah\/#breadcrumb\"},\"inLanguage\":\"es\",\"potentialAction\":[{\"@type\":\"ReadAction\",\"target\":[\"https:\/\/gysfm.com.ar\/inicio\/fuerte-comunicado-contra-el-influencer-sanjuanino-haru-que-banaliza-el-tdah\/\"]}]},{\"@type\":\"ImageObject\",\"inLanguage\":\"es\",\"@id\":\"https:\/\/gysfm.com.ar\/inicio\/fuerte-comunicado-contra-el-influencer-sanjuanino-haru-que-banaliza-el-tdah\/#primaryimage\",\"url\":\"https:\/\/gysfm.com.ar\/inicio\/wp-content\/uploads\/2025\/07\/1753271818446.jpg\",\"contentUrl\":\"https:\/\/gysfm.com.ar\/inicio\/wp-content\/uploads\/2025\/07\/1753271818446.jpg\",\"width\":600,\"height\":315},{\"@type\":\"BreadcrumbList\",\"@id\":\"https:\/\/gysfm.com.ar\/inicio\/fuerte-comunicado-contra-el-influencer-sanjuanino-haru-que-banaliza-el-tdah\/#breadcrumb\",\"itemListElement\":[{\"@type\":\"ListItem\",\"position\":1,\"name\":\"Portada\",\"item\":\"https:\/\/gysfm.com.ar\/inicio\/\"},{\"@type\":\"ListItem\",\"position\":2,\"name\":\"Fuerte comunicado contra el influencer sanjuanino Haru que banaliza el TDAH\"}]},{\"@type\":\"WebSite\",\"@id\":\"https:\/\/gysfm.com.ar\/inicio\/#website\",\"url\":\"https:\/\/gysfm.com.ar\/inicio\/\",\"name\":\"GYS NOTICIAS |\",\"description\":\"DIARIO - RADIO ONLINE SAN JUAN ARGENTINA\",\"publisher\":{\"@id\":\"https:\/\/gysfm.com.ar\/inicio\/#organization\"},\"potentialAction\":[{\"@type\":\"SearchAction\",\"target\":{\"@type\":\"EntryPoint\",\"urlTemplate\":\"https:\/\/gysfm.com.ar\/inicio\/?s={search_term_string}\"},\"query-input\":{\"@type\":\"PropertyValueSpecification\",\"valueRequired\":true,\"valueName\":\"search_term_string\"}}],\"inLanguage\":\"es\"},{\"@type\":\"Organization\",\"@id\":\"https:\/\/gysfm.com.ar\/inicio\/#organization\",\"name\":\"GYS NOTICIAS |\",\"url\":\"https:\/\/gysfm.com.ar\/inicio\/\",\"logo\":{\"@type\":\"ImageObject\",\"inLanguage\":\"es\",\"@id\":\"https:\/\/gysfm.com.ar\/inicio\/#\/schema\/logo\/image\/\",\"url\":\"https:\/\/gysfm.com.ar\/inicio\/wp-content\/uploads\/2023\/07\/LOGOGYS-OK.png\",\"contentUrl\":\"https:\/\/gysfm.com.ar\/inicio\/wp-content\/uploads\/2023\/07\/LOGOGYS-OK.png\",\"width\":1170,\"height\":872,\"caption\":\"GYS NOTICIAS |\"},\"image\":{\"@id\":\"https:\/\/gysfm.com.ar\/inicio\/#\/schema\/logo\/image\/\"}},{\"@type\":\"Person\",\"@id\":\"https:\/\/gysfm.com.ar\/inicio\/#\/schema\/person\/3abba7593ef2ad19e1be221d54383dc5\",\"name\":\"Prensa G&amp;S FM\",\"image\":{\"@type\":\"ImageObject\",\"inLanguage\":\"es\",\"@id\":\"https:\/\/gysfm.com.ar\/inicio\/#\/schema\/person\/image\/\",\"url\":\"https:\/\/secure.gravatar.com\/avatar\/096ec78df02049ab018702bb4ccedf659377fa92a26540b5247612077a0dbd29?s=96&d=mm&r=g\",\"contentUrl\":\"https:\/\/secure.gravatar.com\/avatar\/096ec78df02049ab018702bb4ccedf659377fa92a26540b5247612077a0dbd29?s=96&d=mm&r=g\",\"caption\":\"Prensa G&amp;S FM\"},\"sameAs\":[\"https:\/\/gysfm.com.ar\/\"],\"url\":\"https:\/\/gysfm.com.ar\/inicio\/author\/lucasm\/\"}]}<\/script>\n<!-- \/ Yoast SEO plugin. -->","yoast_head_json":{"title":"Fuerte comunicado contra el influencer sanjuanino Haru que banaliza el TDAH - GYS NOTICIAS |","robots":{"index":"index","follow":"follow","max-snippet":"max-snippet:-1","max-image-preview":"max-image-preview:large","max-video-preview":"max-video-preview:-1"},"canonical":"https:\/\/gysfm.com.ar\/inicio\/fuerte-comunicado-contra-el-influencer-sanjuanino-haru-que-banaliza-el-tdah\/","og_locale":"es_ES","og_type":"article","og_title":"Fuerte comunicado contra el influencer sanjuanino Haru que banaliza el TDAH - GYS NOTICIAS |","og_description":"El influencer sanjuanino conocido como Haru (@haru_zg) fue cuestionado p\u00fablicamente por la Asociaci\u00f3n Civil Autismo San Juan y la Comunidad Alas Naranja TDAH, tras la difusi\u00f3n de un video en redes sociales que, seg\u00fan denunciaron, banaliza el Trastorno por D\u00e9ficit de Atenci\u00f3n con Hiperactividad (TDAH) para promocionar un emprendimiento gastron\u00f3mico. El contenido fue producido en [&hellip;]","og_url":"https:\/\/gysfm.com.ar\/inicio\/fuerte-comunicado-contra-el-influencer-sanjuanino-haru-que-banaliza-el-tdah\/","og_site_name":"GYS NOTICIAS |","article_published_time":"2025-07-23T14:48:48+00:00","author":"Prensa G&amp;S FM","twitter_card":"summary_large_image","twitter_misc":{"Escrito por":"Prensa G&amp;S FM","Tiempo de lectura":"1 minuto"},"schema":{"@context":"https:\/\/schema.org","@graph":[{"@type":"Article","@id":"https:\/\/gysfm.com.ar\/inicio\/fuerte-comunicado-contra-el-influencer-sanjuanino-haru-que-banaliza-el-tdah\/#article","isPartOf":{"@id":"https:\/\/gysfm.com.ar\/inicio\/fuerte-comunicado-contra-el-influencer-sanjuanino-haru-que-banaliza-el-tdah\/"},"author":{"name":"Prensa G&amp;S FM","@id":"https:\/\/gysfm.com.ar\/inicio\/#\/schema\/person\/3abba7593ef2ad19e1be221d54383dc5"},"headline":"Fuerte comunicado contra el influencer sanjuanino Haru que banaliza el TDAH","datePublished":"2025-07-23T14:48:48+00:00","mainEntityOfPage":{"@id":"https:\/\/gysfm.com.ar\/inicio\/fuerte-comunicado-contra-el-influencer-sanjuanino-haru-que-banaliza-el-tdah\/"},"wordCount":294,"publisher":{"@id":"https:\/\/gysfm.com.ar\/inicio\/#organization"},"image":{"@id":"https:\/\/gysfm.com.ar\/inicio\/fuerte-comunicado-contra-el-influencer-sanjuanino-haru-que-banaliza-el-tdah\/#primaryimage"},"thumbnailUrl":"https:\/\/gysfm.com.ar\/inicio\/wp-content\/uploads\/2025\/07\/1753271818446.jpg","articleSection":["SAN JUAN"],"inLanguage":"es"},{"@type":"WebPage","@id":"https:\/\/gysfm.com.ar\/inicio\/fuerte-comunicado-contra-el-influencer-sanjuanino-haru-que-banaliza-el-tdah\/","url":"https:\/\/gysfm.com.ar\/inicio\/fuerte-comunicado-contra-el-influencer-sanjuanino-haru-que-banaliza-el-tdah\/","name":"Fuerte comunicado contra el influencer sanjuanino Haru que banaliza el TDAH - GYS NOTICIAS |","isPartOf":{"@id":"https:\/\/gysfm.com.ar\/inicio\/#website"},"primaryImageOfPage":{"@id":"https:\/\/gysfm.com.ar\/inicio\/fuerte-comunicado-contra-el-influencer-sanjuanino-haru-que-banaliza-el-tdah\/#primaryimage"},"image":{"@id":"https:\/\/gysfm.com.ar\/inicio\/fuerte-comunicado-contra-el-influencer-sanjuanino-haru-que-banaliza-el-tdah\/#primaryimage"},"thumbnailUrl":"https:\/\/gysfm.com.ar\/inicio\/wp-content\/uploads\/2025\/07\/1753271818446.jpg","datePublished":"2025-07-23T14:48:48+00:00","breadcrumb":{"@id":"https:\/\/gysfm.com.ar\/inicio\/fuerte-comunicado-contra-el-influencer-sanjuanino-haru-que-banaliza-el-tdah\/#breadcrumb"},"inLanguage":"es","potentialAction":[{"@type":"ReadAction","target":["https:\/\/gysfm.com.ar\/inicio\/fuerte-comunicado-contra-el-influencer-sanjuanino-haru-que-banaliza-el-tdah\/"]}]},{"@type":"ImageObject","inLanguage":"es","@id":"https:\/\/gysfm.com.ar\/inicio\/fuerte-comunicado-contra-el-influencer-sanjuanino-haru-que-banaliza-el-tdah\/#primaryimage","url":"https:\/\/gysfm.com.ar\/inicio\/wp-content\/uploads\/2025\/07\/1753271818446.jpg","contentUrl":"https:\/\/gysfm.com.ar\/inicio\/wp-content\/uploads\/2025\/07\/1753271818446.jpg","width":600,"height":315},{"@type":"BreadcrumbList","@id":"https:\/\/gysfm.com.ar\/inicio\/fuerte-comunicado-contra-el-influencer-sanjuanino-haru-que-banaliza-el-tdah\/#breadcrumb","itemListElement":[{"@type":"ListItem","position":1,"name":"Portada","item":"https:\/\/gysfm.com.ar\/inicio\/"},{"@type":"ListItem","position":2,"name":"Fuerte comunicado contra el influencer sanjuanino Haru que banaliza el TDAH"}]},{"@type":"WebSite","@id":"https:\/\/gysfm.com.ar\/inicio\/#website","url":"https:\/\/gysfm.com.ar\/inicio\/","name":"GYS NOTICIAS |","description":"DIARIO - RADIO ONLINE SAN JUAN ARGENTINA","publisher":{"@id":"https:\/\/gysfm.com.ar\/inicio\/#organization"},"potentialAction":[{"@type":"SearchAction","target":{"@type":"EntryPoint","urlTemplate":"https:\/\/gysfm.com.ar\/inicio\/?s={search_term_string}"},"query-input":{"@type":"PropertyValueSpecification","valueRequired":true,"valueName":"search_term_string"}}],"inLanguage":"es"},{"@type":"Organization","@id":"https:\/\/gysfm.com.ar\/inicio\/#organization","name":"GYS NOTICIAS |","url":"https:\/\/gysfm.com.ar\/inicio\/","logo":{"@type":"ImageObject","inLanguage":"es","@id":"https:\/\/gysfm.com.ar\/inicio\/#\/schema\/logo\/image\/","url":"https:\/\/gysfm.com.ar\/inicio\/wp-content\/uploads\/2023\/07\/LOGOGYS-OK.png","contentUrl":"https:\/\/gysfm.com.ar\/inicio\/wp-content\/uploads\/2023\/07\/LOGOGYS-OK.png","width":1170,"height":872,"caption":"GYS NOTICIAS |"},"image":{"@id":"https:\/\/gysfm.com.ar\/inicio\/#\/schema\/logo\/image\/"}},{"@type":"Person","@id":"https:\/\/gysfm.com.ar\/inicio\/#\/schema\/person\/3abba7593ef2ad19e1be221d54383dc5","name":"Prensa G&amp;S FM","image":{"@type":"ImageObject","inLanguage":"es","@id":"https:\/\/gysfm.com.ar\/inicio\/#\/schema\/person\/image\/","url":"https:\/\/secure.gravatar.com\/avatar\/096ec78df02049ab018702bb4ccedf659377fa92a26540b5247612077a0dbd29?s=96&d=mm&r=g","contentUrl":"https:\/\/secure.gravatar.com\/avatar\/096ec78df02049ab018702bb4ccedf659377fa92a26540b5247612077a0dbd29?s=96&d=mm&r=g","caption":"Prensa G&amp;S FM"},"sameAs":["https:\/\/gysfm.com.ar\/"],"url":"https:\/\/gysfm.com.ar\/inicio\/author\/lucasm\/"}]}},"_links":{"self":[{"href":"https:\/\/gysfm.com.ar\/inicio\/wp-json\/wp\/v2\/posts\/138692","targetHints":{"allow":["GET"]}}],"collection":[{"href":"https:\/\/gysfm.com.ar\/inicio\/wp-json\/wp\/v2\/posts"}],"about":[{"href":"https:\/\/gysfm.com.ar\/inicio\/wp-json\/wp\/v2\/types\/post"}],"author":[{"embeddable":true,"href":"https:\/\/gysfm.com.ar\/inicio\/wp-json\/wp\/v2\/users\/2"}],"replies":[{"embeddable":true,"href":"https:\/\/gysfm.com.ar\/inicio\/wp-json\/wp\/v2\/comments?post=138692"}],"version-history":[{"count":0,"href":"https:\/\/gysfm.com.ar\/inicio\/wp-json\/wp\/v2\/posts\/138692\/revisions"}],"wp:featuredmedia":[{"embeddable":true,"href":"https:\/\/gysfm.com.ar\/inicio\/wp-json\/wp\/v2\/media\/138693"}],"wp:attachment":[{"href":"https:\/\/gysfm.com.ar\/inicio\/wp-json\/wp\/v2\/media?parent=138692"}],"wp:term":[{"taxonomy":"category","embeddable":true,"href":"https:\/\/gysfm.com.ar\/inicio\/wp-json\/wp\/v2\/categories?post=138692"},{"taxonomy":"post_tag","embeddable":true,"href":"https:\/\/gysfm.com.ar\/inicio\/wp-json\/wp\/v2\/tags?post=138692"}],"curies":[{"name":"wp","href":"https:\/\/api.w.org\/{rel}","templated":true}]}}