{"id":138690,"date":"2025-07-23T11:35:18","date_gmt":"2025-07-23T14:35:18","guid":{"rendered":"https:\/\/gysfm.com.ar\/inicio\/quien-es-la-candidata-libertaria-que-estuvo-afiliada-al-pj-y-tiene-una-foto-con-estela-de-carlotto\/"},"modified":"2025-07-23T11:35:18","modified_gmt":"2025-07-23T14:35:18","slug":"quien-es-la-candidata-libertaria-que-estuvo-afiliada-al-pj-y-tiene-una-foto-con-estela-de-carlotto","status":"publish","type":"post","link":"https:\/\/gysfm.com.ar\/inicio\/quien-es-la-candidata-libertaria-que-estuvo-afiliada-al-pj-y-tiene-una-foto-con-estela-de-carlotto\/","title":{"rendered":"Qui\u00e9n es la candidata libertaria que estuvo afiliada al PJ y tiene una foto con Estela de Carlotto"},"content":{"rendered":"<p><\/p>\n<div id=\"article-content\">\n<p>La sexta candidata elegida por La Libertad Avanza,<strong> <a target=\"_blank\" href=\"https:\/\/www.perfil.com\/noticias\/politica\/uno-por-uno-los-candidatos-del-frente-libertad-avanza-en-la-provincia-el-triunfo-de-la-tropa-de-pareja-macristas-libertarios-y-ex-funcion.phtml\">Claudia del Valle<\/a>,<\/strong> para disputarle al peronismo la Tercera Secci\u00f3n de la provincia de Buenos Aires encendi\u00f3 las alarmas libertarias por su pasado gremialista y su cercan\u00eda al kirchnerismo. <\/p>\n<p>La designada por el armador bonaerense<strong> <a target=\"_blank\" href=\"https:\/\/www.perfil.com\/noticias\/politica\/dudas-certezas-y-recelos-en-la-previa-del-congreso-de-lla-en-provincia.phtml\">Sebasti\u00e1n Pareja<\/a><\/strong><a target=\"_blank\" href=\"https:\/\/www.perfil.com\/noticias\/politica\/dudas-certezas-y-recelos-en-la-previa-del-congreso-de-lla-en-provincia.phtml\"> <\/a>se desempe\u00f1\u00f3 como inspectora distrital de la Uni\u00f3n del Personal Civil de la Naci\u00f3n (UPCN) de la localidad de Suipacha, y tuvo paso por el Ministerio de Educaci\u00f3n bonaerense y la Universidad de Mor\u00f3n. <\/p>\n<p>Su relaci\u00f3n con el peronismo se mantuvo hasta meses atr\u00e1s, cuando la C\u00e1mara Nacional Electoral rechaz\u00f3 su designaci\u00f3n dentro de la estructura de La Libertad Avanza en la provincia, dado que continuaba afiliada al frente del Partido Justicialista.<\/p>\n<div class=\"subscription\">\n<p>\n        Esto no les gusta a los autoritarios\n    <\/p>\n<div class=\"subscription__container\">\n<div class=\"subscription__text-wrapper\">\n<p>\n                El ejercicio del periodismo profesional y cr\u00edtico es un pilar fundamental de la democracia. Por eso molesta a quienes creen ser los due\u00f1os de la verdad.\n            <\/p>\n<\/p><\/div><\/div>\n<\/div>\n<p class=\"destacadoNota\"><a target=\"_blank\" href=\"https:\/\/www.perfil.com\/noticias\/politica\/uno-por-uno-los-candidatos-del-frente-libertad-avanza-en-la-provincia-el-triunfo-de-la-tropa-de-pareja-macristas-libertarios-y-ex-funcion.phtml\">Uno por uno, los candidatos del Frente Libertad Avanza en Provincia: el triunfo de Pareja, macristas libertarios y saltimbanquis<\/a><\/p>\n<p>Pese a su pasado, del Valle forma parte de la<strong> Escuela de Formaci\u00f3n de Dirigentes y Actores Pol\u00edticos (EFDAP)<\/strong> junto con Miriam Niveyro y es cercana al armador que responde a la secretaria general de la Presidencia, Karina Milei. <\/p>\n<p>La participaci\u00f3n pasada de la actual candidata en actividades que involucran a la titular de Abuelas de Plaza de Mayo, <strong>Estela de Carlotto,<\/strong> gener\u00f3 pol\u00e9mica en el sector libertario que se referencia en el asesor presidencial,<strong> Santiago Caputo,<\/strong> que no dud\u00f3 en expresarlo en redes sociales.<\/p>\n<p>\u00abBuenos d\u00edas Sebasti\u00e1n Pareja, hoy tambi\u00e9n segu\u00eds siendo un pelotudo y un hijo de puta. La de hoy va porque anoche te hiciste el canchero\u00bb, lo cuestion\u00f3 <strong>Esteban Glavinich,<\/strong> mejor conocido por su usuario en X, @TraductorTeAma, y sum\u00f3: \u00abLibertario linea Ej\u00e9rcito Revolucionario del Pueblo\u00bb.<\/p>\n<p style=\"text-align:center\"><picture><source media=\"(max-width: 440px)\" srcset=\"https:\/\/fotos.perfil.com\/\/2025\/07\/23\/440\/0\/claudia-del-valle-2066582.jpg?webp\"\/><source media=\"(max-width: 1019px)\" srcset=\"https:\/\/fotos.perfil.com\/\/2025\/07\/23\/712\/0\/claudia-del-valle-2066582.jpg?webp\"\/><img decoding=\"async\" style=\"max-width: 100%; width: 100%;\" alt=\"Claudia del Valle\" src=\"https:\/\/fotos.perfil.com\/\/2025\/07\/23\/900\/0\/claudia-del-valle-2066582.jpg?webp\" loading=\"lazy\"\/><\/picture><\/p>\n<p>Sin embargo, desde el parejismo tomaron la definici\u00f3n de evitar confrontar con los militantes virtuales, luego de que dejaron afuera del armado a los nombres propuestos por los referentes de Las Fuerzas del Cielo.  <\/p>\n<p>FL\/ff<\/p>\n<\/p><\/div>\n<p><script>\n                !function(f,b,e,v,n,t,s)\n                {if(f.fbq)return;n=f.fbq=function(){n.callMethod?\n                    n.callMethod.apply(n,arguments):n.queue.push(arguments)};\n                    if(!f._fbq)f._fbq=n;n.push=n;n.loaded=!0;n.version='2.0';\n                    n.queue=[];t=b.createElement(e);t.async=!0;\n                    t.src=v;s=b.getElementsByTagName(e)[0];\n                    s.parentNode.insertBefore(t,s)}(window, document,'script',\n                    'https:\/\/connect.facebook.net\/en_US\/fbevents.js');\n                window.paywallConfig.facebook_pixel=\"1000228364089342\"\n            <\/script><\/p>\n","protected":false},"excerpt":{"rendered":"<p>La sexta candidata elegida por La Libertad Avanza, Claudia del Valle, para disputarle al peronismo la Tercera Secci\u00f3n de la provincia de Buenos Aires encendi\u00f3 las alarmas libertarias por su pasado gremialista y su cercan\u00eda al kirchnerismo. La designada por el armador bonaerense Sebasti\u00e1n Pareja se desempe\u00f1\u00f3 como inspectora distrital de la Uni\u00f3n del Personal [&hellip;]<\/p>\n","protected":false},"author":2,"featured_media":138691,"comment_status":"closed","ping_status":"closed","sticky":false,"template":"","format":"standard","meta":{"footnotes":""},"categories":[25],"tags":[],"class_list":["post-138690","post","type-post","status-publish","format-standard","has-post-thumbnail","hentry","category-nacionales"],"yoast_head":"<!-- This site is optimized with the Yoast SEO plugin v24.4 - https:\/\/yoast.com\/wordpress\/plugins\/seo\/ -->\n<title>Qui\u00e9n es la candidata libertaria que estuvo afiliada al PJ y tiene una foto con Estela de Carlotto - GYS NOTICIAS |<\/title>\n<meta name=\"robots\" content=\"index, follow, max-snippet:-1, max-image-preview:large, max-video-preview:-1\" \/>\n<link rel=\"canonical\" href=\"https:\/\/gysfm.com.ar\/inicio\/quien-es-la-candidata-libertaria-que-estuvo-afiliada-al-pj-y-tiene-una-foto-con-estela-de-carlotto\/\" \/>\n<meta property=\"og:locale\" content=\"es_ES\" \/>\n<meta property=\"og:type\" content=\"article\" \/>\n<meta property=\"og:title\" content=\"Qui\u00e9n es la candidata libertaria que estuvo afiliada al PJ y tiene una foto con Estela de Carlotto - GYS NOTICIAS |\" \/>\n<meta property=\"og:description\" content=\"La sexta candidata elegida por La Libertad Avanza, Claudia del Valle, para disputarle al peronismo la Tercera Secci\u00f3n de la provincia de Buenos Aires encendi\u00f3 las alarmas libertarias por su pasado gremialista y su cercan\u00eda al kirchnerismo. La designada por el armador bonaerense Sebasti\u00e1n Pareja se desempe\u00f1\u00f3 como inspectora distrital de la Uni\u00f3n del Personal [&hellip;]\" \/>\n<meta property=\"og:url\" content=\"https:\/\/gysfm.com.ar\/inicio\/quien-es-la-candidata-libertaria-que-estuvo-afiliada-al-pj-y-tiene-una-foto-con-estela-de-carlotto\/\" \/>\n<meta property=\"og:site_name\" content=\"GYS NOTICIAS |\" \/>\n<meta property=\"article:published_time\" content=\"2025-07-23T14:35:18+00:00\" \/>\n<meta property=\"og:image\" content=\"https:\/\/fotos.perfil.com\/\/2025\/07\/23\/900\/0\/claudia-del-valle-2066582.jpg?webp\" \/>\n<meta name=\"author\" content=\"Prensa G&amp;S FM\" \/>\n<meta name=\"twitter:card\" content=\"summary_large_image\" \/>\n<meta name=\"twitter:label1\" content=\"Escrito por\" \/>\n\t<meta name=\"twitter:data1\" content=\"Prensa G&amp;S FM\" \/>\n\t<meta name=\"twitter:label2\" content=\"Tiempo de lectura\" \/>\n\t<meta name=\"twitter:data2\" content=\"2 minutos\" \/>\n<script type=\"application\/ld+json\" class=\"yoast-schema-graph\">{\"@context\":\"https:\/\/schema.org\",\"@graph\":[{\"@type\":\"Article\",\"@id\":\"https:\/\/gysfm.com.ar\/inicio\/quien-es-la-candidata-libertaria-que-estuvo-afiliada-al-pj-y-tiene-una-foto-con-estela-de-carlotto\/#article\",\"isPartOf\":{\"@id\":\"https:\/\/gysfm.com.ar\/inicio\/quien-es-la-candidata-libertaria-que-estuvo-afiliada-al-pj-y-tiene-una-foto-con-estela-de-carlotto\/\"},\"author\":{\"name\":\"Prensa G&amp;S FM\",\"@id\":\"https:\/\/gysfm.com.ar\/inicio\/#\/schema\/person\/3abba7593ef2ad19e1be221d54383dc5\"},\"headline\":\"Qui\u00e9n es la candidata libertaria que estuvo afiliada al PJ y tiene una foto con Estela de Carlotto\",\"datePublished\":\"2025-07-23T14:35:18+00:00\",\"mainEntityOfPage\":{\"@id\":\"https:\/\/gysfm.com.ar\/inicio\/quien-es-la-candidata-libertaria-que-estuvo-afiliada-al-pj-y-tiene-una-foto-con-estela-de-carlotto\/\"},\"wordCount\":377,\"publisher\":{\"@id\":\"https:\/\/gysfm.com.ar\/inicio\/#organization\"},\"image\":{\"@id\":\"https:\/\/gysfm.com.ar\/inicio\/quien-es-la-candidata-libertaria-que-estuvo-afiliada-al-pj-y-tiene-una-foto-con-estela-de-carlotto\/#primaryimage\"},\"thumbnailUrl\":\"https:\/\/gysfm.com.ar\/inicio\/wp-content\/uploads\/2025\/07\/claudia-del-valle-2066583.jpg\",\"articleSection\":[\"NACIONALES\"],\"inLanguage\":\"es\"},{\"@type\":\"WebPage\",\"@id\":\"https:\/\/gysfm.com.ar\/inicio\/quien-es-la-candidata-libertaria-que-estuvo-afiliada-al-pj-y-tiene-una-foto-con-estela-de-carlotto\/\",\"url\":\"https:\/\/gysfm.com.ar\/inicio\/quien-es-la-candidata-libertaria-que-estuvo-afiliada-al-pj-y-tiene-una-foto-con-estela-de-carlotto\/\",\"name\":\"Qui\u00e9n es la candidata libertaria que estuvo afiliada al PJ y tiene una foto con Estela de Carlotto - GYS NOTICIAS |\",\"isPartOf\":{\"@id\":\"https:\/\/gysfm.com.ar\/inicio\/#website\"},\"primaryImageOfPage\":{\"@id\":\"https:\/\/gysfm.com.ar\/inicio\/quien-es-la-candidata-libertaria-que-estuvo-afiliada-al-pj-y-tiene-una-foto-con-estela-de-carlotto\/#primaryimage\"},\"image\":{\"@id\":\"https:\/\/gysfm.com.ar\/inicio\/quien-es-la-candidata-libertaria-que-estuvo-afiliada-al-pj-y-tiene-una-foto-con-estela-de-carlotto\/#primaryimage\"},\"thumbnailUrl\":\"https:\/\/gysfm.com.ar\/inicio\/wp-content\/uploads\/2025\/07\/claudia-del-valle-2066583.jpg\",\"datePublished\":\"2025-07-23T14:35:18+00:00\",\"breadcrumb\":{\"@id\":\"https:\/\/gysfm.com.ar\/inicio\/quien-es-la-candidata-libertaria-que-estuvo-afiliada-al-pj-y-tiene-una-foto-con-estela-de-carlotto\/#breadcrumb\"},\"inLanguage\":\"es\",\"potentialAction\":[{\"@type\":\"ReadAction\",\"target\":[\"https:\/\/gysfm.com.ar\/inicio\/quien-es-la-candidata-libertaria-que-estuvo-afiliada-al-pj-y-tiene-una-foto-con-estela-de-carlotto\/\"]}]},{\"@type\":\"ImageObject\",\"inLanguage\":\"es\",\"@id\":\"https:\/\/gysfm.com.ar\/inicio\/quien-es-la-candidata-libertaria-que-estuvo-afiliada-al-pj-y-tiene-una-foto-con-estela-de-carlotto\/#primaryimage\",\"url\":\"https:\/\/gysfm.com.ar\/inicio\/wp-content\/uploads\/2025\/07\/claudia-del-valle-2066583.jpg\",\"contentUrl\":\"https:\/\/gysfm.com.ar\/inicio\/wp-content\/uploads\/2025\/07\/claudia-del-valle-2066583.jpg\",\"width\":1140,\"height\":641},{\"@type\":\"BreadcrumbList\",\"@id\":\"https:\/\/gysfm.com.ar\/inicio\/quien-es-la-candidata-libertaria-que-estuvo-afiliada-al-pj-y-tiene-una-foto-con-estela-de-carlotto\/#breadcrumb\",\"itemListElement\":[{\"@type\":\"ListItem\",\"position\":1,\"name\":\"Portada\",\"item\":\"https:\/\/gysfm.com.ar\/inicio\/\"},{\"@type\":\"ListItem\",\"position\":2,\"name\":\"Qui\u00e9n es la candidata libertaria que estuvo afiliada al PJ y tiene una foto con Estela de Carlotto\"}]},{\"@type\":\"WebSite\",\"@id\":\"https:\/\/gysfm.com.ar\/inicio\/#website\",\"url\":\"https:\/\/gysfm.com.ar\/inicio\/\",\"name\":\"GYS NOTICIAS |\",\"description\":\"DIARIO - RADIO ONLINE SAN JUAN ARGENTINA\",\"publisher\":{\"@id\":\"https:\/\/gysfm.com.ar\/inicio\/#organization\"},\"potentialAction\":[{\"@type\":\"SearchAction\",\"target\":{\"@type\":\"EntryPoint\",\"urlTemplate\":\"https:\/\/gysfm.com.ar\/inicio\/?s={search_term_string}\"},\"query-input\":{\"@type\":\"PropertyValueSpecification\",\"valueRequired\":true,\"valueName\":\"search_term_string\"}}],\"inLanguage\":\"es\"},{\"@type\":\"Organization\",\"@id\":\"https:\/\/gysfm.com.ar\/inicio\/#organization\",\"name\":\"GYS NOTICIAS |\",\"url\":\"https:\/\/gysfm.com.ar\/inicio\/\",\"logo\":{\"@type\":\"ImageObject\",\"inLanguage\":\"es\",\"@id\":\"https:\/\/gysfm.com.ar\/inicio\/#\/schema\/logo\/image\/\",\"url\":\"https:\/\/gysfm.com.ar\/inicio\/wp-content\/uploads\/2023\/07\/LOGOGYS-OK.png\",\"contentUrl\":\"https:\/\/gysfm.com.ar\/inicio\/wp-content\/uploads\/2023\/07\/LOGOGYS-OK.png\",\"width\":1170,\"height\":872,\"caption\":\"GYS NOTICIAS |\"},\"image\":{\"@id\":\"https:\/\/gysfm.com.ar\/inicio\/#\/schema\/logo\/image\/\"}},{\"@type\":\"Person\",\"@id\":\"https:\/\/gysfm.com.ar\/inicio\/#\/schema\/person\/3abba7593ef2ad19e1be221d54383dc5\",\"name\":\"Prensa G&amp;S FM\",\"image\":{\"@type\":\"ImageObject\",\"inLanguage\":\"es\",\"@id\":\"https:\/\/gysfm.com.ar\/inicio\/#\/schema\/person\/image\/\",\"url\":\"https:\/\/secure.gravatar.com\/avatar\/096ec78df02049ab018702bb4ccedf659377fa92a26540b5247612077a0dbd29?s=96&d=mm&r=g\",\"contentUrl\":\"https:\/\/secure.gravatar.com\/avatar\/096ec78df02049ab018702bb4ccedf659377fa92a26540b5247612077a0dbd29?s=96&d=mm&r=g\",\"caption\":\"Prensa G&amp;S FM\"},\"sameAs\":[\"https:\/\/gysfm.com.ar\/\"],\"url\":\"https:\/\/gysfm.com.ar\/inicio\/author\/lucasm\/\"}]}<\/script>\n<!-- \/ Yoast SEO plugin. -->","yoast_head_json":{"title":"Qui\u00e9n es la candidata libertaria que estuvo afiliada al PJ y tiene una foto con Estela de Carlotto - GYS NOTICIAS |","robots":{"index":"index","follow":"follow","max-snippet":"max-snippet:-1","max-image-preview":"max-image-preview:large","max-video-preview":"max-video-preview:-1"},"canonical":"https:\/\/gysfm.com.ar\/inicio\/quien-es-la-candidata-libertaria-que-estuvo-afiliada-al-pj-y-tiene-una-foto-con-estela-de-carlotto\/","og_locale":"es_ES","og_type":"article","og_title":"Qui\u00e9n es la candidata libertaria que estuvo afiliada al PJ y tiene una foto con Estela de Carlotto - GYS NOTICIAS |","og_description":"La sexta candidata elegida por La Libertad Avanza, Claudia del Valle, para disputarle al peronismo la Tercera Secci\u00f3n de la provincia de Buenos Aires encendi\u00f3 las alarmas libertarias por su pasado gremialista y su cercan\u00eda al kirchnerismo. La designada por el armador bonaerense Sebasti\u00e1n Pareja se desempe\u00f1\u00f3 como inspectora distrital de la Uni\u00f3n del Personal [&hellip;]","og_url":"https:\/\/gysfm.com.ar\/inicio\/quien-es-la-candidata-libertaria-que-estuvo-afiliada-al-pj-y-tiene-una-foto-con-estela-de-carlotto\/","og_site_name":"GYS NOTICIAS |","article_published_time":"2025-07-23T14:35:18+00:00","og_image":[{"url":"https:\/\/fotos.perfil.com\/\/2025\/07\/23\/900\/0\/claudia-del-valle-2066582.jpg?webp","type":"","width":"","height":""}],"author":"Prensa G&amp;S FM","twitter_card":"summary_large_image","twitter_misc":{"Escrito por":"Prensa G&amp;S FM","Tiempo de lectura":"2 minutos"},"schema":{"@context":"https:\/\/schema.org","@graph":[{"@type":"Article","@id":"https:\/\/gysfm.com.ar\/inicio\/quien-es-la-candidata-libertaria-que-estuvo-afiliada-al-pj-y-tiene-una-foto-con-estela-de-carlotto\/#article","isPartOf":{"@id":"https:\/\/gysfm.com.ar\/inicio\/quien-es-la-candidata-libertaria-que-estuvo-afiliada-al-pj-y-tiene-una-foto-con-estela-de-carlotto\/"},"author":{"name":"Prensa G&amp;S FM","@id":"https:\/\/gysfm.com.ar\/inicio\/#\/schema\/person\/3abba7593ef2ad19e1be221d54383dc5"},"headline":"Qui\u00e9n es la candidata libertaria que estuvo afiliada al PJ y tiene una foto con Estela de Carlotto","datePublished":"2025-07-23T14:35:18+00:00","mainEntityOfPage":{"@id":"https:\/\/gysfm.com.ar\/inicio\/quien-es-la-candidata-libertaria-que-estuvo-afiliada-al-pj-y-tiene-una-foto-con-estela-de-carlotto\/"},"wordCount":377,"publisher":{"@id":"https:\/\/gysfm.com.ar\/inicio\/#organization"},"image":{"@id":"https:\/\/gysfm.com.ar\/inicio\/quien-es-la-candidata-libertaria-que-estuvo-afiliada-al-pj-y-tiene-una-foto-con-estela-de-carlotto\/#primaryimage"},"thumbnailUrl":"https:\/\/gysfm.com.ar\/inicio\/wp-content\/uploads\/2025\/07\/claudia-del-valle-2066583.jpg","articleSection":["NACIONALES"],"inLanguage":"es"},{"@type":"WebPage","@id":"https:\/\/gysfm.com.ar\/inicio\/quien-es-la-candidata-libertaria-que-estuvo-afiliada-al-pj-y-tiene-una-foto-con-estela-de-carlotto\/","url":"https:\/\/gysfm.com.ar\/inicio\/quien-es-la-candidata-libertaria-que-estuvo-afiliada-al-pj-y-tiene-una-foto-con-estela-de-carlotto\/","name":"Qui\u00e9n es la candidata libertaria que estuvo afiliada al PJ y tiene una foto con Estela de Carlotto - GYS NOTICIAS |","isPartOf":{"@id":"https:\/\/gysfm.com.ar\/inicio\/#website"},"primaryImageOfPage":{"@id":"https:\/\/gysfm.com.ar\/inicio\/quien-es-la-candidata-libertaria-que-estuvo-afiliada-al-pj-y-tiene-una-foto-con-estela-de-carlotto\/#primaryimage"},"image":{"@id":"https:\/\/gysfm.com.ar\/inicio\/quien-es-la-candidata-libertaria-que-estuvo-afiliada-al-pj-y-tiene-una-foto-con-estela-de-carlotto\/#primaryimage"},"thumbnailUrl":"https:\/\/gysfm.com.ar\/inicio\/wp-content\/uploads\/2025\/07\/claudia-del-valle-2066583.jpg","datePublished":"2025-07-23T14:35:18+00:00","breadcrumb":{"@id":"https:\/\/gysfm.com.ar\/inicio\/quien-es-la-candidata-libertaria-que-estuvo-afiliada-al-pj-y-tiene-una-foto-con-estela-de-carlotto\/#breadcrumb"},"inLanguage":"es","potentialAction":[{"@type":"ReadAction","target":["https:\/\/gysfm.com.ar\/inicio\/quien-es-la-candidata-libertaria-que-estuvo-afiliada-al-pj-y-tiene-una-foto-con-estela-de-carlotto\/"]}]},{"@type":"ImageObject","inLanguage":"es","@id":"https:\/\/gysfm.com.ar\/inicio\/quien-es-la-candidata-libertaria-que-estuvo-afiliada-al-pj-y-tiene-una-foto-con-estela-de-carlotto\/#primaryimage","url":"https:\/\/gysfm.com.ar\/inicio\/wp-content\/uploads\/2025\/07\/claudia-del-valle-2066583.jpg","contentUrl":"https:\/\/gysfm.com.ar\/inicio\/wp-content\/uploads\/2025\/07\/claudia-del-valle-2066583.jpg","width":1140,"height":641},{"@type":"BreadcrumbList","@id":"https:\/\/gysfm.com.ar\/inicio\/quien-es-la-candidata-libertaria-que-estuvo-afiliada-al-pj-y-tiene-una-foto-con-estela-de-carlotto\/#breadcrumb","itemListElement":[{"@type":"ListItem","position":1,"name":"Portada","item":"https:\/\/gysfm.com.ar\/inicio\/"},{"@type":"ListItem","position":2,"name":"Qui\u00e9n es la candidata libertaria que estuvo afiliada al PJ y tiene una foto con Estela de Carlotto"}]},{"@type":"WebSite","@id":"https:\/\/gysfm.com.ar\/inicio\/#website","url":"https:\/\/gysfm.com.ar\/inicio\/","name":"GYS NOTICIAS |","description":"DIARIO - RADIO ONLINE SAN JUAN ARGENTINA","publisher":{"@id":"https:\/\/gysfm.com.ar\/inicio\/#organization"},"potentialAction":[{"@type":"SearchAction","target":{"@type":"EntryPoint","urlTemplate":"https:\/\/gysfm.com.ar\/inicio\/?s={search_term_string}"},"query-input":{"@type":"PropertyValueSpecification","valueRequired":true,"valueName":"search_term_string"}}],"inLanguage":"es"},{"@type":"Organization","@id":"https:\/\/gysfm.com.ar\/inicio\/#organization","name":"GYS NOTICIAS |","url":"https:\/\/gysfm.com.ar\/inicio\/","logo":{"@type":"ImageObject","inLanguage":"es","@id":"https:\/\/gysfm.com.ar\/inicio\/#\/schema\/logo\/image\/","url":"https:\/\/gysfm.com.ar\/inicio\/wp-content\/uploads\/2023\/07\/LOGOGYS-OK.png","contentUrl":"https:\/\/gysfm.com.ar\/inicio\/wp-content\/uploads\/2023\/07\/LOGOGYS-OK.png","width":1170,"height":872,"caption":"GYS NOTICIAS |"},"image":{"@id":"https:\/\/gysfm.com.ar\/inicio\/#\/schema\/logo\/image\/"}},{"@type":"Person","@id":"https:\/\/gysfm.com.ar\/inicio\/#\/schema\/person\/3abba7593ef2ad19e1be221d54383dc5","name":"Prensa G&amp;S FM","image":{"@type":"ImageObject","inLanguage":"es","@id":"https:\/\/gysfm.com.ar\/inicio\/#\/schema\/person\/image\/","url":"https:\/\/secure.gravatar.com\/avatar\/096ec78df02049ab018702bb4ccedf659377fa92a26540b5247612077a0dbd29?s=96&d=mm&r=g","contentUrl":"https:\/\/secure.gravatar.com\/avatar\/096ec78df02049ab018702bb4ccedf659377fa92a26540b5247612077a0dbd29?s=96&d=mm&r=g","caption":"Prensa G&amp;S FM"},"sameAs":["https:\/\/gysfm.com.ar\/"],"url":"https:\/\/gysfm.com.ar\/inicio\/author\/lucasm\/"}]}},"_links":{"self":[{"href":"https:\/\/gysfm.com.ar\/inicio\/wp-json\/wp\/v2\/posts\/138690","targetHints":{"allow":["GET"]}}],"collection":[{"href":"https:\/\/gysfm.com.ar\/inicio\/wp-json\/wp\/v2\/posts"}],"about":[{"href":"https:\/\/gysfm.com.ar\/inicio\/wp-json\/wp\/v2\/types\/post"}],"author":[{"embeddable":true,"href":"https:\/\/gysfm.com.ar\/inicio\/wp-json\/wp\/v2\/users\/2"}],"replies":[{"embeddable":true,"href":"https:\/\/gysfm.com.ar\/inicio\/wp-json\/wp\/v2\/comments?post=138690"}],"version-history":[{"count":0,"href":"https:\/\/gysfm.com.ar\/inicio\/wp-json\/wp\/v2\/posts\/138690\/revisions"}],"wp:featuredmedia":[{"embeddable":true,"href":"https:\/\/gysfm.com.ar\/inicio\/wp-json\/wp\/v2\/media\/138691"}],"wp:attachment":[{"href":"https:\/\/gysfm.com.ar\/inicio\/wp-json\/wp\/v2\/media?parent=138690"}],"wp:term":[{"taxonomy":"category","embeddable":true,"href":"https:\/\/gysfm.com.ar\/inicio\/wp-json\/wp\/v2\/categories?post=138690"},{"taxonomy":"post_tag","embeddable":true,"href":"https:\/\/gysfm.com.ar\/inicio\/wp-json\/wp\/v2\/tags?post=138690"}],"curies":[{"name":"wp","href":"https:\/\/api.w.org\/{rel}","templated":true}]}}