{"id":138686,"date":"2025-07-23T11:15:18","date_gmt":"2025-07-23T14:15:18","guid":{"rendered":"https:\/\/gysfm.com.ar\/inicio\/avanza-el-sorteo-del-ipv-para-adjudicar-219-viviendas-en-san-juan\/"},"modified":"2025-07-23T11:15:18","modified_gmt":"2025-07-23T14:15:18","slug":"avanza-el-sorteo-del-ipv-para-adjudicar-219-viviendas-en-san-juan","status":"publish","type":"post","link":"https:\/\/gysfm.com.ar\/inicio\/avanza-el-sorteo-del-ipv-para-adjudicar-219-viviendas-en-san-juan\/","title":{"rendered":"Avanza el sorteo del IPV para adjudicar 219 viviendas en San Juan"},"content":{"rendered":"<p> <br \/>\n<\/p>\n<div>\n<div class=\"force_768\">\n<p>Este mi\u00e9rcoles 23 de julio comenz\u00f3 el sorteo p\u00fablico del Instituto Provincial de la Vivienda (IPV) para adjudicar un total de 219 viviendas en distintos departamentos de San Juan. La actividad se realiza desde las 8 de la ma\u00f1ana en la Caja de Acci\u00f3n Social y puede seguirse en vivo.<\/p>\n<p>Las unidades que se sortean corresponden a viviendas que no fueron entregadas en convocatorias anteriores debido a distintos motivos, como la falta de documentaci\u00f3n, ausencia de postulantes o incumplimiento de requisitos.<\/p>\n<p>En esta oportunidad, las casas est\u00e1n distribuidas en seis barrios ubicados en distintos puntos de la provincia:<\/p>\n<ul class=\"listaCuerpo\">\n<li>Capital: 15 viviendas en el barrio Maip\u00fa II<\/li>\n<li>Rawson: 11 viviendas en el barrio Medepym Ampliaci\u00f3n<\/li>\n<li>Chimbas: 43 viviendas en el barrio El Alba<\/li>\n<li>Ullum: 100 viviendas en el barrio Sierras de las Invernadas<\/li>\n<li>J\u00e1chal: 23 viviendas en el barrio Los Trigales<\/li>\n<li>9 de Julio: 27 viviendas en el barrio La Majadita<\/li>\n<\/ul>\n<h2 class=\"intertitulo\">D\u00f3nde verlo<\/h2>\n<p>Para ver el sorteo en vivo, deber\u00e1s ingresar al siguiente link:\u00a0<a href=\"https:\/\/youtu.be\/pKiYNKINuEo\" target=\"_blank\" rel=\"nofollow\" class=\"link-amp\">https:\/\/youtu.be\/pKiYNKINuEo<\/a><\/p>\n<figure class=\"video-wrapper video-carga\"><video class=\"video-js vjs-big-play-centered vjs-fluid\" playsinline=\"\" width=\"100%\" id=\"video-js-carga-0\" data-src=\"https:\/\/www.youtube.com\/embed\/pKiYNKINuEo\"\/><\/figure>\n<h2 class=\"intertitulo\">C\u00f3mo participar y consultar el padr\u00f3n<\/h2>\n<p>Cada persona inscripta cuenta con un n\u00famero de sorteo. Si ese n\u00famero es seleccionado, podr\u00e1 ser adjudicatario de una vivienda, siempre que cumpla con todos los requisitos exigidos por el IPV.<\/p>\n<p>\u00a0<\/p>\n<p>Para saber si se est\u00e1 incluido en el padr\u00f3n y conocer el grupo y n\u00famero correspondiente, se puede ingresar al siguiente enlace oficial:<\/p>\n<p>\ud83d\udc49 https:\/\/sii.sanjuan.gob.ar\/ipv\/PROD\/sorteo\/<\/p>\n<\/div>\n<\/div>\n\n","protected":false},"excerpt":{"rendered":"<p>Este mi\u00e9rcoles 23 de julio comenz\u00f3 el sorteo p\u00fablico del Instituto Provincial de la Vivienda (IPV) para adjudicar un total de 219 viviendas en distintos departamentos de San Juan. La actividad se realiza desde las 8 de la ma\u00f1ana en la Caja de Acci\u00f3n Social y puede seguirse en vivo. Las unidades que se sortean [&hellip;]<\/p>\n","protected":false},"author":1,"featured_media":138687,"comment_status":"closed","ping_status":"closed","sticky":false,"template":"","format":"standard","meta":{"footnotes":""},"categories":[32],"tags":[],"class_list":["post-138686","post","type-post","status-publish","format-standard","has-post-thumbnail","hentry","category-municipales"],"yoast_head":"<!-- This site is optimized with the Yoast SEO plugin v24.4 - https:\/\/yoast.com\/wordpress\/plugins\/seo\/ -->\n<title>Avanza el sorteo del IPV para adjudicar 219 viviendas en San Juan - GYS NOTICIAS |<\/title>\n<meta name=\"robots\" content=\"index, follow, max-snippet:-1, max-image-preview:large, max-video-preview:-1\" \/>\n<link rel=\"canonical\" href=\"https:\/\/gysfm.com.ar\/inicio\/avanza-el-sorteo-del-ipv-para-adjudicar-219-viviendas-en-san-juan\/\" \/>\n<meta property=\"og:locale\" content=\"es_ES\" \/>\n<meta property=\"og:type\" content=\"article\" \/>\n<meta property=\"og:title\" content=\"Avanza el sorteo del IPV para adjudicar 219 viviendas en San Juan - GYS NOTICIAS |\" \/>\n<meta property=\"og:description\" content=\"Este mi\u00e9rcoles 23 de julio comenz\u00f3 el sorteo p\u00fablico del Instituto Provincial de la Vivienda (IPV) para adjudicar un total de 219 viviendas en distintos departamentos de San Juan. La actividad se realiza desde las 8 de la ma\u00f1ana en la Caja de Acci\u00f3n Social y puede seguirse en vivo. Las unidades que se sortean [&hellip;]\" \/>\n<meta property=\"og:url\" content=\"https:\/\/gysfm.com.ar\/inicio\/avanza-el-sorteo-del-ipv-para-adjudicar-219-viviendas-en-san-juan\/\" \/>\n<meta property=\"og:site_name\" content=\"GYS NOTICIAS |\" \/>\n<meta property=\"article:published_time\" content=\"2025-07-23T14:15:18+00:00\" \/>\n<meta name=\"author\" content=\"admin\" \/>\n<meta name=\"twitter:card\" content=\"summary_large_image\" \/>\n<meta name=\"twitter:label1\" content=\"Escrito por\" \/>\n\t<meta name=\"twitter:data1\" content=\"admin\" \/>\n\t<meta name=\"twitter:label2\" content=\"Tiempo de lectura\" \/>\n\t<meta name=\"twitter:data2\" content=\"1 minuto\" \/>\n<script type=\"application\/ld+json\" class=\"yoast-schema-graph\">{\"@context\":\"https:\/\/schema.org\",\"@graph\":[{\"@type\":\"Article\",\"@id\":\"https:\/\/gysfm.com.ar\/inicio\/avanza-el-sorteo-del-ipv-para-adjudicar-219-viviendas-en-san-juan\/#article\",\"isPartOf\":{\"@id\":\"https:\/\/gysfm.com.ar\/inicio\/avanza-el-sorteo-del-ipv-para-adjudicar-219-viviendas-en-san-juan\/\"},\"author\":{\"name\":\"admin\",\"@id\":\"https:\/\/gysfm.com.ar\/inicio\/#\/schema\/person\/5bedd7ecd35cc35548d89effafa23696\"},\"headline\":\"Avanza el sorteo del IPV para adjudicar 219 viviendas en San Juan\",\"datePublished\":\"2025-07-23T14:15:18+00:00\",\"mainEntityOfPage\":{\"@id\":\"https:\/\/gysfm.com.ar\/inicio\/avanza-el-sorteo-del-ipv-para-adjudicar-219-viviendas-en-san-juan\/\"},\"wordCount\":254,\"publisher\":{\"@id\":\"https:\/\/gysfm.com.ar\/inicio\/#organization\"},\"image\":{\"@id\":\"https:\/\/gysfm.com.ar\/inicio\/avanza-el-sorteo-del-ipv-para-adjudicar-219-viviendas-en-san-juan\/#primaryimage\"},\"thumbnailUrl\":\"https:\/\/gysfm.com.ar\/inicio\/wp-content\/uploads\/2025\/07\/1753277546985.jpg\",\"articleSection\":[\"MUNICIPALES\"],\"inLanguage\":\"es\"},{\"@type\":\"WebPage\",\"@id\":\"https:\/\/gysfm.com.ar\/inicio\/avanza-el-sorteo-del-ipv-para-adjudicar-219-viviendas-en-san-juan\/\",\"url\":\"https:\/\/gysfm.com.ar\/inicio\/avanza-el-sorteo-del-ipv-para-adjudicar-219-viviendas-en-san-juan\/\",\"name\":\"Avanza el sorteo del IPV para adjudicar 219 viviendas en San Juan - GYS NOTICIAS |\",\"isPartOf\":{\"@id\":\"https:\/\/gysfm.com.ar\/inicio\/#website\"},\"primaryImageOfPage\":{\"@id\":\"https:\/\/gysfm.com.ar\/inicio\/avanza-el-sorteo-del-ipv-para-adjudicar-219-viviendas-en-san-juan\/#primaryimage\"},\"image\":{\"@id\":\"https:\/\/gysfm.com.ar\/inicio\/avanza-el-sorteo-del-ipv-para-adjudicar-219-viviendas-en-san-juan\/#primaryimage\"},\"thumbnailUrl\":\"https:\/\/gysfm.com.ar\/inicio\/wp-content\/uploads\/2025\/07\/1753277546985.jpg\",\"datePublished\":\"2025-07-23T14:15:18+00:00\",\"breadcrumb\":{\"@id\":\"https:\/\/gysfm.com.ar\/inicio\/avanza-el-sorteo-del-ipv-para-adjudicar-219-viviendas-en-san-juan\/#breadcrumb\"},\"inLanguage\":\"es\",\"potentialAction\":[{\"@type\":\"ReadAction\",\"target\":[\"https:\/\/gysfm.com.ar\/inicio\/avanza-el-sorteo-del-ipv-para-adjudicar-219-viviendas-en-san-juan\/\"]}]},{\"@type\":\"ImageObject\",\"inLanguage\":\"es\",\"@id\":\"https:\/\/gysfm.com.ar\/inicio\/avanza-el-sorteo-del-ipv-para-adjudicar-219-viviendas-en-san-juan\/#primaryimage\",\"url\":\"https:\/\/gysfm.com.ar\/inicio\/wp-content\/uploads\/2025\/07\/1753277546985.jpg\",\"contentUrl\":\"https:\/\/gysfm.com.ar\/inicio\/wp-content\/uploads\/2025\/07\/1753277546985.jpg\",\"width\":600,\"height\":315},{\"@type\":\"BreadcrumbList\",\"@id\":\"https:\/\/gysfm.com.ar\/inicio\/avanza-el-sorteo-del-ipv-para-adjudicar-219-viviendas-en-san-juan\/#breadcrumb\",\"itemListElement\":[{\"@type\":\"ListItem\",\"position\":1,\"name\":\"Portada\",\"item\":\"https:\/\/gysfm.com.ar\/inicio\/\"},{\"@type\":\"ListItem\",\"position\":2,\"name\":\"Avanza el sorteo del IPV para adjudicar 219 viviendas en San Juan\"}]},{\"@type\":\"WebSite\",\"@id\":\"https:\/\/gysfm.com.ar\/inicio\/#website\",\"url\":\"https:\/\/gysfm.com.ar\/inicio\/\",\"name\":\"GYS NOTICIAS |\",\"description\":\"DIARIO - RADIO ONLINE SAN JUAN ARGENTINA\",\"publisher\":{\"@id\":\"https:\/\/gysfm.com.ar\/inicio\/#organization\"},\"potentialAction\":[{\"@type\":\"SearchAction\",\"target\":{\"@type\":\"EntryPoint\",\"urlTemplate\":\"https:\/\/gysfm.com.ar\/inicio\/?s={search_term_string}\"},\"query-input\":{\"@type\":\"PropertyValueSpecification\",\"valueRequired\":true,\"valueName\":\"search_term_string\"}}],\"inLanguage\":\"es\"},{\"@type\":\"Organization\",\"@id\":\"https:\/\/gysfm.com.ar\/inicio\/#organization\",\"name\":\"GYS NOTICIAS |\",\"url\":\"https:\/\/gysfm.com.ar\/inicio\/\",\"logo\":{\"@type\":\"ImageObject\",\"inLanguage\":\"es\",\"@id\":\"https:\/\/gysfm.com.ar\/inicio\/#\/schema\/logo\/image\/\",\"url\":\"https:\/\/gysfm.com.ar\/inicio\/wp-content\/uploads\/2023\/07\/LOGOGYS-OK.png\",\"contentUrl\":\"https:\/\/gysfm.com.ar\/inicio\/wp-content\/uploads\/2023\/07\/LOGOGYS-OK.png\",\"width\":1170,\"height\":872,\"caption\":\"GYS NOTICIAS |\"},\"image\":{\"@id\":\"https:\/\/gysfm.com.ar\/inicio\/#\/schema\/logo\/image\/\"}},{\"@type\":\"Person\",\"@id\":\"https:\/\/gysfm.com.ar\/inicio\/#\/schema\/person\/5bedd7ecd35cc35548d89effafa23696\",\"name\":\"admin\",\"image\":{\"@type\":\"ImageObject\",\"inLanguage\":\"es\",\"@id\":\"https:\/\/gysfm.com.ar\/inicio\/#\/schema\/person\/image\/\",\"url\":\"https:\/\/secure.gravatar.com\/avatar\/c331d312b5243fb64d5ba28108a447b27c925295129a363082c9ea52c28d32c2?s=96&d=mm&r=g\",\"contentUrl\":\"https:\/\/secure.gravatar.com\/avatar\/c331d312b5243fb64d5ba28108a447b27c925295129a363082c9ea52c28d32c2?s=96&d=mm&r=g\",\"caption\":\"admin\"},\"sameAs\":[\"https:\/\/gysfm.com.ar\/inicio\"],\"url\":\"https:\/\/gysfm.com.ar\/inicio\/author\/admin\/\"}]}<\/script>\n<!-- \/ Yoast SEO plugin. -->","yoast_head_json":{"title":"Avanza el sorteo del IPV para adjudicar 219 viviendas en San Juan - GYS NOTICIAS |","robots":{"index":"index","follow":"follow","max-snippet":"max-snippet:-1","max-image-preview":"max-image-preview:large","max-video-preview":"max-video-preview:-1"},"canonical":"https:\/\/gysfm.com.ar\/inicio\/avanza-el-sorteo-del-ipv-para-adjudicar-219-viviendas-en-san-juan\/","og_locale":"es_ES","og_type":"article","og_title":"Avanza el sorteo del IPV para adjudicar 219 viviendas en San Juan - GYS NOTICIAS |","og_description":"Este mi\u00e9rcoles 23 de julio comenz\u00f3 el sorteo p\u00fablico del Instituto Provincial de la Vivienda (IPV) para adjudicar un total de 219 viviendas en distintos departamentos de San Juan. La actividad se realiza desde las 8 de la ma\u00f1ana en la Caja de Acci\u00f3n Social y puede seguirse en vivo. Las unidades que se sortean [&hellip;]","og_url":"https:\/\/gysfm.com.ar\/inicio\/avanza-el-sorteo-del-ipv-para-adjudicar-219-viviendas-en-san-juan\/","og_site_name":"GYS NOTICIAS |","article_published_time":"2025-07-23T14:15:18+00:00","author":"admin","twitter_card":"summary_large_image","twitter_misc":{"Escrito por":"admin","Tiempo de lectura":"1 minuto"},"schema":{"@context":"https:\/\/schema.org","@graph":[{"@type":"Article","@id":"https:\/\/gysfm.com.ar\/inicio\/avanza-el-sorteo-del-ipv-para-adjudicar-219-viviendas-en-san-juan\/#article","isPartOf":{"@id":"https:\/\/gysfm.com.ar\/inicio\/avanza-el-sorteo-del-ipv-para-adjudicar-219-viviendas-en-san-juan\/"},"author":{"name":"admin","@id":"https:\/\/gysfm.com.ar\/inicio\/#\/schema\/person\/5bedd7ecd35cc35548d89effafa23696"},"headline":"Avanza el sorteo del IPV para adjudicar 219 viviendas en San Juan","datePublished":"2025-07-23T14:15:18+00:00","mainEntityOfPage":{"@id":"https:\/\/gysfm.com.ar\/inicio\/avanza-el-sorteo-del-ipv-para-adjudicar-219-viviendas-en-san-juan\/"},"wordCount":254,"publisher":{"@id":"https:\/\/gysfm.com.ar\/inicio\/#organization"},"image":{"@id":"https:\/\/gysfm.com.ar\/inicio\/avanza-el-sorteo-del-ipv-para-adjudicar-219-viviendas-en-san-juan\/#primaryimage"},"thumbnailUrl":"https:\/\/gysfm.com.ar\/inicio\/wp-content\/uploads\/2025\/07\/1753277546985.jpg","articleSection":["MUNICIPALES"],"inLanguage":"es"},{"@type":"WebPage","@id":"https:\/\/gysfm.com.ar\/inicio\/avanza-el-sorteo-del-ipv-para-adjudicar-219-viviendas-en-san-juan\/","url":"https:\/\/gysfm.com.ar\/inicio\/avanza-el-sorteo-del-ipv-para-adjudicar-219-viviendas-en-san-juan\/","name":"Avanza el sorteo del IPV para adjudicar 219 viviendas en San Juan - GYS NOTICIAS |","isPartOf":{"@id":"https:\/\/gysfm.com.ar\/inicio\/#website"},"primaryImageOfPage":{"@id":"https:\/\/gysfm.com.ar\/inicio\/avanza-el-sorteo-del-ipv-para-adjudicar-219-viviendas-en-san-juan\/#primaryimage"},"image":{"@id":"https:\/\/gysfm.com.ar\/inicio\/avanza-el-sorteo-del-ipv-para-adjudicar-219-viviendas-en-san-juan\/#primaryimage"},"thumbnailUrl":"https:\/\/gysfm.com.ar\/inicio\/wp-content\/uploads\/2025\/07\/1753277546985.jpg","datePublished":"2025-07-23T14:15:18+00:00","breadcrumb":{"@id":"https:\/\/gysfm.com.ar\/inicio\/avanza-el-sorteo-del-ipv-para-adjudicar-219-viviendas-en-san-juan\/#breadcrumb"},"inLanguage":"es","potentialAction":[{"@type":"ReadAction","target":["https:\/\/gysfm.com.ar\/inicio\/avanza-el-sorteo-del-ipv-para-adjudicar-219-viviendas-en-san-juan\/"]}]},{"@type":"ImageObject","inLanguage":"es","@id":"https:\/\/gysfm.com.ar\/inicio\/avanza-el-sorteo-del-ipv-para-adjudicar-219-viviendas-en-san-juan\/#primaryimage","url":"https:\/\/gysfm.com.ar\/inicio\/wp-content\/uploads\/2025\/07\/1753277546985.jpg","contentUrl":"https:\/\/gysfm.com.ar\/inicio\/wp-content\/uploads\/2025\/07\/1753277546985.jpg","width":600,"height":315},{"@type":"BreadcrumbList","@id":"https:\/\/gysfm.com.ar\/inicio\/avanza-el-sorteo-del-ipv-para-adjudicar-219-viviendas-en-san-juan\/#breadcrumb","itemListElement":[{"@type":"ListItem","position":1,"name":"Portada","item":"https:\/\/gysfm.com.ar\/inicio\/"},{"@type":"ListItem","position":2,"name":"Avanza el sorteo del IPV para adjudicar 219 viviendas en San Juan"}]},{"@type":"WebSite","@id":"https:\/\/gysfm.com.ar\/inicio\/#website","url":"https:\/\/gysfm.com.ar\/inicio\/","name":"GYS NOTICIAS |","description":"DIARIO - RADIO ONLINE SAN JUAN ARGENTINA","publisher":{"@id":"https:\/\/gysfm.com.ar\/inicio\/#organization"},"potentialAction":[{"@type":"SearchAction","target":{"@type":"EntryPoint","urlTemplate":"https:\/\/gysfm.com.ar\/inicio\/?s={search_term_string}"},"query-input":{"@type":"PropertyValueSpecification","valueRequired":true,"valueName":"search_term_string"}}],"inLanguage":"es"},{"@type":"Organization","@id":"https:\/\/gysfm.com.ar\/inicio\/#organization","name":"GYS NOTICIAS |","url":"https:\/\/gysfm.com.ar\/inicio\/","logo":{"@type":"ImageObject","inLanguage":"es","@id":"https:\/\/gysfm.com.ar\/inicio\/#\/schema\/logo\/image\/","url":"https:\/\/gysfm.com.ar\/inicio\/wp-content\/uploads\/2023\/07\/LOGOGYS-OK.png","contentUrl":"https:\/\/gysfm.com.ar\/inicio\/wp-content\/uploads\/2023\/07\/LOGOGYS-OK.png","width":1170,"height":872,"caption":"GYS NOTICIAS |"},"image":{"@id":"https:\/\/gysfm.com.ar\/inicio\/#\/schema\/logo\/image\/"}},{"@type":"Person","@id":"https:\/\/gysfm.com.ar\/inicio\/#\/schema\/person\/5bedd7ecd35cc35548d89effafa23696","name":"admin","image":{"@type":"ImageObject","inLanguage":"es","@id":"https:\/\/gysfm.com.ar\/inicio\/#\/schema\/person\/image\/","url":"https:\/\/secure.gravatar.com\/avatar\/c331d312b5243fb64d5ba28108a447b27c925295129a363082c9ea52c28d32c2?s=96&d=mm&r=g","contentUrl":"https:\/\/secure.gravatar.com\/avatar\/c331d312b5243fb64d5ba28108a447b27c925295129a363082c9ea52c28d32c2?s=96&d=mm&r=g","caption":"admin"},"sameAs":["https:\/\/gysfm.com.ar\/inicio"],"url":"https:\/\/gysfm.com.ar\/inicio\/author\/admin\/"}]}},"_links":{"self":[{"href":"https:\/\/gysfm.com.ar\/inicio\/wp-json\/wp\/v2\/posts\/138686","targetHints":{"allow":["GET"]}}],"collection":[{"href":"https:\/\/gysfm.com.ar\/inicio\/wp-json\/wp\/v2\/posts"}],"about":[{"href":"https:\/\/gysfm.com.ar\/inicio\/wp-json\/wp\/v2\/types\/post"}],"author":[{"embeddable":true,"href":"https:\/\/gysfm.com.ar\/inicio\/wp-json\/wp\/v2\/users\/1"}],"replies":[{"embeddable":true,"href":"https:\/\/gysfm.com.ar\/inicio\/wp-json\/wp\/v2\/comments?post=138686"}],"version-history":[{"count":0,"href":"https:\/\/gysfm.com.ar\/inicio\/wp-json\/wp\/v2\/posts\/138686\/revisions"}],"wp:featuredmedia":[{"embeddable":true,"href":"https:\/\/gysfm.com.ar\/inicio\/wp-json\/wp\/v2\/media\/138687"}],"wp:attachment":[{"href":"https:\/\/gysfm.com.ar\/inicio\/wp-json\/wp\/v2\/media?parent=138686"}],"wp:term":[{"taxonomy":"category","embeddable":true,"href":"https:\/\/gysfm.com.ar\/inicio\/wp-json\/wp\/v2\/categories?post=138686"},{"taxonomy":"post_tag","embeddable":true,"href":"https:\/\/gysfm.com.ar\/inicio\/wp-json\/wp\/v2\/tags?post=138686"}],"curies":[{"name":"wp","href":"https:\/\/api.w.org\/{rel}","templated":true}]}}