{"id":138684,"date":"2025-07-23T11:08:23","date_gmt":"2025-07-23T14:08:23","guid":{"rendered":"https:\/\/gysfm.com.ar\/inicio\/se-declaro-en-quiebra-y-cerro-sus-sucursales-en-el-mundo-que-pasara-en-argentina\/"},"modified":"2025-07-23T11:08:23","modified_gmt":"2025-07-23T14:08:23","slug":"se-declaro-en-quiebra-y-cerro-sus-sucursales-en-el-mundo-que-pasara-en-argentina","status":"publish","type":"post","link":"https:\/\/gysfm.com.ar\/inicio\/se-declaro-en-quiebra-y-cerro-sus-sucursales-en-el-mundo-que-pasara-en-argentina\/","title":{"rendered":"Se declar\u00f3 en quiebra y cerr\u00f3 sus sucursales en el mundo: \u00bfqu\u00e9 pasar\u00e1 en Argentina?"},"content":{"rendered":"<p> <br \/>\n<\/p>\n<div>\t\t<!-- { REGION4 --> <\/p>\n<header class=\"news-headline\">\n<h2 class=\"news-headline__article-summary\">\t\t<\/h2>\n<p class=\"ignore-parser\">Con una deuda que superaba los 800 mil d\u00f3lares, una ic\u00f3nica firma de envases herm\u00e9ticos de pl\u00e1stico declar\u00f3 su bancarrota en todo el mundo. Solo en Argentina contaba con m\u00e1s de 90.000 revendedores que vieron afectada su fuente de ingresos.<\/p>\n<\/header>\n<div class=\"detail-highlighted-multimedia content-protected-false\">\n<figure class=\"detail-highlighted-multimedia__figure\">  <img loading=\"lazy\" decoding=\"async\" src=\"https:\/\/media.ambito.com\/p\/755b09b854093781baf467b131979e45\/adjuntos\/239\/imagenes\/042\/610\/0042610209\/quiebra.jpg\" class=\"detail-highlighted-multimedia__figure-img img-fluid\" alt=\"La importante firma con m\u00e1s de 70 a\u00f1os en el mercado debi\u00f3 cerrar sus sucursales debido a una deuda millonaria.\" width=\"655\" height=\"368\" crossorigin=\"anonymous\"\/><figcaption class=\"detail-highlighted-multimedia__figcaption\">  <span class=\"detail-highlighted-multimedia__copyright\">FreePik.es<\/span><\/figcaption><\/figure>\n<\/div>\n<article class=\"article-body article-body--first-paragraph content-protected-false\" data-td-script-src=\"https:\/\/www.ambito.com\/td\/modulos\/encuestas\/js\/function-embeds-min-version-1747541270.js\">\n<p>Despu\u00e9s de un intento fallido de reposicionamiento en el mercado y con una deuda de 800 mil d\u00f3lares, en septiembre del a\u00f1o pasado la ic\u00f3nica compa\u00f1\u00eda <strong>Tupperware <\/strong>se declar\u00f3 en  quiebra en Estados Unidos y cerr\u00f3 sus sucursales en todo el mundo. La noticia impact\u00f3 de lleno en <strong>Argentina <\/strong>donde los 90 mil revendedores se redujeron a un tercio. Sin embargo, y contra todo pron\u00f3stico, su vida en el pa\u00eds continuar\u00e1 gracias a la inversi\u00f3n de un grupo mexicano-estadounidense.<\/p>\n<\/article>\n<section class=\"suscription-false printed-edition\" style=\"display:none\">\n<p> El contenido al que quiere acceder es exclusivo para suscriptores.<\/p>\n<p>  <span> <button type=\"button\" name=\"button\" class=\"subscribe-btn mercadopago-btn\">suscribirse<\/button><\/span>  <span class=\"btns\"><button type=\"button\" name=\"button\" class=\"subscribe-btn reload-login\"> ya estoy suscripto<\/button><\/span>  <\/p>\n<\/section>\n<article class=\"article-body article-body--second-paragraph content-protected-false\">\n<p>Creada en la d\u00e9cada de los cuarenta por el qu\u00edmico<strong> Earl Tupper<\/strong>, la firma de recipientes herm\u00e9ticos se expandi\u00f3 en todo el mundo de la mano de un modelo de venta directa con sus famosas \u00abfiestas Tupperware\u00bb. Sin embargo, luego de siete d\u00e9cadas en el mercado, la estrategia de ventas qued\u00f3 obsoleta sin que la firma hubiera sido capaz de diversificar su formato hasta verse obligada a cerrar sus sucursales. <\/p>\n<\/article>\n<section class=\"related-news\">\t\t<span class=\"related-news__title\">Informate m\u00e1s<\/span>\t\t<\/p>\n<div class=\"row row--eq-height\">\n<div class=\"col-12 col-md-6\">\n<article class=\"news-article news-article--landscape-news news-article--landscape-news\">\n<figure class=\"news-article__figure figure\">\n\t\t\t\t\t\t\t\t\t\t\t<img loading=\"lazy\" decoding=\"async\" src=\"https:\/\/media.ambito.com\/p\/88e1349b584305f8e8267af85f8825b2\/adjuntos\/239\/imagenes\/041\/694\/0041694898\/93x52\/smart\/aysa-aumentos-agostopng.png\" alt=\"La privatizaci\u00f3n de AYSA estaba prevista en la ley Bases.\" title=\"La privatizaci\u00f3n de AYSA estaba prevista en la ley Bases.\" width=\"93\" height=\"52\" class=\"news-article__figure-img figure-img img-fluid\"\/>\t\t<\/figure>\n<\/article><\/div>\n<div class=\"col-12 col-md-6\">\n<article class=\"news-article news-article--landscape-news news-article--landscape-news\">\n<figure class=\"news-article__figure figure\">\n\t\t\t\t\t\t\t\t\t\t\t<img loading=\"lazy\" decoding=\"async\" src=\"https:\/\/media.ambito.com\/p\/5d9238fa7f791929fe14bf216c4dd76c\/adjuntos\/239\/imagenes\/042\/373\/0042373101\/dolar-flotacion-bandas.jpg\" alt=\"Para los analistas, es dif\u00edcil que el d\u00f3lar supere el techo de la banda.\" title=\"Para los analistas, es dif\u00edcil que el d\u00f3lar supere el techo de la banda.\" width=\"93\" height=\"52\" class=\"news-article__figure-img figure-img img-fluid\"\/>\t\t<\/figure>\n<\/article><\/div>\n<\/div>\n<\/section>\n<article class=\"article-body article-body--third-paragraph content-protected-false\">\n<p>A pesar de su futuro en otras partes del mundo, en Argentina, la firma continuar\u00e1 gracias a la empresa mexicano-estadounidense <strong>AsendNova Group,<\/strong> que invertir\u00e1 una gran suma de dinero inicial para asegurar cierta estabilidad en el negocio. <\/p>\n<\/article>\n<article class=\"article-body article-body--fourth-paragraph content-protected-false\">\n<h2>Una deuda de m\u00e1s de 800 mil d\u00f3lares defini\u00f3 la quiebra<\/h2>\n<p>En septiembre de 2024 la compa\u00f1\u00eda decidi\u00f3 poner fin a un declive pronunciado desde 2019 declarando su bancarrota. Luego, la pandemia del Covid 19 y la guerra de Rusia Ucrania terminaron por dinamitar sus ganancias. En efecto, ambos hechos impactaron directamente en la obtenci\u00f3n del suministro, lo que alter\u00f3 a grandes escalas el n\u00famero de su principal materia prima, la <strong>resina<\/strong>.<\/p>\n<\/article>\n<article class=\"article-body article-body--remaining-paragraph content-protected-false\">\n<div contenteditable=\"false\" class=\"embed_cont type_imagen\" id=\"8040403-Libre-1839064231_wrap\">\n<p>Tupper Plastico <span onclick=\"parent.parent.TinyMCETdcuerpo.preview_embed('8040403-Libre-1839064231')\" class=\"embed_colapse less\" id=\"8040403-Libre-1839064231_colapse\"\/>  <span onclick=\"parent.parent.TinyMCETdcuerpo.delete_embed('8040403-Libre-1839064231')\" class=\"embed_delete less\" id=\"8040403-Libre-1839064231_delete\"\/><\/p>\n<div id=\"8040403-Libre-1839064231_content\" class=\"embed_content\"><img decoding=\"async\" src=\"https:\/\/media.ambito.com\/p\/4a3f4c7fcfa8f9b1b2f2bdfa42d96a0c\/adjuntos\/239\/imagenes\/042\/192\/0042192492\/730x0\/smart\/tupper-plastico.jpg\" alt=\"Despu\u00e9s de declararse en quiebra en todo el mundo, Tupperware continuar\u00e1 su negocio en Argentina gracias a la adquisici\u00f3n de un grupo mexicano-estadounidense.\u00a0\" title=\"Despu\u00e9s de declararse en quiebra en todo el mundo, Tupperware continuar\u00e1 su negocio en Argentina gracias a la adquisici\u00f3n de un grupo mexicano-estadounidense.\u00a0\" width=\"730\" height=\"undefined\" id=\"8040403-Libre-1839064231_embed\"\/><\/div>\n<div id=\"8040403-Libre-1839064231_epigrafe\" class=\"embed_epigrafe\">\n<p> Despu\u00e9s de declararse en quiebra en todo el mundo, Tupperware continuar\u00e1 su negocio en Argentina gracias a la adquisici\u00f3n de un grupo mexicano-estadounidense. <\/p>\n<\/div><\/div>\n<p>La multinacional hab\u00eda iniciado el proceso con acogida en el Cap\u00edtulo 11 de la Ley de Quiebras de los Estados Unidos que establece una bancarrota que permite reorganizar las deudas de una entidad para mantenerse en pie y seguir operando.<\/p>\n<p>El Cap\u00edtulo 11 espec\u00edficamente es el que le otorga a las empresas un tiempo prudente para poder reestructurar las operaciones y acomodar sus deudas, por eso tambi\u00e9n es conocido como \u00abreorganizaci\u00f3n por quiebra\u00bb. Sin embargo, la movida para Tupperware, signific\u00f3 una ca\u00edda de sus acciones en m\u00e1s del 50%.<\/p>\n<h2>El futuro de Tupperware en Argentina<\/h2>\n<p>Adquirida con una inversi\u00f3n e US$10 millones, los empresarios mexicanos Miguel Fern\u00e1ndez y H\u00e9ctor Lezama, l\u00edderes de <strong>AscendNova Group<\/strong>, relanzaron el negocio. A principios de a\u00f1o, y con el objetivo de fortalecer la venta tradicional, Tupperware cerr\u00f3 la \u00fanica tienda f\u00edsica que se encontraba en nuestro pa\u00eds, ubicada en Santa Fe al 2577.<\/p>\n<p>Fern\u00e1ndez hab\u00eda sido CEO de la empresa hasta finales del a\u00f1o 2023, cuando Lezama era director comercial. El norteamericano Korchaguin Jimenez es el tercero en la firma, quien ten\u00eda ya inversiones en el pa\u00eds en IG Networks.<\/p>\n<div contenteditable=\"false\" class=\"embed_cont type_imagen\" id=\"8052663-Libre-1660413766_wrap\">\n<p> tupper-al-vacio.webp <span onclick=\"parent.parent.TinyMCETdcuerpo.preview_embed('8052663-Libre-1660413766')\" class=\"embed_colapse less\" id=\"8052663-Libre-1660413766_colapse\"\/> <span onclick=\"parent.parent.TinyMCETdcuerpo.delete_embed('8052663-Libre-1660413766')\" class=\"embed_delete less\" id=\"8052663-Libre-1660413766_delete\"\/><\/p>\n<div id=\"8052663-Libre-1660413766_content\" class=\"embed_content\"><img decoding=\"async\" src=\"https:\/\/media.ambito.com\/p\/28191f2b840af328f2d1cfd08fd0e894\/adjuntos\/239\/imagenes\/042\/278\/0042278740\/730x0\/smart\/tupper-al-vaciowebp.png\" alt=\"La estrategia de Tupperware en el pa\u00eds ser\u00e1 fortalecer su presencia ampliando la red de revendedores.\u00a0\" title=\"La estrategia de Tupperware en el pa\u00eds ser\u00e1 fortalecer su presencia ampliando la red de revendedores.\u00a0\" width=\"730\" height=\"undefined\" id=\"8052663-Libre-1660413766_embed\"\/><\/div>\n<div id=\"8052663-Libre-1660413766_epigrafe\" class=\"embed_epigrafe\">\n<p> La estrategia de Tupperware en el pa\u00eds ser\u00e1 fortalecer su presencia ampliando la red de revendedores. <\/p>\n<\/div><\/div>\n<p>La firma asegura que iniciar\u00e1 un proceso de renovaci\u00f3n en el que buscar\u00e1n reforzar el sistema de revendedores con un nuevo sistema de reclutamiento y capacitaci\u00f3n y en paralelo, ampliar su espectro de ventas hablando de hogar, belleza y bienestar, seg\u00fan las palabras de Freinquel. <\/p>\n<\/article>\n<p>\t\t\t\t<!-- REGION4 } -->\n\t\t\t\t\t\t<\/div>\n<p><script>\n!function(f,b,e,v,n,t,s)\n{if(f.fbq)return;n=f.fbq=function(){n.callMethod?\nn.callMethod.apply(n,arguments):n.queue.push(arguments)};\nif(!f._fbq)f._fbq=n;n.push=n;n.loaded=!0;n.version='2.0';\nn.queue=[];t=b.createElement(e);t.async=!0;\nt.src=v;s=b.getElementsByTagName(e)[0];\ns.parentNode.insertBefore(t,s)}(window,document,'script',\n'https:\/\/connect.facebook.net\/en_US\/fbevents.js');\nfbq('init', '2047048335588113');\nfbq('track', 'PageView');\n<\/script><br \/>\n<br \/><\/p>\n","protected":false},"excerpt":{"rendered":"<p>Con una deuda que superaba los 800 mil d\u00f3lares, una ic\u00f3nica firma de envases herm\u00e9ticos de pl\u00e1stico declar\u00f3 su bancarrota en todo el mundo. Solo en Argentina contaba con m\u00e1s de 90.000 revendedores que vieron afectada su fuente de ingresos. FreePik.es Despu\u00e9s de un intento fallido de reposicionamiento en el mercado y con una deuda [&hellip;]<\/p>\n","protected":false},"author":1,"featured_media":138685,"comment_status":"closed","ping_status":"closed","sticky":false,"template":"","format":"standard","meta":{"footnotes":""},"categories":[28],"tags":[],"class_list":["post-138684","post","type-post","status-publish","format-standard","has-post-thumbnail","hentry","category-economia"],"yoast_head":"<!-- This site is optimized with the Yoast SEO plugin v24.4 - https:\/\/yoast.com\/wordpress\/plugins\/seo\/ -->\n<title>Se declar\u00f3 en quiebra y cerr\u00f3 sus sucursales en el mundo: \u00bfqu\u00e9 pasar\u00e1 en Argentina? - GYS NOTICIAS |<\/title>\n<meta name=\"robots\" content=\"index, follow, max-snippet:-1, max-image-preview:large, max-video-preview:-1\" \/>\n<link rel=\"canonical\" href=\"https:\/\/gysfm.com.ar\/inicio\/se-declaro-en-quiebra-y-cerro-sus-sucursales-en-el-mundo-que-pasara-en-argentina\/\" \/>\n<meta property=\"og:locale\" content=\"es_ES\" \/>\n<meta property=\"og:type\" content=\"article\" \/>\n<meta property=\"og:title\" content=\"Se declar\u00f3 en quiebra y cerr\u00f3 sus sucursales en el mundo: \u00bfqu\u00e9 pasar\u00e1 en Argentina? - GYS NOTICIAS |\" \/>\n<meta property=\"og:description\" content=\"Con una deuda que superaba los 800 mil d\u00f3lares, una ic\u00f3nica firma de envases herm\u00e9ticos de pl\u00e1stico declar\u00f3 su bancarrota en todo el mundo. Solo en Argentina contaba con m\u00e1s de 90.000 revendedores que vieron afectada su fuente de ingresos. FreePik.es Despu\u00e9s de un intento fallido de reposicionamiento en el mercado y con una deuda [&hellip;]\" \/>\n<meta property=\"og:url\" content=\"https:\/\/gysfm.com.ar\/inicio\/se-declaro-en-quiebra-y-cerro-sus-sucursales-en-el-mundo-que-pasara-en-argentina\/\" \/>\n<meta property=\"og:site_name\" content=\"GYS NOTICIAS |\" \/>\n<meta property=\"article:published_time\" content=\"2025-07-23T14:08:23+00:00\" \/>\n<meta property=\"og:image\" content=\"https:\/\/media.ambito.com\/p\/755b09b854093781baf467b131979e45\/adjuntos\/239\/imagenes\/042\/610\/0042610209\/quiebra.jpg\" \/>\n<meta name=\"author\" content=\"admin\" \/>\n<meta name=\"twitter:card\" content=\"summary_large_image\" \/>\n<meta name=\"twitter:label1\" content=\"Escrito por\" \/>\n\t<meta name=\"twitter:data1\" content=\"admin\" \/>\n\t<meta name=\"twitter:label2\" content=\"Tiempo de lectura\" \/>\n\t<meta name=\"twitter:data2\" content=\"3 minutos\" \/>\n<script type=\"application\/ld+json\" class=\"yoast-schema-graph\">{\"@context\":\"https:\/\/schema.org\",\"@graph\":[{\"@type\":\"Article\",\"@id\":\"https:\/\/gysfm.com.ar\/inicio\/se-declaro-en-quiebra-y-cerro-sus-sucursales-en-el-mundo-que-pasara-en-argentina\/#article\",\"isPartOf\":{\"@id\":\"https:\/\/gysfm.com.ar\/inicio\/se-declaro-en-quiebra-y-cerro-sus-sucursales-en-el-mundo-que-pasara-en-argentina\/\"},\"author\":{\"name\":\"admin\",\"@id\":\"https:\/\/gysfm.com.ar\/inicio\/#\/schema\/person\/5bedd7ecd35cc35548d89effafa23696\"},\"headline\":\"Se declar\u00f3 en quiebra y cerr\u00f3 sus sucursales en el mundo: \u00bfqu\u00e9 pasar\u00e1 en Argentina?\",\"datePublished\":\"2025-07-23T14:08:23+00:00\",\"mainEntityOfPage\":{\"@id\":\"https:\/\/gysfm.com.ar\/inicio\/se-declaro-en-quiebra-y-cerro-sus-sucursales-en-el-mundo-que-pasara-en-argentina\/\"},\"wordCount\":643,\"publisher\":{\"@id\":\"https:\/\/gysfm.com.ar\/inicio\/#organization\"},\"image\":{\"@id\":\"https:\/\/gysfm.com.ar\/inicio\/se-declaro-en-quiebra-y-cerro-sus-sucursales-en-el-mundo-que-pasara-en-argentina\/#primaryimage\"},\"thumbnailUrl\":\"https:\/\/gysfm.com.ar\/inicio\/wp-content\/uploads\/2025\/07\/quiebra.jpg\",\"articleSection\":[\"ECONOMIA\"],\"inLanguage\":\"es\"},{\"@type\":\"WebPage\",\"@id\":\"https:\/\/gysfm.com.ar\/inicio\/se-declaro-en-quiebra-y-cerro-sus-sucursales-en-el-mundo-que-pasara-en-argentina\/\",\"url\":\"https:\/\/gysfm.com.ar\/inicio\/se-declaro-en-quiebra-y-cerro-sus-sucursales-en-el-mundo-que-pasara-en-argentina\/\",\"name\":\"Se declar\u00f3 en quiebra y cerr\u00f3 sus sucursales en el mundo: \u00bfqu\u00e9 pasar\u00e1 en Argentina? - GYS NOTICIAS |\",\"isPartOf\":{\"@id\":\"https:\/\/gysfm.com.ar\/inicio\/#website\"},\"primaryImageOfPage\":{\"@id\":\"https:\/\/gysfm.com.ar\/inicio\/se-declaro-en-quiebra-y-cerro-sus-sucursales-en-el-mundo-que-pasara-en-argentina\/#primaryimage\"},\"image\":{\"@id\":\"https:\/\/gysfm.com.ar\/inicio\/se-declaro-en-quiebra-y-cerro-sus-sucursales-en-el-mundo-que-pasara-en-argentina\/#primaryimage\"},\"thumbnailUrl\":\"https:\/\/gysfm.com.ar\/inicio\/wp-content\/uploads\/2025\/07\/quiebra.jpg\",\"datePublished\":\"2025-07-23T14:08:23+00:00\",\"breadcrumb\":{\"@id\":\"https:\/\/gysfm.com.ar\/inicio\/se-declaro-en-quiebra-y-cerro-sus-sucursales-en-el-mundo-que-pasara-en-argentina\/#breadcrumb\"},\"inLanguage\":\"es\",\"potentialAction\":[{\"@type\":\"ReadAction\",\"target\":[\"https:\/\/gysfm.com.ar\/inicio\/se-declaro-en-quiebra-y-cerro-sus-sucursales-en-el-mundo-que-pasara-en-argentina\/\"]}]},{\"@type\":\"ImageObject\",\"inLanguage\":\"es\",\"@id\":\"https:\/\/gysfm.com.ar\/inicio\/se-declaro-en-quiebra-y-cerro-sus-sucursales-en-el-mundo-que-pasara-en-argentina\/#primaryimage\",\"url\":\"https:\/\/gysfm.com.ar\/inicio\/wp-content\/uploads\/2025\/07\/quiebra.jpg\",\"contentUrl\":\"https:\/\/gysfm.com.ar\/inicio\/wp-content\/uploads\/2025\/07\/quiebra.jpg\",\"width\":1200,\"height\":675},{\"@type\":\"BreadcrumbList\",\"@id\":\"https:\/\/gysfm.com.ar\/inicio\/se-declaro-en-quiebra-y-cerro-sus-sucursales-en-el-mundo-que-pasara-en-argentina\/#breadcrumb\",\"itemListElement\":[{\"@type\":\"ListItem\",\"position\":1,\"name\":\"Portada\",\"item\":\"https:\/\/gysfm.com.ar\/inicio\/\"},{\"@type\":\"ListItem\",\"position\":2,\"name\":\"Se declar\u00f3 en quiebra y cerr\u00f3 sus sucursales en el mundo: \u00bfqu\u00e9 pasar\u00e1 en Argentina?\"}]},{\"@type\":\"WebSite\",\"@id\":\"https:\/\/gysfm.com.ar\/inicio\/#website\",\"url\":\"https:\/\/gysfm.com.ar\/inicio\/\",\"name\":\"GYS NOTICIAS |\",\"description\":\"DIARIO - RADIO ONLINE SAN JUAN ARGENTINA\",\"publisher\":{\"@id\":\"https:\/\/gysfm.com.ar\/inicio\/#organization\"},\"potentialAction\":[{\"@type\":\"SearchAction\",\"target\":{\"@type\":\"EntryPoint\",\"urlTemplate\":\"https:\/\/gysfm.com.ar\/inicio\/?s={search_term_string}\"},\"query-input\":{\"@type\":\"PropertyValueSpecification\",\"valueRequired\":true,\"valueName\":\"search_term_string\"}}],\"inLanguage\":\"es\"},{\"@type\":\"Organization\",\"@id\":\"https:\/\/gysfm.com.ar\/inicio\/#organization\",\"name\":\"GYS NOTICIAS |\",\"url\":\"https:\/\/gysfm.com.ar\/inicio\/\",\"logo\":{\"@type\":\"ImageObject\",\"inLanguage\":\"es\",\"@id\":\"https:\/\/gysfm.com.ar\/inicio\/#\/schema\/logo\/image\/\",\"url\":\"https:\/\/gysfm.com.ar\/inicio\/wp-content\/uploads\/2023\/07\/LOGOGYS-OK.png\",\"contentUrl\":\"https:\/\/gysfm.com.ar\/inicio\/wp-content\/uploads\/2023\/07\/LOGOGYS-OK.png\",\"width\":1170,\"height\":872,\"caption\":\"GYS NOTICIAS |\"},\"image\":{\"@id\":\"https:\/\/gysfm.com.ar\/inicio\/#\/schema\/logo\/image\/\"}},{\"@type\":\"Person\",\"@id\":\"https:\/\/gysfm.com.ar\/inicio\/#\/schema\/person\/5bedd7ecd35cc35548d89effafa23696\",\"name\":\"admin\",\"image\":{\"@type\":\"ImageObject\",\"inLanguage\":\"es\",\"@id\":\"https:\/\/gysfm.com.ar\/inicio\/#\/schema\/person\/image\/\",\"url\":\"https:\/\/secure.gravatar.com\/avatar\/c331d312b5243fb64d5ba28108a447b27c925295129a363082c9ea52c28d32c2?s=96&d=mm&r=g\",\"contentUrl\":\"https:\/\/secure.gravatar.com\/avatar\/c331d312b5243fb64d5ba28108a447b27c925295129a363082c9ea52c28d32c2?s=96&d=mm&r=g\",\"caption\":\"admin\"},\"sameAs\":[\"https:\/\/gysfm.com.ar\/inicio\"],\"url\":\"https:\/\/gysfm.com.ar\/inicio\/author\/admin\/\"}]}<\/script>\n<!-- \/ Yoast SEO plugin. -->","yoast_head_json":{"title":"Se declar\u00f3 en quiebra y cerr\u00f3 sus sucursales en el mundo: \u00bfqu\u00e9 pasar\u00e1 en Argentina? - GYS NOTICIAS |","robots":{"index":"index","follow":"follow","max-snippet":"max-snippet:-1","max-image-preview":"max-image-preview:large","max-video-preview":"max-video-preview:-1"},"canonical":"https:\/\/gysfm.com.ar\/inicio\/se-declaro-en-quiebra-y-cerro-sus-sucursales-en-el-mundo-que-pasara-en-argentina\/","og_locale":"es_ES","og_type":"article","og_title":"Se declar\u00f3 en quiebra y cerr\u00f3 sus sucursales en el mundo: \u00bfqu\u00e9 pasar\u00e1 en Argentina? - GYS NOTICIAS |","og_description":"Con una deuda que superaba los 800 mil d\u00f3lares, una ic\u00f3nica firma de envases herm\u00e9ticos de pl\u00e1stico declar\u00f3 su bancarrota en todo el mundo. Solo en Argentina contaba con m\u00e1s de 90.000 revendedores que vieron afectada su fuente de ingresos. FreePik.es Despu\u00e9s de un intento fallido de reposicionamiento en el mercado y con una deuda [&hellip;]","og_url":"https:\/\/gysfm.com.ar\/inicio\/se-declaro-en-quiebra-y-cerro-sus-sucursales-en-el-mundo-que-pasara-en-argentina\/","og_site_name":"GYS NOTICIAS |","article_published_time":"2025-07-23T14:08:23+00:00","og_image":[{"url":"https:\/\/media.ambito.com\/p\/755b09b854093781baf467b131979e45\/adjuntos\/239\/imagenes\/042\/610\/0042610209\/quiebra.jpg","type":"","width":"","height":""}],"author":"admin","twitter_card":"summary_large_image","twitter_misc":{"Escrito por":"admin","Tiempo de lectura":"3 minutos"},"schema":{"@context":"https:\/\/schema.org","@graph":[{"@type":"Article","@id":"https:\/\/gysfm.com.ar\/inicio\/se-declaro-en-quiebra-y-cerro-sus-sucursales-en-el-mundo-que-pasara-en-argentina\/#article","isPartOf":{"@id":"https:\/\/gysfm.com.ar\/inicio\/se-declaro-en-quiebra-y-cerro-sus-sucursales-en-el-mundo-que-pasara-en-argentina\/"},"author":{"name":"admin","@id":"https:\/\/gysfm.com.ar\/inicio\/#\/schema\/person\/5bedd7ecd35cc35548d89effafa23696"},"headline":"Se declar\u00f3 en quiebra y cerr\u00f3 sus sucursales en el mundo: \u00bfqu\u00e9 pasar\u00e1 en Argentina?","datePublished":"2025-07-23T14:08:23+00:00","mainEntityOfPage":{"@id":"https:\/\/gysfm.com.ar\/inicio\/se-declaro-en-quiebra-y-cerro-sus-sucursales-en-el-mundo-que-pasara-en-argentina\/"},"wordCount":643,"publisher":{"@id":"https:\/\/gysfm.com.ar\/inicio\/#organization"},"image":{"@id":"https:\/\/gysfm.com.ar\/inicio\/se-declaro-en-quiebra-y-cerro-sus-sucursales-en-el-mundo-que-pasara-en-argentina\/#primaryimage"},"thumbnailUrl":"https:\/\/gysfm.com.ar\/inicio\/wp-content\/uploads\/2025\/07\/quiebra.jpg","articleSection":["ECONOMIA"],"inLanguage":"es"},{"@type":"WebPage","@id":"https:\/\/gysfm.com.ar\/inicio\/se-declaro-en-quiebra-y-cerro-sus-sucursales-en-el-mundo-que-pasara-en-argentina\/","url":"https:\/\/gysfm.com.ar\/inicio\/se-declaro-en-quiebra-y-cerro-sus-sucursales-en-el-mundo-que-pasara-en-argentina\/","name":"Se declar\u00f3 en quiebra y cerr\u00f3 sus sucursales en el mundo: \u00bfqu\u00e9 pasar\u00e1 en Argentina? - GYS NOTICIAS |","isPartOf":{"@id":"https:\/\/gysfm.com.ar\/inicio\/#website"},"primaryImageOfPage":{"@id":"https:\/\/gysfm.com.ar\/inicio\/se-declaro-en-quiebra-y-cerro-sus-sucursales-en-el-mundo-que-pasara-en-argentina\/#primaryimage"},"image":{"@id":"https:\/\/gysfm.com.ar\/inicio\/se-declaro-en-quiebra-y-cerro-sus-sucursales-en-el-mundo-que-pasara-en-argentina\/#primaryimage"},"thumbnailUrl":"https:\/\/gysfm.com.ar\/inicio\/wp-content\/uploads\/2025\/07\/quiebra.jpg","datePublished":"2025-07-23T14:08:23+00:00","breadcrumb":{"@id":"https:\/\/gysfm.com.ar\/inicio\/se-declaro-en-quiebra-y-cerro-sus-sucursales-en-el-mundo-que-pasara-en-argentina\/#breadcrumb"},"inLanguage":"es","potentialAction":[{"@type":"ReadAction","target":["https:\/\/gysfm.com.ar\/inicio\/se-declaro-en-quiebra-y-cerro-sus-sucursales-en-el-mundo-que-pasara-en-argentina\/"]}]},{"@type":"ImageObject","inLanguage":"es","@id":"https:\/\/gysfm.com.ar\/inicio\/se-declaro-en-quiebra-y-cerro-sus-sucursales-en-el-mundo-que-pasara-en-argentina\/#primaryimage","url":"https:\/\/gysfm.com.ar\/inicio\/wp-content\/uploads\/2025\/07\/quiebra.jpg","contentUrl":"https:\/\/gysfm.com.ar\/inicio\/wp-content\/uploads\/2025\/07\/quiebra.jpg","width":1200,"height":675},{"@type":"BreadcrumbList","@id":"https:\/\/gysfm.com.ar\/inicio\/se-declaro-en-quiebra-y-cerro-sus-sucursales-en-el-mundo-que-pasara-en-argentina\/#breadcrumb","itemListElement":[{"@type":"ListItem","position":1,"name":"Portada","item":"https:\/\/gysfm.com.ar\/inicio\/"},{"@type":"ListItem","position":2,"name":"Se declar\u00f3 en quiebra y cerr\u00f3 sus sucursales en el mundo: \u00bfqu\u00e9 pasar\u00e1 en Argentina?"}]},{"@type":"WebSite","@id":"https:\/\/gysfm.com.ar\/inicio\/#website","url":"https:\/\/gysfm.com.ar\/inicio\/","name":"GYS NOTICIAS |","description":"DIARIO - RADIO ONLINE SAN JUAN ARGENTINA","publisher":{"@id":"https:\/\/gysfm.com.ar\/inicio\/#organization"},"potentialAction":[{"@type":"SearchAction","target":{"@type":"EntryPoint","urlTemplate":"https:\/\/gysfm.com.ar\/inicio\/?s={search_term_string}"},"query-input":{"@type":"PropertyValueSpecification","valueRequired":true,"valueName":"search_term_string"}}],"inLanguage":"es"},{"@type":"Organization","@id":"https:\/\/gysfm.com.ar\/inicio\/#organization","name":"GYS NOTICIAS |","url":"https:\/\/gysfm.com.ar\/inicio\/","logo":{"@type":"ImageObject","inLanguage":"es","@id":"https:\/\/gysfm.com.ar\/inicio\/#\/schema\/logo\/image\/","url":"https:\/\/gysfm.com.ar\/inicio\/wp-content\/uploads\/2023\/07\/LOGOGYS-OK.png","contentUrl":"https:\/\/gysfm.com.ar\/inicio\/wp-content\/uploads\/2023\/07\/LOGOGYS-OK.png","width":1170,"height":872,"caption":"GYS NOTICIAS |"},"image":{"@id":"https:\/\/gysfm.com.ar\/inicio\/#\/schema\/logo\/image\/"}},{"@type":"Person","@id":"https:\/\/gysfm.com.ar\/inicio\/#\/schema\/person\/5bedd7ecd35cc35548d89effafa23696","name":"admin","image":{"@type":"ImageObject","inLanguage":"es","@id":"https:\/\/gysfm.com.ar\/inicio\/#\/schema\/person\/image\/","url":"https:\/\/secure.gravatar.com\/avatar\/c331d312b5243fb64d5ba28108a447b27c925295129a363082c9ea52c28d32c2?s=96&d=mm&r=g","contentUrl":"https:\/\/secure.gravatar.com\/avatar\/c331d312b5243fb64d5ba28108a447b27c925295129a363082c9ea52c28d32c2?s=96&d=mm&r=g","caption":"admin"},"sameAs":["https:\/\/gysfm.com.ar\/inicio"],"url":"https:\/\/gysfm.com.ar\/inicio\/author\/admin\/"}]}},"_links":{"self":[{"href":"https:\/\/gysfm.com.ar\/inicio\/wp-json\/wp\/v2\/posts\/138684","targetHints":{"allow":["GET"]}}],"collection":[{"href":"https:\/\/gysfm.com.ar\/inicio\/wp-json\/wp\/v2\/posts"}],"about":[{"href":"https:\/\/gysfm.com.ar\/inicio\/wp-json\/wp\/v2\/types\/post"}],"author":[{"embeddable":true,"href":"https:\/\/gysfm.com.ar\/inicio\/wp-json\/wp\/v2\/users\/1"}],"replies":[{"embeddable":true,"href":"https:\/\/gysfm.com.ar\/inicio\/wp-json\/wp\/v2\/comments?post=138684"}],"version-history":[{"count":0,"href":"https:\/\/gysfm.com.ar\/inicio\/wp-json\/wp\/v2\/posts\/138684\/revisions"}],"wp:featuredmedia":[{"embeddable":true,"href":"https:\/\/gysfm.com.ar\/inicio\/wp-json\/wp\/v2\/media\/138685"}],"wp:attachment":[{"href":"https:\/\/gysfm.com.ar\/inicio\/wp-json\/wp\/v2\/media?parent=138684"}],"wp:term":[{"taxonomy":"category","embeddable":true,"href":"https:\/\/gysfm.com.ar\/inicio\/wp-json\/wp\/v2\/categories?post=138684"},{"taxonomy":"post_tag","embeddable":true,"href":"https:\/\/gysfm.com.ar\/inicio\/wp-json\/wp\/v2\/tags?post=138684"}],"curies":[{"name":"wp","href":"https:\/\/api.w.org\/{rel}","templated":true}]}}