{"id":138679,"date":"2025-07-23T10:57:25","date_gmt":"2025-07-23T13:57:25","guid":{"rendered":"https:\/\/gysfm.com.ar\/inicio\/ozzy-osbourne-la-pasion-oculta-que-lo-acompano-hasta-sus-ultimos-dias\/"},"modified":"2025-07-23T10:57:26","modified_gmt":"2025-07-23T13:57:26","slug":"ozzy-osbourne-la-pasion-oculta-que-lo-acompano-hasta-sus-ultimos-dias","status":"publish","type":"post","link":"https:\/\/gysfm.com.ar\/inicio\/ozzy-osbourne-la-pasion-oculta-que-lo-acompano-hasta-sus-ultimos-dias\/","title":{"rendered":"Ozzy Osbourne: la pasi\u00f3n oculta que lo acompa\u00f1\u00f3 hasta sus \u00faltimos d\u00edas"},"content":{"rendered":"<p><\/p>\n<div>\n<p class=\"com-paragraph  --capital --s\">Ozzy Osbourne, el legendario m\u00fasico brit\u00e1nico y fundador de Black Sabbath,<a href=\"https:\/\/www.lanacion.com.ar\/espectaculos\/musica\/murio-ozzy-osbourne-cantante-de-black-sabbath-a-los-76-anos-nid22072025\/\" target=\"_self\" title=\"https:\/\/www.lanacion.com.ar\/espectaculos\/musica\/murio-ozzy-osbourne-cantante-de-black-sabbath-a-los-76-anos-nid22072025\/\" class=\"com-link\" data-mrf-recirculation=\"n_link_parrafo\"> <strong>falleci\u00f3 este martes a los 76 a\u00f1os.<\/strong><\/a> El artista hab\u00eda sido diagnosticado con Parkinson a\u00f1os atr\u00e1s y su salud se hab\u00eda deteriorado en los \u00faltimos meses. <\/p>\n<p class=\"com-paragraph   --s\"><strong>La noticia fue confirmada por su familia v\u00eda redes sociales <\/strong>y a trav\u00e9s de <em>The Guardian.<\/em> \u201c<strong>Con m\u00e1s tristeza de la que las palabras pueden expresar, informamos que Ozzy Osbourne falleci\u00f3 esta ma\u00f1ana. <\/strong>Estaba con su familia y rodeado de amor. Pedimos a todos que respeten nuestra privacidad\u201d, se\u00f1ala el texto. <\/p>\n<p class=\"com-paragraph   --s\">Nacido el 3 de diciembre de 1948 en Birmingham, Inglaterra,<strong> Osbourne era un reconocido amante de los autos, <\/strong>pasi\u00f3n de la que no hac\u00eda alarde, pero manten\u00eda en su vida privada. A lo largo de los a\u00f1os, fue retratado al volante de distintos modelos, pero <strong>el primero en integrar su colecci\u00f3n fue un elegante Daimler DS420.<\/strong><\/p>\n<p class=\"com-paragraph   --s\">Este modelo en cuesti\u00f3n<strong> era una lujosa limusina <\/strong>(que se produjo entre 1968 y 1992) <strong>que logr\u00f3 ser todo un \u00edcono brit\u00e1nico por sus l\u00edneas elegantes<\/strong> <strong>y por la potencia de su motor.<\/strong> <\/p>\n<p class=\"com-paragraph   --s\">Debajo del capot, <strong>esta \u201cjoya\u201d equipa un motor Jaguar XK de seis cilindros en l\u00ednea y 4.2 L, que entrega 163 CV,<\/strong> asociado a una transmisi\u00f3n autom\u00e1tica, toda una novedad para la \u00e9poca, de tres velocidades. En t\u00e9rminos de rendimiento <strong>este auto puede alcanzar los 177 km\/h, <\/strong>seg\u00fan narran medios brit\u00e1nicos especializados en la industria.<\/p>\n<div class=\"content-media\">\n<section role=\"button\" class=\"mod-media   \">\n<figure role=\"button\" class=\"mod-figure \"><figcaption class=\"mod-figcaption\"><span class=\"com-text --caption --twoxs\">Daimler DS420 Limousine<\/span><span class=\"com-text --credit --twoxs\">James Hime &#8211; Shutterstock<\/span><\/figcaption><\/figure>\n<\/section>\n<\/div>\n<p class=\"com-paragraph   --s\">Tambi\u00e9n en su juventud, el autor de canciones como \u00ab<em>No More Tears\u00bb, <\/em>fue due\u00f1o de un <strong>Volvo 265 modelo 1982.<\/strong> Se trata de <strong>un ejemplar serie 200, producido entre 1974 y 1993, que trae un motor V6 2.8 L que otorga 155 CV <\/strong>y un par m\u00e1ximo de 230 Nm. <\/p>\n<p class=\"com-paragraph   --s\">A su vez, <strong>permite una aceleraci\u00f3n m\u00e1xima de 185 km\/h y acelera de 0 a 100 km\/h en 10 segundos.<\/strong><\/p>\n<p class=\"com-paragraph   --s\"><strong>Su portfolio de autos emblem\u00e1ticos tambi\u00e9n incluy\u00f3 a un W201 de la firma alemana Mercedes-Benz. <\/strong>Furor en la \u00e9poca de 1980, <strong>este modelo cuenta con un motor 2.0 L con 4 cilindros en l\u00ednea, que permite una potencia m\u00e1xima de 100 CV<\/strong> y cuenta con la misma performance de 0 a 100 km\/h que el Volvo 265 (10 segundos).<\/p>\n<div class=\"content-media\">\n<section role=\"button\" class=\"mod-media   \">\n<figure role=\"button\" class=\"mod-figure \"><figcaption class=\"mod-figcaption\"><span class=\"com-text --caption --twoxs\">Mercedes Benz W201<\/span><span class=\"com-text --credit --twoxs\">adolf martinez soler &#8211; Shutterstock<\/span><\/figcaption><\/figure>\n<\/section>\n<\/div>\n<p class=\"com-paragraph   --s\">Conforme su carrera fue en crecimiento, el ya consolidado \u201cpr\u00edncipe de las tinieblas\u201d adquiri\u00f3 una <strong>Ferrari 458, <\/strong>veh\u00edculo que porta un <strong> motor V8 5.5, que entrega 570 CV y una velocidad m\u00e1xima de 320 km\/h.<\/strong> Sin dudas que uno de los m\u00e1s r\u00e1pidos y potentes que tuvo en sus manos el cantante de Black Sabbath.<\/p>\n<div class=\"content-media\">\n<section role=\"button\" class=\"mod-media   \">\n<figure role=\"button\" class=\"mod-figure \"><figcaption class=\"mod-figcaption\"><span class=\"com-text --caption --twoxs\">La Ferrari que Ozzy Osbourne ten\u00eda era de color negro<\/span><span class=\"com-text --credit --twoxs\">Roman.Stasiuk &#8211; Shutterstock<\/span><\/figcaption><\/figure>\n<\/section>\n<\/div>\n<p class=\"com-paragraph   --s\">Por \u00faltimo y por si fuera poco, <strong>tambi\u00e9n se lo vio detr\u00e1s del volante de un Audi R8, <\/strong>que contaba con un <strong>motor V10 5.2 que produce unos 550 CV<\/strong> y permite una velocidad m\u00e1xima de 320 km\/h. <strong>Acelera de 0 a 100 km\/h en 3,8 segundos.<\/strong><\/p>\n<div class=\"content-media\">\n<section role=\"button\" class=\"mod-media   \">\n<figure role=\"button\" class=\"mod-figure \"><figcaption class=\"mod-figcaption\"><span class=\"com-text --caption --twoxs\">Audi R8<\/span><span class=\"com-text --credit --twoxs\">Zuumy &#8211; Shutterstock<\/span><\/figcaption><\/figure>\n<\/section>\n<\/div>\n<p class=\"com-paragraph   --s\">Los autos, apenas un legado en la gran trayectoria musical de Ozzy Osbourne, fueron una pasi\u00f3n que lo acompa\u00f1\u00f3 en todo momento de su vida. Su fallecimiento se da semanas despu\u00e9s de haber brindado un \u00faltimo concierto en el estadio Villa Park, en Birmingham, en un evento ben\u00e9fico titulado <em>\u201cBack to the Beginning\u201d.<\/em><\/p>\n<section class=\"container-center-100 mb-40 border border-bottom border-thin border-neutral-light-700\">\n<hr\/>\n<\/section>\n<\/div>\n","protected":false},"excerpt":{"rendered":"<p>Ozzy Osbourne, el legendario m\u00fasico brit\u00e1nico y fundador de Black Sabbath, falleci\u00f3 este martes a los 76 a\u00f1os. El artista hab\u00eda sido diagnosticado con Parkinson a\u00f1os atr\u00e1s y su salud se hab\u00eda deteriorado en los \u00faltimos meses. La noticia fue confirmada por su familia v\u00eda redes sociales y a trav\u00e9s de The Guardian. \u201cCon m\u00e1s [&hellip;]<\/p>\n","protected":false},"author":1,"featured_media":138680,"comment_status":"closed","ping_status":"closed","sticky":false,"template":"","format":"standard","meta":{"footnotes":""},"categories":[28],"tags":[],"class_list":["post-138679","post","type-post","status-publish","format-standard","has-post-thumbnail","hentry","category-economia"],"yoast_head":"<!-- This site is optimized with the Yoast SEO plugin v24.4 - https:\/\/yoast.com\/wordpress\/plugins\/seo\/ -->\n<title>Ozzy Osbourne: la pasi\u00f3n oculta que lo acompa\u00f1\u00f3 hasta sus \u00faltimos d\u00edas - GYS NOTICIAS |<\/title>\n<meta name=\"robots\" content=\"index, follow, max-snippet:-1, max-image-preview:large, max-video-preview:-1\" \/>\n<link rel=\"canonical\" href=\"https:\/\/gysfm.com.ar\/inicio\/ozzy-osbourne-la-pasion-oculta-que-lo-acompano-hasta-sus-ultimos-dias\/\" \/>\n<meta property=\"og:locale\" content=\"es_ES\" \/>\n<meta property=\"og:type\" content=\"article\" \/>\n<meta property=\"og:title\" content=\"Ozzy Osbourne: la pasi\u00f3n oculta que lo acompa\u00f1\u00f3 hasta sus \u00faltimos d\u00edas - GYS NOTICIAS |\" \/>\n<meta property=\"og:description\" content=\"Ozzy Osbourne, el legendario m\u00fasico brit\u00e1nico y fundador de Black Sabbath, falleci\u00f3 este martes a los 76 a\u00f1os. El artista hab\u00eda sido diagnosticado con Parkinson a\u00f1os atr\u00e1s y su salud se hab\u00eda deteriorado en los \u00faltimos meses. La noticia fue confirmada por su familia v\u00eda redes sociales y a trav\u00e9s de The Guardian. \u201cCon m\u00e1s [&hellip;]\" \/>\n<meta property=\"og:url\" content=\"https:\/\/gysfm.com.ar\/inicio\/ozzy-osbourne-la-pasion-oculta-que-lo-acompano-hasta-sus-ultimos-dias\/\" \/>\n<meta property=\"og:site_name\" content=\"GYS NOTICIAS |\" \/>\n<meta property=\"article:published_time\" content=\"2025-07-23T13:57:25+00:00\" \/>\n<meta property=\"article:modified_time\" content=\"2025-07-23T13:57:26+00:00\" \/>\n<meta property=\"og:image\" content=\"https:\/\/gysfm.com.ar\/inicio\/wp-content\/uploads\/2025\/07\/el-musico-fue-un-fanatico-del-motor-pasion-que-5IDCKPL2KFETFDN2HEVS4XY7GU.JPG\" \/>\n\t<meta property=\"og:image:width\" content=\"1200\" \/>\n\t<meta property=\"og:image:height\" content=\"799\" \/>\n\t<meta property=\"og:image:type\" content=\"image\/jpeg\" \/>\n<meta name=\"author\" content=\"admin\" \/>\n<meta name=\"twitter:card\" content=\"summary_large_image\" \/>\n<meta name=\"twitter:label1\" content=\"Escrito por\" \/>\n\t<meta name=\"twitter:data1\" content=\"admin\" \/>\n\t<meta name=\"twitter:label2\" content=\"Tiempo de lectura\" \/>\n\t<meta name=\"twitter:data2\" content=\"3 minutos\" \/>\n<script type=\"application\/ld+json\" class=\"yoast-schema-graph\">{\"@context\":\"https:\/\/schema.org\",\"@graph\":[{\"@type\":\"Article\",\"@id\":\"https:\/\/gysfm.com.ar\/inicio\/ozzy-osbourne-la-pasion-oculta-que-lo-acompano-hasta-sus-ultimos-dias\/#article\",\"isPartOf\":{\"@id\":\"https:\/\/gysfm.com.ar\/inicio\/ozzy-osbourne-la-pasion-oculta-que-lo-acompano-hasta-sus-ultimos-dias\/\"},\"author\":{\"name\":\"admin\",\"@id\":\"https:\/\/gysfm.com.ar\/inicio\/#\/schema\/person\/5bedd7ecd35cc35548d89effafa23696\"},\"headline\":\"Ozzy Osbourne: la pasi\u00f3n oculta que lo acompa\u00f1\u00f3 hasta sus \u00faltimos d\u00edas\",\"datePublished\":\"2025-07-23T13:57:25+00:00\",\"dateModified\":\"2025-07-23T13:57:26+00:00\",\"mainEntityOfPage\":{\"@id\":\"https:\/\/gysfm.com.ar\/inicio\/ozzy-osbourne-la-pasion-oculta-que-lo-acompano-hasta-sus-ultimos-dias\/\"},\"wordCount\":580,\"publisher\":{\"@id\":\"https:\/\/gysfm.com.ar\/inicio\/#organization\"},\"image\":{\"@id\":\"https:\/\/gysfm.com.ar\/inicio\/ozzy-osbourne-la-pasion-oculta-que-lo-acompano-hasta-sus-ultimos-dias\/#primaryimage\"},\"thumbnailUrl\":\"https:\/\/gysfm.com.ar\/inicio\/wp-content\/uploads\/2025\/07\/el-musico-fue-un-fanatico-del-motor-pasion-que-5IDCKPL2KFETFDN2HEVS4XY7GU.JPG\",\"articleSection\":[\"ECONOMIA\"],\"inLanguage\":\"es\"},{\"@type\":\"WebPage\",\"@id\":\"https:\/\/gysfm.com.ar\/inicio\/ozzy-osbourne-la-pasion-oculta-que-lo-acompano-hasta-sus-ultimos-dias\/\",\"url\":\"https:\/\/gysfm.com.ar\/inicio\/ozzy-osbourne-la-pasion-oculta-que-lo-acompano-hasta-sus-ultimos-dias\/\",\"name\":\"Ozzy Osbourne: la pasi\u00f3n oculta que lo acompa\u00f1\u00f3 hasta sus \u00faltimos d\u00edas - GYS NOTICIAS |\",\"isPartOf\":{\"@id\":\"https:\/\/gysfm.com.ar\/inicio\/#website\"},\"primaryImageOfPage\":{\"@id\":\"https:\/\/gysfm.com.ar\/inicio\/ozzy-osbourne-la-pasion-oculta-que-lo-acompano-hasta-sus-ultimos-dias\/#primaryimage\"},\"image\":{\"@id\":\"https:\/\/gysfm.com.ar\/inicio\/ozzy-osbourne-la-pasion-oculta-que-lo-acompano-hasta-sus-ultimos-dias\/#primaryimage\"},\"thumbnailUrl\":\"https:\/\/gysfm.com.ar\/inicio\/wp-content\/uploads\/2025\/07\/el-musico-fue-un-fanatico-del-motor-pasion-que-5IDCKPL2KFETFDN2HEVS4XY7GU.JPG\",\"datePublished\":\"2025-07-23T13:57:25+00:00\",\"dateModified\":\"2025-07-23T13:57:26+00:00\",\"breadcrumb\":{\"@id\":\"https:\/\/gysfm.com.ar\/inicio\/ozzy-osbourne-la-pasion-oculta-que-lo-acompano-hasta-sus-ultimos-dias\/#breadcrumb\"},\"inLanguage\":\"es\",\"potentialAction\":[{\"@type\":\"ReadAction\",\"target\":[\"https:\/\/gysfm.com.ar\/inicio\/ozzy-osbourne-la-pasion-oculta-que-lo-acompano-hasta-sus-ultimos-dias\/\"]}]},{\"@type\":\"ImageObject\",\"inLanguage\":\"es\",\"@id\":\"https:\/\/gysfm.com.ar\/inicio\/ozzy-osbourne-la-pasion-oculta-que-lo-acompano-hasta-sus-ultimos-dias\/#primaryimage\",\"url\":\"https:\/\/gysfm.com.ar\/inicio\/wp-content\/uploads\/2025\/07\/el-musico-fue-un-fanatico-del-motor-pasion-que-5IDCKPL2KFETFDN2HEVS4XY7GU.JPG\",\"contentUrl\":\"https:\/\/gysfm.com.ar\/inicio\/wp-content\/uploads\/2025\/07\/el-musico-fue-un-fanatico-del-motor-pasion-que-5IDCKPL2KFETFDN2HEVS4XY7GU.JPG\",\"width\":1200,\"height\":799},{\"@type\":\"BreadcrumbList\",\"@id\":\"https:\/\/gysfm.com.ar\/inicio\/ozzy-osbourne-la-pasion-oculta-que-lo-acompano-hasta-sus-ultimos-dias\/#breadcrumb\",\"itemListElement\":[{\"@type\":\"ListItem\",\"position\":1,\"name\":\"Portada\",\"item\":\"https:\/\/gysfm.com.ar\/inicio\/\"},{\"@type\":\"ListItem\",\"position\":2,\"name\":\"Ozzy Osbourne: la pasi\u00f3n oculta que lo acompa\u00f1\u00f3 hasta sus \u00faltimos d\u00edas\"}]},{\"@type\":\"WebSite\",\"@id\":\"https:\/\/gysfm.com.ar\/inicio\/#website\",\"url\":\"https:\/\/gysfm.com.ar\/inicio\/\",\"name\":\"GYS NOTICIAS |\",\"description\":\"DIARIO - RADIO ONLINE SAN JUAN ARGENTINA\",\"publisher\":{\"@id\":\"https:\/\/gysfm.com.ar\/inicio\/#organization\"},\"potentialAction\":[{\"@type\":\"SearchAction\",\"target\":{\"@type\":\"EntryPoint\",\"urlTemplate\":\"https:\/\/gysfm.com.ar\/inicio\/?s={search_term_string}\"},\"query-input\":{\"@type\":\"PropertyValueSpecification\",\"valueRequired\":true,\"valueName\":\"search_term_string\"}}],\"inLanguage\":\"es\"},{\"@type\":\"Organization\",\"@id\":\"https:\/\/gysfm.com.ar\/inicio\/#organization\",\"name\":\"GYS NOTICIAS |\",\"url\":\"https:\/\/gysfm.com.ar\/inicio\/\",\"logo\":{\"@type\":\"ImageObject\",\"inLanguage\":\"es\",\"@id\":\"https:\/\/gysfm.com.ar\/inicio\/#\/schema\/logo\/image\/\",\"url\":\"https:\/\/gysfm.com.ar\/inicio\/wp-content\/uploads\/2023\/07\/LOGOGYS-OK.png\",\"contentUrl\":\"https:\/\/gysfm.com.ar\/inicio\/wp-content\/uploads\/2023\/07\/LOGOGYS-OK.png\",\"width\":1170,\"height\":872,\"caption\":\"GYS NOTICIAS |\"},\"image\":{\"@id\":\"https:\/\/gysfm.com.ar\/inicio\/#\/schema\/logo\/image\/\"}},{\"@type\":\"Person\",\"@id\":\"https:\/\/gysfm.com.ar\/inicio\/#\/schema\/person\/5bedd7ecd35cc35548d89effafa23696\",\"name\":\"admin\",\"image\":{\"@type\":\"ImageObject\",\"inLanguage\":\"es\",\"@id\":\"https:\/\/gysfm.com.ar\/inicio\/#\/schema\/person\/image\/\",\"url\":\"https:\/\/secure.gravatar.com\/avatar\/c331d312b5243fb64d5ba28108a447b27c925295129a363082c9ea52c28d32c2?s=96&d=mm&r=g\",\"contentUrl\":\"https:\/\/secure.gravatar.com\/avatar\/c331d312b5243fb64d5ba28108a447b27c925295129a363082c9ea52c28d32c2?s=96&d=mm&r=g\",\"caption\":\"admin\"},\"sameAs\":[\"https:\/\/gysfm.com.ar\/inicio\"],\"url\":\"https:\/\/gysfm.com.ar\/inicio\/author\/admin\/\"}]}<\/script>\n<!-- \/ Yoast SEO plugin. -->","yoast_head_json":{"title":"Ozzy Osbourne: la pasi\u00f3n oculta que lo acompa\u00f1\u00f3 hasta sus \u00faltimos d\u00edas - GYS NOTICIAS |","robots":{"index":"index","follow":"follow","max-snippet":"max-snippet:-1","max-image-preview":"max-image-preview:large","max-video-preview":"max-video-preview:-1"},"canonical":"https:\/\/gysfm.com.ar\/inicio\/ozzy-osbourne-la-pasion-oculta-que-lo-acompano-hasta-sus-ultimos-dias\/","og_locale":"es_ES","og_type":"article","og_title":"Ozzy Osbourne: la pasi\u00f3n oculta que lo acompa\u00f1\u00f3 hasta sus \u00faltimos d\u00edas - GYS NOTICIAS |","og_description":"Ozzy Osbourne, el legendario m\u00fasico brit\u00e1nico y fundador de Black Sabbath, falleci\u00f3 este martes a los 76 a\u00f1os. El artista hab\u00eda sido diagnosticado con Parkinson a\u00f1os atr\u00e1s y su salud se hab\u00eda deteriorado en los \u00faltimos meses. La noticia fue confirmada por su familia v\u00eda redes sociales y a trav\u00e9s de The Guardian. \u201cCon m\u00e1s [&hellip;]","og_url":"https:\/\/gysfm.com.ar\/inicio\/ozzy-osbourne-la-pasion-oculta-que-lo-acompano-hasta-sus-ultimos-dias\/","og_site_name":"GYS NOTICIAS |","article_published_time":"2025-07-23T13:57:25+00:00","article_modified_time":"2025-07-23T13:57:26+00:00","og_image":[{"width":1200,"height":799,"url":"https:\/\/gysfm.com.ar\/inicio\/wp-content\/uploads\/2025\/07\/el-musico-fue-un-fanatico-del-motor-pasion-que-5IDCKPL2KFETFDN2HEVS4XY7GU.JPG","type":"image\/jpeg"}],"author":"admin","twitter_card":"summary_large_image","twitter_misc":{"Escrito por":"admin","Tiempo de lectura":"3 minutos"},"schema":{"@context":"https:\/\/schema.org","@graph":[{"@type":"Article","@id":"https:\/\/gysfm.com.ar\/inicio\/ozzy-osbourne-la-pasion-oculta-que-lo-acompano-hasta-sus-ultimos-dias\/#article","isPartOf":{"@id":"https:\/\/gysfm.com.ar\/inicio\/ozzy-osbourne-la-pasion-oculta-que-lo-acompano-hasta-sus-ultimos-dias\/"},"author":{"name":"admin","@id":"https:\/\/gysfm.com.ar\/inicio\/#\/schema\/person\/5bedd7ecd35cc35548d89effafa23696"},"headline":"Ozzy Osbourne: la pasi\u00f3n oculta que lo acompa\u00f1\u00f3 hasta sus \u00faltimos d\u00edas","datePublished":"2025-07-23T13:57:25+00:00","dateModified":"2025-07-23T13:57:26+00:00","mainEntityOfPage":{"@id":"https:\/\/gysfm.com.ar\/inicio\/ozzy-osbourne-la-pasion-oculta-que-lo-acompano-hasta-sus-ultimos-dias\/"},"wordCount":580,"publisher":{"@id":"https:\/\/gysfm.com.ar\/inicio\/#organization"},"image":{"@id":"https:\/\/gysfm.com.ar\/inicio\/ozzy-osbourne-la-pasion-oculta-que-lo-acompano-hasta-sus-ultimos-dias\/#primaryimage"},"thumbnailUrl":"https:\/\/gysfm.com.ar\/inicio\/wp-content\/uploads\/2025\/07\/el-musico-fue-un-fanatico-del-motor-pasion-que-5IDCKPL2KFETFDN2HEVS4XY7GU.JPG","articleSection":["ECONOMIA"],"inLanguage":"es"},{"@type":"WebPage","@id":"https:\/\/gysfm.com.ar\/inicio\/ozzy-osbourne-la-pasion-oculta-que-lo-acompano-hasta-sus-ultimos-dias\/","url":"https:\/\/gysfm.com.ar\/inicio\/ozzy-osbourne-la-pasion-oculta-que-lo-acompano-hasta-sus-ultimos-dias\/","name":"Ozzy Osbourne: la pasi\u00f3n oculta que lo acompa\u00f1\u00f3 hasta sus \u00faltimos d\u00edas - GYS NOTICIAS |","isPartOf":{"@id":"https:\/\/gysfm.com.ar\/inicio\/#website"},"primaryImageOfPage":{"@id":"https:\/\/gysfm.com.ar\/inicio\/ozzy-osbourne-la-pasion-oculta-que-lo-acompano-hasta-sus-ultimos-dias\/#primaryimage"},"image":{"@id":"https:\/\/gysfm.com.ar\/inicio\/ozzy-osbourne-la-pasion-oculta-que-lo-acompano-hasta-sus-ultimos-dias\/#primaryimage"},"thumbnailUrl":"https:\/\/gysfm.com.ar\/inicio\/wp-content\/uploads\/2025\/07\/el-musico-fue-un-fanatico-del-motor-pasion-que-5IDCKPL2KFETFDN2HEVS4XY7GU.JPG","datePublished":"2025-07-23T13:57:25+00:00","dateModified":"2025-07-23T13:57:26+00:00","breadcrumb":{"@id":"https:\/\/gysfm.com.ar\/inicio\/ozzy-osbourne-la-pasion-oculta-que-lo-acompano-hasta-sus-ultimos-dias\/#breadcrumb"},"inLanguage":"es","potentialAction":[{"@type":"ReadAction","target":["https:\/\/gysfm.com.ar\/inicio\/ozzy-osbourne-la-pasion-oculta-que-lo-acompano-hasta-sus-ultimos-dias\/"]}]},{"@type":"ImageObject","inLanguage":"es","@id":"https:\/\/gysfm.com.ar\/inicio\/ozzy-osbourne-la-pasion-oculta-que-lo-acompano-hasta-sus-ultimos-dias\/#primaryimage","url":"https:\/\/gysfm.com.ar\/inicio\/wp-content\/uploads\/2025\/07\/el-musico-fue-un-fanatico-del-motor-pasion-que-5IDCKPL2KFETFDN2HEVS4XY7GU.JPG","contentUrl":"https:\/\/gysfm.com.ar\/inicio\/wp-content\/uploads\/2025\/07\/el-musico-fue-un-fanatico-del-motor-pasion-que-5IDCKPL2KFETFDN2HEVS4XY7GU.JPG","width":1200,"height":799},{"@type":"BreadcrumbList","@id":"https:\/\/gysfm.com.ar\/inicio\/ozzy-osbourne-la-pasion-oculta-que-lo-acompano-hasta-sus-ultimos-dias\/#breadcrumb","itemListElement":[{"@type":"ListItem","position":1,"name":"Portada","item":"https:\/\/gysfm.com.ar\/inicio\/"},{"@type":"ListItem","position":2,"name":"Ozzy Osbourne: la pasi\u00f3n oculta que lo acompa\u00f1\u00f3 hasta sus \u00faltimos d\u00edas"}]},{"@type":"WebSite","@id":"https:\/\/gysfm.com.ar\/inicio\/#website","url":"https:\/\/gysfm.com.ar\/inicio\/","name":"GYS NOTICIAS |","description":"DIARIO - RADIO ONLINE SAN JUAN ARGENTINA","publisher":{"@id":"https:\/\/gysfm.com.ar\/inicio\/#organization"},"potentialAction":[{"@type":"SearchAction","target":{"@type":"EntryPoint","urlTemplate":"https:\/\/gysfm.com.ar\/inicio\/?s={search_term_string}"},"query-input":{"@type":"PropertyValueSpecification","valueRequired":true,"valueName":"search_term_string"}}],"inLanguage":"es"},{"@type":"Organization","@id":"https:\/\/gysfm.com.ar\/inicio\/#organization","name":"GYS NOTICIAS |","url":"https:\/\/gysfm.com.ar\/inicio\/","logo":{"@type":"ImageObject","inLanguage":"es","@id":"https:\/\/gysfm.com.ar\/inicio\/#\/schema\/logo\/image\/","url":"https:\/\/gysfm.com.ar\/inicio\/wp-content\/uploads\/2023\/07\/LOGOGYS-OK.png","contentUrl":"https:\/\/gysfm.com.ar\/inicio\/wp-content\/uploads\/2023\/07\/LOGOGYS-OK.png","width":1170,"height":872,"caption":"GYS NOTICIAS |"},"image":{"@id":"https:\/\/gysfm.com.ar\/inicio\/#\/schema\/logo\/image\/"}},{"@type":"Person","@id":"https:\/\/gysfm.com.ar\/inicio\/#\/schema\/person\/5bedd7ecd35cc35548d89effafa23696","name":"admin","image":{"@type":"ImageObject","inLanguage":"es","@id":"https:\/\/gysfm.com.ar\/inicio\/#\/schema\/person\/image\/","url":"https:\/\/secure.gravatar.com\/avatar\/c331d312b5243fb64d5ba28108a447b27c925295129a363082c9ea52c28d32c2?s=96&d=mm&r=g","contentUrl":"https:\/\/secure.gravatar.com\/avatar\/c331d312b5243fb64d5ba28108a447b27c925295129a363082c9ea52c28d32c2?s=96&d=mm&r=g","caption":"admin"},"sameAs":["https:\/\/gysfm.com.ar\/inicio"],"url":"https:\/\/gysfm.com.ar\/inicio\/author\/admin\/"}]}},"_links":{"self":[{"href":"https:\/\/gysfm.com.ar\/inicio\/wp-json\/wp\/v2\/posts\/138679","targetHints":{"allow":["GET"]}}],"collection":[{"href":"https:\/\/gysfm.com.ar\/inicio\/wp-json\/wp\/v2\/posts"}],"about":[{"href":"https:\/\/gysfm.com.ar\/inicio\/wp-json\/wp\/v2\/types\/post"}],"author":[{"embeddable":true,"href":"https:\/\/gysfm.com.ar\/inicio\/wp-json\/wp\/v2\/users\/1"}],"replies":[{"embeddable":true,"href":"https:\/\/gysfm.com.ar\/inicio\/wp-json\/wp\/v2\/comments?post=138679"}],"version-history":[{"count":1,"href":"https:\/\/gysfm.com.ar\/inicio\/wp-json\/wp\/v2\/posts\/138679\/revisions"}],"predecessor-version":[{"id":138681,"href":"https:\/\/gysfm.com.ar\/inicio\/wp-json\/wp\/v2\/posts\/138679\/revisions\/138681"}],"wp:featuredmedia":[{"embeddable":true,"href":"https:\/\/gysfm.com.ar\/inicio\/wp-json\/wp\/v2\/media\/138680"}],"wp:attachment":[{"href":"https:\/\/gysfm.com.ar\/inicio\/wp-json\/wp\/v2\/media?parent=138679"}],"wp:term":[{"taxonomy":"category","embeddable":true,"href":"https:\/\/gysfm.com.ar\/inicio\/wp-json\/wp\/v2\/categories?post=138679"},{"taxonomy":"post_tag","embeddable":true,"href":"https:\/\/gysfm.com.ar\/inicio\/wp-json\/wp\/v2\/tags?post=138679"}],"curies":[{"name":"wp","href":"https:\/\/api.w.org\/{rel}","templated":true}]}}