{"id":138672,"date":"2025-07-23T10:07:51","date_gmt":"2025-07-23T13:07:51","guid":{"rendered":"https:\/\/gysfm.com.ar\/inicio\/luis-caputo-se-reunio-con-la-encargada-de-negocios-de-eeuu-en-argentina-para-ampliar-nexo-comercial\/"},"modified":"2025-07-23T10:07:51","modified_gmt":"2025-07-23T13:07:51","slug":"luis-caputo-se-reunio-con-la-encargada-de-negocios-de-eeuu-en-argentina-para-ampliar-nexo-comercial","status":"publish","type":"post","link":"https:\/\/gysfm.com.ar\/inicio\/luis-caputo-se-reunio-con-la-encargada-de-negocios-de-eeuu-en-argentina-para-ampliar-nexo-comercial\/","title":{"rendered":"Luis Caputo se reuni\u00f3 con la encargada de negocios de EEUU en Argentina para ampliar nexo comercial"},"content":{"rendered":"<p> <br \/>\n<\/p>\n<div>\t\t<!-- { REGION4 --> <\/p>\n<header class=\"news-headline\">\n<h2 class=\"news-headline__article-summary\">\t\t<\/h2>\n<p class=\"ignore-parser\">El ministro de Econom\u00eda recibi\u00f3 a Heidi G\u00f3mez, quien asumi\u00f3 interinamente el cargo hasta el arribo del nuevo embajador, Peter Lamelas. Ambos destacaron las oportunidades de colaboraci\u00f3n comercial.<\/p>\n<\/header>\n<div class=\"detail-highlighted-multimedia content-protected-false\">\n<figure class=\"detail-highlighted-multimedia__figure\">  <img loading=\"lazy\" decoding=\"async\" src=\"https:\/\/media.ambito.com\/p\/07ea635d31e9e23c92d88e897c1c43fa\/adjuntos\/239\/imagenes\/042\/610\/0042610501\/655x368\/smart\/luis-caputo-heidi-gomez.jpg\" class=\"detail-highlighted-multimedia__figure-img img-fluid\" alt=\"El minitro Luis Caputo junto a Heidi G\u00f3mez, encargada de negocios de EEUU en Argentina.\u00a0\" width=\"1200\" height=\"675\" crossorigin=\"anonymous\"\/><figcaption class=\"detail-highlighted-multimedia__figcaption\">  <\/figcaption><\/figure>\n<\/p><\/div>\n<article class=\"article-body article-body--first-paragraph content-protected-false\" data-td-script-src=\"https:\/\/www.ambito.com\/td\/modulos\/encuestas\/js\/function-embeds-min-version-1747541270.js\">\n<p>El ministro de Econom\u00eda, <strong>Luis Caputo,<\/strong> mantuvo una reuni\u00f3n este martes con la nueva Encargada de Negocios de la Embajada de EEUU, <strong>Heidi G\u00f3mez,<\/strong> quien asumi\u00f3 su cargo este mes de manera interina hasta la asunci\u00f3n del embajador designado por <strong>Donald Trump<\/strong> para la Argentina, <strong>Peter Lamelas.<\/strong><\/p>\n<\/article>\n<section class=\"suscription-false printed-edition\" style=\"display:none\">\n<p>El contenido al que quiere acceder es exclusivo para suscriptores.<\/p>\n<p>  <span> <button type=\"button\" name=\"button\" class=\"subscribe-btn mercadopago-btn\">suscribirse<\/button><\/span>  <span class=\"btns\"><button type=\"button\" name=\"button\" class=\"subscribe-btn reload-login\"> ya estoy suscripto<\/button><\/span>  <\/p>\n<\/section>\n<article class=\"article-body article-body--second-paragraph content-protected-false\">\n<p>\u00abExcelente reuni\u00f3n con Heidi G\u00f3mez, Encargada de Negocios de la Embajada de Estados Unidos\u00bb, expres\u00f3 el titular del Palacio de Hacienda a trav\u00e9s de sus redes sociales. Sin brindar detalles sobre el encuentro, se\u00f1al\u00f3:<strong> \u00abMuchas cosas para trabajar en conjunto para el beneficio de ambos pa\u00edses\u00bb.<\/strong><\/p>\n<\/article>\n<section class=\"related-news\"><span class=\"related-news__title\"> Informate m\u00e1s<\/span>\t\t<\/p>\n<div class=\"row row--eq-height\">\n<div class=\"col-12 col-md-6\">\n<article class=\"news-article news-article--landscape-news news-article--landscape-news\">\n<figure class=\"news-article__figure figure\">\n\t\t\t\t\t\t\t\t\t\t\t<img loading=\"lazy\" decoding=\"async\" src=\"https:\/\/media.ambito.com\/p\/7be4d547e4f6be49de83ca96d677acf9\/adjuntos\/239\/imagenes\/042\/606\/0042606885\/93x52\/smart\/santiago-caputo-francos-milei-karina-luis-caputo.jpg\" alt=\"El armado de lista, reconfigur\u00f3 el poder en toeno a Javier Milei.\u00a0\" title=\"El armado de lista, reconfigur\u00f3 el poder en toeno a Javier Milei.\u00a0\" width=\"93\" height=\"52\" class=\"news-article__figure-img figure-img img-fluid\"\/>\t\t<\/figure>\n<\/article><\/div>\n<div class=\"col-12 col-md-6\">\n<article class=\"news-article news-article--landscape-news news-article--landscape-news\">\n<figure class=\"news-article__figure figure\">\n\t\t\t\t\t\t\t\t\t\t\t<img loading=\"lazy\" decoding=\"async\" src=\"https:\/\/media.ambito.com\/p\/edc377178ded886549e492e90081097a\/adjuntos\/239\/imagenes\/040\/655\/0040655120\/ministerio-economia-puerta.png\" alt=\"Econom\u00eda enfrenta vencmientos de deuda en pesos por el 5% del PBI en los pr\u00f3ximos 40 d\u00edas.\" title=\"Econom\u00eda enfrenta vencmientos de deuda en pesos por el 5% del PBI en los pr\u00f3ximos 40 d\u00edas.\" width=\"93\" height=\"52\" class=\"news-article__figure-img figure-img img-fluid\"\/>\t\t<\/figure>\n<\/article><\/div>\n<\/div>\n<\/section>\n<article class=\"article-body article-body--third-paragraph content-protected-false\">\n<p>Desde la cuenta oficial de la <strong>representaci\u00f3n estadounidense en<\/strong> <strong>EEUU<\/strong> resaltaron el compromiso de dicho pa\u00eds en <strong>apoyar \u00ablos esfuerzos de Argentina para impulsar el crecimiento y la prosperidad\u00bb<\/strong>. Respecto a la reuni\u00f3n, G\u00f3mez recalc\u00f3 que fue<strong> \u00abpara conversar sobre las oportunidades para profundizar los lazos comerciales y de inversi\u00f3n entre nuestros pa\u00edses\u00bb.<\/strong><\/p>\n<\/article>\n<article class=\"article-body article-body--fourth-paragraph content-protected-false\">\n<p> G\u00f3mez asumi\u00f3 el rol de encargada de Negocios de EEUU en el pa\u00eds el 11 de julio. Una vez que llegue el nuevo embajador, se desempe\u00f1ar\u00e1 como vicejefa de Misi\u00f3n. Anteriormente, se desempe\u00f1\u00f3 como Subsecretaria Adjunta para Asuntos de Transporte en el Departamento de Estado de EEUU.<\/p>\n<\/article>\n<article class=\"article-body article-body--remaining-paragraph content-protected-false\">\n<h2>El embajador de EEUU designado por Donald Trump para la Argentina elogi\u00f3 a Javier Milei<\/h2>\n<p>El encuentro entre Caputo y G\u00f3mez se llev\u00f3 a cabo esta jornada, luego de que se conociera que Peter Lamelas<strong>,<\/strong> el flamante embajador estadounidense, se presentara ante el Congreso de EEUU para defender su postulaci\u00f3n, en la que prometi\u00f3 una alianza estrat\u00e9gica \u201csin precedentes\u201d entre ambos pa\u00edses y aprovech\u00f3 para elogiar a Javier Milei como un \u201cactor clave en la regi\u00f3n\u201d.<\/p>\n<p class=\"\">Durante su audiencia ante el <strong>Comit\u00e9 de Relaciones Exteriores del Senado<\/strong>, Lamelas afirm\u00f3 que \u201c<strong>Argentina es un jugador clave en el hemisferio occidental<\/strong>, y nuestra relaci\u00f3n es <strong>vital para la estabilidad regional<\/strong>\u201d. En esa l\u00ednea, anticip\u00f3 que su misi\u00f3n diplom\u00e1tica, en caso de ser confirmada, estar\u00e1 guiada por el lema <em><strong>\u201cAmerica First\u201d<\/strong><\/em>, con el objetivo de alinear los intereses estrat\u00e9gicos de ambos pa\u00edses.<\/p>\n<p class=\"\">Sobre la relaci\u00f3n con el gobierno argentino, fue enf\u00e1tico: \u201cEl presidente <strong>Milei es un amigo del presidente Trump<\/strong>. Alcanzaremos niveles de cooperaci\u00f3n nunca antes vistos\u201d.<\/p>\n<p>Consultado sobre un posible <strong>acuerdo de comercio<\/strong> entre Estados Unidos y Argentina, Lamelas explic\u00f3 que su gesti\u00f3n no se va a centrar en los aranceles, dado que es una pol\u00edtica que est\u00e1 fuera de su competencia, pero s\u00ed buscar\u00e1 <strong>reducir<\/strong><strong> \u00ablas barreras comerciales no arancelarias, que son muchas\u00bb.<\/strong><\/p>\n<\/article>\n<p>\t\t\t\t<!-- REGION4 } -->\n\t\t\t\t\t\t<\/div>\n<p><script>\n!function(f,b,e,v,n,t,s)\n{if(f.fbq)return;n=f.fbq=function(){n.callMethod?\nn.callMethod.apply(n,arguments):n.queue.push(arguments)};\nif(!f._fbq)f._fbq=n;n.push=n;n.loaded=!0;n.version='2.0';\nn.queue=[];t=b.createElement(e);t.async=!0;\nt.src=v;s=b.getElementsByTagName(e)[0];\ns.parentNode.insertBefore(t,s)}(window,document,'script',\n'https:\/\/connect.facebook.net\/en_US\/fbevents.js');\nfbq('init', '2047048335588113');\nfbq('track', 'PageView');\n<\/script><br \/>\n<br \/><\/p>\n","protected":false},"excerpt":{"rendered":"<p>El ministro de Econom\u00eda recibi\u00f3 a Heidi G\u00f3mez, quien asumi\u00f3 interinamente el cargo hasta el arribo del nuevo embajador, Peter Lamelas. Ambos destacaron las oportunidades de colaboraci\u00f3n comercial. El ministro de Econom\u00eda, Luis Caputo, mantuvo una reuni\u00f3n este martes con la nueva Encargada de Negocios de la Embajada de EEUU, Heidi G\u00f3mez, quien asumi\u00f3 su [&hellip;]<\/p>\n","protected":false},"author":1,"featured_media":138673,"comment_status":"closed","ping_status":"closed","sticky":false,"template":"","format":"standard","meta":{"footnotes":""},"categories":[28],"tags":[],"class_list":["post-138672","post","type-post","status-publish","format-standard","has-post-thumbnail","hentry","category-economia"],"yoast_head":"<!-- This site is optimized with the Yoast SEO plugin v24.4 - https:\/\/yoast.com\/wordpress\/plugins\/seo\/ -->\n<title>Luis Caputo se reuni\u00f3 con la encargada de negocios de EEUU en Argentina para ampliar nexo comercial - GYS NOTICIAS |<\/title>\n<meta name=\"robots\" content=\"index, follow, max-snippet:-1, max-image-preview:large, max-video-preview:-1\" \/>\n<link rel=\"canonical\" href=\"https:\/\/gysfm.com.ar\/inicio\/luis-caputo-se-reunio-con-la-encargada-de-negocios-de-eeuu-en-argentina-para-ampliar-nexo-comercial\/\" \/>\n<meta property=\"og:locale\" content=\"es_ES\" \/>\n<meta property=\"og:type\" content=\"article\" \/>\n<meta property=\"og:title\" content=\"Luis Caputo se reuni\u00f3 con la encargada de negocios de EEUU en Argentina para ampliar nexo comercial - GYS NOTICIAS |\" \/>\n<meta property=\"og:description\" content=\"El ministro de Econom\u00eda recibi\u00f3 a Heidi G\u00f3mez, quien asumi\u00f3 interinamente el cargo hasta el arribo del nuevo embajador, Peter Lamelas. Ambos destacaron las oportunidades de colaboraci\u00f3n comercial. El ministro de Econom\u00eda, Luis Caputo, mantuvo una reuni\u00f3n este martes con la nueva Encargada de Negocios de la Embajada de EEUU, Heidi G\u00f3mez, quien asumi\u00f3 su [&hellip;]\" \/>\n<meta property=\"og:url\" content=\"https:\/\/gysfm.com.ar\/inicio\/luis-caputo-se-reunio-con-la-encargada-de-negocios-de-eeuu-en-argentina-para-ampliar-nexo-comercial\/\" \/>\n<meta property=\"og:site_name\" content=\"GYS NOTICIAS |\" \/>\n<meta property=\"article:published_time\" content=\"2025-07-23T13:07:51+00:00\" \/>\n<meta property=\"og:image\" content=\"https:\/\/media.ambito.com\/p\/07ea635d31e9e23c92d88e897c1c43fa\/adjuntos\/239\/imagenes\/042\/610\/0042610501\/655x368\/smart\/luis-caputo-heidi-gomez.jpg\" \/>\n<meta name=\"author\" content=\"admin\" \/>\n<meta name=\"twitter:card\" content=\"summary_large_image\" \/>\n<meta name=\"twitter:label1\" content=\"Escrito por\" \/>\n\t<meta name=\"twitter:data1\" content=\"admin\" \/>\n\t<meta name=\"twitter:label2\" content=\"Tiempo de lectura\" \/>\n\t<meta name=\"twitter:data2\" content=\"2 minutos\" \/>\n<script type=\"application\/ld+json\" class=\"yoast-schema-graph\">{\"@context\":\"https:\/\/schema.org\",\"@graph\":[{\"@type\":\"Article\",\"@id\":\"https:\/\/gysfm.com.ar\/inicio\/luis-caputo-se-reunio-con-la-encargada-de-negocios-de-eeuu-en-argentina-para-ampliar-nexo-comercial\/#article\",\"isPartOf\":{\"@id\":\"https:\/\/gysfm.com.ar\/inicio\/luis-caputo-se-reunio-con-la-encargada-de-negocios-de-eeuu-en-argentina-para-ampliar-nexo-comercial\/\"},\"author\":{\"name\":\"admin\",\"@id\":\"https:\/\/gysfm.com.ar\/inicio\/#\/schema\/person\/5bedd7ecd35cc35548d89effafa23696\"},\"headline\":\"Luis Caputo se reuni\u00f3 con la encargada de negocios de EEUU en Argentina para ampliar nexo comercial\",\"datePublished\":\"2025-07-23T13:07:51+00:00\",\"mainEntityOfPage\":{\"@id\":\"https:\/\/gysfm.com.ar\/inicio\/luis-caputo-se-reunio-con-la-encargada-de-negocios-de-eeuu-en-argentina-para-ampliar-nexo-comercial\/\"},\"wordCount\":506,\"publisher\":{\"@id\":\"https:\/\/gysfm.com.ar\/inicio\/#organization\"},\"image\":{\"@id\":\"https:\/\/gysfm.com.ar\/inicio\/luis-caputo-se-reunio-con-la-encargada-de-negocios-de-eeuu-en-argentina-para-ampliar-nexo-comercial\/#primaryimage\"},\"thumbnailUrl\":\"https:\/\/gysfm.com.ar\/inicio\/wp-content\/uploads\/2025\/07\/luis-caputo-heidi-gomez.jpg\",\"articleSection\":[\"ECONOMIA\"],\"inLanguage\":\"es\"},{\"@type\":\"WebPage\",\"@id\":\"https:\/\/gysfm.com.ar\/inicio\/luis-caputo-se-reunio-con-la-encargada-de-negocios-de-eeuu-en-argentina-para-ampliar-nexo-comercial\/\",\"url\":\"https:\/\/gysfm.com.ar\/inicio\/luis-caputo-se-reunio-con-la-encargada-de-negocios-de-eeuu-en-argentina-para-ampliar-nexo-comercial\/\",\"name\":\"Luis Caputo se reuni\u00f3 con la encargada de negocios de EEUU en Argentina para ampliar nexo comercial - GYS NOTICIAS |\",\"isPartOf\":{\"@id\":\"https:\/\/gysfm.com.ar\/inicio\/#website\"},\"primaryImageOfPage\":{\"@id\":\"https:\/\/gysfm.com.ar\/inicio\/luis-caputo-se-reunio-con-la-encargada-de-negocios-de-eeuu-en-argentina-para-ampliar-nexo-comercial\/#primaryimage\"},\"image\":{\"@id\":\"https:\/\/gysfm.com.ar\/inicio\/luis-caputo-se-reunio-con-la-encargada-de-negocios-de-eeuu-en-argentina-para-ampliar-nexo-comercial\/#primaryimage\"},\"thumbnailUrl\":\"https:\/\/gysfm.com.ar\/inicio\/wp-content\/uploads\/2025\/07\/luis-caputo-heidi-gomez.jpg\",\"datePublished\":\"2025-07-23T13:07:51+00:00\",\"breadcrumb\":{\"@id\":\"https:\/\/gysfm.com.ar\/inicio\/luis-caputo-se-reunio-con-la-encargada-de-negocios-de-eeuu-en-argentina-para-ampliar-nexo-comercial\/#breadcrumb\"},\"inLanguage\":\"es\",\"potentialAction\":[{\"@type\":\"ReadAction\",\"target\":[\"https:\/\/gysfm.com.ar\/inicio\/luis-caputo-se-reunio-con-la-encargada-de-negocios-de-eeuu-en-argentina-para-ampliar-nexo-comercial\/\"]}]},{\"@type\":\"ImageObject\",\"inLanguage\":\"es\",\"@id\":\"https:\/\/gysfm.com.ar\/inicio\/luis-caputo-se-reunio-con-la-encargada-de-negocios-de-eeuu-en-argentina-para-ampliar-nexo-comercial\/#primaryimage\",\"url\":\"https:\/\/gysfm.com.ar\/inicio\/wp-content\/uploads\/2025\/07\/luis-caputo-heidi-gomez.jpg\",\"contentUrl\":\"https:\/\/gysfm.com.ar\/inicio\/wp-content\/uploads\/2025\/07\/luis-caputo-heidi-gomez.jpg\",\"width\":1200,\"height\":675},{\"@type\":\"BreadcrumbList\",\"@id\":\"https:\/\/gysfm.com.ar\/inicio\/luis-caputo-se-reunio-con-la-encargada-de-negocios-de-eeuu-en-argentina-para-ampliar-nexo-comercial\/#breadcrumb\",\"itemListElement\":[{\"@type\":\"ListItem\",\"position\":1,\"name\":\"Portada\",\"item\":\"https:\/\/gysfm.com.ar\/inicio\/\"},{\"@type\":\"ListItem\",\"position\":2,\"name\":\"Luis Caputo se reuni\u00f3 con la encargada de negocios de EEUU en Argentina para ampliar nexo comercial\"}]},{\"@type\":\"WebSite\",\"@id\":\"https:\/\/gysfm.com.ar\/inicio\/#website\",\"url\":\"https:\/\/gysfm.com.ar\/inicio\/\",\"name\":\"GYS NOTICIAS |\",\"description\":\"DIARIO - RADIO ONLINE SAN JUAN ARGENTINA\",\"publisher\":{\"@id\":\"https:\/\/gysfm.com.ar\/inicio\/#organization\"},\"potentialAction\":[{\"@type\":\"SearchAction\",\"target\":{\"@type\":\"EntryPoint\",\"urlTemplate\":\"https:\/\/gysfm.com.ar\/inicio\/?s={search_term_string}\"},\"query-input\":{\"@type\":\"PropertyValueSpecification\",\"valueRequired\":true,\"valueName\":\"search_term_string\"}}],\"inLanguage\":\"es\"},{\"@type\":\"Organization\",\"@id\":\"https:\/\/gysfm.com.ar\/inicio\/#organization\",\"name\":\"GYS NOTICIAS |\",\"url\":\"https:\/\/gysfm.com.ar\/inicio\/\",\"logo\":{\"@type\":\"ImageObject\",\"inLanguage\":\"es\",\"@id\":\"https:\/\/gysfm.com.ar\/inicio\/#\/schema\/logo\/image\/\",\"url\":\"https:\/\/gysfm.com.ar\/inicio\/wp-content\/uploads\/2023\/07\/LOGOGYS-OK.png\",\"contentUrl\":\"https:\/\/gysfm.com.ar\/inicio\/wp-content\/uploads\/2023\/07\/LOGOGYS-OK.png\",\"width\":1170,\"height\":872,\"caption\":\"GYS NOTICIAS |\"},\"image\":{\"@id\":\"https:\/\/gysfm.com.ar\/inicio\/#\/schema\/logo\/image\/\"}},{\"@type\":\"Person\",\"@id\":\"https:\/\/gysfm.com.ar\/inicio\/#\/schema\/person\/5bedd7ecd35cc35548d89effafa23696\",\"name\":\"admin\",\"image\":{\"@type\":\"ImageObject\",\"inLanguage\":\"es\",\"@id\":\"https:\/\/gysfm.com.ar\/inicio\/#\/schema\/person\/image\/\",\"url\":\"https:\/\/secure.gravatar.com\/avatar\/c331d312b5243fb64d5ba28108a447b27c925295129a363082c9ea52c28d32c2?s=96&d=mm&r=g\",\"contentUrl\":\"https:\/\/secure.gravatar.com\/avatar\/c331d312b5243fb64d5ba28108a447b27c925295129a363082c9ea52c28d32c2?s=96&d=mm&r=g\",\"caption\":\"admin\"},\"sameAs\":[\"https:\/\/gysfm.com.ar\/inicio\"],\"url\":\"https:\/\/gysfm.com.ar\/inicio\/author\/admin\/\"}]}<\/script>\n<!-- \/ Yoast SEO plugin. -->","yoast_head_json":{"title":"Luis Caputo se reuni\u00f3 con la encargada de negocios de EEUU en Argentina para ampliar nexo comercial - GYS NOTICIAS |","robots":{"index":"index","follow":"follow","max-snippet":"max-snippet:-1","max-image-preview":"max-image-preview:large","max-video-preview":"max-video-preview:-1"},"canonical":"https:\/\/gysfm.com.ar\/inicio\/luis-caputo-se-reunio-con-la-encargada-de-negocios-de-eeuu-en-argentina-para-ampliar-nexo-comercial\/","og_locale":"es_ES","og_type":"article","og_title":"Luis Caputo se reuni\u00f3 con la encargada de negocios de EEUU en Argentina para ampliar nexo comercial - GYS NOTICIAS |","og_description":"El ministro de Econom\u00eda recibi\u00f3 a Heidi G\u00f3mez, quien asumi\u00f3 interinamente el cargo hasta el arribo del nuevo embajador, Peter Lamelas. Ambos destacaron las oportunidades de colaboraci\u00f3n comercial. El ministro de Econom\u00eda, Luis Caputo, mantuvo una reuni\u00f3n este martes con la nueva Encargada de Negocios de la Embajada de EEUU, Heidi G\u00f3mez, quien asumi\u00f3 su [&hellip;]","og_url":"https:\/\/gysfm.com.ar\/inicio\/luis-caputo-se-reunio-con-la-encargada-de-negocios-de-eeuu-en-argentina-para-ampliar-nexo-comercial\/","og_site_name":"GYS NOTICIAS |","article_published_time":"2025-07-23T13:07:51+00:00","og_image":[{"url":"https:\/\/media.ambito.com\/p\/07ea635d31e9e23c92d88e897c1c43fa\/adjuntos\/239\/imagenes\/042\/610\/0042610501\/655x368\/smart\/luis-caputo-heidi-gomez.jpg","type":"","width":"","height":""}],"author":"admin","twitter_card":"summary_large_image","twitter_misc":{"Escrito por":"admin","Tiempo de lectura":"2 minutos"},"schema":{"@context":"https:\/\/schema.org","@graph":[{"@type":"Article","@id":"https:\/\/gysfm.com.ar\/inicio\/luis-caputo-se-reunio-con-la-encargada-de-negocios-de-eeuu-en-argentina-para-ampliar-nexo-comercial\/#article","isPartOf":{"@id":"https:\/\/gysfm.com.ar\/inicio\/luis-caputo-se-reunio-con-la-encargada-de-negocios-de-eeuu-en-argentina-para-ampliar-nexo-comercial\/"},"author":{"name":"admin","@id":"https:\/\/gysfm.com.ar\/inicio\/#\/schema\/person\/5bedd7ecd35cc35548d89effafa23696"},"headline":"Luis Caputo se reuni\u00f3 con la encargada de negocios de EEUU en Argentina para ampliar nexo comercial","datePublished":"2025-07-23T13:07:51+00:00","mainEntityOfPage":{"@id":"https:\/\/gysfm.com.ar\/inicio\/luis-caputo-se-reunio-con-la-encargada-de-negocios-de-eeuu-en-argentina-para-ampliar-nexo-comercial\/"},"wordCount":506,"publisher":{"@id":"https:\/\/gysfm.com.ar\/inicio\/#organization"},"image":{"@id":"https:\/\/gysfm.com.ar\/inicio\/luis-caputo-se-reunio-con-la-encargada-de-negocios-de-eeuu-en-argentina-para-ampliar-nexo-comercial\/#primaryimage"},"thumbnailUrl":"https:\/\/gysfm.com.ar\/inicio\/wp-content\/uploads\/2025\/07\/luis-caputo-heidi-gomez.jpg","articleSection":["ECONOMIA"],"inLanguage":"es"},{"@type":"WebPage","@id":"https:\/\/gysfm.com.ar\/inicio\/luis-caputo-se-reunio-con-la-encargada-de-negocios-de-eeuu-en-argentina-para-ampliar-nexo-comercial\/","url":"https:\/\/gysfm.com.ar\/inicio\/luis-caputo-se-reunio-con-la-encargada-de-negocios-de-eeuu-en-argentina-para-ampliar-nexo-comercial\/","name":"Luis Caputo se reuni\u00f3 con la encargada de negocios de EEUU en Argentina para ampliar nexo comercial - GYS NOTICIAS |","isPartOf":{"@id":"https:\/\/gysfm.com.ar\/inicio\/#website"},"primaryImageOfPage":{"@id":"https:\/\/gysfm.com.ar\/inicio\/luis-caputo-se-reunio-con-la-encargada-de-negocios-de-eeuu-en-argentina-para-ampliar-nexo-comercial\/#primaryimage"},"image":{"@id":"https:\/\/gysfm.com.ar\/inicio\/luis-caputo-se-reunio-con-la-encargada-de-negocios-de-eeuu-en-argentina-para-ampliar-nexo-comercial\/#primaryimage"},"thumbnailUrl":"https:\/\/gysfm.com.ar\/inicio\/wp-content\/uploads\/2025\/07\/luis-caputo-heidi-gomez.jpg","datePublished":"2025-07-23T13:07:51+00:00","breadcrumb":{"@id":"https:\/\/gysfm.com.ar\/inicio\/luis-caputo-se-reunio-con-la-encargada-de-negocios-de-eeuu-en-argentina-para-ampliar-nexo-comercial\/#breadcrumb"},"inLanguage":"es","potentialAction":[{"@type":"ReadAction","target":["https:\/\/gysfm.com.ar\/inicio\/luis-caputo-se-reunio-con-la-encargada-de-negocios-de-eeuu-en-argentina-para-ampliar-nexo-comercial\/"]}]},{"@type":"ImageObject","inLanguage":"es","@id":"https:\/\/gysfm.com.ar\/inicio\/luis-caputo-se-reunio-con-la-encargada-de-negocios-de-eeuu-en-argentina-para-ampliar-nexo-comercial\/#primaryimage","url":"https:\/\/gysfm.com.ar\/inicio\/wp-content\/uploads\/2025\/07\/luis-caputo-heidi-gomez.jpg","contentUrl":"https:\/\/gysfm.com.ar\/inicio\/wp-content\/uploads\/2025\/07\/luis-caputo-heidi-gomez.jpg","width":1200,"height":675},{"@type":"BreadcrumbList","@id":"https:\/\/gysfm.com.ar\/inicio\/luis-caputo-se-reunio-con-la-encargada-de-negocios-de-eeuu-en-argentina-para-ampliar-nexo-comercial\/#breadcrumb","itemListElement":[{"@type":"ListItem","position":1,"name":"Portada","item":"https:\/\/gysfm.com.ar\/inicio\/"},{"@type":"ListItem","position":2,"name":"Luis Caputo se reuni\u00f3 con la encargada de negocios de EEUU en Argentina para ampliar nexo comercial"}]},{"@type":"WebSite","@id":"https:\/\/gysfm.com.ar\/inicio\/#website","url":"https:\/\/gysfm.com.ar\/inicio\/","name":"GYS NOTICIAS |","description":"DIARIO - RADIO ONLINE SAN JUAN ARGENTINA","publisher":{"@id":"https:\/\/gysfm.com.ar\/inicio\/#organization"},"potentialAction":[{"@type":"SearchAction","target":{"@type":"EntryPoint","urlTemplate":"https:\/\/gysfm.com.ar\/inicio\/?s={search_term_string}"},"query-input":{"@type":"PropertyValueSpecification","valueRequired":true,"valueName":"search_term_string"}}],"inLanguage":"es"},{"@type":"Organization","@id":"https:\/\/gysfm.com.ar\/inicio\/#organization","name":"GYS NOTICIAS |","url":"https:\/\/gysfm.com.ar\/inicio\/","logo":{"@type":"ImageObject","inLanguage":"es","@id":"https:\/\/gysfm.com.ar\/inicio\/#\/schema\/logo\/image\/","url":"https:\/\/gysfm.com.ar\/inicio\/wp-content\/uploads\/2023\/07\/LOGOGYS-OK.png","contentUrl":"https:\/\/gysfm.com.ar\/inicio\/wp-content\/uploads\/2023\/07\/LOGOGYS-OK.png","width":1170,"height":872,"caption":"GYS NOTICIAS |"},"image":{"@id":"https:\/\/gysfm.com.ar\/inicio\/#\/schema\/logo\/image\/"}},{"@type":"Person","@id":"https:\/\/gysfm.com.ar\/inicio\/#\/schema\/person\/5bedd7ecd35cc35548d89effafa23696","name":"admin","image":{"@type":"ImageObject","inLanguage":"es","@id":"https:\/\/gysfm.com.ar\/inicio\/#\/schema\/person\/image\/","url":"https:\/\/secure.gravatar.com\/avatar\/c331d312b5243fb64d5ba28108a447b27c925295129a363082c9ea52c28d32c2?s=96&d=mm&r=g","contentUrl":"https:\/\/secure.gravatar.com\/avatar\/c331d312b5243fb64d5ba28108a447b27c925295129a363082c9ea52c28d32c2?s=96&d=mm&r=g","caption":"admin"},"sameAs":["https:\/\/gysfm.com.ar\/inicio"],"url":"https:\/\/gysfm.com.ar\/inicio\/author\/admin\/"}]}},"_links":{"self":[{"href":"https:\/\/gysfm.com.ar\/inicio\/wp-json\/wp\/v2\/posts\/138672","targetHints":{"allow":["GET"]}}],"collection":[{"href":"https:\/\/gysfm.com.ar\/inicio\/wp-json\/wp\/v2\/posts"}],"about":[{"href":"https:\/\/gysfm.com.ar\/inicio\/wp-json\/wp\/v2\/types\/post"}],"author":[{"embeddable":true,"href":"https:\/\/gysfm.com.ar\/inicio\/wp-json\/wp\/v2\/users\/1"}],"replies":[{"embeddable":true,"href":"https:\/\/gysfm.com.ar\/inicio\/wp-json\/wp\/v2\/comments?post=138672"}],"version-history":[{"count":0,"href":"https:\/\/gysfm.com.ar\/inicio\/wp-json\/wp\/v2\/posts\/138672\/revisions"}],"wp:featuredmedia":[{"embeddable":true,"href":"https:\/\/gysfm.com.ar\/inicio\/wp-json\/wp\/v2\/media\/138673"}],"wp:attachment":[{"href":"https:\/\/gysfm.com.ar\/inicio\/wp-json\/wp\/v2\/media?parent=138672"}],"wp:term":[{"taxonomy":"category","embeddable":true,"href":"https:\/\/gysfm.com.ar\/inicio\/wp-json\/wp\/v2\/categories?post=138672"},{"taxonomy":"post_tag","embeddable":true,"href":"https:\/\/gysfm.com.ar\/inicio\/wp-json\/wp\/v2\/tags?post=138672"}],"curies":[{"name":"wp","href":"https:\/\/api.w.org\/{rel}","templated":true}]}}