{"id":138670,"date":"2025-07-23T10:01:55","date_gmt":"2025-07-23T13:01:55","guid":{"rendered":"https:\/\/gysfm.com.ar\/inicio\/gustavo-cordoba-por-primera-vez-el-antimileismo-supera-en-volumen-y-en-porcentaje-al-antikirchnerismo\/"},"modified":"2025-07-23T10:01:55","modified_gmt":"2025-07-23T13:01:55","slug":"gustavo-cordoba-por-primera-vez-el-antimileismo-supera-en-volumen-y-en-porcentaje-al-antikirchnerismo","status":"publish","type":"post","link":"https:\/\/gysfm.com.ar\/inicio\/gustavo-cordoba-por-primera-vez-el-antimileismo-supera-en-volumen-y-en-porcentaje-al-antikirchnerismo\/","title":{"rendered":"Gustavo C\u00f3rdoba: \u201cPor primera vez, el antimile\u00edsmo supera en volumen y en porcentaje, al antikirchnerismo\u201d"},"content":{"rendered":"<p><\/p>\n<div id=\"article-content\">\n<p>El \u00faltimo informe de la consultora Zuban C\u00f3rdoba refleja una ca\u00edda sostenida en la imagen del presidente <a target=\"_blank\" href=\"https:\/\/perfil.com\/noticias\/politica\/cae-la-imagen-de-javier-milei-y-la-evaluacion-del-gobierno.phtml\">Javier Milei<\/a> y una nueva oposici\u00f3n pol\u00edtica en ascenso como podr\u00eda determinarse el antimile\u00edsmo. Es por eso que para desarrollar este tema en profundidad, este medio se puso en comunicaci\u00f3n con el director de la consultora Zuban C\u00f3rdoba, <strong>Gustavo C\u00f3rdoba<\/strong>.<\/p>\n<p>\u201cEl nivel de desaprobaci\u00f3n de la gesti\u00f3n alcanza puntos de los m\u00e1s altos desde que Milei es presidente, <strong>cerca de un 57% de rechazo<\/strong>\u201d, afirm\u00f3 Gustavo C\u00f3rdoba. Adem\u00e1s, detall\u00f3 que, \u201cla imagen del presidente Milei <strong>tambi\u00e9n est\u00e1 en 55 puntos de imagen negativa<\/strong>\u201d.<\/p>\n<h2><strong>Una parte del electorado todav\u00eda respalda al Gobierno<\/strong><\/h2>\n<p>Pese a estos n\u00fameros, indic\u00f3 que hay una fracci\u00f3n del electorado que a\u00fan respalda al oficialismo. Luego, manifest\u00f3 que, \u201c<strong>cerca de un 40%<\/strong> nos dice que va a premiar\u201d al Gobierno en las urnas, y lo hacen \u201cpor esta idea <strong>del control de la inflaci\u00f3n<\/strong> que ha tenido el gobierno de Milei hasta la fecha\u201d.<\/p>\n<p><iframe id=\"vrudo\" class=\"vrudo\" src=\"https:\/\/rudo.video\/vod\/yidyBWkh0nk?volume=0\" width=\"100%\" height=\"100%\" allowscriptaccess=\"always\" allowfullscreen=\"true\" webkitallowfullscreen=\"true\" frameborder=\"0\" scrolling=\"no\" allow=\"autoplay; fullscreen\" loading=\"lazy\" title=\"Contenido embebido\"><\/iframe><\/p>\n<p>Sin embargo, C\u00f3rdoba resalt\u00f3 que, \u201c<strong>un 52 o 53% nos dijo que va a castigar electoralmente al Gobierno<\/strong> por dos grandes temas, <strong>la destrucci\u00f3n del Estado y de las pol\u00edticas p\u00fablicas<\/strong>, y el estilo con el cual el Presidente lleva adelante esto, b\u00e1sicamente con mucha crueldad\u201d.<\/p>\n<h2><strong>El plan econ\u00f3mico en evaluaci\u00f3n<\/strong><\/h2>\n<p>Seg\u00fan desarroll\u00f3, la elecci\u00f3n legislativa de octubre se perfila como un plebiscito sobre el rumbo econ\u00f3mico y pol\u00edtico del Gobierno: \u201c<strong>Es como una evaluaci\u00f3n del plan econ\u00f3mico de turno<\/strong>, premio o castigo en funci\u00f3n de la econom\u00eda. Eventualmente sirve tambi\u00e9n <strong>para ordenar liderazgos dentro de los espacios pol\u00edticos<\/strong> que participan\u201d.<\/p>\n<p>La din\u00e1mica de polarizaci\u00f3n tambi\u00e9n cambi\u00f3. Seg\u00fan el entrevistado, \u201cel clivaje kirchnerismo-antikirchnerismo <strong>es el que domina estos primeros 25 a\u00f1os del siglo XXI<\/strong>\u201d, pero ahora se observa un giro: \u201cPor primera vez <strong>el antimile\u00edsmo supera en volumen<\/strong>, en porcentaje, al antikirchnerismo\u201d.<\/p>\n<p>Este nuevo bloque, explic\u00f3, agrupa \u201cvotantes espantados por la <strong>pol\u00edtica econ\u00f3mica<\/strong> del Gobierno, por el <strong>estilo <\/strong>del Gobierno, por la <strong>ideolog\u00eda extrema<\/strong> que sustenta y todav\u00eda est\u00e1n sin representaci\u00f3n pol\u00edtica inmediata\u201d.<\/p>\n<\/p><\/div>\n<p><script>\n                !function(f,b,e,v,n,t,s)\n                {if(f.fbq)return;n=f.fbq=function(){n.callMethod?\n                    n.callMethod.apply(n,arguments):n.queue.push(arguments)};\n                    if(!f._fbq)f._fbq=n;n.push=n;n.loaded=!0;n.version='2.0';\n                    n.queue=[];t=b.createElement(e);t.async=!0;\n                    t.src=v;s=b.getElementsByTagName(e)[0];\n                    s.parentNode.insertBefore(t,s)}(window, document,'script',\n                    'https:\/\/connect.facebook.net\/en_US\/fbevents.js');\n                window.paywallConfig.facebook_pixel=\"1000228364089342\"\n            <\/script><\/p>\n","protected":false},"excerpt":{"rendered":"<p>El \u00faltimo informe de la consultora Zuban C\u00f3rdoba refleja una ca\u00edda sostenida en la imagen del presidente Javier Milei y una nueva oposici\u00f3n pol\u00edtica en ascenso como podr\u00eda determinarse el antimile\u00edsmo. Es por eso que para desarrollar este tema en profundidad, este medio se puso en comunicaci\u00f3n con el director de la consultora Zuban C\u00f3rdoba, [&hellip;]<\/p>\n","protected":false},"author":2,"featured_media":138671,"comment_status":"closed","ping_status":"closed","sticky":false,"template":"","format":"standard","meta":{"footnotes":""},"categories":[25],"tags":[],"class_list":["post-138670","post","type-post","status-publish","format-standard","has-post-thumbnail","hentry","category-nacionales"],"yoast_head":"<!-- This site is optimized with the Yoast SEO plugin v24.4 - https:\/\/yoast.com\/wordpress\/plugins\/seo\/ -->\n<title>Gustavo C\u00f3rdoba: \u201cPor primera vez, el antimile\u00edsmo supera en volumen y en porcentaje, al antikirchnerismo\u201d - GYS NOTICIAS |<\/title>\n<meta name=\"robots\" content=\"index, follow, max-snippet:-1, max-image-preview:large, max-video-preview:-1\" \/>\n<link rel=\"canonical\" href=\"https:\/\/gysfm.com.ar\/inicio\/gustavo-cordoba-por-primera-vez-el-antimileismo-supera-en-volumen-y-en-porcentaje-al-antikirchnerismo\/\" \/>\n<meta property=\"og:locale\" content=\"es_ES\" \/>\n<meta property=\"og:type\" content=\"article\" \/>\n<meta property=\"og:title\" content=\"Gustavo C\u00f3rdoba: \u201cPor primera vez, el antimile\u00edsmo supera en volumen y en porcentaje, al antikirchnerismo\u201d - GYS NOTICIAS |\" \/>\n<meta property=\"og:description\" content=\"El \u00faltimo informe de la consultora Zuban C\u00f3rdoba refleja una ca\u00edda sostenida en la imagen del presidente Javier Milei y una nueva oposici\u00f3n pol\u00edtica en ascenso como podr\u00eda determinarse el antimile\u00edsmo. Es por eso que para desarrollar este tema en profundidad, este medio se puso en comunicaci\u00f3n con el director de la consultora Zuban C\u00f3rdoba, [&hellip;]\" \/>\n<meta property=\"og:url\" content=\"https:\/\/gysfm.com.ar\/inicio\/gustavo-cordoba-por-primera-vez-el-antimileismo-supera-en-volumen-y-en-porcentaje-al-antikirchnerismo\/\" \/>\n<meta property=\"og:site_name\" content=\"GYS NOTICIAS |\" \/>\n<meta property=\"article:published_time\" content=\"2025-07-23T13:01:55+00:00\" \/>\n<meta name=\"author\" content=\"Prensa G&amp;S FM\" \/>\n<meta name=\"twitter:card\" content=\"summary_large_image\" \/>\n<meta name=\"twitter:label1\" content=\"Escrito por\" \/>\n\t<meta name=\"twitter:data1\" content=\"Prensa G&amp;S FM\" \/>\n\t<meta name=\"twitter:label2\" content=\"Tiempo de lectura\" \/>\n\t<meta name=\"twitter:data2\" content=\"2 minutos\" \/>\n<script type=\"application\/ld+json\" class=\"yoast-schema-graph\">{\"@context\":\"https:\/\/schema.org\",\"@graph\":[{\"@type\":\"Article\",\"@id\":\"https:\/\/gysfm.com.ar\/inicio\/gustavo-cordoba-por-primera-vez-el-antimileismo-supera-en-volumen-y-en-porcentaje-al-antikirchnerismo\/#article\",\"isPartOf\":{\"@id\":\"https:\/\/gysfm.com.ar\/inicio\/gustavo-cordoba-por-primera-vez-el-antimileismo-supera-en-volumen-y-en-porcentaje-al-antikirchnerismo\/\"},\"author\":{\"name\":\"Prensa G&amp;S FM\",\"@id\":\"https:\/\/gysfm.com.ar\/inicio\/#\/schema\/person\/3abba7593ef2ad19e1be221d54383dc5\"},\"headline\":\"Gustavo C\u00f3rdoba: \u201cPor primera vez, el antimile\u00edsmo supera en volumen y en porcentaje, al antikirchnerismo\u201d\",\"datePublished\":\"2025-07-23T13:01:55+00:00\",\"mainEntityOfPage\":{\"@id\":\"https:\/\/gysfm.com.ar\/inicio\/gustavo-cordoba-por-primera-vez-el-antimileismo-supera-en-volumen-y-en-porcentaje-al-antikirchnerismo\/\"},\"wordCount\":397,\"publisher\":{\"@id\":\"https:\/\/gysfm.com.ar\/inicio\/#organization\"},\"image\":{\"@id\":\"https:\/\/gysfm.com.ar\/inicio\/gustavo-cordoba-por-primera-vez-el-antimileismo-supera-en-volumen-y-en-porcentaje-al-antikirchnerismo\/#primaryimage\"},\"thumbnailUrl\":\"https:\/\/gysfm.com.ar\/inicio\/wp-content\/uploads\/2025\/07\/cordoba-2066000.jpg\",\"articleSection\":[\"NACIONALES\"],\"inLanguage\":\"es\"},{\"@type\":\"WebPage\",\"@id\":\"https:\/\/gysfm.com.ar\/inicio\/gustavo-cordoba-por-primera-vez-el-antimileismo-supera-en-volumen-y-en-porcentaje-al-antikirchnerismo\/\",\"url\":\"https:\/\/gysfm.com.ar\/inicio\/gustavo-cordoba-por-primera-vez-el-antimileismo-supera-en-volumen-y-en-porcentaje-al-antikirchnerismo\/\",\"name\":\"Gustavo C\u00f3rdoba: \u201cPor primera vez, el antimile\u00edsmo supera en volumen y en porcentaje, al antikirchnerismo\u201d - GYS NOTICIAS |\",\"isPartOf\":{\"@id\":\"https:\/\/gysfm.com.ar\/inicio\/#website\"},\"primaryImageOfPage\":{\"@id\":\"https:\/\/gysfm.com.ar\/inicio\/gustavo-cordoba-por-primera-vez-el-antimileismo-supera-en-volumen-y-en-porcentaje-al-antikirchnerismo\/#primaryimage\"},\"image\":{\"@id\":\"https:\/\/gysfm.com.ar\/inicio\/gustavo-cordoba-por-primera-vez-el-antimileismo-supera-en-volumen-y-en-porcentaje-al-antikirchnerismo\/#primaryimage\"},\"thumbnailUrl\":\"https:\/\/gysfm.com.ar\/inicio\/wp-content\/uploads\/2025\/07\/cordoba-2066000.jpg\",\"datePublished\":\"2025-07-23T13:01:55+00:00\",\"breadcrumb\":{\"@id\":\"https:\/\/gysfm.com.ar\/inicio\/gustavo-cordoba-por-primera-vez-el-antimileismo-supera-en-volumen-y-en-porcentaje-al-antikirchnerismo\/#breadcrumb\"},\"inLanguage\":\"es\",\"potentialAction\":[{\"@type\":\"ReadAction\",\"target\":[\"https:\/\/gysfm.com.ar\/inicio\/gustavo-cordoba-por-primera-vez-el-antimileismo-supera-en-volumen-y-en-porcentaje-al-antikirchnerismo\/\"]}]},{\"@type\":\"ImageObject\",\"inLanguage\":\"es\",\"@id\":\"https:\/\/gysfm.com.ar\/inicio\/gustavo-cordoba-por-primera-vez-el-antimileismo-supera-en-volumen-y-en-porcentaje-al-antikirchnerismo\/#primaryimage\",\"url\":\"https:\/\/gysfm.com.ar\/inicio\/wp-content\/uploads\/2025\/07\/cordoba-2066000.jpg\",\"contentUrl\":\"https:\/\/gysfm.com.ar\/inicio\/wp-content\/uploads\/2025\/07\/cordoba-2066000.jpg\",\"width\":1140,\"height\":641},{\"@type\":\"BreadcrumbList\",\"@id\":\"https:\/\/gysfm.com.ar\/inicio\/gustavo-cordoba-por-primera-vez-el-antimileismo-supera-en-volumen-y-en-porcentaje-al-antikirchnerismo\/#breadcrumb\",\"itemListElement\":[{\"@type\":\"ListItem\",\"position\":1,\"name\":\"Portada\",\"item\":\"https:\/\/gysfm.com.ar\/inicio\/\"},{\"@type\":\"ListItem\",\"position\":2,\"name\":\"Gustavo C\u00f3rdoba: \u201cPor primera vez, el antimile\u00edsmo supera en volumen y en porcentaje, al antikirchnerismo\u201d\"}]},{\"@type\":\"WebSite\",\"@id\":\"https:\/\/gysfm.com.ar\/inicio\/#website\",\"url\":\"https:\/\/gysfm.com.ar\/inicio\/\",\"name\":\"GYS NOTICIAS |\",\"description\":\"DIARIO - RADIO ONLINE SAN JUAN ARGENTINA\",\"publisher\":{\"@id\":\"https:\/\/gysfm.com.ar\/inicio\/#organization\"},\"potentialAction\":[{\"@type\":\"SearchAction\",\"target\":{\"@type\":\"EntryPoint\",\"urlTemplate\":\"https:\/\/gysfm.com.ar\/inicio\/?s={search_term_string}\"},\"query-input\":{\"@type\":\"PropertyValueSpecification\",\"valueRequired\":true,\"valueName\":\"search_term_string\"}}],\"inLanguage\":\"es\"},{\"@type\":\"Organization\",\"@id\":\"https:\/\/gysfm.com.ar\/inicio\/#organization\",\"name\":\"GYS NOTICIAS |\",\"url\":\"https:\/\/gysfm.com.ar\/inicio\/\",\"logo\":{\"@type\":\"ImageObject\",\"inLanguage\":\"es\",\"@id\":\"https:\/\/gysfm.com.ar\/inicio\/#\/schema\/logo\/image\/\",\"url\":\"https:\/\/gysfm.com.ar\/inicio\/wp-content\/uploads\/2023\/07\/LOGOGYS-OK.png\",\"contentUrl\":\"https:\/\/gysfm.com.ar\/inicio\/wp-content\/uploads\/2023\/07\/LOGOGYS-OK.png\",\"width\":1170,\"height\":872,\"caption\":\"GYS NOTICIAS |\"},\"image\":{\"@id\":\"https:\/\/gysfm.com.ar\/inicio\/#\/schema\/logo\/image\/\"}},{\"@type\":\"Person\",\"@id\":\"https:\/\/gysfm.com.ar\/inicio\/#\/schema\/person\/3abba7593ef2ad19e1be221d54383dc5\",\"name\":\"Prensa G&amp;S FM\",\"image\":{\"@type\":\"ImageObject\",\"inLanguage\":\"es\",\"@id\":\"https:\/\/gysfm.com.ar\/inicio\/#\/schema\/person\/image\/\",\"url\":\"https:\/\/secure.gravatar.com\/avatar\/096ec78df02049ab018702bb4ccedf659377fa92a26540b5247612077a0dbd29?s=96&d=mm&r=g\",\"contentUrl\":\"https:\/\/secure.gravatar.com\/avatar\/096ec78df02049ab018702bb4ccedf659377fa92a26540b5247612077a0dbd29?s=96&d=mm&r=g\",\"caption\":\"Prensa G&amp;S FM\"},\"sameAs\":[\"https:\/\/gysfm.com.ar\/\"],\"url\":\"https:\/\/gysfm.com.ar\/inicio\/author\/lucasm\/\"}]}<\/script>\n<!-- \/ Yoast SEO plugin. -->","yoast_head_json":{"title":"Gustavo C\u00f3rdoba: \u201cPor primera vez, el antimile\u00edsmo supera en volumen y en porcentaje, al antikirchnerismo\u201d - GYS NOTICIAS |","robots":{"index":"index","follow":"follow","max-snippet":"max-snippet:-1","max-image-preview":"max-image-preview:large","max-video-preview":"max-video-preview:-1"},"canonical":"https:\/\/gysfm.com.ar\/inicio\/gustavo-cordoba-por-primera-vez-el-antimileismo-supera-en-volumen-y-en-porcentaje-al-antikirchnerismo\/","og_locale":"es_ES","og_type":"article","og_title":"Gustavo C\u00f3rdoba: \u201cPor primera vez, el antimile\u00edsmo supera en volumen y en porcentaje, al antikirchnerismo\u201d - GYS NOTICIAS |","og_description":"El \u00faltimo informe de la consultora Zuban C\u00f3rdoba refleja una ca\u00edda sostenida en la imagen del presidente Javier Milei y una nueva oposici\u00f3n pol\u00edtica en ascenso como podr\u00eda determinarse el antimile\u00edsmo. Es por eso que para desarrollar este tema en profundidad, este medio se puso en comunicaci\u00f3n con el director de la consultora Zuban C\u00f3rdoba, [&hellip;]","og_url":"https:\/\/gysfm.com.ar\/inicio\/gustavo-cordoba-por-primera-vez-el-antimileismo-supera-en-volumen-y-en-porcentaje-al-antikirchnerismo\/","og_site_name":"GYS NOTICIAS |","article_published_time":"2025-07-23T13:01:55+00:00","author":"Prensa G&amp;S FM","twitter_card":"summary_large_image","twitter_misc":{"Escrito por":"Prensa G&amp;S FM","Tiempo de lectura":"2 minutos"},"schema":{"@context":"https:\/\/schema.org","@graph":[{"@type":"Article","@id":"https:\/\/gysfm.com.ar\/inicio\/gustavo-cordoba-por-primera-vez-el-antimileismo-supera-en-volumen-y-en-porcentaje-al-antikirchnerismo\/#article","isPartOf":{"@id":"https:\/\/gysfm.com.ar\/inicio\/gustavo-cordoba-por-primera-vez-el-antimileismo-supera-en-volumen-y-en-porcentaje-al-antikirchnerismo\/"},"author":{"name":"Prensa G&amp;S FM","@id":"https:\/\/gysfm.com.ar\/inicio\/#\/schema\/person\/3abba7593ef2ad19e1be221d54383dc5"},"headline":"Gustavo C\u00f3rdoba: \u201cPor primera vez, el antimile\u00edsmo supera en volumen y en porcentaje, al antikirchnerismo\u201d","datePublished":"2025-07-23T13:01:55+00:00","mainEntityOfPage":{"@id":"https:\/\/gysfm.com.ar\/inicio\/gustavo-cordoba-por-primera-vez-el-antimileismo-supera-en-volumen-y-en-porcentaje-al-antikirchnerismo\/"},"wordCount":397,"publisher":{"@id":"https:\/\/gysfm.com.ar\/inicio\/#organization"},"image":{"@id":"https:\/\/gysfm.com.ar\/inicio\/gustavo-cordoba-por-primera-vez-el-antimileismo-supera-en-volumen-y-en-porcentaje-al-antikirchnerismo\/#primaryimage"},"thumbnailUrl":"https:\/\/gysfm.com.ar\/inicio\/wp-content\/uploads\/2025\/07\/cordoba-2066000.jpg","articleSection":["NACIONALES"],"inLanguage":"es"},{"@type":"WebPage","@id":"https:\/\/gysfm.com.ar\/inicio\/gustavo-cordoba-por-primera-vez-el-antimileismo-supera-en-volumen-y-en-porcentaje-al-antikirchnerismo\/","url":"https:\/\/gysfm.com.ar\/inicio\/gustavo-cordoba-por-primera-vez-el-antimileismo-supera-en-volumen-y-en-porcentaje-al-antikirchnerismo\/","name":"Gustavo C\u00f3rdoba: \u201cPor primera vez, el antimile\u00edsmo supera en volumen y en porcentaje, al antikirchnerismo\u201d - GYS NOTICIAS |","isPartOf":{"@id":"https:\/\/gysfm.com.ar\/inicio\/#website"},"primaryImageOfPage":{"@id":"https:\/\/gysfm.com.ar\/inicio\/gustavo-cordoba-por-primera-vez-el-antimileismo-supera-en-volumen-y-en-porcentaje-al-antikirchnerismo\/#primaryimage"},"image":{"@id":"https:\/\/gysfm.com.ar\/inicio\/gustavo-cordoba-por-primera-vez-el-antimileismo-supera-en-volumen-y-en-porcentaje-al-antikirchnerismo\/#primaryimage"},"thumbnailUrl":"https:\/\/gysfm.com.ar\/inicio\/wp-content\/uploads\/2025\/07\/cordoba-2066000.jpg","datePublished":"2025-07-23T13:01:55+00:00","breadcrumb":{"@id":"https:\/\/gysfm.com.ar\/inicio\/gustavo-cordoba-por-primera-vez-el-antimileismo-supera-en-volumen-y-en-porcentaje-al-antikirchnerismo\/#breadcrumb"},"inLanguage":"es","potentialAction":[{"@type":"ReadAction","target":["https:\/\/gysfm.com.ar\/inicio\/gustavo-cordoba-por-primera-vez-el-antimileismo-supera-en-volumen-y-en-porcentaje-al-antikirchnerismo\/"]}]},{"@type":"ImageObject","inLanguage":"es","@id":"https:\/\/gysfm.com.ar\/inicio\/gustavo-cordoba-por-primera-vez-el-antimileismo-supera-en-volumen-y-en-porcentaje-al-antikirchnerismo\/#primaryimage","url":"https:\/\/gysfm.com.ar\/inicio\/wp-content\/uploads\/2025\/07\/cordoba-2066000.jpg","contentUrl":"https:\/\/gysfm.com.ar\/inicio\/wp-content\/uploads\/2025\/07\/cordoba-2066000.jpg","width":1140,"height":641},{"@type":"BreadcrumbList","@id":"https:\/\/gysfm.com.ar\/inicio\/gustavo-cordoba-por-primera-vez-el-antimileismo-supera-en-volumen-y-en-porcentaje-al-antikirchnerismo\/#breadcrumb","itemListElement":[{"@type":"ListItem","position":1,"name":"Portada","item":"https:\/\/gysfm.com.ar\/inicio\/"},{"@type":"ListItem","position":2,"name":"Gustavo C\u00f3rdoba: \u201cPor primera vez, el antimile\u00edsmo supera en volumen y en porcentaje, al antikirchnerismo\u201d"}]},{"@type":"WebSite","@id":"https:\/\/gysfm.com.ar\/inicio\/#website","url":"https:\/\/gysfm.com.ar\/inicio\/","name":"GYS NOTICIAS |","description":"DIARIO - RADIO ONLINE SAN JUAN ARGENTINA","publisher":{"@id":"https:\/\/gysfm.com.ar\/inicio\/#organization"},"potentialAction":[{"@type":"SearchAction","target":{"@type":"EntryPoint","urlTemplate":"https:\/\/gysfm.com.ar\/inicio\/?s={search_term_string}"},"query-input":{"@type":"PropertyValueSpecification","valueRequired":true,"valueName":"search_term_string"}}],"inLanguage":"es"},{"@type":"Organization","@id":"https:\/\/gysfm.com.ar\/inicio\/#organization","name":"GYS NOTICIAS |","url":"https:\/\/gysfm.com.ar\/inicio\/","logo":{"@type":"ImageObject","inLanguage":"es","@id":"https:\/\/gysfm.com.ar\/inicio\/#\/schema\/logo\/image\/","url":"https:\/\/gysfm.com.ar\/inicio\/wp-content\/uploads\/2023\/07\/LOGOGYS-OK.png","contentUrl":"https:\/\/gysfm.com.ar\/inicio\/wp-content\/uploads\/2023\/07\/LOGOGYS-OK.png","width":1170,"height":872,"caption":"GYS NOTICIAS |"},"image":{"@id":"https:\/\/gysfm.com.ar\/inicio\/#\/schema\/logo\/image\/"}},{"@type":"Person","@id":"https:\/\/gysfm.com.ar\/inicio\/#\/schema\/person\/3abba7593ef2ad19e1be221d54383dc5","name":"Prensa G&amp;S FM","image":{"@type":"ImageObject","inLanguage":"es","@id":"https:\/\/gysfm.com.ar\/inicio\/#\/schema\/person\/image\/","url":"https:\/\/secure.gravatar.com\/avatar\/096ec78df02049ab018702bb4ccedf659377fa92a26540b5247612077a0dbd29?s=96&d=mm&r=g","contentUrl":"https:\/\/secure.gravatar.com\/avatar\/096ec78df02049ab018702bb4ccedf659377fa92a26540b5247612077a0dbd29?s=96&d=mm&r=g","caption":"Prensa G&amp;S FM"},"sameAs":["https:\/\/gysfm.com.ar\/"],"url":"https:\/\/gysfm.com.ar\/inicio\/author\/lucasm\/"}]}},"_links":{"self":[{"href":"https:\/\/gysfm.com.ar\/inicio\/wp-json\/wp\/v2\/posts\/138670","targetHints":{"allow":["GET"]}}],"collection":[{"href":"https:\/\/gysfm.com.ar\/inicio\/wp-json\/wp\/v2\/posts"}],"about":[{"href":"https:\/\/gysfm.com.ar\/inicio\/wp-json\/wp\/v2\/types\/post"}],"author":[{"embeddable":true,"href":"https:\/\/gysfm.com.ar\/inicio\/wp-json\/wp\/v2\/users\/2"}],"replies":[{"embeddable":true,"href":"https:\/\/gysfm.com.ar\/inicio\/wp-json\/wp\/v2\/comments?post=138670"}],"version-history":[{"count":0,"href":"https:\/\/gysfm.com.ar\/inicio\/wp-json\/wp\/v2\/posts\/138670\/revisions"}],"wp:featuredmedia":[{"embeddable":true,"href":"https:\/\/gysfm.com.ar\/inicio\/wp-json\/wp\/v2\/media\/138671"}],"wp:attachment":[{"href":"https:\/\/gysfm.com.ar\/inicio\/wp-json\/wp\/v2\/media?parent=138670"}],"wp:term":[{"taxonomy":"category","embeddable":true,"href":"https:\/\/gysfm.com.ar\/inicio\/wp-json\/wp\/v2\/categories?post=138670"},{"taxonomy":"post_tag","embeddable":true,"href":"https:\/\/gysfm.com.ar\/inicio\/wp-json\/wp\/v2\/tags?post=138670"}],"curies":[{"name":"wp","href":"https:\/\/api.w.org\/{rel}","templated":true}]}}