{"id":138665,"date":"2025-07-23T09:31:08","date_gmt":"2025-07-23T12:31:08","guid":{"rendered":"https:\/\/gysfm.com.ar\/inicio\/carina-farah-el-gobierno-mira-con-preocupacion-la-posibilidad-de-una-suba-del-dolar\/"},"modified":"2025-07-23T09:31:08","modified_gmt":"2025-07-23T12:31:08","slug":"carina-farah-el-gobierno-mira-con-preocupacion-la-posibilidad-de-una-suba-del-dolar","status":"publish","type":"post","link":"https:\/\/gysfm.com.ar\/inicio\/carina-farah-el-gobierno-mira-con-preocupacion-la-posibilidad-de-una-suba-del-dolar\/","title":{"rendered":"Carina Farah: \u201cEl gobierno mira con preocupaci\u00f3n la posibilidad de una suba del d\u00f3lar\u201d"},"content":{"rendered":"<p><\/p>\n<div id=\"article-content\">\n<p>En di\u00e1logo con <em>Canal E<\/em>, la economista <strong>Carina Farah<\/strong> advirti\u00f3 que la escasez de <a target=\"_blank\" href=\"https:\/\/www.perfil.com\/noticias\/canal-e\/recuperacion-economica-en-duda-en-principio-esos-signos-no-son-tan-positivos-como-el-gobierno-lo-esta-contando.phtml\">divisas <\/a>podr\u00eda forzar al gobierno a liberar el<a target=\"_blank\" href=\"https:\/\/https:\/\/www.perfil.com\/noticias\/canal-e\/orlando-ferreres-la-guerra-ya-esta-impactando-en-la-economia-argentina.phtml\"> tipo de cambio<\/a> si el Banco Central no logra sostener la banda superior del d\u00f3lar.<\/p>\n<h2>El fin de la liquidaci\u00f3n del agro y el d\u00f3lar inquieto<\/h2>\n<p>La etapa de liquidaci\u00f3n del agro que trajo algo de alivio al Banco Central est\u00e1 llegando a su fin, y con ello crece la incertidumbre cambiaria. \u201c<strong>Estamos viendo los \u00faltimos d\u00f3lares que el agro se comprometi\u00f3 a liquidar previo a la suba de retenciones<\/strong>\u201d, explic\u00f3 <strong>Farah<\/strong>. A pesar de la buena cosecha, \u201c<strong>tenemos un d\u00f3lar a 1300 y una escasez de divisas muy preocupante<\/strong>\u201d, agreg\u00f3.<\/p>\n<p>Ante la p\u00e9rdida de reservas y una cotizaci\u00f3n que se mantiene alta, la economista consider\u00f3 que \u201c<strong>el gobierno viene mirando con preocupaci\u00f3n hace semanas la posibilidad de una suba del d\u00f3lar<\/strong>\u201d. Adem\u00e1s, record\u00f3 el contexto de las recientes medidas monetarias: \u201c<strong>El fin de las LELIQs oblig\u00f3 al Banco Central a subir la tasa de inter\u00e9s para absorber pesos y evitar que vayan al mercado cambiario<\/strong>\u201d.<\/p>\n<p>El problema estructural, explic\u00f3, es la hist\u00f3rica debilidad de la balanza de pagos de Argentina. \u201c<strong>La escasez relativa de divisas nos ha llevado una y otra vez a aumentos del tipo de cambio que terminan traslad\u00e1ndose a precios<\/strong>\u201d, dijo, advirtiendo sobre el riesgo inflacionario. Con una inflaci\u00f3n en descenso, \u201c<strong>una de las anclas nominales del proceso es el valor del d\u00f3lar<\/strong>\u201d, por lo cual cualquier salto cambiario podr\u00eda frustrar los avances en desinflaci\u00f3n.<\/p>\n<p><iframe id=\"vrudo\" class=\"vrudo\" src=\"https:\/\/rudo.video\/vod\/yid1KsQcpZo?volume=0\" width=\"100%\" height=\"100%\" allowscriptaccess=\"always\" allowfullscreen=\"true\" webkitallowfullscreen=\"true\" frameborder=\"0\" scrolling=\"no\" allow=\"autoplay; fullscreen\" loading=\"lazy\" title=\"Contenido embebido\"><\/iframe><\/p>\n<h2>Bandas cambiarias, escasez de reservas y el rol del FMI<\/h2>\n<p><strong>Farah<\/strong> detall\u00f3 c\u00f3mo opera actualmente el r\u00e9gimen de bandas cambiarias: \u201c<strong>El Banco Central debe comprar d\u00f3lares si el tipo de cambio perfora la banda inferior y vender si llega a la superior<\/strong>\u201d. Sin embargo, alert\u00f3: \u201c<strong>El gobierno no ha llegado a la banda inferior y, por lo tanto, no compr\u00f3 reservas. \u00bfQu\u00e9 pasa si llega a la superior y no tiene d\u00f3lares para vender?<\/strong>\u201d<\/p>\n<p>En ese escenario, el riesgo es claro: \u201c<strong>No le queda m\u00e1s alternativa que soltar el precio del d\u00f3lar y dejarlo explotar<\/strong>\u201d, sentenci\u00f3. La falta de reservas genuinas deja al gobierno atado a la asistencia internacional: \u201c<strong>Ya pas\u00f3 hace unos meses, cuando el salvador fue el Fondo Monetario, con el pr\u00e9stamo de 20.000 millones de d\u00f3lares<\/strong>\u201d.<\/p>\n<p>Sobre la relaci\u00f3n con el FMI, <strong>Farah<\/strong> fue categ\u00f3rica: \u201c<strong>El Fondo Monetario ha demostrado que, cuando quiere, puede hacer la vista gorda a ciertos requisitos<\/strong>\u201d, recordando el pr\u00e9stamo excepcional otorgado al gobierno de Macri. Ante una eventual corrida cambiaria, \u201c<strong>no sorprender\u00eda que nuevamente el Fondo saliera al rescate<\/strong>\u201d.<\/p>\n<p>Finalmente, advirti\u00f3 sobre los efectos de una devaluaci\u00f3n: \u201c<strong>Una corrida tiene un pass-through a precios, sobre todo en bienes b\u00e1sicos y tarifas dolarizadas<\/strong>\u201d, lo que pone en jaque el descenso inflacionario. \u201c<strong>Si los grandes jugadores deciden desarmar posiciones en pesos y salir a demandar d\u00f3lares, ah\u00ed s\u00ed estar\u00edamos ante un problema muy grave<\/strong>\u201d, concluy\u00f3.<br \/>&#13;\n <\/p>\n<\/p><\/div>\n<p><script>\n                !function(f,b,e,v,n,t,s)\n                {if(f.fbq)return;n=f.fbq=function(){n.callMethod?\n                    n.callMethod.apply(n,arguments):n.queue.push(arguments)};\n                    if(!f._fbq)f._fbq=n;n.push=n;n.loaded=!0;n.version='2.0';\n                    n.queue=[];t=b.createElement(e);t.async=!0;\n                    t.src=v;s=b.getElementsByTagName(e)[0];\n                    s.parentNode.insertBefore(t,s)}(window, document,'script',\n                    'https:\/\/connect.facebook.net\/en_US\/fbevents.js');\n                window.paywallConfig.facebook_pixel=\"1000228364089342\"\n            <\/script><\/p>\n","protected":false},"excerpt":{"rendered":"<p>En di\u00e1logo con Canal E, la economista Carina Farah advirti\u00f3 que la escasez de divisas podr\u00eda forzar al gobierno a liberar el tipo de cambio si el Banco Central no logra sostener la banda superior del d\u00f3lar. El fin de la liquidaci\u00f3n del agro y el d\u00f3lar inquieto La etapa de liquidaci\u00f3n del agro que [&hellip;]<\/p>\n","protected":false},"author":2,"featured_media":138666,"comment_status":"closed","ping_status":"closed","sticky":false,"template":"","format":"standard","meta":{"footnotes":""},"categories":[25],"tags":[],"class_list":["post-138665","post","type-post","status-publish","format-standard","has-post-thumbnail","hentry","category-nacionales"],"yoast_head":"<!-- This site is optimized with the Yoast SEO plugin v24.4 - https:\/\/yoast.com\/wordpress\/plugins\/seo\/ -->\n<title>Carina Farah: \u201cEl gobierno mira con preocupaci\u00f3n la posibilidad de una suba del d\u00f3lar\u201d - GYS NOTICIAS |<\/title>\n<meta name=\"robots\" content=\"index, follow, max-snippet:-1, max-image-preview:large, max-video-preview:-1\" \/>\n<link rel=\"canonical\" href=\"https:\/\/gysfm.com.ar\/inicio\/carina-farah-el-gobierno-mira-con-preocupacion-la-posibilidad-de-una-suba-del-dolar\/\" \/>\n<meta property=\"og:locale\" content=\"es_ES\" \/>\n<meta property=\"og:type\" content=\"article\" \/>\n<meta property=\"og:title\" content=\"Carina Farah: \u201cEl gobierno mira con preocupaci\u00f3n la posibilidad de una suba del d\u00f3lar\u201d - GYS NOTICIAS |\" \/>\n<meta property=\"og:description\" content=\"En di\u00e1logo con Canal E, la economista Carina Farah advirti\u00f3 que la escasez de divisas podr\u00eda forzar al gobierno a liberar el tipo de cambio si el Banco Central no logra sostener la banda superior del d\u00f3lar. El fin de la liquidaci\u00f3n del agro y el d\u00f3lar inquieto La etapa de liquidaci\u00f3n del agro que [&hellip;]\" \/>\n<meta property=\"og:url\" content=\"https:\/\/gysfm.com.ar\/inicio\/carina-farah-el-gobierno-mira-con-preocupacion-la-posibilidad-de-una-suba-del-dolar\/\" \/>\n<meta property=\"og:site_name\" content=\"GYS NOTICIAS |\" \/>\n<meta property=\"article:published_time\" content=\"2025-07-23T12:31:08+00:00\" \/>\n<meta name=\"author\" content=\"Prensa G&amp;S FM\" \/>\n<meta name=\"twitter:card\" content=\"summary_large_image\" \/>\n<meta name=\"twitter:label1\" content=\"Escrito por\" \/>\n\t<meta name=\"twitter:data1\" content=\"Prensa G&amp;S FM\" \/>\n\t<meta name=\"twitter:label2\" content=\"Tiempo de lectura\" \/>\n\t<meta name=\"twitter:data2\" content=\"3 minutos\" \/>\n<script type=\"application\/ld+json\" class=\"yoast-schema-graph\">{\"@context\":\"https:\/\/schema.org\",\"@graph\":[{\"@type\":\"Article\",\"@id\":\"https:\/\/gysfm.com.ar\/inicio\/carina-farah-el-gobierno-mira-con-preocupacion-la-posibilidad-de-una-suba-del-dolar\/#article\",\"isPartOf\":{\"@id\":\"https:\/\/gysfm.com.ar\/inicio\/carina-farah-el-gobierno-mira-con-preocupacion-la-posibilidad-de-una-suba-del-dolar\/\"},\"author\":{\"name\":\"Prensa G&amp;S FM\",\"@id\":\"https:\/\/gysfm.com.ar\/inicio\/#\/schema\/person\/3abba7593ef2ad19e1be221d54383dc5\"},\"headline\":\"Carina Farah: \u201cEl gobierno mira con preocupaci\u00f3n la posibilidad de una suba del d\u00f3lar\u201d\",\"datePublished\":\"2025-07-23T12:31:08+00:00\",\"mainEntityOfPage\":{\"@id\":\"https:\/\/gysfm.com.ar\/inicio\/carina-farah-el-gobierno-mira-con-preocupacion-la-posibilidad-de-una-suba-del-dolar\/\"},\"wordCount\":532,\"publisher\":{\"@id\":\"https:\/\/gysfm.com.ar\/inicio\/#organization\"},\"image\":{\"@id\":\"https:\/\/gysfm.com.ar\/inicio\/carina-farah-el-gobierno-mira-con-preocupacion-la-posibilidad-de-una-suba-del-dolar\/#primaryimage\"},\"thumbnailUrl\":\"https:\/\/gysfm.com.ar\/inicio\/wp-content\/uploads\/2025\/07\/dolares-2066330.jpg\",\"articleSection\":[\"NACIONALES\"],\"inLanguage\":\"es\"},{\"@type\":\"WebPage\",\"@id\":\"https:\/\/gysfm.com.ar\/inicio\/carina-farah-el-gobierno-mira-con-preocupacion-la-posibilidad-de-una-suba-del-dolar\/\",\"url\":\"https:\/\/gysfm.com.ar\/inicio\/carina-farah-el-gobierno-mira-con-preocupacion-la-posibilidad-de-una-suba-del-dolar\/\",\"name\":\"Carina Farah: \u201cEl gobierno mira con preocupaci\u00f3n la posibilidad de una suba del d\u00f3lar\u201d - GYS NOTICIAS |\",\"isPartOf\":{\"@id\":\"https:\/\/gysfm.com.ar\/inicio\/#website\"},\"primaryImageOfPage\":{\"@id\":\"https:\/\/gysfm.com.ar\/inicio\/carina-farah-el-gobierno-mira-con-preocupacion-la-posibilidad-de-una-suba-del-dolar\/#primaryimage\"},\"image\":{\"@id\":\"https:\/\/gysfm.com.ar\/inicio\/carina-farah-el-gobierno-mira-con-preocupacion-la-posibilidad-de-una-suba-del-dolar\/#primaryimage\"},\"thumbnailUrl\":\"https:\/\/gysfm.com.ar\/inicio\/wp-content\/uploads\/2025\/07\/dolares-2066330.jpg\",\"datePublished\":\"2025-07-23T12:31:08+00:00\",\"breadcrumb\":{\"@id\":\"https:\/\/gysfm.com.ar\/inicio\/carina-farah-el-gobierno-mira-con-preocupacion-la-posibilidad-de-una-suba-del-dolar\/#breadcrumb\"},\"inLanguage\":\"es\",\"potentialAction\":[{\"@type\":\"ReadAction\",\"target\":[\"https:\/\/gysfm.com.ar\/inicio\/carina-farah-el-gobierno-mira-con-preocupacion-la-posibilidad-de-una-suba-del-dolar\/\"]}]},{\"@type\":\"ImageObject\",\"inLanguage\":\"es\",\"@id\":\"https:\/\/gysfm.com.ar\/inicio\/carina-farah-el-gobierno-mira-con-preocupacion-la-posibilidad-de-una-suba-del-dolar\/#primaryimage\",\"url\":\"https:\/\/gysfm.com.ar\/inicio\/wp-content\/uploads\/2025\/07\/dolares-2066330.jpg\",\"contentUrl\":\"https:\/\/gysfm.com.ar\/inicio\/wp-content\/uploads\/2025\/07\/dolares-2066330.jpg\",\"width\":1140,\"height\":641},{\"@type\":\"BreadcrumbList\",\"@id\":\"https:\/\/gysfm.com.ar\/inicio\/carina-farah-el-gobierno-mira-con-preocupacion-la-posibilidad-de-una-suba-del-dolar\/#breadcrumb\",\"itemListElement\":[{\"@type\":\"ListItem\",\"position\":1,\"name\":\"Portada\",\"item\":\"https:\/\/gysfm.com.ar\/inicio\/\"},{\"@type\":\"ListItem\",\"position\":2,\"name\":\"Carina Farah: \u201cEl gobierno mira con preocupaci\u00f3n la posibilidad de una suba del d\u00f3lar\u201d\"}]},{\"@type\":\"WebSite\",\"@id\":\"https:\/\/gysfm.com.ar\/inicio\/#website\",\"url\":\"https:\/\/gysfm.com.ar\/inicio\/\",\"name\":\"GYS NOTICIAS |\",\"description\":\"DIARIO - RADIO ONLINE SAN JUAN ARGENTINA\",\"publisher\":{\"@id\":\"https:\/\/gysfm.com.ar\/inicio\/#organization\"},\"potentialAction\":[{\"@type\":\"SearchAction\",\"target\":{\"@type\":\"EntryPoint\",\"urlTemplate\":\"https:\/\/gysfm.com.ar\/inicio\/?s={search_term_string}\"},\"query-input\":{\"@type\":\"PropertyValueSpecification\",\"valueRequired\":true,\"valueName\":\"search_term_string\"}}],\"inLanguage\":\"es\"},{\"@type\":\"Organization\",\"@id\":\"https:\/\/gysfm.com.ar\/inicio\/#organization\",\"name\":\"GYS NOTICIAS |\",\"url\":\"https:\/\/gysfm.com.ar\/inicio\/\",\"logo\":{\"@type\":\"ImageObject\",\"inLanguage\":\"es\",\"@id\":\"https:\/\/gysfm.com.ar\/inicio\/#\/schema\/logo\/image\/\",\"url\":\"https:\/\/gysfm.com.ar\/inicio\/wp-content\/uploads\/2023\/07\/LOGOGYS-OK.png\",\"contentUrl\":\"https:\/\/gysfm.com.ar\/inicio\/wp-content\/uploads\/2023\/07\/LOGOGYS-OK.png\",\"width\":1170,\"height\":872,\"caption\":\"GYS NOTICIAS |\"},\"image\":{\"@id\":\"https:\/\/gysfm.com.ar\/inicio\/#\/schema\/logo\/image\/\"}},{\"@type\":\"Person\",\"@id\":\"https:\/\/gysfm.com.ar\/inicio\/#\/schema\/person\/3abba7593ef2ad19e1be221d54383dc5\",\"name\":\"Prensa G&amp;S FM\",\"image\":{\"@type\":\"ImageObject\",\"inLanguage\":\"es\",\"@id\":\"https:\/\/gysfm.com.ar\/inicio\/#\/schema\/person\/image\/\",\"url\":\"https:\/\/secure.gravatar.com\/avatar\/096ec78df02049ab018702bb4ccedf659377fa92a26540b5247612077a0dbd29?s=96&d=mm&r=g\",\"contentUrl\":\"https:\/\/secure.gravatar.com\/avatar\/096ec78df02049ab018702bb4ccedf659377fa92a26540b5247612077a0dbd29?s=96&d=mm&r=g\",\"caption\":\"Prensa G&amp;S FM\"},\"sameAs\":[\"https:\/\/gysfm.com.ar\/\"],\"url\":\"https:\/\/gysfm.com.ar\/inicio\/author\/lucasm\/\"}]}<\/script>\n<!-- \/ Yoast SEO plugin. -->","yoast_head_json":{"title":"Carina Farah: \u201cEl gobierno mira con preocupaci\u00f3n la posibilidad de una suba del d\u00f3lar\u201d - GYS NOTICIAS |","robots":{"index":"index","follow":"follow","max-snippet":"max-snippet:-1","max-image-preview":"max-image-preview:large","max-video-preview":"max-video-preview:-1"},"canonical":"https:\/\/gysfm.com.ar\/inicio\/carina-farah-el-gobierno-mira-con-preocupacion-la-posibilidad-de-una-suba-del-dolar\/","og_locale":"es_ES","og_type":"article","og_title":"Carina Farah: \u201cEl gobierno mira con preocupaci\u00f3n la posibilidad de una suba del d\u00f3lar\u201d - GYS NOTICIAS |","og_description":"En di\u00e1logo con Canal E, la economista Carina Farah advirti\u00f3 que la escasez de divisas podr\u00eda forzar al gobierno a liberar el tipo de cambio si el Banco Central no logra sostener la banda superior del d\u00f3lar. El fin de la liquidaci\u00f3n del agro y el d\u00f3lar inquieto La etapa de liquidaci\u00f3n del agro que [&hellip;]","og_url":"https:\/\/gysfm.com.ar\/inicio\/carina-farah-el-gobierno-mira-con-preocupacion-la-posibilidad-de-una-suba-del-dolar\/","og_site_name":"GYS NOTICIAS |","article_published_time":"2025-07-23T12:31:08+00:00","author":"Prensa G&amp;S FM","twitter_card":"summary_large_image","twitter_misc":{"Escrito por":"Prensa G&amp;S FM","Tiempo de lectura":"3 minutos"},"schema":{"@context":"https:\/\/schema.org","@graph":[{"@type":"Article","@id":"https:\/\/gysfm.com.ar\/inicio\/carina-farah-el-gobierno-mira-con-preocupacion-la-posibilidad-de-una-suba-del-dolar\/#article","isPartOf":{"@id":"https:\/\/gysfm.com.ar\/inicio\/carina-farah-el-gobierno-mira-con-preocupacion-la-posibilidad-de-una-suba-del-dolar\/"},"author":{"name":"Prensa G&amp;S FM","@id":"https:\/\/gysfm.com.ar\/inicio\/#\/schema\/person\/3abba7593ef2ad19e1be221d54383dc5"},"headline":"Carina Farah: \u201cEl gobierno mira con preocupaci\u00f3n la posibilidad de una suba del d\u00f3lar\u201d","datePublished":"2025-07-23T12:31:08+00:00","mainEntityOfPage":{"@id":"https:\/\/gysfm.com.ar\/inicio\/carina-farah-el-gobierno-mira-con-preocupacion-la-posibilidad-de-una-suba-del-dolar\/"},"wordCount":532,"publisher":{"@id":"https:\/\/gysfm.com.ar\/inicio\/#organization"},"image":{"@id":"https:\/\/gysfm.com.ar\/inicio\/carina-farah-el-gobierno-mira-con-preocupacion-la-posibilidad-de-una-suba-del-dolar\/#primaryimage"},"thumbnailUrl":"https:\/\/gysfm.com.ar\/inicio\/wp-content\/uploads\/2025\/07\/dolares-2066330.jpg","articleSection":["NACIONALES"],"inLanguage":"es"},{"@type":"WebPage","@id":"https:\/\/gysfm.com.ar\/inicio\/carina-farah-el-gobierno-mira-con-preocupacion-la-posibilidad-de-una-suba-del-dolar\/","url":"https:\/\/gysfm.com.ar\/inicio\/carina-farah-el-gobierno-mira-con-preocupacion-la-posibilidad-de-una-suba-del-dolar\/","name":"Carina Farah: \u201cEl gobierno mira con preocupaci\u00f3n la posibilidad de una suba del d\u00f3lar\u201d - GYS NOTICIAS |","isPartOf":{"@id":"https:\/\/gysfm.com.ar\/inicio\/#website"},"primaryImageOfPage":{"@id":"https:\/\/gysfm.com.ar\/inicio\/carina-farah-el-gobierno-mira-con-preocupacion-la-posibilidad-de-una-suba-del-dolar\/#primaryimage"},"image":{"@id":"https:\/\/gysfm.com.ar\/inicio\/carina-farah-el-gobierno-mira-con-preocupacion-la-posibilidad-de-una-suba-del-dolar\/#primaryimage"},"thumbnailUrl":"https:\/\/gysfm.com.ar\/inicio\/wp-content\/uploads\/2025\/07\/dolares-2066330.jpg","datePublished":"2025-07-23T12:31:08+00:00","breadcrumb":{"@id":"https:\/\/gysfm.com.ar\/inicio\/carina-farah-el-gobierno-mira-con-preocupacion-la-posibilidad-de-una-suba-del-dolar\/#breadcrumb"},"inLanguage":"es","potentialAction":[{"@type":"ReadAction","target":["https:\/\/gysfm.com.ar\/inicio\/carina-farah-el-gobierno-mira-con-preocupacion-la-posibilidad-de-una-suba-del-dolar\/"]}]},{"@type":"ImageObject","inLanguage":"es","@id":"https:\/\/gysfm.com.ar\/inicio\/carina-farah-el-gobierno-mira-con-preocupacion-la-posibilidad-de-una-suba-del-dolar\/#primaryimage","url":"https:\/\/gysfm.com.ar\/inicio\/wp-content\/uploads\/2025\/07\/dolares-2066330.jpg","contentUrl":"https:\/\/gysfm.com.ar\/inicio\/wp-content\/uploads\/2025\/07\/dolares-2066330.jpg","width":1140,"height":641},{"@type":"BreadcrumbList","@id":"https:\/\/gysfm.com.ar\/inicio\/carina-farah-el-gobierno-mira-con-preocupacion-la-posibilidad-de-una-suba-del-dolar\/#breadcrumb","itemListElement":[{"@type":"ListItem","position":1,"name":"Portada","item":"https:\/\/gysfm.com.ar\/inicio\/"},{"@type":"ListItem","position":2,"name":"Carina Farah: \u201cEl gobierno mira con preocupaci\u00f3n la posibilidad de una suba del d\u00f3lar\u201d"}]},{"@type":"WebSite","@id":"https:\/\/gysfm.com.ar\/inicio\/#website","url":"https:\/\/gysfm.com.ar\/inicio\/","name":"GYS NOTICIAS |","description":"DIARIO - RADIO ONLINE SAN JUAN ARGENTINA","publisher":{"@id":"https:\/\/gysfm.com.ar\/inicio\/#organization"},"potentialAction":[{"@type":"SearchAction","target":{"@type":"EntryPoint","urlTemplate":"https:\/\/gysfm.com.ar\/inicio\/?s={search_term_string}"},"query-input":{"@type":"PropertyValueSpecification","valueRequired":true,"valueName":"search_term_string"}}],"inLanguage":"es"},{"@type":"Organization","@id":"https:\/\/gysfm.com.ar\/inicio\/#organization","name":"GYS NOTICIAS |","url":"https:\/\/gysfm.com.ar\/inicio\/","logo":{"@type":"ImageObject","inLanguage":"es","@id":"https:\/\/gysfm.com.ar\/inicio\/#\/schema\/logo\/image\/","url":"https:\/\/gysfm.com.ar\/inicio\/wp-content\/uploads\/2023\/07\/LOGOGYS-OK.png","contentUrl":"https:\/\/gysfm.com.ar\/inicio\/wp-content\/uploads\/2023\/07\/LOGOGYS-OK.png","width":1170,"height":872,"caption":"GYS NOTICIAS |"},"image":{"@id":"https:\/\/gysfm.com.ar\/inicio\/#\/schema\/logo\/image\/"}},{"@type":"Person","@id":"https:\/\/gysfm.com.ar\/inicio\/#\/schema\/person\/3abba7593ef2ad19e1be221d54383dc5","name":"Prensa G&amp;S FM","image":{"@type":"ImageObject","inLanguage":"es","@id":"https:\/\/gysfm.com.ar\/inicio\/#\/schema\/person\/image\/","url":"https:\/\/secure.gravatar.com\/avatar\/096ec78df02049ab018702bb4ccedf659377fa92a26540b5247612077a0dbd29?s=96&d=mm&r=g","contentUrl":"https:\/\/secure.gravatar.com\/avatar\/096ec78df02049ab018702bb4ccedf659377fa92a26540b5247612077a0dbd29?s=96&d=mm&r=g","caption":"Prensa G&amp;S FM"},"sameAs":["https:\/\/gysfm.com.ar\/"],"url":"https:\/\/gysfm.com.ar\/inicio\/author\/lucasm\/"}]}},"_links":{"self":[{"href":"https:\/\/gysfm.com.ar\/inicio\/wp-json\/wp\/v2\/posts\/138665","targetHints":{"allow":["GET"]}}],"collection":[{"href":"https:\/\/gysfm.com.ar\/inicio\/wp-json\/wp\/v2\/posts"}],"about":[{"href":"https:\/\/gysfm.com.ar\/inicio\/wp-json\/wp\/v2\/types\/post"}],"author":[{"embeddable":true,"href":"https:\/\/gysfm.com.ar\/inicio\/wp-json\/wp\/v2\/users\/2"}],"replies":[{"embeddable":true,"href":"https:\/\/gysfm.com.ar\/inicio\/wp-json\/wp\/v2\/comments?post=138665"}],"version-history":[{"count":0,"href":"https:\/\/gysfm.com.ar\/inicio\/wp-json\/wp\/v2\/posts\/138665\/revisions"}],"wp:featuredmedia":[{"embeddable":true,"href":"https:\/\/gysfm.com.ar\/inicio\/wp-json\/wp\/v2\/media\/138666"}],"wp:attachment":[{"href":"https:\/\/gysfm.com.ar\/inicio\/wp-json\/wp\/v2\/media?parent=138665"}],"wp:term":[{"taxonomy":"category","embeddable":true,"href":"https:\/\/gysfm.com.ar\/inicio\/wp-json\/wp\/v2\/categories?post=138665"},{"taxonomy":"post_tag","embeddable":true,"href":"https:\/\/gysfm.com.ar\/inicio\/wp-json\/wp\/v2\/tags?post=138665"}],"curies":[{"name":"wp","href":"https:\/\/api.w.org\/{rel}","templated":true}]}}