{"id":138663,"date":"2025-07-23T09:06:19","date_gmt":"2025-07-23T12:06:19","guid":{"rendered":"https:\/\/gysfm.com.ar\/inicio\/las-ventas-en-super-y-mayoristas-fueron-las-mas-golpeadas\/"},"modified":"2025-07-23T09:06:19","modified_gmt":"2025-07-23T12:06:19","slug":"las-ventas-en-super-y-mayoristas-fueron-las-mas-golpeadas","status":"publish","type":"post","link":"https:\/\/gysfm.com.ar\/inicio\/las-ventas-en-super-y-mayoristas-fueron-las-mas-golpeadas\/","title":{"rendered":"las ventas en s\u00faper y mayoristas fueron las m\u00e1s golpeadas"},"content":{"rendered":"<p> <br \/>\n<\/p>\n<div>\t\t<!-- { REGION4 --> <\/p>\n<header class=\"news-headline\">\n<h2 class=\"news-headline__article-summary\">\t\t<\/h2>\n<p class=\"ignore-parser\">Las ventas en los supermercados y mayoristas se hundieron 6,4% cada una, mientras que se observa un avance en las compras online. En lo que va del a\u00f1o, muestran una leve suba de 0,4%, seg\u00fan la medici\u00f3n de Scentia.<\/p>\n<\/header>\n<div class=\"detail-highlighted-multimedia content-protected-false\">\n<figure class=\"detail-highlighted-multimedia__figure\">  <img loading=\"lazy\" decoding=\"async\" src=\"https:\/\/media.ambito.com\/p\/b48ebca76de0f66d716960a2dc32a9e6\/adjuntos\/239\/imagenes\/042\/593\/0042593679\/inflacion-precios-consumo.jpg\" class=\"detail-highlighted-multimedia__figure-img img-fluid\" alt=\"El consumo detuvo su avance y cay\u00f3 en junio.\" width=\"655\" height=\"368\" crossorigin=\"anonymous\"\/><figcaption class=\"detail-highlighted-multimedia__figcaption\">  <span class=\"detail-highlighted-multimedia__copyright\">Mariano Fuchila<\/span><\/figcaption><\/figure>\n<\/div>\n<article class=\"article-body article-body--first-paragraph content-protected-false\" data-td-script-src=\"https:\/\/www.ambito.com\/td\/modulos\/encuestas\/js\/function-embeds-min-version-1747541270.js\">\n<p data-start=\"178\" data-end=\"628\">Pese a la desaceleraci\u00f3n de la<strong> inflaci\u00f3n<\/strong>, el <strong>consumo no muestra se\u00f1ales positivas. En junio cay\u00f3 0,8%<\/strong> con relaci\u00f3n al mismo mes del a\u00f1o pasado, a pesar de la baja base de comparaci\u00f3n, seg\u00fan el \u00faltimo informe de <strong>Scentia<\/strong>. La ca\u00edda de las ventas se da en un mercado laboral que a\u00fan no termina de repuntar: <strong>cae el poder adquisitivo y, a la par, aumenta el desempleo<\/strong>.<\/p>\n<\/article>\n<section class=\"suscription-false printed-edition\" style=\"display:none\">\n<p> El contenido al que quiere acceder es exclusivo para suscriptores.<\/p>\n<p>  <span> <button type=\"button\" name=\"button\" class=\"subscribe-btn mercadopago-btn\">suscribirse<\/button><\/span>  <span class=\"btns\"><button type=\"button\" name=\"button\" class=\"subscribe-btn reload-login\"> ya estoy suscripto<\/button><\/span>  <\/p>\n<\/section>\n<article class=\"article-body article-body--second-paragraph content-protected-false\">\n<p data-start=\"178\" data-end=\"628\">El consumo ven\u00eda de tres meses seguidos de recuperaci\u00f3n, los primeros despu\u00e9s de un a\u00f1o entero en baja. En lo que va de 2025, el acumula un crecimiento marginal de apenas <strong>0,4%,<\/strong> un dato que confirma la <strong>recesi\u00f3n en el consumo privado<\/strong>, pese a la desaceleraci\u00f3n de la inflaci\u00f3n, que seg\u00fan fue de 15,1% en el primer semestre y de 39,4% interanual.<\/p>\n<\/article>\n<section class=\"related-news\">\t\t<span class=\"related-news__title\">Informate m\u00e1s<\/span>\t\t<\/p>\n<div class=\"row row--eq-height\">\n<div class=\"col-12 col-md-6\">\n<article class=\"news-article news-article--landscape-news news-article--landscape-news\">\n<figure class=\"news-article__figure figure\">\n\t\t\t\t\t\t\t\t\t\t\t<img loading=\"lazy\" decoding=\"async\" src=\"https:\/\/media.ambito.com\/p\/51c929a6a3141541d9aef6cbd2500303\/adjuntos\/239\/imagenes\/040\/015\/0040015056\/93x52\/smart\/dia-del-amigojpg.jpg\" alt=\"Para quienes deciden agasajar a sus amigos con alg\u00fan obsequio, el gasto promedio se sit\u00faa en $32.270\" title=\"Para quienes deciden agasajar a sus amigos con alg\u00fan obsequio, el gasto promedio se sit\u00faa en $32.270\" width=\"93\" height=\"52\" class=\"news-article__figure-img figure-img img-fluid\"\/>\t\t<\/figure>\n<\/article><\/div>\n<div class=\"col-12 col-md-6\">\n<article class=\"news-article news-article--landscape-news news-article--landscape-news\">\n<figure class=\"news-article__figure figure\">\n\t\t\t\t\t\t\t\t\t\t\t<img loading=\"lazy\" decoding=\"async\" src=\"https:\/\/media.ambito.com\/p\/93ce45abe832cca154b919429af03ac3\/adjuntos\/351\/imagenes\/042\/600\/0042600592\/93x52\/smart\/importaciones-carne.jpeg\" alt=\"Las importaciones de carne crecieron un 23% interanual en el primer semestre.\" title=\"Las importaciones de carne crecieron un 23% interanual en el primer semestre.\" width=\"93\" height=\"52\" class=\"news-article__figure-img figure-img img-fluid\"\/>\t\t<\/figure>\n<\/article><\/div>\n<\/div>\n<\/section>\n<article class=\"article-body article-body--third-paragraph content-protected-false\">\n<h2 data-start=\"916\" data-end=\"1170\">Consumos dispares: las ventas online subieron, pero en supermercados y mayoristas se desplomaron 6%<\/h2>\n<p data-start=\"1172\" data-end=\"1509\">El informe de Scentia releva m\u00e1s de 8.000 puntos de venta en todo el pa\u00eds entre supermercados de cadena, autoservicios independientes, farmacias e-commerce, mayoristas y kioscos. Las mayores bajas se dieron en la compra en <strong>supermercados de cadena<\/strong> y <strong>mayoristas,<\/strong> 6,4% cada una de ellas durante junio. Mientras tanto, las ventas que m\u00e1s reputaron fueron las <strong>online<\/strong> (+14,6%) y <strong>farmacias<\/strong> (+5,6%).<\/p>\n<\/article>\n<article class=\"article-body article-body--fourth-paragraph content-protected-false\">\n<p data-start=\"1172\" data-end=\"1509\">En ese contexto, entre <strong>supermercados y autoservicios<\/strong> la ca\u00edda del consumo fue del <strong>2,4%<\/strong> en junio frente al mismo mes del a\u00f1o pasado.<\/p>\n<\/article>\n<article class=\"article-body article-body--remaining-paragraph content-protected-false\">\n<p data-start=\"1172\" data-end=\"1509\">Es que m\u00e1s all\u00e1 de que existe una cierta estabilidad econ\u00f3mica con una <strong>inflaci\u00f3n<\/strong> ya por debajo del 2%, la ca\u00edda en las ventas no se explica s\u00f3lo por el alza de precios, sino por un ajuste profundo en los bolsillos. Los salarios no logran a\u00fan recuperarse. <strong>En mayo, se mantuvieron<\/strong>, seg\u00fan la proyecci\u00f3n de C-P Consultores, que da cuenta de un \u00abestancamiento del poder adquisitivo, consolidando la contracci\u00f3n\u00bb. A su vez, la <strong> desocupaci\u00f3n tambi\u00e9n subi\u00f3 y se ubic\u00f3 en el 7,9%<\/strong> en el primer trimestre del a\u00f1o, mientras que la <strong>pobreza<\/strong> contin\u00faa afectando al 38,1% de la poblaci\u00f3n argentina durante el segundo semestre de 2024.<\/p>\n<p data-start=\"2003\" data-end=\"2426\">Aunque otros sectores muestran se\u00f1ales de reactivaci\u00f3n, como la <strong>producci\u00f3n industrial<\/strong> (+5,8% en mayo) o la automotriz (+33,8% en junio, acumulando +15,6% en el a\u00f1o), la recuperaci\u00f3n econ\u00f3mica todav\u00eda no se siente en la calle.<\/p>\n<p data-start=\"2003\" data-end=\"2426\">La ca\u00edda del consumo masivo confirma que el ajuste no es solo un dato macroecon\u00f3mico, sino una realidad cotidiana que impacta en la alimentaci\u00f3n, la limpieza y los insumos b\u00e1sicos de los hogares.<\/p>\n<\/article>\n<p>\t\t\t\t<!-- REGION4 } -->\n\t\t\t\t\t\t<\/div>\n<p><script>\n!function(f,b,e,v,n,t,s)\n{if(f.fbq)return;n=f.fbq=function(){n.callMethod?\nn.callMethod.apply(n,arguments):n.queue.push(arguments)};\nif(!f._fbq)f._fbq=n;n.push=n;n.loaded=!0;n.version='2.0';\nn.queue=[];t=b.createElement(e);t.async=!0;\nt.src=v;s=b.getElementsByTagName(e)[0];\ns.parentNode.insertBefore(t,s)}(window,document,'script',\n'https:\/\/connect.facebook.net\/en_US\/fbevents.js');\nfbq('init', '2047048335588113');\nfbq('track', 'PageView');\n<\/script><br \/>\n<br \/><\/p>\n","protected":false},"excerpt":{"rendered":"<p>Las ventas en los supermercados y mayoristas se hundieron 6,4% cada una, mientras que se observa un avance en las compras online. En lo que va del a\u00f1o, muestran una leve suba de 0,4%, seg\u00fan la medici\u00f3n de Scentia. Mariano Fuchila Pese a la desaceleraci\u00f3n de la inflaci\u00f3n, el consumo no muestra se\u00f1ales positivas. En [&hellip;]<\/p>\n","protected":false},"author":1,"featured_media":138664,"comment_status":"closed","ping_status":"closed","sticky":false,"template":"","format":"standard","meta":{"footnotes":""},"categories":[28],"tags":[],"class_list":["post-138663","post","type-post","status-publish","format-standard","has-post-thumbnail","hentry","category-economia"],"yoast_head":"<!-- This site is optimized with the Yoast SEO plugin v24.4 - https:\/\/yoast.com\/wordpress\/plugins\/seo\/ -->\n<title>las ventas en s\u00faper y mayoristas fueron las m\u00e1s golpeadas - GYS NOTICIAS |<\/title>\n<meta name=\"robots\" content=\"index, follow, max-snippet:-1, max-image-preview:large, max-video-preview:-1\" \/>\n<link rel=\"canonical\" href=\"https:\/\/gysfm.com.ar\/inicio\/las-ventas-en-super-y-mayoristas-fueron-las-mas-golpeadas\/\" \/>\n<meta property=\"og:locale\" content=\"es_ES\" \/>\n<meta property=\"og:type\" content=\"article\" \/>\n<meta property=\"og:title\" content=\"las ventas en s\u00faper y mayoristas fueron las m\u00e1s golpeadas - GYS NOTICIAS |\" \/>\n<meta property=\"og:description\" content=\"Las ventas en los supermercados y mayoristas se hundieron 6,4% cada una, mientras que se observa un avance en las compras online. En lo que va del a\u00f1o, muestran una leve suba de 0,4%, seg\u00fan la medici\u00f3n de Scentia. Mariano Fuchila Pese a la desaceleraci\u00f3n de la inflaci\u00f3n, el consumo no muestra se\u00f1ales positivas. En [&hellip;]\" \/>\n<meta property=\"og:url\" content=\"https:\/\/gysfm.com.ar\/inicio\/las-ventas-en-super-y-mayoristas-fueron-las-mas-golpeadas\/\" \/>\n<meta property=\"og:site_name\" content=\"GYS NOTICIAS |\" \/>\n<meta property=\"article:published_time\" content=\"2025-07-23T12:06:19+00:00\" \/>\n<meta property=\"og:image\" content=\"https:\/\/media.ambito.com\/p\/b48ebca76de0f66d716960a2dc32a9e6\/adjuntos\/239\/imagenes\/042\/593\/0042593679\/inflacion-precios-consumo.jpg\" \/>\n<meta name=\"author\" content=\"admin\" \/>\n<meta name=\"twitter:card\" content=\"summary_large_image\" \/>\n<meta name=\"twitter:label1\" content=\"Escrito por\" \/>\n\t<meta name=\"twitter:data1\" content=\"admin\" \/>\n\t<meta name=\"twitter:label2\" content=\"Tiempo de lectura\" \/>\n\t<meta name=\"twitter:data2\" content=\"2 minutos\" \/>\n<script type=\"application\/ld+json\" class=\"yoast-schema-graph\">{\"@context\":\"https:\/\/schema.org\",\"@graph\":[{\"@type\":\"Article\",\"@id\":\"https:\/\/gysfm.com.ar\/inicio\/las-ventas-en-super-y-mayoristas-fueron-las-mas-golpeadas\/#article\",\"isPartOf\":{\"@id\":\"https:\/\/gysfm.com.ar\/inicio\/las-ventas-en-super-y-mayoristas-fueron-las-mas-golpeadas\/\"},\"author\":{\"name\":\"admin\",\"@id\":\"https:\/\/gysfm.com.ar\/inicio\/#\/schema\/person\/5bedd7ecd35cc35548d89effafa23696\"},\"headline\":\"las ventas en s\u00faper y mayoristas fueron las m\u00e1s golpeadas\",\"datePublished\":\"2025-07-23T12:06:19+00:00\",\"mainEntityOfPage\":{\"@id\":\"https:\/\/gysfm.com.ar\/inicio\/las-ventas-en-super-y-mayoristas-fueron-las-mas-golpeadas\/\"},\"wordCount\":503,\"publisher\":{\"@id\":\"https:\/\/gysfm.com.ar\/inicio\/#organization\"},\"image\":{\"@id\":\"https:\/\/gysfm.com.ar\/inicio\/las-ventas-en-super-y-mayoristas-fueron-las-mas-golpeadas\/#primaryimage\"},\"thumbnailUrl\":\"https:\/\/gysfm.com.ar\/inicio\/wp-content\/uploads\/2025\/07\/inflacion-precios-consumo.jpg\",\"articleSection\":[\"ECONOMIA\"],\"inLanguage\":\"es\"},{\"@type\":\"WebPage\",\"@id\":\"https:\/\/gysfm.com.ar\/inicio\/las-ventas-en-super-y-mayoristas-fueron-las-mas-golpeadas\/\",\"url\":\"https:\/\/gysfm.com.ar\/inicio\/las-ventas-en-super-y-mayoristas-fueron-las-mas-golpeadas\/\",\"name\":\"las ventas en s\u00faper y mayoristas fueron las m\u00e1s golpeadas - GYS NOTICIAS |\",\"isPartOf\":{\"@id\":\"https:\/\/gysfm.com.ar\/inicio\/#website\"},\"primaryImageOfPage\":{\"@id\":\"https:\/\/gysfm.com.ar\/inicio\/las-ventas-en-super-y-mayoristas-fueron-las-mas-golpeadas\/#primaryimage\"},\"image\":{\"@id\":\"https:\/\/gysfm.com.ar\/inicio\/las-ventas-en-super-y-mayoristas-fueron-las-mas-golpeadas\/#primaryimage\"},\"thumbnailUrl\":\"https:\/\/gysfm.com.ar\/inicio\/wp-content\/uploads\/2025\/07\/inflacion-precios-consumo.jpg\",\"datePublished\":\"2025-07-23T12:06:19+00:00\",\"breadcrumb\":{\"@id\":\"https:\/\/gysfm.com.ar\/inicio\/las-ventas-en-super-y-mayoristas-fueron-las-mas-golpeadas\/#breadcrumb\"},\"inLanguage\":\"es\",\"potentialAction\":[{\"@type\":\"ReadAction\",\"target\":[\"https:\/\/gysfm.com.ar\/inicio\/las-ventas-en-super-y-mayoristas-fueron-las-mas-golpeadas\/\"]}]},{\"@type\":\"ImageObject\",\"inLanguage\":\"es\",\"@id\":\"https:\/\/gysfm.com.ar\/inicio\/las-ventas-en-super-y-mayoristas-fueron-las-mas-golpeadas\/#primaryimage\",\"url\":\"https:\/\/gysfm.com.ar\/inicio\/wp-content\/uploads\/2025\/07\/inflacion-precios-consumo.jpg\",\"contentUrl\":\"https:\/\/gysfm.com.ar\/inicio\/wp-content\/uploads\/2025\/07\/inflacion-precios-consumo.jpg\",\"width\":1200,\"height\":675},{\"@type\":\"BreadcrumbList\",\"@id\":\"https:\/\/gysfm.com.ar\/inicio\/las-ventas-en-super-y-mayoristas-fueron-las-mas-golpeadas\/#breadcrumb\",\"itemListElement\":[{\"@type\":\"ListItem\",\"position\":1,\"name\":\"Portada\",\"item\":\"https:\/\/gysfm.com.ar\/inicio\/\"},{\"@type\":\"ListItem\",\"position\":2,\"name\":\"las ventas en s\u00faper y mayoristas fueron las m\u00e1s golpeadas\"}]},{\"@type\":\"WebSite\",\"@id\":\"https:\/\/gysfm.com.ar\/inicio\/#website\",\"url\":\"https:\/\/gysfm.com.ar\/inicio\/\",\"name\":\"GYS NOTICIAS |\",\"description\":\"DIARIO - RADIO ONLINE SAN JUAN ARGENTINA\",\"publisher\":{\"@id\":\"https:\/\/gysfm.com.ar\/inicio\/#organization\"},\"potentialAction\":[{\"@type\":\"SearchAction\",\"target\":{\"@type\":\"EntryPoint\",\"urlTemplate\":\"https:\/\/gysfm.com.ar\/inicio\/?s={search_term_string}\"},\"query-input\":{\"@type\":\"PropertyValueSpecification\",\"valueRequired\":true,\"valueName\":\"search_term_string\"}}],\"inLanguage\":\"es\"},{\"@type\":\"Organization\",\"@id\":\"https:\/\/gysfm.com.ar\/inicio\/#organization\",\"name\":\"GYS NOTICIAS |\",\"url\":\"https:\/\/gysfm.com.ar\/inicio\/\",\"logo\":{\"@type\":\"ImageObject\",\"inLanguage\":\"es\",\"@id\":\"https:\/\/gysfm.com.ar\/inicio\/#\/schema\/logo\/image\/\",\"url\":\"https:\/\/gysfm.com.ar\/inicio\/wp-content\/uploads\/2023\/07\/LOGOGYS-OK.png\",\"contentUrl\":\"https:\/\/gysfm.com.ar\/inicio\/wp-content\/uploads\/2023\/07\/LOGOGYS-OK.png\",\"width\":1170,\"height\":872,\"caption\":\"GYS NOTICIAS |\"},\"image\":{\"@id\":\"https:\/\/gysfm.com.ar\/inicio\/#\/schema\/logo\/image\/\"}},{\"@type\":\"Person\",\"@id\":\"https:\/\/gysfm.com.ar\/inicio\/#\/schema\/person\/5bedd7ecd35cc35548d89effafa23696\",\"name\":\"admin\",\"image\":{\"@type\":\"ImageObject\",\"inLanguage\":\"es\",\"@id\":\"https:\/\/gysfm.com.ar\/inicio\/#\/schema\/person\/image\/\",\"url\":\"https:\/\/secure.gravatar.com\/avatar\/c331d312b5243fb64d5ba28108a447b27c925295129a363082c9ea52c28d32c2?s=96&d=mm&r=g\",\"contentUrl\":\"https:\/\/secure.gravatar.com\/avatar\/c331d312b5243fb64d5ba28108a447b27c925295129a363082c9ea52c28d32c2?s=96&d=mm&r=g\",\"caption\":\"admin\"},\"sameAs\":[\"https:\/\/gysfm.com.ar\/inicio\"],\"url\":\"https:\/\/gysfm.com.ar\/inicio\/author\/admin\/\"}]}<\/script>\n<!-- \/ Yoast SEO plugin. -->","yoast_head_json":{"title":"las ventas en s\u00faper y mayoristas fueron las m\u00e1s golpeadas - GYS NOTICIAS |","robots":{"index":"index","follow":"follow","max-snippet":"max-snippet:-1","max-image-preview":"max-image-preview:large","max-video-preview":"max-video-preview:-1"},"canonical":"https:\/\/gysfm.com.ar\/inicio\/las-ventas-en-super-y-mayoristas-fueron-las-mas-golpeadas\/","og_locale":"es_ES","og_type":"article","og_title":"las ventas en s\u00faper y mayoristas fueron las m\u00e1s golpeadas - GYS NOTICIAS |","og_description":"Las ventas en los supermercados y mayoristas se hundieron 6,4% cada una, mientras que se observa un avance en las compras online. En lo que va del a\u00f1o, muestran una leve suba de 0,4%, seg\u00fan la medici\u00f3n de Scentia. Mariano Fuchila Pese a la desaceleraci\u00f3n de la inflaci\u00f3n, el consumo no muestra se\u00f1ales positivas. En [&hellip;]","og_url":"https:\/\/gysfm.com.ar\/inicio\/las-ventas-en-super-y-mayoristas-fueron-las-mas-golpeadas\/","og_site_name":"GYS NOTICIAS |","article_published_time":"2025-07-23T12:06:19+00:00","og_image":[{"url":"https:\/\/media.ambito.com\/p\/b48ebca76de0f66d716960a2dc32a9e6\/adjuntos\/239\/imagenes\/042\/593\/0042593679\/inflacion-precios-consumo.jpg","type":"","width":"","height":""}],"author":"admin","twitter_card":"summary_large_image","twitter_misc":{"Escrito por":"admin","Tiempo de lectura":"2 minutos"},"schema":{"@context":"https:\/\/schema.org","@graph":[{"@type":"Article","@id":"https:\/\/gysfm.com.ar\/inicio\/las-ventas-en-super-y-mayoristas-fueron-las-mas-golpeadas\/#article","isPartOf":{"@id":"https:\/\/gysfm.com.ar\/inicio\/las-ventas-en-super-y-mayoristas-fueron-las-mas-golpeadas\/"},"author":{"name":"admin","@id":"https:\/\/gysfm.com.ar\/inicio\/#\/schema\/person\/5bedd7ecd35cc35548d89effafa23696"},"headline":"las ventas en s\u00faper y mayoristas fueron las m\u00e1s golpeadas","datePublished":"2025-07-23T12:06:19+00:00","mainEntityOfPage":{"@id":"https:\/\/gysfm.com.ar\/inicio\/las-ventas-en-super-y-mayoristas-fueron-las-mas-golpeadas\/"},"wordCount":503,"publisher":{"@id":"https:\/\/gysfm.com.ar\/inicio\/#organization"},"image":{"@id":"https:\/\/gysfm.com.ar\/inicio\/las-ventas-en-super-y-mayoristas-fueron-las-mas-golpeadas\/#primaryimage"},"thumbnailUrl":"https:\/\/gysfm.com.ar\/inicio\/wp-content\/uploads\/2025\/07\/inflacion-precios-consumo.jpg","articleSection":["ECONOMIA"],"inLanguage":"es"},{"@type":"WebPage","@id":"https:\/\/gysfm.com.ar\/inicio\/las-ventas-en-super-y-mayoristas-fueron-las-mas-golpeadas\/","url":"https:\/\/gysfm.com.ar\/inicio\/las-ventas-en-super-y-mayoristas-fueron-las-mas-golpeadas\/","name":"las ventas en s\u00faper y mayoristas fueron las m\u00e1s golpeadas - GYS NOTICIAS |","isPartOf":{"@id":"https:\/\/gysfm.com.ar\/inicio\/#website"},"primaryImageOfPage":{"@id":"https:\/\/gysfm.com.ar\/inicio\/las-ventas-en-super-y-mayoristas-fueron-las-mas-golpeadas\/#primaryimage"},"image":{"@id":"https:\/\/gysfm.com.ar\/inicio\/las-ventas-en-super-y-mayoristas-fueron-las-mas-golpeadas\/#primaryimage"},"thumbnailUrl":"https:\/\/gysfm.com.ar\/inicio\/wp-content\/uploads\/2025\/07\/inflacion-precios-consumo.jpg","datePublished":"2025-07-23T12:06:19+00:00","breadcrumb":{"@id":"https:\/\/gysfm.com.ar\/inicio\/las-ventas-en-super-y-mayoristas-fueron-las-mas-golpeadas\/#breadcrumb"},"inLanguage":"es","potentialAction":[{"@type":"ReadAction","target":["https:\/\/gysfm.com.ar\/inicio\/las-ventas-en-super-y-mayoristas-fueron-las-mas-golpeadas\/"]}]},{"@type":"ImageObject","inLanguage":"es","@id":"https:\/\/gysfm.com.ar\/inicio\/las-ventas-en-super-y-mayoristas-fueron-las-mas-golpeadas\/#primaryimage","url":"https:\/\/gysfm.com.ar\/inicio\/wp-content\/uploads\/2025\/07\/inflacion-precios-consumo.jpg","contentUrl":"https:\/\/gysfm.com.ar\/inicio\/wp-content\/uploads\/2025\/07\/inflacion-precios-consumo.jpg","width":1200,"height":675},{"@type":"BreadcrumbList","@id":"https:\/\/gysfm.com.ar\/inicio\/las-ventas-en-super-y-mayoristas-fueron-las-mas-golpeadas\/#breadcrumb","itemListElement":[{"@type":"ListItem","position":1,"name":"Portada","item":"https:\/\/gysfm.com.ar\/inicio\/"},{"@type":"ListItem","position":2,"name":"las ventas en s\u00faper y mayoristas fueron las m\u00e1s golpeadas"}]},{"@type":"WebSite","@id":"https:\/\/gysfm.com.ar\/inicio\/#website","url":"https:\/\/gysfm.com.ar\/inicio\/","name":"GYS NOTICIAS |","description":"DIARIO - RADIO ONLINE SAN JUAN ARGENTINA","publisher":{"@id":"https:\/\/gysfm.com.ar\/inicio\/#organization"},"potentialAction":[{"@type":"SearchAction","target":{"@type":"EntryPoint","urlTemplate":"https:\/\/gysfm.com.ar\/inicio\/?s={search_term_string}"},"query-input":{"@type":"PropertyValueSpecification","valueRequired":true,"valueName":"search_term_string"}}],"inLanguage":"es"},{"@type":"Organization","@id":"https:\/\/gysfm.com.ar\/inicio\/#organization","name":"GYS NOTICIAS |","url":"https:\/\/gysfm.com.ar\/inicio\/","logo":{"@type":"ImageObject","inLanguage":"es","@id":"https:\/\/gysfm.com.ar\/inicio\/#\/schema\/logo\/image\/","url":"https:\/\/gysfm.com.ar\/inicio\/wp-content\/uploads\/2023\/07\/LOGOGYS-OK.png","contentUrl":"https:\/\/gysfm.com.ar\/inicio\/wp-content\/uploads\/2023\/07\/LOGOGYS-OK.png","width":1170,"height":872,"caption":"GYS NOTICIAS |"},"image":{"@id":"https:\/\/gysfm.com.ar\/inicio\/#\/schema\/logo\/image\/"}},{"@type":"Person","@id":"https:\/\/gysfm.com.ar\/inicio\/#\/schema\/person\/5bedd7ecd35cc35548d89effafa23696","name":"admin","image":{"@type":"ImageObject","inLanguage":"es","@id":"https:\/\/gysfm.com.ar\/inicio\/#\/schema\/person\/image\/","url":"https:\/\/secure.gravatar.com\/avatar\/c331d312b5243fb64d5ba28108a447b27c925295129a363082c9ea52c28d32c2?s=96&d=mm&r=g","contentUrl":"https:\/\/secure.gravatar.com\/avatar\/c331d312b5243fb64d5ba28108a447b27c925295129a363082c9ea52c28d32c2?s=96&d=mm&r=g","caption":"admin"},"sameAs":["https:\/\/gysfm.com.ar\/inicio"],"url":"https:\/\/gysfm.com.ar\/inicio\/author\/admin\/"}]}},"_links":{"self":[{"href":"https:\/\/gysfm.com.ar\/inicio\/wp-json\/wp\/v2\/posts\/138663","targetHints":{"allow":["GET"]}}],"collection":[{"href":"https:\/\/gysfm.com.ar\/inicio\/wp-json\/wp\/v2\/posts"}],"about":[{"href":"https:\/\/gysfm.com.ar\/inicio\/wp-json\/wp\/v2\/types\/post"}],"author":[{"embeddable":true,"href":"https:\/\/gysfm.com.ar\/inicio\/wp-json\/wp\/v2\/users\/1"}],"replies":[{"embeddable":true,"href":"https:\/\/gysfm.com.ar\/inicio\/wp-json\/wp\/v2\/comments?post=138663"}],"version-history":[{"count":0,"href":"https:\/\/gysfm.com.ar\/inicio\/wp-json\/wp\/v2\/posts\/138663\/revisions"}],"wp:featuredmedia":[{"embeddable":true,"href":"https:\/\/gysfm.com.ar\/inicio\/wp-json\/wp\/v2\/media\/138664"}],"wp:attachment":[{"href":"https:\/\/gysfm.com.ar\/inicio\/wp-json\/wp\/v2\/media?parent=138663"}],"wp:term":[{"taxonomy":"category","embeddable":true,"href":"https:\/\/gysfm.com.ar\/inicio\/wp-json\/wp\/v2\/categories?post=138663"},{"taxonomy":"post_tag","embeddable":true,"href":"https:\/\/gysfm.com.ar\/inicio\/wp-json\/wp\/v2\/tags?post=138663"}],"curies":[{"name":"wp","href":"https:\/\/api.w.org\/{rel}","templated":true}]}}