{"id":138658,"date":"2025-07-23T08:55:34","date_gmt":"2025-07-23T11:55:34","guid":{"rendered":"https:\/\/gysfm.com.ar\/inicio\/el-almuerzo-de-alto-voltaje-que-reunio-a-figuras-del-gobierno-y-a-la-cupula-de-la-rural\/"},"modified":"2025-07-23T08:55:35","modified_gmt":"2025-07-23T11:55:35","slug":"el-almuerzo-de-alto-voltaje-que-reunio-a-figuras-del-gobierno-y-a-la-cupula-de-la-rural","status":"publish","type":"post","link":"https:\/\/gysfm.com.ar\/inicio\/el-almuerzo-de-alto-voltaje-que-reunio-a-figuras-del-gobierno-y-a-la-cupula-de-la-rural\/","title":{"rendered":"El almuerzo de alto voltaje que reuni\u00f3 a figuras del Gobierno y a la c\u00fapula de la Rural"},"content":{"rendered":"<p><\/p>\n<div>\n<p class=\"com-paragraph  --capital --s\">Mientras <strong>el pabell\u00f3n ganadero exhibe gen\u00e9tica de \u00e9lite<\/strong> y los <em>stands<\/em> de los expositores rebalsan de optimismo por la cantidad de visitantes que se present\u00f3 en el sexto d\u00eda de la <strong>Exposici\u00f3n Rural de Palermo<\/strong>, un almuerzo de alto voltaje se sirvi\u00f3 entre funcionarios del gobierno de <strong>Javier Milei <\/strong>y la c\u00fapula de la<strong> Sociedad Rural Argentina (SRA).<\/strong> En el restaurante Central del predio, entre copas de vino blanco, tinto y tazas de caf\u00e9 cortado, se cruzaron comentarios sobre un posible anuncio de Milei el pr\u00f3ximo s\u00e1bado en el acto inaugural. En la mesa se especul\u00f3, pero nadie ten\u00eda certeza sobre el contenido y, mucho menos, conjeturar sobre la decisi\u00f3n que el Presidente tomar\u00e1 en soledad.<\/p>\n<p class=\"com-paragraph   --s\">La reserva del restaurante estaba hecha para las 13, donde poco a poco comenzaron a llegar el ministro de Defensa, <strong>Luis Petri; <\/strong>la ministra de Capital Humano, <strong>Sandra Pettovello;<\/strong> el vocero presidencial, <strong>Manuel Adorni<\/strong>, y el subsecretario de Prensa, <strong>Javier Lanari. <\/strong>La \u00faltima en llegar fue la ministra de Seguridad, <strong>Patricia Bullrich,<\/strong> quien m\u00e1s tarde se aprest\u00f3 a saludar y sacarse <em>selfie<\/em> con todos los visitantes posibles. A su llegada al Central, <strong>salud\u00f3 mesa por mesa y se sent\u00f3 entre Pino y Pettovello, con quienes charl\u00f3 animadamente.<\/strong> <\/p>\n<p class=\"com-paragraph   --s\">Por parte de la Rural estaba su presidente, <strong>Nicol\u00e1s Pino;<\/strong> el vicepresidente, <strong>Marcos Pereda; <\/strong>la vicepresidenta segunda, <strong>Elo\u00edsa Frederking<\/strong>; y los secretarios de la entidad,<strong> Ra\u00fal Etchebehere <\/strong>y <strong>Carlos Odriozola.<\/strong> <\/p>\n<p class=\"com-paragraph   --s\">De entrada hubo <strong>provoleta, mientras que el men\u00fa incluy\u00f3 ojo de bife, ensalada de r\u00facula con lascas de parmesano, papas fritas <\/strong>y, de postre, <strong>un volc\u00e1n de dulce de leche con helado y pavlova<\/strong>. Para cerrar la sobremesa, todos pidieron caf\u00e9 cortado. El \u00fanico que no tom\u00f3 vino fue Adorni. <\/p>\n<div class=\"content-media\">\n<section role=\"button\" class=\"mod-media   \">\n<figure role=\"button\" class=\"mod-figure \"><figcaption class=\"mod-figcaption\"><span class=\"com-text --caption --twoxs\">Hubo vino tinto, blanco y caf\u00e9, con un men\u00fa con ojo de bife y ensalada<\/span><\/figcaption><\/figure>\n<\/section>\n<\/div>\n<p class=\"com-paragraph   --s\">Entre los comentarios estuvo la expectativa de que el Presidente anuncie algo, pero reconocieron que \u00e9l decide su propio discurso. <strong>Durante todo el almuerzo<\/strong> <strong>Petri habl\u00f3 con Pereda,<\/strong> vicepresidente de la entidad, que ya dio <strong>se\u00f1ales de querer suceder a Pino en 2026. Pino buscar\u00e1 la reelecci\u00f3n<\/strong> amparado en la reforma estatutaria de 2023. <strong>Aunque supieron compartir f\u00f3rmula, hoy la relaci\u00f3n est\u00e1 rota y ambos arman sus propias listas<\/strong>. En rigor, el trasfondo de la interna combina egos, alineamientos internos, diferencias de gesti\u00f3n y una disputa por el rumbo futuro de la entidad, en un contexto en que el campo sigue esperando definiciones del Gobierno.<\/p>\n<p class=\"com-paragraph   --s\">Durante el almuerzo, seg\u00fan pudo reconstruir<strong> LA NACION<\/strong>, en la mesa se abordaron temas vinculados a la coyuntura del campo, como <strong>la situaci\u00f3n de la ganader\u00eda, la baja de los precios internacionales de los granos y los desaf\u00edos para garantizar un desarrollo ganadero con proyecci\u00f3n futura.<\/strong> Todos los funcionarios se comprometieron a asistir el pr\u00f3ximo s\u00e1bado al acto de inauguraci\u00f3n de la Exposici\u00f3n Rural.<\/p>\n<div class=\"content-media\">\n<section role=\"button\" class=\"mod-media   \">\n<figure role=\"button\" class=\"mod-figure \"><figcaption class=\"mod-figcaption\"><span class=\"com-text --caption --twoxs\">El restaurante Central de la Sociedad Rural<\/span><span class=\"com-text --credit --twoxs\">Sociedad Rural de Argentina <\/span><\/figcaption><\/figure>\n<\/section>\n<\/div>\n<p class=\"com-paragraph   --s\">Al terminar de comer, Petri se levant\u00f3 de la silla y la cambi\u00f3 por el lugar donde estaba el titular de la Rural, quien debi\u00f3 asistir a un compromiso en el predio. Desde esa silla, el ministro de Defensa habl\u00f3 con <strong>Bullrich y Pettovello<\/strong>.<\/p>\n<p class=\"com-paragraph   --s\">En una recorrida que hicieron en parte de la Rural, al terminar el almuerzo, los funcionarios visitaron el<em> stand<\/em> de la Secretar\u00eda de Agricultura, donde los esper\u00f3 el titular de la cartera agr\u00edcola,<strong> Sergio Iraeta<\/strong>. All\u00ed <strong>les presentaron los productos de algunos emprendedores, y les mostraron un mapa interactivo sobre las estad\u00edsticas agroindustriales de comercio exterior. <\/strong>En \u00e9l se pueden ver las exportaciones e importaciones del agro y lo que significan en la balanza comercial. <\/p>\n<section class=\"container-center-100 mb-40 border border-bottom border-thin border-neutral-light-700\">\n<hr\/>\n<\/section>\n<\/div>\n","protected":false},"excerpt":{"rendered":"<p>Mientras el pabell\u00f3n ganadero exhibe gen\u00e9tica de \u00e9lite y los stands de los expositores rebalsan de optimismo por la cantidad de visitantes que se present\u00f3 en el sexto d\u00eda de la Exposici\u00f3n Rural de Palermo, un almuerzo de alto voltaje se sirvi\u00f3 entre funcionarios del gobierno de Javier Milei y la c\u00fapula de la Sociedad [&hellip;]<\/p>\n","protected":false},"author":1,"featured_media":138659,"comment_status":"closed","ping_status":"closed","sticky":false,"template":"","format":"standard","meta":{"footnotes":""},"categories":[28],"tags":[],"class_list":["post-138658","post","type-post","status-publish","format-standard","has-post-thumbnail","hentry","category-economia"],"yoast_head":"<!-- This site is optimized with the Yoast SEO plugin v24.4 - https:\/\/yoast.com\/wordpress\/plugins\/seo\/ -->\n<title>El almuerzo de alto voltaje que reuni\u00f3 a figuras del Gobierno y a la c\u00fapula de la Rural - GYS NOTICIAS |<\/title>\n<meta name=\"robots\" content=\"index, follow, max-snippet:-1, max-image-preview:large, max-video-preview:-1\" \/>\n<link rel=\"canonical\" href=\"https:\/\/gysfm.com.ar\/inicio\/el-almuerzo-de-alto-voltaje-que-reunio-a-figuras-del-gobierno-y-a-la-cupula-de-la-rural\/\" \/>\n<meta property=\"og:locale\" content=\"es_ES\" \/>\n<meta property=\"og:type\" content=\"article\" \/>\n<meta property=\"og:title\" content=\"El almuerzo de alto voltaje que reuni\u00f3 a figuras del Gobierno y a la c\u00fapula de la Rural - GYS NOTICIAS |\" \/>\n<meta property=\"og:description\" content=\"Mientras el pabell\u00f3n ganadero exhibe gen\u00e9tica de \u00e9lite y los stands de los expositores rebalsan de optimismo por la cantidad de visitantes que se present\u00f3 en el sexto d\u00eda de la Exposici\u00f3n Rural de Palermo, un almuerzo de alto voltaje se sirvi\u00f3 entre funcionarios del gobierno de Javier Milei y la c\u00fapula de la Sociedad [&hellip;]\" \/>\n<meta property=\"og:url\" content=\"https:\/\/gysfm.com.ar\/inicio\/el-almuerzo-de-alto-voltaje-que-reunio-a-figuras-del-gobierno-y-a-la-cupula-de-la-rural\/\" \/>\n<meta property=\"og:site_name\" content=\"GYS NOTICIAS |\" \/>\n<meta property=\"article:published_time\" content=\"2025-07-23T11:55:34+00:00\" \/>\n<meta property=\"article:modified_time\" content=\"2025-07-23T11:55:35+00:00\" \/>\n<meta property=\"og:image\" content=\"https:\/\/gysfm.com.ar\/inicio\/wp-content\/uploads\/2025\/07\/carlos-odriozola-y-raul-etchebehere-secretarios-7JAY56NDNNFIHAZ74PBHO62QSY.jpeg\" \/>\n\t<meta property=\"og:image:width\" content=\"1200\" \/>\n\t<meta property=\"og:image:height\" content=\"800\" \/>\n\t<meta property=\"og:image:type\" content=\"image\/jpeg\" \/>\n<meta name=\"author\" content=\"admin\" \/>\n<meta name=\"twitter:card\" content=\"summary_large_image\" \/>\n<meta name=\"twitter:label1\" content=\"Escrito por\" \/>\n\t<meta name=\"twitter:data1\" content=\"admin\" \/>\n\t<meta name=\"twitter:label2\" content=\"Tiempo de lectura\" \/>\n\t<meta name=\"twitter:data2\" content=\"3 minutos\" \/>\n<script type=\"application\/ld+json\" class=\"yoast-schema-graph\">{\"@context\":\"https:\/\/schema.org\",\"@graph\":[{\"@type\":\"Article\",\"@id\":\"https:\/\/gysfm.com.ar\/inicio\/el-almuerzo-de-alto-voltaje-que-reunio-a-figuras-del-gobierno-y-a-la-cupula-de-la-rural\/#article\",\"isPartOf\":{\"@id\":\"https:\/\/gysfm.com.ar\/inicio\/el-almuerzo-de-alto-voltaje-que-reunio-a-figuras-del-gobierno-y-a-la-cupula-de-la-rural\/\"},\"author\":{\"name\":\"admin\",\"@id\":\"https:\/\/gysfm.com.ar\/inicio\/#\/schema\/person\/5bedd7ecd35cc35548d89effafa23696\"},\"headline\":\"El almuerzo de alto voltaje que reuni\u00f3 a figuras del Gobierno y a la c\u00fapula de la Rural\",\"datePublished\":\"2025-07-23T11:55:34+00:00\",\"dateModified\":\"2025-07-23T11:55:35+00:00\",\"mainEntityOfPage\":{\"@id\":\"https:\/\/gysfm.com.ar\/inicio\/el-almuerzo-de-alto-voltaje-que-reunio-a-figuras-del-gobierno-y-a-la-cupula-de-la-rural\/\"},\"wordCount\":645,\"publisher\":{\"@id\":\"https:\/\/gysfm.com.ar\/inicio\/#organization\"},\"image\":{\"@id\":\"https:\/\/gysfm.com.ar\/inicio\/el-almuerzo-de-alto-voltaje-que-reunio-a-figuras-del-gobierno-y-a-la-cupula-de-la-rural\/#primaryimage\"},\"thumbnailUrl\":\"https:\/\/gysfm.com.ar\/inicio\/wp-content\/uploads\/2025\/07\/carlos-odriozola-y-raul-etchebehere-secretarios-7JAY56NDNNFIHAZ74PBHO62QSY.jpeg\",\"articleSection\":[\"ECONOMIA\"],\"inLanguage\":\"es\"},{\"@type\":\"WebPage\",\"@id\":\"https:\/\/gysfm.com.ar\/inicio\/el-almuerzo-de-alto-voltaje-que-reunio-a-figuras-del-gobierno-y-a-la-cupula-de-la-rural\/\",\"url\":\"https:\/\/gysfm.com.ar\/inicio\/el-almuerzo-de-alto-voltaje-que-reunio-a-figuras-del-gobierno-y-a-la-cupula-de-la-rural\/\",\"name\":\"El almuerzo de alto voltaje que reuni\u00f3 a figuras del Gobierno y a la c\u00fapula de la Rural - GYS NOTICIAS |\",\"isPartOf\":{\"@id\":\"https:\/\/gysfm.com.ar\/inicio\/#website\"},\"primaryImageOfPage\":{\"@id\":\"https:\/\/gysfm.com.ar\/inicio\/el-almuerzo-de-alto-voltaje-que-reunio-a-figuras-del-gobierno-y-a-la-cupula-de-la-rural\/#primaryimage\"},\"image\":{\"@id\":\"https:\/\/gysfm.com.ar\/inicio\/el-almuerzo-de-alto-voltaje-que-reunio-a-figuras-del-gobierno-y-a-la-cupula-de-la-rural\/#primaryimage\"},\"thumbnailUrl\":\"https:\/\/gysfm.com.ar\/inicio\/wp-content\/uploads\/2025\/07\/carlos-odriozola-y-raul-etchebehere-secretarios-7JAY56NDNNFIHAZ74PBHO62QSY.jpeg\",\"datePublished\":\"2025-07-23T11:55:34+00:00\",\"dateModified\":\"2025-07-23T11:55:35+00:00\",\"breadcrumb\":{\"@id\":\"https:\/\/gysfm.com.ar\/inicio\/el-almuerzo-de-alto-voltaje-que-reunio-a-figuras-del-gobierno-y-a-la-cupula-de-la-rural\/#breadcrumb\"},\"inLanguage\":\"es\",\"potentialAction\":[{\"@type\":\"ReadAction\",\"target\":[\"https:\/\/gysfm.com.ar\/inicio\/el-almuerzo-de-alto-voltaje-que-reunio-a-figuras-del-gobierno-y-a-la-cupula-de-la-rural\/\"]}]},{\"@type\":\"ImageObject\",\"inLanguage\":\"es\",\"@id\":\"https:\/\/gysfm.com.ar\/inicio\/el-almuerzo-de-alto-voltaje-que-reunio-a-figuras-del-gobierno-y-a-la-cupula-de-la-rural\/#primaryimage\",\"url\":\"https:\/\/gysfm.com.ar\/inicio\/wp-content\/uploads\/2025\/07\/carlos-odriozola-y-raul-etchebehere-secretarios-7JAY56NDNNFIHAZ74PBHO62QSY.jpeg\",\"contentUrl\":\"https:\/\/gysfm.com.ar\/inicio\/wp-content\/uploads\/2025\/07\/carlos-odriozola-y-raul-etchebehere-secretarios-7JAY56NDNNFIHAZ74PBHO62QSY.jpeg\",\"width\":1200,\"height\":800},{\"@type\":\"BreadcrumbList\",\"@id\":\"https:\/\/gysfm.com.ar\/inicio\/el-almuerzo-de-alto-voltaje-que-reunio-a-figuras-del-gobierno-y-a-la-cupula-de-la-rural\/#breadcrumb\",\"itemListElement\":[{\"@type\":\"ListItem\",\"position\":1,\"name\":\"Portada\",\"item\":\"https:\/\/gysfm.com.ar\/inicio\/\"},{\"@type\":\"ListItem\",\"position\":2,\"name\":\"El almuerzo de alto voltaje que reuni\u00f3 a figuras del Gobierno y a la c\u00fapula de la Rural\"}]},{\"@type\":\"WebSite\",\"@id\":\"https:\/\/gysfm.com.ar\/inicio\/#website\",\"url\":\"https:\/\/gysfm.com.ar\/inicio\/\",\"name\":\"GYS NOTICIAS |\",\"description\":\"DIARIO - RADIO ONLINE SAN JUAN ARGENTINA\",\"publisher\":{\"@id\":\"https:\/\/gysfm.com.ar\/inicio\/#organization\"},\"potentialAction\":[{\"@type\":\"SearchAction\",\"target\":{\"@type\":\"EntryPoint\",\"urlTemplate\":\"https:\/\/gysfm.com.ar\/inicio\/?s={search_term_string}\"},\"query-input\":{\"@type\":\"PropertyValueSpecification\",\"valueRequired\":true,\"valueName\":\"search_term_string\"}}],\"inLanguage\":\"es\"},{\"@type\":\"Organization\",\"@id\":\"https:\/\/gysfm.com.ar\/inicio\/#organization\",\"name\":\"GYS NOTICIAS |\",\"url\":\"https:\/\/gysfm.com.ar\/inicio\/\",\"logo\":{\"@type\":\"ImageObject\",\"inLanguage\":\"es\",\"@id\":\"https:\/\/gysfm.com.ar\/inicio\/#\/schema\/logo\/image\/\",\"url\":\"https:\/\/gysfm.com.ar\/inicio\/wp-content\/uploads\/2023\/07\/LOGOGYS-OK.png\",\"contentUrl\":\"https:\/\/gysfm.com.ar\/inicio\/wp-content\/uploads\/2023\/07\/LOGOGYS-OK.png\",\"width\":1170,\"height\":872,\"caption\":\"GYS NOTICIAS |\"},\"image\":{\"@id\":\"https:\/\/gysfm.com.ar\/inicio\/#\/schema\/logo\/image\/\"}},{\"@type\":\"Person\",\"@id\":\"https:\/\/gysfm.com.ar\/inicio\/#\/schema\/person\/5bedd7ecd35cc35548d89effafa23696\",\"name\":\"admin\",\"image\":{\"@type\":\"ImageObject\",\"inLanguage\":\"es\",\"@id\":\"https:\/\/gysfm.com.ar\/inicio\/#\/schema\/person\/image\/\",\"url\":\"https:\/\/secure.gravatar.com\/avatar\/c331d312b5243fb64d5ba28108a447b27c925295129a363082c9ea52c28d32c2?s=96&d=mm&r=g\",\"contentUrl\":\"https:\/\/secure.gravatar.com\/avatar\/c331d312b5243fb64d5ba28108a447b27c925295129a363082c9ea52c28d32c2?s=96&d=mm&r=g\",\"caption\":\"admin\"},\"sameAs\":[\"https:\/\/gysfm.com.ar\/inicio\"],\"url\":\"https:\/\/gysfm.com.ar\/inicio\/author\/admin\/\"}]}<\/script>\n<!-- \/ Yoast SEO plugin. -->","yoast_head_json":{"title":"El almuerzo de alto voltaje que reuni\u00f3 a figuras del Gobierno y a la c\u00fapula de la Rural - GYS NOTICIAS |","robots":{"index":"index","follow":"follow","max-snippet":"max-snippet:-1","max-image-preview":"max-image-preview:large","max-video-preview":"max-video-preview:-1"},"canonical":"https:\/\/gysfm.com.ar\/inicio\/el-almuerzo-de-alto-voltaje-que-reunio-a-figuras-del-gobierno-y-a-la-cupula-de-la-rural\/","og_locale":"es_ES","og_type":"article","og_title":"El almuerzo de alto voltaje que reuni\u00f3 a figuras del Gobierno y a la c\u00fapula de la Rural - GYS NOTICIAS |","og_description":"Mientras el pabell\u00f3n ganadero exhibe gen\u00e9tica de \u00e9lite y los stands de los expositores rebalsan de optimismo por la cantidad de visitantes que se present\u00f3 en el sexto d\u00eda de la Exposici\u00f3n Rural de Palermo, un almuerzo de alto voltaje se sirvi\u00f3 entre funcionarios del gobierno de Javier Milei y la c\u00fapula de la Sociedad [&hellip;]","og_url":"https:\/\/gysfm.com.ar\/inicio\/el-almuerzo-de-alto-voltaje-que-reunio-a-figuras-del-gobierno-y-a-la-cupula-de-la-rural\/","og_site_name":"GYS NOTICIAS |","article_published_time":"2025-07-23T11:55:34+00:00","article_modified_time":"2025-07-23T11:55:35+00:00","og_image":[{"width":1200,"height":800,"url":"https:\/\/gysfm.com.ar\/inicio\/wp-content\/uploads\/2025\/07\/carlos-odriozola-y-raul-etchebehere-secretarios-7JAY56NDNNFIHAZ74PBHO62QSY.jpeg","type":"image\/jpeg"}],"author":"admin","twitter_card":"summary_large_image","twitter_misc":{"Escrito por":"admin","Tiempo de lectura":"3 minutos"},"schema":{"@context":"https:\/\/schema.org","@graph":[{"@type":"Article","@id":"https:\/\/gysfm.com.ar\/inicio\/el-almuerzo-de-alto-voltaje-que-reunio-a-figuras-del-gobierno-y-a-la-cupula-de-la-rural\/#article","isPartOf":{"@id":"https:\/\/gysfm.com.ar\/inicio\/el-almuerzo-de-alto-voltaje-que-reunio-a-figuras-del-gobierno-y-a-la-cupula-de-la-rural\/"},"author":{"name":"admin","@id":"https:\/\/gysfm.com.ar\/inicio\/#\/schema\/person\/5bedd7ecd35cc35548d89effafa23696"},"headline":"El almuerzo de alto voltaje que reuni\u00f3 a figuras del Gobierno y a la c\u00fapula de la Rural","datePublished":"2025-07-23T11:55:34+00:00","dateModified":"2025-07-23T11:55:35+00:00","mainEntityOfPage":{"@id":"https:\/\/gysfm.com.ar\/inicio\/el-almuerzo-de-alto-voltaje-que-reunio-a-figuras-del-gobierno-y-a-la-cupula-de-la-rural\/"},"wordCount":645,"publisher":{"@id":"https:\/\/gysfm.com.ar\/inicio\/#organization"},"image":{"@id":"https:\/\/gysfm.com.ar\/inicio\/el-almuerzo-de-alto-voltaje-que-reunio-a-figuras-del-gobierno-y-a-la-cupula-de-la-rural\/#primaryimage"},"thumbnailUrl":"https:\/\/gysfm.com.ar\/inicio\/wp-content\/uploads\/2025\/07\/carlos-odriozola-y-raul-etchebehere-secretarios-7JAY56NDNNFIHAZ74PBHO62QSY.jpeg","articleSection":["ECONOMIA"],"inLanguage":"es"},{"@type":"WebPage","@id":"https:\/\/gysfm.com.ar\/inicio\/el-almuerzo-de-alto-voltaje-que-reunio-a-figuras-del-gobierno-y-a-la-cupula-de-la-rural\/","url":"https:\/\/gysfm.com.ar\/inicio\/el-almuerzo-de-alto-voltaje-que-reunio-a-figuras-del-gobierno-y-a-la-cupula-de-la-rural\/","name":"El almuerzo de alto voltaje que reuni\u00f3 a figuras del Gobierno y a la c\u00fapula de la Rural - GYS NOTICIAS |","isPartOf":{"@id":"https:\/\/gysfm.com.ar\/inicio\/#website"},"primaryImageOfPage":{"@id":"https:\/\/gysfm.com.ar\/inicio\/el-almuerzo-de-alto-voltaje-que-reunio-a-figuras-del-gobierno-y-a-la-cupula-de-la-rural\/#primaryimage"},"image":{"@id":"https:\/\/gysfm.com.ar\/inicio\/el-almuerzo-de-alto-voltaje-que-reunio-a-figuras-del-gobierno-y-a-la-cupula-de-la-rural\/#primaryimage"},"thumbnailUrl":"https:\/\/gysfm.com.ar\/inicio\/wp-content\/uploads\/2025\/07\/carlos-odriozola-y-raul-etchebehere-secretarios-7JAY56NDNNFIHAZ74PBHO62QSY.jpeg","datePublished":"2025-07-23T11:55:34+00:00","dateModified":"2025-07-23T11:55:35+00:00","breadcrumb":{"@id":"https:\/\/gysfm.com.ar\/inicio\/el-almuerzo-de-alto-voltaje-que-reunio-a-figuras-del-gobierno-y-a-la-cupula-de-la-rural\/#breadcrumb"},"inLanguage":"es","potentialAction":[{"@type":"ReadAction","target":["https:\/\/gysfm.com.ar\/inicio\/el-almuerzo-de-alto-voltaje-que-reunio-a-figuras-del-gobierno-y-a-la-cupula-de-la-rural\/"]}]},{"@type":"ImageObject","inLanguage":"es","@id":"https:\/\/gysfm.com.ar\/inicio\/el-almuerzo-de-alto-voltaje-que-reunio-a-figuras-del-gobierno-y-a-la-cupula-de-la-rural\/#primaryimage","url":"https:\/\/gysfm.com.ar\/inicio\/wp-content\/uploads\/2025\/07\/carlos-odriozola-y-raul-etchebehere-secretarios-7JAY56NDNNFIHAZ74PBHO62QSY.jpeg","contentUrl":"https:\/\/gysfm.com.ar\/inicio\/wp-content\/uploads\/2025\/07\/carlos-odriozola-y-raul-etchebehere-secretarios-7JAY56NDNNFIHAZ74PBHO62QSY.jpeg","width":1200,"height":800},{"@type":"BreadcrumbList","@id":"https:\/\/gysfm.com.ar\/inicio\/el-almuerzo-de-alto-voltaje-que-reunio-a-figuras-del-gobierno-y-a-la-cupula-de-la-rural\/#breadcrumb","itemListElement":[{"@type":"ListItem","position":1,"name":"Portada","item":"https:\/\/gysfm.com.ar\/inicio\/"},{"@type":"ListItem","position":2,"name":"El almuerzo de alto voltaje que reuni\u00f3 a figuras del Gobierno y a la c\u00fapula de la Rural"}]},{"@type":"WebSite","@id":"https:\/\/gysfm.com.ar\/inicio\/#website","url":"https:\/\/gysfm.com.ar\/inicio\/","name":"GYS NOTICIAS |","description":"DIARIO - RADIO ONLINE SAN JUAN ARGENTINA","publisher":{"@id":"https:\/\/gysfm.com.ar\/inicio\/#organization"},"potentialAction":[{"@type":"SearchAction","target":{"@type":"EntryPoint","urlTemplate":"https:\/\/gysfm.com.ar\/inicio\/?s={search_term_string}"},"query-input":{"@type":"PropertyValueSpecification","valueRequired":true,"valueName":"search_term_string"}}],"inLanguage":"es"},{"@type":"Organization","@id":"https:\/\/gysfm.com.ar\/inicio\/#organization","name":"GYS NOTICIAS |","url":"https:\/\/gysfm.com.ar\/inicio\/","logo":{"@type":"ImageObject","inLanguage":"es","@id":"https:\/\/gysfm.com.ar\/inicio\/#\/schema\/logo\/image\/","url":"https:\/\/gysfm.com.ar\/inicio\/wp-content\/uploads\/2023\/07\/LOGOGYS-OK.png","contentUrl":"https:\/\/gysfm.com.ar\/inicio\/wp-content\/uploads\/2023\/07\/LOGOGYS-OK.png","width":1170,"height":872,"caption":"GYS NOTICIAS |"},"image":{"@id":"https:\/\/gysfm.com.ar\/inicio\/#\/schema\/logo\/image\/"}},{"@type":"Person","@id":"https:\/\/gysfm.com.ar\/inicio\/#\/schema\/person\/5bedd7ecd35cc35548d89effafa23696","name":"admin","image":{"@type":"ImageObject","inLanguage":"es","@id":"https:\/\/gysfm.com.ar\/inicio\/#\/schema\/person\/image\/","url":"https:\/\/secure.gravatar.com\/avatar\/c331d312b5243fb64d5ba28108a447b27c925295129a363082c9ea52c28d32c2?s=96&d=mm&r=g","contentUrl":"https:\/\/secure.gravatar.com\/avatar\/c331d312b5243fb64d5ba28108a447b27c925295129a363082c9ea52c28d32c2?s=96&d=mm&r=g","caption":"admin"},"sameAs":["https:\/\/gysfm.com.ar\/inicio"],"url":"https:\/\/gysfm.com.ar\/inicio\/author\/admin\/"}]}},"_links":{"self":[{"href":"https:\/\/gysfm.com.ar\/inicio\/wp-json\/wp\/v2\/posts\/138658","targetHints":{"allow":["GET"]}}],"collection":[{"href":"https:\/\/gysfm.com.ar\/inicio\/wp-json\/wp\/v2\/posts"}],"about":[{"href":"https:\/\/gysfm.com.ar\/inicio\/wp-json\/wp\/v2\/types\/post"}],"author":[{"embeddable":true,"href":"https:\/\/gysfm.com.ar\/inicio\/wp-json\/wp\/v2\/users\/1"}],"replies":[{"embeddable":true,"href":"https:\/\/gysfm.com.ar\/inicio\/wp-json\/wp\/v2\/comments?post=138658"}],"version-history":[{"count":1,"href":"https:\/\/gysfm.com.ar\/inicio\/wp-json\/wp\/v2\/posts\/138658\/revisions"}],"predecessor-version":[{"id":138660,"href":"https:\/\/gysfm.com.ar\/inicio\/wp-json\/wp\/v2\/posts\/138658\/revisions\/138660"}],"wp:featuredmedia":[{"embeddable":true,"href":"https:\/\/gysfm.com.ar\/inicio\/wp-json\/wp\/v2\/media\/138659"}],"wp:attachment":[{"href":"https:\/\/gysfm.com.ar\/inicio\/wp-json\/wp\/v2\/media?parent=138658"}],"wp:term":[{"taxonomy":"category","embeddable":true,"href":"https:\/\/gysfm.com.ar\/inicio\/wp-json\/wp\/v2\/categories?post=138658"},{"taxonomy":"post_tag","embeddable":true,"href":"https:\/\/gysfm.com.ar\/inicio\/wp-json\/wp\/v2\/tags?post=138658"}],"curies":[{"name":"wp","href":"https:\/\/api.w.org\/{rel}","templated":true}]}}