{"id":138652,"date":"2025-07-23T08:28:49","date_gmt":"2025-07-23T11:28:49","guid":{"rendered":"https:\/\/gysfm.com.ar\/inicio\/cortazar-de-un-lado-al-otro-nuevo-curso-dictado-por-el-escritor-martin-kohan\/"},"modified":"2025-07-23T08:28:49","modified_gmt":"2025-07-23T11:28:49","slug":"cortazar-de-un-lado-al-otro-nuevo-curso-dictado-por-el-escritor-martin-kohan","status":"publish","type":"post","link":"https:\/\/gysfm.com.ar\/inicio\/cortazar-de-un-lado-al-otro-nuevo-curso-dictado-por-el-escritor-martin-kohan\/","title":{"rendered":"\u00abCort\u00e1zar: de un lado al otro\u00bb, nuevo curso dictado por el escritor Mart\u00edn Kohan"},"content":{"rendered":"<p><\/p>\n<div id=\"article-content\">\n<p>Julio Cort\u00e1zar es uno de los escritores m\u00e1s enigm\u00e1ticos y desafiantes de la literatura argentina. Su obra, que cruza lo fant\u00e1stico con lo cotidiano, lo pol\u00edtico con lo existencial, sigue provocando preguntas y fascinaci\u00f3n. En este nuevo curso de la <strong>Universidad del Sur de Buenos Aires (USBA)<\/strong>, el reconocido ensayista y cr\u00edtico <strong>Mart\u00edn Kohan invita a leer y releer a Cort\u00e1zar <\/strong>desde una mirada aguda, literaria y profundamente anal\u00edtica.<\/p>\n<p>El curso <a target=\"_blank\" href=\"https:\/\/cmspress.perfil.com\/admin\/noticias\/editar\/1174418\">\u00abCort\u00e1zar, de un lado al otro\u00bb<\/a>, a cargo de <strong>Mart\u00edn Kohan <\/strong>propone un recorrido por tres cuentos fundamentales de Cortazar,  que revelan diferentes aspectos de su escritura: lo corporal, lo urbano, lo m\u00edtico. A lo largo de cuatro clases virtuales sincr\u00f3nicas, se construir\u00e1 una introducci\u00f3n general a su obra, a la vez que se profundizar\u00e1 en la riqueza simb\u00f3lica y estructural de cada texto.<\/p>\n<p class=\"destacadoNota\"><strong>La Universidad del Sur de Buenos Aires (USBA) fue creada por Grupo Perfil.<\/strong><\/p>\n<div class=\"subscription\">\n<p>\n        Esto no les gusta a los autoritarios\n    <\/p>\n<div class=\"subscription__container\">\n<div class=\"subscription__text-wrapper\">\n<p>\n                El ejercicio del periodismo profesional y cr\u00edtico es un pilar fundamental de la democracia. Por eso molesta a quienes creen ser los due\u00f1os de la verdad.\n            <\/p>\n<\/p><\/div><\/div>\n<\/div>\n<p>La seminario sobre Cort\u00e1zar dictado por Kohan comienza el 2 de septiembre de 2025. Hay vacantes limitadas pero ya es posible reservar el cupo. Al finalizar, cada estudiante recibir\u00e1 una <strong>titulaci\u00f3n acad\u00e9mica de Extension Universitaria de la USBA<\/strong>, la universidad del Grupo Perfil.<\/p>\n<p><strong>Este es el progrma acad\u00e9mico del curso:<\/strong><\/p>\n<ul>\n<li>\n<p><em>Clase 1<\/em>: Introducci\u00f3n general a la obra de Julio Cort\u00e1zar<\/p>\n<\/li>\n<li>\n<p><em>Clase 2<\/em>: An\u00e1lisis del cuento <em>Torito<\/em><\/p>\n<\/li>\n<li>\n<p><em>Clase 3<\/em>: An\u00e1lisis del cuento <em>Las puertas del cielo<\/em><\/p>\n<\/li>\n<li>\n<p><em>Clase 4<\/em>: An\u00e1lisis del cuento <em>El otro cielo<\/em><\/p>\n<\/li>\n<\/ul>\n<p><strong>Sobre el docente<\/strong><br \/>Mart\u00edn Kohan es uno de los intelectuales m\u00e1s destacados de la literatura argentina contempor\u00e1nea. Doctor en Letras por la UBA, se desempe\u00f1a como profesor universitario y ha publicado ensayos clave sobre Borges, el peronismo, el exilio y la lectura como pr\u00e1ctica pol\u00edtica. Su novela <em>Ciencias Morales<\/em> recibi\u00f3 el Premio Herralde en 2007 y lo consagr\u00f3 como narrador. Es, adem\u00e1s, un lector apasionado y un analista profundo de la obra de Cort\u00e1zar.<\/p>\n<p><strong>Inscripci\u00f3n para el curso<\/strong><br \/><em>Cort\u00e1zar: de un lado al otro<\/em>, con Mart\u00edn Kohan. <a target=\"_blank\" href=\"https:\/\/elearning.usba.edu.ar\/producto\/cuatro-clases-sobre-cortazar\/\"><strong>Inscribite ac\u00e1<\/strong><\/a><\/p>\n<p class=\"destacadoNota\"><strong>En la USBA estudi\u00e1s Comunicaci\u00f3n en un medio de Comunicaci\u00f3n.<\/strong><\/p>\n<p>La USBA es la universidad creada por la Fundaci\u00f3n del Grupo Perfil. Y eEn oferta acad\u00e9mica de Extensi\u00f3n Universitaria de la USBA, tambi\u00e9n est\u00e1n disponibles los siguientes cursos:<\/p>\n<p><a target=\"_blank\" href=\"https:\/\/elearning.usba.edu.ar\/producto\/como-se-disena-una-estrategia\/\">\u00abC\u00f3mo se dise\u00f1a una estrategia pol\u00edtica exitosa\u00bb<\/a>, a cargo de <strong>Jaime Dur\u00e1n Barba<\/strong>.<\/p>\n<p><a target=\"_blank\" href=\"https:\/\/cmspress.perfil.com\/admin\/noticias\/editar\/1174418\">\u00abMagia y poder. El caso de Cometierra\u00bb<\/a>, a cargo de <strong>Dolores Reyes<\/strong>.<\/p>\n<p><a target=\"_blank\" href=\"https:\/\/elearning.usba.edu.ar\/producto\/la-revolucion-de-las-comunicaciones-de-los-medios-a-las-redes-martin-becerra-4-clases-comienza-en-septiembre\/\">\u00abLa revoluci\u00f3n de las comunicaciones: de los medios a las redes\u00bb<\/a>, a cargo de <strong>Mart\u00edn Becerra<\/strong>.<\/p>\n<p><a target=\"_blank\" href=\"https:\/\/elearning.usba.edu.ar\/producto\/constitucionalismo-y-democracia-en-america-latina-una-historia-para-entender-como-estamos-hoy\/\">\u00abConstitucionalismo y democracia en Am\u00e9rica Latina\u00bb<\/a>, por <strong>Roberto Gargarella<\/strong>.<\/p>\n<p><a target=\"_blank\" href=\"https:\/\/elearning.usba.edu.ar\/producto\/como-construir-una-estrategia-de-comunicacion-politica-para-las-nuevas-generaciones-antoni-gutierrez-rubi-8-clases-comienza-en-septiembre\/\">\u00abC\u00f3mo construir una estragia de comunicaci\u00f3n pol\u00edtica para las nuevas generaciones\u00bb<\/a>, a cargo de <strong>Antoni Guti\u00e9rrez Rub\u00ed<\/strong>.<\/p>\n<p><a target=\"_blank\" href=\"https:\/\/elearning.usba.edu.ar\/producto\/borges-y-la-inteligencia-artificial-andrea-colamedici-4-clases\/\">\u00abBorges y la Inteligencia Artificial\u00bb<\/a>, a cargo de <strong>Andrea Colamedici<\/strong>.<\/p>\n<p><a target=\"_blank\" href=\"https:\/\/elearning.usba.edu.ar\/producto\/el-futuro-ya-no-es-lo-que-era-miguel-de-luca-4-clases-comienza-en-septiembre\/\">\u00abCiencia pol\u00edtica en la literatura, pel\u00edculas y series\u00bb<\/a>, a cargo de <strong>Miguel De Luca<\/strong>.<\/p>\n<p><a target=\"_blank\" href=\"https:\/\/elearning.usba.edu.ar\/producto\/sebreli-un-escritor-libre-desde-la-mirada-de-un-amigo-marcelo-gioffre\/\">\u00abSebreli, un escritor libre\u00bb<\/a>, a cargo de <strong>Marcelo Gioffre<\/strong>.<\/p>\n<p><a target=\"_blank\" href=\"https:\/\/elearning.usba.edu.ar\/producto\/herramientas-de-ia-para-la-investigacion-en-ciencias-sociales\/\">\u00abHerramientas de IA para la investigaci\u00f3n en Ciencias Sociales\u00bb<\/a>, a cargo de <strong>Valeria Odetti<\/strong>.<\/p>\n<p>M\u00e1s informaci\u00f3n: <a href=\"https:\/\/www.perfil.com\/cdn-cgi\/l\/email-protection\" class=\"__cf_email__\" data-cfemail=\"24415c50414a574d4b4a64515746450a4140510a4556\">[email\u00a0protected]<\/a> \/ WhatsApp: +54 9 11 4478-6463<\/p>\n<\/p><\/div>\n<p><script>\n                !function(f,b,e,v,n,t,s)\n                {if(f.fbq)return;n=f.fbq=function(){n.callMethod?\n                    n.callMethod.apply(n,arguments):n.queue.push(arguments)};\n                    if(!f._fbq)f._fbq=n;n.push=n;n.loaded=!0;n.version='2.0';\n                    n.queue=[];t=b.createElement(e);t.async=!0;\n                    t.src=v;s=b.getElementsByTagName(e)[0];\n                    s.parentNode.insertBefore(t,s)}(window, document,'script',\n                    'https:\/\/connect.facebook.net\/en_US\/fbevents.js');\n                window.paywallConfig.facebook_pixel=\"1000228364089342\"\n            <\/script><\/p>\n","protected":false},"excerpt":{"rendered":"<p>Julio Cort\u00e1zar es uno de los escritores m\u00e1s enigm\u00e1ticos y desafiantes de la literatura argentina. Su obra, que cruza lo fant\u00e1stico con lo cotidiano, lo pol\u00edtico con lo existencial, sigue provocando preguntas y fascinaci\u00f3n. En este nuevo curso de la Universidad del Sur de Buenos Aires (USBA), el reconocido ensayista y cr\u00edtico Mart\u00edn Kohan invita [&hellip;]<\/p>\n","protected":false},"author":2,"featured_media":107951,"comment_status":"closed","ping_status":"closed","sticky":false,"template":"","format":"standard","meta":{"footnotes":""},"categories":[25],"tags":[],"class_list":["post-138652","post","type-post","status-publish","format-standard","has-post-thumbnail","hentry","category-nacionales"],"yoast_head":"<!-- This site is optimized with the Yoast SEO plugin v24.4 - https:\/\/yoast.com\/wordpress\/plugins\/seo\/ -->\n<title>&quot;Cort\u00e1zar: de un lado al otro&quot;, nuevo curso dictado por el escritor Mart\u00edn Kohan - GYS NOTICIAS |<\/title>\n<meta name=\"robots\" content=\"index, follow, max-snippet:-1, max-image-preview:large, max-video-preview:-1\" \/>\n<link rel=\"canonical\" href=\"https:\/\/gysfm.com.ar\/inicio\/cortazar-de-un-lado-al-otro-nuevo-curso-dictado-por-el-escritor-martin-kohan\/\" \/>\n<meta property=\"og:locale\" content=\"es_ES\" \/>\n<meta property=\"og:type\" content=\"article\" \/>\n<meta property=\"og:title\" content=\"&quot;Cort\u00e1zar: de un lado al otro&quot;, nuevo curso dictado por el escritor Mart\u00edn Kohan - GYS NOTICIAS |\" \/>\n<meta property=\"og:description\" content=\"Julio Cort\u00e1zar es uno de los escritores m\u00e1s enigm\u00e1ticos y desafiantes de la literatura argentina. Su obra, que cruza lo fant\u00e1stico con lo cotidiano, lo pol\u00edtico con lo existencial, sigue provocando preguntas y fascinaci\u00f3n. En este nuevo curso de la Universidad del Sur de Buenos Aires (USBA), el reconocido ensayista y cr\u00edtico Mart\u00edn Kohan invita [&hellip;]\" \/>\n<meta property=\"og:url\" content=\"https:\/\/gysfm.com.ar\/inicio\/cortazar-de-un-lado-al-otro-nuevo-curso-dictado-por-el-escritor-martin-kohan\/\" \/>\n<meta property=\"og:site_name\" content=\"GYS NOTICIAS |\" \/>\n<meta property=\"article:published_time\" content=\"2025-07-23T11:28:49+00:00\" \/>\n<meta name=\"author\" content=\"Prensa G&amp;S FM\" \/>\n<meta name=\"twitter:card\" content=\"summary_large_image\" \/>\n<meta name=\"twitter:label1\" content=\"Escrito por\" \/>\n\t<meta name=\"twitter:data1\" content=\"Prensa G&amp;S FM\" \/>\n\t<meta name=\"twitter:label2\" content=\"Tiempo de lectura\" \/>\n\t<meta name=\"twitter:data2\" content=\"3 minutos\" \/>\n<script type=\"application\/ld+json\" class=\"yoast-schema-graph\">{\"@context\":\"https:\/\/schema.org\",\"@graph\":[{\"@type\":\"Article\",\"@id\":\"https:\/\/gysfm.com.ar\/inicio\/cortazar-de-un-lado-al-otro-nuevo-curso-dictado-por-el-escritor-martin-kohan\/#article\",\"isPartOf\":{\"@id\":\"https:\/\/gysfm.com.ar\/inicio\/cortazar-de-un-lado-al-otro-nuevo-curso-dictado-por-el-escritor-martin-kohan\/\"},\"author\":{\"name\":\"Prensa G&amp;S FM\",\"@id\":\"https:\/\/gysfm.com.ar\/inicio\/#\/schema\/person\/3abba7593ef2ad19e1be221d54383dc5\"},\"headline\":\"\u00abCort\u00e1zar: de un lado al otro\u00bb, nuevo curso dictado por el escritor Mart\u00edn Kohan\",\"datePublished\":\"2025-07-23T11:28:49+00:00\",\"mainEntityOfPage\":{\"@id\":\"https:\/\/gysfm.com.ar\/inicio\/cortazar-de-un-lado-al-otro-nuevo-curso-dictado-por-el-escritor-martin-kohan\/\"},\"wordCount\":582,\"publisher\":{\"@id\":\"https:\/\/gysfm.com.ar\/inicio\/#organization\"},\"image\":{\"@id\":\"https:\/\/gysfm.com.ar\/inicio\/cortazar-de-un-lado-al-otro-nuevo-curso-dictado-por-el-escritor-martin-kohan\/#primaryimage\"},\"thumbnailUrl\":\"https:\/\/gysfm.com.ar\/inicio\/wp-content\/uploads\/2025\/04\/cuatro-clases-sobre-borges-nueva-edicion-del-curso-academico-de-martin-kohan-1979666.jpeg\",\"articleSection\":[\"NACIONALES\"],\"inLanguage\":\"es\"},{\"@type\":\"WebPage\",\"@id\":\"https:\/\/gysfm.com.ar\/inicio\/cortazar-de-un-lado-al-otro-nuevo-curso-dictado-por-el-escritor-martin-kohan\/\",\"url\":\"https:\/\/gysfm.com.ar\/inicio\/cortazar-de-un-lado-al-otro-nuevo-curso-dictado-por-el-escritor-martin-kohan\/\",\"name\":\"\\\"Cort\u00e1zar: de un lado al otro\\\", nuevo curso dictado por el escritor Mart\u00edn Kohan - GYS NOTICIAS |\",\"isPartOf\":{\"@id\":\"https:\/\/gysfm.com.ar\/inicio\/#website\"},\"primaryImageOfPage\":{\"@id\":\"https:\/\/gysfm.com.ar\/inicio\/cortazar-de-un-lado-al-otro-nuevo-curso-dictado-por-el-escritor-martin-kohan\/#primaryimage\"},\"image\":{\"@id\":\"https:\/\/gysfm.com.ar\/inicio\/cortazar-de-un-lado-al-otro-nuevo-curso-dictado-por-el-escritor-martin-kohan\/#primaryimage\"},\"thumbnailUrl\":\"https:\/\/gysfm.com.ar\/inicio\/wp-content\/uploads\/2025\/04\/cuatro-clases-sobre-borges-nueva-edicion-del-curso-academico-de-martin-kohan-1979666.jpeg\",\"datePublished\":\"2025-07-23T11:28:49+00:00\",\"breadcrumb\":{\"@id\":\"https:\/\/gysfm.com.ar\/inicio\/cortazar-de-un-lado-al-otro-nuevo-curso-dictado-por-el-escritor-martin-kohan\/#breadcrumb\"},\"inLanguage\":\"es\",\"potentialAction\":[{\"@type\":\"ReadAction\",\"target\":[\"https:\/\/gysfm.com.ar\/inicio\/cortazar-de-un-lado-al-otro-nuevo-curso-dictado-por-el-escritor-martin-kohan\/\"]}]},{\"@type\":\"ImageObject\",\"inLanguage\":\"es\",\"@id\":\"https:\/\/gysfm.com.ar\/inicio\/cortazar-de-un-lado-al-otro-nuevo-curso-dictado-por-el-escritor-martin-kohan\/#primaryimage\",\"url\":\"https:\/\/gysfm.com.ar\/inicio\/wp-content\/uploads\/2025\/04\/cuatro-clases-sobre-borges-nueva-edicion-del-curso-academico-de-martin-kohan-1979666.jpeg\",\"contentUrl\":\"https:\/\/gysfm.com.ar\/inicio\/wp-content\/uploads\/2025\/04\/cuatro-clases-sobre-borges-nueva-edicion-del-curso-academico-de-martin-kohan-1979666.jpeg\",\"width\":1140,\"height\":641},{\"@type\":\"BreadcrumbList\",\"@id\":\"https:\/\/gysfm.com.ar\/inicio\/cortazar-de-un-lado-al-otro-nuevo-curso-dictado-por-el-escritor-martin-kohan\/#breadcrumb\",\"itemListElement\":[{\"@type\":\"ListItem\",\"position\":1,\"name\":\"Portada\",\"item\":\"https:\/\/gysfm.com.ar\/inicio\/\"},{\"@type\":\"ListItem\",\"position\":2,\"name\":\"\u00abCort\u00e1zar: de un lado al otro\u00bb, nuevo curso dictado por el escritor Mart\u00edn Kohan\"}]},{\"@type\":\"WebSite\",\"@id\":\"https:\/\/gysfm.com.ar\/inicio\/#website\",\"url\":\"https:\/\/gysfm.com.ar\/inicio\/\",\"name\":\"GYS NOTICIAS |\",\"description\":\"DIARIO - RADIO ONLINE SAN JUAN ARGENTINA\",\"publisher\":{\"@id\":\"https:\/\/gysfm.com.ar\/inicio\/#organization\"},\"potentialAction\":[{\"@type\":\"SearchAction\",\"target\":{\"@type\":\"EntryPoint\",\"urlTemplate\":\"https:\/\/gysfm.com.ar\/inicio\/?s={search_term_string}\"},\"query-input\":{\"@type\":\"PropertyValueSpecification\",\"valueRequired\":true,\"valueName\":\"search_term_string\"}}],\"inLanguage\":\"es\"},{\"@type\":\"Organization\",\"@id\":\"https:\/\/gysfm.com.ar\/inicio\/#organization\",\"name\":\"GYS NOTICIAS |\",\"url\":\"https:\/\/gysfm.com.ar\/inicio\/\",\"logo\":{\"@type\":\"ImageObject\",\"inLanguage\":\"es\",\"@id\":\"https:\/\/gysfm.com.ar\/inicio\/#\/schema\/logo\/image\/\",\"url\":\"https:\/\/gysfm.com.ar\/inicio\/wp-content\/uploads\/2023\/07\/LOGOGYS-OK.png\",\"contentUrl\":\"https:\/\/gysfm.com.ar\/inicio\/wp-content\/uploads\/2023\/07\/LOGOGYS-OK.png\",\"width\":1170,\"height\":872,\"caption\":\"GYS NOTICIAS |\"},\"image\":{\"@id\":\"https:\/\/gysfm.com.ar\/inicio\/#\/schema\/logo\/image\/\"}},{\"@type\":\"Person\",\"@id\":\"https:\/\/gysfm.com.ar\/inicio\/#\/schema\/person\/3abba7593ef2ad19e1be221d54383dc5\",\"name\":\"Prensa G&amp;S FM\",\"image\":{\"@type\":\"ImageObject\",\"inLanguage\":\"es\",\"@id\":\"https:\/\/gysfm.com.ar\/inicio\/#\/schema\/person\/image\/\",\"url\":\"https:\/\/secure.gravatar.com\/avatar\/096ec78df02049ab018702bb4ccedf659377fa92a26540b5247612077a0dbd29?s=96&d=mm&r=g\",\"contentUrl\":\"https:\/\/secure.gravatar.com\/avatar\/096ec78df02049ab018702bb4ccedf659377fa92a26540b5247612077a0dbd29?s=96&d=mm&r=g\",\"caption\":\"Prensa G&amp;S FM\"},\"sameAs\":[\"https:\/\/gysfm.com.ar\/\"],\"url\":\"https:\/\/gysfm.com.ar\/inicio\/author\/lucasm\/\"}]}<\/script>\n<!-- \/ Yoast SEO plugin. -->","yoast_head_json":{"title":"\"Cort\u00e1zar: de un lado al otro\", nuevo curso dictado por el escritor Mart\u00edn Kohan - GYS NOTICIAS |","robots":{"index":"index","follow":"follow","max-snippet":"max-snippet:-1","max-image-preview":"max-image-preview:large","max-video-preview":"max-video-preview:-1"},"canonical":"https:\/\/gysfm.com.ar\/inicio\/cortazar-de-un-lado-al-otro-nuevo-curso-dictado-por-el-escritor-martin-kohan\/","og_locale":"es_ES","og_type":"article","og_title":"\"Cort\u00e1zar: de un lado al otro\", nuevo curso dictado por el escritor Mart\u00edn Kohan - GYS NOTICIAS |","og_description":"Julio Cort\u00e1zar es uno de los escritores m\u00e1s enigm\u00e1ticos y desafiantes de la literatura argentina. Su obra, que cruza lo fant\u00e1stico con lo cotidiano, lo pol\u00edtico con lo existencial, sigue provocando preguntas y fascinaci\u00f3n. En este nuevo curso de la Universidad del Sur de Buenos Aires (USBA), el reconocido ensayista y cr\u00edtico Mart\u00edn Kohan invita [&hellip;]","og_url":"https:\/\/gysfm.com.ar\/inicio\/cortazar-de-un-lado-al-otro-nuevo-curso-dictado-por-el-escritor-martin-kohan\/","og_site_name":"GYS NOTICIAS |","article_published_time":"2025-07-23T11:28:49+00:00","author":"Prensa G&amp;S FM","twitter_card":"summary_large_image","twitter_misc":{"Escrito por":"Prensa G&amp;S FM","Tiempo de lectura":"3 minutos"},"schema":{"@context":"https:\/\/schema.org","@graph":[{"@type":"Article","@id":"https:\/\/gysfm.com.ar\/inicio\/cortazar-de-un-lado-al-otro-nuevo-curso-dictado-por-el-escritor-martin-kohan\/#article","isPartOf":{"@id":"https:\/\/gysfm.com.ar\/inicio\/cortazar-de-un-lado-al-otro-nuevo-curso-dictado-por-el-escritor-martin-kohan\/"},"author":{"name":"Prensa G&amp;S FM","@id":"https:\/\/gysfm.com.ar\/inicio\/#\/schema\/person\/3abba7593ef2ad19e1be221d54383dc5"},"headline":"\u00abCort\u00e1zar: de un lado al otro\u00bb, nuevo curso dictado por el escritor Mart\u00edn Kohan","datePublished":"2025-07-23T11:28:49+00:00","mainEntityOfPage":{"@id":"https:\/\/gysfm.com.ar\/inicio\/cortazar-de-un-lado-al-otro-nuevo-curso-dictado-por-el-escritor-martin-kohan\/"},"wordCount":582,"publisher":{"@id":"https:\/\/gysfm.com.ar\/inicio\/#organization"},"image":{"@id":"https:\/\/gysfm.com.ar\/inicio\/cortazar-de-un-lado-al-otro-nuevo-curso-dictado-por-el-escritor-martin-kohan\/#primaryimage"},"thumbnailUrl":"https:\/\/gysfm.com.ar\/inicio\/wp-content\/uploads\/2025\/04\/cuatro-clases-sobre-borges-nueva-edicion-del-curso-academico-de-martin-kohan-1979666.jpeg","articleSection":["NACIONALES"],"inLanguage":"es"},{"@type":"WebPage","@id":"https:\/\/gysfm.com.ar\/inicio\/cortazar-de-un-lado-al-otro-nuevo-curso-dictado-por-el-escritor-martin-kohan\/","url":"https:\/\/gysfm.com.ar\/inicio\/cortazar-de-un-lado-al-otro-nuevo-curso-dictado-por-el-escritor-martin-kohan\/","name":"\"Cort\u00e1zar: de un lado al otro\", nuevo curso dictado por el escritor Mart\u00edn Kohan - GYS NOTICIAS |","isPartOf":{"@id":"https:\/\/gysfm.com.ar\/inicio\/#website"},"primaryImageOfPage":{"@id":"https:\/\/gysfm.com.ar\/inicio\/cortazar-de-un-lado-al-otro-nuevo-curso-dictado-por-el-escritor-martin-kohan\/#primaryimage"},"image":{"@id":"https:\/\/gysfm.com.ar\/inicio\/cortazar-de-un-lado-al-otro-nuevo-curso-dictado-por-el-escritor-martin-kohan\/#primaryimage"},"thumbnailUrl":"https:\/\/gysfm.com.ar\/inicio\/wp-content\/uploads\/2025\/04\/cuatro-clases-sobre-borges-nueva-edicion-del-curso-academico-de-martin-kohan-1979666.jpeg","datePublished":"2025-07-23T11:28:49+00:00","breadcrumb":{"@id":"https:\/\/gysfm.com.ar\/inicio\/cortazar-de-un-lado-al-otro-nuevo-curso-dictado-por-el-escritor-martin-kohan\/#breadcrumb"},"inLanguage":"es","potentialAction":[{"@type":"ReadAction","target":["https:\/\/gysfm.com.ar\/inicio\/cortazar-de-un-lado-al-otro-nuevo-curso-dictado-por-el-escritor-martin-kohan\/"]}]},{"@type":"ImageObject","inLanguage":"es","@id":"https:\/\/gysfm.com.ar\/inicio\/cortazar-de-un-lado-al-otro-nuevo-curso-dictado-por-el-escritor-martin-kohan\/#primaryimage","url":"https:\/\/gysfm.com.ar\/inicio\/wp-content\/uploads\/2025\/04\/cuatro-clases-sobre-borges-nueva-edicion-del-curso-academico-de-martin-kohan-1979666.jpeg","contentUrl":"https:\/\/gysfm.com.ar\/inicio\/wp-content\/uploads\/2025\/04\/cuatro-clases-sobre-borges-nueva-edicion-del-curso-academico-de-martin-kohan-1979666.jpeg","width":1140,"height":641},{"@type":"BreadcrumbList","@id":"https:\/\/gysfm.com.ar\/inicio\/cortazar-de-un-lado-al-otro-nuevo-curso-dictado-por-el-escritor-martin-kohan\/#breadcrumb","itemListElement":[{"@type":"ListItem","position":1,"name":"Portada","item":"https:\/\/gysfm.com.ar\/inicio\/"},{"@type":"ListItem","position":2,"name":"\u00abCort\u00e1zar: de un lado al otro\u00bb, nuevo curso dictado por el escritor Mart\u00edn Kohan"}]},{"@type":"WebSite","@id":"https:\/\/gysfm.com.ar\/inicio\/#website","url":"https:\/\/gysfm.com.ar\/inicio\/","name":"GYS NOTICIAS |","description":"DIARIO - RADIO ONLINE SAN JUAN ARGENTINA","publisher":{"@id":"https:\/\/gysfm.com.ar\/inicio\/#organization"},"potentialAction":[{"@type":"SearchAction","target":{"@type":"EntryPoint","urlTemplate":"https:\/\/gysfm.com.ar\/inicio\/?s={search_term_string}"},"query-input":{"@type":"PropertyValueSpecification","valueRequired":true,"valueName":"search_term_string"}}],"inLanguage":"es"},{"@type":"Organization","@id":"https:\/\/gysfm.com.ar\/inicio\/#organization","name":"GYS NOTICIAS |","url":"https:\/\/gysfm.com.ar\/inicio\/","logo":{"@type":"ImageObject","inLanguage":"es","@id":"https:\/\/gysfm.com.ar\/inicio\/#\/schema\/logo\/image\/","url":"https:\/\/gysfm.com.ar\/inicio\/wp-content\/uploads\/2023\/07\/LOGOGYS-OK.png","contentUrl":"https:\/\/gysfm.com.ar\/inicio\/wp-content\/uploads\/2023\/07\/LOGOGYS-OK.png","width":1170,"height":872,"caption":"GYS NOTICIAS |"},"image":{"@id":"https:\/\/gysfm.com.ar\/inicio\/#\/schema\/logo\/image\/"}},{"@type":"Person","@id":"https:\/\/gysfm.com.ar\/inicio\/#\/schema\/person\/3abba7593ef2ad19e1be221d54383dc5","name":"Prensa G&amp;S FM","image":{"@type":"ImageObject","inLanguage":"es","@id":"https:\/\/gysfm.com.ar\/inicio\/#\/schema\/person\/image\/","url":"https:\/\/secure.gravatar.com\/avatar\/096ec78df02049ab018702bb4ccedf659377fa92a26540b5247612077a0dbd29?s=96&d=mm&r=g","contentUrl":"https:\/\/secure.gravatar.com\/avatar\/096ec78df02049ab018702bb4ccedf659377fa92a26540b5247612077a0dbd29?s=96&d=mm&r=g","caption":"Prensa G&amp;S FM"},"sameAs":["https:\/\/gysfm.com.ar\/"],"url":"https:\/\/gysfm.com.ar\/inicio\/author\/lucasm\/"}]}},"_links":{"self":[{"href":"https:\/\/gysfm.com.ar\/inicio\/wp-json\/wp\/v2\/posts\/138652","targetHints":{"allow":["GET"]}}],"collection":[{"href":"https:\/\/gysfm.com.ar\/inicio\/wp-json\/wp\/v2\/posts"}],"about":[{"href":"https:\/\/gysfm.com.ar\/inicio\/wp-json\/wp\/v2\/types\/post"}],"author":[{"embeddable":true,"href":"https:\/\/gysfm.com.ar\/inicio\/wp-json\/wp\/v2\/users\/2"}],"replies":[{"embeddable":true,"href":"https:\/\/gysfm.com.ar\/inicio\/wp-json\/wp\/v2\/comments?post=138652"}],"version-history":[{"count":0,"href":"https:\/\/gysfm.com.ar\/inicio\/wp-json\/wp\/v2\/posts\/138652\/revisions"}],"wp:featuredmedia":[{"embeddable":true,"href":"https:\/\/gysfm.com.ar\/inicio\/wp-json\/wp\/v2\/media\/107951"}],"wp:attachment":[{"href":"https:\/\/gysfm.com.ar\/inicio\/wp-json\/wp\/v2\/media?parent=138652"}],"wp:term":[{"taxonomy":"category","embeddable":true,"href":"https:\/\/gysfm.com.ar\/inicio\/wp-json\/wp\/v2\/categories?post=138652"},{"taxonomy":"post_tag","embeddable":true,"href":"https:\/\/gysfm.com.ar\/inicio\/wp-json\/wp\/v2\/tags?post=138652"}],"curies":[{"name":"wp","href":"https:\/\/api.w.org\/{rel}","templated":true}]}}