{"id":138645,"date":"2025-07-23T07:54:49","date_gmt":"2025-07-23T10:54:49","guid":{"rendered":"https:\/\/gysfm.com.ar\/inicio\/bajo-el-dolar-y-se-confirma-que-el-tesoro-sumo-reservas-por-mas-de-us600-millones\/"},"modified":"2025-07-23T07:54:50","modified_gmt":"2025-07-23T10:54:50","slug":"bajo-el-dolar-y-se-confirma-que-el-tesoro-sumo-reservas-por-mas-de-us600-millones","status":"publish","type":"post","link":"https:\/\/gysfm.com.ar\/inicio\/bajo-el-dolar-y-se-confirma-que-el-tesoro-sumo-reservas-por-mas-de-us600-millones\/","title":{"rendered":"Baj\u00f3 el d\u00f3lar y se confirma que el Tesoro sum\u00f3 reservas por m\u00e1s de US$600 millones"},"content":{"rendered":"<p><\/p>\n<div>\n<p class=\"com-paragraph   --s\"><strong>Luego de la turbulencia que desat\u00f3 la eliminaci\u00f3n de las Letras Fiscales de Liquidez (LEFI), los d\u00f3lares tendieron hoy a la baja<\/strong>. La calma en el mercado cambiario lleg\u00f3 luego de que el Gobierno lanzara la semana pasada una licitaci\u00f3n extraordinaria y convalidara tasas de inter\u00e9s m\u00e1s altas para los instrumentos en pesos, con el objetivo de incentivar las estrategias de <em>carry trade. <\/em><strong>Adem\u00e1s, hacia el final de la rueda trascendi\u00f3 que el Gobierno habr\u00eda sumado reservas por unos US$600 millones el \u00faltimo viernes.<\/strong><\/p>\n<p class=\"com-paragraph   --s\">En la segunda rueda de la semana, el <strong>d\u00f3lar oficial minorista <\/strong>cerr\u00f3 en las pizarras del Banco Naci\u00f3n<strong> a $1275, <\/strong>una baja de $25 frente al cierre anterior (-1,9%). En otros bancos, los precios var\u00edan, lo que explica por qu\u00e9<strong> el valor promedio del mercado fue de $1278,31,<\/strong> de acuerdo con el relevamiento diario que hace el Banco Central (BCRA). <\/p>\n<p class=\"com-paragraph   --s\">El <strong>tipo de cambio oficial mayorista cotiz\u00f3 a $1254,84, <\/strong>equivalente a una <strong>ca\u00edda de $20,10 <\/strong>frente al cierre anterior (-1,58%). De esta manera, se alej\u00f3 del r\u00e9cord nominal que alcanz\u00f3 la semana pasada a $1285, luego de que el desarme de las LEFI que ten\u00edan los bancos provocara un aluvi\u00f3n de pesos en el mercado que termin\u00f3 por presionar las cotizaciones. <\/p>\n<p class=\"com-paragraph   --s\"><a href=\"https:\/\/www.lanacion.com.ar\/economia\/la-super-tasa-para-frenar-la-suba-del-dolar-habria-tocado-su-techo-nid22072025\/\" target=\"_self\" title=\"https:\/\/www.lanacion.com.ar\/economia\/la-super-tasa-para-frenar-la-suba-del-dolar-habria-tocado-su-techo-nid22072025\/\" class=\"com-link\" data-mrf-recirculation=\"n_link_parrafo\">La baja lleg\u00f3 luego de otro d\u00eda caliente para las tasas de inter\u00e9s en pesos,<\/a> con valores nominales que alcanzaron el 73% anual para las Lecap de julio. Casi al final de la rueda, se dio a conocer que los dep\u00f3sitos del Gobierno en moneda extranjero subieron hasta los US$1500 millones el 18 de julio,<strong> lo que signific\u00f3 que aument\u00f3 en US$627 millones en un d\u00eda, de los cuales unos US$314 millones corresponder\u00edan a un cr\u00e9dito de la CAF.<\/strong><mark class=\"hl_underline\"><strong> <\/strong><\/mark><mark class=\"hl_underline\">Lo restante, unos US$313 millones, ser\u00edan de compras del Tesoro. <\/mark>\u201cEn julio sumar\u00eda US$1000 millones\u201d, observ\u00f3 Fernando Marull, economista de FMyA, quien hizo las estimaciones de compras.<\/p>\n<p class=\"com-paragraph   --s\">Ante ese contexto, los tipos de cambio financieros tambi\u00e9n retrocedieron. El <strong>d\u00f3lar MEP <\/strong>cerr\u00f3 en las pantallas del mercado de capitales a $1260,71, una baja de $20,62 frente al cierre anterior (-1,6%). El <strong>contado con liquidaci\u00f3n (CCL) <\/strong>cotiz\u00f3 a $1257,90, una ca\u00edda de $31,88 (-2,5%).<\/p>\n<div class=\"content-media\">\n<section role=\"button\" class=\"mod-media   \">\n<figure role=\"button\" class=\"mod-figure \"><figcaption class=\"mod-figcaption\"><span class=\"com-text --caption --twoxs\">Esta semana se espera que cedan las liquidaciones del campo<\/span><span class=\"com-text --credit --twoxs\">Shutterstock<\/span><\/figcaption><\/figure>\n<\/section>\n<\/div>\n<p class=\"com-paragraph   --s\"><strong>\u201cLa combinaci\u00f3n de tasas altas, con poqu\u00edsima liquidez,<\/strong> en un mercado que se est\u00e1 acomodando al nuevo esquema monetario (post LEFI) y con algunas intervenciones del Banco Central en Rofex [futuros], es un escenario de tensi\u00f3n, de pulseada. El panorama hacia adelante lo esperamos con un tipo de cambio que podr\u00eda deslizarse algo m\u00e1s del nivel de $1300, pero en un escenario donde la tasa de inter\u00e9s ayuda a descomprimir. <strong>La combinaci\u00f3n de un tipo de cambio a $1300 y una tasa del 45%-50% nominal anual vuelve a hacer atractivos los posicionamientos en pesos\u00bb<\/strong>, explic\u00f3 Fernando Baer, economista de Quantum Finanzas. <\/p>\n<p class=\"com-paragraph   --s\"><strong>El inter\u00e9s abierto en el mercado de d\u00f3lar futuro salt\u00f3 de US$2296 millones en las \u00faltimas ocho ruedas a US$6304 millones ayer, tras subir US$259 millones el lunes. Fue el nivel m\u00e1s alto desde fines de julio de 2022,<\/strong> cuando alcanz\u00f3 los US$7208 millones, de acuerdo con estimaciones de Portfolio Personal de Inversiones (PPI). <\/p>\n<p class=\"com-paragraph   --s\"><strong>\u201cLos d\u00f3lares aflojaron porque las tasas siguen altas<\/strong>. El Banco Central habr\u00eda intervenido en el mercado de futuros, claramente se vio hoy un monto importante de operaciones en ese mercado, que sugiere la presencia oficial en el desarrollo de las operaciones. <strong>El reacomodamiento del costo del dinero con la significativa suba de tasas estimul\u00f3 el desarme de posiciones dolarizadas<\/strong>, un movimiento que adem\u00e1s se combin\u00f3 con la estrategia oficial de intervenir en el mercado de futuros. Este escenario deriv\u00f3 en una fuerte ca\u00edda de la cotizaci\u00f3n del d\u00f3lar en el mercado de cambios, que habr\u00e1 que ver hasta cu\u00e1ndo persiste. En alg\u00fan momento,<strong> el nivel de tasas se tiene que acomodar a niveles m\u00e1s razonables<\/strong> y ah\u00ed veremos seguramente una correcci\u00f3n del tipo de cambio\u00bb, sum\u00f3 Gustavo Quintanta, operador de cambios PR.<\/p>\n<p class=\"com-paragraph   --s\">El <strong>d\u00f3lar blue se negoci\u00f3 a $1310 <\/strong>en las cuevas y arbolitos que operan en el microcentro porte\u00f1o, una <strong>ca\u00edda de $10 <\/strong>frente al cierre previo (-0,8%). A modo de comparaci\u00f3n, un a\u00f1o atr\u00e1s el tipo de cambio informal cerraba por primera vez a $1500.<\/p>\n<p class=\"com-paragraph   --s\">\u201cAunque la reducci\u00f3n de retenciones estuvo vigente hasta el 30 de junio,<strong> los exportadores ten\u00edan tiempo hasta hoy para vender los d\u00f3lares, dentro del plazo de 15 d\u00edas h\u00e1biles. <\/strong>A partir de ahora, es probable que se termine la venta estacional favorable de divisas, lo que podr\u00eda sumar presi\u00f3n sobre el tipo de cambio\u201d, se\u00f1alaron desde Max Capital. <\/p>\n<div class=\"content-media cursor-pointer container-center-100\">\n<section class=\"mod-media ratio-16-9\">\n<figure class=\"mod-video\">\n<div class=\"video-player bg-black ratio-16-9\">\n<div id=\"facade-33jz9Vqp\" class=\"content-facade-jw relative bg-black ratio-16-9\"><picture><source media=\"(max-width: 767px)\" srcset=\"https:\/\/resizer.glanacion.com\/resizer\/v2\/https%3A%2F%2Fcdn.jwplayer.com%2Fv2%2Fmedia%2F33jz9Vqp%2Fposter.jpg%3Fwidth%3D720?auth=38a59bcc683c404cd725589a952d4e2897920e333b058a1a5deea118086e4f88&amp;width=480&amp;quality=70&amp;smart=false\"\/><\/picture><\/div>\n<\/div><figcaption class=\"border border-1 border-bottom border-light-300 bg-white relative px-16 py-8 min-h-36 w-100_md px-0_l mb-8\"><span class=\"text ln-text text-16 block\">D\u00f3lar e inflaci\u00f3n: desaf\u00edos del Gobierno para el segundo semestre. El an\u00e1lisis de Hern\u00e1n Lacunza<\/span><\/figcaption><\/figure>\n<\/section>\n<\/div>\n<p class=\"com-paragraph   --s\">La misma advertencia hicieron desde la consultora econ\u00f3mica LCG, que estim\u00f3 que en las pr\u00f3ximas semanas habr\u00e1 saldos liquidados cercanos a los US$500 y US$1000 millones mensualizados, <strong>una ca\u00edda de m\u00e1s de US$2000 millones por mes.<\/strong><\/p>\n<p class=\"com-paragraph   --s\">\u201cEs evidente, entonces, que <strong>la ecuaci\u00f3n de demanda y oferta de d\u00f3lares cambiar\u00e1 pronto, metiendo presi\u00f3n a la din\u00e1mica del tipo de cambio.<\/strong> El agro ya no tiene incentivos para apurar la liquidaci\u00f3n, como ocurr\u00eda hasta ahora para acceder al beneficio, por lo que estos magros d\u00f3lares tienen un amplio margen para ser liquidados\u201d, completaron. <\/p>\n<p class=\"com-paragraph   --s\">Por efecto de la ca\u00edda que presentan los d\u00f3lares financieros,<strong> la Bolsa porte\u00f1a retrocedi\u00f3 1,57% y cotiz\u00f3 en 2.010.482 unidades.<\/strong> En el panel principal, las mayores ca\u00eddas fueron para Transportadora de Gas del Norte (-4,1%), Metrogas (-4%) y Sociedad Comercial del Plata (-3,4%).<\/p>\n<p class=\"com-paragraph   --s\"><strong>\u201cEl Merval contin\u00faa mostrando debilidad, en l\u00ednea con una din\u00e1mica propia de mercados en tendencia bajista,<\/strong> donde los intentos de recuperaci\u00f3n encuentran dificultades para consolidarse. No obstante, <strong>los fundamentos deber\u00edan operar como soporte,<\/strong> dado que las valuaciones actuales lucen inconsistentes con el r\u00e9gimen econ\u00f3mico vigente\u201d, consideraron desde Delphos Investment.<\/p>\n<p class=\"com-paragraph   --s\">En cambio, las acciones argentinas que cotizan en Wall Street operaron con variaciones mixtas. Los <em>American Depositary Receipt<\/em> (ADR) de <strong>Globant <\/strong>se destacaron con una suba del 3,8%, seguidos por los de <strong>Tenaris <\/strong>(+2,2%) y <strong>Grupo Financiero Galicia <\/strong>(+1,6%). Por otro lado, retrocedieron <strong>Edenor <\/strong>(-2%), <strong>Irsa <\/strong>(-1,5%) y <strong>BBVA <\/strong>(-1,3%).<\/p>\n<p class=\"com-paragraph   --s\">En el mercado de renta fija, los <strong>bonos soberanos en d\u00f3lares <\/strong>operaron en terreno: los Bonares cayeron 0,90% (AL41D) y los Globales, hasta 0,92% (GD35D). <strong>El riesgo pa\u00eds cerr\u00f3 en 763 puntos b\u00e1sicos al lunes 21 de julio, \u00faltimo dato disponible. <\/strong><\/p>\n<section class=\"container-center-100 mb-40 border border-bottom border-thin border-neutral-light-700\">\n<hr\/>\n<\/section>\n<\/div>\n","protected":false},"excerpt":{"rendered":"<p>Luego de la turbulencia que desat\u00f3 la eliminaci\u00f3n de las Letras Fiscales de Liquidez (LEFI), los d\u00f3lares tendieron hoy a la baja. La calma en el mercado cambiario lleg\u00f3 luego de que el Gobierno lanzara la semana pasada una licitaci\u00f3n extraordinaria y convalidara tasas de inter\u00e9s m\u00e1s altas para los instrumentos en pesos, con el [&hellip;]<\/p>\n","protected":false},"author":1,"featured_media":138646,"comment_status":"closed","ping_status":"closed","sticky":false,"template":"","format":"standard","meta":{"footnotes":""},"categories":[28],"tags":[],"class_list":["post-138645","post","type-post","status-publish","format-standard","has-post-thumbnail","hentry","category-economia"],"yoast_head":"<!-- This site is optimized with the Yoast SEO plugin v24.4 - https:\/\/yoast.com\/wordpress\/plugins\/seo\/ -->\n<title>Baj\u00f3 el d\u00f3lar y se confirma que el Tesoro sum\u00f3 reservas por m\u00e1s de US$600 millones - GYS NOTICIAS |<\/title>\n<meta name=\"robots\" content=\"index, follow, max-snippet:-1, max-image-preview:large, max-video-preview:-1\" \/>\n<link rel=\"canonical\" href=\"https:\/\/gysfm.com.ar\/inicio\/bajo-el-dolar-y-se-confirma-que-el-tesoro-sumo-reservas-por-mas-de-us600-millones\/\" \/>\n<meta property=\"og:locale\" content=\"es_ES\" \/>\n<meta property=\"og:type\" content=\"article\" \/>\n<meta property=\"og:title\" content=\"Baj\u00f3 el d\u00f3lar y se confirma que el Tesoro sum\u00f3 reservas por m\u00e1s de US$600 millones - GYS NOTICIAS |\" \/>\n<meta property=\"og:description\" content=\"Luego de la turbulencia que desat\u00f3 la eliminaci\u00f3n de las Letras Fiscales de Liquidez (LEFI), los d\u00f3lares tendieron hoy a la baja. La calma en el mercado cambiario lleg\u00f3 luego de que el Gobierno lanzara la semana pasada una licitaci\u00f3n extraordinaria y convalidara tasas de inter\u00e9s m\u00e1s altas para los instrumentos en pesos, con el [&hellip;]\" \/>\n<meta property=\"og:url\" content=\"https:\/\/gysfm.com.ar\/inicio\/bajo-el-dolar-y-se-confirma-que-el-tesoro-sumo-reservas-por-mas-de-us600-millones\/\" \/>\n<meta property=\"og:site_name\" content=\"GYS NOTICIAS |\" \/>\n<meta property=\"article:published_time\" content=\"2025-07-23T10:54:49+00:00\" \/>\n<meta property=\"article:modified_time\" content=\"2025-07-23T10:54:50+00:00\" \/>\n<meta property=\"og:image\" content=\"https:\/\/gysfm.com.ar\/inicio\/wp-content\/uploads\/2025\/07\/a-cuanto-cotiza-el-dolar-este-martes-22-de-julio-YE4POKUCBVCJHLJ2NR5IKJQALY.JPG\" \/>\n\t<meta property=\"og:image:width\" content=\"1200\" \/>\n\t<meta property=\"og:image:height\" content=\"800\" \/>\n\t<meta property=\"og:image:type\" content=\"image\/jpeg\" \/>\n<meta name=\"author\" content=\"admin\" \/>\n<meta name=\"twitter:card\" content=\"summary_large_image\" \/>\n<meta name=\"twitter:label1\" content=\"Escrito por\" \/>\n\t<meta name=\"twitter:data1\" content=\"admin\" \/>\n\t<meta name=\"twitter:label2\" content=\"Tiempo de lectura\" \/>\n\t<meta name=\"twitter:data2\" content=\"6 minutos\" \/>\n<script type=\"application\/ld+json\" class=\"yoast-schema-graph\">{\"@context\":\"https:\/\/schema.org\",\"@graph\":[{\"@type\":\"Article\",\"@id\":\"https:\/\/gysfm.com.ar\/inicio\/bajo-el-dolar-y-se-confirma-que-el-tesoro-sumo-reservas-por-mas-de-us600-millones\/#article\",\"isPartOf\":{\"@id\":\"https:\/\/gysfm.com.ar\/inicio\/bajo-el-dolar-y-se-confirma-que-el-tesoro-sumo-reservas-por-mas-de-us600-millones\/\"},\"author\":{\"name\":\"admin\",\"@id\":\"https:\/\/gysfm.com.ar\/inicio\/#\/schema\/person\/5bedd7ecd35cc35548d89effafa23696\"},\"headline\":\"Baj\u00f3 el d\u00f3lar y se confirma que el Tesoro sum\u00f3 reservas por m\u00e1s de US$600 millones\",\"datePublished\":\"2025-07-23T10:54:49+00:00\",\"dateModified\":\"2025-07-23T10:54:50+00:00\",\"mainEntityOfPage\":{\"@id\":\"https:\/\/gysfm.com.ar\/inicio\/bajo-el-dolar-y-se-confirma-que-el-tesoro-sumo-reservas-por-mas-de-us600-millones\/\"},\"wordCount\":1127,\"publisher\":{\"@id\":\"https:\/\/gysfm.com.ar\/inicio\/#organization\"},\"image\":{\"@id\":\"https:\/\/gysfm.com.ar\/inicio\/bajo-el-dolar-y-se-confirma-que-el-tesoro-sumo-reservas-por-mas-de-us600-millones\/#primaryimage\"},\"thumbnailUrl\":\"https:\/\/gysfm.com.ar\/inicio\/wp-content\/uploads\/2025\/07\/a-cuanto-cotiza-el-dolar-este-martes-22-de-julio-YE4POKUCBVCJHLJ2NR5IKJQALY.JPG\",\"articleSection\":[\"ECONOMIA\"],\"inLanguage\":\"es\"},{\"@type\":\"WebPage\",\"@id\":\"https:\/\/gysfm.com.ar\/inicio\/bajo-el-dolar-y-se-confirma-que-el-tesoro-sumo-reservas-por-mas-de-us600-millones\/\",\"url\":\"https:\/\/gysfm.com.ar\/inicio\/bajo-el-dolar-y-se-confirma-que-el-tesoro-sumo-reservas-por-mas-de-us600-millones\/\",\"name\":\"Baj\u00f3 el d\u00f3lar y se confirma que el Tesoro sum\u00f3 reservas por m\u00e1s de US$600 millones - GYS NOTICIAS |\",\"isPartOf\":{\"@id\":\"https:\/\/gysfm.com.ar\/inicio\/#website\"},\"primaryImageOfPage\":{\"@id\":\"https:\/\/gysfm.com.ar\/inicio\/bajo-el-dolar-y-se-confirma-que-el-tesoro-sumo-reservas-por-mas-de-us600-millones\/#primaryimage\"},\"image\":{\"@id\":\"https:\/\/gysfm.com.ar\/inicio\/bajo-el-dolar-y-se-confirma-que-el-tesoro-sumo-reservas-por-mas-de-us600-millones\/#primaryimage\"},\"thumbnailUrl\":\"https:\/\/gysfm.com.ar\/inicio\/wp-content\/uploads\/2025\/07\/a-cuanto-cotiza-el-dolar-este-martes-22-de-julio-YE4POKUCBVCJHLJ2NR5IKJQALY.JPG\",\"datePublished\":\"2025-07-23T10:54:49+00:00\",\"dateModified\":\"2025-07-23T10:54:50+00:00\",\"breadcrumb\":{\"@id\":\"https:\/\/gysfm.com.ar\/inicio\/bajo-el-dolar-y-se-confirma-que-el-tesoro-sumo-reservas-por-mas-de-us600-millones\/#breadcrumb\"},\"inLanguage\":\"es\",\"potentialAction\":[{\"@type\":\"ReadAction\",\"target\":[\"https:\/\/gysfm.com.ar\/inicio\/bajo-el-dolar-y-se-confirma-que-el-tesoro-sumo-reservas-por-mas-de-us600-millones\/\"]}]},{\"@type\":\"ImageObject\",\"inLanguage\":\"es\",\"@id\":\"https:\/\/gysfm.com.ar\/inicio\/bajo-el-dolar-y-se-confirma-que-el-tesoro-sumo-reservas-por-mas-de-us600-millones\/#primaryimage\",\"url\":\"https:\/\/gysfm.com.ar\/inicio\/wp-content\/uploads\/2025\/07\/a-cuanto-cotiza-el-dolar-este-martes-22-de-julio-YE4POKUCBVCJHLJ2NR5IKJQALY.JPG\",\"contentUrl\":\"https:\/\/gysfm.com.ar\/inicio\/wp-content\/uploads\/2025\/07\/a-cuanto-cotiza-el-dolar-este-martes-22-de-julio-YE4POKUCBVCJHLJ2NR5IKJQALY.JPG\",\"width\":1200,\"height\":800},{\"@type\":\"BreadcrumbList\",\"@id\":\"https:\/\/gysfm.com.ar\/inicio\/bajo-el-dolar-y-se-confirma-que-el-tesoro-sumo-reservas-por-mas-de-us600-millones\/#breadcrumb\",\"itemListElement\":[{\"@type\":\"ListItem\",\"position\":1,\"name\":\"Portada\",\"item\":\"https:\/\/gysfm.com.ar\/inicio\/\"},{\"@type\":\"ListItem\",\"position\":2,\"name\":\"Baj\u00f3 el d\u00f3lar y se confirma que el Tesoro sum\u00f3 reservas por m\u00e1s de US$600 millones\"}]},{\"@type\":\"WebSite\",\"@id\":\"https:\/\/gysfm.com.ar\/inicio\/#website\",\"url\":\"https:\/\/gysfm.com.ar\/inicio\/\",\"name\":\"GYS NOTICIAS |\",\"description\":\"DIARIO - RADIO ONLINE SAN JUAN ARGENTINA\",\"publisher\":{\"@id\":\"https:\/\/gysfm.com.ar\/inicio\/#organization\"},\"potentialAction\":[{\"@type\":\"SearchAction\",\"target\":{\"@type\":\"EntryPoint\",\"urlTemplate\":\"https:\/\/gysfm.com.ar\/inicio\/?s={search_term_string}\"},\"query-input\":{\"@type\":\"PropertyValueSpecification\",\"valueRequired\":true,\"valueName\":\"search_term_string\"}}],\"inLanguage\":\"es\"},{\"@type\":\"Organization\",\"@id\":\"https:\/\/gysfm.com.ar\/inicio\/#organization\",\"name\":\"GYS NOTICIAS |\",\"url\":\"https:\/\/gysfm.com.ar\/inicio\/\",\"logo\":{\"@type\":\"ImageObject\",\"inLanguage\":\"es\",\"@id\":\"https:\/\/gysfm.com.ar\/inicio\/#\/schema\/logo\/image\/\",\"url\":\"https:\/\/gysfm.com.ar\/inicio\/wp-content\/uploads\/2023\/07\/LOGOGYS-OK.png\",\"contentUrl\":\"https:\/\/gysfm.com.ar\/inicio\/wp-content\/uploads\/2023\/07\/LOGOGYS-OK.png\",\"width\":1170,\"height\":872,\"caption\":\"GYS NOTICIAS |\"},\"image\":{\"@id\":\"https:\/\/gysfm.com.ar\/inicio\/#\/schema\/logo\/image\/\"}},{\"@type\":\"Person\",\"@id\":\"https:\/\/gysfm.com.ar\/inicio\/#\/schema\/person\/5bedd7ecd35cc35548d89effafa23696\",\"name\":\"admin\",\"image\":{\"@type\":\"ImageObject\",\"inLanguage\":\"es\",\"@id\":\"https:\/\/gysfm.com.ar\/inicio\/#\/schema\/person\/image\/\",\"url\":\"https:\/\/secure.gravatar.com\/avatar\/c331d312b5243fb64d5ba28108a447b27c925295129a363082c9ea52c28d32c2?s=96&d=mm&r=g\",\"contentUrl\":\"https:\/\/secure.gravatar.com\/avatar\/c331d312b5243fb64d5ba28108a447b27c925295129a363082c9ea52c28d32c2?s=96&d=mm&r=g\",\"caption\":\"admin\"},\"sameAs\":[\"https:\/\/gysfm.com.ar\/inicio\"],\"url\":\"https:\/\/gysfm.com.ar\/inicio\/author\/admin\/\"}]}<\/script>\n<!-- \/ Yoast SEO plugin. -->","yoast_head_json":{"title":"Baj\u00f3 el d\u00f3lar y se confirma que el Tesoro sum\u00f3 reservas por m\u00e1s de US$600 millones - GYS NOTICIAS |","robots":{"index":"index","follow":"follow","max-snippet":"max-snippet:-1","max-image-preview":"max-image-preview:large","max-video-preview":"max-video-preview:-1"},"canonical":"https:\/\/gysfm.com.ar\/inicio\/bajo-el-dolar-y-se-confirma-que-el-tesoro-sumo-reservas-por-mas-de-us600-millones\/","og_locale":"es_ES","og_type":"article","og_title":"Baj\u00f3 el d\u00f3lar y se confirma que el Tesoro sum\u00f3 reservas por m\u00e1s de US$600 millones - GYS NOTICIAS |","og_description":"Luego de la turbulencia que desat\u00f3 la eliminaci\u00f3n de las Letras Fiscales de Liquidez (LEFI), los d\u00f3lares tendieron hoy a la baja. La calma en el mercado cambiario lleg\u00f3 luego de que el Gobierno lanzara la semana pasada una licitaci\u00f3n extraordinaria y convalidara tasas de inter\u00e9s m\u00e1s altas para los instrumentos en pesos, con el [&hellip;]","og_url":"https:\/\/gysfm.com.ar\/inicio\/bajo-el-dolar-y-se-confirma-que-el-tesoro-sumo-reservas-por-mas-de-us600-millones\/","og_site_name":"GYS NOTICIAS |","article_published_time":"2025-07-23T10:54:49+00:00","article_modified_time":"2025-07-23T10:54:50+00:00","og_image":[{"width":1200,"height":800,"url":"https:\/\/gysfm.com.ar\/inicio\/wp-content\/uploads\/2025\/07\/a-cuanto-cotiza-el-dolar-este-martes-22-de-julio-YE4POKUCBVCJHLJ2NR5IKJQALY.JPG","type":"image\/jpeg"}],"author":"admin","twitter_card":"summary_large_image","twitter_misc":{"Escrito por":"admin","Tiempo de lectura":"6 minutos"},"schema":{"@context":"https:\/\/schema.org","@graph":[{"@type":"Article","@id":"https:\/\/gysfm.com.ar\/inicio\/bajo-el-dolar-y-se-confirma-que-el-tesoro-sumo-reservas-por-mas-de-us600-millones\/#article","isPartOf":{"@id":"https:\/\/gysfm.com.ar\/inicio\/bajo-el-dolar-y-se-confirma-que-el-tesoro-sumo-reservas-por-mas-de-us600-millones\/"},"author":{"name":"admin","@id":"https:\/\/gysfm.com.ar\/inicio\/#\/schema\/person\/5bedd7ecd35cc35548d89effafa23696"},"headline":"Baj\u00f3 el d\u00f3lar y se confirma que el Tesoro sum\u00f3 reservas por m\u00e1s de US$600 millones","datePublished":"2025-07-23T10:54:49+00:00","dateModified":"2025-07-23T10:54:50+00:00","mainEntityOfPage":{"@id":"https:\/\/gysfm.com.ar\/inicio\/bajo-el-dolar-y-se-confirma-que-el-tesoro-sumo-reservas-por-mas-de-us600-millones\/"},"wordCount":1127,"publisher":{"@id":"https:\/\/gysfm.com.ar\/inicio\/#organization"},"image":{"@id":"https:\/\/gysfm.com.ar\/inicio\/bajo-el-dolar-y-se-confirma-que-el-tesoro-sumo-reservas-por-mas-de-us600-millones\/#primaryimage"},"thumbnailUrl":"https:\/\/gysfm.com.ar\/inicio\/wp-content\/uploads\/2025\/07\/a-cuanto-cotiza-el-dolar-este-martes-22-de-julio-YE4POKUCBVCJHLJ2NR5IKJQALY.JPG","articleSection":["ECONOMIA"],"inLanguage":"es"},{"@type":"WebPage","@id":"https:\/\/gysfm.com.ar\/inicio\/bajo-el-dolar-y-se-confirma-que-el-tesoro-sumo-reservas-por-mas-de-us600-millones\/","url":"https:\/\/gysfm.com.ar\/inicio\/bajo-el-dolar-y-se-confirma-que-el-tesoro-sumo-reservas-por-mas-de-us600-millones\/","name":"Baj\u00f3 el d\u00f3lar y se confirma que el Tesoro sum\u00f3 reservas por m\u00e1s de US$600 millones - GYS NOTICIAS |","isPartOf":{"@id":"https:\/\/gysfm.com.ar\/inicio\/#website"},"primaryImageOfPage":{"@id":"https:\/\/gysfm.com.ar\/inicio\/bajo-el-dolar-y-se-confirma-que-el-tesoro-sumo-reservas-por-mas-de-us600-millones\/#primaryimage"},"image":{"@id":"https:\/\/gysfm.com.ar\/inicio\/bajo-el-dolar-y-se-confirma-que-el-tesoro-sumo-reservas-por-mas-de-us600-millones\/#primaryimage"},"thumbnailUrl":"https:\/\/gysfm.com.ar\/inicio\/wp-content\/uploads\/2025\/07\/a-cuanto-cotiza-el-dolar-este-martes-22-de-julio-YE4POKUCBVCJHLJ2NR5IKJQALY.JPG","datePublished":"2025-07-23T10:54:49+00:00","dateModified":"2025-07-23T10:54:50+00:00","breadcrumb":{"@id":"https:\/\/gysfm.com.ar\/inicio\/bajo-el-dolar-y-se-confirma-que-el-tesoro-sumo-reservas-por-mas-de-us600-millones\/#breadcrumb"},"inLanguage":"es","potentialAction":[{"@type":"ReadAction","target":["https:\/\/gysfm.com.ar\/inicio\/bajo-el-dolar-y-se-confirma-que-el-tesoro-sumo-reservas-por-mas-de-us600-millones\/"]}]},{"@type":"ImageObject","inLanguage":"es","@id":"https:\/\/gysfm.com.ar\/inicio\/bajo-el-dolar-y-se-confirma-que-el-tesoro-sumo-reservas-por-mas-de-us600-millones\/#primaryimage","url":"https:\/\/gysfm.com.ar\/inicio\/wp-content\/uploads\/2025\/07\/a-cuanto-cotiza-el-dolar-este-martes-22-de-julio-YE4POKUCBVCJHLJ2NR5IKJQALY.JPG","contentUrl":"https:\/\/gysfm.com.ar\/inicio\/wp-content\/uploads\/2025\/07\/a-cuanto-cotiza-el-dolar-este-martes-22-de-julio-YE4POKUCBVCJHLJ2NR5IKJQALY.JPG","width":1200,"height":800},{"@type":"BreadcrumbList","@id":"https:\/\/gysfm.com.ar\/inicio\/bajo-el-dolar-y-se-confirma-que-el-tesoro-sumo-reservas-por-mas-de-us600-millones\/#breadcrumb","itemListElement":[{"@type":"ListItem","position":1,"name":"Portada","item":"https:\/\/gysfm.com.ar\/inicio\/"},{"@type":"ListItem","position":2,"name":"Baj\u00f3 el d\u00f3lar y se confirma que el Tesoro sum\u00f3 reservas por m\u00e1s de US$600 millones"}]},{"@type":"WebSite","@id":"https:\/\/gysfm.com.ar\/inicio\/#website","url":"https:\/\/gysfm.com.ar\/inicio\/","name":"GYS NOTICIAS |","description":"DIARIO - RADIO ONLINE SAN JUAN ARGENTINA","publisher":{"@id":"https:\/\/gysfm.com.ar\/inicio\/#organization"},"potentialAction":[{"@type":"SearchAction","target":{"@type":"EntryPoint","urlTemplate":"https:\/\/gysfm.com.ar\/inicio\/?s={search_term_string}"},"query-input":{"@type":"PropertyValueSpecification","valueRequired":true,"valueName":"search_term_string"}}],"inLanguage":"es"},{"@type":"Organization","@id":"https:\/\/gysfm.com.ar\/inicio\/#organization","name":"GYS NOTICIAS |","url":"https:\/\/gysfm.com.ar\/inicio\/","logo":{"@type":"ImageObject","inLanguage":"es","@id":"https:\/\/gysfm.com.ar\/inicio\/#\/schema\/logo\/image\/","url":"https:\/\/gysfm.com.ar\/inicio\/wp-content\/uploads\/2023\/07\/LOGOGYS-OK.png","contentUrl":"https:\/\/gysfm.com.ar\/inicio\/wp-content\/uploads\/2023\/07\/LOGOGYS-OK.png","width":1170,"height":872,"caption":"GYS NOTICIAS |"},"image":{"@id":"https:\/\/gysfm.com.ar\/inicio\/#\/schema\/logo\/image\/"}},{"@type":"Person","@id":"https:\/\/gysfm.com.ar\/inicio\/#\/schema\/person\/5bedd7ecd35cc35548d89effafa23696","name":"admin","image":{"@type":"ImageObject","inLanguage":"es","@id":"https:\/\/gysfm.com.ar\/inicio\/#\/schema\/person\/image\/","url":"https:\/\/secure.gravatar.com\/avatar\/c331d312b5243fb64d5ba28108a447b27c925295129a363082c9ea52c28d32c2?s=96&d=mm&r=g","contentUrl":"https:\/\/secure.gravatar.com\/avatar\/c331d312b5243fb64d5ba28108a447b27c925295129a363082c9ea52c28d32c2?s=96&d=mm&r=g","caption":"admin"},"sameAs":["https:\/\/gysfm.com.ar\/inicio"],"url":"https:\/\/gysfm.com.ar\/inicio\/author\/admin\/"}]}},"_links":{"self":[{"href":"https:\/\/gysfm.com.ar\/inicio\/wp-json\/wp\/v2\/posts\/138645","targetHints":{"allow":["GET"]}}],"collection":[{"href":"https:\/\/gysfm.com.ar\/inicio\/wp-json\/wp\/v2\/posts"}],"about":[{"href":"https:\/\/gysfm.com.ar\/inicio\/wp-json\/wp\/v2\/types\/post"}],"author":[{"embeddable":true,"href":"https:\/\/gysfm.com.ar\/inicio\/wp-json\/wp\/v2\/users\/1"}],"replies":[{"embeddable":true,"href":"https:\/\/gysfm.com.ar\/inicio\/wp-json\/wp\/v2\/comments?post=138645"}],"version-history":[{"count":1,"href":"https:\/\/gysfm.com.ar\/inicio\/wp-json\/wp\/v2\/posts\/138645\/revisions"}],"predecessor-version":[{"id":138647,"href":"https:\/\/gysfm.com.ar\/inicio\/wp-json\/wp\/v2\/posts\/138645\/revisions\/138647"}],"wp:featuredmedia":[{"embeddable":true,"href":"https:\/\/gysfm.com.ar\/inicio\/wp-json\/wp\/v2\/media\/138646"}],"wp:attachment":[{"href":"https:\/\/gysfm.com.ar\/inicio\/wp-json\/wp\/v2\/media?parent=138645"}],"wp:term":[{"taxonomy":"category","embeddable":true,"href":"https:\/\/gysfm.com.ar\/inicio\/wp-json\/wp\/v2\/categories?post=138645"},{"taxonomy":"post_tag","embeddable":true,"href":"https:\/\/gysfm.com.ar\/inicio\/wp-json\/wp\/v2\/tags?post=138645"}],"curies":[{"name":"wp","href":"https:\/\/api.w.org\/{rel}","templated":true}]}}