{"id":138643,"date":"2025-07-23T07:27:18","date_gmt":"2025-07-23T10:27:18","guid":{"rendered":"https:\/\/gysfm.com.ar\/inicio\/el-desgarrador-relato-de-belen-gimenez-la-esposa-de-rene-bertrand-tras-su-fallecimiento\/"},"modified":"2025-07-23T07:27:18","modified_gmt":"2025-07-23T10:27:18","slug":"el-desgarrador-relato-de-belen-gimenez-la-esposa-de-rene-bertrand-tras-su-fallecimiento","status":"publish","type":"post","link":"https:\/\/gysfm.com.ar\/inicio\/el-desgarrador-relato-de-belen-gimenez-la-esposa-de-rene-bertrand-tras-su-fallecimiento\/","title":{"rendered":"El desgarrador relato de Bel\u00e9n Gim\u00e9nez, la esposa de Ren\u00e9 Bertrand, tras su fallecimiento"},"content":{"rendered":"<p><\/p>\n<div id=\"article-content\">\n<p><strong><a target=\"_blank\" href=\"https:\/\/exitoina.perfil.com\/noticias\/destacada\/murio-actor-director-teatral-rene-bertrand-53-anos.phtml\">Ren\u00e9 Bertrand<\/a> falleci\u00f3 el 26 de junio <\/strong>a causa de un fuerte c\u00e1ncer y, por primera vez, <strong>su mujer Bel\u00e9n Gim\u00e9nez sali\u00f3 a hablar del duelo que est\u00e1 atravesando<\/strong>.\u00a0<\/p>\n<p>En su visita a<em><strong> Intrusos <\/strong><\/em>(Am\u00e9rica TV), la mujer se mostr\u00f3 completamente afectada al hundirse en llanto al comenzar la entrevista con Rodrigo Lussich y Adri\u00e1n Pallares, quienes tambi\u00e9n terminaron con lagrimas en sus ojos por su testimonio. En ese momento admiti\u00f3 que<strong> \u00ablo peor fue dec\u00edrselo a mis hijos. Sof\u00eda llor\u00f3 a gritos, desesperadamente y mi hijo m\u00e1s chico, que tiene s\u00edndrome de down, entiende todo y percibi\u00f3 lo que estaba pasando\u00bb<\/strong>.\u00a0<\/p>\n<p>Adem\u00e1s, revel\u00f3 c\u00f3mo se enteraron de la enfermedad que estaba cursando: \u00abNos enteramos cuando est\u00e1bamos en Carlos Paz, por eso nos volvimos. <strong>Todo empez\u00f3 con un dolor de om\u00f3plato, como mi hijo es gordito, pensamos que se hab\u00eda desgarrado pero no. <\/strong>Se hizo muchos estudios hasta que finalmente se lo detectaron\u00bb.\u00a0<\/p>\n<p><iframe id=\"vrudo\" class=\"vrudo\" src=\"https:\/\/rudo.video\/vod\/bUEsEw?volume=0\" width=\"100%\" height=\"100%\" allowscriptaccess=\"always\" allowfullscreen=\"true\" webkitallowfullscreen=\"true\" frameborder=\"0\" scrolling=\"no\" allow=\"autoplay; fullscreen\" loading=\"lazy\"><\/iframe><\/p>\n<p><strong>\u00abLos turnos te los dan muy espaciados y se pierde tiempo.<\/strong> La biopsia detect\u00f3 el carcinoma pero no sab\u00edan el origen y no terminaban de saber en d\u00f3nde atacar. Al final, le hicieron un PET que determin\u00f3 en d\u00f3nde se ubicaba el tumor primario\u00bb, continu\u00f3.<\/p>\n<p>Acera de la reacci\u00f3n de su suegra y madre de Ren\u00e9, Mar\u00eda Rosa Fugazot, asegur\u00f3:<strong>\u00a0\u00abEs una mujer muy\u00a0fuerte. Ren\u00e9 era igual, siempre me daba fuerzas, me ped\u00eda que no llore\u00bb<\/strong>. Incluso, explic\u00f3 que en el \u00faltimo tiempo:\u00a0\u00abNos hab\u00edamos contagiado de influenza con mis hijos y como \u00e9l estaba inmunodeprimido, se mud\u00f3 a la casa de su mam\u00e1. Ah\u00ed pod\u00eda comer bien y nosotros hac\u00edamos videollamadas todo el tiempo\u00bb.<\/p>\n<p><strong>\u00abLa quimio era\u00a0tan pero tan fuerte que lo dej\u00f3 sin gl\u00f3bulos blancos.\u00a0Lleg\u00f3 s\u00f3lo a dos de las 14 que necesitaba.<\/strong> En la primera estuvo conectado de 9 de la ma\u00f1ana a 6 de la tarde. Fue dur\u00edsimo.\u00a0Adem\u00e1s, Ren\u00e9 tomaba pastillas para los dolores y eso le provoc\u00f3 una \u00falcera.\u00a0Sent\u00eda malestar de est\u00f3mago pero por miedo a contagiarse cualquier cosa, no iba al m\u00e9dico. Al final fue y lo operan de urgencia\u00bb, concluy\u00f3 en llanto.\u00a0<\/p>\n<h2>\u00bfDe qu\u00e9 muri\u00f3 Ren\u00e9 Bertrand?<\/h2>\n<p>Si bien inicialmente se habl\u00f3 de un estado gripal agudo, su familia confirm\u00f3 que falleci\u00f3 de\u00a0c\u00e1ncer.\u00a0El actor supo brillar en cine, teatro y televisi\u00f3n.<\/p>\n<p>Desde la\u00a0<strong>Asociaci\u00f3n Argentina de Actores<\/strong>\u00a0tambi\u00e9n informaron su fallecimiento con mucho dolor.<strong>\u00a0\u00abCon profunda tristeza despedimos al actor y director Ren\u00e9 Bertrand, quien desarroll\u00f3 una destacada trayectoria art\u00edstica. Acompa\u00f1amos con sentidas condolencias a su madre, la actriz Mar\u00eda Rosa Fugazot; a su esposa, hijos y seres queridos\u00bb<\/strong>, escribieron en el comunicado.<\/p>\n<\/p><\/div>\n<p><script>\n\t(function(d, s, id) {\n\t\tvar js, fjs = d.getElementsByTagName(s)[0];\n\t\tif (d.getElementById(id)) return;\n\t\tjs = d.createElement(s);\n\t\tjs.id = id;\n\t\tjs.src=\"https:\/\/connect.facebook.net\/es_LA\/sdk.js#xfbml=1&version=v3.1\";\n\t\tfjs.parentNode.insertBefore(js, fjs);\n\t}(document, 'script', 'facebook-jssdk'));\n<\/script><\/p>\n","protected":false},"excerpt":{"rendered":"<p>Ren\u00e9 Bertrand falleci\u00f3 el 26 de junio a causa de un fuerte c\u00e1ncer y, por primera vez, su mujer Bel\u00e9n Gim\u00e9nez sali\u00f3 a hablar del duelo que est\u00e1 atravesando.\u00a0 En su visita a Intrusos (Am\u00e9rica TV), la mujer se mostr\u00f3 completamente afectada al hundirse en llanto al comenzar la entrevista con Rodrigo Lussich y Adri\u00e1n [&hellip;]<\/p>\n","protected":false},"author":2,"featured_media":138644,"comment_status":"closed","ping_status":"closed","sticky":false,"template":"","format":"standard","meta":{"footnotes":""},"categories":[25],"tags":[],"class_list":["post-138643","post","type-post","status-publish","format-standard","has-post-thumbnail","hentry","category-nacionales"],"yoast_head":"<!-- This site is optimized with the Yoast SEO plugin v24.4 - https:\/\/yoast.com\/wordpress\/plugins\/seo\/ -->\n<title>El desgarrador relato de Bel\u00e9n Gim\u00e9nez, la esposa de Ren\u00e9 Bertrand, tras su fallecimiento - GYS NOTICIAS |<\/title>\n<meta name=\"robots\" content=\"index, follow, max-snippet:-1, max-image-preview:large, max-video-preview:-1\" \/>\n<link rel=\"canonical\" href=\"https:\/\/gysfm.com.ar\/inicio\/el-desgarrador-relato-de-belen-gimenez-la-esposa-de-rene-bertrand-tras-su-fallecimiento\/\" \/>\n<meta property=\"og:locale\" content=\"es_ES\" \/>\n<meta property=\"og:type\" content=\"article\" \/>\n<meta property=\"og:title\" content=\"El desgarrador relato de Bel\u00e9n Gim\u00e9nez, la esposa de Ren\u00e9 Bertrand, tras su fallecimiento - GYS NOTICIAS |\" \/>\n<meta property=\"og:description\" content=\"Ren\u00e9 Bertrand falleci\u00f3 el 26 de junio a causa de un fuerte c\u00e1ncer y, por primera vez, su mujer Bel\u00e9n Gim\u00e9nez sali\u00f3 a hablar del duelo que est\u00e1 atravesando.\u00a0 En su visita a Intrusos (Am\u00e9rica TV), la mujer se mostr\u00f3 completamente afectada al hundirse en llanto al comenzar la entrevista con Rodrigo Lussich y Adri\u00e1n [&hellip;]\" \/>\n<meta property=\"og:url\" content=\"https:\/\/gysfm.com.ar\/inicio\/el-desgarrador-relato-de-belen-gimenez-la-esposa-de-rene-bertrand-tras-su-fallecimiento\/\" \/>\n<meta property=\"og:site_name\" content=\"GYS NOTICIAS |\" \/>\n<meta property=\"article:published_time\" content=\"2025-07-23T10:27:18+00:00\" \/>\n<meta name=\"author\" content=\"Prensa G&amp;S FM\" \/>\n<meta name=\"twitter:card\" content=\"summary_large_image\" \/>\n<meta name=\"twitter:label1\" content=\"Escrito por\" \/>\n\t<meta name=\"twitter:data1\" content=\"Prensa G&amp;S FM\" \/>\n\t<meta name=\"twitter:label2\" content=\"Tiempo de lectura\" \/>\n\t<meta name=\"twitter:data2\" content=\"2 minutos\" \/>\n<script type=\"application\/ld+json\" class=\"yoast-schema-graph\">{\"@context\":\"https:\/\/schema.org\",\"@graph\":[{\"@type\":\"Article\",\"@id\":\"https:\/\/gysfm.com.ar\/inicio\/el-desgarrador-relato-de-belen-gimenez-la-esposa-de-rene-bertrand-tras-su-fallecimiento\/#article\",\"isPartOf\":{\"@id\":\"https:\/\/gysfm.com.ar\/inicio\/el-desgarrador-relato-de-belen-gimenez-la-esposa-de-rene-bertrand-tras-su-fallecimiento\/\"},\"author\":{\"name\":\"Prensa G&amp;S FM\",\"@id\":\"https:\/\/gysfm.com.ar\/inicio\/#\/schema\/person\/3abba7593ef2ad19e1be221d54383dc5\"},\"headline\":\"El desgarrador relato de Bel\u00e9n Gim\u00e9nez, la esposa de Ren\u00e9 Bertrand, tras su fallecimiento\",\"datePublished\":\"2025-07-23T10:27:18+00:00\",\"mainEntityOfPage\":{\"@id\":\"https:\/\/gysfm.com.ar\/inicio\/el-desgarrador-relato-de-belen-gimenez-la-esposa-de-rene-bertrand-tras-su-fallecimiento\/\"},\"wordCount\":481,\"publisher\":{\"@id\":\"https:\/\/gysfm.com.ar\/inicio\/#organization\"},\"image\":{\"@id\":\"https:\/\/gysfm.com.ar\/inicio\/el-desgarrador-relato-de-belen-gimenez-la-esposa-de-rene-bertrand-tras-su-fallecimiento\/#primaryimage\"},\"thumbnailUrl\":\"https:\/\/gysfm.com.ar\/inicio\/wp-content\/uploads\/2025\/07\/belen-gimenez-y-rene-bertrand-2066219.jpg\",\"articleSection\":[\"NACIONALES\"],\"inLanguage\":\"es\"},{\"@type\":\"WebPage\",\"@id\":\"https:\/\/gysfm.com.ar\/inicio\/el-desgarrador-relato-de-belen-gimenez-la-esposa-de-rene-bertrand-tras-su-fallecimiento\/\",\"url\":\"https:\/\/gysfm.com.ar\/inicio\/el-desgarrador-relato-de-belen-gimenez-la-esposa-de-rene-bertrand-tras-su-fallecimiento\/\",\"name\":\"El desgarrador relato de Bel\u00e9n Gim\u00e9nez, la esposa de Ren\u00e9 Bertrand, tras su fallecimiento - GYS NOTICIAS |\",\"isPartOf\":{\"@id\":\"https:\/\/gysfm.com.ar\/inicio\/#website\"},\"primaryImageOfPage\":{\"@id\":\"https:\/\/gysfm.com.ar\/inicio\/el-desgarrador-relato-de-belen-gimenez-la-esposa-de-rene-bertrand-tras-su-fallecimiento\/#primaryimage\"},\"image\":{\"@id\":\"https:\/\/gysfm.com.ar\/inicio\/el-desgarrador-relato-de-belen-gimenez-la-esposa-de-rene-bertrand-tras-su-fallecimiento\/#primaryimage\"},\"thumbnailUrl\":\"https:\/\/gysfm.com.ar\/inicio\/wp-content\/uploads\/2025\/07\/belen-gimenez-y-rene-bertrand-2066219.jpg\",\"datePublished\":\"2025-07-23T10:27:18+00:00\",\"breadcrumb\":{\"@id\":\"https:\/\/gysfm.com.ar\/inicio\/el-desgarrador-relato-de-belen-gimenez-la-esposa-de-rene-bertrand-tras-su-fallecimiento\/#breadcrumb\"},\"inLanguage\":\"es\",\"potentialAction\":[{\"@type\":\"ReadAction\",\"target\":[\"https:\/\/gysfm.com.ar\/inicio\/el-desgarrador-relato-de-belen-gimenez-la-esposa-de-rene-bertrand-tras-su-fallecimiento\/\"]}]},{\"@type\":\"ImageObject\",\"inLanguage\":\"es\",\"@id\":\"https:\/\/gysfm.com.ar\/inicio\/el-desgarrador-relato-de-belen-gimenez-la-esposa-de-rene-bertrand-tras-su-fallecimiento\/#primaryimage\",\"url\":\"https:\/\/gysfm.com.ar\/inicio\/wp-content\/uploads\/2025\/07\/belen-gimenez-y-rene-bertrand-2066219.jpg\",\"contentUrl\":\"https:\/\/gysfm.com.ar\/inicio\/wp-content\/uploads\/2025\/07\/belen-gimenez-y-rene-bertrand-2066219.jpg\",\"width\":1140,\"height\":641},{\"@type\":\"BreadcrumbList\",\"@id\":\"https:\/\/gysfm.com.ar\/inicio\/el-desgarrador-relato-de-belen-gimenez-la-esposa-de-rene-bertrand-tras-su-fallecimiento\/#breadcrumb\",\"itemListElement\":[{\"@type\":\"ListItem\",\"position\":1,\"name\":\"Portada\",\"item\":\"https:\/\/gysfm.com.ar\/inicio\/\"},{\"@type\":\"ListItem\",\"position\":2,\"name\":\"El desgarrador relato de Bel\u00e9n Gim\u00e9nez, la esposa de Ren\u00e9 Bertrand, tras su fallecimiento\"}]},{\"@type\":\"WebSite\",\"@id\":\"https:\/\/gysfm.com.ar\/inicio\/#website\",\"url\":\"https:\/\/gysfm.com.ar\/inicio\/\",\"name\":\"GYS NOTICIAS |\",\"description\":\"DIARIO - RADIO ONLINE SAN JUAN ARGENTINA\",\"publisher\":{\"@id\":\"https:\/\/gysfm.com.ar\/inicio\/#organization\"},\"potentialAction\":[{\"@type\":\"SearchAction\",\"target\":{\"@type\":\"EntryPoint\",\"urlTemplate\":\"https:\/\/gysfm.com.ar\/inicio\/?s={search_term_string}\"},\"query-input\":{\"@type\":\"PropertyValueSpecification\",\"valueRequired\":true,\"valueName\":\"search_term_string\"}}],\"inLanguage\":\"es\"},{\"@type\":\"Organization\",\"@id\":\"https:\/\/gysfm.com.ar\/inicio\/#organization\",\"name\":\"GYS NOTICIAS |\",\"url\":\"https:\/\/gysfm.com.ar\/inicio\/\",\"logo\":{\"@type\":\"ImageObject\",\"inLanguage\":\"es\",\"@id\":\"https:\/\/gysfm.com.ar\/inicio\/#\/schema\/logo\/image\/\",\"url\":\"https:\/\/gysfm.com.ar\/inicio\/wp-content\/uploads\/2023\/07\/LOGOGYS-OK.png\",\"contentUrl\":\"https:\/\/gysfm.com.ar\/inicio\/wp-content\/uploads\/2023\/07\/LOGOGYS-OK.png\",\"width\":1170,\"height\":872,\"caption\":\"GYS NOTICIAS |\"},\"image\":{\"@id\":\"https:\/\/gysfm.com.ar\/inicio\/#\/schema\/logo\/image\/\"}},{\"@type\":\"Person\",\"@id\":\"https:\/\/gysfm.com.ar\/inicio\/#\/schema\/person\/3abba7593ef2ad19e1be221d54383dc5\",\"name\":\"Prensa G&amp;S FM\",\"image\":{\"@type\":\"ImageObject\",\"inLanguage\":\"es\",\"@id\":\"https:\/\/gysfm.com.ar\/inicio\/#\/schema\/person\/image\/\",\"url\":\"https:\/\/secure.gravatar.com\/avatar\/096ec78df02049ab018702bb4ccedf659377fa92a26540b5247612077a0dbd29?s=96&d=mm&r=g\",\"contentUrl\":\"https:\/\/secure.gravatar.com\/avatar\/096ec78df02049ab018702bb4ccedf659377fa92a26540b5247612077a0dbd29?s=96&d=mm&r=g\",\"caption\":\"Prensa G&amp;S FM\"},\"sameAs\":[\"https:\/\/gysfm.com.ar\/\"],\"url\":\"https:\/\/gysfm.com.ar\/inicio\/author\/lucasm\/\"}]}<\/script>\n<!-- \/ Yoast SEO plugin. -->","yoast_head_json":{"title":"El desgarrador relato de Bel\u00e9n Gim\u00e9nez, la esposa de Ren\u00e9 Bertrand, tras su fallecimiento - GYS NOTICIAS |","robots":{"index":"index","follow":"follow","max-snippet":"max-snippet:-1","max-image-preview":"max-image-preview:large","max-video-preview":"max-video-preview:-1"},"canonical":"https:\/\/gysfm.com.ar\/inicio\/el-desgarrador-relato-de-belen-gimenez-la-esposa-de-rene-bertrand-tras-su-fallecimiento\/","og_locale":"es_ES","og_type":"article","og_title":"El desgarrador relato de Bel\u00e9n Gim\u00e9nez, la esposa de Ren\u00e9 Bertrand, tras su fallecimiento - GYS NOTICIAS |","og_description":"Ren\u00e9 Bertrand falleci\u00f3 el 26 de junio a causa de un fuerte c\u00e1ncer y, por primera vez, su mujer Bel\u00e9n Gim\u00e9nez sali\u00f3 a hablar del duelo que est\u00e1 atravesando.\u00a0 En su visita a Intrusos (Am\u00e9rica TV), la mujer se mostr\u00f3 completamente afectada al hundirse en llanto al comenzar la entrevista con Rodrigo Lussich y Adri\u00e1n [&hellip;]","og_url":"https:\/\/gysfm.com.ar\/inicio\/el-desgarrador-relato-de-belen-gimenez-la-esposa-de-rene-bertrand-tras-su-fallecimiento\/","og_site_name":"GYS NOTICIAS |","article_published_time":"2025-07-23T10:27:18+00:00","author":"Prensa G&amp;S FM","twitter_card":"summary_large_image","twitter_misc":{"Escrito por":"Prensa G&amp;S FM","Tiempo de lectura":"2 minutos"},"schema":{"@context":"https:\/\/schema.org","@graph":[{"@type":"Article","@id":"https:\/\/gysfm.com.ar\/inicio\/el-desgarrador-relato-de-belen-gimenez-la-esposa-de-rene-bertrand-tras-su-fallecimiento\/#article","isPartOf":{"@id":"https:\/\/gysfm.com.ar\/inicio\/el-desgarrador-relato-de-belen-gimenez-la-esposa-de-rene-bertrand-tras-su-fallecimiento\/"},"author":{"name":"Prensa G&amp;S FM","@id":"https:\/\/gysfm.com.ar\/inicio\/#\/schema\/person\/3abba7593ef2ad19e1be221d54383dc5"},"headline":"El desgarrador relato de Bel\u00e9n Gim\u00e9nez, la esposa de Ren\u00e9 Bertrand, tras su fallecimiento","datePublished":"2025-07-23T10:27:18+00:00","mainEntityOfPage":{"@id":"https:\/\/gysfm.com.ar\/inicio\/el-desgarrador-relato-de-belen-gimenez-la-esposa-de-rene-bertrand-tras-su-fallecimiento\/"},"wordCount":481,"publisher":{"@id":"https:\/\/gysfm.com.ar\/inicio\/#organization"},"image":{"@id":"https:\/\/gysfm.com.ar\/inicio\/el-desgarrador-relato-de-belen-gimenez-la-esposa-de-rene-bertrand-tras-su-fallecimiento\/#primaryimage"},"thumbnailUrl":"https:\/\/gysfm.com.ar\/inicio\/wp-content\/uploads\/2025\/07\/belen-gimenez-y-rene-bertrand-2066219.jpg","articleSection":["NACIONALES"],"inLanguage":"es"},{"@type":"WebPage","@id":"https:\/\/gysfm.com.ar\/inicio\/el-desgarrador-relato-de-belen-gimenez-la-esposa-de-rene-bertrand-tras-su-fallecimiento\/","url":"https:\/\/gysfm.com.ar\/inicio\/el-desgarrador-relato-de-belen-gimenez-la-esposa-de-rene-bertrand-tras-su-fallecimiento\/","name":"El desgarrador relato de Bel\u00e9n Gim\u00e9nez, la esposa de Ren\u00e9 Bertrand, tras su fallecimiento - GYS NOTICIAS |","isPartOf":{"@id":"https:\/\/gysfm.com.ar\/inicio\/#website"},"primaryImageOfPage":{"@id":"https:\/\/gysfm.com.ar\/inicio\/el-desgarrador-relato-de-belen-gimenez-la-esposa-de-rene-bertrand-tras-su-fallecimiento\/#primaryimage"},"image":{"@id":"https:\/\/gysfm.com.ar\/inicio\/el-desgarrador-relato-de-belen-gimenez-la-esposa-de-rene-bertrand-tras-su-fallecimiento\/#primaryimage"},"thumbnailUrl":"https:\/\/gysfm.com.ar\/inicio\/wp-content\/uploads\/2025\/07\/belen-gimenez-y-rene-bertrand-2066219.jpg","datePublished":"2025-07-23T10:27:18+00:00","breadcrumb":{"@id":"https:\/\/gysfm.com.ar\/inicio\/el-desgarrador-relato-de-belen-gimenez-la-esposa-de-rene-bertrand-tras-su-fallecimiento\/#breadcrumb"},"inLanguage":"es","potentialAction":[{"@type":"ReadAction","target":["https:\/\/gysfm.com.ar\/inicio\/el-desgarrador-relato-de-belen-gimenez-la-esposa-de-rene-bertrand-tras-su-fallecimiento\/"]}]},{"@type":"ImageObject","inLanguage":"es","@id":"https:\/\/gysfm.com.ar\/inicio\/el-desgarrador-relato-de-belen-gimenez-la-esposa-de-rene-bertrand-tras-su-fallecimiento\/#primaryimage","url":"https:\/\/gysfm.com.ar\/inicio\/wp-content\/uploads\/2025\/07\/belen-gimenez-y-rene-bertrand-2066219.jpg","contentUrl":"https:\/\/gysfm.com.ar\/inicio\/wp-content\/uploads\/2025\/07\/belen-gimenez-y-rene-bertrand-2066219.jpg","width":1140,"height":641},{"@type":"BreadcrumbList","@id":"https:\/\/gysfm.com.ar\/inicio\/el-desgarrador-relato-de-belen-gimenez-la-esposa-de-rene-bertrand-tras-su-fallecimiento\/#breadcrumb","itemListElement":[{"@type":"ListItem","position":1,"name":"Portada","item":"https:\/\/gysfm.com.ar\/inicio\/"},{"@type":"ListItem","position":2,"name":"El desgarrador relato de Bel\u00e9n Gim\u00e9nez, la esposa de Ren\u00e9 Bertrand, tras su fallecimiento"}]},{"@type":"WebSite","@id":"https:\/\/gysfm.com.ar\/inicio\/#website","url":"https:\/\/gysfm.com.ar\/inicio\/","name":"GYS NOTICIAS |","description":"DIARIO - RADIO ONLINE SAN JUAN ARGENTINA","publisher":{"@id":"https:\/\/gysfm.com.ar\/inicio\/#organization"},"potentialAction":[{"@type":"SearchAction","target":{"@type":"EntryPoint","urlTemplate":"https:\/\/gysfm.com.ar\/inicio\/?s={search_term_string}"},"query-input":{"@type":"PropertyValueSpecification","valueRequired":true,"valueName":"search_term_string"}}],"inLanguage":"es"},{"@type":"Organization","@id":"https:\/\/gysfm.com.ar\/inicio\/#organization","name":"GYS NOTICIAS |","url":"https:\/\/gysfm.com.ar\/inicio\/","logo":{"@type":"ImageObject","inLanguage":"es","@id":"https:\/\/gysfm.com.ar\/inicio\/#\/schema\/logo\/image\/","url":"https:\/\/gysfm.com.ar\/inicio\/wp-content\/uploads\/2023\/07\/LOGOGYS-OK.png","contentUrl":"https:\/\/gysfm.com.ar\/inicio\/wp-content\/uploads\/2023\/07\/LOGOGYS-OK.png","width":1170,"height":872,"caption":"GYS NOTICIAS |"},"image":{"@id":"https:\/\/gysfm.com.ar\/inicio\/#\/schema\/logo\/image\/"}},{"@type":"Person","@id":"https:\/\/gysfm.com.ar\/inicio\/#\/schema\/person\/3abba7593ef2ad19e1be221d54383dc5","name":"Prensa G&amp;S FM","image":{"@type":"ImageObject","inLanguage":"es","@id":"https:\/\/gysfm.com.ar\/inicio\/#\/schema\/person\/image\/","url":"https:\/\/secure.gravatar.com\/avatar\/096ec78df02049ab018702bb4ccedf659377fa92a26540b5247612077a0dbd29?s=96&d=mm&r=g","contentUrl":"https:\/\/secure.gravatar.com\/avatar\/096ec78df02049ab018702bb4ccedf659377fa92a26540b5247612077a0dbd29?s=96&d=mm&r=g","caption":"Prensa G&amp;S FM"},"sameAs":["https:\/\/gysfm.com.ar\/"],"url":"https:\/\/gysfm.com.ar\/inicio\/author\/lucasm\/"}]}},"_links":{"self":[{"href":"https:\/\/gysfm.com.ar\/inicio\/wp-json\/wp\/v2\/posts\/138643","targetHints":{"allow":["GET"]}}],"collection":[{"href":"https:\/\/gysfm.com.ar\/inicio\/wp-json\/wp\/v2\/posts"}],"about":[{"href":"https:\/\/gysfm.com.ar\/inicio\/wp-json\/wp\/v2\/types\/post"}],"author":[{"embeddable":true,"href":"https:\/\/gysfm.com.ar\/inicio\/wp-json\/wp\/v2\/users\/2"}],"replies":[{"embeddable":true,"href":"https:\/\/gysfm.com.ar\/inicio\/wp-json\/wp\/v2\/comments?post=138643"}],"version-history":[{"count":0,"href":"https:\/\/gysfm.com.ar\/inicio\/wp-json\/wp\/v2\/posts\/138643\/revisions"}],"wp:featuredmedia":[{"embeddable":true,"href":"https:\/\/gysfm.com.ar\/inicio\/wp-json\/wp\/v2\/media\/138644"}],"wp:attachment":[{"href":"https:\/\/gysfm.com.ar\/inicio\/wp-json\/wp\/v2\/media?parent=138643"}],"wp:term":[{"taxonomy":"category","embeddable":true,"href":"https:\/\/gysfm.com.ar\/inicio\/wp-json\/wp\/v2\/categories?post=138643"},{"taxonomy":"post_tag","embeddable":true,"href":"https:\/\/gysfm.com.ar\/inicio\/wp-json\/wp\/v2\/tags?post=138643"}],"curies":[{"name":"wp","href":"https:\/\/api.w.org\/{rel}","templated":true}]}}