{"id":138640,"date":"2025-07-23T06:56:14","date_gmt":"2025-07-23T09:56:14","guid":{"rendered":"https:\/\/gysfm.com.ar\/inicio\/quien-es-pilar-gamboa-la-actriz-que-deslumbro-en-la-serie-viudas-negras\/"},"modified":"2025-07-23T06:56:14","modified_gmt":"2025-07-23T09:56:14","slug":"quien-es-pilar-gamboa-la-actriz-que-deslumbro-en-la-serie-viudas-negras","status":"publish","type":"post","link":"https:\/\/gysfm.com.ar\/inicio\/quien-es-pilar-gamboa-la-actriz-que-deslumbro-en-la-serie-viudas-negras\/","title":{"rendered":"Qui\u00e9n es Pilar Gamboa, la actriz que deslumbr\u00f3 en la serie \u00abViudas Negras\u00bb"},"content":{"rendered":"<p><\/p>\n<div id=\"article-content\">\n<p><a target=\"_blank\" href=\"https:\/\/www.instagram.com\/pilargamboaa\/?hl=es-la\"><strong>Pilar Gamboa<\/strong><\/a> ha sido una de las actrices m\u00e1s renombradas en el \u00faltimo tiempo a ra\u00edz de grandes actuaciones en algunas series exitosas pero, sin lugar a dudas, ha terminado de cautivar al p\u00fablico con su deslumbrante papel en <em>Viudas negras,\u00a0p*tas y chorras<\/em>.\u00a0<\/p>\n<p><strong>La artista de 45 a\u00f1os interpreta a Maru<\/strong>, una mujer que lleva una vida m\u00e1s bien convencional en una lujosa casa de un barrio privado junto a su esposo. En paralelo, se desarrolla la historia de Mica (<a target=\"_blank\" href=\"https:\/\/exitoina.perfil.com\/noticias\/destacada\/franco-mercuriali-opino-filoso-malena-pichot-es-mejor-verla-trabajando-que-en-la-militancia-barata.phtml\">Malena Pichot<\/a>), quien logr\u00f3 abrir su propia peluquer\u00eda y se nutre de los chismes de sus clientas.\u00a0<\/p>\n<p>Sin embargo, ambas ocultan un pasado que quieren olvidar como \u00abviudas negras\u00bb pero al que se ven obligadas a volver para saldar una deuda con una vieja conocida y para evitar que su entorno conozca este lado de su historia.\u00a0<\/p>\n<div style=\"text-align:center\">\n<figure class=\"image\" style=\"display:inline-block\"><img decoding=\"async\" style=\"max-width: 100%; width: 100%;\" alt=\"Pilar Gamboa y Malena Pichot en Viudas Negras\" src=\"https:\/\/fotos.perfil.com\/\/2025\/07\/22\/900\/0\/pilar-gamboa-y-malena-pichot-en-viudas-negras-2066304.jpg\" loading=\"lazy\"\/>&#13;<figcaption>Pilar Gamboa y Malena Pichot en Viudas Negras<\/figcaption>&#13;<br \/>\n<\/figure>\n<\/div>\n<p>Esta historia y su incre\u00edble actuaci\u00f3n fueron las que generaron muy buenas cr\u00edticas en la red y que, hoy en d\u00eda, <strong>la serie se posicione como la serie m\u00e1s vista de la plataforma Flow<\/strong>.\u00a0<\/p>\n<h2>\u00bfQui\u00e9n es Pilar Gamboa?<\/h2>\n<p>La nacida el\u00a07 de abril de 1980, <strong>Pilar Gamboa, ha tenido una larga carrera en teatro, cine y televisi\u00f3n<\/strong>, logrando saltar a la fama con su participaci\u00f3n en \u00abLos \u00danicos\u00bb.\u00a0<\/p>\n<p>A su vez, es la codirectora y <strong>cofundadora del grupo teatral\u00a0Piel de Lava<\/strong>\u00a0junto a Elisa Carricajo, Valeria Correa y Laura Paredes, con quienes cre\u00f3 su \u00faltima obra \u00abParlamento\u00bb.\u00a0<\/p>\n<p>Sin embargo, fueron dos papeles los que la terminaron de hacer reconocida mundialmente. El primero lleg\u00f3 en 2023 cuando hizo de\u00a0<strong>Sof\u00eda Vega en la ficci\u00f3n de Netflix\u00a0\u201cDivisi\u00f3n Palermo\u201d<\/strong>, que acaba de estrenar su segunda temporada de la cual es parte. Aqu\u00ed ha hecho re\u00edr a los espectadores con un humor m\u00e1s oscuro e ir\u00f3nico.\u00a0<\/p>\n<div style=\"text-align:center\">\n<figure class=\"image\" style=\"display:inline-block\"><img decoding=\"async\" style=\"max-width: 100%; width: 100%;\" alt=\"Pilar Gamboa y Santiago Korovsky en Divisi\u00f3n Palermo\" src=\"https:\/\/fotos.perfil.com\/\/2025\/07\/22\/900\/0\/pilar-gamboa-y-santiago-korovsky-en-division-palermo-2066305.jpg\" loading=\"lazy\"\/>&#13;<figcaption>Pilar Gamboa y Santiago Korovsky en Divisi\u00f3n Palermo<\/figcaption>&#13;<br \/>\n<\/figure>\n<\/div>\n<p>Adem\u00e1s, para la misma plataforma, interpret\u00f3 a<strong> la hermana de Victoria en \u00abEnvidiosa\u00bb, Carolina,<\/strong>\u00a0por lo que logr\u00f3 lucirse junto a Griselda Siciliani, donde pudo mostrar lo multifac\u00e9tica que es.\u00a0<\/p>\n<div style=\"text-align:center\">\n<figure class=\"image\" style=\"display:inline-block\"><img decoding=\"async\" style=\"max-width: 100%; width: 100%;\" alt=\"Pilar Gamboa en Envidiosa\" src=\"https:\/\/fotos.perfil.com\/\/2025\/07\/22\/900\/0\/pilar-gamboa-en-envidiosa-2066307.jpg\" loading=\"lazy\"\/>&#13;<figcaption>Pilar Gamboa en Envidiosa<\/figcaption>&#13;<br \/>\n<\/figure>\n<\/div>\n<p>Hoy en d\u00eda, adem\u00e1s de su participaci\u00f3n en la serie de Flow, Adri\u00e1n Suar apost\u00f3 a ella para que se sume a su obra de teatro \u00abLas Hijas\u00bb donde har\u00e1 de hermana de\u00a0<strong>Julieta D\u00edaz y\u00a0Soledad Villamil. <\/strong>La misma se se estrenar\u00e1 el pr\u00f3ximo 11 de septiembre en el Teatro Maipo.\u00a0<\/p>\n<div style=\"text-align:center\">\n<figure class=\"image\" style=\"display:inline-block\"><img decoding=\"async\" style=\"max-width: 100%; width: 100%;\" alt=\"Pilar Gamboa en Las Hijas\" src=\"https:\/\/fotos.perfil.com\/\/2025\/07\/22\/900\/0\/pilar-gamboa-en-las-hijas-2066306.jpg\" loading=\"lazy\"\/>&#13;<figcaption>Pilar Gamboa,\u00a0Julieta D\u00edaz y\u00a0Soledad Villamil en Las Hijas<\/figcaption>&#13;<br \/>\n<\/figure>\n<\/div>\n<p>Seg\u00fan la caracteriz\u00f3 Laura Ubfal, es una \u00abpropuesta sensible y conmovedora que invita a reflexionar sobre los v\u00ednculos de madres e hijas, el amor y la memoria, a trav\u00e9s de una historia tan profunda como cercana\u00bb.\u00a0<\/p>\n<\/p><\/div>\n<p><script>\n\t(function(d, s, id) {\n\t\tvar js, fjs = d.getElementsByTagName(s)[0];\n\t\tif (d.getElementById(id)) return;\n\t\tjs = d.createElement(s);\n\t\tjs.id = id;\n\t\tjs.src=\"https:\/\/connect.facebook.net\/es_LA\/sdk.js#xfbml=1&version=v3.1\";\n\t\tfjs.parentNode.insertBefore(js, fjs);\n\t}(document, 'script', 'facebook-jssdk'));\n<\/script><script async src=\"\/\/www.instagram.com\/embed.js\"><\/script><\/p>\n","protected":false},"excerpt":{"rendered":"<p>Pilar Gamboa ha sido una de las actrices m\u00e1s renombradas en el \u00faltimo tiempo a ra\u00edz de grandes actuaciones en algunas series exitosas pero, sin lugar a dudas, ha terminado de cautivar al p\u00fablico con su deslumbrante papel en Viudas negras,\u00a0p*tas y chorras.\u00a0 La artista de 45 a\u00f1os interpreta a Maru, una mujer que lleva [&hellip;]<\/p>\n","protected":false},"author":2,"featured_media":138641,"comment_status":"closed","ping_status":"closed","sticky":false,"template":"","format":"standard","meta":{"footnotes":""},"categories":[25],"tags":[],"class_list":["post-138640","post","type-post","status-publish","format-standard","has-post-thumbnail","hentry","category-nacionales"],"yoast_head":"<!-- This site is optimized with the Yoast SEO plugin v24.4 - https:\/\/yoast.com\/wordpress\/plugins\/seo\/ -->\n<title>Qui\u00e9n es Pilar Gamboa, la actriz que deslumbr\u00f3 en la serie &quot;Viudas Negras&quot; - GYS NOTICIAS |<\/title>\n<meta name=\"robots\" content=\"index, follow, max-snippet:-1, max-image-preview:large, max-video-preview:-1\" \/>\n<link rel=\"canonical\" href=\"https:\/\/gysfm.com.ar\/inicio\/quien-es-pilar-gamboa-la-actriz-que-deslumbro-en-la-serie-viudas-negras\/\" \/>\n<meta property=\"og:locale\" content=\"es_ES\" \/>\n<meta property=\"og:type\" content=\"article\" \/>\n<meta property=\"og:title\" content=\"Qui\u00e9n es Pilar Gamboa, la actriz que deslumbr\u00f3 en la serie &quot;Viudas Negras&quot; - GYS NOTICIAS |\" \/>\n<meta property=\"og:description\" content=\"Pilar Gamboa ha sido una de las actrices m\u00e1s renombradas en el \u00faltimo tiempo a ra\u00edz de grandes actuaciones en algunas series exitosas pero, sin lugar a dudas, ha terminado de cautivar al p\u00fablico con su deslumbrante papel en Viudas negras,\u00a0p*tas y chorras.\u00a0 La artista de 45 a\u00f1os interpreta a Maru, una mujer que lleva [&hellip;]\" \/>\n<meta property=\"og:url\" content=\"https:\/\/gysfm.com.ar\/inicio\/quien-es-pilar-gamboa-la-actriz-que-deslumbro-en-la-serie-viudas-negras\/\" \/>\n<meta property=\"og:site_name\" content=\"GYS NOTICIAS |\" \/>\n<meta property=\"article:published_time\" content=\"2025-07-23T09:56:14+00:00\" \/>\n<meta property=\"og:image\" content=\"https:\/\/fotos.perfil.com\/\/2025\/07\/22\/900\/0\/pilar-gamboa-y-malena-pichot-en-viudas-negras-2066304.jpg\" \/>\n<meta name=\"author\" content=\"Prensa G&amp;S FM\" \/>\n<meta name=\"twitter:card\" content=\"summary_large_image\" \/>\n<meta name=\"twitter:label1\" content=\"Escrito por\" \/>\n\t<meta name=\"twitter:data1\" content=\"Prensa G&amp;S FM\" \/>\n\t<meta name=\"twitter:label2\" content=\"Tiempo de lectura\" \/>\n\t<meta name=\"twitter:data2\" content=\"2 minutos\" \/>\n<script type=\"application\/ld+json\" class=\"yoast-schema-graph\">{\"@context\":\"https:\/\/schema.org\",\"@graph\":[{\"@type\":\"Article\",\"@id\":\"https:\/\/gysfm.com.ar\/inicio\/quien-es-pilar-gamboa-la-actriz-que-deslumbro-en-la-serie-viudas-negras\/#article\",\"isPartOf\":{\"@id\":\"https:\/\/gysfm.com.ar\/inicio\/quien-es-pilar-gamboa-la-actriz-que-deslumbro-en-la-serie-viudas-negras\/\"},\"author\":{\"name\":\"Prensa G&amp;S FM\",\"@id\":\"https:\/\/gysfm.com.ar\/inicio\/#\/schema\/person\/3abba7593ef2ad19e1be221d54383dc5\"},\"headline\":\"Qui\u00e9n es Pilar Gamboa, la actriz que deslumbr\u00f3 en la serie \u00abViudas Negras\u00bb\",\"datePublished\":\"2025-07-23T09:56:14+00:00\",\"mainEntityOfPage\":{\"@id\":\"https:\/\/gysfm.com.ar\/inicio\/quien-es-pilar-gamboa-la-actriz-que-deslumbro-en-la-serie-viudas-negras\/\"},\"wordCount\":484,\"publisher\":{\"@id\":\"https:\/\/gysfm.com.ar\/inicio\/#organization\"},\"image\":{\"@id\":\"https:\/\/gysfm.com.ar\/inicio\/quien-es-pilar-gamboa-la-actriz-que-deslumbro-en-la-serie-viudas-negras\/#primaryimage\"},\"thumbnailUrl\":\"https:\/\/gysfm.com.ar\/inicio\/wp-content\/uploads\/2025\/07\/pilar-gamboa-2066297.jpg\",\"articleSection\":[\"NACIONALES\"],\"inLanguage\":\"es\"},{\"@type\":\"WebPage\",\"@id\":\"https:\/\/gysfm.com.ar\/inicio\/quien-es-pilar-gamboa-la-actriz-que-deslumbro-en-la-serie-viudas-negras\/\",\"url\":\"https:\/\/gysfm.com.ar\/inicio\/quien-es-pilar-gamboa-la-actriz-que-deslumbro-en-la-serie-viudas-negras\/\",\"name\":\"Qui\u00e9n es Pilar Gamboa, la actriz que deslumbr\u00f3 en la serie \\\"Viudas Negras\\\" - GYS NOTICIAS |\",\"isPartOf\":{\"@id\":\"https:\/\/gysfm.com.ar\/inicio\/#website\"},\"primaryImageOfPage\":{\"@id\":\"https:\/\/gysfm.com.ar\/inicio\/quien-es-pilar-gamboa-la-actriz-que-deslumbro-en-la-serie-viudas-negras\/#primaryimage\"},\"image\":{\"@id\":\"https:\/\/gysfm.com.ar\/inicio\/quien-es-pilar-gamboa-la-actriz-que-deslumbro-en-la-serie-viudas-negras\/#primaryimage\"},\"thumbnailUrl\":\"https:\/\/gysfm.com.ar\/inicio\/wp-content\/uploads\/2025\/07\/pilar-gamboa-2066297.jpg\",\"datePublished\":\"2025-07-23T09:56:14+00:00\",\"breadcrumb\":{\"@id\":\"https:\/\/gysfm.com.ar\/inicio\/quien-es-pilar-gamboa-la-actriz-que-deslumbro-en-la-serie-viudas-negras\/#breadcrumb\"},\"inLanguage\":\"es\",\"potentialAction\":[{\"@type\":\"ReadAction\",\"target\":[\"https:\/\/gysfm.com.ar\/inicio\/quien-es-pilar-gamboa-la-actriz-que-deslumbro-en-la-serie-viudas-negras\/\"]}]},{\"@type\":\"ImageObject\",\"inLanguage\":\"es\",\"@id\":\"https:\/\/gysfm.com.ar\/inicio\/quien-es-pilar-gamboa-la-actriz-que-deslumbro-en-la-serie-viudas-negras\/#primaryimage\",\"url\":\"https:\/\/gysfm.com.ar\/inicio\/wp-content\/uploads\/2025\/07\/pilar-gamboa-2066297.jpg\",\"contentUrl\":\"https:\/\/gysfm.com.ar\/inicio\/wp-content\/uploads\/2025\/07\/pilar-gamboa-2066297.jpg\",\"width\":1140,\"height\":641},{\"@type\":\"BreadcrumbList\",\"@id\":\"https:\/\/gysfm.com.ar\/inicio\/quien-es-pilar-gamboa-la-actriz-que-deslumbro-en-la-serie-viudas-negras\/#breadcrumb\",\"itemListElement\":[{\"@type\":\"ListItem\",\"position\":1,\"name\":\"Portada\",\"item\":\"https:\/\/gysfm.com.ar\/inicio\/\"},{\"@type\":\"ListItem\",\"position\":2,\"name\":\"Qui\u00e9n es Pilar Gamboa, la actriz que deslumbr\u00f3 en la serie \u00abViudas Negras\u00bb\"}]},{\"@type\":\"WebSite\",\"@id\":\"https:\/\/gysfm.com.ar\/inicio\/#website\",\"url\":\"https:\/\/gysfm.com.ar\/inicio\/\",\"name\":\"GYS NOTICIAS |\",\"description\":\"DIARIO - RADIO ONLINE SAN JUAN ARGENTINA\",\"publisher\":{\"@id\":\"https:\/\/gysfm.com.ar\/inicio\/#organization\"},\"potentialAction\":[{\"@type\":\"SearchAction\",\"target\":{\"@type\":\"EntryPoint\",\"urlTemplate\":\"https:\/\/gysfm.com.ar\/inicio\/?s={search_term_string}\"},\"query-input\":{\"@type\":\"PropertyValueSpecification\",\"valueRequired\":true,\"valueName\":\"search_term_string\"}}],\"inLanguage\":\"es\"},{\"@type\":\"Organization\",\"@id\":\"https:\/\/gysfm.com.ar\/inicio\/#organization\",\"name\":\"GYS NOTICIAS |\",\"url\":\"https:\/\/gysfm.com.ar\/inicio\/\",\"logo\":{\"@type\":\"ImageObject\",\"inLanguage\":\"es\",\"@id\":\"https:\/\/gysfm.com.ar\/inicio\/#\/schema\/logo\/image\/\",\"url\":\"https:\/\/gysfm.com.ar\/inicio\/wp-content\/uploads\/2023\/07\/LOGOGYS-OK.png\",\"contentUrl\":\"https:\/\/gysfm.com.ar\/inicio\/wp-content\/uploads\/2023\/07\/LOGOGYS-OK.png\",\"width\":1170,\"height\":872,\"caption\":\"GYS NOTICIAS |\"},\"image\":{\"@id\":\"https:\/\/gysfm.com.ar\/inicio\/#\/schema\/logo\/image\/\"}},{\"@type\":\"Person\",\"@id\":\"https:\/\/gysfm.com.ar\/inicio\/#\/schema\/person\/3abba7593ef2ad19e1be221d54383dc5\",\"name\":\"Prensa G&amp;S FM\",\"image\":{\"@type\":\"ImageObject\",\"inLanguage\":\"es\",\"@id\":\"https:\/\/gysfm.com.ar\/inicio\/#\/schema\/person\/image\/\",\"url\":\"https:\/\/secure.gravatar.com\/avatar\/096ec78df02049ab018702bb4ccedf659377fa92a26540b5247612077a0dbd29?s=96&d=mm&r=g\",\"contentUrl\":\"https:\/\/secure.gravatar.com\/avatar\/096ec78df02049ab018702bb4ccedf659377fa92a26540b5247612077a0dbd29?s=96&d=mm&r=g\",\"caption\":\"Prensa G&amp;S FM\"},\"sameAs\":[\"https:\/\/gysfm.com.ar\/\"],\"url\":\"https:\/\/gysfm.com.ar\/inicio\/author\/lucasm\/\"}]}<\/script>\n<!-- \/ Yoast SEO plugin. -->","yoast_head_json":{"title":"Qui\u00e9n es Pilar Gamboa, la actriz que deslumbr\u00f3 en la serie \"Viudas Negras\" - GYS NOTICIAS |","robots":{"index":"index","follow":"follow","max-snippet":"max-snippet:-1","max-image-preview":"max-image-preview:large","max-video-preview":"max-video-preview:-1"},"canonical":"https:\/\/gysfm.com.ar\/inicio\/quien-es-pilar-gamboa-la-actriz-que-deslumbro-en-la-serie-viudas-negras\/","og_locale":"es_ES","og_type":"article","og_title":"Qui\u00e9n es Pilar Gamboa, la actriz que deslumbr\u00f3 en la serie \"Viudas Negras\" - GYS NOTICIAS |","og_description":"Pilar Gamboa ha sido una de las actrices m\u00e1s renombradas en el \u00faltimo tiempo a ra\u00edz de grandes actuaciones en algunas series exitosas pero, sin lugar a dudas, ha terminado de cautivar al p\u00fablico con su deslumbrante papel en Viudas negras,\u00a0p*tas y chorras.\u00a0 La artista de 45 a\u00f1os interpreta a Maru, una mujer que lleva [&hellip;]","og_url":"https:\/\/gysfm.com.ar\/inicio\/quien-es-pilar-gamboa-la-actriz-que-deslumbro-en-la-serie-viudas-negras\/","og_site_name":"GYS NOTICIAS |","article_published_time":"2025-07-23T09:56:14+00:00","og_image":[{"url":"https:\/\/fotos.perfil.com\/\/2025\/07\/22\/900\/0\/pilar-gamboa-y-malena-pichot-en-viudas-negras-2066304.jpg","type":"","width":"","height":""}],"author":"Prensa G&amp;S FM","twitter_card":"summary_large_image","twitter_misc":{"Escrito por":"Prensa G&amp;S FM","Tiempo de lectura":"2 minutos"},"schema":{"@context":"https:\/\/schema.org","@graph":[{"@type":"Article","@id":"https:\/\/gysfm.com.ar\/inicio\/quien-es-pilar-gamboa-la-actriz-que-deslumbro-en-la-serie-viudas-negras\/#article","isPartOf":{"@id":"https:\/\/gysfm.com.ar\/inicio\/quien-es-pilar-gamboa-la-actriz-que-deslumbro-en-la-serie-viudas-negras\/"},"author":{"name":"Prensa G&amp;S FM","@id":"https:\/\/gysfm.com.ar\/inicio\/#\/schema\/person\/3abba7593ef2ad19e1be221d54383dc5"},"headline":"Qui\u00e9n es Pilar Gamboa, la actriz que deslumbr\u00f3 en la serie \u00abViudas Negras\u00bb","datePublished":"2025-07-23T09:56:14+00:00","mainEntityOfPage":{"@id":"https:\/\/gysfm.com.ar\/inicio\/quien-es-pilar-gamboa-la-actriz-que-deslumbro-en-la-serie-viudas-negras\/"},"wordCount":484,"publisher":{"@id":"https:\/\/gysfm.com.ar\/inicio\/#organization"},"image":{"@id":"https:\/\/gysfm.com.ar\/inicio\/quien-es-pilar-gamboa-la-actriz-que-deslumbro-en-la-serie-viudas-negras\/#primaryimage"},"thumbnailUrl":"https:\/\/gysfm.com.ar\/inicio\/wp-content\/uploads\/2025\/07\/pilar-gamboa-2066297.jpg","articleSection":["NACIONALES"],"inLanguage":"es"},{"@type":"WebPage","@id":"https:\/\/gysfm.com.ar\/inicio\/quien-es-pilar-gamboa-la-actriz-que-deslumbro-en-la-serie-viudas-negras\/","url":"https:\/\/gysfm.com.ar\/inicio\/quien-es-pilar-gamboa-la-actriz-que-deslumbro-en-la-serie-viudas-negras\/","name":"Qui\u00e9n es Pilar Gamboa, la actriz que deslumbr\u00f3 en la serie \"Viudas Negras\" - GYS NOTICIAS |","isPartOf":{"@id":"https:\/\/gysfm.com.ar\/inicio\/#website"},"primaryImageOfPage":{"@id":"https:\/\/gysfm.com.ar\/inicio\/quien-es-pilar-gamboa-la-actriz-que-deslumbro-en-la-serie-viudas-negras\/#primaryimage"},"image":{"@id":"https:\/\/gysfm.com.ar\/inicio\/quien-es-pilar-gamboa-la-actriz-que-deslumbro-en-la-serie-viudas-negras\/#primaryimage"},"thumbnailUrl":"https:\/\/gysfm.com.ar\/inicio\/wp-content\/uploads\/2025\/07\/pilar-gamboa-2066297.jpg","datePublished":"2025-07-23T09:56:14+00:00","breadcrumb":{"@id":"https:\/\/gysfm.com.ar\/inicio\/quien-es-pilar-gamboa-la-actriz-que-deslumbro-en-la-serie-viudas-negras\/#breadcrumb"},"inLanguage":"es","potentialAction":[{"@type":"ReadAction","target":["https:\/\/gysfm.com.ar\/inicio\/quien-es-pilar-gamboa-la-actriz-que-deslumbro-en-la-serie-viudas-negras\/"]}]},{"@type":"ImageObject","inLanguage":"es","@id":"https:\/\/gysfm.com.ar\/inicio\/quien-es-pilar-gamboa-la-actriz-que-deslumbro-en-la-serie-viudas-negras\/#primaryimage","url":"https:\/\/gysfm.com.ar\/inicio\/wp-content\/uploads\/2025\/07\/pilar-gamboa-2066297.jpg","contentUrl":"https:\/\/gysfm.com.ar\/inicio\/wp-content\/uploads\/2025\/07\/pilar-gamboa-2066297.jpg","width":1140,"height":641},{"@type":"BreadcrumbList","@id":"https:\/\/gysfm.com.ar\/inicio\/quien-es-pilar-gamboa-la-actriz-que-deslumbro-en-la-serie-viudas-negras\/#breadcrumb","itemListElement":[{"@type":"ListItem","position":1,"name":"Portada","item":"https:\/\/gysfm.com.ar\/inicio\/"},{"@type":"ListItem","position":2,"name":"Qui\u00e9n es Pilar Gamboa, la actriz que deslumbr\u00f3 en la serie \u00abViudas Negras\u00bb"}]},{"@type":"WebSite","@id":"https:\/\/gysfm.com.ar\/inicio\/#website","url":"https:\/\/gysfm.com.ar\/inicio\/","name":"GYS NOTICIAS |","description":"DIARIO - RADIO ONLINE SAN JUAN ARGENTINA","publisher":{"@id":"https:\/\/gysfm.com.ar\/inicio\/#organization"},"potentialAction":[{"@type":"SearchAction","target":{"@type":"EntryPoint","urlTemplate":"https:\/\/gysfm.com.ar\/inicio\/?s={search_term_string}"},"query-input":{"@type":"PropertyValueSpecification","valueRequired":true,"valueName":"search_term_string"}}],"inLanguage":"es"},{"@type":"Organization","@id":"https:\/\/gysfm.com.ar\/inicio\/#organization","name":"GYS NOTICIAS |","url":"https:\/\/gysfm.com.ar\/inicio\/","logo":{"@type":"ImageObject","inLanguage":"es","@id":"https:\/\/gysfm.com.ar\/inicio\/#\/schema\/logo\/image\/","url":"https:\/\/gysfm.com.ar\/inicio\/wp-content\/uploads\/2023\/07\/LOGOGYS-OK.png","contentUrl":"https:\/\/gysfm.com.ar\/inicio\/wp-content\/uploads\/2023\/07\/LOGOGYS-OK.png","width":1170,"height":872,"caption":"GYS NOTICIAS |"},"image":{"@id":"https:\/\/gysfm.com.ar\/inicio\/#\/schema\/logo\/image\/"}},{"@type":"Person","@id":"https:\/\/gysfm.com.ar\/inicio\/#\/schema\/person\/3abba7593ef2ad19e1be221d54383dc5","name":"Prensa G&amp;S FM","image":{"@type":"ImageObject","inLanguage":"es","@id":"https:\/\/gysfm.com.ar\/inicio\/#\/schema\/person\/image\/","url":"https:\/\/secure.gravatar.com\/avatar\/096ec78df02049ab018702bb4ccedf659377fa92a26540b5247612077a0dbd29?s=96&d=mm&r=g","contentUrl":"https:\/\/secure.gravatar.com\/avatar\/096ec78df02049ab018702bb4ccedf659377fa92a26540b5247612077a0dbd29?s=96&d=mm&r=g","caption":"Prensa G&amp;S FM"},"sameAs":["https:\/\/gysfm.com.ar\/"],"url":"https:\/\/gysfm.com.ar\/inicio\/author\/lucasm\/"}]}},"_links":{"self":[{"href":"https:\/\/gysfm.com.ar\/inicio\/wp-json\/wp\/v2\/posts\/138640","targetHints":{"allow":["GET"]}}],"collection":[{"href":"https:\/\/gysfm.com.ar\/inicio\/wp-json\/wp\/v2\/posts"}],"about":[{"href":"https:\/\/gysfm.com.ar\/inicio\/wp-json\/wp\/v2\/types\/post"}],"author":[{"embeddable":true,"href":"https:\/\/gysfm.com.ar\/inicio\/wp-json\/wp\/v2\/users\/2"}],"replies":[{"embeddable":true,"href":"https:\/\/gysfm.com.ar\/inicio\/wp-json\/wp\/v2\/comments?post=138640"}],"version-history":[{"count":0,"href":"https:\/\/gysfm.com.ar\/inicio\/wp-json\/wp\/v2\/posts\/138640\/revisions"}],"wp:featuredmedia":[{"embeddable":true,"href":"https:\/\/gysfm.com.ar\/inicio\/wp-json\/wp\/v2\/media\/138641"}],"wp:attachment":[{"href":"https:\/\/gysfm.com.ar\/inicio\/wp-json\/wp\/v2\/media?parent=138640"}],"wp:term":[{"taxonomy":"category","embeddable":true,"href":"https:\/\/gysfm.com.ar\/inicio\/wp-json\/wp\/v2\/categories?post=138640"},{"taxonomy":"post_tag","embeddable":true,"href":"https:\/\/gysfm.com.ar\/inicio\/wp-json\/wp\/v2\/tags?post=138640"}],"curies":[{"name":"wp","href":"https:\/\/api.w.org\/{rel}","templated":true}]}}