{"id":138634,"date":"2025-07-23T06:52:25","date_gmt":"2025-07-23T09:52:25","guid":{"rendered":"https:\/\/gysfm.com.ar\/inicio\/el-caso-del-argentino-detenido-en-alligator-alcatraz-llega-a-italia-piden-a-meloni-que-intervenga-por-su-liberacion\/"},"modified":"2025-07-23T06:52:25","modified_gmt":"2025-07-23T09:52:25","slug":"el-caso-del-argentino-detenido-en-alligator-alcatraz-llega-a-italia-piden-a-meloni-que-intervenga-por-su-liberacion","status":"publish","type":"post","link":"https:\/\/gysfm.com.ar\/inicio\/el-caso-del-argentino-detenido-en-alligator-alcatraz-llega-a-italia-piden-a-meloni-que-intervenga-por-su-liberacion\/","title":{"rendered":"El caso del argentino detenido en \u201cAlligator Alcatraz\u201d llega a Italia: piden a Meloni que intervenga por su liberaci\u00f3n"},"content":{"rendered":"<p> <br \/>\n<\/p>\n<div>\n<p class=\"com-paragraph  --capital --s\">WASHINGTON.- La <strong>detenci\u00f3n de dos ciudadanos italianos en \u201cAlligator Alcatraz\u201d<\/strong>, el nuevo centro de detenci\u00f3n de inmigrantes en los Everglades de Florida, est\u00e1 provocando<strong> cr\u00edticas de los legisladores en Italia<\/strong>, que piden al gobierno conservador de su pa\u00eds que se pronuncie.<\/p>\n<p class=\"com-paragraph   --s\">Gaetano Mirabella Costa y <a href=\"https:\/\/www.lanacion.com.ar\/estados-unidos\/migraciones\/la-historia-desconocida-del-argentino-detenido-por-el-ice-en-alligator-alcatraz-y-el-drama-familiar-nid14072025\/\" target=\"_self\" title=\"https:\/\/www.lanacion.com.ar\/estados-unidos\/migraciones\/la-historia-desconocida-del-argentino-detenido-por-el-ice-en-alligator-alcatraz-y-el-drama-familiar-nid14072025\/\" class=\"com-link\" data-mrf-recirculation=\"n_link_parrafo\">Fernando Artese (un argentino con ciudadan\u00eda italiana)<\/a> se encuentran recluidos en <a href=\"https:\/\/www.lanacion.com.ar\/estados-unidos\/florida\/polemica-en-alligator-alcatraz-denuncian-condiciones-horribles-y-la-alcaldesa-de-miami-dade-exige-nid10072025\/\" target=\"_self\" title=\"https:\/\/www.lanacion.com.ar\/estados-unidos\/florida\/polemica-en-alligator-alcatraz-denuncian-condiciones-horribles-y-la-alcaldesa-de-miami-dade-exige-nid10072025\/\" class=\"com-link\" data-mrf-recirculation=\"n_link_parrafo\"><strong>condiciones \u201cinhumanas y degradantes\u201d<\/strong><\/a><strong> <\/strong>en el centro, seg\u00fan declar\u00f3 en redes sociales Laura Boldrini, diputada del opositor Partido Democr\u00e1tico, quien<strong> presiona para que los hombres sean repatriados<\/strong>. Angelo Bonelli, del partido Verde Europa, afirm\u00f3 que los dos italianos hab\u00edan estado <strong>\u201cencerrados en jaulas, sin acceso a un abogado, privados de dignidad, agua y alimentaci\u00f3n decente\u201d<\/strong>.<\/p>\n<p class=\"com-paragraph   --s\">El ex primer ministro <strong>Matteo Renzi<\/strong>, ahora senador y l\u00edder del partido Italia Viva, <strong>acus\u00f3 al gobierno de Giorgia Meloni de mostrar deferencia hacia el presidente Donald Trump en lugar de actuar para \u201cdefender los derechos de un ciudadano italiano\u201d<\/strong>. <\/p>\n<p class=\"com-paragraph   --s\">Meloni, la l\u00edder italiana m\u00e1s conservadora en d\u00e9cadas, mantiene una de las <strong>mejores relaciones con Trump<\/strong> entre los mandatarios europeos. El Ministerio de Asuntos Exteriores no respondi\u00f3 de inmediato a la solicitud de comentarios.<\/p>\n<p class=\"com-paragraph   --s\">La vocera del Departamento de Seguridad Nacional, Tricia McLaughlin, confirm\u00f3 por correo electr\u00f3nico que los dos ciudadanos italianos est\u00e1n detenidos en el centro. Por su parte, funcionarios de Florida y legisladores republicanos que visitaron las instalaciones <strong>rechazaron los informes sobre las supuestas malas condiciones ah\u00ed<\/strong>.<\/p>\n<div class=\"content-media\">\n<section role=\"button\" class=\"mod-media   \">\n<figure role=\"button\" class=\"mod-figure \"><figcaption class=\"mod-figcaption\"><span class=\"com-text --caption --twoxs\">El presidente Donald Trump recorre un \u00e1rea reci\u00e9n construida para un campo de detenci\u00f3n con la secretaria de Seguridad Nacional, Kristi Noem, en primer plano, en el Aeropuerto de Entrenamiento y Transici\u00f3n Dade-Collier en Ochopee, Florida, el 1 de julio de 2025<\/span><span class=\"com-text --credit --twoxs\">DOUG MILLS &#8211; NYTNS<\/span><\/figcaption><\/figure>\n<\/section>\n<\/div>\n<p class=\"com-paragraph   --s\">El Servicio de Inmigraci\u00f3n y Control de Aduanas (ICE) ha intensificado los arrestos en los \u00faltimos meses, en l\u00ednea con el esfuerzo de Trump por cumplir su promesa de campa\u00f1a de realizar deportaciones masivas. Esta escalada en la represi\u00f3n ha generado preocupaci\u00f3n por <strong>posibles violaciones de derechos civiles y por las precarias condiciones en que se encuentran los detenidos<\/strong>.<\/p>\n<p class=\"com-paragraph   --s\">\u201cBajo la presidencia de Trump y la secretaria Noem, si infringes la ley, enfrentar\u00e1s las consecuencias\u201d, declar\u00f3 McLaughlin en un comunicado enviado por correo electr\u00f3nico. \u201cLos inmigrantes ilegales delincuentes no son bienvenidos en Estados Unidos\u201d.<\/p>\n<p class=\"com-paragraph   --s\">Seg\u00fan McLaughlin, Costa se qued\u00f3 en el pa\u00eds durante casi siete a\u00f1os despu\u00e9s de que <strong>expirara el plazo de su visa de turismo B2<\/strong>. <\/p>\n<div class=\"content-media\">\n<section role=\"button\" class=\"mod-media   \">\n<figure role=\"button\" class=\"mod-figure \"><figcaption class=\"mod-figcaption\"><span class=\"com-text --caption --twoxs\">Fernando Artese contaba con solo el  Sistema Electr\u00f3nico para la Autorizaci\u00f3n de Viaje (ESTA) por tener la ciudadan\u00eda italiana<\/span><span class=\"com-text --credit --twoxs\">archivo<\/span><\/figcaption><\/figure>\n<\/section>\n<\/div>\n<p class=\"com-paragraph   --s\">Por su parte, <strong>Artese ingres\u00f3 a Estados Unidos mediante el programa de exenci\u00f3n de visa, que le permit\u00eda una estancia de unos tres meses, pero permaneci\u00f3 en el pa\u00eds durante aproximadamente una d\u00e9cada<\/strong>, afirm\u00f3. <\/p>\n<p class=\"com-paragraph   --s\">El Departamento de Seguridad Nacional de Estados Unidos (DHS) inform\u00f3 que ambos <strong>fueron arrestados por presuntos delitos<\/strong>, aunque no respondi\u00f3 de inmediato a una solicitud de aclaraci\u00f3n sobre si alguno hab\u00eda sido condenado.<\/p>\n<p class=\"com-paragraph   --s\">El centro de detenci\u00f3n, conocido como \u201cAlligator Alcatraz\u201d por los republicanos de Florida y la administraci\u00f3n Trump, <strong>abri\u00f3 sus puertas el 3 de julio<\/strong> en los humedales del estado y, seg\u00fan funcionarios, <strong>podr\u00eda albergar a miles de migrantes a lo largo del a\u00f1o<\/strong>.<\/p>\n<div class=\"content-media\">\n<section role=\"button\" class=\"mod-media   \">\n<figure role=\"button\" class=\"mod-figure \"><figcaption class=\"mod-figcaption\"><span class=\"com-text --caption --twoxs\">El gobernador Ron DeSantis, republicano de Florida, escucha durante una mesa redonda en \u00abAlligator Alcatraz\u00bb, un nuevo centro de detenci\u00f3n de migrantes en el Centro de Capacitaci\u00f3n y Transici\u00f3n de Dade-Collier, el 1 de julio de 2025, en Ochopee, Florida<\/span><span class=\"com-text --credit --twoxs\">Evan Vucci  &#8211; AP <\/span><\/figcaption><\/figure>\n<\/section>\n<\/div>\n<p class=\"com-paragraph   --s\">El gobernador republicano de Florida, <strong>Ron DeSantis<\/strong>, tom\u00f3 el mes pasado el control del poco utilizado Aeropuerto de Entrenamiento y Transici\u00f3n Dade-Collier, ubicado en el sur del estado, para convertirlo en lo que denomin\u00f3 un <strong>\u201cespacio de detenci\u00f3n improvisado\u201d<\/strong>. El lugar cuenta con tiendas de campa\u00f1a para los detenidos, c\u00e1psulas para dormir destinadas a los guardias y generadores el\u00e9ctricos para el suministro de energ\u00eda.<\/p>\n<p><iframe src=\"https:\/\/www.google.com\/maps\/embed?pb=!1m18!1m12!1m3!1d459786.32103200164!2d-80.85914503159731!3d25.80091379200498!2m3!1f0!2f0!3f0!3m2!1i1024!2i768!4f13.1!3m3!1m2!1s0x88da26a7764093a7%3A0x5df8176b67b50a18!2sDade-Collier%20Training%20and%20Transition%20Airport!5e0!3m2!1ses!2sar!4v1753216272503!5m2!1ses!2sar\" width=\"600\" height=\"450\" style=\"border:0;\" allowfullscreen=\"\" loading=\"lazy\" referrerpolicy=\"no-referrer-when-downgrade\"><\/iframe><\/p>\n<p class=\"com-paragraph   --s\">Sin embargo, la semana pasada, detenidos y exempleados del centro relataron al <em>Washington Post<\/em> que <strong>el agua potable y para ba\u00f1arse era insuficiente<\/strong>, las tiendas de campa\u00f1a que cubr\u00edan las celdas, hechas con alambre de p\u00faas, no proteg\u00edan contra la lluvia, y las instalaciones estaban <strong>infestadas de mosquitos<\/strong>.<\/p>\n<p class=\"com-paragraph   --s\">Adem\u00e1s, en una demanda presentada la semana pasada, defensores de los derechos de los inmigrantes denunciaron que a los detenidos <strong>se les hab\u00eda negado el acceso a abogados<\/strong>, seg\u00fan un comunicado de prensa de la Uni\u00f3n Estadounidense por las Libertades Civiles de Florida.<\/p>\n<section class=\"container-center-100 mb-40 border border-bottom border-thin border-neutral-light-700\">\n<hr\/>\n<\/section>\n<\/div>\n\n","protected":false},"excerpt":{"rendered":"<p>WASHINGTON.- La detenci\u00f3n de dos ciudadanos italianos en \u201cAlligator Alcatraz\u201d, el nuevo centro de detenci\u00f3n de inmigrantes en los Everglades de Florida, est\u00e1 provocando cr\u00edticas de los legisladores en Italia, que piden al gobierno conservador de su pa\u00eds que se pronuncie. Gaetano Mirabella Costa y Fernando Artese (un argentino con ciudadan\u00eda italiana) se encuentran recluidos [&hellip;]<\/p>\n","protected":false},"author":2,"featured_media":138635,"comment_status":"closed","ping_status":"closed","sticky":false,"template":"","format":"standard","meta":{"footnotes":""},"categories":[26],"tags":[],"class_list":["post-138634","post","type-post","status-publish","format-standard","has-post-thumbnail","hentry","category-internacionales"],"yoast_head":"<!-- This site is optimized with the Yoast SEO plugin v24.4 - https:\/\/yoast.com\/wordpress\/plugins\/seo\/ -->\n<title>El caso del argentino detenido en \u201cAlligator Alcatraz\u201d llega a Italia: piden a Meloni que intervenga por su liberaci\u00f3n - GYS NOTICIAS |<\/title>\n<meta name=\"robots\" content=\"index, follow, max-snippet:-1, max-image-preview:large, max-video-preview:-1\" \/>\n<link rel=\"canonical\" href=\"https:\/\/gysfm.com.ar\/inicio\/el-caso-del-argentino-detenido-en-alligator-alcatraz-llega-a-italia-piden-a-meloni-que-intervenga-por-su-liberacion\/\" \/>\n<meta property=\"og:locale\" content=\"es_ES\" \/>\n<meta property=\"og:type\" content=\"article\" \/>\n<meta property=\"og:title\" content=\"El caso del argentino detenido en \u201cAlligator Alcatraz\u201d llega a Italia: piden a Meloni que intervenga por su liberaci\u00f3n - GYS NOTICIAS |\" \/>\n<meta property=\"og:description\" content=\"WASHINGTON.- La detenci\u00f3n de dos ciudadanos italianos en \u201cAlligator Alcatraz\u201d, el nuevo centro de detenci\u00f3n de inmigrantes en los Everglades de Florida, est\u00e1 provocando cr\u00edticas de los legisladores en Italia, que piden al gobierno conservador de su pa\u00eds que se pronuncie. Gaetano Mirabella Costa y Fernando Artese (un argentino con ciudadan\u00eda italiana) se encuentran recluidos [&hellip;]\" \/>\n<meta property=\"og:url\" content=\"https:\/\/gysfm.com.ar\/inicio\/el-caso-del-argentino-detenido-en-alligator-alcatraz-llega-a-italia-piden-a-meloni-que-intervenga-por-su-liberacion\/\" \/>\n<meta property=\"og:site_name\" content=\"GYS NOTICIAS |\" \/>\n<meta property=\"article:published_time\" content=\"2025-07-23T09:52:25+00:00\" \/>\n<meta property=\"og:image\" content=\"https:\/\/gysfm.com.ar\/inicio\/wp-content\/uploads\/2025\/07\/fernando-artese-ingreso-a-estados-unidos-con-el-OYNG4RHU3NETNBKRRAPX6BV7GE.jpg\" \/>\n\t<meta property=\"og:image:width\" content=\"1200\" \/>\n\t<meta property=\"og:image:height\" content=\"800\" \/>\n\t<meta property=\"og:image:type\" content=\"image\/jpeg\" \/>\n<meta name=\"author\" content=\"Prensa G&amp;S FM\" \/>\n<meta name=\"twitter:card\" content=\"summary_large_image\" \/>\n<meta name=\"twitter:label1\" content=\"Escrito por\" \/>\n\t<meta name=\"twitter:data1\" content=\"Prensa G&amp;S FM\" \/>\n\t<meta name=\"twitter:label2\" content=\"Tiempo de lectura\" \/>\n\t<meta name=\"twitter:data2\" content=\"4 minutos\" \/>\n<script type=\"application\/ld+json\" class=\"yoast-schema-graph\">{\"@context\":\"https:\/\/schema.org\",\"@graph\":[{\"@type\":\"Article\",\"@id\":\"https:\/\/gysfm.com.ar\/inicio\/el-caso-del-argentino-detenido-en-alligator-alcatraz-llega-a-italia-piden-a-meloni-que-intervenga-por-su-liberacion\/#article\",\"isPartOf\":{\"@id\":\"https:\/\/gysfm.com.ar\/inicio\/el-caso-del-argentino-detenido-en-alligator-alcatraz-llega-a-italia-piden-a-meloni-que-intervenga-por-su-liberacion\/\"},\"author\":{\"name\":\"Prensa G&amp;S FM\",\"@id\":\"https:\/\/gysfm.com.ar\/inicio\/#\/schema\/person\/3abba7593ef2ad19e1be221d54383dc5\"},\"headline\":\"El caso del argentino detenido en \u201cAlligator Alcatraz\u201d llega a Italia: piden a Meloni que intervenga por su liberaci\u00f3n\",\"datePublished\":\"2025-07-23T09:52:25+00:00\",\"mainEntityOfPage\":{\"@id\":\"https:\/\/gysfm.com.ar\/inicio\/el-caso-del-argentino-detenido-en-alligator-alcatraz-llega-a-italia-piden-a-meloni-que-intervenga-por-su-liberacion\/\"},\"wordCount\":802,\"publisher\":{\"@id\":\"https:\/\/gysfm.com.ar\/inicio\/#organization\"},\"image\":{\"@id\":\"https:\/\/gysfm.com.ar\/inicio\/el-caso-del-argentino-detenido-en-alligator-alcatraz-llega-a-italia-piden-a-meloni-que-intervenga-por-su-liberacion\/#primaryimage\"},\"thumbnailUrl\":\"https:\/\/gysfm.com.ar\/inicio\/wp-content\/uploads\/2025\/07\/fernando-artese-ingreso-a-estados-unidos-con-el-OYNG4RHU3NETNBKRRAPX6BV7GE.jpg\",\"articleSection\":[\"INTERNACIONALES\"],\"inLanguage\":\"es\"},{\"@type\":\"WebPage\",\"@id\":\"https:\/\/gysfm.com.ar\/inicio\/el-caso-del-argentino-detenido-en-alligator-alcatraz-llega-a-italia-piden-a-meloni-que-intervenga-por-su-liberacion\/\",\"url\":\"https:\/\/gysfm.com.ar\/inicio\/el-caso-del-argentino-detenido-en-alligator-alcatraz-llega-a-italia-piden-a-meloni-que-intervenga-por-su-liberacion\/\",\"name\":\"El caso del argentino detenido en \u201cAlligator Alcatraz\u201d llega a Italia: piden a Meloni que intervenga por su liberaci\u00f3n - GYS NOTICIAS |\",\"isPartOf\":{\"@id\":\"https:\/\/gysfm.com.ar\/inicio\/#website\"},\"primaryImageOfPage\":{\"@id\":\"https:\/\/gysfm.com.ar\/inicio\/el-caso-del-argentino-detenido-en-alligator-alcatraz-llega-a-italia-piden-a-meloni-que-intervenga-por-su-liberacion\/#primaryimage\"},\"image\":{\"@id\":\"https:\/\/gysfm.com.ar\/inicio\/el-caso-del-argentino-detenido-en-alligator-alcatraz-llega-a-italia-piden-a-meloni-que-intervenga-por-su-liberacion\/#primaryimage\"},\"thumbnailUrl\":\"https:\/\/gysfm.com.ar\/inicio\/wp-content\/uploads\/2025\/07\/fernando-artese-ingreso-a-estados-unidos-con-el-OYNG4RHU3NETNBKRRAPX6BV7GE.jpg\",\"datePublished\":\"2025-07-23T09:52:25+00:00\",\"breadcrumb\":{\"@id\":\"https:\/\/gysfm.com.ar\/inicio\/el-caso-del-argentino-detenido-en-alligator-alcatraz-llega-a-italia-piden-a-meloni-que-intervenga-por-su-liberacion\/#breadcrumb\"},\"inLanguage\":\"es\",\"potentialAction\":[{\"@type\":\"ReadAction\",\"target\":[\"https:\/\/gysfm.com.ar\/inicio\/el-caso-del-argentino-detenido-en-alligator-alcatraz-llega-a-italia-piden-a-meloni-que-intervenga-por-su-liberacion\/\"]}]},{\"@type\":\"ImageObject\",\"inLanguage\":\"es\",\"@id\":\"https:\/\/gysfm.com.ar\/inicio\/el-caso-del-argentino-detenido-en-alligator-alcatraz-llega-a-italia-piden-a-meloni-que-intervenga-por-su-liberacion\/#primaryimage\",\"url\":\"https:\/\/gysfm.com.ar\/inicio\/wp-content\/uploads\/2025\/07\/fernando-artese-ingreso-a-estados-unidos-con-el-OYNG4RHU3NETNBKRRAPX6BV7GE.jpg\",\"contentUrl\":\"https:\/\/gysfm.com.ar\/inicio\/wp-content\/uploads\/2025\/07\/fernando-artese-ingreso-a-estados-unidos-con-el-OYNG4RHU3NETNBKRRAPX6BV7GE.jpg\",\"width\":1200,\"height\":800},{\"@type\":\"BreadcrumbList\",\"@id\":\"https:\/\/gysfm.com.ar\/inicio\/el-caso-del-argentino-detenido-en-alligator-alcatraz-llega-a-italia-piden-a-meloni-que-intervenga-por-su-liberacion\/#breadcrumb\",\"itemListElement\":[{\"@type\":\"ListItem\",\"position\":1,\"name\":\"Portada\",\"item\":\"https:\/\/gysfm.com.ar\/inicio\/\"},{\"@type\":\"ListItem\",\"position\":2,\"name\":\"El caso del argentino detenido en \u201cAlligator Alcatraz\u201d llega a Italia: piden a Meloni que intervenga por su liberaci\u00f3n\"}]},{\"@type\":\"WebSite\",\"@id\":\"https:\/\/gysfm.com.ar\/inicio\/#website\",\"url\":\"https:\/\/gysfm.com.ar\/inicio\/\",\"name\":\"GYS NOTICIAS |\",\"description\":\"DIARIO - RADIO ONLINE SAN JUAN ARGENTINA\",\"publisher\":{\"@id\":\"https:\/\/gysfm.com.ar\/inicio\/#organization\"},\"potentialAction\":[{\"@type\":\"SearchAction\",\"target\":{\"@type\":\"EntryPoint\",\"urlTemplate\":\"https:\/\/gysfm.com.ar\/inicio\/?s={search_term_string}\"},\"query-input\":{\"@type\":\"PropertyValueSpecification\",\"valueRequired\":true,\"valueName\":\"search_term_string\"}}],\"inLanguage\":\"es\"},{\"@type\":\"Organization\",\"@id\":\"https:\/\/gysfm.com.ar\/inicio\/#organization\",\"name\":\"GYS NOTICIAS |\",\"url\":\"https:\/\/gysfm.com.ar\/inicio\/\",\"logo\":{\"@type\":\"ImageObject\",\"inLanguage\":\"es\",\"@id\":\"https:\/\/gysfm.com.ar\/inicio\/#\/schema\/logo\/image\/\",\"url\":\"https:\/\/gysfm.com.ar\/inicio\/wp-content\/uploads\/2023\/07\/LOGOGYS-OK.png\",\"contentUrl\":\"https:\/\/gysfm.com.ar\/inicio\/wp-content\/uploads\/2023\/07\/LOGOGYS-OK.png\",\"width\":1170,\"height\":872,\"caption\":\"GYS NOTICIAS |\"},\"image\":{\"@id\":\"https:\/\/gysfm.com.ar\/inicio\/#\/schema\/logo\/image\/\"}},{\"@type\":\"Person\",\"@id\":\"https:\/\/gysfm.com.ar\/inicio\/#\/schema\/person\/3abba7593ef2ad19e1be221d54383dc5\",\"name\":\"Prensa G&amp;S FM\",\"image\":{\"@type\":\"ImageObject\",\"inLanguage\":\"es\",\"@id\":\"https:\/\/gysfm.com.ar\/inicio\/#\/schema\/person\/image\/\",\"url\":\"https:\/\/secure.gravatar.com\/avatar\/096ec78df02049ab018702bb4ccedf659377fa92a26540b5247612077a0dbd29?s=96&d=mm&r=g\",\"contentUrl\":\"https:\/\/secure.gravatar.com\/avatar\/096ec78df02049ab018702bb4ccedf659377fa92a26540b5247612077a0dbd29?s=96&d=mm&r=g\",\"caption\":\"Prensa G&amp;S FM\"},\"sameAs\":[\"https:\/\/gysfm.com.ar\/\"],\"url\":\"https:\/\/gysfm.com.ar\/inicio\/author\/lucasm\/\"}]}<\/script>\n<!-- \/ Yoast SEO plugin. -->","yoast_head_json":{"title":"El caso del argentino detenido en \u201cAlligator Alcatraz\u201d llega a Italia: piden a Meloni que intervenga por su liberaci\u00f3n - GYS NOTICIAS |","robots":{"index":"index","follow":"follow","max-snippet":"max-snippet:-1","max-image-preview":"max-image-preview:large","max-video-preview":"max-video-preview:-1"},"canonical":"https:\/\/gysfm.com.ar\/inicio\/el-caso-del-argentino-detenido-en-alligator-alcatraz-llega-a-italia-piden-a-meloni-que-intervenga-por-su-liberacion\/","og_locale":"es_ES","og_type":"article","og_title":"El caso del argentino detenido en \u201cAlligator Alcatraz\u201d llega a Italia: piden a Meloni que intervenga por su liberaci\u00f3n - GYS NOTICIAS |","og_description":"WASHINGTON.- La detenci\u00f3n de dos ciudadanos italianos en \u201cAlligator Alcatraz\u201d, el nuevo centro de detenci\u00f3n de inmigrantes en los Everglades de Florida, est\u00e1 provocando cr\u00edticas de los legisladores en Italia, que piden al gobierno conservador de su pa\u00eds que se pronuncie. Gaetano Mirabella Costa y Fernando Artese (un argentino con ciudadan\u00eda italiana) se encuentran recluidos [&hellip;]","og_url":"https:\/\/gysfm.com.ar\/inicio\/el-caso-del-argentino-detenido-en-alligator-alcatraz-llega-a-italia-piden-a-meloni-que-intervenga-por-su-liberacion\/","og_site_name":"GYS NOTICIAS |","article_published_time":"2025-07-23T09:52:25+00:00","og_image":[{"width":1200,"height":800,"url":"https:\/\/gysfm.com.ar\/inicio\/wp-content\/uploads\/2025\/07\/fernando-artese-ingreso-a-estados-unidos-con-el-OYNG4RHU3NETNBKRRAPX6BV7GE.jpg","type":"image\/jpeg"}],"author":"Prensa G&amp;S FM","twitter_card":"summary_large_image","twitter_misc":{"Escrito por":"Prensa G&amp;S FM","Tiempo de lectura":"4 minutos"},"schema":{"@context":"https:\/\/schema.org","@graph":[{"@type":"Article","@id":"https:\/\/gysfm.com.ar\/inicio\/el-caso-del-argentino-detenido-en-alligator-alcatraz-llega-a-italia-piden-a-meloni-que-intervenga-por-su-liberacion\/#article","isPartOf":{"@id":"https:\/\/gysfm.com.ar\/inicio\/el-caso-del-argentino-detenido-en-alligator-alcatraz-llega-a-italia-piden-a-meloni-que-intervenga-por-su-liberacion\/"},"author":{"name":"Prensa G&amp;S FM","@id":"https:\/\/gysfm.com.ar\/inicio\/#\/schema\/person\/3abba7593ef2ad19e1be221d54383dc5"},"headline":"El caso del argentino detenido en \u201cAlligator Alcatraz\u201d llega a Italia: piden a Meloni que intervenga por su liberaci\u00f3n","datePublished":"2025-07-23T09:52:25+00:00","mainEntityOfPage":{"@id":"https:\/\/gysfm.com.ar\/inicio\/el-caso-del-argentino-detenido-en-alligator-alcatraz-llega-a-italia-piden-a-meloni-que-intervenga-por-su-liberacion\/"},"wordCount":802,"publisher":{"@id":"https:\/\/gysfm.com.ar\/inicio\/#organization"},"image":{"@id":"https:\/\/gysfm.com.ar\/inicio\/el-caso-del-argentino-detenido-en-alligator-alcatraz-llega-a-italia-piden-a-meloni-que-intervenga-por-su-liberacion\/#primaryimage"},"thumbnailUrl":"https:\/\/gysfm.com.ar\/inicio\/wp-content\/uploads\/2025\/07\/fernando-artese-ingreso-a-estados-unidos-con-el-OYNG4RHU3NETNBKRRAPX6BV7GE.jpg","articleSection":["INTERNACIONALES"],"inLanguage":"es"},{"@type":"WebPage","@id":"https:\/\/gysfm.com.ar\/inicio\/el-caso-del-argentino-detenido-en-alligator-alcatraz-llega-a-italia-piden-a-meloni-que-intervenga-por-su-liberacion\/","url":"https:\/\/gysfm.com.ar\/inicio\/el-caso-del-argentino-detenido-en-alligator-alcatraz-llega-a-italia-piden-a-meloni-que-intervenga-por-su-liberacion\/","name":"El caso del argentino detenido en \u201cAlligator Alcatraz\u201d llega a Italia: piden a Meloni que intervenga por su liberaci\u00f3n - GYS NOTICIAS |","isPartOf":{"@id":"https:\/\/gysfm.com.ar\/inicio\/#website"},"primaryImageOfPage":{"@id":"https:\/\/gysfm.com.ar\/inicio\/el-caso-del-argentino-detenido-en-alligator-alcatraz-llega-a-italia-piden-a-meloni-que-intervenga-por-su-liberacion\/#primaryimage"},"image":{"@id":"https:\/\/gysfm.com.ar\/inicio\/el-caso-del-argentino-detenido-en-alligator-alcatraz-llega-a-italia-piden-a-meloni-que-intervenga-por-su-liberacion\/#primaryimage"},"thumbnailUrl":"https:\/\/gysfm.com.ar\/inicio\/wp-content\/uploads\/2025\/07\/fernando-artese-ingreso-a-estados-unidos-con-el-OYNG4RHU3NETNBKRRAPX6BV7GE.jpg","datePublished":"2025-07-23T09:52:25+00:00","breadcrumb":{"@id":"https:\/\/gysfm.com.ar\/inicio\/el-caso-del-argentino-detenido-en-alligator-alcatraz-llega-a-italia-piden-a-meloni-que-intervenga-por-su-liberacion\/#breadcrumb"},"inLanguage":"es","potentialAction":[{"@type":"ReadAction","target":["https:\/\/gysfm.com.ar\/inicio\/el-caso-del-argentino-detenido-en-alligator-alcatraz-llega-a-italia-piden-a-meloni-que-intervenga-por-su-liberacion\/"]}]},{"@type":"ImageObject","inLanguage":"es","@id":"https:\/\/gysfm.com.ar\/inicio\/el-caso-del-argentino-detenido-en-alligator-alcatraz-llega-a-italia-piden-a-meloni-que-intervenga-por-su-liberacion\/#primaryimage","url":"https:\/\/gysfm.com.ar\/inicio\/wp-content\/uploads\/2025\/07\/fernando-artese-ingreso-a-estados-unidos-con-el-OYNG4RHU3NETNBKRRAPX6BV7GE.jpg","contentUrl":"https:\/\/gysfm.com.ar\/inicio\/wp-content\/uploads\/2025\/07\/fernando-artese-ingreso-a-estados-unidos-con-el-OYNG4RHU3NETNBKRRAPX6BV7GE.jpg","width":1200,"height":800},{"@type":"BreadcrumbList","@id":"https:\/\/gysfm.com.ar\/inicio\/el-caso-del-argentino-detenido-en-alligator-alcatraz-llega-a-italia-piden-a-meloni-que-intervenga-por-su-liberacion\/#breadcrumb","itemListElement":[{"@type":"ListItem","position":1,"name":"Portada","item":"https:\/\/gysfm.com.ar\/inicio\/"},{"@type":"ListItem","position":2,"name":"El caso del argentino detenido en \u201cAlligator Alcatraz\u201d llega a Italia: piden a Meloni que intervenga por su liberaci\u00f3n"}]},{"@type":"WebSite","@id":"https:\/\/gysfm.com.ar\/inicio\/#website","url":"https:\/\/gysfm.com.ar\/inicio\/","name":"GYS NOTICIAS |","description":"DIARIO - RADIO ONLINE SAN JUAN ARGENTINA","publisher":{"@id":"https:\/\/gysfm.com.ar\/inicio\/#organization"},"potentialAction":[{"@type":"SearchAction","target":{"@type":"EntryPoint","urlTemplate":"https:\/\/gysfm.com.ar\/inicio\/?s={search_term_string}"},"query-input":{"@type":"PropertyValueSpecification","valueRequired":true,"valueName":"search_term_string"}}],"inLanguage":"es"},{"@type":"Organization","@id":"https:\/\/gysfm.com.ar\/inicio\/#organization","name":"GYS NOTICIAS |","url":"https:\/\/gysfm.com.ar\/inicio\/","logo":{"@type":"ImageObject","inLanguage":"es","@id":"https:\/\/gysfm.com.ar\/inicio\/#\/schema\/logo\/image\/","url":"https:\/\/gysfm.com.ar\/inicio\/wp-content\/uploads\/2023\/07\/LOGOGYS-OK.png","contentUrl":"https:\/\/gysfm.com.ar\/inicio\/wp-content\/uploads\/2023\/07\/LOGOGYS-OK.png","width":1170,"height":872,"caption":"GYS NOTICIAS |"},"image":{"@id":"https:\/\/gysfm.com.ar\/inicio\/#\/schema\/logo\/image\/"}},{"@type":"Person","@id":"https:\/\/gysfm.com.ar\/inicio\/#\/schema\/person\/3abba7593ef2ad19e1be221d54383dc5","name":"Prensa G&amp;S FM","image":{"@type":"ImageObject","inLanguage":"es","@id":"https:\/\/gysfm.com.ar\/inicio\/#\/schema\/person\/image\/","url":"https:\/\/secure.gravatar.com\/avatar\/096ec78df02049ab018702bb4ccedf659377fa92a26540b5247612077a0dbd29?s=96&d=mm&r=g","contentUrl":"https:\/\/secure.gravatar.com\/avatar\/096ec78df02049ab018702bb4ccedf659377fa92a26540b5247612077a0dbd29?s=96&d=mm&r=g","caption":"Prensa G&amp;S FM"},"sameAs":["https:\/\/gysfm.com.ar\/"],"url":"https:\/\/gysfm.com.ar\/inicio\/author\/lucasm\/"}]}},"_links":{"self":[{"href":"https:\/\/gysfm.com.ar\/inicio\/wp-json\/wp\/v2\/posts\/138634","targetHints":{"allow":["GET"]}}],"collection":[{"href":"https:\/\/gysfm.com.ar\/inicio\/wp-json\/wp\/v2\/posts"}],"about":[{"href":"https:\/\/gysfm.com.ar\/inicio\/wp-json\/wp\/v2\/types\/post"}],"author":[{"embeddable":true,"href":"https:\/\/gysfm.com.ar\/inicio\/wp-json\/wp\/v2\/users\/2"}],"replies":[{"embeddable":true,"href":"https:\/\/gysfm.com.ar\/inicio\/wp-json\/wp\/v2\/comments?post=138634"}],"version-history":[{"count":1,"href":"https:\/\/gysfm.com.ar\/inicio\/wp-json\/wp\/v2\/posts\/138634\/revisions"}],"predecessor-version":[{"id":138636,"href":"https:\/\/gysfm.com.ar\/inicio\/wp-json\/wp\/v2\/posts\/138634\/revisions\/138636"}],"wp:featuredmedia":[{"embeddable":true,"href":"https:\/\/gysfm.com.ar\/inicio\/wp-json\/wp\/v2\/media\/138635"}],"wp:attachment":[{"href":"https:\/\/gysfm.com.ar\/inicio\/wp-json\/wp\/v2\/media?parent=138634"}],"wp:term":[{"taxonomy":"category","embeddable":true,"href":"https:\/\/gysfm.com.ar\/inicio\/wp-json\/wp\/v2\/categories?post=138634"},{"taxonomy":"post_tag","embeddable":true,"href":"https:\/\/gysfm.com.ar\/inicio\/wp-json\/wp\/v2\/tags?post=138634"}],"curies":[{"name":"wp","href":"https:\/\/api.w.org\/{rel}","templated":true}]}}