{"id":138632,"date":"2025-07-23T06:21:06","date_gmt":"2025-07-23T09:21:06","guid":{"rendered":"https:\/\/gysfm.com.ar\/inicio\/el-deseo-de-alex-caniggia-de-tener-otro-hijo-junto-a-melody-luz\/"},"modified":"2025-07-23T06:21:06","modified_gmt":"2025-07-23T09:21:06","slug":"el-deseo-de-alex-caniggia-de-tener-otro-hijo-junto-a-melody-luz","status":"publish","type":"post","link":"https:\/\/gysfm.com.ar\/inicio\/el-deseo-de-alex-caniggia-de-tener-otro-hijo-junto-a-melody-luz\/","title":{"rendered":"El deseo de Alex Caniggia de tener otro hijo junto a Melody Luz"},"content":{"rendered":"<p><\/p>\n<div id=\"article-content\">\n<p><strong><a target=\"_blank\" href=\"https:\/\/exitoina.perfil.com\/noticias\/corazon\/el-romantico-posteo-de-alex-caniggia-para-melody-luz-tras-su-interna-familiar-no-hay-mas-despedidas.phtml\">Alex Caniggia<\/a> se reconcili\u00f3 con <a target=\"_blank\" href=\"https:\/\/exitoina.perfil.com\/noticias\/destacada\/alex-caniggia-dejo-seguir-charlotte-caniggia-tras-cruce-con-melody-luz-no-metan-con-familia.phtml\">Melody Luz<\/a> <\/strong>y ya se encuentra haciendo planes para agrandar su familia d\u00e1ndole un hermanito a Venezia.\u00a0<\/p>\n<p>En una publicaci\u00f3n en Instagram, cautiv\u00f3 a sus seguidores mediante un video donde la interroga: <strong>\u00ab\u00bfVos ya est\u00e1s pidiendo un hermanito no? \u00bfQu\u00e9res que venga Georgio? S\u00ed, me parece que s\u00ed\u00bb<\/strong>.\u00a0<\/p>\n<p>Sin embargo, la ni\u00f1a mir\u00f3 a su madre quien negaba con la cabeza y replic\u00f3 este movimiento. Entonces, Alex la acus\u00f3: <strong>\u00abFuiste vos quien dijiste que no\u00bb<\/strong>.<\/p>\n<p><iframe id=\"vrudo\" class=\"vrudo\" src=\"https:\/\/rudo.video\/vod\/bUEuGD?volume=0\" width=\"100%\" height=\"100%\" allowscriptaccess=\"always\" allowfullscreen=\"true\" webkitallowfullscreen=\"true\" frameborder=\"0\" scrolling=\"no\" allow=\"autoplay; fullscreen\" loading=\"lazy\"><\/iframe><\/p>\n<p>De esta manera,<strong> el hermano de Charlotte Caniggia dej\u00f3 ver su deseo por tener un ni\u00f1o m\u00e1s <\/strong>pero restar\u00e1 ver si coincide con el de Melody Luz.\u00a0<\/p>\n<h2>\u00bfQu\u00e9 le escribi\u00f3 Alex Caniggia a Melody Luz?<\/h2>\n<p>Junto a dos im\u00e1genes donde se ven sus siluetas, el medi\u00e1tico escribi\u00f3:\u00a0<strong>\u00abNos perdimos, nos doli\u00f3, lloramos, nos extra\u00f1amos mucho en silencio\u2026 pero el AMOR fue m\u00e1s fuerte\u00bb,\u00a0<\/strong>y sum\u00f3:\u00a0<strong>\u00abVolvimos, despu\u00e9s de todo. Y no fue casualidad, fue destino. Porque lo que es real no se rompe, solo se pone a prueba\u00bb.<\/strong><\/p>\n<p>\u00abHoy te tengo de nuevo AMOR DE MI VIDA, y te valoro como nunca. Prometo cuidarte, amarte y no soltarte jam\u00e1s. Esta vez, para siempre porque sos el AMOR de mi VIDA, Ping\u00fci, mi refugio y mi casa\u00bb<strong>,\u00a0<\/strong>continu\u00f3\u00a0<strong>Alex Caniggia\u00a0<\/strong>y cerr\u00f3 su mensaje para\u00a0<strong>Melody Luz\u00a0<\/strong>escribiendo:\u00a0<strong>\u00abNo hay m\u00e1s despedidas para nosotros\u2026 solo AMOR, PARA SIEMPRE.\u00a0<\/strong>Que hablen. Nosotros sabemos y nada m\u00e1s importa. Te amo\u00bb.<\/p>\n<\/p><\/div>\n<p><script>\n\t(function(d, s, id) {\n\t\tvar js, fjs = d.getElementsByTagName(s)[0];\n\t\tif (d.getElementById(id)) return;\n\t\tjs = d.createElement(s);\n\t\tjs.id = id;\n\t\tjs.src=\"https:\/\/connect.facebook.net\/es_LA\/sdk.js#xfbml=1&version=v3.1\";\n\t\tfjs.parentNode.insertBefore(js, fjs);\n\t}(document, 'script', 'facebook-jssdk'));\n<\/script><\/p>\n","protected":false},"excerpt":{"rendered":"<p>Alex Caniggia se reconcili\u00f3 con Melody Luz y ya se encuentra haciendo planes para agrandar su familia d\u00e1ndole un hermanito a Venezia.\u00a0 En una publicaci\u00f3n en Instagram, cautiv\u00f3 a sus seguidores mediante un video donde la interroga: \u00ab\u00bfVos ya est\u00e1s pidiendo un hermanito no? \u00bfQu\u00e9res que venga Georgio? S\u00ed, me parece que s\u00ed\u00bb.\u00a0 Sin embargo, [&hellip;]<\/p>\n","protected":false},"author":2,"featured_media":138633,"comment_status":"closed","ping_status":"closed","sticky":false,"template":"","format":"standard","meta":{"footnotes":""},"categories":[25],"tags":[],"class_list":["post-138632","post","type-post","status-publish","format-standard","has-post-thumbnail","hentry","category-nacionales"],"yoast_head":"<!-- This site is optimized with the Yoast SEO plugin v24.4 - https:\/\/yoast.com\/wordpress\/plugins\/seo\/ -->\n<title>El deseo de Alex Caniggia de tener otro hijo junto a Melody Luz - GYS NOTICIAS |<\/title>\n<meta name=\"robots\" content=\"index, follow, max-snippet:-1, max-image-preview:large, max-video-preview:-1\" \/>\n<link rel=\"canonical\" href=\"https:\/\/gysfm.com.ar\/inicio\/el-deseo-de-alex-caniggia-de-tener-otro-hijo-junto-a-melody-luz\/\" \/>\n<meta property=\"og:locale\" content=\"es_ES\" \/>\n<meta property=\"og:type\" content=\"article\" \/>\n<meta property=\"og:title\" content=\"El deseo de Alex Caniggia de tener otro hijo junto a Melody Luz - GYS NOTICIAS |\" \/>\n<meta property=\"og:description\" content=\"Alex Caniggia se reconcili\u00f3 con Melody Luz y ya se encuentra haciendo planes para agrandar su familia d\u00e1ndole un hermanito a Venezia.\u00a0 En una publicaci\u00f3n en Instagram, cautiv\u00f3 a sus seguidores mediante un video donde la interroga: \u00ab\u00bfVos ya est\u00e1s pidiendo un hermanito no? \u00bfQu\u00e9res que venga Georgio? S\u00ed, me parece que s\u00ed\u00bb.\u00a0 Sin embargo, [&hellip;]\" \/>\n<meta property=\"og:url\" content=\"https:\/\/gysfm.com.ar\/inicio\/el-deseo-de-alex-caniggia-de-tener-otro-hijo-junto-a-melody-luz\/\" \/>\n<meta property=\"og:site_name\" content=\"GYS NOTICIAS |\" \/>\n<meta property=\"article:published_time\" content=\"2025-07-23T09:21:06+00:00\" \/>\n<meta name=\"author\" content=\"Prensa G&amp;S FM\" \/>\n<meta name=\"twitter:card\" content=\"summary_large_image\" \/>\n<meta name=\"twitter:label1\" content=\"Escrito por\" \/>\n\t<meta name=\"twitter:data1\" content=\"Prensa G&amp;S FM\" \/>\n\t<meta name=\"twitter:label2\" content=\"Tiempo de lectura\" \/>\n\t<meta name=\"twitter:data2\" content=\"1 minuto\" \/>\n<script type=\"application\/ld+json\" class=\"yoast-schema-graph\">{\"@context\":\"https:\/\/schema.org\",\"@graph\":[{\"@type\":\"Article\",\"@id\":\"https:\/\/gysfm.com.ar\/inicio\/el-deseo-de-alex-caniggia-de-tener-otro-hijo-junto-a-melody-luz\/#article\",\"isPartOf\":{\"@id\":\"https:\/\/gysfm.com.ar\/inicio\/el-deseo-de-alex-caniggia-de-tener-otro-hijo-junto-a-melody-luz\/\"},\"author\":{\"name\":\"Prensa G&amp;S FM\",\"@id\":\"https:\/\/gysfm.com.ar\/inicio\/#\/schema\/person\/3abba7593ef2ad19e1be221d54383dc5\"},\"headline\":\"El deseo de Alex Caniggia de tener otro hijo junto a Melody Luz\",\"datePublished\":\"2025-07-23T09:21:06+00:00\",\"mainEntityOfPage\":{\"@id\":\"https:\/\/gysfm.com.ar\/inicio\/el-deseo-de-alex-caniggia-de-tener-otro-hijo-junto-a-melody-luz\/\"},\"wordCount\":266,\"publisher\":{\"@id\":\"https:\/\/gysfm.com.ar\/inicio\/#organization\"},\"image\":{\"@id\":\"https:\/\/gysfm.com.ar\/inicio\/el-deseo-de-alex-caniggia-de-tener-otro-hijo-junto-a-melody-luz\/#primaryimage\"},\"thumbnailUrl\":\"https:\/\/gysfm.com.ar\/inicio\/wp-content\/uploads\/2025\/07\/alex-caniggia-melody-luz-y-venezia-2066331.jpg\",\"articleSection\":[\"NACIONALES\"],\"inLanguage\":\"es\"},{\"@type\":\"WebPage\",\"@id\":\"https:\/\/gysfm.com.ar\/inicio\/el-deseo-de-alex-caniggia-de-tener-otro-hijo-junto-a-melody-luz\/\",\"url\":\"https:\/\/gysfm.com.ar\/inicio\/el-deseo-de-alex-caniggia-de-tener-otro-hijo-junto-a-melody-luz\/\",\"name\":\"El deseo de Alex Caniggia de tener otro hijo junto a Melody Luz - GYS NOTICIAS |\",\"isPartOf\":{\"@id\":\"https:\/\/gysfm.com.ar\/inicio\/#website\"},\"primaryImageOfPage\":{\"@id\":\"https:\/\/gysfm.com.ar\/inicio\/el-deseo-de-alex-caniggia-de-tener-otro-hijo-junto-a-melody-luz\/#primaryimage\"},\"image\":{\"@id\":\"https:\/\/gysfm.com.ar\/inicio\/el-deseo-de-alex-caniggia-de-tener-otro-hijo-junto-a-melody-luz\/#primaryimage\"},\"thumbnailUrl\":\"https:\/\/gysfm.com.ar\/inicio\/wp-content\/uploads\/2025\/07\/alex-caniggia-melody-luz-y-venezia-2066331.jpg\",\"datePublished\":\"2025-07-23T09:21:06+00:00\",\"breadcrumb\":{\"@id\":\"https:\/\/gysfm.com.ar\/inicio\/el-deseo-de-alex-caniggia-de-tener-otro-hijo-junto-a-melody-luz\/#breadcrumb\"},\"inLanguage\":\"es\",\"potentialAction\":[{\"@type\":\"ReadAction\",\"target\":[\"https:\/\/gysfm.com.ar\/inicio\/el-deseo-de-alex-caniggia-de-tener-otro-hijo-junto-a-melody-luz\/\"]}]},{\"@type\":\"ImageObject\",\"inLanguage\":\"es\",\"@id\":\"https:\/\/gysfm.com.ar\/inicio\/el-deseo-de-alex-caniggia-de-tener-otro-hijo-junto-a-melody-luz\/#primaryimage\",\"url\":\"https:\/\/gysfm.com.ar\/inicio\/wp-content\/uploads\/2025\/07\/alex-caniggia-melody-luz-y-venezia-2066331.jpg\",\"contentUrl\":\"https:\/\/gysfm.com.ar\/inicio\/wp-content\/uploads\/2025\/07\/alex-caniggia-melody-luz-y-venezia-2066331.jpg\",\"width\":1140,\"height\":641},{\"@type\":\"BreadcrumbList\",\"@id\":\"https:\/\/gysfm.com.ar\/inicio\/el-deseo-de-alex-caniggia-de-tener-otro-hijo-junto-a-melody-luz\/#breadcrumb\",\"itemListElement\":[{\"@type\":\"ListItem\",\"position\":1,\"name\":\"Portada\",\"item\":\"https:\/\/gysfm.com.ar\/inicio\/\"},{\"@type\":\"ListItem\",\"position\":2,\"name\":\"El deseo de Alex Caniggia de tener otro hijo junto a Melody Luz\"}]},{\"@type\":\"WebSite\",\"@id\":\"https:\/\/gysfm.com.ar\/inicio\/#website\",\"url\":\"https:\/\/gysfm.com.ar\/inicio\/\",\"name\":\"GYS NOTICIAS |\",\"description\":\"DIARIO - RADIO ONLINE SAN JUAN ARGENTINA\",\"publisher\":{\"@id\":\"https:\/\/gysfm.com.ar\/inicio\/#organization\"},\"potentialAction\":[{\"@type\":\"SearchAction\",\"target\":{\"@type\":\"EntryPoint\",\"urlTemplate\":\"https:\/\/gysfm.com.ar\/inicio\/?s={search_term_string}\"},\"query-input\":{\"@type\":\"PropertyValueSpecification\",\"valueRequired\":true,\"valueName\":\"search_term_string\"}}],\"inLanguage\":\"es\"},{\"@type\":\"Organization\",\"@id\":\"https:\/\/gysfm.com.ar\/inicio\/#organization\",\"name\":\"GYS NOTICIAS |\",\"url\":\"https:\/\/gysfm.com.ar\/inicio\/\",\"logo\":{\"@type\":\"ImageObject\",\"inLanguage\":\"es\",\"@id\":\"https:\/\/gysfm.com.ar\/inicio\/#\/schema\/logo\/image\/\",\"url\":\"https:\/\/gysfm.com.ar\/inicio\/wp-content\/uploads\/2023\/07\/LOGOGYS-OK.png\",\"contentUrl\":\"https:\/\/gysfm.com.ar\/inicio\/wp-content\/uploads\/2023\/07\/LOGOGYS-OK.png\",\"width\":1170,\"height\":872,\"caption\":\"GYS NOTICIAS |\"},\"image\":{\"@id\":\"https:\/\/gysfm.com.ar\/inicio\/#\/schema\/logo\/image\/\"}},{\"@type\":\"Person\",\"@id\":\"https:\/\/gysfm.com.ar\/inicio\/#\/schema\/person\/3abba7593ef2ad19e1be221d54383dc5\",\"name\":\"Prensa G&amp;S FM\",\"image\":{\"@type\":\"ImageObject\",\"inLanguage\":\"es\",\"@id\":\"https:\/\/gysfm.com.ar\/inicio\/#\/schema\/person\/image\/\",\"url\":\"https:\/\/secure.gravatar.com\/avatar\/096ec78df02049ab018702bb4ccedf659377fa92a26540b5247612077a0dbd29?s=96&d=mm&r=g\",\"contentUrl\":\"https:\/\/secure.gravatar.com\/avatar\/096ec78df02049ab018702bb4ccedf659377fa92a26540b5247612077a0dbd29?s=96&d=mm&r=g\",\"caption\":\"Prensa G&amp;S FM\"},\"sameAs\":[\"https:\/\/gysfm.com.ar\/\"],\"url\":\"https:\/\/gysfm.com.ar\/inicio\/author\/lucasm\/\"}]}<\/script>\n<!-- \/ Yoast SEO plugin. -->","yoast_head_json":{"title":"El deseo de Alex Caniggia de tener otro hijo junto a Melody Luz - GYS NOTICIAS |","robots":{"index":"index","follow":"follow","max-snippet":"max-snippet:-1","max-image-preview":"max-image-preview:large","max-video-preview":"max-video-preview:-1"},"canonical":"https:\/\/gysfm.com.ar\/inicio\/el-deseo-de-alex-caniggia-de-tener-otro-hijo-junto-a-melody-luz\/","og_locale":"es_ES","og_type":"article","og_title":"El deseo de Alex Caniggia de tener otro hijo junto a Melody Luz - GYS NOTICIAS |","og_description":"Alex Caniggia se reconcili\u00f3 con Melody Luz y ya se encuentra haciendo planes para agrandar su familia d\u00e1ndole un hermanito a Venezia.\u00a0 En una publicaci\u00f3n en Instagram, cautiv\u00f3 a sus seguidores mediante un video donde la interroga: \u00ab\u00bfVos ya est\u00e1s pidiendo un hermanito no? \u00bfQu\u00e9res que venga Georgio? S\u00ed, me parece que s\u00ed\u00bb.\u00a0 Sin embargo, [&hellip;]","og_url":"https:\/\/gysfm.com.ar\/inicio\/el-deseo-de-alex-caniggia-de-tener-otro-hijo-junto-a-melody-luz\/","og_site_name":"GYS NOTICIAS |","article_published_time":"2025-07-23T09:21:06+00:00","author":"Prensa G&amp;S FM","twitter_card":"summary_large_image","twitter_misc":{"Escrito por":"Prensa G&amp;S FM","Tiempo de lectura":"1 minuto"},"schema":{"@context":"https:\/\/schema.org","@graph":[{"@type":"Article","@id":"https:\/\/gysfm.com.ar\/inicio\/el-deseo-de-alex-caniggia-de-tener-otro-hijo-junto-a-melody-luz\/#article","isPartOf":{"@id":"https:\/\/gysfm.com.ar\/inicio\/el-deseo-de-alex-caniggia-de-tener-otro-hijo-junto-a-melody-luz\/"},"author":{"name":"Prensa G&amp;S FM","@id":"https:\/\/gysfm.com.ar\/inicio\/#\/schema\/person\/3abba7593ef2ad19e1be221d54383dc5"},"headline":"El deseo de Alex Caniggia de tener otro hijo junto a Melody Luz","datePublished":"2025-07-23T09:21:06+00:00","mainEntityOfPage":{"@id":"https:\/\/gysfm.com.ar\/inicio\/el-deseo-de-alex-caniggia-de-tener-otro-hijo-junto-a-melody-luz\/"},"wordCount":266,"publisher":{"@id":"https:\/\/gysfm.com.ar\/inicio\/#organization"},"image":{"@id":"https:\/\/gysfm.com.ar\/inicio\/el-deseo-de-alex-caniggia-de-tener-otro-hijo-junto-a-melody-luz\/#primaryimage"},"thumbnailUrl":"https:\/\/gysfm.com.ar\/inicio\/wp-content\/uploads\/2025\/07\/alex-caniggia-melody-luz-y-venezia-2066331.jpg","articleSection":["NACIONALES"],"inLanguage":"es"},{"@type":"WebPage","@id":"https:\/\/gysfm.com.ar\/inicio\/el-deseo-de-alex-caniggia-de-tener-otro-hijo-junto-a-melody-luz\/","url":"https:\/\/gysfm.com.ar\/inicio\/el-deseo-de-alex-caniggia-de-tener-otro-hijo-junto-a-melody-luz\/","name":"El deseo de Alex Caniggia de tener otro hijo junto a Melody Luz - GYS NOTICIAS |","isPartOf":{"@id":"https:\/\/gysfm.com.ar\/inicio\/#website"},"primaryImageOfPage":{"@id":"https:\/\/gysfm.com.ar\/inicio\/el-deseo-de-alex-caniggia-de-tener-otro-hijo-junto-a-melody-luz\/#primaryimage"},"image":{"@id":"https:\/\/gysfm.com.ar\/inicio\/el-deseo-de-alex-caniggia-de-tener-otro-hijo-junto-a-melody-luz\/#primaryimage"},"thumbnailUrl":"https:\/\/gysfm.com.ar\/inicio\/wp-content\/uploads\/2025\/07\/alex-caniggia-melody-luz-y-venezia-2066331.jpg","datePublished":"2025-07-23T09:21:06+00:00","breadcrumb":{"@id":"https:\/\/gysfm.com.ar\/inicio\/el-deseo-de-alex-caniggia-de-tener-otro-hijo-junto-a-melody-luz\/#breadcrumb"},"inLanguage":"es","potentialAction":[{"@type":"ReadAction","target":["https:\/\/gysfm.com.ar\/inicio\/el-deseo-de-alex-caniggia-de-tener-otro-hijo-junto-a-melody-luz\/"]}]},{"@type":"ImageObject","inLanguage":"es","@id":"https:\/\/gysfm.com.ar\/inicio\/el-deseo-de-alex-caniggia-de-tener-otro-hijo-junto-a-melody-luz\/#primaryimage","url":"https:\/\/gysfm.com.ar\/inicio\/wp-content\/uploads\/2025\/07\/alex-caniggia-melody-luz-y-venezia-2066331.jpg","contentUrl":"https:\/\/gysfm.com.ar\/inicio\/wp-content\/uploads\/2025\/07\/alex-caniggia-melody-luz-y-venezia-2066331.jpg","width":1140,"height":641},{"@type":"BreadcrumbList","@id":"https:\/\/gysfm.com.ar\/inicio\/el-deseo-de-alex-caniggia-de-tener-otro-hijo-junto-a-melody-luz\/#breadcrumb","itemListElement":[{"@type":"ListItem","position":1,"name":"Portada","item":"https:\/\/gysfm.com.ar\/inicio\/"},{"@type":"ListItem","position":2,"name":"El deseo de Alex Caniggia de tener otro hijo junto a Melody Luz"}]},{"@type":"WebSite","@id":"https:\/\/gysfm.com.ar\/inicio\/#website","url":"https:\/\/gysfm.com.ar\/inicio\/","name":"GYS NOTICIAS |","description":"DIARIO - RADIO ONLINE SAN JUAN ARGENTINA","publisher":{"@id":"https:\/\/gysfm.com.ar\/inicio\/#organization"},"potentialAction":[{"@type":"SearchAction","target":{"@type":"EntryPoint","urlTemplate":"https:\/\/gysfm.com.ar\/inicio\/?s={search_term_string}"},"query-input":{"@type":"PropertyValueSpecification","valueRequired":true,"valueName":"search_term_string"}}],"inLanguage":"es"},{"@type":"Organization","@id":"https:\/\/gysfm.com.ar\/inicio\/#organization","name":"GYS NOTICIAS |","url":"https:\/\/gysfm.com.ar\/inicio\/","logo":{"@type":"ImageObject","inLanguage":"es","@id":"https:\/\/gysfm.com.ar\/inicio\/#\/schema\/logo\/image\/","url":"https:\/\/gysfm.com.ar\/inicio\/wp-content\/uploads\/2023\/07\/LOGOGYS-OK.png","contentUrl":"https:\/\/gysfm.com.ar\/inicio\/wp-content\/uploads\/2023\/07\/LOGOGYS-OK.png","width":1170,"height":872,"caption":"GYS NOTICIAS |"},"image":{"@id":"https:\/\/gysfm.com.ar\/inicio\/#\/schema\/logo\/image\/"}},{"@type":"Person","@id":"https:\/\/gysfm.com.ar\/inicio\/#\/schema\/person\/3abba7593ef2ad19e1be221d54383dc5","name":"Prensa G&amp;S FM","image":{"@type":"ImageObject","inLanguage":"es","@id":"https:\/\/gysfm.com.ar\/inicio\/#\/schema\/person\/image\/","url":"https:\/\/secure.gravatar.com\/avatar\/096ec78df02049ab018702bb4ccedf659377fa92a26540b5247612077a0dbd29?s=96&d=mm&r=g","contentUrl":"https:\/\/secure.gravatar.com\/avatar\/096ec78df02049ab018702bb4ccedf659377fa92a26540b5247612077a0dbd29?s=96&d=mm&r=g","caption":"Prensa G&amp;S FM"},"sameAs":["https:\/\/gysfm.com.ar\/"],"url":"https:\/\/gysfm.com.ar\/inicio\/author\/lucasm\/"}]}},"_links":{"self":[{"href":"https:\/\/gysfm.com.ar\/inicio\/wp-json\/wp\/v2\/posts\/138632","targetHints":{"allow":["GET"]}}],"collection":[{"href":"https:\/\/gysfm.com.ar\/inicio\/wp-json\/wp\/v2\/posts"}],"about":[{"href":"https:\/\/gysfm.com.ar\/inicio\/wp-json\/wp\/v2\/types\/post"}],"author":[{"embeddable":true,"href":"https:\/\/gysfm.com.ar\/inicio\/wp-json\/wp\/v2\/users\/2"}],"replies":[{"embeddable":true,"href":"https:\/\/gysfm.com.ar\/inicio\/wp-json\/wp\/v2\/comments?post=138632"}],"version-history":[{"count":0,"href":"https:\/\/gysfm.com.ar\/inicio\/wp-json\/wp\/v2\/posts\/138632\/revisions"}],"wp:featuredmedia":[{"embeddable":true,"href":"https:\/\/gysfm.com.ar\/inicio\/wp-json\/wp\/v2\/media\/138633"}],"wp:attachment":[{"href":"https:\/\/gysfm.com.ar\/inicio\/wp-json\/wp\/v2\/media?parent=138632"}],"wp:term":[{"taxonomy":"category","embeddable":true,"href":"https:\/\/gysfm.com.ar\/inicio\/wp-json\/wp\/v2\/categories?post=138632"},{"taxonomy":"post_tag","embeddable":true,"href":"https:\/\/gysfm.com.ar\/inicio\/wp-json\/wp\/v2\/tags?post=138632"}],"curies":[{"name":"wp","href":"https:\/\/api.w.org\/{rel}","templated":true}]}}