{"id":138624,"date":"2025-07-23T05:50:05","date_gmt":"2025-07-23T08:50:05","guid":{"rendered":"https:\/\/gysfm.com.ar\/inicio\/claudia-villafane-ofrecio-una-experiencia-para-recorrer-italia-y-genero-indignacion-en-la-red\/"},"modified":"2025-07-23T05:50:05","modified_gmt":"2025-07-23T08:50:05","slug":"claudia-villafane-ofrecio-una-experiencia-para-recorrer-italia-y-genero-indignacion-en-la-red","status":"publish","type":"post","link":"https:\/\/gysfm.com.ar\/inicio\/claudia-villafane-ofrecio-una-experiencia-para-recorrer-italia-y-genero-indignacion-en-la-red\/","title":{"rendered":"Claudia Villafa\u00f1e ofreci\u00f3 una experiencia para recorrer Italia y gener\u00f3 indignaci\u00f3n en la red"},"content":{"rendered":"<p><\/p>\n<div id=\"article-content\">\n<p><strong><a target=\"_blank\" href=\"https:\/\/exitoina.perfil.com\/noticias\/destacada\/claudia-villafane-revelo-habla-con-diego-maradona-cuando-sola-muy-duro.phtml\">Claudia Villafa\u00f1e<\/a> gener\u00f3 indignaci\u00f3n en la red con un nuevo proyecto donde promete una experiencia junto a La China Sanjuan <\/strong>para recorrer algunas ciudades de Italia donde <a target=\"_blank\" href=\"https:\/\/exitoina.perfil.com\/noticias\/escandalo\/tras-el-escandalo-que-protagonizo-renuncio-julieta-makintach-la-jueza-del-caso-maradona-los-detalles.phtml\">Diego Maradona<\/a> pas\u00f3 su carrera.\u00a0<\/p>\n<p>Mediante un video promocional que muestra el apoyo de Gianinna Maradona, la fot\u00f3grafa de la Selecci\u00f3n Argentina y Boca Juniors coment\u00f3:\u00a0<strong>\u00abNos vamos a Italia\u00bb<\/strong>, mientras que la expareja del Diez acotaba:\u00a0\u00abPero con ustedes\u00bb.\u00a0<\/p>\n<p>En el viaje que promete seguir los pasos del Diego,<strong>\u00a0\u00abvamos a recorrer Roma, Mil\u00e1n y Napoli\u00bb <\/strong>donde se va a poder \u00abcantar,\u00a0re\u00edrnos, llorar. A mirar para arriba en una iglesia y pensar que quiz\u00e1s ah\u00ed tambi\u00e9n est\u00e1 \u00e9l\u00bb.<\/p>\n<p><iframe id=\"vrudo\" class=\"vrudo\" src=\"https:\/\/rudo.video\/vod\/bUEvj5?volume=0\" width=\"100%\" height=\"100%\" allowscriptaccess=\"always\" allowfullscreen=\"true\" webkitallowfullscreen=\"true\" frameborder=\"0\" scrolling=\"no\" allow=\"autoplay; fullscreen\" loading=\"lazy\"><\/iframe><\/p>\n<p>El recorrido lo guiar\u00e1 Claudia Villafa\u00f1e: <strong>\u00abLa que vivi\u00f3 al lado del Diego cuando todav\u00eda era ese pibe de Villa Fiorito. La que sabe cosas que nadie m\u00e1s sabe.<\/strong> Y que decidi\u00f3 venir a contar historias. No como una estrella, sino como alguien que extra\u00f1a. Est\u00e1 ah\u00ed para meterte adentro de la historia. De la suya, de la tuya, de la nuestra. Y lo hace con la camiseta puesta\u00bb.<\/p>\n<h2>\u00bfCu\u00e1nto sale la experiencia para viajar a Italia con Claudia Villafa\u00f1e?<\/h2>\n<p><strong>El viaje a Italia con Claudia Villafa\u00f1e y La China Sanjuan ser\u00e1 del 13 al 22 de septiembre<\/strong>, donde propone un itinerario con visitas a varios lugares emblem\u00e1ticos para Diego Maradona y la entrada a algunos encuentros de f\u00fatbol.\u00a0<\/p>\n<p>El mismo promete<strong> 4 noches en Roma, 2 noches en Mil\u00e1n y 3 noches en Napoli <\/strong>con transporte entre ciudades. Sin embargo, el precio final no incluye transporte a\u00e9reo hasta el pa\u00eds y el traslado desde el aeropuerto.\u00a0<\/p>\n<div style=\"text-align:center\">\n<figure class=\"image\" style=\"display:inline-block\"><img decoding=\"async\" style=\"max-width: 100%; width: 100%;\" alt=\"La experiencia para viajar a Italia con Claudia Villafa\u00f1e\" src=\"https:\/\/fotos.perfil.com\/\/2025\/07\/22\/900\/0\/la-experiencia-para-viajar-a-italia-con-claudia-villafane-2066362.jpg\" loading=\"lazy\"\/>&#13;<figcaption>La experiencia para viajar a Italia con Claudia Villafa\u00f1e<\/figcaption>&#13;<br \/>\n<\/figure>\n<\/div>\n<p>Para ser parte solo se necesita el pasaporte y<strong> 6390 d\u00f3lares<\/strong>. Por esa raz\u00f3n, en la red comenzaron los comentarios negativos hacia este proyecto:\u00a0<\/p>\n<ul>&#13;<\/p>\n<li>\u00abEsa china es la Lizardo Ponce del f\u00fatbol\u00bb<\/li>\n<p>&#13;<\/p>\n<li>\u00ab\u00bfMas de 6 mil U$S y no incluye pasajes y traslados? \u00bfEntonces qu\u00e9 se paga?\u00bb<\/li>\n<p>&#13;<\/p>\n<li>\u00abDe claudia bueno salve y pase pero, \u00bfqui\u00e9n es esa china Sanjuan que est\u00e1 en todos lados?\u00a0Es la nueva lizardo que la meten en la sopa\u00bb<\/li>\n<p>&#13;<\/p>\n<li>\u00abEl problema no es que quiera seguir lucrando con Diego (ya de esta se\u00f1ora no me asombra nada), el problema es alguien compra el tour\u00bb<\/li>\n<p>&#13;\n<\/ul>\n<\/p><\/div>\n<p><script>\n\t(function(d, s, id) {\n\t\tvar js, fjs = d.getElementsByTagName(s)[0];\n\t\tif (d.getElementById(id)) return;\n\t\tjs = d.createElement(s);\n\t\tjs.id = id;\n\t\tjs.src=\"https:\/\/connect.facebook.net\/es_LA\/sdk.js#xfbml=1&version=v3.1\";\n\t\tfjs.parentNode.insertBefore(js, fjs);\n\t}(document, 'script', 'facebook-jssdk'));\n<\/script><\/p>\n","protected":false},"excerpt":{"rendered":"<p>Claudia Villafa\u00f1e gener\u00f3 indignaci\u00f3n en la red con un nuevo proyecto donde promete una experiencia junto a La China Sanjuan para recorrer algunas ciudades de Italia donde Diego Maradona pas\u00f3 su carrera.\u00a0 Mediante un video promocional que muestra el apoyo de Gianinna Maradona, la fot\u00f3grafa de la Selecci\u00f3n Argentina y Boca Juniors coment\u00f3:\u00a0\u00abNos vamos a [&hellip;]<\/p>\n","protected":false},"author":2,"featured_media":138625,"comment_status":"closed","ping_status":"closed","sticky":false,"template":"","format":"standard","meta":{"footnotes":""},"categories":[25],"tags":[],"class_list":["post-138624","post","type-post","status-publish","format-standard","has-post-thumbnail","hentry","category-nacionales"],"yoast_head":"<!-- This site is optimized with the Yoast SEO plugin v24.4 - https:\/\/yoast.com\/wordpress\/plugins\/seo\/ -->\n<title>Claudia Villafa\u00f1e ofreci\u00f3 una experiencia para recorrer Italia y gener\u00f3 indignaci\u00f3n en la red - GYS NOTICIAS |<\/title>\n<meta name=\"robots\" content=\"index, follow, max-snippet:-1, max-image-preview:large, max-video-preview:-1\" \/>\n<link rel=\"canonical\" href=\"https:\/\/gysfm.com.ar\/inicio\/claudia-villafane-ofrecio-una-experiencia-para-recorrer-italia-y-genero-indignacion-en-la-red\/\" \/>\n<meta property=\"og:locale\" content=\"es_ES\" \/>\n<meta property=\"og:type\" content=\"article\" \/>\n<meta property=\"og:title\" content=\"Claudia Villafa\u00f1e ofreci\u00f3 una experiencia para recorrer Italia y gener\u00f3 indignaci\u00f3n en la red - GYS NOTICIAS |\" \/>\n<meta property=\"og:description\" content=\"Claudia Villafa\u00f1e gener\u00f3 indignaci\u00f3n en la red con un nuevo proyecto donde promete una experiencia junto a La China Sanjuan para recorrer algunas ciudades de Italia donde Diego Maradona pas\u00f3 su carrera.\u00a0 Mediante un video promocional que muestra el apoyo de Gianinna Maradona, la fot\u00f3grafa de la Selecci\u00f3n Argentina y Boca Juniors coment\u00f3:\u00a0\u00abNos vamos a [&hellip;]\" \/>\n<meta property=\"og:url\" content=\"https:\/\/gysfm.com.ar\/inicio\/claudia-villafane-ofrecio-una-experiencia-para-recorrer-italia-y-genero-indignacion-en-la-red\/\" \/>\n<meta property=\"og:site_name\" content=\"GYS NOTICIAS |\" \/>\n<meta property=\"article:published_time\" content=\"2025-07-23T08:50:05+00:00\" \/>\n<meta property=\"og:image\" content=\"https:\/\/fotos.perfil.com\/\/2025\/07\/22\/900\/0\/la-experiencia-para-viajar-a-italia-con-claudia-villafane-2066362.jpg\" \/>\n<meta name=\"author\" content=\"Prensa G&amp;S FM\" \/>\n<meta name=\"twitter:card\" content=\"summary_large_image\" \/>\n<meta name=\"twitter:label1\" content=\"Escrito por\" \/>\n\t<meta name=\"twitter:data1\" content=\"Prensa G&amp;S FM\" \/>\n\t<meta name=\"twitter:label2\" content=\"Tiempo de lectura\" \/>\n\t<meta name=\"twitter:data2\" content=\"2 minutos\" \/>\n<script type=\"application\/ld+json\" class=\"yoast-schema-graph\">{\"@context\":\"https:\/\/schema.org\",\"@graph\":[{\"@type\":\"Article\",\"@id\":\"https:\/\/gysfm.com.ar\/inicio\/claudia-villafane-ofrecio-una-experiencia-para-recorrer-italia-y-genero-indignacion-en-la-red\/#article\",\"isPartOf\":{\"@id\":\"https:\/\/gysfm.com.ar\/inicio\/claudia-villafane-ofrecio-una-experiencia-para-recorrer-italia-y-genero-indignacion-en-la-red\/\"},\"author\":{\"name\":\"Prensa G&amp;S FM\",\"@id\":\"https:\/\/gysfm.com.ar\/inicio\/#\/schema\/person\/3abba7593ef2ad19e1be221d54383dc5\"},\"headline\":\"Claudia Villafa\u00f1e ofreci\u00f3 una experiencia para recorrer Italia y gener\u00f3 indignaci\u00f3n en la red\",\"datePublished\":\"2025-07-23T08:50:05+00:00\",\"mainEntityOfPage\":{\"@id\":\"https:\/\/gysfm.com.ar\/inicio\/claudia-villafane-ofrecio-una-experiencia-para-recorrer-italia-y-genero-indignacion-en-la-red\/\"},\"wordCount\":408,\"publisher\":{\"@id\":\"https:\/\/gysfm.com.ar\/inicio\/#organization\"},\"image\":{\"@id\":\"https:\/\/gysfm.com.ar\/inicio\/claudia-villafane-ofrecio-una-experiencia-para-recorrer-italia-y-genero-indignacion-en-la-red\/#primaryimage\"},\"thumbnailUrl\":\"https:\/\/gysfm.com.ar\/inicio\/wp-content\/uploads\/2025\/07\/claudia-villafane-2066360.jpg\",\"articleSection\":[\"NACIONALES\"],\"inLanguage\":\"es\"},{\"@type\":\"WebPage\",\"@id\":\"https:\/\/gysfm.com.ar\/inicio\/claudia-villafane-ofrecio-una-experiencia-para-recorrer-italia-y-genero-indignacion-en-la-red\/\",\"url\":\"https:\/\/gysfm.com.ar\/inicio\/claudia-villafane-ofrecio-una-experiencia-para-recorrer-italia-y-genero-indignacion-en-la-red\/\",\"name\":\"Claudia Villafa\u00f1e ofreci\u00f3 una experiencia para recorrer Italia y gener\u00f3 indignaci\u00f3n en la red - GYS NOTICIAS |\",\"isPartOf\":{\"@id\":\"https:\/\/gysfm.com.ar\/inicio\/#website\"},\"primaryImageOfPage\":{\"@id\":\"https:\/\/gysfm.com.ar\/inicio\/claudia-villafane-ofrecio-una-experiencia-para-recorrer-italia-y-genero-indignacion-en-la-red\/#primaryimage\"},\"image\":{\"@id\":\"https:\/\/gysfm.com.ar\/inicio\/claudia-villafane-ofrecio-una-experiencia-para-recorrer-italia-y-genero-indignacion-en-la-red\/#primaryimage\"},\"thumbnailUrl\":\"https:\/\/gysfm.com.ar\/inicio\/wp-content\/uploads\/2025\/07\/claudia-villafane-2066360.jpg\",\"datePublished\":\"2025-07-23T08:50:05+00:00\",\"breadcrumb\":{\"@id\":\"https:\/\/gysfm.com.ar\/inicio\/claudia-villafane-ofrecio-una-experiencia-para-recorrer-italia-y-genero-indignacion-en-la-red\/#breadcrumb\"},\"inLanguage\":\"es\",\"potentialAction\":[{\"@type\":\"ReadAction\",\"target\":[\"https:\/\/gysfm.com.ar\/inicio\/claudia-villafane-ofrecio-una-experiencia-para-recorrer-italia-y-genero-indignacion-en-la-red\/\"]}]},{\"@type\":\"ImageObject\",\"inLanguage\":\"es\",\"@id\":\"https:\/\/gysfm.com.ar\/inicio\/claudia-villafane-ofrecio-una-experiencia-para-recorrer-italia-y-genero-indignacion-en-la-red\/#primaryimage\",\"url\":\"https:\/\/gysfm.com.ar\/inicio\/wp-content\/uploads\/2025\/07\/claudia-villafane-2066360.jpg\",\"contentUrl\":\"https:\/\/gysfm.com.ar\/inicio\/wp-content\/uploads\/2025\/07\/claudia-villafane-2066360.jpg\",\"width\":1140,\"height\":641},{\"@type\":\"BreadcrumbList\",\"@id\":\"https:\/\/gysfm.com.ar\/inicio\/claudia-villafane-ofrecio-una-experiencia-para-recorrer-italia-y-genero-indignacion-en-la-red\/#breadcrumb\",\"itemListElement\":[{\"@type\":\"ListItem\",\"position\":1,\"name\":\"Portada\",\"item\":\"https:\/\/gysfm.com.ar\/inicio\/\"},{\"@type\":\"ListItem\",\"position\":2,\"name\":\"Claudia Villafa\u00f1e ofreci\u00f3 una experiencia para recorrer Italia y gener\u00f3 indignaci\u00f3n en la red\"}]},{\"@type\":\"WebSite\",\"@id\":\"https:\/\/gysfm.com.ar\/inicio\/#website\",\"url\":\"https:\/\/gysfm.com.ar\/inicio\/\",\"name\":\"GYS NOTICIAS |\",\"description\":\"DIARIO - RADIO ONLINE SAN JUAN ARGENTINA\",\"publisher\":{\"@id\":\"https:\/\/gysfm.com.ar\/inicio\/#organization\"},\"potentialAction\":[{\"@type\":\"SearchAction\",\"target\":{\"@type\":\"EntryPoint\",\"urlTemplate\":\"https:\/\/gysfm.com.ar\/inicio\/?s={search_term_string}\"},\"query-input\":{\"@type\":\"PropertyValueSpecification\",\"valueRequired\":true,\"valueName\":\"search_term_string\"}}],\"inLanguage\":\"es\"},{\"@type\":\"Organization\",\"@id\":\"https:\/\/gysfm.com.ar\/inicio\/#organization\",\"name\":\"GYS NOTICIAS |\",\"url\":\"https:\/\/gysfm.com.ar\/inicio\/\",\"logo\":{\"@type\":\"ImageObject\",\"inLanguage\":\"es\",\"@id\":\"https:\/\/gysfm.com.ar\/inicio\/#\/schema\/logo\/image\/\",\"url\":\"https:\/\/gysfm.com.ar\/inicio\/wp-content\/uploads\/2023\/07\/LOGOGYS-OK.png\",\"contentUrl\":\"https:\/\/gysfm.com.ar\/inicio\/wp-content\/uploads\/2023\/07\/LOGOGYS-OK.png\",\"width\":1170,\"height\":872,\"caption\":\"GYS NOTICIAS |\"},\"image\":{\"@id\":\"https:\/\/gysfm.com.ar\/inicio\/#\/schema\/logo\/image\/\"}},{\"@type\":\"Person\",\"@id\":\"https:\/\/gysfm.com.ar\/inicio\/#\/schema\/person\/3abba7593ef2ad19e1be221d54383dc5\",\"name\":\"Prensa G&amp;S FM\",\"image\":{\"@type\":\"ImageObject\",\"inLanguage\":\"es\",\"@id\":\"https:\/\/gysfm.com.ar\/inicio\/#\/schema\/person\/image\/\",\"url\":\"https:\/\/secure.gravatar.com\/avatar\/096ec78df02049ab018702bb4ccedf659377fa92a26540b5247612077a0dbd29?s=96&d=mm&r=g\",\"contentUrl\":\"https:\/\/secure.gravatar.com\/avatar\/096ec78df02049ab018702bb4ccedf659377fa92a26540b5247612077a0dbd29?s=96&d=mm&r=g\",\"caption\":\"Prensa G&amp;S FM\"},\"sameAs\":[\"https:\/\/gysfm.com.ar\/\"],\"url\":\"https:\/\/gysfm.com.ar\/inicio\/author\/lucasm\/\"}]}<\/script>\n<!-- \/ Yoast SEO plugin. -->","yoast_head_json":{"title":"Claudia Villafa\u00f1e ofreci\u00f3 una experiencia para recorrer Italia y gener\u00f3 indignaci\u00f3n en la red - GYS NOTICIAS |","robots":{"index":"index","follow":"follow","max-snippet":"max-snippet:-1","max-image-preview":"max-image-preview:large","max-video-preview":"max-video-preview:-1"},"canonical":"https:\/\/gysfm.com.ar\/inicio\/claudia-villafane-ofrecio-una-experiencia-para-recorrer-italia-y-genero-indignacion-en-la-red\/","og_locale":"es_ES","og_type":"article","og_title":"Claudia Villafa\u00f1e ofreci\u00f3 una experiencia para recorrer Italia y gener\u00f3 indignaci\u00f3n en la red - GYS NOTICIAS |","og_description":"Claudia Villafa\u00f1e gener\u00f3 indignaci\u00f3n en la red con un nuevo proyecto donde promete una experiencia junto a La China Sanjuan para recorrer algunas ciudades de Italia donde Diego Maradona pas\u00f3 su carrera.\u00a0 Mediante un video promocional que muestra el apoyo de Gianinna Maradona, la fot\u00f3grafa de la Selecci\u00f3n Argentina y Boca Juniors coment\u00f3:\u00a0\u00abNos vamos a [&hellip;]","og_url":"https:\/\/gysfm.com.ar\/inicio\/claudia-villafane-ofrecio-una-experiencia-para-recorrer-italia-y-genero-indignacion-en-la-red\/","og_site_name":"GYS NOTICIAS |","article_published_time":"2025-07-23T08:50:05+00:00","og_image":[{"url":"https:\/\/fotos.perfil.com\/\/2025\/07\/22\/900\/0\/la-experiencia-para-viajar-a-italia-con-claudia-villafane-2066362.jpg","type":"","width":"","height":""}],"author":"Prensa G&amp;S FM","twitter_card":"summary_large_image","twitter_misc":{"Escrito por":"Prensa G&amp;S FM","Tiempo de lectura":"2 minutos"},"schema":{"@context":"https:\/\/schema.org","@graph":[{"@type":"Article","@id":"https:\/\/gysfm.com.ar\/inicio\/claudia-villafane-ofrecio-una-experiencia-para-recorrer-italia-y-genero-indignacion-en-la-red\/#article","isPartOf":{"@id":"https:\/\/gysfm.com.ar\/inicio\/claudia-villafane-ofrecio-una-experiencia-para-recorrer-italia-y-genero-indignacion-en-la-red\/"},"author":{"name":"Prensa G&amp;S FM","@id":"https:\/\/gysfm.com.ar\/inicio\/#\/schema\/person\/3abba7593ef2ad19e1be221d54383dc5"},"headline":"Claudia Villafa\u00f1e ofreci\u00f3 una experiencia para recorrer Italia y gener\u00f3 indignaci\u00f3n en la red","datePublished":"2025-07-23T08:50:05+00:00","mainEntityOfPage":{"@id":"https:\/\/gysfm.com.ar\/inicio\/claudia-villafane-ofrecio-una-experiencia-para-recorrer-italia-y-genero-indignacion-en-la-red\/"},"wordCount":408,"publisher":{"@id":"https:\/\/gysfm.com.ar\/inicio\/#organization"},"image":{"@id":"https:\/\/gysfm.com.ar\/inicio\/claudia-villafane-ofrecio-una-experiencia-para-recorrer-italia-y-genero-indignacion-en-la-red\/#primaryimage"},"thumbnailUrl":"https:\/\/gysfm.com.ar\/inicio\/wp-content\/uploads\/2025\/07\/claudia-villafane-2066360.jpg","articleSection":["NACIONALES"],"inLanguage":"es"},{"@type":"WebPage","@id":"https:\/\/gysfm.com.ar\/inicio\/claudia-villafane-ofrecio-una-experiencia-para-recorrer-italia-y-genero-indignacion-en-la-red\/","url":"https:\/\/gysfm.com.ar\/inicio\/claudia-villafane-ofrecio-una-experiencia-para-recorrer-italia-y-genero-indignacion-en-la-red\/","name":"Claudia Villafa\u00f1e ofreci\u00f3 una experiencia para recorrer Italia y gener\u00f3 indignaci\u00f3n en la red - GYS NOTICIAS |","isPartOf":{"@id":"https:\/\/gysfm.com.ar\/inicio\/#website"},"primaryImageOfPage":{"@id":"https:\/\/gysfm.com.ar\/inicio\/claudia-villafane-ofrecio-una-experiencia-para-recorrer-italia-y-genero-indignacion-en-la-red\/#primaryimage"},"image":{"@id":"https:\/\/gysfm.com.ar\/inicio\/claudia-villafane-ofrecio-una-experiencia-para-recorrer-italia-y-genero-indignacion-en-la-red\/#primaryimage"},"thumbnailUrl":"https:\/\/gysfm.com.ar\/inicio\/wp-content\/uploads\/2025\/07\/claudia-villafane-2066360.jpg","datePublished":"2025-07-23T08:50:05+00:00","breadcrumb":{"@id":"https:\/\/gysfm.com.ar\/inicio\/claudia-villafane-ofrecio-una-experiencia-para-recorrer-italia-y-genero-indignacion-en-la-red\/#breadcrumb"},"inLanguage":"es","potentialAction":[{"@type":"ReadAction","target":["https:\/\/gysfm.com.ar\/inicio\/claudia-villafane-ofrecio-una-experiencia-para-recorrer-italia-y-genero-indignacion-en-la-red\/"]}]},{"@type":"ImageObject","inLanguage":"es","@id":"https:\/\/gysfm.com.ar\/inicio\/claudia-villafane-ofrecio-una-experiencia-para-recorrer-italia-y-genero-indignacion-en-la-red\/#primaryimage","url":"https:\/\/gysfm.com.ar\/inicio\/wp-content\/uploads\/2025\/07\/claudia-villafane-2066360.jpg","contentUrl":"https:\/\/gysfm.com.ar\/inicio\/wp-content\/uploads\/2025\/07\/claudia-villafane-2066360.jpg","width":1140,"height":641},{"@type":"BreadcrumbList","@id":"https:\/\/gysfm.com.ar\/inicio\/claudia-villafane-ofrecio-una-experiencia-para-recorrer-italia-y-genero-indignacion-en-la-red\/#breadcrumb","itemListElement":[{"@type":"ListItem","position":1,"name":"Portada","item":"https:\/\/gysfm.com.ar\/inicio\/"},{"@type":"ListItem","position":2,"name":"Claudia Villafa\u00f1e ofreci\u00f3 una experiencia para recorrer Italia y gener\u00f3 indignaci\u00f3n en la red"}]},{"@type":"WebSite","@id":"https:\/\/gysfm.com.ar\/inicio\/#website","url":"https:\/\/gysfm.com.ar\/inicio\/","name":"GYS NOTICIAS |","description":"DIARIO - RADIO ONLINE SAN JUAN ARGENTINA","publisher":{"@id":"https:\/\/gysfm.com.ar\/inicio\/#organization"},"potentialAction":[{"@type":"SearchAction","target":{"@type":"EntryPoint","urlTemplate":"https:\/\/gysfm.com.ar\/inicio\/?s={search_term_string}"},"query-input":{"@type":"PropertyValueSpecification","valueRequired":true,"valueName":"search_term_string"}}],"inLanguage":"es"},{"@type":"Organization","@id":"https:\/\/gysfm.com.ar\/inicio\/#organization","name":"GYS NOTICIAS |","url":"https:\/\/gysfm.com.ar\/inicio\/","logo":{"@type":"ImageObject","inLanguage":"es","@id":"https:\/\/gysfm.com.ar\/inicio\/#\/schema\/logo\/image\/","url":"https:\/\/gysfm.com.ar\/inicio\/wp-content\/uploads\/2023\/07\/LOGOGYS-OK.png","contentUrl":"https:\/\/gysfm.com.ar\/inicio\/wp-content\/uploads\/2023\/07\/LOGOGYS-OK.png","width":1170,"height":872,"caption":"GYS NOTICIAS |"},"image":{"@id":"https:\/\/gysfm.com.ar\/inicio\/#\/schema\/logo\/image\/"}},{"@type":"Person","@id":"https:\/\/gysfm.com.ar\/inicio\/#\/schema\/person\/3abba7593ef2ad19e1be221d54383dc5","name":"Prensa G&amp;S FM","image":{"@type":"ImageObject","inLanguage":"es","@id":"https:\/\/gysfm.com.ar\/inicio\/#\/schema\/person\/image\/","url":"https:\/\/secure.gravatar.com\/avatar\/096ec78df02049ab018702bb4ccedf659377fa92a26540b5247612077a0dbd29?s=96&d=mm&r=g","contentUrl":"https:\/\/secure.gravatar.com\/avatar\/096ec78df02049ab018702bb4ccedf659377fa92a26540b5247612077a0dbd29?s=96&d=mm&r=g","caption":"Prensa G&amp;S FM"},"sameAs":["https:\/\/gysfm.com.ar\/"],"url":"https:\/\/gysfm.com.ar\/inicio\/author\/lucasm\/"}]}},"_links":{"self":[{"href":"https:\/\/gysfm.com.ar\/inicio\/wp-json\/wp\/v2\/posts\/138624","targetHints":{"allow":["GET"]}}],"collection":[{"href":"https:\/\/gysfm.com.ar\/inicio\/wp-json\/wp\/v2\/posts"}],"about":[{"href":"https:\/\/gysfm.com.ar\/inicio\/wp-json\/wp\/v2\/types\/post"}],"author":[{"embeddable":true,"href":"https:\/\/gysfm.com.ar\/inicio\/wp-json\/wp\/v2\/users\/2"}],"replies":[{"embeddable":true,"href":"https:\/\/gysfm.com.ar\/inicio\/wp-json\/wp\/v2\/comments?post=138624"}],"version-history":[{"count":0,"href":"https:\/\/gysfm.com.ar\/inicio\/wp-json\/wp\/v2\/posts\/138624\/revisions"}],"wp:featuredmedia":[{"embeddable":true,"href":"https:\/\/gysfm.com.ar\/inicio\/wp-json\/wp\/v2\/media\/138625"}],"wp:attachment":[{"href":"https:\/\/gysfm.com.ar\/inicio\/wp-json\/wp\/v2\/media?parent=138624"}],"wp:term":[{"taxonomy":"category","embeddable":true,"href":"https:\/\/gysfm.com.ar\/inicio\/wp-json\/wp\/v2\/categories?post=138624"},{"taxonomy":"post_tag","embeddable":true,"href":"https:\/\/gysfm.com.ar\/inicio\/wp-json\/wp\/v2\/tags?post=138624"}],"curies":[{"name":"wp","href":"https:\/\/api.w.org\/{rel}","templated":true}]}}