{"id":138621,"date":"2025-07-23T05:02:16","date_gmt":"2025-07-23T08:02:16","guid":{"rendered":"https:\/\/gysfm.com.ar\/inicio\/el-segmento-que-desafia-el-deterioro-general\/"},"modified":"2025-07-23T05:02:16","modified_gmt":"2025-07-23T08:02:16","slug":"el-segmento-que-desafia-el-deterioro-general","status":"publish","type":"post","link":"https:\/\/gysfm.com.ar\/inicio\/el-segmento-que-desafia-el-deterioro-general\/","title":{"rendered":"el segmento que desaf\u00eda el deterioro general"},"content":{"rendered":"<p> <br \/>\n<\/p>\n<div id=\"\">\n<p data-start=\"538\" data-end=\"836\">En un <strong>contexto de consumo resentido,<\/strong> los hogares argentinos con responsables de compra menores de 35 a\u00f1os muestran un comportamiento distintivo: <strong data-start=\"697\" data-end=\"724\">resisten mejor la ca\u00edda<\/strong>, adoptan nuevas prioridades y marcan el pulso de una transformaci\u00f3n en los h\u00e1bitos de compra.<\/p>\n<\/div>\n<div id=\"\">\n<p data-start=\"838\" data-end=\"1076\">As\u00ed lo revela el informe <strong data-start=\"863\" data-end=\"883\">Shopper Day 2025<\/strong> elaborado por <strong data-start=\"898\" data-end=\"925\">Worldpanel by Numerator<\/strong>, que analiza en profundidad c\u00f3mo compran, qu\u00e9 eligen y qu\u00e9 dejan de lado estos hogares, cada vez m\u00e1s relevantes en la estructura del consumo nacional.<\/p>\n<\/div>\n<div id=\"\">\n<p data-start=\"1080\" data-end=\"1314\">\u201cEste grupo etario es el que <strong>registra la menor ca\u00edda en el consumo, con m\u00e1s categor\u00edas de productos que crecen <\/strong>en sus compras y menos que retroceden\u201d, destaca Esteban Cagnoli, Managing Director de Worldpanel by Numerator en Argentina.<\/p>\n<\/div>\n<div id=\"\">\n<p data-start=\"1360\" data-end=\"1744\">Aunque predominan en la base de la pir\u00e1mide socioecon\u00f3mica, <strong data-start=\"1420\" data-end=\"1490\">uno de cada cuatro hogares sub 35 pertenece a niveles medio o alto<\/strong>.<\/p>\n<\/div>\n<div id=\"\">\n<p data-start=\"1360\" data-end=\"1744\">Su conformaci\u00f3n tambi\u00e9n es diversa: <strong data-start=\"1528\" data-end=\"1579\">el 45% son familias tipo, con 3 o 4 integrantes<\/strong>, y en muchos casos incluyen <strong data-start=\"1608\" data-end=\"1634\">ni\u00f1os en edad temprana<\/strong>. De hecho, <strong data-start=\"1646\" data-end=\"1684\">el 47% tiene hijos de hasta 5 a\u00f1os<\/strong>, una proporci\u00f3n m\u00e1s del doble respecto al total de hogares. Este dato es clave para entender por qu\u00e9 ciertas categor\u00edas como <strong data-start=\"1811\" data-end=\"1855\">postres infantiles, jugos y hamburguesas<\/strong> ganan peso en sus compras, mientras que otras como <strong data-start=\"1907\" data-end=\"1957\">vinos, edulcorantes y tinturas para el cabello<\/strong> retroceden.<\/p>\n<h2>Compras menos frecuentes, pero m\u00e1s cargadas<\/h2>\n<p data-start=\"2020\" data-end=\"2318\">Los hogares j\u00f3venes presentan el <strong data-start=\"2053\" data-end=\"2093\">ticket promedio m\u00e1s alto del mercado<\/strong> en consumo masivo, aunque compran <strong data-start=\"2128\" data-end=\"2152\">con menor frecuencia<\/strong>. El patr\u00f3n es claro: <strong data-start=\"2174\" data-end=\"2228\">el 45% prefiere hacer compras grandes y espaciadas<\/strong>, con foco en <strong data-start=\"2242\" data-end=\"2264\">canales mayoristas<\/strong>, donde se abastecen de m\u00e1s de 10 categor\u00edas a la vez.<\/p>\n<p data-start=\"2320\" data-end=\"2535\">Esta conducta contrasta fuertemente con la de los hogares mayores de 65 a\u00f1os, que compran en vol\u00famenes m\u00e1s chicos y con mayor frecuencia: <strong data-start=\"2458\" data-end=\"2510\">el 41% adquiere entre 4 y 9 productos por visita<\/strong>, seg\u00fan el mismo informe.<\/p>\n<div contenteditable=\"false\" class=\"embed_cont type_imagen\" id=\"7998627-Libre-914219241_wrap\">\n<p>J\u00f3venes trabajo.png <span onclick=\"parent.parent.TinyMCETdcuerpo.preview_embed('7998627-Libre-914219241')\" class=\"embed_colapse less\" id=\"7998627-Libre-914219241_colapse\"\/>  <span onclick=\"parent.parent.TinyMCETdcuerpo.delete_embed('7998627-Libre-914219241')\" class=\"embed_delete less\" id=\"7998627-Libre-914219241_delete\"\/><\/p>\n<div id=\"7998627-Libre-914219241_content\" class=\"embed_content\"><img loading=\"lazy\" decoding=\"async\" src=\"https:\/\/media.ambito.com\/p\/bc5a0340214ae9bb712c5a6fe37c331c\/adjuntos\/239\/imagenes\/041\/921\/0041921909\/jovenes-trabajopng.png\" alt=\"Esta conducta contrasta fuertemente con la de los hogares mayores de 65 a\u00f1os, que compran en vol\u00famenes m\u00e1s chicos y con mayor frecuencia\" title=\"Esta conducta contrasta fuertemente con la de los hogares mayores de 65 a\u00f1os, que compran en vol\u00famenes m\u00e1s chicos y con mayor frecuencia\" width=\"730\" height=\"425\" id=\"7998627-Libre-914219241_embed\"\/><\/div>\n<div id=\"7998627-Libre-914219241_epigrafe\" class=\"embed_epigrafe\">\n<p> Esta conducta contrasta fuertemente con la de los hogares mayores de 65 a\u00f1os, que compran en vol\u00famenes m\u00e1s chicos y con mayor frecuencia<\/p>\n<\/div>\n<p>Freepik<\/p>\n<\/div>\n<h2>M\u00e1s resistentes a la ca\u00edda del consumo<\/h2>\n<p data-start=\"2581\" data-end=\"2910\">Mientras el consumo general cay\u00f3 un <strong data-start=\"2617\" data-end=\"2625\">4,3%<\/strong> en volumen interanual, el segmento sub 35 retrocedi\u00f3 apenas <strong data-start=\"2686\" data-end=\"2694\">3,6%<\/strong>. Adem\u00e1s, <strong data-start=\"2704\" data-end=\"2766\">25 categor\u00edas de productos aumentaron su volumen de compra<\/strong> en estos hogares (frente a solo 11 en el total), y <strong data-start=\"2818\" data-end=\"2854\">9 categor\u00edas menos retrocedieron<\/strong>, lo que confirma un mayor dinamismo frente al promedio.<\/p>\n<p data-start=\"2912\" data-end=\"3107\">Este grupo, adem\u00e1s, muestra se\u00f1ales de transformaci\u00f3n en su <strong data-start=\"2972\" data-end=\"2998\">v\u00ednculo con la g\u00f3ndola<\/strong>: menos consumo de l\u00e1cteos y bebidas alcoh\u00f3licas, m\u00e1s productos funcionales o vinculados al cuidado familiar.<\/p>\n<p data-start=\"3111\" data-end=\"3253\">\u201cComprender sus costumbres y prioridades resulta clave para quienes buscan conectar con nuevas generaciones de consumidores\u201d, subraya Cagnoli.<\/p>\n<h2>Nuevas prioridades, nuevos desaf\u00edos<\/h2>\n<p data-start=\"3296\" data-end=\"3685\">El estudio tambi\u00e9n muestra que <strong data-start=\"3327\" data-end=\"3377\">el 31% de estos hogares j\u00f3venes no tiene hijos<\/strong>, lo que los distingue de segmentos etarios intermedios (35 a 49 a\u00f1os), donde esa cifra baja al 18%. As\u00ed, se configura un <strong data-start=\"3499\" data-end=\"3519\">mapa heterog\u00e9neo<\/strong> que obliga a marcas y retailers a revisar supuestos y adaptarse a nuevas formas de consumo.<\/p>\n<\/div>\n<p><script>\n!function(f,b,e,v,n,t,s)\n{if(f.fbq)return;n=f.fbq=function(){n.callMethod?\nn.callMethod.apply(n,arguments):n.queue.push(arguments)};\nif(!f._fbq)f._fbq=n;n.push=n;n.loaded=!0;n.version='2.0';\nn.queue=[];t=b.createElement(e);t.async=!0;\nt.src=v;s=b.getElementsByTagName(e)[0];\ns.parentNode.insertBefore(t,s)}(window,document,'script',\n'https:\/\/connect.facebook.net\/en_US\/fbevents.js');\nfbq('init', '2047048335588113');\nfbq('track', 'PageView');\n<\/script><br \/>\n<br \/><\/p>\n","protected":false},"excerpt":{"rendered":"<p>En un contexto de consumo resentido, los hogares argentinos con responsables de compra menores de 35 a\u00f1os muestran un comportamiento distintivo: resisten mejor la ca\u00edda, adoptan nuevas prioridades y marcan el pulso de una transformaci\u00f3n en los h\u00e1bitos de compra. As\u00ed lo revela el informe Shopper Day 2025 elaborado por Worldpanel by Numerator, que analiza [&hellip;]<\/p>\n","protected":false},"author":1,"featured_media":138622,"comment_status":"closed","ping_status":"closed","sticky":false,"template":"","format":"standard","meta":{"footnotes":""},"categories":[28],"tags":[],"class_list":["post-138621","post","type-post","status-publish","format-standard","has-post-thumbnail","hentry","category-economia"],"yoast_head":"<!-- This site is optimized with the Yoast SEO plugin v24.4 - https:\/\/yoast.com\/wordpress\/plugins\/seo\/ -->\n<title>el segmento que desaf\u00eda el deterioro general - GYS NOTICIAS |<\/title>\n<meta name=\"robots\" content=\"index, follow, max-snippet:-1, max-image-preview:large, max-video-preview:-1\" \/>\n<link rel=\"canonical\" href=\"https:\/\/gysfm.com.ar\/inicio\/el-segmento-que-desafia-el-deterioro-general\/\" \/>\n<meta property=\"og:locale\" content=\"es_ES\" \/>\n<meta property=\"og:type\" content=\"article\" \/>\n<meta property=\"og:title\" content=\"el segmento que desaf\u00eda el deterioro general - GYS NOTICIAS |\" \/>\n<meta property=\"og:description\" content=\"En un contexto de consumo resentido, los hogares argentinos con responsables de compra menores de 35 a\u00f1os muestran un comportamiento distintivo: resisten mejor la ca\u00edda, adoptan nuevas prioridades y marcan el pulso de una transformaci\u00f3n en los h\u00e1bitos de compra. As\u00ed lo revela el informe Shopper Day 2025 elaborado por Worldpanel by Numerator, que analiza [&hellip;]\" \/>\n<meta property=\"og:url\" content=\"https:\/\/gysfm.com.ar\/inicio\/el-segmento-que-desafia-el-deterioro-general\/\" \/>\n<meta property=\"og:site_name\" content=\"GYS NOTICIAS |\" \/>\n<meta property=\"article:published_time\" content=\"2025-07-23T08:02:16+00:00\" \/>\n<meta property=\"og:image\" content=\"https:\/\/media.ambito.com\/p\/bc5a0340214ae9bb712c5a6fe37c331c\/adjuntos\/239\/imagenes\/041\/921\/0041921909\/jovenes-trabajopng.png\" \/>\n<meta name=\"author\" content=\"admin\" \/>\n<meta name=\"twitter:card\" content=\"summary_large_image\" \/>\n<meta name=\"twitter:label1\" content=\"Escrito por\" \/>\n\t<meta name=\"twitter:data1\" content=\"admin\" \/>\n\t<meta name=\"twitter:label2\" content=\"Tiempo de lectura\" \/>\n\t<meta name=\"twitter:data2\" content=\"3 minutos\" \/>\n<script type=\"application\/ld+json\" class=\"yoast-schema-graph\">{\"@context\":\"https:\/\/schema.org\",\"@graph\":[{\"@type\":\"Article\",\"@id\":\"https:\/\/gysfm.com.ar\/inicio\/el-segmento-que-desafia-el-deterioro-general\/#article\",\"isPartOf\":{\"@id\":\"https:\/\/gysfm.com.ar\/inicio\/el-segmento-que-desafia-el-deterioro-general\/\"},\"author\":{\"name\":\"admin\",\"@id\":\"https:\/\/gysfm.com.ar\/inicio\/#\/schema\/person\/5bedd7ecd35cc35548d89effafa23696\"},\"headline\":\"el segmento que desaf\u00eda el deterioro general\",\"datePublished\":\"2025-07-23T08:02:16+00:00\",\"mainEntityOfPage\":{\"@id\":\"https:\/\/gysfm.com.ar\/inicio\/el-segmento-que-desafia-el-deterioro-general\/\"},\"wordCount\":529,\"publisher\":{\"@id\":\"https:\/\/gysfm.com.ar\/inicio\/#organization\"},\"image\":{\"@id\":\"https:\/\/gysfm.com.ar\/inicio\/el-segmento-que-desafia-el-deterioro-general\/#primaryimage\"},\"thumbnailUrl\":\"https:\/\/gysfm.com.ar\/inicio\/wp-content\/uploads\/2025\/07\/alquiler-jovenesjpg.jpg\",\"articleSection\":[\"ECONOMIA\"],\"inLanguage\":\"es\"},{\"@type\":\"WebPage\",\"@id\":\"https:\/\/gysfm.com.ar\/inicio\/el-segmento-que-desafia-el-deterioro-general\/\",\"url\":\"https:\/\/gysfm.com.ar\/inicio\/el-segmento-que-desafia-el-deterioro-general\/\",\"name\":\"el segmento que desaf\u00eda el deterioro general - GYS NOTICIAS |\",\"isPartOf\":{\"@id\":\"https:\/\/gysfm.com.ar\/inicio\/#website\"},\"primaryImageOfPage\":{\"@id\":\"https:\/\/gysfm.com.ar\/inicio\/el-segmento-que-desafia-el-deterioro-general\/#primaryimage\"},\"image\":{\"@id\":\"https:\/\/gysfm.com.ar\/inicio\/el-segmento-que-desafia-el-deterioro-general\/#primaryimage\"},\"thumbnailUrl\":\"https:\/\/gysfm.com.ar\/inicio\/wp-content\/uploads\/2025\/07\/alquiler-jovenesjpg.jpg\",\"datePublished\":\"2025-07-23T08:02:16+00:00\",\"breadcrumb\":{\"@id\":\"https:\/\/gysfm.com.ar\/inicio\/el-segmento-que-desafia-el-deterioro-general\/#breadcrumb\"},\"inLanguage\":\"es\",\"potentialAction\":[{\"@type\":\"ReadAction\",\"target\":[\"https:\/\/gysfm.com.ar\/inicio\/el-segmento-que-desafia-el-deterioro-general\/\"]}]},{\"@type\":\"ImageObject\",\"inLanguage\":\"es\",\"@id\":\"https:\/\/gysfm.com.ar\/inicio\/el-segmento-que-desafia-el-deterioro-general\/#primaryimage\",\"url\":\"https:\/\/gysfm.com.ar\/inicio\/wp-content\/uploads\/2025\/07\/alquiler-jovenesjpg.jpg\",\"contentUrl\":\"https:\/\/gysfm.com.ar\/inicio\/wp-content\/uploads\/2025\/07\/alquiler-jovenesjpg.jpg\",\"width\":1200,\"height\":675},{\"@type\":\"BreadcrumbList\",\"@id\":\"https:\/\/gysfm.com.ar\/inicio\/el-segmento-que-desafia-el-deterioro-general\/#breadcrumb\",\"itemListElement\":[{\"@type\":\"ListItem\",\"position\":1,\"name\":\"Portada\",\"item\":\"https:\/\/gysfm.com.ar\/inicio\/\"},{\"@type\":\"ListItem\",\"position\":2,\"name\":\"el segmento que desaf\u00eda el deterioro general\"}]},{\"@type\":\"WebSite\",\"@id\":\"https:\/\/gysfm.com.ar\/inicio\/#website\",\"url\":\"https:\/\/gysfm.com.ar\/inicio\/\",\"name\":\"GYS NOTICIAS |\",\"description\":\"DIARIO - RADIO ONLINE SAN JUAN ARGENTINA\",\"publisher\":{\"@id\":\"https:\/\/gysfm.com.ar\/inicio\/#organization\"},\"potentialAction\":[{\"@type\":\"SearchAction\",\"target\":{\"@type\":\"EntryPoint\",\"urlTemplate\":\"https:\/\/gysfm.com.ar\/inicio\/?s={search_term_string}\"},\"query-input\":{\"@type\":\"PropertyValueSpecification\",\"valueRequired\":true,\"valueName\":\"search_term_string\"}}],\"inLanguage\":\"es\"},{\"@type\":\"Organization\",\"@id\":\"https:\/\/gysfm.com.ar\/inicio\/#organization\",\"name\":\"GYS NOTICIAS |\",\"url\":\"https:\/\/gysfm.com.ar\/inicio\/\",\"logo\":{\"@type\":\"ImageObject\",\"inLanguage\":\"es\",\"@id\":\"https:\/\/gysfm.com.ar\/inicio\/#\/schema\/logo\/image\/\",\"url\":\"https:\/\/gysfm.com.ar\/inicio\/wp-content\/uploads\/2023\/07\/LOGOGYS-OK.png\",\"contentUrl\":\"https:\/\/gysfm.com.ar\/inicio\/wp-content\/uploads\/2023\/07\/LOGOGYS-OK.png\",\"width\":1170,\"height\":872,\"caption\":\"GYS NOTICIAS |\"},\"image\":{\"@id\":\"https:\/\/gysfm.com.ar\/inicio\/#\/schema\/logo\/image\/\"}},{\"@type\":\"Person\",\"@id\":\"https:\/\/gysfm.com.ar\/inicio\/#\/schema\/person\/5bedd7ecd35cc35548d89effafa23696\",\"name\":\"admin\",\"image\":{\"@type\":\"ImageObject\",\"inLanguage\":\"es\",\"@id\":\"https:\/\/gysfm.com.ar\/inicio\/#\/schema\/person\/image\/\",\"url\":\"https:\/\/secure.gravatar.com\/avatar\/c331d312b5243fb64d5ba28108a447b27c925295129a363082c9ea52c28d32c2?s=96&d=mm&r=g\",\"contentUrl\":\"https:\/\/secure.gravatar.com\/avatar\/c331d312b5243fb64d5ba28108a447b27c925295129a363082c9ea52c28d32c2?s=96&d=mm&r=g\",\"caption\":\"admin\"},\"sameAs\":[\"https:\/\/gysfm.com.ar\/inicio\"],\"url\":\"https:\/\/gysfm.com.ar\/inicio\/author\/admin\/\"}]}<\/script>\n<!-- \/ Yoast SEO plugin. -->","yoast_head_json":{"title":"el segmento que desaf\u00eda el deterioro general - GYS NOTICIAS |","robots":{"index":"index","follow":"follow","max-snippet":"max-snippet:-1","max-image-preview":"max-image-preview:large","max-video-preview":"max-video-preview:-1"},"canonical":"https:\/\/gysfm.com.ar\/inicio\/el-segmento-que-desafia-el-deterioro-general\/","og_locale":"es_ES","og_type":"article","og_title":"el segmento que desaf\u00eda el deterioro general - GYS NOTICIAS |","og_description":"En un contexto de consumo resentido, los hogares argentinos con responsables de compra menores de 35 a\u00f1os muestran un comportamiento distintivo: resisten mejor la ca\u00edda, adoptan nuevas prioridades y marcan el pulso de una transformaci\u00f3n en los h\u00e1bitos de compra. As\u00ed lo revela el informe Shopper Day 2025 elaborado por Worldpanel by Numerator, que analiza [&hellip;]","og_url":"https:\/\/gysfm.com.ar\/inicio\/el-segmento-que-desafia-el-deterioro-general\/","og_site_name":"GYS NOTICIAS |","article_published_time":"2025-07-23T08:02:16+00:00","og_image":[{"url":"https:\/\/media.ambito.com\/p\/bc5a0340214ae9bb712c5a6fe37c331c\/adjuntos\/239\/imagenes\/041\/921\/0041921909\/jovenes-trabajopng.png","type":"","width":"","height":""}],"author":"admin","twitter_card":"summary_large_image","twitter_misc":{"Escrito por":"admin","Tiempo de lectura":"3 minutos"},"schema":{"@context":"https:\/\/schema.org","@graph":[{"@type":"Article","@id":"https:\/\/gysfm.com.ar\/inicio\/el-segmento-que-desafia-el-deterioro-general\/#article","isPartOf":{"@id":"https:\/\/gysfm.com.ar\/inicio\/el-segmento-que-desafia-el-deterioro-general\/"},"author":{"name":"admin","@id":"https:\/\/gysfm.com.ar\/inicio\/#\/schema\/person\/5bedd7ecd35cc35548d89effafa23696"},"headline":"el segmento que desaf\u00eda el deterioro general","datePublished":"2025-07-23T08:02:16+00:00","mainEntityOfPage":{"@id":"https:\/\/gysfm.com.ar\/inicio\/el-segmento-que-desafia-el-deterioro-general\/"},"wordCount":529,"publisher":{"@id":"https:\/\/gysfm.com.ar\/inicio\/#organization"},"image":{"@id":"https:\/\/gysfm.com.ar\/inicio\/el-segmento-que-desafia-el-deterioro-general\/#primaryimage"},"thumbnailUrl":"https:\/\/gysfm.com.ar\/inicio\/wp-content\/uploads\/2025\/07\/alquiler-jovenesjpg.jpg","articleSection":["ECONOMIA"],"inLanguage":"es"},{"@type":"WebPage","@id":"https:\/\/gysfm.com.ar\/inicio\/el-segmento-que-desafia-el-deterioro-general\/","url":"https:\/\/gysfm.com.ar\/inicio\/el-segmento-que-desafia-el-deterioro-general\/","name":"el segmento que desaf\u00eda el deterioro general - GYS NOTICIAS |","isPartOf":{"@id":"https:\/\/gysfm.com.ar\/inicio\/#website"},"primaryImageOfPage":{"@id":"https:\/\/gysfm.com.ar\/inicio\/el-segmento-que-desafia-el-deterioro-general\/#primaryimage"},"image":{"@id":"https:\/\/gysfm.com.ar\/inicio\/el-segmento-que-desafia-el-deterioro-general\/#primaryimage"},"thumbnailUrl":"https:\/\/gysfm.com.ar\/inicio\/wp-content\/uploads\/2025\/07\/alquiler-jovenesjpg.jpg","datePublished":"2025-07-23T08:02:16+00:00","breadcrumb":{"@id":"https:\/\/gysfm.com.ar\/inicio\/el-segmento-que-desafia-el-deterioro-general\/#breadcrumb"},"inLanguage":"es","potentialAction":[{"@type":"ReadAction","target":["https:\/\/gysfm.com.ar\/inicio\/el-segmento-que-desafia-el-deterioro-general\/"]}]},{"@type":"ImageObject","inLanguage":"es","@id":"https:\/\/gysfm.com.ar\/inicio\/el-segmento-que-desafia-el-deterioro-general\/#primaryimage","url":"https:\/\/gysfm.com.ar\/inicio\/wp-content\/uploads\/2025\/07\/alquiler-jovenesjpg.jpg","contentUrl":"https:\/\/gysfm.com.ar\/inicio\/wp-content\/uploads\/2025\/07\/alquiler-jovenesjpg.jpg","width":1200,"height":675},{"@type":"BreadcrumbList","@id":"https:\/\/gysfm.com.ar\/inicio\/el-segmento-que-desafia-el-deterioro-general\/#breadcrumb","itemListElement":[{"@type":"ListItem","position":1,"name":"Portada","item":"https:\/\/gysfm.com.ar\/inicio\/"},{"@type":"ListItem","position":2,"name":"el segmento que desaf\u00eda el deterioro general"}]},{"@type":"WebSite","@id":"https:\/\/gysfm.com.ar\/inicio\/#website","url":"https:\/\/gysfm.com.ar\/inicio\/","name":"GYS NOTICIAS |","description":"DIARIO - RADIO ONLINE SAN JUAN ARGENTINA","publisher":{"@id":"https:\/\/gysfm.com.ar\/inicio\/#organization"},"potentialAction":[{"@type":"SearchAction","target":{"@type":"EntryPoint","urlTemplate":"https:\/\/gysfm.com.ar\/inicio\/?s={search_term_string}"},"query-input":{"@type":"PropertyValueSpecification","valueRequired":true,"valueName":"search_term_string"}}],"inLanguage":"es"},{"@type":"Organization","@id":"https:\/\/gysfm.com.ar\/inicio\/#organization","name":"GYS NOTICIAS |","url":"https:\/\/gysfm.com.ar\/inicio\/","logo":{"@type":"ImageObject","inLanguage":"es","@id":"https:\/\/gysfm.com.ar\/inicio\/#\/schema\/logo\/image\/","url":"https:\/\/gysfm.com.ar\/inicio\/wp-content\/uploads\/2023\/07\/LOGOGYS-OK.png","contentUrl":"https:\/\/gysfm.com.ar\/inicio\/wp-content\/uploads\/2023\/07\/LOGOGYS-OK.png","width":1170,"height":872,"caption":"GYS NOTICIAS |"},"image":{"@id":"https:\/\/gysfm.com.ar\/inicio\/#\/schema\/logo\/image\/"}},{"@type":"Person","@id":"https:\/\/gysfm.com.ar\/inicio\/#\/schema\/person\/5bedd7ecd35cc35548d89effafa23696","name":"admin","image":{"@type":"ImageObject","inLanguage":"es","@id":"https:\/\/gysfm.com.ar\/inicio\/#\/schema\/person\/image\/","url":"https:\/\/secure.gravatar.com\/avatar\/c331d312b5243fb64d5ba28108a447b27c925295129a363082c9ea52c28d32c2?s=96&d=mm&r=g","contentUrl":"https:\/\/secure.gravatar.com\/avatar\/c331d312b5243fb64d5ba28108a447b27c925295129a363082c9ea52c28d32c2?s=96&d=mm&r=g","caption":"admin"},"sameAs":["https:\/\/gysfm.com.ar\/inicio"],"url":"https:\/\/gysfm.com.ar\/inicio\/author\/admin\/"}]}},"_links":{"self":[{"href":"https:\/\/gysfm.com.ar\/inicio\/wp-json\/wp\/v2\/posts\/138621","targetHints":{"allow":["GET"]}}],"collection":[{"href":"https:\/\/gysfm.com.ar\/inicio\/wp-json\/wp\/v2\/posts"}],"about":[{"href":"https:\/\/gysfm.com.ar\/inicio\/wp-json\/wp\/v2\/types\/post"}],"author":[{"embeddable":true,"href":"https:\/\/gysfm.com.ar\/inicio\/wp-json\/wp\/v2\/users\/1"}],"replies":[{"embeddable":true,"href":"https:\/\/gysfm.com.ar\/inicio\/wp-json\/wp\/v2\/comments?post=138621"}],"version-history":[{"count":0,"href":"https:\/\/gysfm.com.ar\/inicio\/wp-json\/wp\/v2\/posts\/138621\/revisions"}],"wp:featuredmedia":[{"embeddable":true,"href":"https:\/\/gysfm.com.ar\/inicio\/wp-json\/wp\/v2\/media\/138622"}],"wp:attachment":[{"href":"https:\/\/gysfm.com.ar\/inicio\/wp-json\/wp\/v2\/media?parent=138621"}],"wp:term":[{"taxonomy":"category","embeddable":true,"href":"https:\/\/gysfm.com.ar\/inicio\/wp-json\/wp\/v2\/categories?post=138621"},{"taxonomy":"post_tag","embeddable":true,"href":"https:\/\/gysfm.com.ar\/inicio\/wp-json\/wp\/v2\/tags?post=138621"}],"curies":[{"name":"wp","href":"https:\/\/api.w.org\/{rel}","templated":true}]}}