{"id":138618,"date":"2025-07-23T04:51:06","date_gmt":"2025-07-23T07:51:06","guid":{"rendered":"https:\/\/gysfm.com.ar\/inicio\/el-pueblo-pesquero-de-europa-que-podria-convertirse-en-patrimonio-de-la-humanidad\/"},"modified":"2025-07-23T04:51:08","modified_gmt":"2025-07-23T07:51:08","slug":"el-pueblo-pesquero-de-europa-que-podria-convertirse-en-patrimonio-de-la-humanidad","status":"publish","type":"post","link":"https:\/\/gysfm.com.ar\/inicio\/el-pueblo-pesquero-de-europa-que-podria-convertirse-en-patrimonio-de-la-humanidad\/","title":{"rendered":"El pueblo pesquero de Europa que podr\u00eda convertirse en Patrimonio de la Humanidad"},"content":{"rendered":"<p><\/p>\n<div>\n<p class=\"com-paragraph  --capital --s\">En este rinc\u00f3n blanco y rocoso de la Costa Brava, el arte y el mar se funden como si fueran uno solo. <strong>Cadaqu\u00e9s no solo es una postal perfecta: tambi\u00e9n <\/strong><a href=\"https:\/\/www.lanacion.com.ar\/revista-lugares\/cadaques-el-pueblo-blanco-que-eligio-dali-para-montar-su-casa-taller-nid11122022\/\" target=\"_self\" title=\"https:\/\/www.lanacion.com.ar\/revista-lugares\/cadaques-el-pueblo-blanco-que-eligio-dali-para-montar-su-casa-taller-nid11122022\/\" class=\"com-link\" data-mrf-recirculation=\"n_link_parrafo\"><strong>es el lugar que encendi\u00f3 la imaginaci\u00f3n de Salvador Dal\u00ed<\/strong><\/a>, el genio del surrealismo, quien encontr\u00f3 en sus acantilados, su luz y su silencio, la materia prima para muchas de sus obras m\u00e1s inquietantes. Hoy, este pueblo busca un nuevo reconocimiento: <a href=\"https:\/\/www.lanacion.com.ar\/lifestyle\/ranking-los-12-sitios-declarados-patrimonio-de-la-humanidad-de-argentina-y-los-10-paises-que-mas-nid30072024\/\" target=\"_self\" title=\"https:\/\/www.lanacion.com.ar\/lifestyle\/ranking-los-12-sitios-declarados-patrimonio-de-la-humanidad-de-argentina-y-los-10-paises-que-mas-nid30072024\/\" class=\"com-link\" data-mrf-recirculation=\"n_link_parrafo\"><strong>ser declarado Patrimonio de la Humanidad<\/strong><\/a><strong> por la UNESCO.<\/strong><\/p>\n<p class=\"com-paragraph   --s\">Situado en el extremo oriental de la pen\u00ednsula ib\u00e9rica, Cadaqu\u00e9s es un pueblo junto al mar que ha logrado mantener su identidad con el paso del tiempo. Con una poblaci\u00f3n que ronda los 3000 habitantes, este municipio de Girona<strong> se caracteriza por su arquitectura mediterr\u00e1nea, sus calles empedradas y su estrecha relaci\u00f3n con el mar<\/strong>. Su aislamiento geogr\u00e1fico, rodeado por las monta\u00f1as del Parque Natural del Cap de Creus, ha contribuido a mantener intacto su patrimonio cultural y natural.<\/p>\n<div class=\"content-media\">\n<section role=\"button\" class=\"mod-media   \">\n<figure role=\"button\" class=\"mod-figure \"><figcaption class=\"mod-figcaption\"><span class=\"com-text --caption --twoxs\">La vista desde el mar permite apreciar la ubicaci\u00f3n del pueblo y su conexi\u00f3n con el paisaje mar\u00edtimo<\/span><span class=\"com-text --credit --twoxs\">Shutterstock<\/span><\/figcaption><\/figure>\n<\/section>\n<\/div>\n<p class=\"com-paragraph   --s\">La historia de Cadaqu\u00e9s est\u00e1 marcada por su vinculaci\u00f3n con el arte y la cultura. A principios del siglo XX, este pueblo se convirti\u00f3 en un refugio para artistas, escritores y pensadores. Figuras como <strong>Pablo Picasso, Federico Garc\u00eda Lorca, Marcel Duchamp y Joan Mir\u00f3 encontraron en sus paisajes una fuente inagotable de inspiraci\u00f3n.<\/strong><\/p>\n<div class=\"content-media\">\n<section role=\"button\" class=\"mod-media   \">\n<figure role=\"button\" class=\"mod-figure \"><figcaption class=\"mod-figcaption\"><span class=\"com-text --caption --twoxs\">Las viviendas blancas con vista al mar reflejan el estilo mediterr\u00e1neo caracter\u00edstico de la localidad<\/span><span class=\"com-text --credit --twoxs\">Carola Cinto<\/span><\/figcaption><\/figure>\n<\/section>\n<\/div>\n<div class=\"content-media\">\n<section role=\"button\" class=\"mod-media   \">\n<figure role=\"button\" class=\"mod-figure \"><figcaption class=\"mod-figcaption\"><span class=\"com-text --caption --twoxs\">La figura de Salvador Dal\u00ed est\u00e1 presente en el pueblo a trav\u00e9s de monumentos que recuerdan su v\u00ednculo con la zona<\/span><span class=\"com-text --credit --twoxs\">Corbis<\/span><\/figcaption><\/figure>\n<\/section>\n<\/div>\n<p class=\"com-paragraph   --s\">Sin embargo, fue Salvador Dal\u00ed quien dej\u00f3 una huella imborrable en la identidad de Cadaqu\u00e9s. <strong>El artista pas\u00f3 gran parte de su vida en Portlligat, una peque\u00f1a cala cercana, donde transform\u00f3 unas antiguas barracas de pescadores en su hogar<\/strong> <strong>y estudio.<\/strong> All\u00ed, junto a su esposa y musa Gala, cre\u00f3 algunas de sus obras m\u00e1s emblem\u00e1ticas. Hoy, la Casa-Museo Salvador Dal\u00ed es uno de los principales atractivos tur\u00edsticos de la regi\u00f3n.<\/p>\n<p class=\"com-paragraph   --s\"><strong>El casco antiguo de Cadaqu\u00e9s conserva su trazado medieval, con calles estrechas y sinuosas que desembocan en el mar.<\/strong> Las casas encaladas, los techos de teja roja y los detalles arquitect\u00f3nicos reflejan la influencia de diversas culturas que han dejado su impronta a lo largo de los siglos. La iglesia de Santa Mar\u00eda, construida en el siglo XVII, destaca por su ubicaci\u00f3n en lo alto del pueblo y su estilo barroco. <\/p>\n<div class=\"content-media\">\n<section role=\"button\" class=\"mod-media   \">\n<figure role=\"button\" class=\"mod-figure \"><figcaption class=\"mod-figcaption\"><span class=\"com-text --caption --twoxs\">Joia es una helader\u00eda de Cadaqu\u00e9s reconocida por sus sabores ex\u00f3ticos y su elaboraci\u00f3n artesanal<\/span><span class=\"com-text --credit --twoxs\">Mariana Eliano<\/span><\/figcaption><\/figure>\n<\/section>\n<\/div>\n<div class=\"content-media\">\n<section role=\"button\" class=\"mod-media   \">\n<figure role=\"button\" class=\"mod-figure \"><figcaption class=\"mod-figcaption\"><span class=\"com-text --caption --twoxs\">Las lanchas pesqueras forman parte del paisaje habitual y recuerdan el origen mar\u00edtimo del pueblo<\/span><span class=\"com-text --credit --twoxs\">Shutterstock<\/span><\/figcaption><\/figure>\n<\/section>\n<\/div>\n<div class=\"content-media\">\n<section role=\"button\" class=\"mod-media   \">\n<figure role=\"button\" class=\"mod-figure \"><figcaption class=\"mod-figcaption\"><span class=\"com-text --caption --twoxs\">Las calles angostas y las casas blancas que dan al mar conservan la identidad arquitect\u00f3nica del lugar<\/span><span class=\"com-text --credit --twoxs\">Mar\u00eda Jos\u00e9 Lucesole<\/span><\/figcaption><\/figure>\n<\/section>\n<\/div>\n<p class=\"com-paragraph   --s\">Adem\u00e1s, <strong>este pueblo pesquero es un importante patrimonio de la cultura espa\u00f1ola.<\/strong> Cuenta con museos y galer\u00edas que exhiben obras de artistas locales e internacionales que han encontrado inspiraci\u00f3n en la belleza del entorno.<\/p>\n<p><iframe loading=\"lazy\" title=\"Cadaqu\u00e9s | Relaxing Video | Catalunya en 4K\" width=\"1170\" height=\"658\" src=\"https:\/\/www.youtube.com\/embed\/de8LKS5rz_s?wmode=transparent&amp;rel=0&amp;feature=oembed\" frameborder=\"0\" allow=\"accelerometer; autoplay; clipboard-write; encrypted-media; gyroscope; picture-in-picture; web-share\" referrerpolicy=\"strict-origin-when-cross-origin\" allowfullscreen><\/iframe><\/p>\n<div class=\"content-media\">\n<section role=\"button\" class=\"mod-media   \">\n<figure role=\"button\" class=\"mod-figure \"><figcaption class=\"mod-figcaption\"><span class=\"com-text --caption --twoxs\">La luz natural acent\u00faa el blanco de las construcciones y resalta la fisonom\u00eda del pueblo<\/span><span class=\"com-text --credit --twoxs\">Corbis<\/span><\/figcaption><\/figure>\n<\/section>\n<\/div>\n<p class=\"com-paragraph   --s\">Adem\u00e1s de su riqueza cultural, Cadaqu\u00e9s ofrece un entorno natural privilegiado sobre la imponente Costa Brava. Las calas escondidas <strong>\u2014peque\u00f1as playas o ensenadas de dif\u00edcil acceso\u2014<\/strong>, junto con las aguas cristalinas y los paisajes rocosos del Parque Natural del Cap de Creus, han inspirado a generaciones de artistas. Este equilibrio entre patrimonio arquitect\u00f3nico, cultural y natural<strong> convierte a Cadaqu\u00e9s en un candidato ideal para ser reconocido como Patrimonio de la Humanidad por la UNESCO.<\/strong><\/p>\n<p class=\"com-paragraph   --s\"><strong>En la actualidad, Cadaqu\u00e9s contin\u00faa siendo un punto de encuentro para amantes del arte, la historia y la naturaleza.<\/strong> Su atm\u00f3sfera \u00fanica, su legado art\u00edstico y su compromiso con la conservaci\u00f3n de su patrimonio lo posicionan como un tesoro de la Costa Brava que merece ser descubierto y protegido para las futuras generaciones.<\/p>\n<section class=\"container-center-100 mb-40 border border-bottom border-thin border-neutral-light-700\">\n<hr\/>\n<\/section>\n<\/div>\n","protected":false},"excerpt":{"rendered":"<p>En este rinc\u00f3n blanco y rocoso de la Costa Brava, el arte y el mar se funden como si fueran uno solo. Cadaqu\u00e9s no solo es una postal perfecta: tambi\u00e9n es el lugar que encendi\u00f3 la imaginaci\u00f3n de Salvador Dal\u00ed, el genio del surrealismo, quien encontr\u00f3 en sus acantilados, su luz y su silencio, la [&hellip;]<\/p>\n","protected":false},"author":1,"featured_media":138619,"comment_status":"closed","ping_status":"closed","sticky":false,"template":"","format":"standard","meta":{"footnotes":""},"categories":[28],"tags":[],"class_list":["post-138618","post","type-post","status-publish","format-standard","has-post-thumbnail","hentry","category-economia"],"yoast_head":"<!-- This site is optimized with the Yoast SEO plugin v24.4 - https:\/\/yoast.com\/wordpress\/plugins\/seo\/ -->\n<title>El pueblo pesquero de Europa que podr\u00eda convertirse en Patrimonio de la Humanidad - GYS NOTICIAS |<\/title>\n<meta name=\"robots\" content=\"index, follow, max-snippet:-1, max-image-preview:large, max-video-preview:-1\" \/>\n<link rel=\"canonical\" href=\"https:\/\/gysfm.com.ar\/inicio\/el-pueblo-pesquero-de-europa-que-podria-convertirse-en-patrimonio-de-la-humanidad\/\" \/>\n<meta property=\"og:locale\" content=\"es_ES\" \/>\n<meta property=\"og:type\" content=\"article\" \/>\n<meta property=\"og:title\" content=\"El pueblo pesquero de Europa que podr\u00eda convertirse en Patrimonio de la Humanidad - GYS NOTICIAS |\" \/>\n<meta property=\"og:description\" content=\"En este rinc\u00f3n blanco y rocoso de la Costa Brava, el arte y el mar se funden como si fueran uno solo. Cadaqu\u00e9s no solo es una postal perfecta: tambi\u00e9n es el lugar que encendi\u00f3 la imaginaci\u00f3n de Salvador Dal\u00ed, el genio del surrealismo, quien encontr\u00f3 en sus acantilados, su luz y su silencio, la [&hellip;]\" \/>\n<meta property=\"og:url\" content=\"https:\/\/gysfm.com.ar\/inicio\/el-pueblo-pesquero-de-europa-que-podria-convertirse-en-patrimonio-de-la-humanidad\/\" \/>\n<meta property=\"og:site_name\" content=\"GYS NOTICIAS |\" \/>\n<meta property=\"article:published_time\" content=\"2025-07-23T07:51:06+00:00\" \/>\n<meta property=\"article:modified_time\" content=\"2025-07-23T07:51:08+00:00\" \/>\n<meta property=\"og:image\" content=\"https:\/\/gysfm.com.ar\/inicio\/wp-content\/uploads\/2025\/07\/cadaques-el-pueblo-pesquero-en-espana-que-inspiro-XP2XYM56HNC4ZMKSHITSJAPWFU.JPG\" \/>\n\t<meta property=\"og:image:width\" content=\"1200\" \/>\n\t<meta property=\"og:image:height\" content=\"800\" \/>\n\t<meta property=\"og:image:type\" content=\"image\/jpeg\" \/>\n<meta name=\"author\" content=\"admin\" \/>\n<meta name=\"twitter:card\" content=\"summary_large_image\" \/>\n<meta name=\"twitter:label1\" content=\"Escrito por\" \/>\n\t<meta name=\"twitter:data1\" content=\"admin\" \/>\n\t<meta name=\"twitter:label2\" content=\"Tiempo de lectura\" \/>\n\t<meta name=\"twitter:data2\" content=\"3 minutos\" \/>\n<script type=\"application\/ld+json\" class=\"yoast-schema-graph\">{\"@context\":\"https:\/\/schema.org\",\"@graph\":[{\"@type\":\"Article\",\"@id\":\"https:\/\/gysfm.com.ar\/inicio\/el-pueblo-pesquero-de-europa-que-podria-convertirse-en-patrimonio-de-la-humanidad\/#article\",\"isPartOf\":{\"@id\":\"https:\/\/gysfm.com.ar\/inicio\/el-pueblo-pesquero-de-europa-que-podria-convertirse-en-patrimonio-de-la-humanidad\/\"},\"author\":{\"name\":\"admin\",\"@id\":\"https:\/\/gysfm.com.ar\/inicio\/#\/schema\/person\/5bedd7ecd35cc35548d89effafa23696\"},\"headline\":\"El pueblo pesquero de Europa que podr\u00eda convertirse en Patrimonio de la Humanidad\",\"datePublished\":\"2025-07-23T07:51:06+00:00\",\"dateModified\":\"2025-07-23T07:51:08+00:00\",\"mainEntityOfPage\":{\"@id\":\"https:\/\/gysfm.com.ar\/inicio\/el-pueblo-pesquero-de-europa-que-podria-convertirse-en-patrimonio-de-la-humanidad\/\"},\"wordCount\":725,\"publisher\":{\"@id\":\"https:\/\/gysfm.com.ar\/inicio\/#organization\"},\"image\":{\"@id\":\"https:\/\/gysfm.com.ar\/inicio\/el-pueblo-pesquero-de-europa-que-podria-convertirse-en-patrimonio-de-la-humanidad\/#primaryimage\"},\"thumbnailUrl\":\"https:\/\/gysfm.com.ar\/inicio\/wp-content\/uploads\/2025\/07\/cadaques-el-pueblo-pesquero-en-espana-que-inspiro-XP2XYM56HNC4ZMKSHITSJAPWFU.JPG\",\"articleSection\":[\"ECONOMIA\"],\"inLanguage\":\"es\"},{\"@type\":\"WebPage\",\"@id\":\"https:\/\/gysfm.com.ar\/inicio\/el-pueblo-pesquero-de-europa-que-podria-convertirse-en-patrimonio-de-la-humanidad\/\",\"url\":\"https:\/\/gysfm.com.ar\/inicio\/el-pueblo-pesquero-de-europa-que-podria-convertirse-en-patrimonio-de-la-humanidad\/\",\"name\":\"El pueblo pesquero de Europa que podr\u00eda convertirse en Patrimonio de la Humanidad - GYS NOTICIAS |\",\"isPartOf\":{\"@id\":\"https:\/\/gysfm.com.ar\/inicio\/#website\"},\"primaryImageOfPage\":{\"@id\":\"https:\/\/gysfm.com.ar\/inicio\/el-pueblo-pesquero-de-europa-que-podria-convertirse-en-patrimonio-de-la-humanidad\/#primaryimage\"},\"image\":{\"@id\":\"https:\/\/gysfm.com.ar\/inicio\/el-pueblo-pesquero-de-europa-que-podria-convertirse-en-patrimonio-de-la-humanidad\/#primaryimage\"},\"thumbnailUrl\":\"https:\/\/gysfm.com.ar\/inicio\/wp-content\/uploads\/2025\/07\/cadaques-el-pueblo-pesquero-en-espana-que-inspiro-XP2XYM56HNC4ZMKSHITSJAPWFU.JPG\",\"datePublished\":\"2025-07-23T07:51:06+00:00\",\"dateModified\":\"2025-07-23T07:51:08+00:00\",\"breadcrumb\":{\"@id\":\"https:\/\/gysfm.com.ar\/inicio\/el-pueblo-pesquero-de-europa-que-podria-convertirse-en-patrimonio-de-la-humanidad\/#breadcrumb\"},\"inLanguage\":\"es\",\"potentialAction\":[{\"@type\":\"ReadAction\",\"target\":[\"https:\/\/gysfm.com.ar\/inicio\/el-pueblo-pesquero-de-europa-que-podria-convertirse-en-patrimonio-de-la-humanidad\/\"]}]},{\"@type\":\"ImageObject\",\"inLanguage\":\"es\",\"@id\":\"https:\/\/gysfm.com.ar\/inicio\/el-pueblo-pesquero-de-europa-que-podria-convertirse-en-patrimonio-de-la-humanidad\/#primaryimage\",\"url\":\"https:\/\/gysfm.com.ar\/inicio\/wp-content\/uploads\/2025\/07\/cadaques-el-pueblo-pesquero-en-espana-que-inspiro-XP2XYM56HNC4ZMKSHITSJAPWFU.JPG\",\"contentUrl\":\"https:\/\/gysfm.com.ar\/inicio\/wp-content\/uploads\/2025\/07\/cadaques-el-pueblo-pesquero-en-espana-que-inspiro-XP2XYM56HNC4ZMKSHITSJAPWFU.JPG\",\"width\":1200,\"height\":800},{\"@type\":\"BreadcrumbList\",\"@id\":\"https:\/\/gysfm.com.ar\/inicio\/el-pueblo-pesquero-de-europa-que-podria-convertirse-en-patrimonio-de-la-humanidad\/#breadcrumb\",\"itemListElement\":[{\"@type\":\"ListItem\",\"position\":1,\"name\":\"Portada\",\"item\":\"https:\/\/gysfm.com.ar\/inicio\/\"},{\"@type\":\"ListItem\",\"position\":2,\"name\":\"El pueblo pesquero de Europa que podr\u00eda convertirse en Patrimonio de la Humanidad\"}]},{\"@type\":\"WebSite\",\"@id\":\"https:\/\/gysfm.com.ar\/inicio\/#website\",\"url\":\"https:\/\/gysfm.com.ar\/inicio\/\",\"name\":\"GYS NOTICIAS |\",\"description\":\"DIARIO - RADIO ONLINE SAN JUAN ARGENTINA\",\"publisher\":{\"@id\":\"https:\/\/gysfm.com.ar\/inicio\/#organization\"},\"potentialAction\":[{\"@type\":\"SearchAction\",\"target\":{\"@type\":\"EntryPoint\",\"urlTemplate\":\"https:\/\/gysfm.com.ar\/inicio\/?s={search_term_string}\"},\"query-input\":{\"@type\":\"PropertyValueSpecification\",\"valueRequired\":true,\"valueName\":\"search_term_string\"}}],\"inLanguage\":\"es\"},{\"@type\":\"Organization\",\"@id\":\"https:\/\/gysfm.com.ar\/inicio\/#organization\",\"name\":\"GYS NOTICIAS |\",\"url\":\"https:\/\/gysfm.com.ar\/inicio\/\",\"logo\":{\"@type\":\"ImageObject\",\"inLanguage\":\"es\",\"@id\":\"https:\/\/gysfm.com.ar\/inicio\/#\/schema\/logo\/image\/\",\"url\":\"https:\/\/gysfm.com.ar\/inicio\/wp-content\/uploads\/2023\/07\/LOGOGYS-OK.png\",\"contentUrl\":\"https:\/\/gysfm.com.ar\/inicio\/wp-content\/uploads\/2023\/07\/LOGOGYS-OK.png\",\"width\":1170,\"height\":872,\"caption\":\"GYS NOTICIAS |\"},\"image\":{\"@id\":\"https:\/\/gysfm.com.ar\/inicio\/#\/schema\/logo\/image\/\"}},{\"@type\":\"Person\",\"@id\":\"https:\/\/gysfm.com.ar\/inicio\/#\/schema\/person\/5bedd7ecd35cc35548d89effafa23696\",\"name\":\"admin\",\"image\":{\"@type\":\"ImageObject\",\"inLanguage\":\"es\",\"@id\":\"https:\/\/gysfm.com.ar\/inicio\/#\/schema\/person\/image\/\",\"url\":\"https:\/\/secure.gravatar.com\/avatar\/c331d312b5243fb64d5ba28108a447b27c925295129a363082c9ea52c28d32c2?s=96&d=mm&r=g\",\"contentUrl\":\"https:\/\/secure.gravatar.com\/avatar\/c331d312b5243fb64d5ba28108a447b27c925295129a363082c9ea52c28d32c2?s=96&d=mm&r=g\",\"caption\":\"admin\"},\"sameAs\":[\"https:\/\/gysfm.com.ar\/inicio\"],\"url\":\"https:\/\/gysfm.com.ar\/inicio\/author\/admin\/\"}]}<\/script>\n<!-- \/ Yoast SEO plugin. -->","yoast_head_json":{"title":"El pueblo pesquero de Europa que podr\u00eda convertirse en Patrimonio de la Humanidad - GYS NOTICIAS |","robots":{"index":"index","follow":"follow","max-snippet":"max-snippet:-1","max-image-preview":"max-image-preview:large","max-video-preview":"max-video-preview:-1"},"canonical":"https:\/\/gysfm.com.ar\/inicio\/el-pueblo-pesquero-de-europa-que-podria-convertirse-en-patrimonio-de-la-humanidad\/","og_locale":"es_ES","og_type":"article","og_title":"El pueblo pesquero de Europa que podr\u00eda convertirse en Patrimonio de la Humanidad - GYS NOTICIAS |","og_description":"En este rinc\u00f3n blanco y rocoso de la Costa Brava, el arte y el mar se funden como si fueran uno solo. Cadaqu\u00e9s no solo es una postal perfecta: tambi\u00e9n es el lugar que encendi\u00f3 la imaginaci\u00f3n de Salvador Dal\u00ed, el genio del surrealismo, quien encontr\u00f3 en sus acantilados, su luz y su silencio, la [&hellip;]","og_url":"https:\/\/gysfm.com.ar\/inicio\/el-pueblo-pesquero-de-europa-que-podria-convertirse-en-patrimonio-de-la-humanidad\/","og_site_name":"GYS NOTICIAS |","article_published_time":"2025-07-23T07:51:06+00:00","article_modified_time":"2025-07-23T07:51:08+00:00","og_image":[{"width":1200,"height":800,"url":"https:\/\/gysfm.com.ar\/inicio\/wp-content\/uploads\/2025\/07\/cadaques-el-pueblo-pesquero-en-espana-que-inspiro-XP2XYM56HNC4ZMKSHITSJAPWFU.JPG","type":"image\/jpeg"}],"author":"admin","twitter_card":"summary_large_image","twitter_misc":{"Escrito por":"admin","Tiempo de lectura":"3 minutos"},"schema":{"@context":"https:\/\/schema.org","@graph":[{"@type":"Article","@id":"https:\/\/gysfm.com.ar\/inicio\/el-pueblo-pesquero-de-europa-que-podria-convertirse-en-patrimonio-de-la-humanidad\/#article","isPartOf":{"@id":"https:\/\/gysfm.com.ar\/inicio\/el-pueblo-pesquero-de-europa-que-podria-convertirse-en-patrimonio-de-la-humanidad\/"},"author":{"name":"admin","@id":"https:\/\/gysfm.com.ar\/inicio\/#\/schema\/person\/5bedd7ecd35cc35548d89effafa23696"},"headline":"El pueblo pesquero de Europa que podr\u00eda convertirse en Patrimonio de la Humanidad","datePublished":"2025-07-23T07:51:06+00:00","dateModified":"2025-07-23T07:51:08+00:00","mainEntityOfPage":{"@id":"https:\/\/gysfm.com.ar\/inicio\/el-pueblo-pesquero-de-europa-que-podria-convertirse-en-patrimonio-de-la-humanidad\/"},"wordCount":725,"publisher":{"@id":"https:\/\/gysfm.com.ar\/inicio\/#organization"},"image":{"@id":"https:\/\/gysfm.com.ar\/inicio\/el-pueblo-pesquero-de-europa-que-podria-convertirse-en-patrimonio-de-la-humanidad\/#primaryimage"},"thumbnailUrl":"https:\/\/gysfm.com.ar\/inicio\/wp-content\/uploads\/2025\/07\/cadaques-el-pueblo-pesquero-en-espana-que-inspiro-XP2XYM56HNC4ZMKSHITSJAPWFU.JPG","articleSection":["ECONOMIA"],"inLanguage":"es"},{"@type":"WebPage","@id":"https:\/\/gysfm.com.ar\/inicio\/el-pueblo-pesquero-de-europa-que-podria-convertirse-en-patrimonio-de-la-humanidad\/","url":"https:\/\/gysfm.com.ar\/inicio\/el-pueblo-pesquero-de-europa-que-podria-convertirse-en-patrimonio-de-la-humanidad\/","name":"El pueblo pesquero de Europa que podr\u00eda convertirse en Patrimonio de la Humanidad - GYS NOTICIAS |","isPartOf":{"@id":"https:\/\/gysfm.com.ar\/inicio\/#website"},"primaryImageOfPage":{"@id":"https:\/\/gysfm.com.ar\/inicio\/el-pueblo-pesquero-de-europa-que-podria-convertirse-en-patrimonio-de-la-humanidad\/#primaryimage"},"image":{"@id":"https:\/\/gysfm.com.ar\/inicio\/el-pueblo-pesquero-de-europa-que-podria-convertirse-en-patrimonio-de-la-humanidad\/#primaryimage"},"thumbnailUrl":"https:\/\/gysfm.com.ar\/inicio\/wp-content\/uploads\/2025\/07\/cadaques-el-pueblo-pesquero-en-espana-que-inspiro-XP2XYM56HNC4ZMKSHITSJAPWFU.JPG","datePublished":"2025-07-23T07:51:06+00:00","dateModified":"2025-07-23T07:51:08+00:00","breadcrumb":{"@id":"https:\/\/gysfm.com.ar\/inicio\/el-pueblo-pesquero-de-europa-que-podria-convertirse-en-patrimonio-de-la-humanidad\/#breadcrumb"},"inLanguage":"es","potentialAction":[{"@type":"ReadAction","target":["https:\/\/gysfm.com.ar\/inicio\/el-pueblo-pesquero-de-europa-que-podria-convertirse-en-patrimonio-de-la-humanidad\/"]}]},{"@type":"ImageObject","inLanguage":"es","@id":"https:\/\/gysfm.com.ar\/inicio\/el-pueblo-pesquero-de-europa-que-podria-convertirse-en-patrimonio-de-la-humanidad\/#primaryimage","url":"https:\/\/gysfm.com.ar\/inicio\/wp-content\/uploads\/2025\/07\/cadaques-el-pueblo-pesquero-en-espana-que-inspiro-XP2XYM56HNC4ZMKSHITSJAPWFU.JPG","contentUrl":"https:\/\/gysfm.com.ar\/inicio\/wp-content\/uploads\/2025\/07\/cadaques-el-pueblo-pesquero-en-espana-que-inspiro-XP2XYM56HNC4ZMKSHITSJAPWFU.JPG","width":1200,"height":800},{"@type":"BreadcrumbList","@id":"https:\/\/gysfm.com.ar\/inicio\/el-pueblo-pesquero-de-europa-que-podria-convertirse-en-patrimonio-de-la-humanidad\/#breadcrumb","itemListElement":[{"@type":"ListItem","position":1,"name":"Portada","item":"https:\/\/gysfm.com.ar\/inicio\/"},{"@type":"ListItem","position":2,"name":"El pueblo pesquero de Europa que podr\u00eda convertirse en Patrimonio de la Humanidad"}]},{"@type":"WebSite","@id":"https:\/\/gysfm.com.ar\/inicio\/#website","url":"https:\/\/gysfm.com.ar\/inicio\/","name":"GYS NOTICIAS |","description":"DIARIO - RADIO ONLINE SAN JUAN ARGENTINA","publisher":{"@id":"https:\/\/gysfm.com.ar\/inicio\/#organization"},"potentialAction":[{"@type":"SearchAction","target":{"@type":"EntryPoint","urlTemplate":"https:\/\/gysfm.com.ar\/inicio\/?s={search_term_string}"},"query-input":{"@type":"PropertyValueSpecification","valueRequired":true,"valueName":"search_term_string"}}],"inLanguage":"es"},{"@type":"Organization","@id":"https:\/\/gysfm.com.ar\/inicio\/#organization","name":"GYS NOTICIAS |","url":"https:\/\/gysfm.com.ar\/inicio\/","logo":{"@type":"ImageObject","inLanguage":"es","@id":"https:\/\/gysfm.com.ar\/inicio\/#\/schema\/logo\/image\/","url":"https:\/\/gysfm.com.ar\/inicio\/wp-content\/uploads\/2023\/07\/LOGOGYS-OK.png","contentUrl":"https:\/\/gysfm.com.ar\/inicio\/wp-content\/uploads\/2023\/07\/LOGOGYS-OK.png","width":1170,"height":872,"caption":"GYS NOTICIAS |"},"image":{"@id":"https:\/\/gysfm.com.ar\/inicio\/#\/schema\/logo\/image\/"}},{"@type":"Person","@id":"https:\/\/gysfm.com.ar\/inicio\/#\/schema\/person\/5bedd7ecd35cc35548d89effafa23696","name":"admin","image":{"@type":"ImageObject","inLanguage":"es","@id":"https:\/\/gysfm.com.ar\/inicio\/#\/schema\/person\/image\/","url":"https:\/\/secure.gravatar.com\/avatar\/c331d312b5243fb64d5ba28108a447b27c925295129a363082c9ea52c28d32c2?s=96&d=mm&r=g","contentUrl":"https:\/\/secure.gravatar.com\/avatar\/c331d312b5243fb64d5ba28108a447b27c925295129a363082c9ea52c28d32c2?s=96&d=mm&r=g","caption":"admin"},"sameAs":["https:\/\/gysfm.com.ar\/inicio"],"url":"https:\/\/gysfm.com.ar\/inicio\/author\/admin\/"}]}},"_links":{"self":[{"href":"https:\/\/gysfm.com.ar\/inicio\/wp-json\/wp\/v2\/posts\/138618","targetHints":{"allow":["GET"]}}],"collection":[{"href":"https:\/\/gysfm.com.ar\/inicio\/wp-json\/wp\/v2\/posts"}],"about":[{"href":"https:\/\/gysfm.com.ar\/inicio\/wp-json\/wp\/v2\/types\/post"}],"author":[{"embeddable":true,"href":"https:\/\/gysfm.com.ar\/inicio\/wp-json\/wp\/v2\/users\/1"}],"replies":[{"embeddable":true,"href":"https:\/\/gysfm.com.ar\/inicio\/wp-json\/wp\/v2\/comments?post=138618"}],"version-history":[{"count":1,"href":"https:\/\/gysfm.com.ar\/inicio\/wp-json\/wp\/v2\/posts\/138618\/revisions"}],"predecessor-version":[{"id":138620,"href":"https:\/\/gysfm.com.ar\/inicio\/wp-json\/wp\/v2\/posts\/138618\/revisions\/138620"}],"wp:featuredmedia":[{"embeddable":true,"href":"https:\/\/gysfm.com.ar\/inicio\/wp-json\/wp\/v2\/media\/138619"}],"wp:attachment":[{"href":"https:\/\/gysfm.com.ar\/inicio\/wp-json\/wp\/v2\/media?parent=138618"}],"wp:term":[{"taxonomy":"category","embeddable":true,"href":"https:\/\/gysfm.com.ar\/inicio\/wp-json\/wp\/v2\/categories?post=138618"},{"taxonomy":"post_tag","embeddable":true,"href":"https:\/\/gysfm.com.ar\/inicio\/wp-json\/wp\/v2\/tags?post=138618"}],"curies":[{"name":"wp","href":"https:\/\/api.w.org\/{rel}","templated":true}]}}