{"id":138615,"date":"2025-07-23T04:50:05","date_gmt":"2025-07-23T07:50:05","guid":{"rendered":"https:\/\/gysfm.com.ar\/inicio\/europa-endurece-su-postura-ante-israel-por-la-muerte-de-civiles-en-gaza-pero-alemania-evita-romper-filas\/"},"modified":"2025-07-23T04:50:05","modified_gmt":"2025-07-23T07:50:05","slug":"europa-endurece-su-postura-ante-israel-por-la-muerte-de-civiles-en-gaza-pero-alemania-evita-romper-filas","status":"publish","type":"post","link":"https:\/\/gysfm.com.ar\/inicio\/europa-endurece-su-postura-ante-israel-por-la-muerte-de-civiles-en-gaza-pero-alemania-evita-romper-filas\/","title":{"rendered":"Europa endurece su postura ante Israel por la muerte de civiles en Gaza, pero Alemania evita romper filas"},"content":{"rendered":"<p> <br \/>\n<\/p>\n<div>\n<p class=\"com-paragraph  --capital --s\">PAR\u00cdS.\u2013 Las \u00faltimas 24 horas de una <a href=\"https:\/\/www.lanacion.com.ar\/el-mundo\/la-union-europea-se-endurece-frente-a-israel-y-le-lanza-una-advertencia-tras-la-muerte-de-mil-nid22072025\/\" target=\"_self\" title=\"https:\/\/www.lanacion.com.ar\/el-mundo\/la-union-europea-se-endurece-frente-a-israel-y-le-lanza-una-advertencia-tras-la-muerte-de-mil-nid22072025\/\" class=\"com-link\" data-mrf-recirculation=\"n_link_parrafo\">tragedia humana que parece no tener l\u00edmites en Gaza<\/a> llev\u00f3 a gran parte de la comunidad internacional a exigir <strong>\u201cel cese inmediato\u201d<\/strong> <strong>de la acci\u00f3n militar de Israel<\/strong>, que persiste en intensificar sus operaciones sometiendo a los habitantes del enclave a la hambruna y el padecimiento.<\/p>\n<p class=\"com-paragraph   --s\">La jefa de la diplomacia de la UE, <strong>Kaja Kallas<\/strong>, afirm\u00f3 este martes haber indicado claramente al ministro israel\u00ed de Relaciones Exteriores, Gideon Saar, \u201cque el Ej\u00e9rcito israel\u00ed debe dejar de matar personas en los puntos de distribuci\u00f3n\u201d de ayuda humanitaria. <strong>\u201cMatar a civiles que buscan ayuda en Gaza es indefendible\u201d<\/strong>, insisti\u00f3 la responsable estonia.<\/p>\n<p class=\"com-paragraph   --s\">Esta nueva advertencia europea dirigida al Estado hebreo se produce dos semanas despu\u00e9s de un acuerdo alcanzado con Israel, <strong>que finalmente deb\u00eda permitir mejorar las entregas de ayuda humanitaria a Gaza.<\/strong><\/p>\n<div class=\"content-media\">\n<section role=\"button\" class=\"mod-media   \">\n<figure role=\"button\" class=\"mod-figure \"><figcaption class=\"mod-figcaption\"><span class=\"com-text --caption --twoxs\">Ni\u00f1os palestinos de api\u00f1an contra la alambrada para buscar algo de comida en Khan Yunis <\/span><span class=\"com-text --credit --twoxs\">&#8211;  &#8211; AFP <\/span><\/figcaption><\/figure>\n<\/section>\n<\/div>\n<p class=\"com-paragraph   --s\">\u201cIsrael ha respetado algunos compromisos, como ya indiqu\u00e9 la semana pasada, pero est\u00e1 claro que a\u00fan queda mucho por hacer\u201d, dijo Kallas, quien asegura mantener <strong>\u201cla presi\u00f3n\u201d<\/strong> sobre el gobierno del primer ministro <strong>Benjamin Netanyahu<\/strong>. En un mensaje publicado en X, Kallas tambi\u00e9n asegura haber recordado al premier israel\u00ed que <strong>\u201ctodas las opciones siguen sobre la mesa\u201d<\/strong> <a href=\"https:\/\/www.lanacion.com.ar\/el-mundo\/israel-entra-con-sus-tanques-por-primera-vez-a-una-ciudad-de-gaza-donde-cree-que-hay-rehenes-nid21072025\/\" target=\"_self\" title=\"https:\/\/www.lanacion.com.ar\/el-mundo\/israel-entra-con-sus-tanques-por-primera-vez-a-una-ciudad-de-gaza-donde-cree-que-hay-rehenes-nid21072025\/\" class=\"com-link\" data-mrf-recirculation=\"n_link_parrafo\">si Israel no cumple sus compromisos<\/a>.<\/p>\n<p class=\"com-paragraph   --s\">\u201cLa UE reitera su llamado al env\u00edo libre, seguro y r\u00e1pido de ayuda humanitaria. Y al pleno respeto del derecho internacional y del derecho humanitario\u201d, declar\u00f3 por su parte este martes la presidenta de la Comisi\u00f3n Europea, <strong>Ursula von der Leyen<\/strong>.<\/p>\n<p class=\"com-paragraph   --s\">En un informe de la Comisi\u00f3n Europea presentado a finales de junio a los 27 pa\u00edses miembros del bloque, la UE estimaba que <strong>Israel ha violado el art\u00edculo 2 del acuerdo de asociaci\u00f3n <\/strong>que los une en materia de respeto de los derechos humanos. <\/p>\n<p class=\"com-paragraph   --s\">La jefa de la diplomacia europea establec\u00eda una lista de opciones posibles. Entre ellas, la suspensi\u00f3n de la totalidad del acuerdo, <strong>la prohibici\u00f3n de exportaciones provenientes de los territorios palestinos ocupados<\/strong>, la revisi\u00f3n de la pol\u00edtica de visados o la suspensi\u00f3n de la parte comercial del acuerdo de asociaci\u00f3n. Pero <strong>toda decisi\u00f3n requiere la unanimidad de los 27 pa\u00edses miembros<\/strong>, o la mayor\u00eda cualificada si se trata de la parte comercial del acuerdo.<\/p>\n<div class=\"content-media\">\n<section role=\"button\" class=\"mod-media   \">\n<figure role=\"button\" class=\"mod-figure \"><figcaption class=\"mod-figcaption\"><span class=\"com-text --caption --twoxs\">Palestinos reciben comida en un punto de distribuci\u00f3n en la Ciudad de Gaza    <\/span><span class=\"com-text --credit --twoxs\">Jehad Alshrafi  &#8211; AP <\/span><\/figcaption><\/figure>\n<\/section>\n<\/div>\n<p class=\"com-paragraph   --s\">Por su parte, en una declaraci\u00f3n conjunta publicada el 21 de julio, los ministros de Relaciones Exteriores de 25 pa\u00edses exigen \u201cun alto el fuego inmediato\u201d en la Franja de Gaza. <strong>La mayor\u00eda de los pa\u00edses de la Uni\u00f3n Europea (UE) apoyaron este llamado, con la notable excepci\u00f3n de Alemania<\/strong>.<\/p>\n<p class=\"com-paragraph   --s\">\u201cNosotros, los firmantes de la presente declaraci\u00f3n, nos unimos para enviar un mensaje simple y urgente: la guerra en Gaza debe cesar inmediatamente\u201d, afirman los ministros de Relaciones Exteriores de m\u00e1s de 20 pa\u00edses, entre ellos Francia, Reino Unido, Canad\u00e1 y Jap\u00f3n.<\/p>\n<p class=\"com-paragraph   --s\">Los Estados firmantes condenan \u201cel racionamiento de la ayuda humanitaria y las masacres inhumanas de civiles\u201d, exhortando al gobierno israel\u00ed a <strong>\u201clevantar inmediatamente las restricciones que impone al env\u00edo de ayuda humanitaria\u201d,<\/strong> para que Naciones Unidas y las ONG puedan \u201crealizar su trabajo vital de manera eficaz y segura\u201d. Los ministros tambi\u00e9n llaman a Hamas a liberar \u201cinmediatamente\u201d y \u201csin condiciones\u201d a los rehenes detenidos desde el 7 de octubre de 2023.<\/p>\n<div class=\"content-media\">\n<section role=\"button\" class=\"mod-media   \">\n<figure role=\"button\" class=\"mod-figure \"><figcaption class=\"mod-figcaption\"><span class=\"com-text --caption --twoxs\">La gente se abalanza a un cami\u00f3n con ayuda humanitaria en Khabalia <\/span><span class=\"com-text --credit --twoxs\">OMAR AL-QATTAA  &#8211; AFP <\/span><\/figcaption><\/figure>\n<\/section>\n<\/div>\n<p class=\"com-paragraph   --s\">\u201cNos oponemos firmemente a cualquier intento de <strong>cambio territorial o demogr\u00e1fico<\/strong> en los territorios palestinos ocupados\u201d, escriben adem\u00e1s los dirigentes. Finalmente, afirman estar \u201clistos\u201d para tomar medidas que apoyen un alto el fuego y restablezcan la seguridad en toda la regi\u00f3n.<\/p>\n<p class=\"com-paragraph   --s\">A trav\u00e9s de su ministro de Asuntos Exteriores, Jean-No\u00ebl Barrot, Francia exigi\u00f3 este martes, por su parte, que <strong>\u201cla prensa libre e independiente pueda acceder a Gaza para mostrar\u201d<\/strong> lo que sucede all\u00ed.<\/p>\n<p class=\"com-paragraph   --s\">Dieciocho pa\u00edses de la UE figuran entre los firmantes, as\u00ed como la comisaria europea a cargo de la Igualdad, la Preparaci\u00f3n y la Gesti\u00f3n de Crisis, Hadja Lahbib. <strong>Alemania no se ha unido al llamado.<\/strong> Sin embargo, la ministra alemana de Desarrollo, Reem Alabali Radovan, record\u00f3 durante un viaje a El Cairo el lunes que <strong>\u201cAlemania contribuir\u00e1 a la reconstrucci\u00f3n de Gaza\u201d<\/strong>, siempre que se restablezca una \u201csituaci\u00f3n humanitaria segura\u201d y un \u201calto el fuego duradero\u201d.<\/p>\n<p class=\"com-paragraph   --s\">El canciller <strong>Friedrich Merz<\/strong> se encuentra, en efecto, bajo la presi\u00f3n de una parte de su coalici\u00f3n para <strong>endurecer su posici\u00f3n hacia Israel<\/strong>. Algunos de sus miembros criticaron p\u00fablicamente que Berl\u00edn no se haya unido a la declaraci\u00f3n formulada el lunes por m\u00e1s de veinte pa\u00edses que llaman al fin <strong>\u201cinmediato\u201d<\/strong> de la guerra en Gaza. <\/p>\n<div class=\"content-media\">\n<section role=\"button\" class=\"mod-media   \">\n<figure role=\"button\" class=\"mod-figure \"><figcaption class=\"mod-figcaption\"><span class=\"com-text --caption --twoxs\">El canciller alem\u00e1n, Friedrich Merz, qued\u00f3 la mira por la liviandad de Alemania sobre la situaci\u00f3n en Gaza <\/span><span class=\"com-text --credit --twoxs\">Ebrahim Noroozi &#8211; AP<\/span><\/figcaption><\/figure>\n<\/section>\n<\/div>\n<p class=\"com-paragraph   --s\">\u201cLa situaci\u00f3n en Gaza es catastr\u00f3fica y representa un abismo humanitario\u201d, denunciaron, entre otros, dos altos legisladores del SPD: el vocero de pol\u00edtica exterior, Adis Ahmetovic, y el relator para Medio Oriente, Rolf M\u00fctzenich, quienes pidieron a Berl\u00edn sumarse a la declaraci\u00f3n com\u00fan.<\/p>\n<p class=\"com-paragraph   --s\">Seg\u00fan el vocero del gobierno alem\u00e1n, Stefan Kornelius, aunque Alemania no haya firmado la declaraci\u00f3n conjunta, Merz y su ministro de Relaciones Exteriores \u201cexpresaron ayer <strong>puntos de vista muy cr\u00edticos sobre las acciones de Israel en la Franja de Gaza<\/strong>. Y, en t\u00e9rminos de sustancia e importancia, dijeron lo mismo\u201d.<\/p>\n<p class=\"com-paragraph   --s\">Merz afirm\u00f3 que le expres\u00f3 a Netanyahu <strong>\u201cde manera muy clara y expl\u00edcita que Alemania no comparte la pol\u00edtica del gobierno israel\u00ed respecto a Gaza\u201d<\/strong>, y consider\u00f3 que \u201cla forma en que el Ej\u00e9rcito israel\u00ed act\u00faa all\u00ed es inaceptable\u201d.<\/p>\n<p class=\"com-paragraph   --s\">Aliada incondicional de Israel por razones hist\u00f3ricas f\u00e1cilmente comprensibles, <strong>Alemania es el principal proveedor europeo de armas al Estado hebreo<\/strong> y el segundo en el mundo despu\u00e9s de Estados Unidos (30% solo de las importaciones israel\u00edes). Desde la masacre del 7 de octubre de 2023, perpetrada por los combatientes de Hamas en el sur de Israel, <strong>Berl\u00edn ha suministrado el equivalente en material militar de 485,1 millones de euros<\/strong>, indic\u00f3 recientemente el Ministerio de Econom\u00eda alem\u00e1n, incluyendo armas de fuego, municiones, equipos especializados para el Ej\u00e9rcito y la Marina, as\u00ed como veh\u00edculos blindados.<\/p>\n<div class=\"content-media\">\n<section role=\"button\" class=\"mod-media   \">\n<figure role=\"button\" class=\"mod-figure \"><figcaption class=\"mod-figcaption\"><span class=\"com-text --caption --twoxs\">Manifestantes ondean banderas palestinas en Leipzig, Alemania (Archivo)  <\/span><span class=\"com-text --credit --twoxs\">Heiko Rebsch  &#8211; dpa <\/span><\/figcaption><\/figure>\n<\/section>\n<\/div>\n<p class=\"com-paragraph   --s\">En este contexto, la ONU acus\u00f3 este martes al Ej\u00e9rcito israel\u00ed <strong>de haber matado a m\u00e1s de 1000 personas<\/strong> que intentaban obtener ayuda humanitaria desde finales de mayo en la Franja de Gaza.<\/p>\n<p class=\"com-paragraph   --s\">\u201cAl 21 de julio, <strong>hemos registrado 1054 personas muertas en Gaza mientras intentaban obtener comida<\/strong>. 766 de ellas fueron asesinadas cerca de los sitios de la GHF (la Gaza Humanitarian Foundation, estructura opaca dirigida por Israel con el apoyo log\u00edstico de Estados Unidos desde el 19 de mayo) y 288 cerca de los convoyes de ayuda de la ONU y otras organizaciones humanitarias\u201d, inform\u00f3 el alto comisionado para los Derechos Humanos, Volker T\u00fcrk, quien afirm\u00f3 que estas personas fueron asesinadas por el Ej\u00e9rcito israel\u00ed.<\/p>\n<p class=\"com-paragraph   --s\">\u201cNuestros datos se basan en informaci\u00f3n proveniente de <strong>m\u00faltiples fuentes confiables<\/strong> <strong>sobre el terreno<\/strong>, incluyendo equipos m\u00e9dicos y organizaciones humanitarias y de defensa de los derechos humanos\u201d, agreg\u00f3. <\/p>\n<p class=\"com-paragraph   --s\">La ONU y las principales organizaciones humanitarias se han negado a colaborar con la GHF, argumentando que esta entidad <strong>responde a objetivos militares israel\u00edes y viola los principios b\u00e1sicos del derecho humanitario<\/strong>.<\/p>\n<p class=\"com-paragraph   --s\">El director de uno de los hospitales m\u00e1s importantes de la Franja de Gaza afirm\u00f3 este martes que <strong>21 ni\u00f1os murieron de desnutrici\u00f3n y hambre<\/strong> en las \u00faltimas 72 horas \u201cen diferentes regiones de Gaza\u201d.<\/p>\n<div class=\"content-media\">\n<section role=\"button\" class=\"mod-media   \">\n<figure role=\"button\" class=\"mod-figure \"><figcaption class=\"mod-figcaption\"><span class=\"com-text --caption --twoxs\">Cientos de gazat\u00edes caminan con bolsas de ayuda humanitaria en Khabalia  <\/span><span class=\"com-text --credit --twoxs\">OMAR AL-QATTAA  &#8211; AFP <\/span><\/figcaption><\/figure>\n<\/section>\n<\/div>\n<p class=\"com-paragraph   --s\">\u201cEstas muertes se registraron en el hospital de Al-Shifa, en la ciudad de Gaza, el hospital de los m\u00e1rtires de Al-Aqsa, en Deir Al-Balah, y el hospital Nasser, en Khan Youn\u00e9s, en el sur de Gaza\u201d, declar\u00f3 Muhammad Abu Salmiya, director del hospital <strong>Al-Shifa<\/strong>, que era el mayor centro hospitalario del territorio palestino antes de la guerra.<\/p>\n<p class=\"com-paragraph   --s\">Se trata de un balance inaceptable para la ONU que indica como \u00fanico responsable <strong>\u201cal Ej\u00e9rcito israel\u00ed\u201d<\/strong>. <strong>Antonio Guterres<\/strong>, el secretario general de Naciones Unidas, habla incluso de un nivel de muertes y destrucci\u00f3n <strong>\u201csin precedentes en la historia reciente\u201d<\/strong>.<\/p>\n<p class=\"com-paragraph   --s\">El Ej\u00e9rcito israel\u00ed ampli\u00f3 el lunes su ofensiva en un nuevo sector de Gaza, Deir al-Balah, en el centro de la franja, y pretende actuar en zonas donde nunca hab\u00eda estado durante los 21 meses de guerra contra Hamas, ordenando a los habitantes evacuar los lugares. La Oficina de Asuntos Humanitarios de la ONU estima que <strong>entre 50.000 y 80.000 personas se encuentran en esa zona,<\/strong> y que cerca del 88% del territorio de Gaza est\u00e1 ahora sometido a una orden de evacuaci\u00f3n israel\u00ed o incluido en una zona militarizada israel\u00ed.<\/p>\n<p class=\"com-paragraph   --s\">\u201cCon esta \u00faltima orden, el \u00e1rea de Gaza bajo \u00f3rdenes de desplazamiento o dentro de zonas militarizadas israel\u00edes ha aumentado al 87,8%, <strong>dejando a 2,1 millones de civiles acinados en el 12% de la franja<\/strong>, donde los servicios esenciales han colapsado\u201d, dijo la ONU en un comunicado emitido por su Oficina para la Coordinaci\u00f3n de Asuntos Humanitarios.<\/p>\n<div class=\"content-media\">\n<section role=\"button\" class=\"mod-media   \">\n<figure role=\"button\" class=\"mod-figure \"><figcaption class=\"mod-figcaption\"><span class=\"com-text --caption --twoxs\">El secretario general de la ONU, Antonio Guterres (Archivo) <\/span><span class=\"com-text --credit --twoxs\">MAURO PIMENTEL &#8211; AFP<\/span><\/figcaption><\/figure>\n<\/section>\n<\/div>\n<p class=\"com-paragraph   --s\">\u201cLas \u00faltimas \u00f3rdenes israel\u00edes de desplazamiento, seguidas por ataques intensivos en el suroeste de Deir al-Balah (&#8230;) han agravado el sufrimiento de los palestinos hambrientos\u201d, afirm\u00f3 Volker T\u00fcrk. Tambi\u00e9n se\u00f1ala que \u201cla zona afectada\u201d por los ataques <strong>\u201calberga varias organizaciones humanitarias\u201d<\/strong>,<strong> <\/strong>como cl\u00ednicas, instalaciones m\u00e9dicas, refugios, una cocina comunitaria o centros de acogida.<\/p>\n<p class=\"com-paragraph   --s\">T\u00fcrk tambi\u00e9n alert\u00f3 sobre el riesgo \u201cextremadamente alto\u201d de <strong>violaciones graves del derecho internacional<\/strong> tras la ampliaci\u00f3n de las operaciones militares israel\u00edes en Gaza. Considera que los \u201cataques a\u00e9reos y operaciones terrestres israel\u00edes inevitablemente causar\u00e1n nuevas p\u00e9rdidas civiles\u201d. <strong>\u201cParec\u00eda imposible que la pesadilla pudiera empeorar. Y sin embargo, es as\u00ed\u201d<\/strong>, lament\u00f3 el comisionado de la ONU.<\/p>\n<p class=\"com-paragraph   --s\">En una serie de publicaciones en X, Jonathan Whittall, jefe local de ese organismo, dijo que Gaza est\u00e1 padeciendo <strong>\u201ccondiciones de muerte\u201d<\/strong> y que \u201cesas muertes y sufrimientos son prevenibles. Y si son prevenibles, pero aun as\u00ed est\u00e1n ocurriendo, entonces eso me sugiere que es intencional\u201d.<\/p>\n<p class=\"com-paragraph   --s\">La UNRWA, la agencia de la ONU para los refugiados dedicada a los palestinos, <strong>dijo en X que recibe mensajes desesperados desde Gaza advirtiendo de hambre,<\/strong> incluidos los de su propio personal, ya que los precios de los alimentos se han disparado.<\/p>\n<p class=\"com-paragraph   --s\">\u201cMientras tanto, justo fuera de Gaza, almacenado en dep\u00f3sitos, <strong>la Unrwa tiene suficiente comida para toda la poblaci\u00f3n durante m\u00e1s de tres meses.<\/strong> Levanten el asedio y permitan que la ayuda entre de manera segura y a gran escala\u201d, dijo la agencia.<\/p>\n<p class=\"com-paragraph   --s\"><strong>\u201cEs moralmente inaceptable e injustificable\u201d<\/strong>, coment\u00f3 tambi\u00e9n este martes el patriarca latino de Jerusal\u00e9n, <strong>Pierbattista Pizzaballa<\/strong>, a su regreso de Gaza. Un punto de vista compartido tambi\u00e9n por la UE, para la cual el Ej\u00e9rcito israel\u00ed \u201cdebe cesar\u201d de matar civiles palestinos que se re\u00fanen en los puntos de distribuci\u00f3n de ayuda humanitaria en Gaza.<\/p>\n<section class=\"container-center-100 mb-40 border border-bottom border-thin border-neutral-light-700\">\n<hr\/>\n<\/section>\n<\/div>\n\n","protected":false},"excerpt":{"rendered":"<p>PAR\u00cdS.\u2013 Las \u00faltimas 24 horas de una tragedia humana que parece no tener l\u00edmites en Gaza llev\u00f3 a gran parte de la comunidad internacional a exigir \u201cel cese inmediato\u201d de la acci\u00f3n militar de Israel, que persiste en intensificar sus operaciones sometiendo a los habitantes del enclave a la hambruna y el padecimiento. La jefa [&hellip;]<\/p>\n","protected":false},"author":2,"featured_media":138616,"comment_status":"closed","ping_status":"closed","sticky":false,"template":"","format":"standard","meta":{"footnotes":""},"categories":[26],"tags":[],"class_list":["post-138615","post","type-post","status-publish","format-standard","has-post-thumbnail","hentry","category-internacionales"],"yoast_head":"<!-- This site is optimized with the Yoast SEO plugin v24.4 - https:\/\/yoast.com\/wordpress\/plugins\/seo\/ -->\n<title>Europa endurece su postura ante Israel por la muerte de civiles en Gaza, pero Alemania evita romper filas - GYS NOTICIAS |<\/title>\n<meta name=\"robots\" content=\"index, follow, max-snippet:-1, max-image-preview:large, max-video-preview:-1\" \/>\n<link rel=\"canonical\" href=\"https:\/\/gysfm.com.ar\/inicio\/europa-endurece-su-postura-ante-israel-por-la-muerte-de-civiles-en-gaza-pero-alemania-evita-romper-filas\/\" \/>\n<meta property=\"og:locale\" content=\"es_ES\" \/>\n<meta property=\"og:type\" content=\"article\" \/>\n<meta property=\"og:title\" content=\"Europa endurece su postura ante Israel por la muerte de civiles en Gaza, pero Alemania evita romper filas - GYS NOTICIAS |\" \/>\n<meta property=\"og:description\" content=\"PAR\u00cdS.\u2013 Las \u00faltimas 24 horas de una tragedia humana que parece no tener l\u00edmites en Gaza llev\u00f3 a gran parte de la comunidad internacional a exigir \u201cel cese inmediato\u201d de la acci\u00f3n militar de Israel, que persiste en intensificar sus operaciones sometiendo a los habitantes del enclave a la hambruna y el padecimiento. La jefa [&hellip;]\" \/>\n<meta property=\"og:url\" content=\"https:\/\/gysfm.com.ar\/inicio\/europa-endurece-su-postura-ante-israel-por-la-muerte-de-civiles-en-gaza-pero-alemania-evita-romper-filas\/\" \/>\n<meta property=\"og:site_name\" content=\"GYS NOTICIAS |\" \/>\n<meta property=\"article:published_time\" content=\"2025-07-23T07:50:05+00:00\" \/>\n<meta property=\"og:image\" content=\"https:\/\/gysfm.com.ar\/inicio\/wp-content\/uploads\/2025\/07\/civiles-gazaties-hambrientos-en-fila-para-recibir-QLYHXRETIZHTFFAXCPBAK7FPCE.JPG\" \/>\n\t<meta property=\"og:image:width\" content=\"1200\" \/>\n\t<meta property=\"og:image:height\" content=\"800\" \/>\n\t<meta property=\"og:image:type\" content=\"image\/jpeg\" \/>\n<meta name=\"author\" content=\"Prensa G&amp;S FM\" \/>\n<meta name=\"twitter:card\" content=\"summary_large_image\" \/>\n<meta name=\"twitter:label1\" content=\"Escrito por\" \/>\n\t<meta name=\"twitter:data1\" content=\"Prensa G&amp;S FM\" \/>\n\t<meta name=\"twitter:label2\" content=\"Tiempo de lectura\" \/>\n\t<meta name=\"twitter:data2\" content=\"10 minutos\" \/>\n<script type=\"application\/ld+json\" class=\"yoast-schema-graph\">{\"@context\":\"https:\/\/schema.org\",\"@graph\":[{\"@type\":\"Article\",\"@id\":\"https:\/\/gysfm.com.ar\/inicio\/europa-endurece-su-postura-ante-israel-por-la-muerte-de-civiles-en-gaza-pero-alemania-evita-romper-filas\/#article\",\"isPartOf\":{\"@id\":\"https:\/\/gysfm.com.ar\/inicio\/europa-endurece-su-postura-ante-israel-por-la-muerte-de-civiles-en-gaza-pero-alemania-evita-romper-filas\/\"},\"author\":{\"name\":\"Prensa G&amp;S FM\",\"@id\":\"https:\/\/gysfm.com.ar\/inicio\/#\/schema\/person\/3abba7593ef2ad19e1be221d54383dc5\"},\"headline\":\"Europa endurece su postura ante Israel por la muerte de civiles en Gaza, pero Alemania evita romper filas\",\"datePublished\":\"2025-07-23T07:50:05+00:00\",\"mainEntityOfPage\":{\"@id\":\"https:\/\/gysfm.com.ar\/inicio\/europa-endurece-su-postura-ante-israel-por-la-muerte-de-civiles-en-gaza-pero-alemania-evita-romper-filas\/\"},\"wordCount\":1946,\"publisher\":{\"@id\":\"https:\/\/gysfm.com.ar\/inicio\/#organization\"},\"image\":{\"@id\":\"https:\/\/gysfm.com.ar\/inicio\/europa-endurece-su-postura-ante-israel-por-la-muerte-de-civiles-en-gaza-pero-alemania-evita-romper-filas\/#primaryimage\"},\"thumbnailUrl\":\"https:\/\/gysfm.com.ar\/inicio\/wp-content\/uploads\/2025\/07\/civiles-gazaties-hambrientos-en-fila-para-recibir-QLYHXRETIZHTFFAXCPBAK7FPCE.JPG\",\"articleSection\":[\"INTERNACIONALES\"],\"inLanguage\":\"es\"},{\"@type\":\"WebPage\",\"@id\":\"https:\/\/gysfm.com.ar\/inicio\/europa-endurece-su-postura-ante-israel-por-la-muerte-de-civiles-en-gaza-pero-alemania-evita-romper-filas\/\",\"url\":\"https:\/\/gysfm.com.ar\/inicio\/europa-endurece-su-postura-ante-israel-por-la-muerte-de-civiles-en-gaza-pero-alemania-evita-romper-filas\/\",\"name\":\"Europa endurece su postura ante Israel por la muerte de civiles en Gaza, pero Alemania evita romper filas - GYS NOTICIAS |\",\"isPartOf\":{\"@id\":\"https:\/\/gysfm.com.ar\/inicio\/#website\"},\"primaryImageOfPage\":{\"@id\":\"https:\/\/gysfm.com.ar\/inicio\/europa-endurece-su-postura-ante-israel-por-la-muerte-de-civiles-en-gaza-pero-alemania-evita-romper-filas\/#primaryimage\"},\"image\":{\"@id\":\"https:\/\/gysfm.com.ar\/inicio\/europa-endurece-su-postura-ante-israel-por-la-muerte-de-civiles-en-gaza-pero-alemania-evita-romper-filas\/#primaryimage\"},\"thumbnailUrl\":\"https:\/\/gysfm.com.ar\/inicio\/wp-content\/uploads\/2025\/07\/civiles-gazaties-hambrientos-en-fila-para-recibir-QLYHXRETIZHTFFAXCPBAK7FPCE.JPG\",\"datePublished\":\"2025-07-23T07:50:05+00:00\",\"breadcrumb\":{\"@id\":\"https:\/\/gysfm.com.ar\/inicio\/europa-endurece-su-postura-ante-israel-por-la-muerte-de-civiles-en-gaza-pero-alemania-evita-romper-filas\/#breadcrumb\"},\"inLanguage\":\"es\",\"potentialAction\":[{\"@type\":\"ReadAction\",\"target\":[\"https:\/\/gysfm.com.ar\/inicio\/europa-endurece-su-postura-ante-israel-por-la-muerte-de-civiles-en-gaza-pero-alemania-evita-romper-filas\/\"]}]},{\"@type\":\"ImageObject\",\"inLanguage\":\"es\",\"@id\":\"https:\/\/gysfm.com.ar\/inicio\/europa-endurece-su-postura-ante-israel-por-la-muerte-de-civiles-en-gaza-pero-alemania-evita-romper-filas\/#primaryimage\",\"url\":\"https:\/\/gysfm.com.ar\/inicio\/wp-content\/uploads\/2025\/07\/civiles-gazaties-hambrientos-en-fila-para-recibir-QLYHXRETIZHTFFAXCPBAK7FPCE.JPG\",\"contentUrl\":\"https:\/\/gysfm.com.ar\/inicio\/wp-content\/uploads\/2025\/07\/civiles-gazaties-hambrientos-en-fila-para-recibir-QLYHXRETIZHTFFAXCPBAK7FPCE.JPG\",\"width\":1200,\"height\":800},{\"@type\":\"BreadcrumbList\",\"@id\":\"https:\/\/gysfm.com.ar\/inicio\/europa-endurece-su-postura-ante-israel-por-la-muerte-de-civiles-en-gaza-pero-alemania-evita-romper-filas\/#breadcrumb\",\"itemListElement\":[{\"@type\":\"ListItem\",\"position\":1,\"name\":\"Portada\",\"item\":\"https:\/\/gysfm.com.ar\/inicio\/\"},{\"@type\":\"ListItem\",\"position\":2,\"name\":\"Europa endurece su postura ante Israel por la muerte de civiles en Gaza, pero Alemania evita romper filas\"}]},{\"@type\":\"WebSite\",\"@id\":\"https:\/\/gysfm.com.ar\/inicio\/#website\",\"url\":\"https:\/\/gysfm.com.ar\/inicio\/\",\"name\":\"GYS NOTICIAS |\",\"description\":\"DIARIO - RADIO ONLINE SAN JUAN ARGENTINA\",\"publisher\":{\"@id\":\"https:\/\/gysfm.com.ar\/inicio\/#organization\"},\"potentialAction\":[{\"@type\":\"SearchAction\",\"target\":{\"@type\":\"EntryPoint\",\"urlTemplate\":\"https:\/\/gysfm.com.ar\/inicio\/?s={search_term_string}\"},\"query-input\":{\"@type\":\"PropertyValueSpecification\",\"valueRequired\":true,\"valueName\":\"search_term_string\"}}],\"inLanguage\":\"es\"},{\"@type\":\"Organization\",\"@id\":\"https:\/\/gysfm.com.ar\/inicio\/#organization\",\"name\":\"GYS NOTICIAS |\",\"url\":\"https:\/\/gysfm.com.ar\/inicio\/\",\"logo\":{\"@type\":\"ImageObject\",\"inLanguage\":\"es\",\"@id\":\"https:\/\/gysfm.com.ar\/inicio\/#\/schema\/logo\/image\/\",\"url\":\"https:\/\/gysfm.com.ar\/inicio\/wp-content\/uploads\/2023\/07\/LOGOGYS-OK.png\",\"contentUrl\":\"https:\/\/gysfm.com.ar\/inicio\/wp-content\/uploads\/2023\/07\/LOGOGYS-OK.png\",\"width\":1170,\"height\":872,\"caption\":\"GYS NOTICIAS |\"},\"image\":{\"@id\":\"https:\/\/gysfm.com.ar\/inicio\/#\/schema\/logo\/image\/\"}},{\"@type\":\"Person\",\"@id\":\"https:\/\/gysfm.com.ar\/inicio\/#\/schema\/person\/3abba7593ef2ad19e1be221d54383dc5\",\"name\":\"Prensa G&amp;S FM\",\"image\":{\"@type\":\"ImageObject\",\"inLanguage\":\"es\",\"@id\":\"https:\/\/gysfm.com.ar\/inicio\/#\/schema\/person\/image\/\",\"url\":\"https:\/\/secure.gravatar.com\/avatar\/096ec78df02049ab018702bb4ccedf659377fa92a26540b5247612077a0dbd29?s=96&d=mm&r=g\",\"contentUrl\":\"https:\/\/secure.gravatar.com\/avatar\/096ec78df02049ab018702bb4ccedf659377fa92a26540b5247612077a0dbd29?s=96&d=mm&r=g\",\"caption\":\"Prensa G&amp;S FM\"},\"sameAs\":[\"https:\/\/gysfm.com.ar\/\"],\"url\":\"https:\/\/gysfm.com.ar\/inicio\/author\/lucasm\/\"}]}<\/script>\n<!-- \/ Yoast SEO plugin. -->","yoast_head_json":{"title":"Europa endurece su postura ante Israel por la muerte de civiles en Gaza, pero Alemania evita romper filas - GYS NOTICIAS |","robots":{"index":"index","follow":"follow","max-snippet":"max-snippet:-1","max-image-preview":"max-image-preview:large","max-video-preview":"max-video-preview:-1"},"canonical":"https:\/\/gysfm.com.ar\/inicio\/europa-endurece-su-postura-ante-israel-por-la-muerte-de-civiles-en-gaza-pero-alemania-evita-romper-filas\/","og_locale":"es_ES","og_type":"article","og_title":"Europa endurece su postura ante Israel por la muerte de civiles en Gaza, pero Alemania evita romper filas - GYS NOTICIAS |","og_description":"PAR\u00cdS.\u2013 Las \u00faltimas 24 horas de una tragedia humana que parece no tener l\u00edmites en Gaza llev\u00f3 a gran parte de la comunidad internacional a exigir \u201cel cese inmediato\u201d de la acci\u00f3n militar de Israel, que persiste en intensificar sus operaciones sometiendo a los habitantes del enclave a la hambruna y el padecimiento. La jefa [&hellip;]","og_url":"https:\/\/gysfm.com.ar\/inicio\/europa-endurece-su-postura-ante-israel-por-la-muerte-de-civiles-en-gaza-pero-alemania-evita-romper-filas\/","og_site_name":"GYS NOTICIAS |","article_published_time":"2025-07-23T07:50:05+00:00","og_image":[{"width":1200,"height":800,"url":"https:\/\/gysfm.com.ar\/inicio\/wp-content\/uploads\/2025\/07\/civiles-gazaties-hambrientos-en-fila-para-recibir-QLYHXRETIZHTFFAXCPBAK7FPCE.JPG","type":"image\/jpeg"}],"author":"Prensa G&amp;S FM","twitter_card":"summary_large_image","twitter_misc":{"Escrito por":"Prensa G&amp;S FM","Tiempo de lectura":"10 minutos"},"schema":{"@context":"https:\/\/schema.org","@graph":[{"@type":"Article","@id":"https:\/\/gysfm.com.ar\/inicio\/europa-endurece-su-postura-ante-israel-por-la-muerte-de-civiles-en-gaza-pero-alemania-evita-romper-filas\/#article","isPartOf":{"@id":"https:\/\/gysfm.com.ar\/inicio\/europa-endurece-su-postura-ante-israel-por-la-muerte-de-civiles-en-gaza-pero-alemania-evita-romper-filas\/"},"author":{"name":"Prensa G&amp;S FM","@id":"https:\/\/gysfm.com.ar\/inicio\/#\/schema\/person\/3abba7593ef2ad19e1be221d54383dc5"},"headline":"Europa endurece su postura ante Israel por la muerte de civiles en Gaza, pero Alemania evita romper filas","datePublished":"2025-07-23T07:50:05+00:00","mainEntityOfPage":{"@id":"https:\/\/gysfm.com.ar\/inicio\/europa-endurece-su-postura-ante-israel-por-la-muerte-de-civiles-en-gaza-pero-alemania-evita-romper-filas\/"},"wordCount":1946,"publisher":{"@id":"https:\/\/gysfm.com.ar\/inicio\/#organization"},"image":{"@id":"https:\/\/gysfm.com.ar\/inicio\/europa-endurece-su-postura-ante-israel-por-la-muerte-de-civiles-en-gaza-pero-alemania-evita-romper-filas\/#primaryimage"},"thumbnailUrl":"https:\/\/gysfm.com.ar\/inicio\/wp-content\/uploads\/2025\/07\/civiles-gazaties-hambrientos-en-fila-para-recibir-QLYHXRETIZHTFFAXCPBAK7FPCE.JPG","articleSection":["INTERNACIONALES"],"inLanguage":"es"},{"@type":"WebPage","@id":"https:\/\/gysfm.com.ar\/inicio\/europa-endurece-su-postura-ante-israel-por-la-muerte-de-civiles-en-gaza-pero-alemania-evita-romper-filas\/","url":"https:\/\/gysfm.com.ar\/inicio\/europa-endurece-su-postura-ante-israel-por-la-muerte-de-civiles-en-gaza-pero-alemania-evita-romper-filas\/","name":"Europa endurece su postura ante Israel por la muerte de civiles en Gaza, pero Alemania evita romper filas - GYS NOTICIAS |","isPartOf":{"@id":"https:\/\/gysfm.com.ar\/inicio\/#website"},"primaryImageOfPage":{"@id":"https:\/\/gysfm.com.ar\/inicio\/europa-endurece-su-postura-ante-israel-por-la-muerte-de-civiles-en-gaza-pero-alemania-evita-romper-filas\/#primaryimage"},"image":{"@id":"https:\/\/gysfm.com.ar\/inicio\/europa-endurece-su-postura-ante-israel-por-la-muerte-de-civiles-en-gaza-pero-alemania-evita-romper-filas\/#primaryimage"},"thumbnailUrl":"https:\/\/gysfm.com.ar\/inicio\/wp-content\/uploads\/2025\/07\/civiles-gazaties-hambrientos-en-fila-para-recibir-QLYHXRETIZHTFFAXCPBAK7FPCE.JPG","datePublished":"2025-07-23T07:50:05+00:00","breadcrumb":{"@id":"https:\/\/gysfm.com.ar\/inicio\/europa-endurece-su-postura-ante-israel-por-la-muerte-de-civiles-en-gaza-pero-alemania-evita-romper-filas\/#breadcrumb"},"inLanguage":"es","potentialAction":[{"@type":"ReadAction","target":["https:\/\/gysfm.com.ar\/inicio\/europa-endurece-su-postura-ante-israel-por-la-muerte-de-civiles-en-gaza-pero-alemania-evita-romper-filas\/"]}]},{"@type":"ImageObject","inLanguage":"es","@id":"https:\/\/gysfm.com.ar\/inicio\/europa-endurece-su-postura-ante-israel-por-la-muerte-de-civiles-en-gaza-pero-alemania-evita-romper-filas\/#primaryimage","url":"https:\/\/gysfm.com.ar\/inicio\/wp-content\/uploads\/2025\/07\/civiles-gazaties-hambrientos-en-fila-para-recibir-QLYHXRETIZHTFFAXCPBAK7FPCE.JPG","contentUrl":"https:\/\/gysfm.com.ar\/inicio\/wp-content\/uploads\/2025\/07\/civiles-gazaties-hambrientos-en-fila-para-recibir-QLYHXRETIZHTFFAXCPBAK7FPCE.JPG","width":1200,"height":800},{"@type":"BreadcrumbList","@id":"https:\/\/gysfm.com.ar\/inicio\/europa-endurece-su-postura-ante-israel-por-la-muerte-de-civiles-en-gaza-pero-alemania-evita-romper-filas\/#breadcrumb","itemListElement":[{"@type":"ListItem","position":1,"name":"Portada","item":"https:\/\/gysfm.com.ar\/inicio\/"},{"@type":"ListItem","position":2,"name":"Europa endurece su postura ante Israel por la muerte de civiles en Gaza, pero Alemania evita romper filas"}]},{"@type":"WebSite","@id":"https:\/\/gysfm.com.ar\/inicio\/#website","url":"https:\/\/gysfm.com.ar\/inicio\/","name":"GYS NOTICIAS |","description":"DIARIO - RADIO ONLINE SAN JUAN ARGENTINA","publisher":{"@id":"https:\/\/gysfm.com.ar\/inicio\/#organization"},"potentialAction":[{"@type":"SearchAction","target":{"@type":"EntryPoint","urlTemplate":"https:\/\/gysfm.com.ar\/inicio\/?s={search_term_string}"},"query-input":{"@type":"PropertyValueSpecification","valueRequired":true,"valueName":"search_term_string"}}],"inLanguage":"es"},{"@type":"Organization","@id":"https:\/\/gysfm.com.ar\/inicio\/#organization","name":"GYS NOTICIAS |","url":"https:\/\/gysfm.com.ar\/inicio\/","logo":{"@type":"ImageObject","inLanguage":"es","@id":"https:\/\/gysfm.com.ar\/inicio\/#\/schema\/logo\/image\/","url":"https:\/\/gysfm.com.ar\/inicio\/wp-content\/uploads\/2023\/07\/LOGOGYS-OK.png","contentUrl":"https:\/\/gysfm.com.ar\/inicio\/wp-content\/uploads\/2023\/07\/LOGOGYS-OK.png","width":1170,"height":872,"caption":"GYS NOTICIAS |"},"image":{"@id":"https:\/\/gysfm.com.ar\/inicio\/#\/schema\/logo\/image\/"}},{"@type":"Person","@id":"https:\/\/gysfm.com.ar\/inicio\/#\/schema\/person\/3abba7593ef2ad19e1be221d54383dc5","name":"Prensa G&amp;S FM","image":{"@type":"ImageObject","inLanguage":"es","@id":"https:\/\/gysfm.com.ar\/inicio\/#\/schema\/person\/image\/","url":"https:\/\/secure.gravatar.com\/avatar\/096ec78df02049ab018702bb4ccedf659377fa92a26540b5247612077a0dbd29?s=96&d=mm&r=g","contentUrl":"https:\/\/secure.gravatar.com\/avatar\/096ec78df02049ab018702bb4ccedf659377fa92a26540b5247612077a0dbd29?s=96&d=mm&r=g","caption":"Prensa G&amp;S FM"},"sameAs":["https:\/\/gysfm.com.ar\/"],"url":"https:\/\/gysfm.com.ar\/inicio\/author\/lucasm\/"}]}},"_links":{"self":[{"href":"https:\/\/gysfm.com.ar\/inicio\/wp-json\/wp\/v2\/posts\/138615","targetHints":{"allow":["GET"]}}],"collection":[{"href":"https:\/\/gysfm.com.ar\/inicio\/wp-json\/wp\/v2\/posts"}],"about":[{"href":"https:\/\/gysfm.com.ar\/inicio\/wp-json\/wp\/v2\/types\/post"}],"author":[{"embeddable":true,"href":"https:\/\/gysfm.com.ar\/inicio\/wp-json\/wp\/v2\/users\/2"}],"replies":[{"embeddable":true,"href":"https:\/\/gysfm.com.ar\/inicio\/wp-json\/wp\/v2\/comments?post=138615"}],"version-history":[{"count":1,"href":"https:\/\/gysfm.com.ar\/inicio\/wp-json\/wp\/v2\/posts\/138615\/revisions"}],"predecessor-version":[{"id":138617,"href":"https:\/\/gysfm.com.ar\/inicio\/wp-json\/wp\/v2\/posts\/138615\/revisions\/138617"}],"wp:featuredmedia":[{"embeddable":true,"href":"https:\/\/gysfm.com.ar\/inicio\/wp-json\/wp\/v2\/media\/138616"}],"wp:attachment":[{"href":"https:\/\/gysfm.com.ar\/inicio\/wp-json\/wp\/v2\/media?parent=138615"}],"wp:term":[{"taxonomy":"category","embeddable":true,"href":"https:\/\/gysfm.com.ar\/inicio\/wp-json\/wp\/v2\/categories?post=138615"},{"taxonomy":"post_tag","embeddable":true,"href":"https:\/\/gysfm.com.ar\/inicio\/wp-json\/wp\/v2\/tags?post=138615"}],"curies":[{"name":"wp","href":"https:\/\/api.w.org\/{rel}","templated":true}]}}