{"id":138609,"date":"2025-07-23T03:50:10","date_gmt":"2025-07-23T06:50:10","guid":{"rendered":"https:\/\/gysfm.com.ar\/inicio\/patricia-bullrich-se-sumo-a-un-pedido-que-luis-caputo-le-hizo-al-campo-por-las-retenciones\/"},"modified":"2025-07-23T03:50:11","modified_gmt":"2025-07-23T06:50:11","slug":"patricia-bullrich-se-sumo-a-un-pedido-que-luis-caputo-le-hizo-al-campo-por-las-retenciones","status":"publish","type":"post","link":"https:\/\/gysfm.com.ar\/inicio\/patricia-bullrich-se-sumo-a-un-pedido-que-luis-caputo-le-hizo-al-campo-por-las-retenciones\/","title":{"rendered":"Patricia Bullrich se sum\u00f3 a un pedido que Luis Caputo le hizo al campo por las retenciones"},"content":{"rendered":"<p><\/p>\n<div>\n<p class=\"com-paragraph   --s\">\u00ab<strong>Nosotros somos procampo<\/strong>\u201c, asegur\u00f3 la ministra de Seguridad,<strong> Patricia Bullrich,<\/strong> a la salida de un almuerzo de funcionarios del Gobierno con la c\u00fapula de la<strong> Sociedad Rural Argentina (SRA) en el marco de la Exposici\u00f3n Rural de Palermo<\/strong>. La funcionaria coincidi\u00f3 con el ministro de Econom\u00eda,<strong> Luis Caputo<\/strong>, quien m\u00e1s temprano en la red X pidi\u00f3 <a href=\"https:\/\/www.lanacion.com.ar\/economia\/campo\/la-paciencia-no-te-da-renta-en-el-campo-se-enojaron-con-un-pedido-de-luis-caputo-por-las-retenciones-nid22072025\/\" target=\"_self\" title=\"https:\/\/www.lanacion.com.ar\/economia\/campo\/la-paciencia-no-te-da-renta-en-el-campo-se-enojaron-con-un-pedido-de-luis-caputo-por-las-retenciones-nid22072025\/\" class=\"com-link\" data-mrf-recirculation=\"n_link_parrafo\"><strong>\u201cpaciencia\u201d<\/strong><\/a><strong> <\/strong>al sector agropecuario que espera una <strong>baja de las retenciones<\/strong>.<\/p>\n<p class=\"com-paragraph   --s\">\u00ab<strong>Hay que tener paciencia, que eso va a venir<\/strong>, y el pa\u00eds va a salir con ra\u00edces firmes. As\u00ed que yo lo que le dir\u00eda [a los productores] que toda mi vida me crie en el campo, mi familia es de campo, y<strong> sabemos que hay momentos buenos y momentos malos\u00bb,<\/strong> dijo a <strong>LA NACION<\/strong>. Remarc\u00f3 que el gobierno de Milei es <strong>\u201cprocampo\u201d<\/strong>.<\/p>\n<p class=\"com-paragraph   --s\">La funcionaria, quien se hab\u00eda postulado para la presidencia en las elecciones pasadas, asegur\u00f3 que todos los planes de estabilizaci\u00f3n macroecon\u00f3mica en el mundo atraviesan un momento dif\u00edcil, por tanto, pidi\u00f3 al campo aguantar. \u201c<strong>El presidente [Javier Milei] tom\u00f3 las decisiones m\u00e1s dif\u00edciles, que es estabilizar el pa\u00eds,<\/strong> terminar con el cepo, abrir las importaciones, generar nueva maquinaria para que se pueda tener una producci\u00f3n m\u00e1s barata, bajar la inflaci\u00f3n. <strong>Despu\u00e9s viene un momento en el que todo eso tiene que dar su fruto.<\/strong> El campo sabe que las cosas no se hacen de un d\u00eda para el otro, tiene que dar su fruto, y ese fruto va a venir\u00bb, se esperanz\u00f3. <\/p>\n<div class=\"content-media cursor-pointer container-center-100\">\n<section class=\"mod-media ratio-16-9\">\n<figure class=\"mod-video\">\n<div class=\"video-player bg-black ratio-16-9\">\n<div id=\"facade-3UR6Lp3I\" class=\"content-facade-jw relative bg-black ratio-16-9\"><picture><source media=\"(max-width: 767px)\" srcset=\"https:\/\/resizer.glanacion.com\/resizer\/v2\/https%3A%2F%2Fcdn.jwplayer.com%2Fv2%2Fmedia%2F3UR6Lp3I%2Fposter.jpg%3Fwidth%3D720?auth=5c54fab130bd6e66f50875dc29f3bafe5467d41a7004e200e1e26774c7aeafc8&amp;width=480&amp;quality=70&amp;smart=false\"\/><\/picture><\/div>\n<\/div><figcaption class=\"border border-1 border-bottom border-light-300 bg-white relative px-16 py-8 min-h-36 w-100_md px-0_l mb-8\"><span class=\"text ln-text text-16 block\">Patricia Bullrich se sac\u00f3 fotos con la gente <\/span><\/figcaption><\/figure>\n<\/section>\n<\/div>\n<p class=\"com-paragraph   --s\">Consultada sobre si el discurso de Milei el s\u00e1bado pr\u00f3ximo en el acto de inauguraci\u00f3n va a ir en ese sentido, afirm\u00f3 que esto depende del Presidente. \u201c<strong>El Presidente tiene un convencimiento: hoy estamos en un plan de estabilizaci\u00f3n, pero \u00e9l tiene la convicci\u00f3n de que cualquier impuesto contra la producci\u00f3n es malo. <\/strong>Es decir, \u00bfen qu\u00e9 momento es el momento exacto en que eso va a ser anunciado? Yo no lo puedo decir, porque es como un mecanismo de relojer\u00eda, pero en un plan de estabilizaci\u00f3n, de baja inflaci\u00f3n, como estamos ya de ahora en adelante, con el fin del cepo, va a llegar el momento en que todos esos impuestos antiproducci\u00f3n se van a terminar\u00bb, precis\u00f3. <\/p>\n<p class=\"com-paragraph   --s\">La ministra, que se sac\u00f3 <em>selfies<\/em> con los visitantes e intercambi\u00f3 algunas palabras con la gente, reiter\u00f3 que para ella el sector agropecuario es fundamental para el desarrollo del pa\u00eds. Seg\u00fan dijo, el campo es sin\u00f3nimo de la gente que trabaja, que produce, que invierte y de lo que significan las divisas que vienen al pa\u00eds. Resalt\u00f3 la tecnolog\u00eda que tienen hoy los productores y c\u00f3mo estas han avanzado. \u201c<strong>El campo es uno de los motores de la econom\u00eda, ya sabemos. <\/strong>Sabemos que es el primer motor productivo de nuestro pa\u00eds. <strong>As\u00ed que lo apoyamos siempre, siempre estamos al lado del campo, junto al campo y apoy\u00e1ndolo\u00bb, <\/strong>ratific\u00f3. <\/p>\n<div class=\"content-media\">\n<section role=\"button\" class=\"mod-media   \">\n<figure role=\"button\" class=\"mod-figure \"><figcaption class=\"mod-figcaption\"><span class=\"com-text --caption --twoxs\">Patricia Bullrich: \u00abVa a llegar el momento en que todos esos impuestos antiproducci\u00f3n se van a terminar\u00bb<\/span><span class=\"com-text --credit --twoxs\">Santiago Oroz<\/span><\/figcaption><\/figure>\n<\/section>\n<\/div>\n<p class=\"com-paragraph   --s\">A la llegada al Restaurante Central fue una de las \u00faltimas en llegar. <strong>Se sent\u00f3 al lado del presidente de la Sociedad Rural Argentina, Nicol\u00e1s Pino (SRA),<\/strong> con quien mantuvo algunos di\u00e1logos.<\/p>\n<section class=\"container-center-100 mb-40 border border-bottom border-thin border-neutral-light-700\">\n<hr\/>\n<\/section>\n<\/div>\n","protected":false},"excerpt":{"rendered":"<p>\u00abNosotros somos procampo\u201c, asegur\u00f3 la ministra de Seguridad, Patricia Bullrich, a la salida de un almuerzo de funcionarios del Gobierno con la c\u00fapula de la Sociedad Rural Argentina (SRA) en el marco de la Exposici\u00f3n Rural de Palermo. La funcionaria coincidi\u00f3 con el ministro de Econom\u00eda, Luis Caputo, quien m\u00e1s temprano en la red X [&hellip;]<\/p>\n","protected":false},"author":1,"featured_media":138610,"comment_status":"closed","ping_status":"closed","sticky":false,"template":"","format":"standard","meta":{"footnotes":""},"categories":[28],"tags":[],"class_list":["post-138609","post","type-post","status-publish","format-standard","has-post-thumbnail","hentry","category-economia"],"yoast_head":"<!-- This site is optimized with the Yoast SEO plugin v24.4 - https:\/\/yoast.com\/wordpress\/plugins\/seo\/ -->\n<title>Patricia Bullrich se sum\u00f3 a un pedido que Luis Caputo le hizo al campo por las retenciones - GYS NOTICIAS |<\/title>\n<meta name=\"robots\" content=\"index, follow, max-snippet:-1, max-image-preview:large, max-video-preview:-1\" \/>\n<link rel=\"canonical\" href=\"https:\/\/gysfm.com.ar\/inicio\/patricia-bullrich-se-sumo-a-un-pedido-que-luis-caputo-le-hizo-al-campo-por-las-retenciones\/\" \/>\n<meta property=\"og:locale\" content=\"es_ES\" \/>\n<meta property=\"og:type\" content=\"article\" \/>\n<meta property=\"og:title\" content=\"Patricia Bullrich se sum\u00f3 a un pedido que Luis Caputo le hizo al campo por las retenciones - GYS NOTICIAS |\" \/>\n<meta property=\"og:description\" content=\"\u00abNosotros somos procampo\u201c, asegur\u00f3 la ministra de Seguridad, Patricia Bullrich, a la salida de un almuerzo de funcionarios del Gobierno con la c\u00fapula de la Sociedad Rural Argentina (SRA) en el marco de la Exposici\u00f3n Rural de Palermo. La funcionaria coincidi\u00f3 con el ministro de Econom\u00eda, Luis Caputo, quien m\u00e1s temprano en la red X [&hellip;]\" \/>\n<meta property=\"og:url\" content=\"https:\/\/gysfm.com.ar\/inicio\/patricia-bullrich-se-sumo-a-un-pedido-que-luis-caputo-le-hizo-al-campo-por-las-retenciones\/\" \/>\n<meta property=\"og:site_name\" content=\"GYS NOTICIAS |\" \/>\n<meta property=\"article:published_time\" content=\"2025-07-23T06:50:10+00:00\" \/>\n<meta property=\"article:modified_time\" content=\"2025-07-23T06:50:11+00:00\" \/>\n<meta property=\"og:image\" content=\"https:\/\/gysfm.com.ar\/inicio\/wp-content\/uploads\/2025\/07\/patricia-bullrich-con-nicolas-pino-presidente-de-E2LL3Q4Q5BCPNC6ANO3CW2XUBI.jpeg\" \/>\n\t<meta property=\"og:image:width\" content=\"1200\" \/>\n\t<meta property=\"og:image:height\" content=\"900\" \/>\n\t<meta property=\"og:image:type\" content=\"image\/jpeg\" \/>\n<meta name=\"author\" content=\"admin\" \/>\n<meta name=\"twitter:card\" content=\"summary_large_image\" \/>\n<meta name=\"twitter:label1\" content=\"Escrito por\" \/>\n\t<meta name=\"twitter:data1\" content=\"admin\" \/>\n\t<meta name=\"twitter:label2\" content=\"Tiempo de lectura\" \/>\n\t<meta name=\"twitter:data2\" content=\"3 minutos\" \/>\n<script type=\"application\/ld+json\" class=\"yoast-schema-graph\">{\"@context\":\"https:\/\/schema.org\",\"@graph\":[{\"@type\":\"Article\",\"@id\":\"https:\/\/gysfm.com.ar\/inicio\/patricia-bullrich-se-sumo-a-un-pedido-que-luis-caputo-le-hizo-al-campo-por-las-retenciones\/#article\",\"isPartOf\":{\"@id\":\"https:\/\/gysfm.com.ar\/inicio\/patricia-bullrich-se-sumo-a-un-pedido-que-luis-caputo-le-hizo-al-campo-por-las-retenciones\/\"},\"author\":{\"name\":\"admin\",\"@id\":\"https:\/\/gysfm.com.ar\/inicio\/#\/schema\/person\/5bedd7ecd35cc35548d89effafa23696\"},\"headline\":\"Patricia Bullrich se sum\u00f3 a un pedido que Luis Caputo le hizo al campo por las retenciones\",\"datePublished\":\"2025-07-23T06:50:10+00:00\",\"dateModified\":\"2025-07-23T06:50:11+00:00\",\"mainEntityOfPage\":{\"@id\":\"https:\/\/gysfm.com.ar\/inicio\/patricia-bullrich-se-sumo-a-un-pedido-que-luis-caputo-le-hizo-al-campo-por-las-retenciones\/\"},\"wordCount\":585,\"publisher\":{\"@id\":\"https:\/\/gysfm.com.ar\/inicio\/#organization\"},\"image\":{\"@id\":\"https:\/\/gysfm.com.ar\/inicio\/patricia-bullrich-se-sumo-a-un-pedido-que-luis-caputo-le-hizo-al-campo-por-las-retenciones\/#primaryimage\"},\"thumbnailUrl\":\"https:\/\/gysfm.com.ar\/inicio\/wp-content\/uploads\/2025\/07\/patricia-bullrich-con-nicolas-pino-presidente-de-E2LL3Q4Q5BCPNC6ANO3CW2XUBI.jpeg\",\"articleSection\":[\"ECONOMIA\"],\"inLanguage\":\"es\"},{\"@type\":\"WebPage\",\"@id\":\"https:\/\/gysfm.com.ar\/inicio\/patricia-bullrich-se-sumo-a-un-pedido-que-luis-caputo-le-hizo-al-campo-por-las-retenciones\/\",\"url\":\"https:\/\/gysfm.com.ar\/inicio\/patricia-bullrich-se-sumo-a-un-pedido-que-luis-caputo-le-hizo-al-campo-por-las-retenciones\/\",\"name\":\"Patricia Bullrich se sum\u00f3 a un pedido que Luis Caputo le hizo al campo por las retenciones - GYS NOTICIAS |\",\"isPartOf\":{\"@id\":\"https:\/\/gysfm.com.ar\/inicio\/#website\"},\"primaryImageOfPage\":{\"@id\":\"https:\/\/gysfm.com.ar\/inicio\/patricia-bullrich-se-sumo-a-un-pedido-que-luis-caputo-le-hizo-al-campo-por-las-retenciones\/#primaryimage\"},\"image\":{\"@id\":\"https:\/\/gysfm.com.ar\/inicio\/patricia-bullrich-se-sumo-a-un-pedido-que-luis-caputo-le-hizo-al-campo-por-las-retenciones\/#primaryimage\"},\"thumbnailUrl\":\"https:\/\/gysfm.com.ar\/inicio\/wp-content\/uploads\/2025\/07\/patricia-bullrich-con-nicolas-pino-presidente-de-E2LL3Q4Q5BCPNC6ANO3CW2XUBI.jpeg\",\"datePublished\":\"2025-07-23T06:50:10+00:00\",\"dateModified\":\"2025-07-23T06:50:11+00:00\",\"breadcrumb\":{\"@id\":\"https:\/\/gysfm.com.ar\/inicio\/patricia-bullrich-se-sumo-a-un-pedido-que-luis-caputo-le-hizo-al-campo-por-las-retenciones\/#breadcrumb\"},\"inLanguage\":\"es\",\"potentialAction\":[{\"@type\":\"ReadAction\",\"target\":[\"https:\/\/gysfm.com.ar\/inicio\/patricia-bullrich-se-sumo-a-un-pedido-que-luis-caputo-le-hizo-al-campo-por-las-retenciones\/\"]}]},{\"@type\":\"ImageObject\",\"inLanguage\":\"es\",\"@id\":\"https:\/\/gysfm.com.ar\/inicio\/patricia-bullrich-se-sumo-a-un-pedido-que-luis-caputo-le-hizo-al-campo-por-las-retenciones\/#primaryimage\",\"url\":\"https:\/\/gysfm.com.ar\/inicio\/wp-content\/uploads\/2025\/07\/patricia-bullrich-con-nicolas-pino-presidente-de-E2LL3Q4Q5BCPNC6ANO3CW2XUBI.jpeg\",\"contentUrl\":\"https:\/\/gysfm.com.ar\/inicio\/wp-content\/uploads\/2025\/07\/patricia-bullrich-con-nicolas-pino-presidente-de-E2LL3Q4Q5BCPNC6ANO3CW2XUBI.jpeg\",\"width\":1200,\"height\":900},{\"@type\":\"BreadcrumbList\",\"@id\":\"https:\/\/gysfm.com.ar\/inicio\/patricia-bullrich-se-sumo-a-un-pedido-que-luis-caputo-le-hizo-al-campo-por-las-retenciones\/#breadcrumb\",\"itemListElement\":[{\"@type\":\"ListItem\",\"position\":1,\"name\":\"Portada\",\"item\":\"https:\/\/gysfm.com.ar\/inicio\/\"},{\"@type\":\"ListItem\",\"position\":2,\"name\":\"Patricia Bullrich se sum\u00f3 a un pedido que Luis Caputo le hizo al campo por las retenciones\"}]},{\"@type\":\"WebSite\",\"@id\":\"https:\/\/gysfm.com.ar\/inicio\/#website\",\"url\":\"https:\/\/gysfm.com.ar\/inicio\/\",\"name\":\"GYS NOTICIAS |\",\"description\":\"DIARIO - RADIO ONLINE SAN JUAN ARGENTINA\",\"publisher\":{\"@id\":\"https:\/\/gysfm.com.ar\/inicio\/#organization\"},\"potentialAction\":[{\"@type\":\"SearchAction\",\"target\":{\"@type\":\"EntryPoint\",\"urlTemplate\":\"https:\/\/gysfm.com.ar\/inicio\/?s={search_term_string}\"},\"query-input\":{\"@type\":\"PropertyValueSpecification\",\"valueRequired\":true,\"valueName\":\"search_term_string\"}}],\"inLanguage\":\"es\"},{\"@type\":\"Organization\",\"@id\":\"https:\/\/gysfm.com.ar\/inicio\/#organization\",\"name\":\"GYS NOTICIAS |\",\"url\":\"https:\/\/gysfm.com.ar\/inicio\/\",\"logo\":{\"@type\":\"ImageObject\",\"inLanguage\":\"es\",\"@id\":\"https:\/\/gysfm.com.ar\/inicio\/#\/schema\/logo\/image\/\",\"url\":\"https:\/\/gysfm.com.ar\/inicio\/wp-content\/uploads\/2023\/07\/LOGOGYS-OK.png\",\"contentUrl\":\"https:\/\/gysfm.com.ar\/inicio\/wp-content\/uploads\/2023\/07\/LOGOGYS-OK.png\",\"width\":1170,\"height\":872,\"caption\":\"GYS NOTICIAS |\"},\"image\":{\"@id\":\"https:\/\/gysfm.com.ar\/inicio\/#\/schema\/logo\/image\/\"}},{\"@type\":\"Person\",\"@id\":\"https:\/\/gysfm.com.ar\/inicio\/#\/schema\/person\/5bedd7ecd35cc35548d89effafa23696\",\"name\":\"admin\",\"image\":{\"@type\":\"ImageObject\",\"inLanguage\":\"es\",\"@id\":\"https:\/\/gysfm.com.ar\/inicio\/#\/schema\/person\/image\/\",\"url\":\"https:\/\/secure.gravatar.com\/avatar\/c331d312b5243fb64d5ba28108a447b27c925295129a363082c9ea52c28d32c2?s=96&d=mm&r=g\",\"contentUrl\":\"https:\/\/secure.gravatar.com\/avatar\/c331d312b5243fb64d5ba28108a447b27c925295129a363082c9ea52c28d32c2?s=96&d=mm&r=g\",\"caption\":\"admin\"},\"sameAs\":[\"https:\/\/gysfm.com.ar\/inicio\"],\"url\":\"https:\/\/gysfm.com.ar\/inicio\/author\/admin\/\"}]}<\/script>\n<!-- \/ Yoast SEO plugin. -->","yoast_head_json":{"title":"Patricia Bullrich se sum\u00f3 a un pedido que Luis Caputo le hizo al campo por las retenciones - GYS NOTICIAS |","robots":{"index":"index","follow":"follow","max-snippet":"max-snippet:-1","max-image-preview":"max-image-preview:large","max-video-preview":"max-video-preview:-1"},"canonical":"https:\/\/gysfm.com.ar\/inicio\/patricia-bullrich-se-sumo-a-un-pedido-que-luis-caputo-le-hizo-al-campo-por-las-retenciones\/","og_locale":"es_ES","og_type":"article","og_title":"Patricia Bullrich se sum\u00f3 a un pedido que Luis Caputo le hizo al campo por las retenciones - GYS NOTICIAS |","og_description":"\u00abNosotros somos procampo\u201c, asegur\u00f3 la ministra de Seguridad, Patricia Bullrich, a la salida de un almuerzo de funcionarios del Gobierno con la c\u00fapula de la Sociedad Rural Argentina (SRA) en el marco de la Exposici\u00f3n Rural de Palermo. La funcionaria coincidi\u00f3 con el ministro de Econom\u00eda, Luis Caputo, quien m\u00e1s temprano en la red X [&hellip;]","og_url":"https:\/\/gysfm.com.ar\/inicio\/patricia-bullrich-se-sumo-a-un-pedido-que-luis-caputo-le-hizo-al-campo-por-las-retenciones\/","og_site_name":"GYS NOTICIAS |","article_published_time":"2025-07-23T06:50:10+00:00","article_modified_time":"2025-07-23T06:50:11+00:00","og_image":[{"width":1200,"height":900,"url":"https:\/\/gysfm.com.ar\/inicio\/wp-content\/uploads\/2025\/07\/patricia-bullrich-con-nicolas-pino-presidente-de-E2LL3Q4Q5BCPNC6ANO3CW2XUBI.jpeg","type":"image\/jpeg"}],"author":"admin","twitter_card":"summary_large_image","twitter_misc":{"Escrito por":"admin","Tiempo de lectura":"3 minutos"},"schema":{"@context":"https:\/\/schema.org","@graph":[{"@type":"Article","@id":"https:\/\/gysfm.com.ar\/inicio\/patricia-bullrich-se-sumo-a-un-pedido-que-luis-caputo-le-hizo-al-campo-por-las-retenciones\/#article","isPartOf":{"@id":"https:\/\/gysfm.com.ar\/inicio\/patricia-bullrich-se-sumo-a-un-pedido-que-luis-caputo-le-hizo-al-campo-por-las-retenciones\/"},"author":{"name":"admin","@id":"https:\/\/gysfm.com.ar\/inicio\/#\/schema\/person\/5bedd7ecd35cc35548d89effafa23696"},"headline":"Patricia Bullrich se sum\u00f3 a un pedido que Luis Caputo le hizo al campo por las retenciones","datePublished":"2025-07-23T06:50:10+00:00","dateModified":"2025-07-23T06:50:11+00:00","mainEntityOfPage":{"@id":"https:\/\/gysfm.com.ar\/inicio\/patricia-bullrich-se-sumo-a-un-pedido-que-luis-caputo-le-hizo-al-campo-por-las-retenciones\/"},"wordCount":585,"publisher":{"@id":"https:\/\/gysfm.com.ar\/inicio\/#organization"},"image":{"@id":"https:\/\/gysfm.com.ar\/inicio\/patricia-bullrich-se-sumo-a-un-pedido-que-luis-caputo-le-hizo-al-campo-por-las-retenciones\/#primaryimage"},"thumbnailUrl":"https:\/\/gysfm.com.ar\/inicio\/wp-content\/uploads\/2025\/07\/patricia-bullrich-con-nicolas-pino-presidente-de-E2LL3Q4Q5BCPNC6ANO3CW2XUBI.jpeg","articleSection":["ECONOMIA"],"inLanguage":"es"},{"@type":"WebPage","@id":"https:\/\/gysfm.com.ar\/inicio\/patricia-bullrich-se-sumo-a-un-pedido-que-luis-caputo-le-hizo-al-campo-por-las-retenciones\/","url":"https:\/\/gysfm.com.ar\/inicio\/patricia-bullrich-se-sumo-a-un-pedido-que-luis-caputo-le-hizo-al-campo-por-las-retenciones\/","name":"Patricia Bullrich se sum\u00f3 a un pedido que Luis Caputo le hizo al campo por las retenciones - GYS NOTICIAS |","isPartOf":{"@id":"https:\/\/gysfm.com.ar\/inicio\/#website"},"primaryImageOfPage":{"@id":"https:\/\/gysfm.com.ar\/inicio\/patricia-bullrich-se-sumo-a-un-pedido-que-luis-caputo-le-hizo-al-campo-por-las-retenciones\/#primaryimage"},"image":{"@id":"https:\/\/gysfm.com.ar\/inicio\/patricia-bullrich-se-sumo-a-un-pedido-que-luis-caputo-le-hizo-al-campo-por-las-retenciones\/#primaryimage"},"thumbnailUrl":"https:\/\/gysfm.com.ar\/inicio\/wp-content\/uploads\/2025\/07\/patricia-bullrich-con-nicolas-pino-presidente-de-E2LL3Q4Q5BCPNC6ANO3CW2XUBI.jpeg","datePublished":"2025-07-23T06:50:10+00:00","dateModified":"2025-07-23T06:50:11+00:00","breadcrumb":{"@id":"https:\/\/gysfm.com.ar\/inicio\/patricia-bullrich-se-sumo-a-un-pedido-que-luis-caputo-le-hizo-al-campo-por-las-retenciones\/#breadcrumb"},"inLanguage":"es","potentialAction":[{"@type":"ReadAction","target":["https:\/\/gysfm.com.ar\/inicio\/patricia-bullrich-se-sumo-a-un-pedido-que-luis-caputo-le-hizo-al-campo-por-las-retenciones\/"]}]},{"@type":"ImageObject","inLanguage":"es","@id":"https:\/\/gysfm.com.ar\/inicio\/patricia-bullrich-se-sumo-a-un-pedido-que-luis-caputo-le-hizo-al-campo-por-las-retenciones\/#primaryimage","url":"https:\/\/gysfm.com.ar\/inicio\/wp-content\/uploads\/2025\/07\/patricia-bullrich-con-nicolas-pino-presidente-de-E2LL3Q4Q5BCPNC6ANO3CW2XUBI.jpeg","contentUrl":"https:\/\/gysfm.com.ar\/inicio\/wp-content\/uploads\/2025\/07\/patricia-bullrich-con-nicolas-pino-presidente-de-E2LL3Q4Q5BCPNC6ANO3CW2XUBI.jpeg","width":1200,"height":900},{"@type":"BreadcrumbList","@id":"https:\/\/gysfm.com.ar\/inicio\/patricia-bullrich-se-sumo-a-un-pedido-que-luis-caputo-le-hizo-al-campo-por-las-retenciones\/#breadcrumb","itemListElement":[{"@type":"ListItem","position":1,"name":"Portada","item":"https:\/\/gysfm.com.ar\/inicio\/"},{"@type":"ListItem","position":2,"name":"Patricia Bullrich se sum\u00f3 a un pedido que Luis Caputo le hizo al campo por las retenciones"}]},{"@type":"WebSite","@id":"https:\/\/gysfm.com.ar\/inicio\/#website","url":"https:\/\/gysfm.com.ar\/inicio\/","name":"GYS NOTICIAS |","description":"DIARIO - RADIO ONLINE SAN JUAN ARGENTINA","publisher":{"@id":"https:\/\/gysfm.com.ar\/inicio\/#organization"},"potentialAction":[{"@type":"SearchAction","target":{"@type":"EntryPoint","urlTemplate":"https:\/\/gysfm.com.ar\/inicio\/?s={search_term_string}"},"query-input":{"@type":"PropertyValueSpecification","valueRequired":true,"valueName":"search_term_string"}}],"inLanguage":"es"},{"@type":"Organization","@id":"https:\/\/gysfm.com.ar\/inicio\/#organization","name":"GYS NOTICIAS |","url":"https:\/\/gysfm.com.ar\/inicio\/","logo":{"@type":"ImageObject","inLanguage":"es","@id":"https:\/\/gysfm.com.ar\/inicio\/#\/schema\/logo\/image\/","url":"https:\/\/gysfm.com.ar\/inicio\/wp-content\/uploads\/2023\/07\/LOGOGYS-OK.png","contentUrl":"https:\/\/gysfm.com.ar\/inicio\/wp-content\/uploads\/2023\/07\/LOGOGYS-OK.png","width":1170,"height":872,"caption":"GYS NOTICIAS |"},"image":{"@id":"https:\/\/gysfm.com.ar\/inicio\/#\/schema\/logo\/image\/"}},{"@type":"Person","@id":"https:\/\/gysfm.com.ar\/inicio\/#\/schema\/person\/5bedd7ecd35cc35548d89effafa23696","name":"admin","image":{"@type":"ImageObject","inLanguage":"es","@id":"https:\/\/gysfm.com.ar\/inicio\/#\/schema\/person\/image\/","url":"https:\/\/secure.gravatar.com\/avatar\/c331d312b5243fb64d5ba28108a447b27c925295129a363082c9ea52c28d32c2?s=96&d=mm&r=g","contentUrl":"https:\/\/secure.gravatar.com\/avatar\/c331d312b5243fb64d5ba28108a447b27c925295129a363082c9ea52c28d32c2?s=96&d=mm&r=g","caption":"admin"},"sameAs":["https:\/\/gysfm.com.ar\/inicio"],"url":"https:\/\/gysfm.com.ar\/inicio\/author\/admin\/"}]}},"_links":{"self":[{"href":"https:\/\/gysfm.com.ar\/inicio\/wp-json\/wp\/v2\/posts\/138609","targetHints":{"allow":["GET"]}}],"collection":[{"href":"https:\/\/gysfm.com.ar\/inicio\/wp-json\/wp\/v2\/posts"}],"about":[{"href":"https:\/\/gysfm.com.ar\/inicio\/wp-json\/wp\/v2\/types\/post"}],"author":[{"embeddable":true,"href":"https:\/\/gysfm.com.ar\/inicio\/wp-json\/wp\/v2\/users\/1"}],"replies":[{"embeddable":true,"href":"https:\/\/gysfm.com.ar\/inicio\/wp-json\/wp\/v2\/comments?post=138609"}],"version-history":[{"count":1,"href":"https:\/\/gysfm.com.ar\/inicio\/wp-json\/wp\/v2\/posts\/138609\/revisions"}],"predecessor-version":[{"id":138611,"href":"https:\/\/gysfm.com.ar\/inicio\/wp-json\/wp\/v2\/posts\/138609\/revisions\/138611"}],"wp:featuredmedia":[{"embeddable":true,"href":"https:\/\/gysfm.com.ar\/inicio\/wp-json\/wp\/v2\/media\/138610"}],"wp:attachment":[{"href":"https:\/\/gysfm.com.ar\/inicio\/wp-json\/wp\/v2\/media?parent=138609"}],"wp:term":[{"taxonomy":"category","embeddable":true,"href":"https:\/\/gysfm.com.ar\/inicio\/wp-json\/wp\/v2\/categories?post=138609"},{"taxonomy":"post_tag","embeddable":true,"href":"https:\/\/gysfm.com.ar\/inicio\/wp-json\/wp\/v2\/tags?post=138609"}],"curies":[{"name":"wp","href":"https:\/\/api.w.org\/{rel}","templated":true}]}}