{"id":138606,"date":"2025-07-23T03:49:05","date_gmt":"2025-07-23T06:49:05","guid":{"rendered":"https:\/\/gysfm.com.ar\/inicio\/trump-acusa-a-obama-de-traicion-exige-su-juicio-y-provoca-una-inusual-reaccion-de-su-equipo\/"},"modified":"2025-07-23T03:49:06","modified_gmt":"2025-07-23T06:49:06","slug":"trump-acusa-a-obama-de-traicion-exige-su-juicio-y-provoca-una-inusual-reaccion-de-su-equipo","status":"publish","type":"post","link":"https:\/\/gysfm.com.ar\/inicio\/trump-acusa-a-obama-de-traicion-exige-su-juicio-y-provoca-una-inusual-reaccion-de-su-equipo\/","title":{"rendered":"Trump acusa a Obama de \u201ctraici\u00f3n\u201d, exige su juicio y provoca una inusual reacci\u00f3n de su equipo"},"content":{"rendered":"<p> <br \/>\n<\/p>\n<div>\n<p class=\"com-paragraph  --capital --s\">El presidente de Estados Unidos, <strong>Donald Trump<\/strong>, <a href=\"https:\/\/www.lanacion.com.ar\/estados-unidos\/en-medio-de-la-polemica-por-el-caso-epstein-trump-difunde-un-video-con-un-falso-arresto-de-obama-en-nid21072025\/\" target=\"_self\" title=\"https:\/\/www.lanacion.com.ar\/estados-unidos\/en-medio-de-la-polemica-por-el-caso-epstein-trump-difunde-un-video-con-un-falso-arresto-de-obama-en-nid21072025\/\" class=\"com-link\" data-mrf-recirculation=\"n_link_parrafo\">acus\u00f3 el martes al exmandatario dem\u00f3crata<strong> Barack Obama<\/strong><\/a> de<strong> \u201ctraici\u00f3n\u201d y pidi\u00f3 que sea juzgado<\/strong> por, seg\u00fan \u00e9l, haber propagado informaciones falsas respecto una posible injerencia rusa en las elecciones que llevaron al magnate a la Casa Blanca por primera vez.<\/p>\n<p class=\"com-paragraph   --s\">\u201cEsto fue traici\u00f3n\u201d, dijo Trump el martes en declaraciones en el Sal\u00f3n Oval. \u00ab<strong>Intentaron robar las elecciones<\/strong>. Hicieron cosas que nadie ha imaginado, incluso en otros pa\u00edses\u00bb.<\/p>\n<p class=\"com-paragraph   --s\">El personal de Obama rechaz\u00f3 las declaraciones del presidente Trump, calific\u00e1ndolas de<strong> \u201cbizarras\u201d y \u201crid\u00edculas\u201d<\/strong>.<\/p>\n<div class=\"content-media\">\n<section role=\"button\" class=\"mod-media   \">\n<figure role=\"button\" class=\"mod-figure \"><figcaption class=\"mod-figcaption\"><span class=\"com-text --caption --twoxs\">El presidente de Estados Unidos, Donald Trump en la Casa Blanca, en Washington D. C., el 22 de julio de 2025<\/span><span class=\"com-text --credit --twoxs\">ANDREW CABALLERO-REYNOLDS  &#8211; AFP <\/span><\/figcaption><\/figure>\n<\/section>\n<\/div>\n<p class=\"com-paragraph   --s\">\u201cPor respeto a la presidencia, nuestra oficina no suele dar una respuesta a las <strong>continuas tonter\u00edas y desinformaci\u00f3n que salen de esta administraci\u00f3n<\/strong>, pero estas afirmaciones son lo suficientemente escandalosas como para merecer una\u201d, dijo el personal de Obama, seg\u00fan inform\u00f3 la cadena CNN. \u201cEstas bizarras acusaciones son rid\u00edculas y un d\u00e9bil<strong> intento de distraer la atenci\u00f3n<\/strong>\u201c.<\/p>\n<p class=\"com-paragraph   --s\">El republicano acus\u00f3 a Obama, presidente entre 2009 y 2017, y a <strong>Hillary Clinton<\/strong>, la candidata dem\u00f3crata a quien derrot\u00f3 en las elecciones presidenciales de 2016, de <strong>difundir informaci\u00f3n falsa con el objetivo de desprestigiarlo<\/strong>.<\/p>\n<p class=\"com-paragraph   --s\">As\u00ed, el magnate rechaz\u00f3 las conclusiones de los servicios de inteligencia norteamericanos que afirman que <strong>Mosc\u00fa<\/strong> llev\u00f3 a cabo una campa\u00f1a de intrusiones inform\u00e1ticas y manipulaci\u00f3n en redes sociales para<strong> impulsar a Trump y desacreditar a Clinton<\/strong>.<\/p>\n<p class=\"com-paragraph   --s\">Este martes, al recibir al presidente filipino <strong>Ferdinand Marcos Jr.<\/strong> en el despacho oval de la Casa Blanca, los periodistas preguntaron al presidente por <a href=\"https:\/\/www.lanacion.com.ar\/estados-unidos\/preocupacion-por-el-caso-epstein-las-dos-medidas-que-anuncio-el-gobierno-de-trump-para-intentar-nid22072025\/\" target=\"_self\" title=\"https:\/\/www.lanacion.com.ar\/estados-unidos\/preocupacion-por-el-caso-epstein-las-dos-medidas-que-anuncio-el-gobierno-de-trump-para-intentar-nid22072025\/\" class=\"com-link\" data-mrf-recirculation=\"n_link_parrafo\">el caso de<strong> Jeffrey Epstein<\/strong><\/a>, el acaudalado financiero encontrado muerto en prisi\u00f3n en 2019 antes de su juicio por delitos sexuales.<\/p>\n<p class=\"com-paragraph   --s\"><strong>\u201cNo lo sigo muy de cerca\u201d<\/strong>, respondi\u00f3 Trump, acusado por algunos de sus simpatizantes de incumplir su promesa de esclarecer el caso del financista neoyorquino publicando los archivos de su investigaci\u00f3n.<\/p>\n<p class=\"com-paragraph   --s\">Acto seguido, <strong>Trump dirigi\u00f3 la atenci\u00f3n a Obama<\/strong>.<\/p>\n<div class=\"content-media\">\n<section role=\"button\" class=\"mod-media   \">\n<figure role=\"button\" class=\"mod-figure \"><figcaption class=\"mod-figcaption\"><span class=\"com-text --caption --twoxs\">El presidente Donald Trump saluda al presidente de Filipinas, Ferdinand Marcos Jr., en la Casa Blanca, el martes 22 de julio de 2025, en Washington<\/span><span class=\"com-text --credit --twoxs\">Julia Demaree Nikhinson  &#8211; AP <\/span><\/figcaption><\/figure>\n<\/section>\n<\/div>\n<p class=\"com-paragraph   --s\">Durante un extenso ataque verbal, el presidente enumer\u00f3 una lista de enemigos que desea que su Departamento de Justicia investigue.<\/p>\n<p class=\"com-paragraph   --s\"><strong>\u201cSer\u00eda el presidente Obama\u201d,<\/strong> afirm\u00f3 Trump. <strong>\u201c\u00c9l lo empez\u00f3, y Biden estaba ah\u00ed con \u00e9l\u201d<\/strong>, a\u00f1adi\u00f3, en referencia al entonces vicepresidente de Obama, <strong>Joe Biden<\/strong>.<\/p>\n<p class=\"com-paragraph   --s\">Denunci\u00f3 entonces a los exdirectores de la polic\u00eda federal (FBI) <strong>James Comey<\/strong>, de la inteligencia nacional<strong> James Clapper<\/strong> y de la CIA <strong>John Brennan<\/strong>. Dijo que todos ellos formaban parte de una conspiraci\u00f3n, pero que <strong>el \u201cl\u00edder de la banda\u201d era Obama<\/strong>.<\/p>\n<p class=\"com-paragraph   --s\">Trump tambi\u00e9n fue criticado el lunes por compartir <strong>videos falsos generados por inteligencia artificial<\/strong>, uno en el que se ve a Obama en una c\u00e1rcel con el atuendo anaranjado de los presos y otro en el que se lo ve siendo arrestado por la polic\u00eda.<\/p>\n<p class=\"com-paragraph   --s\">El viernes, la directora de la inteligencia nacional <strong>Tulsi Gabbard<\/strong> hab\u00eda pedido que se procese a altos cargos del gobierno de Obama por<strong> \u201cconspiraci\u00f3n traicionera\u201d<\/strong>.<\/p>\n<div class=\"content-media\">\n<section role=\"button\" class=\"mod-media   \">\n<figure role=\"button\" class=\"mod-figure \"><figcaption class=\"mod-figcaption\"><span class=\"com-text --caption --twoxs\">El presidente de Estados Unidos, Donald Trump en Washington D. C., el 22 de julio de 2025<\/span><span class=\"com-text --credit --twoxs\">ANDREW CABALLERO-REYNOLDS  &#8211; AFP <\/span><\/figcaption><\/figure>\n<\/section>\n<\/div>\n<p class=\"com-paragraph   --s\">Seg\u00fan Gabbard, Obama y su equipo sentaron \u201clas bases de lo que fue esencialmente un <strong>golpe de Estado de a\u00f1os contra el presidente Trump<\/strong>\u201c.<\/p>\n<p class=\"com-paragraph   --s\">Un informe bipartidista del comit\u00e9 de inteligencia del Senado, encabezado por el exsenador y actual jefe de la diplomacia Marco Rubio, concluy\u00f3 en 2020 que<strong> la campa\u00f1a de Trump busc\u00f3 \u201cmaximizar el impacto\u201d<\/strong> de filtraciones de documentos dem\u00f3cratas robados por la inteligencia militar rusa.<\/p>\n<p class=\"com-paragraph   --s\">El objetivo era, seg\u00fan el informe, <strong>beneficiar a Trump<\/strong> y perjudicar a Hillary Clinton.<\/p>\n<p class=\"com-paragraph   --s\">Durante mucho tiempo, Obama ha sido objetivo de ataques del gobierno del magnate. En 2011, el republicano lo acus\u00f3 de no haber nacido en Estados Unidos, lo que llev\u00f3 al por entonces mandatario dem\u00f3crata a publicar una copia de su certificado de nacimiento. <\/p>\n<p class=\"com-paragraph   --s\"><strong>Agencias AFP, ANSA, Reuters y diario <\/strong><em><strong>The New York Times<\/strong><\/em><\/p>\n<section class=\"container-center-100 mb-40 border border-bottom border-thin border-neutral-light-700\">\n<hr\/>\n<\/section>\n<\/div>\n\n","protected":false},"excerpt":{"rendered":"<p>El presidente de Estados Unidos, Donald Trump, acus\u00f3 el martes al exmandatario dem\u00f3crata Barack Obama de \u201ctraici\u00f3n\u201d y pidi\u00f3 que sea juzgado por, seg\u00fan \u00e9l, haber propagado informaciones falsas respecto una posible injerencia rusa en las elecciones que llevaron al magnate a la Casa Blanca por primera vez. \u201cEsto fue traici\u00f3n\u201d, dijo Trump el martes [&hellip;]<\/p>\n","protected":false},"author":2,"featured_media":138607,"comment_status":"closed","ping_status":"closed","sticky":false,"template":"","format":"standard","meta":{"footnotes":""},"categories":[26],"tags":[],"class_list":["post-138606","post","type-post","status-publish","format-standard","has-post-thumbnail","hentry","category-internacionales"],"yoast_head":"<!-- This site is optimized with the Yoast SEO plugin v24.4 - https:\/\/yoast.com\/wordpress\/plugins\/seo\/ -->\n<title>Trump acusa a Obama de \u201ctraici\u00f3n\u201d, exige su juicio y provoca una inusual reacci\u00f3n de su equipo - GYS NOTICIAS |<\/title>\n<meta name=\"robots\" content=\"index, follow, max-snippet:-1, max-image-preview:large, max-video-preview:-1\" \/>\n<link rel=\"canonical\" href=\"https:\/\/gysfm.com.ar\/inicio\/trump-acusa-a-obama-de-traicion-exige-su-juicio-y-provoca-una-inusual-reaccion-de-su-equipo\/\" \/>\n<meta property=\"og:locale\" content=\"es_ES\" \/>\n<meta property=\"og:type\" content=\"article\" \/>\n<meta property=\"og:title\" content=\"Trump acusa a Obama de \u201ctraici\u00f3n\u201d, exige su juicio y provoca una inusual reacci\u00f3n de su equipo - GYS NOTICIAS |\" \/>\n<meta property=\"og:description\" content=\"El presidente de Estados Unidos, Donald Trump, acus\u00f3 el martes al exmandatario dem\u00f3crata Barack Obama de \u201ctraici\u00f3n\u201d y pidi\u00f3 que sea juzgado por, seg\u00fan \u00e9l, haber propagado informaciones falsas respecto una posible injerencia rusa en las elecciones que llevaron al magnate a la Casa Blanca por primera vez. \u201cEsto fue traici\u00f3n\u201d, dijo Trump el martes [&hellip;]\" \/>\n<meta property=\"og:url\" content=\"https:\/\/gysfm.com.ar\/inicio\/trump-acusa-a-obama-de-traicion-exige-su-juicio-y-provoca-una-inusual-reaccion-de-su-equipo\/\" \/>\n<meta property=\"og:site_name\" content=\"GYS NOTICIAS |\" \/>\n<meta property=\"article:published_time\" content=\"2025-07-23T06:49:05+00:00\" \/>\n<meta property=\"article:modified_time\" content=\"2025-07-23T06:49:06+00:00\" \/>\n<meta property=\"og:image\" content=\"https:\/\/gysfm.com.ar\/inicio\/wp-content\/uploads\/2025\/07\/el-presidente-de-estados-unidos-donald-trump-YKZKFJCY55EOFC2GQMFPGF56NI.png\" \/>\n\t<meta property=\"og:image:width\" content=\"1200\" \/>\n\t<meta property=\"og:image:height\" content=\"800\" \/>\n\t<meta property=\"og:image:type\" content=\"image\/png\" \/>\n<meta name=\"author\" content=\"Prensa G&amp;S FM\" \/>\n<meta name=\"twitter:card\" content=\"summary_large_image\" \/>\n<meta name=\"twitter:label1\" content=\"Escrito por\" \/>\n\t<meta name=\"twitter:data1\" content=\"Prensa G&amp;S FM\" \/>\n\t<meta name=\"twitter:label2\" content=\"Tiempo de lectura\" \/>\n\t<meta name=\"twitter:data2\" content=\"3 minutos\" \/>\n<script type=\"application\/ld+json\" class=\"yoast-schema-graph\">{\"@context\":\"https:\/\/schema.org\",\"@graph\":[{\"@type\":\"Article\",\"@id\":\"https:\/\/gysfm.com.ar\/inicio\/trump-acusa-a-obama-de-traicion-exige-su-juicio-y-provoca-una-inusual-reaccion-de-su-equipo\/#article\",\"isPartOf\":{\"@id\":\"https:\/\/gysfm.com.ar\/inicio\/trump-acusa-a-obama-de-traicion-exige-su-juicio-y-provoca-una-inusual-reaccion-de-su-equipo\/\"},\"author\":{\"name\":\"Prensa G&amp;S FM\",\"@id\":\"https:\/\/gysfm.com.ar\/inicio\/#\/schema\/person\/3abba7593ef2ad19e1be221d54383dc5\"},\"headline\":\"Trump acusa a Obama de \u201ctraici\u00f3n\u201d, exige su juicio y provoca una inusual reacci\u00f3n de su equipo\",\"datePublished\":\"2025-07-23T06:49:05+00:00\",\"dateModified\":\"2025-07-23T06:49:06+00:00\",\"mainEntityOfPage\":{\"@id\":\"https:\/\/gysfm.com.ar\/inicio\/trump-acusa-a-obama-de-traicion-exige-su-juicio-y-provoca-una-inusual-reaccion-de-su-equipo\/\"},\"wordCount\":719,\"publisher\":{\"@id\":\"https:\/\/gysfm.com.ar\/inicio\/#organization\"},\"image\":{\"@id\":\"https:\/\/gysfm.com.ar\/inicio\/trump-acusa-a-obama-de-traicion-exige-su-juicio-y-provoca-una-inusual-reaccion-de-su-equipo\/#primaryimage\"},\"thumbnailUrl\":\"https:\/\/gysfm.com.ar\/inicio\/wp-content\/uploads\/2025\/07\/el-presidente-de-estados-unidos-donald-trump-YKZKFJCY55EOFC2GQMFPGF56NI.png\",\"articleSection\":[\"INTERNACIONALES\"],\"inLanguage\":\"es\"},{\"@type\":\"WebPage\",\"@id\":\"https:\/\/gysfm.com.ar\/inicio\/trump-acusa-a-obama-de-traicion-exige-su-juicio-y-provoca-una-inusual-reaccion-de-su-equipo\/\",\"url\":\"https:\/\/gysfm.com.ar\/inicio\/trump-acusa-a-obama-de-traicion-exige-su-juicio-y-provoca-una-inusual-reaccion-de-su-equipo\/\",\"name\":\"Trump acusa a Obama de \u201ctraici\u00f3n\u201d, exige su juicio y provoca una inusual reacci\u00f3n de su equipo - GYS NOTICIAS |\",\"isPartOf\":{\"@id\":\"https:\/\/gysfm.com.ar\/inicio\/#website\"},\"primaryImageOfPage\":{\"@id\":\"https:\/\/gysfm.com.ar\/inicio\/trump-acusa-a-obama-de-traicion-exige-su-juicio-y-provoca-una-inusual-reaccion-de-su-equipo\/#primaryimage\"},\"image\":{\"@id\":\"https:\/\/gysfm.com.ar\/inicio\/trump-acusa-a-obama-de-traicion-exige-su-juicio-y-provoca-una-inusual-reaccion-de-su-equipo\/#primaryimage\"},\"thumbnailUrl\":\"https:\/\/gysfm.com.ar\/inicio\/wp-content\/uploads\/2025\/07\/el-presidente-de-estados-unidos-donald-trump-YKZKFJCY55EOFC2GQMFPGF56NI.png\",\"datePublished\":\"2025-07-23T06:49:05+00:00\",\"dateModified\":\"2025-07-23T06:49:06+00:00\",\"breadcrumb\":{\"@id\":\"https:\/\/gysfm.com.ar\/inicio\/trump-acusa-a-obama-de-traicion-exige-su-juicio-y-provoca-una-inusual-reaccion-de-su-equipo\/#breadcrumb\"},\"inLanguage\":\"es\",\"potentialAction\":[{\"@type\":\"ReadAction\",\"target\":[\"https:\/\/gysfm.com.ar\/inicio\/trump-acusa-a-obama-de-traicion-exige-su-juicio-y-provoca-una-inusual-reaccion-de-su-equipo\/\"]}]},{\"@type\":\"ImageObject\",\"inLanguage\":\"es\",\"@id\":\"https:\/\/gysfm.com.ar\/inicio\/trump-acusa-a-obama-de-traicion-exige-su-juicio-y-provoca-una-inusual-reaccion-de-su-equipo\/#primaryimage\",\"url\":\"https:\/\/gysfm.com.ar\/inicio\/wp-content\/uploads\/2025\/07\/el-presidente-de-estados-unidos-donald-trump-YKZKFJCY55EOFC2GQMFPGF56NI.png\",\"contentUrl\":\"https:\/\/gysfm.com.ar\/inicio\/wp-content\/uploads\/2025\/07\/el-presidente-de-estados-unidos-donald-trump-YKZKFJCY55EOFC2GQMFPGF56NI.png\",\"width\":1200,\"height\":800},{\"@type\":\"BreadcrumbList\",\"@id\":\"https:\/\/gysfm.com.ar\/inicio\/trump-acusa-a-obama-de-traicion-exige-su-juicio-y-provoca-una-inusual-reaccion-de-su-equipo\/#breadcrumb\",\"itemListElement\":[{\"@type\":\"ListItem\",\"position\":1,\"name\":\"Portada\",\"item\":\"https:\/\/gysfm.com.ar\/inicio\/\"},{\"@type\":\"ListItem\",\"position\":2,\"name\":\"Trump acusa a Obama de \u201ctraici\u00f3n\u201d, exige su juicio y provoca una inusual reacci\u00f3n de su equipo\"}]},{\"@type\":\"WebSite\",\"@id\":\"https:\/\/gysfm.com.ar\/inicio\/#website\",\"url\":\"https:\/\/gysfm.com.ar\/inicio\/\",\"name\":\"GYS NOTICIAS |\",\"description\":\"DIARIO - RADIO ONLINE SAN JUAN ARGENTINA\",\"publisher\":{\"@id\":\"https:\/\/gysfm.com.ar\/inicio\/#organization\"},\"potentialAction\":[{\"@type\":\"SearchAction\",\"target\":{\"@type\":\"EntryPoint\",\"urlTemplate\":\"https:\/\/gysfm.com.ar\/inicio\/?s={search_term_string}\"},\"query-input\":{\"@type\":\"PropertyValueSpecification\",\"valueRequired\":true,\"valueName\":\"search_term_string\"}}],\"inLanguage\":\"es\"},{\"@type\":\"Organization\",\"@id\":\"https:\/\/gysfm.com.ar\/inicio\/#organization\",\"name\":\"GYS NOTICIAS |\",\"url\":\"https:\/\/gysfm.com.ar\/inicio\/\",\"logo\":{\"@type\":\"ImageObject\",\"inLanguage\":\"es\",\"@id\":\"https:\/\/gysfm.com.ar\/inicio\/#\/schema\/logo\/image\/\",\"url\":\"https:\/\/gysfm.com.ar\/inicio\/wp-content\/uploads\/2023\/07\/LOGOGYS-OK.png\",\"contentUrl\":\"https:\/\/gysfm.com.ar\/inicio\/wp-content\/uploads\/2023\/07\/LOGOGYS-OK.png\",\"width\":1170,\"height\":872,\"caption\":\"GYS NOTICIAS |\"},\"image\":{\"@id\":\"https:\/\/gysfm.com.ar\/inicio\/#\/schema\/logo\/image\/\"}},{\"@type\":\"Person\",\"@id\":\"https:\/\/gysfm.com.ar\/inicio\/#\/schema\/person\/3abba7593ef2ad19e1be221d54383dc5\",\"name\":\"Prensa G&amp;S FM\",\"image\":{\"@type\":\"ImageObject\",\"inLanguage\":\"es\",\"@id\":\"https:\/\/gysfm.com.ar\/inicio\/#\/schema\/person\/image\/\",\"url\":\"https:\/\/secure.gravatar.com\/avatar\/096ec78df02049ab018702bb4ccedf659377fa92a26540b5247612077a0dbd29?s=96&d=mm&r=g\",\"contentUrl\":\"https:\/\/secure.gravatar.com\/avatar\/096ec78df02049ab018702bb4ccedf659377fa92a26540b5247612077a0dbd29?s=96&d=mm&r=g\",\"caption\":\"Prensa G&amp;S FM\"},\"sameAs\":[\"https:\/\/gysfm.com.ar\/\"],\"url\":\"https:\/\/gysfm.com.ar\/inicio\/author\/lucasm\/\"}]}<\/script>\n<!-- \/ Yoast SEO plugin. -->","yoast_head_json":{"title":"Trump acusa a Obama de \u201ctraici\u00f3n\u201d, exige su juicio y provoca una inusual reacci\u00f3n de su equipo - GYS NOTICIAS |","robots":{"index":"index","follow":"follow","max-snippet":"max-snippet:-1","max-image-preview":"max-image-preview:large","max-video-preview":"max-video-preview:-1"},"canonical":"https:\/\/gysfm.com.ar\/inicio\/trump-acusa-a-obama-de-traicion-exige-su-juicio-y-provoca-una-inusual-reaccion-de-su-equipo\/","og_locale":"es_ES","og_type":"article","og_title":"Trump acusa a Obama de \u201ctraici\u00f3n\u201d, exige su juicio y provoca una inusual reacci\u00f3n de su equipo - GYS NOTICIAS |","og_description":"El presidente de Estados Unidos, Donald Trump, acus\u00f3 el martes al exmandatario dem\u00f3crata Barack Obama de \u201ctraici\u00f3n\u201d y pidi\u00f3 que sea juzgado por, seg\u00fan \u00e9l, haber propagado informaciones falsas respecto una posible injerencia rusa en las elecciones que llevaron al magnate a la Casa Blanca por primera vez. \u201cEsto fue traici\u00f3n\u201d, dijo Trump el martes [&hellip;]","og_url":"https:\/\/gysfm.com.ar\/inicio\/trump-acusa-a-obama-de-traicion-exige-su-juicio-y-provoca-una-inusual-reaccion-de-su-equipo\/","og_site_name":"GYS NOTICIAS |","article_published_time":"2025-07-23T06:49:05+00:00","article_modified_time":"2025-07-23T06:49:06+00:00","og_image":[{"width":1200,"height":800,"url":"https:\/\/gysfm.com.ar\/inicio\/wp-content\/uploads\/2025\/07\/el-presidente-de-estados-unidos-donald-trump-YKZKFJCY55EOFC2GQMFPGF56NI.png","type":"image\/png"}],"author":"Prensa G&amp;S FM","twitter_card":"summary_large_image","twitter_misc":{"Escrito por":"Prensa G&amp;S FM","Tiempo de lectura":"3 minutos"},"schema":{"@context":"https:\/\/schema.org","@graph":[{"@type":"Article","@id":"https:\/\/gysfm.com.ar\/inicio\/trump-acusa-a-obama-de-traicion-exige-su-juicio-y-provoca-una-inusual-reaccion-de-su-equipo\/#article","isPartOf":{"@id":"https:\/\/gysfm.com.ar\/inicio\/trump-acusa-a-obama-de-traicion-exige-su-juicio-y-provoca-una-inusual-reaccion-de-su-equipo\/"},"author":{"name":"Prensa G&amp;S FM","@id":"https:\/\/gysfm.com.ar\/inicio\/#\/schema\/person\/3abba7593ef2ad19e1be221d54383dc5"},"headline":"Trump acusa a Obama de \u201ctraici\u00f3n\u201d, exige su juicio y provoca una inusual reacci\u00f3n de su equipo","datePublished":"2025-07-23T06:49:05+00:00","dateModified":"2025-07-23T06:49:06+00:00","mainEntityOfPage":{"@id":"https:\/\/gysfm.com.ar\/inicio\/trump-acusa-a-obama-de-traicion-exige-su-juicio-y-provoca-una-inusual-reaccion-de-su-equipo\/"},"wordCount":719,"publisher":{"@id":"https:\/\/gysfm.com.ar\/inicio\/#organization"},"image":{"@id":"https:\/\/gysfm.com.ar\/inicio\/trump-acusa-a-obama-de-traicion-exige-su-juicio-y-provoca-una-inusual-reaccion-de-su-equipo\/#primaryimage"},"thumbnailUrl":"https:\/\/gysfm.com.ar\/inicio\/wp-content\/uploads\/2025\/07\/el-presidente-de-estados-unidos-donald-trump-YKZKFJCY55EOFC2GQMFPGF56NI.png","articleSection":["INTERNACIONALES"],"inLanguage":"es"},{"@type":"WebPage","@id":"https:\/\/gysfm.com.ar\/inicio\/trump-acusa-a-obama-de-traicion-exige-su-juicio-y-provoca-una-inusual-reaccion-de-su-equipo\/","url":"https:\/\/gysfm.com.ar\/inicio\/trump-acusa-a-obama-de-traicion-exige-su-juicio-y-provoca-una-inusual-reaccion-de-su-equipo\/","name":"Trump acusa a Obama de \u201ctraici\u00f3n\u201d, exige su juicio y provoca una inusual reacci\u00f3n de su equipo - GYS NOTICIAS |","isPartOf":{"@id":"https:\/\/gysfm.com.ar\/inicio\/#website"},"primaryImageOfPage":{"@id":"https:\/\/gysfm.com.ar\/inicio\/trump-acusa-a-obama-de-traicion-exige-su-juicio-y-provoca-una-inusual-reaccion-de-su-equipo\/#primaryimage"},"image":{"@id":"https:\/\/gysfm.com.ar\/inicio\/trump-acusa-a-obama-de-traicion-exige-su-juicio-y-provoca-una-inusual-reaccion-de-su-equipo\/#primaryimage"},"thumbnailUrl":"https:\/\/gysfm.com.ar\/inicio\/wp-content\/uploads\/2025\/07\/el-presidente-de-estados-unidos-donald-trump-YKZKFJCY55EOFC2GQMFPGF56NI.png","datePublished":"2025-07-23T06:49:05+00:00","dateModified":"2025-07-23T06:49:06+00:00","breadcrumb":{"@id":"https:\/\/gysfm.com.ar\/inicio\/trump-acusa-a-obama-de-traicion-exige-su-juicio-y-provoca-una-inusual-reaccion-de-su-equipo\/#breadcrumb"},"inLanguage":"es","potentialAction":[{"@type":"ReadAction","target":["https:\/\/gysfm.com.ar\/inicio\/trump-acusa-a-obama-de-traicion-exige-su-juicio-y-provoca-una-inusual-reaccion-de-su-equipo\/"]}]},{"@type":"ImageObject","inLanguage":"es","@id":"https:\/\/gysfm.com.ar\/inicio\/trump-acusa-a-obama-de-traicion-exige-su-juicio-y-provoca-una-inusual-reaccion-de-su-equipo\/#primaryimage","url":"https:\/\/gysfm.com.ar\/inicio\/wp-content\/uploads\/2025\/07\/el-presidente-de-estados-unidos-donald-trump-YKZKFJCY55EOFC2GQMFPGF56NI.png","contentUrl":"https:\/\/gysfm.com.ar\/inicio\/wp-content\/uploads\/2025\/07\/el-presidente-de-estados-unidos-donald-trump-YKZKFJCY55EOFC2GQMFPGF56NI.png","width":1200,"height":800},{"@type":"BreadcrumbList","@id":"https:\/\/gysfm.com.ar\/inicio\/trump-acusa-a-obama-de-traicion-exige-su-juicio-y-provoca-una-inusual-reaccion-de-su-equipo\/#breadcrumb","itemListElement":[{"@type":"ListItem","position":1,"name":"Portada","item":"https:\/\/gysfm.com.ar\/inicio\/"},{"@type":"ListItem","position":2,"name":"Trump acusa a Obama de \u201ctraici\u00f3n\u201d, exige su juicio y provoca una inusual reacci\u00f3n de su equipo"}]},{"@type":"WebSite","@id":"https:\/\/gysfm.com.ar\/inicio\/#website","url":"https:\/\/gysfm.com.ar\/inicio\/","name":"GYS NOTICIAS |","description":"DIARIO - RADIO ONLINE SAN JUAN ARGENTINA","publisher":{"@id":"https:\/\/gysfm.com.ar\/inicio\/#organization"},"potentialAction":[{"@type":"SearchAction","target":{"@type":"EntryPoint","urlTemplate":"https:\/\/gysfm.com.ar\/inicio\/?s={search_term_string}"},"query-input":{"@type":"PropertyValueSpecification","valueRequired":true,"valueName":"search_term_string"}}],"inLanguage":"es"},{"@type":"Organization","@id":"https:\/\/gysfm.com.ar\/inicio\/#organization","name":"GYS NOTICIAS |","url":"https:\/\/gysfm.com.ar\/inicio\/","logo":{"@type":"ImageObject","inLanguage":"es","@id":"https:\/\/gysfm.com.ar\/inicio\/#\/schema\/logo\/image\/","url":"https:\/\/gysfm.com.ar\/inicio\/wp-content\/uploads\/2023\/07\/LOGOGYS-OK.png","contentUrl":"https:\/\/gysfm.com.ar\/inicio\/wp-content\/uploads\/2023\/07\/LOGOGYS-OK.png","width":1170,"height":872,"caption":"GYS NOTICIAS |"},"image":{"@id":"https:\/\/gysfm.com.ar\/inicio\/#\/schema\/logo\/image\/"}},{"@type":"Person","@id":"https:\/\/gysfm.com.ar\/inicio\/#\/schema\/person\/3abba7593ef2ad19e1be221d54383dc5","name":"Prensa G&amp;S FM","image":{"@type":"ImageObject","inLanguage":"es","@id":"https:\/\/gysfm.com.ar\/inicio\/#\/schema\/person\/image\/","url":"https:\/\/secure.gravatar.com\/avatar\/096ec78df02049ab018702bb4ccedf659377fa92a26540b5247612077a0dbd29?s=96&d=mm&r=g","contentUrl":"https:\/\/secure.gravatar.com\/avatar\/096ec78df02049ab018702bb4ccedf659377fa92a26540b5247612077a0dbd29?s=96&d=mm&r=g","caption":"Prensa G&amp;S FM"},"sameAs":["https:\/\/gysfm.com.ar\/"],"url":"https:\/\/gysfm.com.ar\/inicio\/author\/lucasm\/"}]}},"_links":{"self":[{"href":"https:\/\/gysfm.com.ar\/inicio\/wp-json\/wp\/v2\/posts\/138606","targetHints":{"allow":["GET"]}}],"collection":[{"href":"https:\/\/gysfm.com.ar\/inicio\/wp-json\/wp\/v2\/posts"}],"about":[{"href":"https:\/\/gysfm.com.ar\/inicio\/wp-json\/wp\/v2\/types\/post"}],"author":[{"embeddable":true,"href":"https:\/\/gysfm.com.ar\/inicio\/wp-json\/wp\/v2\/users\/2"}],"replies":[{"embeddable":true,"href":"https:\/\/gysfm.com.ar\/inicio\/wp-json\/wp\/v2\/comments?post=138606"}],"version-history":[{"count":1,"href":"https:\/\/gysfm.com.ar\/inicio\/wp-json\/wp\/v2\/posts\/138606\/revisions"}],"predecessor-version":[{"id":138608,"href":"https:\/\/gysfm.com.ar\/inicio\/wp-json\/wp\/v2\/posts\/138606\/revisions\/138608"}],"wp:featuredmedia":[{"embeddable":true,"href":"https:\/\/gysfm.com.ar\/inicio\/wp-json\/wp\/v2\/media\/138607"}],"wp:attachment":[{"href":"https:\/\/gysfm.com.ar\/inicio\/wp-json\/wp\/v2\/media?parent=138606"}],"wp:term":[{"taxonomy":"category","embeddable":true,"href":"https:\/\/gysfm.com.ar\/inicio\/wp-json\/wp\/v2\/categories?post=138606"},{"taxonomy":"post_tag","embeddable":true,"href":"https:\/\/gysfm.com.ar\/inicio\/wp-json\/wp\/v2\/tags?post=138606"}],"curies":[{"name":"wp","href":"https:\/\/api.w.org\/{rel}","templated":true}]}}