{"id":138604,"date":"2025-07-23T03:46:10","date_gmt":"2025-07-23T06:46:10","guid":{"rendered":"https:\/\/gysfm.com.ar\/inicio\/puam-agosto-2025-de-cuanto-es-la-pension-con-el-aumento-y-el-bono-de-anses\/"},"modified":"2025-07-23T03:46:10","modified_gmt":"2025-07-23T06:46:10","slug":"puam-agosto-2025-de-cuanto-es-la-pension-con-el-aumento-y-el-bono-de-anses","status":"publish","type":"post","link":"https:\/\/gysfm.com.ar\/inicio\/puam-agosto-2025-de-cuanto-es-la-pension-con-el-aumento-y-el-bono-de-anses\/","title":{"rendered":"PUAM agosto 2025: de cu\u00e1nto es la pensi\u00f3n con el aumento y el bono de Anses"},"content":{"rendered":"<p><\/p>\n<div id=\"article-content\">\n<p>En el mes de agosto, los beneficiarios de la<a target=\"_blank\" href=\"https:\/\/www.perfil.com\/noticias\/economia\/calendario-anses-2025-quienes-cobran-jubilaciones-pensiones-y-asignaciones-hoy-21-de-julio.phtml\"> <\/a><strong><a target=\"_blank\" href=\"https:\/\/www.perfil.com\/noticias\/economia\/calendario-anses-2025-quienes-cobran-jubilaciones-pensiones-y-asignaciones-hoy-21-de-julio.phtml\">Pensi\u00f3n Universal para el Adulto Mayor (PUAM<\/a>)<\/strong> percibir\u00e1n un nuevo aumento en sus haberes, en l\u00ednea con la f\u00f3rmula de actualizaci\u00f3n mensual que aplica la <strong>Administraci\u00f3n Nacional de la Seguridad Social (Anses)<\/strong>, vinculada al \u00edndice de inflaci\u00f3n.<\/p>\n<p class=\"destacadoNota\"><a target=\"_blank\" href=\"https:\/\/www.perfil.com\/noticias\/economia\/anses-cuanto-cobraran-los-jubilados-en-agosto-2025-con-el-nuevo-aumento-por-inflacion.phtml\">ANSES: cu\u00e1nto cobrar\u00e1n los jubilados en agosto 2025 con el nuevo aumento por inflaci\u00f3n<\/a><\/p>\n<p>Seg\u00fan se inform\u00f3 oficialmente, la <strong>PUAM recibir\u00e1 un incremento del 1,62%<\/strong>, correspondiente al \u00edndice de precios al consumidor de junio. Adem\u00e1s, los titulares recibir\u00e1n el <strong>bono previsional de $70.000<\/strong>, que contin\u00faa vigente para los beneficiarios con ingresos m\u00ednimos.<\/p>\n<p style=\"text-align:center\"><picture><source media=\"(max-width: 440px)\" srcset=\"https:\/\/fotos.perfil.com\/\/2025\/07\/10\/440\/0\/jubilados-2059250.jpg?webp\"\/><source media=\"(max-width: 1019px)\" srcset=\"https:\/\/fotos.perfil.com\/\/2025\/07\/10\/712\/0\/jubilados-2059250.jpg?webp\"\/><img decoding=\"async\" style=\"max-width: 100%; width: 100%;\" alt=\"jubilados\" src=\"https:\/\/fotos.perfil.com\/\/2025\/07\/10\/900\/0\/jubilados-2059250.jpg?webp\" loading=\"lazy\"\/><\/picture><\/p>\n<h2>De cu\u00e1nto es la PUAM en agosto 2025<\/h2>\n<p>Con el aumento por inflaci\u00f3n y la suma del bono extraordinario, el monto total de la <strong>PUAM<\/strong> en agosto queda conformado de la siguiente manera:<\/p>\n<section class=\"article__unorderlist\">&#13;<\/p>\n<p><strong>Haber base PUAM<\/strong>: $251.444,30<\/p>\n<p>&#13;<\/p>\n<p><strong>Bono extraordinario<\/strong>: $70.000<\/p>\n<p>&#13;<\/p>\n<p><strong>Total a cobrar en agosto<\/strong>: <strong>$321.444,30<\/strong><\/p>\n<p>&#13;<br \/>\n<\/section>\n<p>Este monto equivale al <strong>80% del haber m\u00ednimo jubilatorio<\/strong>, tal como establece la normativa vigente, ya que la <strong>PUAM<\/strong> est\u00e1 destinada a personas mayores de 65 a\u00f1os que no re\u00fanen los 30 a\u00f1os de aportes requeridos para jubilarse.<\/p>\n<p>El bono previsional es una suma fija que <strong>se paga de manera autom\u00e1tica<\/strong> junto con el haber mensual a los titulares de jubilaciones m\u00ednimas, PUAM y Pensiones No Contributivas (PNC). Cuando el haber supera el monto m\u00ednimo, el bono se otorga de forma proporcional hasta alcanzar un tope de <strong>$384.305,37<\/strong> en agosto.<\/p>\n<p class=\"destacadoNota\"><a target=\"_blank\" href=\"https:\/\/www.perfil.com\/noticias\/economia\/becas-progresar-cuanto-se-cobra-en-julio-2025-y-quienes-acceden-al-monto-total.phtml\">Becas Progresar: cu\u00e1nto se cobra en julio 2025 y qui\u00e9nes acceden al monto total<\/a><\/p>\n<h2>Qu\u00e9 otras prestaciones se actualizan<\/h2>\n<p>Adem\u00e1s de la PUAM, el aumento del 1,62% tambi\u00e9n alcanza a las siguientes prestaciones:<\/p>\n<section class=\"article__unorderlist\">&#13;<\/p>\n<p><strong>Jubilaci\u00f3n m\u00ednima<\/strong>: $314.305,37 + bono de $70.000 = $384.305,37<\/p>\n<p>&#13;<\/p>\n<p><strong>Jubilaci\u00f3n m\u00e1xima<\/strong>: $2.114.977,59<\/p>\n<p>&#13;<\/p>\n<p><strong>PNC por invalidez o vejez<\/strong>: $220.013,76 + bono de $70.000 = $290.013,76<\/p>\n<p>&#13;<br \/>\n<\/section>\n<h2>Qu\u00e9 es la PUAM y c\u00f3mo se tramita<\/h2>\n<p>La Pensi\u00f3n Universal para el Adulto Mayor es un programa nacional orientado a personas de <strong>65 a\u00f1os o m\u00e1s<\/strong> que no pueden acceder a una jubilaci\u00f3n por falta de aportes suficientes. Se tramita a trav\u00e9s de Anses y no es necesario contar con aportes previos. El haber se ajusta mensualmente y otorga cobertura m\u00e9dica a trav\u00e9s de PAMI.<\/p>\n<p>Para solicitarla, es necesario ingresar a <strong>Mi Anses<\/strong> con CUIL y clave de seguridad social, verificar la historia laboral y, en caso de corresponder, solicitar turno para iniciar el tr\u00e1mite de forma presencial con DNI+.<\/p>\n<p>LV \/ Gi<\/p>\n<\/p><\/div>\n<p><script>\n                !function(f,b,e,v,n,t,s)\n                {if(f.fbq)return;n=f.fbq=function(){n.callMethod?\n                    n.callMethod.apply(n,arguments):n.queue.push(arguments)};\n                    if(!f._fbq)f._fbq=n;n.push=n;n.loaded=!0;n.version='2.0';\n                    n.queue=[];t=b.createElement(e);t.async=!0;\n                    t.src=v;s=b.getElementsByTagName(e)[0];\n                    s.parentNode.insertBefore(t,s)}(window, document,'script',\n                    'https:\/\/connect.facebook.net\/en_US\/fbevents.js');\n                window.paywallConfig.facebook_pixel=\"1000228364089342\"\n            <\/script><\/p>\n","protected":false},"excerpt":{"rendered":"<p>En el mes de agosto, los beneficiarios de la Pensi\u00f3n Universal para el Adulto Mayor (PUAM) percibir\u00e1n un nuevo aumento en sus haberes, en l\u00ednea con la f\u00f3rmula de actualizaci\u00f3n mensual que aplica la Administraci\u00f3n Nacional de la Seguridad Social (Anses), vinculada al \u00edndice de inflaci\u00f3n. ANSES: cu\u00e1nto cobrar\u00e1n los jubilados en agosto 2025 con [&hellip;]<\/p>\n","protected":false},"author":2,"featured_media":138605,"comment_status":"closed","ping_status":"closed","sticky":false,"template":"","format":"standard","meta":{"footnotes":""},"categories":[25],"tags":[],"class_list":["post-138604","post","type-post","status-publish","format-standard","has-post-thumbnail","hentry","category-nacionales"],"yoast_head":"<!-- This site is optimized with the Yoast SEO plugin v24.4 - https:\/\/yoast.com\/wordpress\/plugins\/seo\/ -->\n<title>PUAM agosto 2025: de cu\u00e1nto es la pensi\u00f3n con el aumento y el bono de Anses - GYS NOTICIAS |<\/title>\n<meta name=\"robots\" content=\"index, follow, max-snippet:-1, max-image-preview:large, max-video-preview:-1\" \/>\n<link rel=\"canonical\" href=\"https:\/\/gysfm.com.ar\/inicio\/puam-agosto-2025-de-cuanto-es-la-pension-con-el-aumento-y-el-bono-de-anses\/\" \/>\n<meta property=\"og:locale\" content=\"es_ES\" \/>\n<meta property=\"og:type\" content=\"article\" \/>\n<meta property=\"og:title\" content=\"PUAM agosto 2025: de cu\u00e1nto es la pensi\u00f3n con el aumento y el bono de Anses - GYS NOTICIAS |\" \/>\n<meta property=\"og:description\" content=\"En el mes de agosto, los beneficiarios de la Pensi\u00f3n Universal para el Adulto Mayor (PUAM) percibir\u00e1n un nuevo aumento en sus haberes, en l\u00ednea con la f\u00f3rmula de actualizaci\u00f3n mensual que aplica la Administraci\u00f3n Nacional de la Seguridad Social (Anses), vinculada al \u00edndice de inflaci\u00f3n. ANSES: cu\u00e1nto cobrar\u00e1n los jubilados en agosto 2025 con [&hellip;]\" \/>\n<meta property=\"og:url\" content=\"https:\/\/gysfm.com.ar\/inicio\/puam-agosto-2025-de-cuanto-es-la-pension-con-el-aumento-y-el-bono-de-anses\/\" \/>\n<meta property=\"og:site_name\" content=\"GYS NOTICIAS |\" \/>\n<meta property=\"article:published_time\" content=\"2025-07-23T06:46:10+00:00\" \/>\n<meta property=\"og:image\" content=\"https:\/\/fotos.perfil.com\/\/2025\/07\/10\/900\/0\/jubilados-2059250.jpg?webp\" \/>\n<meta name=\"author\" content=\"Prensa G&amp;S FM\" \/>\n<meta name=\"twitter:card\" content=\"summary_large_image\" \/>\n<meta name=\"twitter:label1\" content=\"Escrito por\" \/>\n\t<meta name=\"twitter:data1\" content=\"Prensa G&amp;S FM\" \/>\n\t<meta name=\"twitter:label2\" content=\"Tiempo de lectura\" \/>\n\t<meta name=\"twitter:data2\" content=\"2 minutos\" \/>\n<script type=\"application\/ld+json\" class=\"yoast-schema-graph\">{\"@context\":\"https:\/\/schema.org\",\"@graph\":[{\"@type\":\"Article\",\"@id\":\"https:\/\/gysfm.com.ar\/inicio\/puam-agosto-2025-de-cuanto-es-la-pension-con-el-aumento-y-el-bono-de-anses\/#article\",\"isPartOf\":{\"@id\":\"https:\/\/gysfm.com.ar\/inicio\/puam-agosto-2025-de-cuanto-es-la-pension-con-el-aumento-y-el-bono-de-anses\/\"},\"author\":{\"name\":\"Prensa G&amp;S FM\",\"@id\":\"https:\/\/gysfm.com.ar\/inicio\/#\/schema\/person\/3abba7593ef2ad19e1be221d54383dc5\"},\"headline\":\"PUAM agosto 2025: de cu\u00e1nto es la pensi\u00f3n con el aumento y el bono de Anses\",\"datePublished\":\"2025-07-23T06:46:10+00:00\",\"mainEntityOfPage\":{\"@id\":\"https:\/\/gysfm.com.ar\/inicio\/puam-agosto-2025-de-cuanto-es-la-pension-con-el-aumento-y-el-bono-de-anses\/\"},\"wordCount\":427,\"publisher\":{\"@id\":\"https:\/\/gysfm.com.ar\/inicio\/#organization\"},\"image\":{\"@id\":\"https:\/\/gysfm.com.ar\/inicio\/puam-agosto-2025-de-cuanto-es-la-pension-con-el-aumento-y-el-bono-de-anses\/#primaryimage\"},\"thumbnailUrl\":\"https:\/\/gysfm.com.ar\/inicio\/wp-content\/uploads\/2025\/07\/050725jubiladosterceraedadnag-2055971.jpg\",\"articleSection\":[\"NACIONALES\"],\"inLanguage\":\"es\"},{\"@type\":\"WebPage\",\"@id\":\"https:\/\/gysfm.com.ar\/inicio\/puam-agosto-2025-de-cuanto-es-la-pension-con-el-aumento-y-el-bono-de-anses\/\",\"url\":\"https:\/\/gysfm.com.ar\/inicio\/puam-agosto-2025-de-cuanto-es-la-pension-con-el-aumento-y-el-bono-de-anses\/\",\"name\":\"PUAM agosto 2025: de cu\u00e1nto es la pensi\u00f3n con el aumento y el bono de Anses - GYS NOTICIAS |\",\"isPartOf\":{\"@id\":\"https:\/\/gysfm.com.ar\/inicio\/#website\"},\"primaryImageOfPage\":{\"@id\":\"https:\/\/gysfm.com.ar\/inicio\/puam-agosto-2025-de-cuanto-es-la-pension-con-el-aumento-y-el-bono-de-anses\/#primaryimage\"},\"image\":{\"@id\":\"https:\/\/gysfm.com.ar\/inicio\/puam-agosto-2025-de-cuanto-es-la-pension-con-el-aumento-y-el-bono-de-anses\/#primaryimage\"},\"thumbnailUrl\":\"https:\/\/gysfm.com.ar\/inicio\/wp-content\/uploads\/2025\/07\/050725jubiladosterceraedadnag-2055971.jpg\",\"datePublished\":\"2025-07-23T06:46:10+00:00\",\"breadcrumb\":{\"@id\":\"https:\/\/gysfm.com.ar\/inicio\/puam-agosto-2025-de-cuanto-es-la-pension-con-el-aumento-y-el-bono-de-anses\/#breadcrumb\"},\"inLanguage\":\"es\",\"potentialAction\":[{\"@type\":\"ReadAction\",\"target\":[\"https:\/\/gysfm.com.ar\/inicio\/puam-agosto-2025-de-cuanto-es-la-pension-con-el-aumento-y-el-bono-de-anses\/\"]}]},{\"@type\":\"ImageObject\",\"inLanguage\":\"es\",\"@id\":\"https:\/\/gysfm.com.ar\/inicio\/puam-agosto-2025-de-cuanto-es-la-pension-con-el-aumento-y-el-bono-de-anses\/#primaryimage\",\"url\":\"https:\/\/gysfm.com.ar\/inicio\/wp-content\/uploads\/2025\/07\/050725jubiladosterceraedadnag-2055971.jpg\",\"contentUrl\":\"https:\/\/gysfm.com.ar\/inicio\/wp-content\/uploads\/2025\/07\/050725jubiladosterceraedadnag-2055971.jpg\",\"width\":1140,\"height\":641},{\"@type\":\"BreadcrumbList\",\"@id\":\"https:\/\/gysfm.com.ar\/inicio\/puam-agosto-2025-de-cuanto-es-la-pension-con-el-aumento-y-el-bono-de-anses\/#breadcrumb\",\"itemListElement\":[{\"@type\":\"ListItem\",\"position\":1,\"name\":\"Portada\",\"item\":\"https:\/\/gysfm.com.ar\/inicio\/\"},{\"@type\":\"ListItem\",\"position\":2,\"name\":\"PUAM agosto 2025: de cu\u00e1nto es la pensi\u00f3n con el aumento y el bono de Anses\"}]},{\"@type\":\"WebSite\",\"@id\":\"https:\/\/gysfm.com.ar\/inicio\/#website\",\"url\":\"https:\/\/gysfm.com.ar\/inicio\/\",\"name\":\"GYS NOTICIAS |\",\"description\":\"DIARIO - RADIO ONLINE SAN JUAN ARGENTINA\",\"publisher\":{\"@id\":\"https:\/\/gysfm.com.ar\/inicio\/#organization\"},\"potentialAction\":[{\"@type\":\"SearchAction\",\"target\":{\"@type\":\"EntryPoint\",\"urlTemplate\":\"https:\/\/gysfm.com.ar\/inicio\/?s={search_term_string}\"},\"query-input\":{\"@type\":\"PropertyValueSpecification\",\"valueRequired\":true,\"valueName\":\"search_term_string\"}}],\"inLanguage\":\"es\"},{\"@type\":\"Organization\",\"@id\":\"https:\/\/gysfm.com.ar\/inicio\/#organization\",\"name\":\"GYS NOTICIAS |\",\"url\":\"https:\/\/gysfm.com.ar\/inicio\/\",\"logo\":{\"@type\":\"ImageObject\",\"inLanguage\":\"es\",\"@id\":\"https:\/\/gysfm.com.ar\/inicio\/#\/schema\/logo\/image\/\",\"url\":\"https:\/\/gysfm.com.ar\/inicio\/wp-content\/uploads\/2023\/07\/LOGOGYS-OK.png\",\"contentUrl\":\"https:\/\/gysfm.com.ar\/inicio\/wp-content\/uploads\/2023\/07\/LOGOGYS-OK.png\",\"width\":1170,\"height\":872,\"caption\":\"GYS NOTICIAS |\"},\"image\":{\"@id\":\"https:\/\/gysfm.com.ar\/inicio\/#\/schema\/logo\/image\/\"}},{\"@type\":\"Person\",\"@id\":\"https:\/\/gysfm.com.ar\/inicio\/#\/schema\/person\/3abba7593ef2ad19e1be221d54383dc5\",\"name\":\"Prensa G&amp;S FM\",\"image\":{\"@type\":\"ImageObject\",\"inLanguage\":\"es\",\"@id\":\"https:\/\/gysfm.com.ar\/inicio\/#\/schema\/person\/image\/\",\"url\":\"https:\/\/secure.gravatar.com\/avatar\/096ec78df02049ab018702bb4ccedf659377fa92a26540b5247612077a0dbd29?s=96&d=mm&r=g\",\"contentUrl\":\"https:\/\/secure.gravatar.com\/avatar\/096ec78df02049ab018702bb4ccedf659377fa92a26540b5247612077a0dbd29?s=96&d=mm&r=g\",\"caption\":\"Prensa G&amp;S FM\"},\"sameAs\":[\"https:\/\/gysfm.com.ar\/\"],\"url\":\"https:\/\/gysfm.com.ar\/inicio\/author\/lucasm\/\"}]}<\/script>\n<!-- \/ Yoast SEO plugin. -->","yoast_head_json":{"title":"PUAM agosto 2025: de cu\u00e1nto es la pensi\u00f3n con el aumento y el bono de Anses - GYS NOTICIAS |","robots":{"index":"index","follow":"follow","max-snippet":"max-snippet:-1","max-image-preview":"max-image-preview:large","max-video-preview":"max-video-preview:-1"},"canonical":"https:\/\/gysfm.com.ar\/inicio\/puam-agosto-2025-de-cuanto-es-la-pension-con-el-aumento-y-el-bono-de-anses\/","og_locale":"es_ES","og_type":"article","og_title":"PUAM agosto 2025: de cu\u00e1nto es la pensi\u00f3n con el aumento y el bono de Anses - GYS NOTICIAS |","og_description":"En el mes de agosto, los beneficiarios de la Pensi\u00f3n Universal para el Adulto Mayor (PUAM) percibir\u00e1n un nuevo aumento en sus haberes, en l\u00ednea con la f\u00f3rmula de actualizaci\u00f3n mensual que aplica la Administraci\u00f3n Nacional de la Seguridad Social (Anses), vinculada al \u00edndice de inflaci\u00f3n. ANSES: cu\u00e1nto cobrar\u00e1n los jubilados en agosto 2025 con [&hellip;]","og_url":"https:\/\/gysfm.com.ar\/inicio\/puam-agosto-2025-de-cuanto-es-la-pension-con-el-aumento-y-el-bono-de-anses\/","og_site_name":"GYS NOTICIAS |","article_published_time":"2025-07-23T06:46:10+00:00","og_image":[{"url":"https:\/\/fotos.perfil.com\/\/2025\/07\/10\/900\/0\/jubilados-2059250.jpg?webp","type":"","width":"","height":""}],"author":"Prensa G&amp;S FM","twitter_card":"summary_large_image","twitter_misc":{"Escrito por":"Prensa G&amp;S FM","Tiempo de lectura":"2 minutos"},"schema":{"@context":"https:\/\/schema.org","@graph":[{"@type":"Article","@id":"https:\/\/gysfm.com.ar\/inicio\/puam-agosto-2025-de-cuanto-es-la-pension-con-el-aumento-y-el-bono-de-anses\/#article","isPartOf":{"@id":"https:\/\/gysfm.com.ar\/inicio\/puam-agosto-2025-de-cuanto-es-la-pension-con-el-aumento-y-el-bono-de-anses\/"},"author":{"name":"Prensa G&amp;S FM","@id":"https:\/\/gysfm.com.ar\/inicio\/#\/schema\/person\/3abba7593ef2ad19e1be221d54383dc5"},"headline":"PUAM agosto 2025: de cu\u00e1nto es la pensi\u00f3n con el aumento y el bono de Anses","datePublished":"2025-07-23T06:46:10+00:00","mainEntityOfPage":{"@id":"https:\/\/gysfm.com.ar\/inicio\/puam-agosto-2025-de-cuanto-es-la-pension-con-el-aumento-y-el-bono-de-anses\/"},"wordCount":427,"publisher":{"@id":"https:\/\/gysfm.com.ar\/inicio\/#organization"},"image":{"@id":"https:\/\/gysfm.com.ar\/inicio\/puam-agosto-2025-de-cuanto-es-la-pension-con-el-aumento-y-el-bono-de-anses\/#primaryimage"},"thumbnailUrl":"https:\/\/gysfm.com.ar\/inicio\/wp-content\/uploads\/2025\/07\/050725jubiladosterceraedadnag-2055971.jpg","articleSection":["NACIONALES"],"inLanguage":"es"},{"@type":"WebPage","@id":"https:\/\/gysfm.com.ar\/inicio\/puam-agosto-2025-de-cuanto-es-la-pension-con-el-aumento-y-el-bono-de-anses\/","url":"https:\/\/gysfm.com.ar\/inicio\/puam-agosto-2025-de-cuanto-es-la-pension-con-el-aumento-y-el-bono-de-anses\/","name":"PUAM agosto 2025: de cu\u00e1nto es la pensi\u00f3n con el aumento y el bono de Anses - GYS NOTICIAS |","isPartOf":{"@id":"https:\/\/gysfm.com.ar\/inicio\/#website"},"primaryImageOfPage":{"@id":"https:\/\/gysfm.com.ar\/inicio\/puam-agosto-2025-de-cuanto-es-la-pension-con-el-aumento-y-el-bono-de-anses\/#primaryimage"},"image":{"@id":"https:\/\/gysfm.com.ar\/inicio\/puam-agosto-2025-de-cuanto-es-la-pension-con-el-aumento-y-el-bono-de-anses\/#primaryimage"},"thumbnailUrl":"https:\/\/gysfm.com.ar\/inicio\/wp-content\/uploads\/2025\/07\/050725jubiladosterceraedadnag-2055971.jpg","datePublished":"2025-07-23T06:46:10+00:00","breadcrumb":{"@id":"https:\/\/gysfm.com.ar\/inicio\/puam-agosto-2025-de-cuanto-es-la-pension-con-el-aumento-y-el-bono-de-anses\/#breadcrumb"},"inLanguage":"es","potentialAction":[{"@type":"ReadAction","target":["https:\/\/gysfm.com.ar\/inicio\/puam-agosto-2025-de-cuanto-es-la-pension-con-el-aumento-y-el-bono-de-anses\/"]}]},{"@type":"ImageObject","inLanguage":"es","@id":"https:\/\/gysfm.com.ar\/inicio\/puam-agosto-2025-de-cuanto-es-la-pension-con-el-aumento-y-el-bono-de-anses\/#primaryimage","url":"https:\/\/gysfm.com.ar\/inicio\/wp-content\/uploads\/2025\/07\/050725jubiladosterceraedadnag-2055971.jpg","contentUrl":"https:\/\/gysfm.com.ar\/inicio\/wp-content\/uploads\/2025\/07\/050725jubiladosterceraedadnag-2055971.jpg","width":1140,"height":641},{"@type":"BreadcrumbList","@id":"https:\/\/gysfm.com.ar\/inicio\/puam-agosto-2025-de-cuanto-es-la-pension-con-el-aumento-y-el-bono-de-anses\/#breadcrumb","itemListElement":[{"@type":"ListItem","position":1,"name":"Portada","item":"https:\/\/gysfm.com.ar\/inicio\/"},{"@type":"ListItem","position":2,"name":"PUAM agosto 2025: de cu\u00e1nto es la pensi\u00f3n con el aumento y el bono de Anses"}]},{"@type":"WebSite","@id":"https:\/\/gysfm.com.ar\/inicio\/#website","url":"https:\/\/gysfm.com.ar\/inicio\/","name":"GYS NOTICIAS |","description":"DIARIO - RADIO ONLINE SAN JUAN ARGENTINA","publisher":{"@id":"https:\/\/gysfm.com.ar\/inicio\/#organization"},"potentialAction":[{"@type":"SearchAction","target":{"@type":"EntryPoint","urlTemplate":"https:\/\/gysfm.com.ar\/inicio\/?s={search_term_string}"},"query-input":{"@type":"PropertyValueSpecification","valueRequired":true,"valueName":"search_term_string"}}],"inLanguage":"es"},{"@type":"Organization","@id":"https:\/\/gysfm.com.ar\/inicio\/#organization","name":"GYS NOTICIAS |","url":"https:\/\/gysfm.com.ar\/inicio\/","logo":{"@type":"ImageObject","inLanguage":"es","@id":"https:\/\/gysfm.com.ar\/inicio\/#\/schema\/logo\/image\/","url":"https:\/\/gysfm.com.ar\/inicio\/wp-content\/uploads\/2023\/07\/LOGOGYS-OK.png","contentUrl":"https:\/\/gysfm.com.ar\/inicio\/wp-content\/uploads\/2023\/07\/LOGOGYS-OK.png","width":1170,"height":872,"caption":"GYS NOTICIAS |"},"image":{"@id":"https:\/\/gysfm.com.ar\/inicio\/#\/schema\/logo\/image\/"}},{"@type":"Person","@id":"https:\/\/gysfm.com.ar\/inicio\/#\/schema\/person\/3abba7593ef2ad19e1be221d54383dc5","name":"Prensa G&amp;S FM","image":{"@type":"ImageObject","inLanguage":"es","@id":"https:\/\/gysfm.com.ar\/inicio\/#\/schema\/person\/image\/","url":"https:\/\/secure.gravatar.com\/avatar\/096ec78df02049ab018702bb4ccedf659377fa92a26540b5247612077a0dbd29?s=96&d=mm&r=g","contentUrl":"https:\/\/secure.gravatar.com\/avatar\/096ec78df02049ab018702bb4ccedf659377fa92a26540b5247612077a0dbd29?s=96&d=mm&r=g","caption":"Prensa G&amp;S FM"},"sameAs":["https:\/\/gysfm.com.ar\/"],"url":"https:\/\/gysfm.com.ar\/inicio\/author\/lucasm\/"}]}},"_links":{"self":[{"href":"https:\/\/gysfm.com.ar\/inicio\/wp-json\/wp\/v2\/posts\/138604","targetHints":{"allow":["GET"]}}],"collection":[{"href":"https:\/\/gysfm.com.ar\/inicio\/wp-json\/wp\/v2\/posts"}],"about":[{"href":"https:\/\/gysfm.com.ar\/inicio\/wp-json\/wp\/v2\/types\/post"}],"author":[{"embeddable":true,"href":"https:\/\/gysfm.com.ar\/inicio\/wp-json\/wp\/v2\/users\/2"}],"replies":[{"embeddable":true,"href":"https:\/\/gysfm.com.ar\/inicio\/wp-json\/wp\/v2\/comments?post=138604"}],"version-history":[{"count":0,"href":"https:\/\/gysfm.com.ar\/inicio\/wp-json\/wp\/v2\/posts\/138604\/revisions"}],"wp:featuredmedia":[{"embeddable":true,"href":"https:\/\/gysfm.com.ar\/inicio\/wp-json\/wp\/v2\/media\/138605"}],"wp:attachment":[{"href":"https:\/\/gysfm.com.ar\/inicio\/wp-json\/wp\/v2\/media?parent=138604"}],"wp:term":[{"taxonomy":"category","embeddable":true,"href":"https:\/\/gysfm.com.ar\/inicio\/wp-json\/wp\/v2\/categories?post=138604"},{"taxonomy":"post_tag","embeddable":true,"href":"https:\/\/gysfm.com.ar\/inicio\/wp-json\/wp\/v2\/tags?post=138604"}],"curies":[{"name":"wp","href":"https:\/\/api.w.org\/{rel}","templated":true}]}}