{"id":138602,"date":"2025-07-23T03:15:13","date_gmt":"2025-07-23T06:15:13","guid":{"rendered":"https:\/\/gysfm.com.ar\/inicio\/los-senadores-kirchneristas-se-quejaron-porque-las-fuerzas-de-seguridad-usan-los-banos-del-congreso-y-patricia-bullrich-les-respondio\/"},"modified":"2025-07-23T03:15:13","modified_gmt":"2025-07-23T06:15:13","slug":"los-senadores-kirchneristas-se-quejaron-porque-las-fuerzas-de-seguridad-usan-los-banos-del-congreso-y-patricia-bullrich-les-respondio","status":"publish","type":"post","link":"https:\/\/gysfm.com.ar\/inicio\/los-senadores-kirchneristas-se-quejaron-porque-las-fuerzas-de-seguridad-usan-los-banos-del-congreso-y-patricia-bullrich-les-respondio\/","title":{"rendered":"Los senadores kirchneristas se quejaron porque las fuerzas de seguridad usan los ba\u00f1os del Congreso y Patricia Bullrich les respondi\u00f3"},"content":{"rendered":"<p><\/p>\n<div id=\"article-content\">\n<p>La ministra de Seguridad, <a target=\"_blank\" href=\"https:\/\/www.perfil.com\/noticias\/nea\/bullrich-le-dio-un-espaldarazo-a-almiron-y-dijo-que-corrientes-podria-convertirse-en-la-primera-gobernacion-libertaria.phtml\"><strong>Patricia Bullrich<\/strong><\/a>, acus\u00f3 este lunes al bloque de senadores de<strong> Uni\u00f3n por la Patria <\/strong>(UP) de pedir <strong>que los efectivos de las fuerzas de seguridad no usen los ba\u00f1os del Senado.<\/strong> La pol\u00e9mica se desat\u00f3 tras la difusi\u00f3n de una nota interna de la bancada peronista que reclama <strong>regular la presencia de uniformados en la C\u00e1mara alta durante los d\u00edas de movilizaci\u00f3n.<\/strong><\/p>\n<p>\u201c<strong>Ya sab\u00edamos que no los quer\u00edan\u2026 <\/strong>pero ni para ir al ba\u00f1o los dejan. Un poco de respeto y sentido com\u00fan. Son los que nos cuidan todos los d\u00edas\u201d, escribi\u00f3 la funcionaria libertaria en la red social X junto a una nota con la firma de legisladores. <\/p>\n<p style=\"text-align:center\"><picture><source media=\"(max-width: 440px)\" srcset=\"https:\/\/fotos.perfil.com\/\/2025\/07\/22\/440\/0\/xpato-bullrich-22072025-2065889.jpg?webp\"\/><source media=\"(max-width: 1019px)\" srcset=\"https:\/\/fotos.perfil.com\/\/2025\/07\/22\/712\/0\/xpato-bullrich-22072025-2065889.jpg?webp\"\/><img decoding=\"async\" style=\"max-width: 100%; width: 100%;\" alt=\"XPato Bullrich 22072025\" src=\"https:\/\/fotos.perfil.com\/\/2025\/07\/22\/900\/0\/xpato-bullrich-22072025-2065889.jpg?webp\" loading=\"lazy\"\/><\/picture><\/p>\n<div class=\"subscription\">\n<p>\n        Esto no les gusta a los autoritarios\n    <\/p>\n<div class=\"subscription__container\">\n<div class=\"subscription__text-wrapper\">\n<p>\n                El ejercicio del periodismo profesional y cr\u00edtico es un pilar fundamental de la democracia. Por eso molesta a quienes creen ser los due\u00f1os de la verdad.\n            <\/p>\n<\/p><\/div><\/div>\n<\/div>\n<p>La nota, firmada por ocho senadores de UP, exige a las autoridades de la C\u00e1mara alta que \u201cadopten las medidas necesarias para <strong>ordenar y regular <\/strong>la presencia de los integrantes de las distintas fuerzas de seguridad\u201d en el recinto legislativo. Seg\u00fan el texto, la intenci\u00f3n es asegurar que \u201cel uso de sus espacios se limite a lo estrictamente necesario, de manera coordinada, <strong>para evitar molestias o situaciones que alteren el normal funcionamiento\u201d.<\/strong><\/p>\n<p class=\"destacadoNota\"><a target=\"_blank\" href=\"https:\/\/www.perfil.com\/noticias\/politica\/francos-hablo-de-la-pelea-entre-javier-milei-y-victoria-villarruel-es-una-crisis-politica-dentro-del-gobierno.phtml\">Francos habl\u00f3 de la pelea entre Javier Milei y Victoria Villarruel: \u00abEs una crisis pol\u00edtica dentro del gobierno\u00bb<\/a><\/p>\n<p>En la carta los legisladoes se\u00f1alan que la presencia de los efectivos de la Polic\u00eda Federal, Prefectura Naval Argentina, Gendarmer\u00eda Nacional y la Polic\u00eda de Seguridad Aeroportuaria se intensifica de manera exponencial los d\u00edas de operativos masivos ordenados por las autoridades nacionales, \u201cq<strong>ue son quienes deben garantizarles condiciones b\u00e1sicas a los efectivos en cuesti\u00f3n<\/strong>\u201d.<\/p>\n<p style=\"text-align:center\"><picture><source media=\"(max-width: 440px)\" srcset=\"https:\/\/fotos.perfil.com\/\/2025\/07\/22\/440\/0\/xpato-bullrich-22072025-2065897.jpg?webp\"\/><source media=\"(max-width: 1019px)\" srcset=\"https:\/\/fotos.perfil.com\/\/2025\/07\/22\/712\/0\/xpato-bullrich-22072025-2065897.jpg?webp\"\/><img decoding=\"async\" style=\"max-width: 100%; width: 100%;\" alt=\"XPato Bullrich 22072025\" src=\"https:\/\/fotos.perfil.com\/\/2025\/07\/22\/900\/0\/xpato-bullrich-22072025-2065897.jpg?webp\" loading=\"lazy\"\/><\/picture><\/p>\n<p>La misiva presentada a las autoridades del Senado lleva la firma de los senadores <strong>Cristina L\u00f3pez<\/strong> (Tierra del Fuego), <strong>Oscar Parrilli <\/strong>(Neuqu\u00e9n), <strong>Sergio Leavy <\/strong>(Salta), <strong>Mar\u00eda Eugenia Dure<\/strong> (Tierra del Fuego), <strong>Silvia Sapag<\/strong> (Neuqu\u00e9n), <strong>Antonio Rodas<\/strong> (Chaco), <strong>Carlos Alberto Linares<\/strong> (Chubut) y <strong>Gerardo Montenegro<\/strong> (Santiago Del Estero).<\/p>\n<p>\u201cA ra\u00edz de esto, desde el Honorable Senado debe armonizarse la concurrencia del personal de las distintas fuerzas y el uso que hacen en el Senado de sus espacios comunes y de los sanitarios, <strong>asegurando el bienestar y la prioridad a los empleados de esta casa que cumplen funciones diariamente<\/strong>\u201d, concluye. <\/p>\n<p>RM\/fl<\/p>\n<\/p><\/div>\n<p><script>\n                !function(f,b,e,v,n,t,s)\n                {if(f.fbq)return;n=f.fbq=function(){n.callMethod?\n                    n.callMethod.apply(n,arguments):n.queue.push(arguments)};\n                    if(!f._fbq)f._fbq=n;n.push=n;n.loaded=!0;n.version='2.0';\n                    n.queue=[];t=b.createElement(e);t.async=!0;\n                    t.src=v;s=b.getElementsByTagName(e)[0];\n                    s.parentNode.insertBefore(t,s)}(window, document,'script',\n                    'https:\/\/connect.facebook.net\/en_US\/fbevents.js');\n                window.paywallConfig.facebook_pixel=\"1000228364089342\"\n            <\/script><\/p>\n","protected":false},"excerpt":{"rendered":"<p>La ministra de Seguridad, Patricia Bullrich, acus\u00f3 este lunes al bloque de senadores de Uni\u00f3n por la Patria (UP) de pedir que los efectivos de las fuerzas de seguridad no usen los ba\u00f1os del Senado. La pol\u00e9mica se desat\u00f3 tras la difusi\u00f3n de una nota interna de la bancada peronista que reclama regular la presencia [&hellip;]<\/p>\n","protected":false},"author":2,"featured_media":138603,"comment_status":"closed","ping_status":"closed","sticky":false,"template":"","format":"standard","meta":{"footnotes":""},"categories":[25],"tags":[],"class_list":["post-138602","post","type-post","status-publish","format-standard","has-post-thumbnail","hentry","category-nacionales"],"yoast_head":"<!-- This site is optimized with the Yoast SEO plugin v24.4 - https:\/\/yoast.com\/wordpress\/plugins\/seo\/ -->\n<title>Los senadores kirchneristas se quejaron porque las fuerzas de seguridad usan los ba\u00f1os del Congreso y Patricia Bullrich les respondi\u00f3 - GYS NOTICIAS |<\/title>\n<meta name=\"robots\" content=\"index, follow, max-snippet:-1, max-image-preview:large, max-video-preview:-1\" \/>\n<link rel=\"canonical\" href=\"https:\/\/gysfm.com.ar\/inicio\/los-senadores-kirchneristas-se-quejaron-porque-las-fuerzas-de-seguridad-usan-los-banos-del-congreso-y-patricia-bullrich-les-respondio\/\" \/>\n<meta property=\"og:locale\" content=\"es_ES\" \/>\n<meta property=\"og:type\" content=\"article\" \/>\n<meta property=\"og:title\" content=\"Los senadores kirchneristas se quejaron porque las fuerzas de seguridad usan los ba\u00f1os del Congreso y Patricia Bullrich les respondi\u00f3 - GYS NOTICIAS |\" \/>\n<meta property=\"og:description\" content=\"La ministra de Seguridad, Patricia Bullrich, acus\u00f3 este lunes al bloque de senadores de Uni\u00f3n por la Patria (UP) de pedir que los efectivos de las fuerzas de seguridad no usen los ba\u00f1os del Senado. La pol\u00e9mica se desat\u00f3 tras la difusi\u00f3n de una nota interna de la bancada peronista que reclama regular la presencia [&hellip;]\" \/>\n<meta property=\"og:url\" content=\"https:\/\/gysfm.com.ar\/inicio\/los-senadores-kirchneristas-se-quejaron-porque-las-fuerzas-de-seguridad-usan-los-banos-del-congreso-y-patricia-bullrich-les-respondio\/\" \/>\n<meta property=\"og:site_name\" content=\"GYS NOTICIAS |\" \/>\n<meta property=\"article:published_time\" content=\"2025-07-23T06:15:13+00:00\" \/>\n<meta property=\"og:image\" content=\"https:\/\/fotos.perfil.com\/\/2025\/07\/22\/900\/0\/xpato-bullrich-22072025-2065889.jpg?webp\" \/>\n<meta name=\"author\" content=\"Prensa G&amp;S FM\" \/>\n<meta name=\"twitter:card\" content=\"summary_large_image\" \/>\n<meta name=\"twitter:label1\" content=\"Escrito por\" \/>\n\t<meta name=\"twitter:data1\" content=\"Prensa G&amp;S FM\" \/>\n\t<meta name=\"twitter:label2\" content=\"Tiempo de lectura\" \/>\n\t<meta name=\"twitter:data2\" content=\"2 minutos\" \/>\n<script type=\"application\/ld+json\" class=\"yoast-schema-graph\">{\"@context\":\"https:\/\/schema.org\",\"@graph\":[{\"@type\":\"Article\",\"@id\":\"https:\/\/gysfm.com.ar\/inicio\/los-senadores-kirchneristas-se-quejaron-porque-las-fuerzas-de-seguridad-usan-los-banos-del-congreso-y-patricia-bullrich-les-respondio\/#article\",\"isPartOf\":{\"@id\":\"https:\/\/gysfm.com.ar\/inicio\/los-senadores-kirchneristas-se-quejaron-porque-las-fuerzas-de-seguridad-usan-los-banos-del-congreso-y-patricia-bullrich-les-respondio\/\"},\"author\":{\"name\":\"Prensa G&amp;S FM\",\"@id\":\"https:\/\/gysfm.com.ar\/inicio\/#\/schema\/person\/3abba7593ef2ad19e1be221d54383dc5\"},\"headline\":\"Los senadores kirchneristas se quejaron porque las fuerzas de seguridad usan los ba\u00f1os del Congreso y Patricia Bullrich les respondi\u00f3\",\"datePublished\":\"2025-07-23T06:15:13+00:00\",\"mainEntityOfPage\":{\"@id\":\"https:\/\/gysfm.com.ar\/inicio\/los-senadores-kirchneristas-se-quejaron-porque-las-fuerzas-de-seguridad-usan-los-banos-del-congreso-y-patricia-bullrich-les-respondio\/\"},\"wordCount\":441,\"publisher\":{\"@id\":\"https:\/\/gysfm.com.ar\/inicio\/#organization\"},\"image\":{\"@id\":\"https:\/\/gysfm.com.ar\/inicio\/los-senadores-kirchneristas-se-quejaron-porque-las-fuerzas-de-seguridad-usan-los-banos-del-congreso-y-patricia-bullrich-les-respondio\/#primaryimage\"},\"thumbnailUrl\":\"https:\/\/gysfm.com.ar\/inicio\/wp-content\/uploads\/2025\/07\/operativo-antipiquete-en-el-congreso-2065927.jpg\",\"articleSection\":[\"NACIONALES\"],\"inLanguage\":\"es\"},{\"@type\":\"WebPage\",\"@id\":\"https:\/\/gysfm.com.ar\/inicio\/los-senadores-kirchneristas-se-quejaron-porque-las-fuerzas-de-seguridad-usan-los-banos-del-congreso-y-patricia-bullrich-les-respondio\/\",\"url\":\"https:\/\/gysfm.com.ar\/inicio\/los-senadores-kirchneristas-se-quejaron-porque-las-fuerzas-de-seguridad-usan-los-banos-del-congreso-y-patricia-bullrich-les-respondio\/\",\"name\":\"Los senadores kirchneristas se quejaron porque las fuerzas de seguridad usan los ba\u00f1os del Congreso y Patricia Bullrich les respondi\u00f3 - GYS NOTICIAS |\",\"isPartOf\":{\"@id\":\"https:\/\/gysfm.com.ar\/inicio\/#website\"},\"primaryImageOfPage\":{\"@id\":\"https:\/\/gysfm.com.ar\/inicio\/los-senadores-kirchneristas-se-quejaron-porque-las-fuerzas-de-seguridad-usan-los-banos-del-congreso-y-patricia-bullrich-les-respondio\/#primaryimage\"},\"image\":{\"@id\":\"https:\/\/gysfm.com.ar\/inicio\/los-senadores-kirchneristas-se-quejaron-porque-las-fuerzas-de-seguridad-usan-los-banos-del-congreso-y-patricia-bullrich-les-respondio\/#primaryimage\"},\"thumbnailUrl\":\"https:\/\/gysfm.com.ar\/inicio\/wp-content\/uploads\/2025\/07\/operativo-antipiquete-en-el-congreso-2065927.jpg\",\"datePublished\":\"2025-07-23T06:15:13+00:00\",\"breadcrumb\":{\"@id\":\"https:\/\/gysfm.com.ar\/inicio\/los-senadores-kirchneristas-se-quejaron-porque-las-fuerzas-de-seguridad-usan-los-banos-del-congreso-y-patricia-bullrich-les-respondio\/#breadcrumb\"},\"inLanguage\":\"es\",\"potentialAction\":[{\"@type\":\"ReadAction\",\"target\":[\"https:\/\/gysfm.com.ar\/inicio\/los-senadores-kirchneristas-se-quejaron-porque-las-fuerzas-de-seguridad-usan-los-banos-del-congreso-y-patricia-bullrich-les-respondio\/\"]}]},{\"@type\":\"ImageObject\",\"inLanguage\":\"es\",\"@id\":\"https:\/\/gysfm.com.ar\/inicio\/los-senadores-kirchneristas-se-quejaron-porque-las-fuerzas-de-seguridad-usan-los-banos-del-congreso-y-patricia-bullrich-les-respondio\/#primaryimage\",\"url\":\"https:\/\/gysfm.com.ar\/inicio\/wp-content\/uploads\/2025\/07\/operativo-antipiquete-en-el-congreso-2065927.jpg\",\"contentUrl\":\"https:\/\/gysfm.com.ar\/inicio\/wp-content\/uploads\/2025\/07\/operativo-antipiquete-en-el-congreso-2065927.jpg\",\"width\":1140,\"height\":641},{\"@type\":\"BreadcrumbList\",\"@id\":\"https:\/\/gysfm.com.ar\/inicio\/los-senadores-kirchneristas-se-quejaron-porque-las-fuerzas-de-seguridad-usan-los-banos-del-congreso-y-patricia-bullrich-les-respondio\/#breadcrumb\",\"itemListElement\":[{\"@type\":\"ListItem\",\"position\":1,\"name\":\"Portada\",\"item\":\"https:\/\/gysfm.com.ar\/inicio\/\"},{\"@type\":\"ListItem\",\"position\":2,\"name\":\"Los senadores kirchneristas se quejaron porque las fuerzas de seguridad usan los ba\u00f1os del Congreso y Patricia Bullrich les respondi\u00f3\"}]},{\"@type\":\"WebSite\",\"@id\":\"https:\/\/gysfm.com.ar\/inicio\/#website\",\"url\":\"https:\/\/gysfm.com.ar\/inicio\/\",\"name\":\"GYS NOTICIAS |\",\"description\":\"DIARIO - RADIO ONLINE SAN JUAN ARGENTINA\",\"publisher\":{\"@id\":\"https:\/\/gysfm.com.ar\/inicio\/#organization\"},\"potentialAction\":[{\"@type\":\"SearchAction\",\"target\":{\"@type\":\"EntryPoint\",\"urlTemplate\":\"https:\/\/gysfm.com.ar\/inicio\/?s={search_term_string}\"},\"query-input\":{\"@type\":\"PropertyValueSpecification\",\"valueRequired\":true,\"valueName\":\"search_term_string\"}}],\"inLanguage\":\"es\"},{\"@type\":\"Organization\",\"@id\":\"https:\/\/gysfm.com.ar\/inicio\/#organization\",\"name\":\"GYS NOTICIAS |\",\"url\":\"https:\/\/gysfm.com.ar\/inicio\/\",\"logo\":{\"@type\":\"ImageObject\",\"inLanguage\":\"es\",\"@id\":\"https:\/\/gysfm.com.ar\/inicio\/#\/schema\/logo\/image\/\",\"url\":\"https:\/\/gysfm.com.ar\/inicio\/wp-content\/uploads\/2023\/07\/LOGOGYS-OK.png\",\"contentUrl\":\"https:\/\/gysfm.com.ar\/inicio\/wp-content\/uploads\/2023\/07\/LOGOGYS-OK.png\",\"width\":1170,\"height\":872,\"caption\":\"GYS NOTICIAS |\"},\"image\":{\"@id\":\"https:\/\/gysfm.com.ar\/inicio\/#\/schema\/logo\/image\/\"}},{\"@type\":\"Person\",\"@id\":\"https:\/\/gysfm.com.ar\/inicio\/#\/schema\/person\/3abba7593ef2ad19e1be221d54383dc5\",\"name\":\"Prensa G&amp;S FM\",\"image\":{\"@type\":\"ImageObject\",\"inLanguage\":\"es\",\"@id\":\"https:\/\/gysfm.com.ar\/inicio\/#\/schema\/person\/image\/\",\"url\":\"https:\/\/secure.gravatar.com\/avatar\/096ec78df02049ab018702bb4ccedf659377fa92a26540b5247612077a0dbd29?s=96&d=mm&r=g\",\"contentUrl\":\"https:\/\/secure.gravatar.com\/avatar\/096ec78df02049ab018702bb4ccedf659377fa92a26540b5247612077a0dbd29?s=96&d=mm&r=g\",\"caption\":\"Prensa G&amp;S FM\"},\"sameAs\":[\"https:\/\/gysfm.com.ar\/\"],\"url\":\"https:\/\/gysfm.com.ar\/inicio\/author\/lucasm\/\"}]}<\/script>\n<!-- \/ Yoast SEO plugin. -->","yoast_head_json":{"title":"Los senadores kirchneristas se quejaron porque las fuerzas de seguridad usan los ba\u00f1os del Congreso y Patricia Bullrich les respondi\u00f3 - GYS NOTICIAS |","robots":{"index":"index","follow":"follow","max-snippet":"max-snippet:-1","max-image-preview":"max-image-preview:large","max-video-preview":"max-video-preview:-1"},"canonical":"https:\/\/gysfm.com.ar\/inicio\/los-senadores-kirchneristas-se-quejaron-porque-las-fuerzas-de-seguridad-usan-los-banos-del-congreso-y-patricia-bullrich-les-respondio\/","og_locale":"es_ES","og_type":"article","og_title":"Los senadores kirchneristas se quejaron porque las fuerzas de seguridad usan los ba\u00f1os del Congreso y Patricia Bullrich les respondi\u00f3 - GYS NOTICIAS |","og_description":"La ministra de Seguridad, Patricia Bullrich, acus\u00f3 este lunes al bloque de senadores de Uni\u00f3n por la Patria (UP) de pedir que los efectivos de las fuerzas de seguridad no usen los ba\u00f1os del Senado. La pol\u00e9mica se desat\u00f3 tras la difusi\u00f3n de una nota interna de la bancada peronista que reclama regular la presencia [&hellip;]","og_url":"https:\/\/gysfm.com.ar\/inicio\/los-senadores-kirchneristas-se-quejaron-porque-las-fuerzas-de-seguridad-usan-los-banos-del-congreso-y-patricia-bullrich-les-respondio\/","og_site_name":"GYS NOTICIAS |","article_published_time":"2025-07-23T06:15:13+00:00","og_image":[{"url":"https:\/\/fotos.perfil.com\/\/2025\/07\/22\/900\/0\/xpato-bullrich-22072025-2065889.jpg?webp","type":"","width":"","height":""}],"author":"Prensa G&amp;S FM","twitter_card":"summary_large_image","twitter_misc":{"Escrito por":"Prensa G&amp;S FM","Tiempo de lectura":"2 minutos"},"schema":{"@context":"https:\/\/schema.org","@graph":[{"@type":"Article","@id":"https:\/\/gysfm.com.ar\/inicio\/los-senadores-kirchneristas-se-quejaron-porque-las-fuerzas-de-seguridad-usan-los-banos-del-congreso-y-patricia-bullrich-les-respondio\/#article","isPartOf":{"@id":"https:\/\/gysfm.com.ar\/inicio\/los-senadores-kirchneristas-se-quejaron-porque-las-fuerzas-de-seguridad-usan-los-banos-del-congreso-y-patricia-bullrich-les-respondio\/"},"author":{"name":"Prensa G&amp;S FM","@id":"https:\/\/gysfm.com.ar\/inicio\/#\/schema\/person\/3abba7593ef2ad19e1be221d54383dc5"},"headline":"Los senadores kirchneristas se quejaron porque las fuerzas de seguridad usan los ba\u00f1os del Congreso y Patricia Bullrich les respondi\u00f3","datePublished":"2025-07-23T06:15:13+00:00","mainEntityOfPage":{"@id":"https:\/\/gysfm.com.ar\/inicio\/los-senadores-kirchneristas-se-quejaron-porque-las-fuerzas-de-seguridad-usan-los-banos-del-congreso-y-patricia-bullrich-les-respondio\/"},"wordCount":441,"publisher":{"@id":"https:\/\/gysfm.com.ar\/inicio\/#organization"},"image":{"@id":"https:\/\/gysfm.com.ar\/inicio\/los-senadores-kirchneristas-se-quejaron-porque-las-fuerzas-de-seguridad-usan-los-banos-del-congreso-y-patricia-bullrich-les-respondio\/#primaryimage"},"thumbnailUrl":"https:\/\/gysfm.com.ar\/inicio\/wp-content\/uploads\/2025\/07\/operativo-antipiquete-en-el-congreso-2065927.jpg","articleSection":["NACIONALES"],"inLanguage":"es"},{"@type":"WebPage","@id":"https:\/\/gysfm.com.ar\/inicio\/los-senadores-kirchneristas-se-quejaron-porque-las-fuerzas-de-seguridad-usan-los-banos-del-congreso-y-patricia-bullrich-les-respondio\/","url":"https:\/\/gysfm.com.ar\/inicio\/los-senadores-kirchneristas-se-quejaron-porque-las-fuerzas-de-seguridad-usan-los-banos-del-congreso-y-patricia-bullrich-les-respondio\/","name":"Los senadores kirchneristas se quejaron porque las fuerzas de seguridad usan los ba\u00f1os del Congreso y Patricia Bullrich les respondi\u00f3 - GYS NOTICIAS |","isPartOf":{"@id":"https:\/\/gysfm.com.ar\/inicio\/#website"},"primaryImageOfPage":{"@id":"https:\/\/gysfm.com.ar\/inicio\/los-senadores-kirchneristas-se-quejaron-porque-las-fuerzas-de-seguridad-usan-los-banos-del-congreso-y-patricia-bullrich-les-respondio\/#primaryimage"},"image":{"@id":"https:\/\/gysfm.com.ar\/inicio\/los-senadores-kirchneristas-se-quejaron-porque-las-fuerzas-de-seguridad-usan-los-banos-del-congreso-y-patricia-bullrich-les-respondio\/#primaryimage"},"thumbnailUrl":"https:\/\/gysfm.com.ar\/inicio\/wp-content\/uploads\/2025\/07\/operativo-antipiquete-en-el-congreso-2065927.jpg","datePublished":"2025-07-23T06:15:13+00:00","breadcrumb":{"@id":"https:\/\/gysfm.com.ar\/inicio\/los-senadores-kirchneristas-se-quejaron-porque-las-fuerzas-de-seguridad-usan-los-banos-del-congreso-y-patricia-bullrich-les-respondio\/#breadcrumb"},"inLanguage":"es","potentialAction":[{"@type":"ReadAction","target":["https:\/\/gysfm.com.ar\/inicio\/los-senadores-kirchneristas-se-quejaron-porque-las-fuerzas-de-seguridad-usan-los-banos-del-congreso-y-patricia-bullrich-les-respondio\/"]}]},{"@type":"ImageObject","inLanguage":"es","@id":"https:\/\/gysfm.com.ar\/inicio\/los-senadores-kirchneristas-se-quejaron-porque-las-fuerzas-de-seguridad-usan-los-banos-del-congreso-y-patricia-bullrich-les-respondio\/#primaryimage","url":"https:\/\/gysfm.com.ar\/inicio\/wp-content\/uploads\/2025\/07\/operativo-antipiquete-en-el-congreso-2065927.jpg","contentUrl":"https:\/\/gysfm.com.ar\/inicio\/wp-content\/uploads\/2025\/07\/operativo-antipiquete-en-el-congreso-2065927.jpg","width":1140,"height":641},{"@type":"BreadcrumbList","@id":"https:\/\/gysfm.com.ar\/inicio\/los-senadores-kirchneristas-se-quejaron-porque-las-fuerzas-de-seguridad-usan-los-banos-del-congreso-y-patricia-bullrich-les-respondio\/#breadcrumb","itemListElement":[{"@type":"ListItem","position":1,"name":"Portada","item":"https:\/\/gysfm.com.ar\/inicio\/"},{"@type":"ListItem","position":2,"name":"Los senadores kirchneristas se quejaron porque las fuerzas de seguridad usan los ba\u00f1os del Congreso y Patricia Bullrich les respondi\u00f3"}]},{"@type":"WebSite","@id":"https:\/\/gysfm.com.ar\/inicio\/#website","url":"https:\/\/gysfm.com.ar\/inicio\/","name":"GYS NOTICIAS |","description":"DIARIO - RADIO ONLINE SAN JUAN ARGENTINA","publisher":{"@id":"https:\/\/gysfm.com.ar\/inicio\/#organization"},"potentialAction":[{"@type":"SearchAction","target":{"@type":"EntryPoint","urlTemplate":"https:\/\/gysfm.com.ar\/inicio\/?s={search_term_string}"},"query-input":{"@type":"PropertyValueSpecification","valueRequired":true,"valueName":"search_term_string"}}],"inLanguage":"es"},{"@type":"Organization","@id":"https:\/\/gysfm.com.ar\/inicio\/#organization","name":"GYS NOTICIAS |","url":"https:\/\/gysfm.com.ar\/inicio\/","logo":{"@type":"ImageObject","inLanguage":"es","@id":"https:\/\/gysfm.com.ar\/inicio\/#\/schema\/logo\/image\/","url":"https:\/\/gysfm.com.ar\/inicio\/wp-content\/uploads\/2023\/07\/LOGOGYS-OK.png","contentUrl":"https:\/\/gysfm.com.ar\/inicio\/wp-content\/uploads\/2023\/07\/LOGOGYS-OK.png","width":1170,"height":872,"caption":"GYS NOTICIAS |"},"image":{"@id":"https:\/\/gysfm.com.ar\/inicio\/#\/schema\/logo\/image\/"}},{"@type":"Person","@id":"https:\/\/gysfm.com.ar\/inicio\/#\/schema\/person\/3abba7593ef2ad19e1be221d54383dc5","name":"Prensa G&amp;S FM","image":{"@type":"ImageObject","inLanguage":"es","@id":"https:\/\/gysfm.com.ar\/inicio\/#\/schema\/person\/image\/","url":"https:\/\/secure.gravatar.com\/avatar\/096ec78df02049ab018702bb4ccedf659377fa92a26540b5247612077a0dbd29?s=96&d=mm&r=g","contentUrl":"https:\/\/secure.gravatar.com\/avatar\/096ec78df02049ab018702bb4ccedf659377fa92a26540b5247612077a0dbd29?s=96&d=mm&r=g","caption":"Prensa G&amp;S FM"},"sameAs":["https:\/\/gysfm.com.ar\/"],"url":"https:\/\/gysfm.com.ar\/inicio\/author\/lucasm\/"}]}},"_links":{"self":[{"href":"https:\/\/gysfm.com.ar\/inicio\/wp-json\/wp\/v2\/posts\/138602","targetHints":{"allow":["GET"]}}],"collection":[{"href":"https:\/\/gysfm.com.ar\/inicio\/wp-json\/wp\/v2\/posts"}],"about":[{"href":"https:\/\/gysfm.com.ar\/inicio\/wp-json\/wp\/v2\/types\/post"}],"author":[{"embeddable":true,"href":"https:\/\/gysfm.com.ar\/inicio\/wp-json\/wp\/v2\/users\/2"}],"replies":[{"embeddable":true,"href":"https:\/\/gysfm.com.ar\/inicio\/wp-json\/wp\/v2\/comments?post=138602"}],"version-history":[{"count":0,"href":"https:\/\/gysfm.com.ar\/inicio\/wp-json\/wp\/v2\/posts\/138602\/revisions"}],"wp:featuredmedia":[{"embeddable":true,"href":"https:\/\/gysfm.com.ar\/inicio\/wp-json\/wp\/v2\/media\/138603"}],"wp:attachment":[{"href":"https:\/\/gysfm.com.ar\/inicio\/wp-json\/wp\/v2\/media?parent=138602"}],"wp:term":[{"taxonomy":"category","embeddable":true,"href":"https:\/\/gysfm.com.ar\/inicio\/wp-json\/wp\/v2\/categories?post=138602"},{"taxonomy":"post_tag","embeddable":true,"href":"https:\/\/gysfm.com.ar\/inicio\/wp-json\/wp\/v2\/tags?post=138602"}],"curies":[{"name":"wp","href":"https:\/\/api.w.org\/{rel}","templated":true}]}}