{"id":138599,"date":"2025-07-23T02:49:06","date_gmt":"2025-07-23T05:49:06","guid":{"rendered":"https:\/\/gysfm.com.ar\/inicio\/el-consumo-masivo-tuvo-una-ligera-caida-despues-de-tres-meses-de-alza\/"},"modified":"2025-07-23T02:49:06","modified_gmt":"2025-07-23T05:49:06","slug":"el-consumo-masivo-tuvo-una-ligera-caida-despues-de-tres-meses-de-alza","status":"publish","type":"post","link":"https:\/\/gysfm.com.ar\/inicio\/el-consumo-masivo-tuvo-una-ligera-caida-despues-de-tres-meses-de-alza\/","title":{"rendered":"El consumo masivo tuvo una ligera ca\u00edda, despu\u00e9s de tres meses de alza"},"content":{"rendered":"<p><\/p>\n<div>\n<p class=\"com-paragraph  --capital --s\">El <strong>consumo masivo<\/strong> volvi\u00f3 a resentirse en<strong> junio<\/strong>, despu\u00e9s de encadenar tres meses de alza desde marzo. Seg\u00fan el informe de tendencias de consumo de la consultora<a href=\"https:\/\/www.lanacion.com.ar\/economia\/negocios\/las-dos-velocidades-del-consumo-crecen-las-ventas-de-bienes-durables-pero-a-la-canasta-basica-les-nid24062025\/\" target=\"_self\" title=\"https:\/\/www.lanacion.com.ar\/economia\/negocios\/las-dos-velocidades-del-consumo-crecen-las-ventas-de-bienes-durables-pero-a-la-canasta-basica-les-nid24062025\/\" class=\"com-link\" data-mrf-recirculation=\"n_link_parrafo\"><strong> Scentia,<\/strong> <\/a>si se toman todos los canales, <strong>cay\u00f3 un 0,8%<\/strong> en el sexto mes del a\u00f1o respecto de junio de 2024.<strong> En tanto, frente a mayo el descenso fue de 1,3%.<\/strong><\/p>\n<p class=\"com-paragraph   --s\">Sin embargo, el<strong> comportamiento <\/strong>fue <strong>dispar <\/strong>entre canales. Por caso, el <em><strong>e-commerce <\/strong><\/em><strong>subi\u00f3 un 14,6%<\/strong> en la comparativa interanual, seguido por <strong>farmacias (5,6%), autoservicios independientes (1,8%)<\/strong> y <strong>kioscos y tiendas (1,3%). <\/strong>En el otro extremo, tanto los <strong>supermercados de cadena<\/strong> como los <strong>mayoristas <\/strong>cayeron un <strong>6,4%.<\/strong><\/p>\n<p class=\"com-paragraph   --s\"><strong>\u201cLas razones de la ca\u00edda son las mismas que venimos viendo: la gente se vuelca a otros consumos como el sector de bienes durables<\/strong>. Por ejemplo, todo lo que es venta de electrodom\u00e9sticos en supermercados es positivo hace varios meses. El cr\u00e9dito y las cuotas ayudan a esas compras postergadas en a\u00f1os anteriores, adem\u00e1s de inmuebles, autos, etc\u00e9tera. <strong>El bolsillo es uno solo y alg\u00fan sector sufre m\u00e1s que otro\u201d<\/strong>, dijo Osvaldo Del R\u00edo, director de Scentia.<\/p>\n<p class=\"com-paragraph   --s\"><strong>M\u00e1s all\u00e1 de esto, el acumulado del primer semestre fue positivo con un crecimiento del consumo del 0,4%,<\/strong> si bien los supermercados de cadena cayeron 5,6%; los mayoristas, 4,7%, y los autoservicios independientes, 4,3%. A la inversa, el consumo en <em>e-commerce<\/em> y kioscos y tiendas creci\u00f3 8,5% y en farmacias, un 6,7%.<\/p>\n<p class=\"com-paragraph   --s\">Las canastas de bebidas alcoh\u00f3licas (-15,1%) y no alcoh\u00f3licas (-8,6%), y la de higiene y cosm\u00e9tica (-4,7%) fueron las que arrojaron las variaciones negativas interanuales m\u00e1s notorias en junio de 2025.<\/p>\n<p class=\"com-paragraph   --s\">Por \u00faltimo, en el sexto mes del a\u00f1o, la variaci\u00f3n interanual de precios se ubic\u00f3 en 36,9%, en l\u00ednea con el \u00cdndice de Precios al Consumidor (IPC), que dio 39,4%.<\/p>\n<p class=\"com-paragraph   --s\"><strong>A diferencia del estudio de Scentia, el Indicador de Consumo de la C\u00e1mara Argentina de Comercio y Servicios (CAC) \u2014que contempla el consumo de bienes durables\u2014 registr\u00f3 en junio un crecimiento interanual del 4%. <\/strong><\/p>\n<p class=\"com-paragraph   --s\">Desde que arranc\u00f3 el a\u00f1o, este indicador mostr\u00f3 todos los meses subas interanuales. Aunque en mayo se dio una leve desaceleraci\u00f3n, se recuper\u00f3 en junio y retom\u00f3 los niveles de abril. Adem\u00e1s, al descontar los efectos estacionales habituales del consumo a lo largo del a\u00f1o, se volvi\u00f3 al crecimiento intermensual con un avance del 2,9% frente a mayo.<\/p>\n<p class=\"com-paragraph   --s\"><strong>\u201cEn t\u00e9rminos hist\u00f3ricos, puede decirse que el consumo de junio de 2025 ya super\u00f3 en un 2,7% al de junio de 2019 <\/strong>y, en t\u00e9rminos acumulados, los primeros seis meses de este a\u00f1o lo hicieron en 0,6% frente a igual per\u00edodo de 2019\u2033, compararon. En los primeros seis meses del a\u00f1o se registr\u00f3 un alza acumulada en el consumo tambi\u00e9n del 2,9%.<\/p>\n<section class=\"container-center-100 mb-40 border border-bottom border-thin border-neutral-light-700\">\n<hr\/>\n<\/section>\n<\/div>\n","protected":false},"excerpt":{"rendered":"<p>El consumo masivo volvi\u00f3 a resentirse en junio, despu\u00e9s de encadenar tres meses de alza desde marzo. Seg\u00fan el informe de tendencias de consumo de la consultora Scentia, si se toman todos los canales, cay\u00f3 un 0,8% en el sexto mes del a\u00f1o respecto de junio de 2024. En tanto, frente a mayo el descenso [&hellip;]<\/p>\n","protected":false},"author":1,"featured_media":138600,"comment_status":"closed","ping_status":"closed","sticky":false,"template":"","format":"standard","meta":{"footnotes":""},"categories":[28],"tags":[],"class_list":["post-138599","post","type-post","status-publish","format-standard","has-post-thumbnail","hentry","category-economia"],"yoast_head":"<!-- This site is optimized with the Yoast SEO plugin v24.4 - https:\/\/yoast.com\/wordpress\/plugins\/seo\/ -->\n<title>El consumo masivo tuvo una ligera ca\u00edda, despu\u00e9s de tres meses de alza - GYS NOTICIAS |<\/title>\n<meta name=\"robots\" content=\"index, follow, max-snippet:-1, max-image-preview:large, max-video-preview:-1\" \/>\n<link rel=\"canonical\" href=\"https:\/\/gysfm.com.ar\/inicio\/el-consumo-masivo-tuvo-una-ligera-caida-despues-de-tres-meses-de-alza\/\" \/>\n<meta property=\"og:locale\" content=\"es_ES\" \/>\n<meta property=\"og:type\" content=\"article\" \/>\n<meta property=\"og:title\" content=\"El consumo masivo tuvo una ligera ca\u00edda, despu\u00e9s de tres meses de alza - GYS NOTICIAS |\" \/>\n<meta property=\"og:description\" content=\"El consumo masivo volvi\u00f3 a resentirse en junio, despu\u00e9s de encadenar tres meses de alza desde marzo. Seg\u00fan el informe de tendencias de consumo de la consultora Scentia, si se toman todos los canales, cay\u00f3 un 0,8% en el sexto mes del a\u00f1o respecto de junio de 2024. En tanto, frente a mayo el descenso [&hellip;]\" \/>\n<meta property=\"og:url\" content=\"https:\/\/gysfm.com.ar\/inicio\/el-consumo-masivo-tuvo-una-ligera-caida-despues-de-tres-meses-de-alza\/\" \/>\n<meta property=\"og:site_name\" content=\"GYS NOTICIAS |\" \/>\n<meta property=\"article:published_time\" content=\"2025-07-23T05:49:06+00:00\" \/>\n<meta property=\"og:image\" content=\"https:\/\/gysfm.com.ar\/inicio\/wp-content\/uploads\/2025\/07\/el-consumo-en-supermercados-de-cadena-cayo-5GQ7NLBRFNH7ZLNFOPFQFDA4IU.jpeg\" \/>\n\t<meta property=\"og:image:width\" content=\"1200\" \/>\n\t<meta property=\"og:image:height\" content=\"800\" \/>\n\t<meta property=\"og:image:type\" content=\"image\/jpeg\" \/>\n<meta name=\"author\" content=\"admin\" \/>\n<meta name=\"twitter:card\" content=\"summary_large_image\" \/>\n<meta name=\"twitter:label1\" content=\"Escrito por\" \/>\n\t<meta name=\"twitter:data1\" content=\"admin\" \/>\n\t<meta name=\"twitter:label2\" content=\"Tiempo de lectura\" \/>\n\t<meta name=\"twitter:data2\" content=\"2 minutos\" \/>\n<script type=\"application\/ld+json\" class=\"yoast-schema-graph\">{\"@context\":\"https:\/\/schema.org\",\"@graph\":[{\"@type\":\"Article\",\"@id\":\"https:\/\/gysfm.com.ar\/inicio\/el-consumo-masivo-tuvo-una-ligera-caida-despues-de-tres-meses-de-alza\/#article\",\"isPartOf\":{\"@id\":\"https:\/\/gysfm.com.ar\/inicio\/el-consumo-masivo-tuvo-una-ligera-caida-despues-de-tres-meses-de-alza\/\"},\"author\":{\"name\":\"admin\",\"@id\":\"https:\/\/gysfm.com.ar\/inicio\/#\/schema\/person\/5bedd7ecd35cc35548d89effafa23696\"},\"headline\":\"El consumo masivo tuvo una ligera ca\u00edda, despu\u00e9s de tres meses de alza\",\"datePublished\":\"2025-07-23T05:49:06+00:00\",\"mainEntityOfPage\":{\"@id\":\"https:\/\/gysfm.com.ar\/inicio\/el-consumo-masivo-tuvo-una-ligera-caida-despues-de-tres-meses-de-alza\/\"},\"wordCount\":470,\"publisher\":{\"@id\":\"https:\/\/gysfm.com.ar\/inicio\/#organization\"},\"image\":{\"@id\":\"https:\/\/gysfm.com.ar\/inicio\/el-consumo-masivo-tuvo-una-ligera-caida-despues-de-tres-meses-de-alza\/#primaryimage\"},\"thumbnailUrl\":\"https:\/\/gysfm.com.ar\/inicio\/wp-content\/uploads\/2025\/07\/el-consumo-en-supermercados-de-cadena-cayo-5GQ7NLBRFNH7ZLNFOPFQFDA4IU.jpeg\",\"articleSection\":[\"ECONOMIA\"],\"inLanguage\":\"es\"},{\"@type\":\"WebPage\",\"@id\":\"https:\/\/gysfm.com.ar\/inicio\/el-consumo-masivo-tuvo-una-ligera-caida-despues-de-tres-meses-de-alza\/\",\"url\":\"https:\/\/gysfm.com.ar\/inicio\/el-consumo-masivo-tuvo-una-ligera-caida-despues-de-tres-meses-de-alza\/\",\"name\":\"El consumo masivo tuvo una ligera ca\u00edda, despu\u00e9s de tres meses de alza - GYS NOTICIAS |\",\"isPartOf\":{\"@id\":\"https:\/\/gysfm.com.ar\/inicio\/#website\"},\"primaryImageOfPage\":{\"@id\":\"https:\/\/gysfm.com.ar\/inicio\/el-consumo-masivo-tuvo-una-ligera-caida-despues-de-tres-meses-de-alza\/#primaryimage\"},\"image\":{\"@id\":\"https:\/\/gysfm.com.ar\/inicio\/el-consumo-masivo-tuvo-una-ligera-caida-despues-de-tres-meses-de-alza\/#primaryimage\"},\"thumbnailUrl\":\"https:\/\/gysfm.com.ar\/inicio\/wp-content\/uploads\/2025\/07\/el-consumo-en-supermercados-de-cadena-cayo-5GQ7NLBRFNH7ZLNFOPFQFDA4IU.jpeg\",\"datePublished\":\"2025-07-23T05:49:06+00:00\",\"breadcrumb\":{\"@id\":\"https:\/\/gysfm.com.ar\/inicio\/el-consumo-masivo-tuvo-una-ligera-caida-despues-de-tres-meses-de-alza\/#breadcrumb\"},\"inLanguage\":\"es\",\"potentialAction\":[{\"@type\":\"ReadAction\",\"target\":[\"https:\/\/gysfm.com.ar\/inicio\/el-consumo-masivo-tuvo-una-ligera-caida-despues-de-tres-meses-de-alza\/\"]}]},{\"@type\":\"ImageObject\",\"inLanguage\":\"es\",\"@id\":\"https:\/\/gysfm.com.ar\/inicio\/el-consumo-masivo-tuvo-una-ligera-caida-despues-de-tres-meses-de-alza\/#primaryimage\",\"url\":\"https:\/\/gysfm.com.ar\/inicio\/wp-content\/uploads\/2025\/07\/el-consumo-en-supermercados-de-cadena-cayo-5GQ7NLBRFNH7ZLNFOPFQFDA4IU.jpeg\",\"contentUrl\":\"https:\/\/gysfm.com.ar\/inicio\/wp-content\/uploads\/2025\/07\/el-consumo-en-supermercados-de-cadena-cayo-5GQ7NLBRFNH7ZLNFOPFQFDA4IU.jpeg\",\"width\":1200,\"height\":800},{\"@type\":\"BreadcrumbList\",\"@id\":\"https:\/\/gysfm.com.ar\/inicio\/el-consumo-masivo-tuvo-una-ligera-caida-despues-de-tres-meses-de-alza\/#breadcrumb\",\"itemListElement\":[{\"@type\":\"ListItem\",\"position\":1,\"name\":\"Portada\",\"item\":\"https:\/\/gysfm.com.ar\/inicio\/\"},{\"@type\":\"ListItem\",\"position\":2,\"name\":\"El consumo masivo tuvo una ligera ca\u00edda, despu\u00e9s de tres meses de alza\"}]},{\"@type\":\"WebSite\",\"@id\":\"https:\/\/gysfm.com.ar\/inicio\/#website\",\"url\":\"https:\/\/gysfm.com.ar\/inicio\/\",\"name\":\"GYS NOTICIAS |\",\"description\":\"DIARIO - RADIO ONLINE SAN JUAN ARGENTINA\",\"publisher\":{\"@id\":\"https:\/\/gysfm.com.ar\/inicio\/#organization\"},\"potentialAction\":[{\"@type\":\"SearchAction\",\"target\":{\"@type\":\"EntryPoint\",\"urlTemplate\":\"https:\/\/gysfm.com.ar\/inicio\/?s={search_term_string}\"},\"query-input\":{\"@type\":\"PropertyValueSpecification\",\"valueRequired\":true,\"valueName\":\"search_term_string\"}}],\"inLanguage\":\"es\"},{\"@type\":\"Organization\",\"@id\":\"https:\/\/gysfm.com.ar\/inicio\/#organization\",\"name\":\"GYS NOTICIAS |\",\"url\":\"https:\/\/gysfm.com.ar\/inicio\/\",\"logo\":{\"@type\":\"ImageObject\",\"inLanguage\":\"es\",\"@id\":\"https:\/\/gysfm.com.ar\/inicio\/#\/schema\/logo\/image\/\",\"url\":\"https:\/\/gysfm.com.ar\/inicio\/wp-content\/uploads\/2023\/07\/LOGOGYS-OK.png\",\"contentUrl\":\"https:\/\/gysfm.com.ar\/inicio\/wp-content\/uploads\/2023\/07\/LOGOGYS-OK.png\",\"width\":1170,\"height\":872,\"caption\":\"GYS NOTICIAS |\"},\"image\":{\"@id\":\"https:\/\/gysfm.com.ar\/inicio\/#\/schema\/logo\/image\/\"}},{\"@type\":\"Person\",\"@id\":\"https:\/\/gysfm.com.ar\/inicio\/#\/schema\/person\/5bedd7ecd35cc35548d89effafa23696\",\"name\":\"admin\",\"image\":{\"@type\":\"ImageObject\",\"inLanguage\":\"es\",\"@id\":\"https:\/\/gysfm.com.ar\/inicio\/#\/schema\/person\/image\/\",\"url\":\"https:\/\/secure.gravatar.com\/avatar\/c331d312b5243fb64d5ba28108a447b27c925295129a363082c9ea52c28d32c2?s=96&d=mm&r=g\",\"contentUrl\":\"https:\/\/secure.gravatar.com\/avatar\/c331d312b5243fb64d5ba28108a447b27c925295129a363082c9ea52c28d32c2?s=96&d=mm&r=g\",\"caption\":\"admin\"},\"sameAs\":[\"https:\/\/gysfm.com.ar\/inicio\"],\"url\":\"https:\/\/gysfm.com.ar\/inicio\/author\/admin\/\"}]}<\/script>\n<!-- \/ Yoast SEO plugin. -->","yoast_head_json":{"title":"El consumo masivo tuvo una ligera ca\u00edda, despu\u00e9s de tres meses de alza - GYS NOTICIAS |","robots":{"index":"index","follow":"follow","max-snippet":"max-snippet:-1","max-image-preview":"max-image-preview:large","max-video-preview":"max-video-preview:-1"},"canonical":"https:\/\/gysfm.com.ar\/inicio\/el-consumo-masivo-tuvo-una-ligera-caida-despues-de-tres-meses-de-alza\/","og_locale":"es_ES","og_type":"article","og_title":"El consumo masivo tuvo una ligera ca\u00edda, despu\u00e9s de tres meses de alza - GYS NOTICIAS |","og_description":"El consumo masivo volvi\u00f3 a resentirse en junio, despu\u00e9s de encadenar tres meses de alza desde marzo. Seg\u00fan el informe de tendencias de consumo de la consultora Scentia, si se toman todos los canales, cay\u00f3 un 0,8% en el sexto mes del a\u00f1o respecto de junio de 2024. En tanto, frente a mayo el descenso [&hellip;]","og_url":"https:\/\/gysfm.com.ar\/inicio\/el-consumo-masivo-tuvo-una-ligera-caida-despues-de-tres-meses-de-alza\/","og_site_name":"GYS NOTICIAS |","article_published_time":"2025-07-23T05:49:06+00:00","og_image":[{"width":1200,"height":800,"url":"https:\/\/gysfm.com.ar\/inicio\/wp-content\/uploads\/2025\/07\/el-consumo-en-supermercados-de-cadena-cayo-5GQ7NLBRFNH7ZLNFOPFQFDA4IU.jpeg","type":"image\/jpeg"}],"author":"admin","twitter_card":"summary_large_image","twitter_misc":{"Escrito por":"admin","Tiempo de lectura":"2 minutos"},"schema":{"@context":"https:\/\/schema.org","@graph":[{"@type":"Article","@id":"https:\/\/gysfm.com.ar\/inicio\/el-consumo-masivo-tuvo-una-ligera-caida-despues-de-tres-meses-de-alza\/#article","isPartOf":{"@id":"https:\/\/gysfm.com.ar\/inicio\/el-consumo-masivo-tuvo-una-ligera-caida-despues-de-tres-meses-de-alza\/"},"author":{"name":"admin","@id":"https:\/\/gysfm.com.ar\/inicio\/#\/schema\/person\/5bedd7ecd35cc35548d89effafa23696"},"headline":"El consumo masivo tuvo una ligera ca\u00edda, despu\u00e9s de tres meses de alza","datePublished":"2025-07-23T05:49:06+00:00","mainEntityOfPage":{"@id":"https:\/\/gysfm.com.ar\/inicio\/el-consumo-masivo-tuvo-una-ligera-caida-despues-de-tres-meses-de-alza\/"},"wordCount":470,"publisher":{"@id":"https:\/\/gysfm.com.ar\/inicio\/#organization"},"image":{"@id":"https:\/\/gysfm.com.ar\/inicio\/el-consumo-masivo-tuvo-una-ligera-caida-despues-de-tres-meses-de-alza\/#primaryimage"},"thumbnailUrl":"https:\/\/gysfm.com.ar\/inicio\/wp-content\/uploads\/2025\/07\/el-consumo-en-supermercados-de-cadena-cayo-5GQ7NLBRFNH7ZLNFOPFQFDA4IU.jpeg","articleSection":["ECONOMIA"],"inLanguage":"es"},{"@type":"WebPage","@id":"https:\/\/gysfm.com.ar\/inicio\/el-consumo-masivo-tuvo-una-ligera-caida-despues-de-tres-meses-de-alza\/","url":"https:\/\/gysfm.com.ar\/inicio\/el-consumo-masivo-tuvo-una-ligera-caida-despues-de-tres-meses-de-alza\/","name":"El consumo masivo tuvo una ligera ca\u00edda, despu\u00e9s de tres meses de alza - GYS NOTICIAS |","isPartOf":{"@id":"https:\/\/gysfm.com.ar\/inicio\/#website"},"primaryImageOfPage":{"@id":"https:\/\/gysfm.com.ar\/inicio\/el-consumo-masivo-tuvo-una-ligera-caida-despues-de-tres-meses-de-alza\/#primaryimage"},"image":{"@id":"https:\/\/gysfm.com.ar\/inicio\/el-consumo-masivo-tuvo-una-ligera-caida-despues-de-tres-meses-de-alza\/#primaryimage"},"thumbnailUrl":"https:\/\/gysfm.com.ar\/inicio\/wp-content\/uploads\/2025\/07\/el-consumo-en-supermercados-de-cadena-cayo-5GQ7NLBRFNH7ZLNFOPFQFDA4IU.jpeg","datePublished":"2025-07-23T05:49:06+00:00","breadcrumb":{"@id":"https:\/\/gysfm.com.ar\/inicio\/el-consumo-masivo-tuvo-una-ligera-caida-despues-de-tres-meses-de-alza\/#breadcrumb"},"inLanguage":"es","potentialAction":[{"@type":"ReadAction","target":["https:\/\/gysfm.com.ar\/inicio\/el-consumo-masivo-tuvo-una-ligera-caida-despues-de-tres-meses-de-alza\/"]}]},{"@type":"ImageObject","inLanguage":"es","@id":"https:\/\/gysfm.com.ar\/inicio\/el-consumo-masivo-tuvo-una-ligera-caida-despues-de-tres-meses-de-alza\/#primaryimage","url":"https:\/\/gysfm.com.ar\/inicio\/wp-content\/uploads\/2025\/07\/el-consumo-en-supermercados-de-cadena-cayo-5GQ7NLBRFNH7ZLNFOPFQFDA4IU.jpeg","contentUrl":"https:\/\/gysfm.com.ar\/inicio\/wp-content\/uploads\/2025\/07\/el-consumo-en-supermercados-de-cadena-cayo-5GQ7NLBRFNH7ZLNFOPFQFDA4IU.jpeg","width":1200,"height":800},{"@type":"BreadcrumbList","@id":"https:\/\/gysfm.com.ar\/inicio\/el-consumo-masivo-tuvo-una-ligera-caida-despues-de-tres-meses-de-alza\/#breadcrumb","itemListElement":[{"@type":"ListItem","position":1,"name":"Portada","item":"https:\/\/gysfm.com.ar\/inicio\/"},{"@type":"ListItem","position":2,"name":"El consumo masivo tuvo una ligera ca\u00edda, despu\u00e9s de tres meses de alza"}]},{"@type":"WebSite","@id":"https:\/\/gysfm.com.ar\/inicio\/#website","url":"https:\/\/gysfm.com.ar\/inicio\/","name":"GYS NOTICIAS |","description":"DIARIO - RADIO ONLINE SAN JUAN ARGENTINA","publisher":{"@id":"https:\/\/gysfm.com.ar\/inicio\/#organization"},"potentialAction":[{"@type":"SearchAction","target":{"@type":"EntryPoint","urlTemplate":"https:\/\/gysfm.com.ar\/inicio\/?s={search_term_string}"},"query-input":{"@type":"PropertyValueSpecification","valueRequired":true,"valueName":"search_term_string"}}],"inLanguage":"es"},{"@type":"Organization","@id":"https:\/\/gysfm.com.ar\/inicio\/#organization","name":"GYS NOTICIAS |","url":"https:\/\/gysfm.com.ar\/inicio\/","logo":{"@type":"ImageObject","inLanguage":"es","@id":"https:\/\/gysfm.com.ar\/inicio\/#\/schema\/logo\/image\/","url":"https:\/\/gysfm.com.ar\/inicio\/wp-content\/uploads\/2023\/07\/LOGOGYS-OK.png","contentUrl":"https:\/\/gysfm.com.ar\/inicio\/wp-content\/uploads\/2023\/07\/LOGOGYS-OK.png","width":1170,"height":872,"caption":"GYS NOTICIAS |"},"image":{"@id":"https:\/\/gysfm.com.ar\/inicio\/#\/schema\/logo\/image\/"}},{"@type":"Person","@id":"https:\/\/gysfm.com.ar\/inicio\/#\/schema\/person\/5bedd7ecd35cc35548d89effafa23696","name":"admin","image":{"@type":"ImageObject","inLanguage":"es","@id":"https:\/\/gysfm.com.ar\/inicio\/#\/schema\/person\/image\/","url":"https:\/\/secure.gravatar.com\/avatar\/c331d312b5243fb64d5ba28108a447b27c925295129a363082c9ea52c28d32c2?s=96&d=mm&r=g","contentUrl":"https:\/\/secure.gravatar.com\/avatar\/c331d312b5243fb64d5ba28108a447b27c925295129a363082c9ea52c28d32c2?s=96&d=mm&r=g","caption":"admin"},"sameAs":["https:\/\/gysfm.com.ar\/inicio"],"url":"https:\/\/gysfm.com.ar\/inicio\/author\/admin\/"}]}},"_links":{"self":[{"href":"https:\/\/gysfm.com.ar\/inicio\/wp-json\/wp\/v2\/posts\/138599","targetHints":{"allow":["GET"]}}],"collection":[{"href":"https:\/\/gysfm.com.ar\/inicio\/wp-json\/wp\/v2\/posts"}],"about":[{"href":"https:\/\/gysfm.com.ar\/inicio\/wp-json\/wp\/v2\/types\/post"}],"author":[{"embeddable":true,"href":"https:\/\/gysfm.com.ar\/inicio\/wp-json\/wp\/v2\/users\/1"}],"replies":[{"embeddable":true,"href":"https:\/\/gysfm.com.ar\/inicio\/wp-json\/wp\/v2\/comments?post=138599"}],"version-history":[{"count":1,"href":"https:\/\/gysfm.com.ar\/inicio\/wp-json\/wp\/v2\/posts\/138599\/revisions"}],"predecessor-version":[{"id":138601,"href":"https:\/\/gysfm.com.ar\/inicio\/wp-json\/wp\/v2\/posts\/138599\/revisions\/138601"}],"wp:featuredmedia":[{"embeddable":true,"href":"https:\/\/gysfm.com.ar\/inicio\/wp-json\/wp\/v2\/media\/138600"}],"wp:attachment":[{"href":"https:\/\/gysfm.com.ar\/inicio\/wp-json\/wp\/v2\/media?parent=138599"}],"wp:term":[{"taxonomy":"category","embeddable":true,"href":"https:\/\/gysfm.com.ar\/inicio\/wp-json\/wp\/v2\/categories?post=138599"},{"taxonomy":"post_tag","embeddable":true,"href":"https:\/\/gysfm.com.ar\/inicio\/wp-json\/wp\/v2\/tags?post=138599"}],"curies":[{"name":"wp","href":"https:\/\/api.w.org\/{rel}","templated":true}]}}