{"id":138596,"date":"2025-07-23T02:48:04","date_gmt":"2025-07-23T05:48:04","guid":{"rendered":"https:\/\/gysfm.com.ar\/inicio\/trump-anuncia-un-enorme-acuerdo-comercial-con-japon\/"},"modified":"2025-07-23T02:48:05","modified_gmt":"2025-07-23T05:48:05","slug":"trump-anuncia-un-enorme-acuerdo-comercial-con-japon","status":"publish","type":"post","link":"https:\/\/gysfm.com.ar\/inicio\/trump-anuncia-un-enorme-acuerdo-comercial-con-japon\/","title":{"rendered":"Trump anuncia \u201cun enorme acuerdo\u201d comercial con Jap\u00f3n"},"content":{"rendered":"<p> <br \/>\n<\/p>\n<div>\n<p class=\"com-paragraph  --capital --s\">WASHINGTON.- El presidente estadounidense, <strong>Donald Trump,<\/strong> anunci\u00f3 este martes haber alcanzado un acuerdo arancelario con Jap\u00f3n, que seg\u00fan el mandatario se trata <strong>\u201cquiz\u00e1s el mayor acuerdo jam\u00e1s alcanzado\u201d,<\/strong> en medio de la ofensiva tarifaria que el l\u00edder republicano viene librando desde principios de a\u00f1o con sus principales socios.<\/p>\n<p class=\"com-paragraph   --s\">\u201cAcabamos de cerrar un acuerdo enorme con Jap\u00f3n, quiz\u00e1s el mayor acuerdo jam\u00e1s alcanzado. Jap\u00f3n invertir\u00e1, bajo mi direcci\u00f3n, <strong>550.000 millones de d\u00f3lares en Estados Unidos,<\/strong> que recibir\u00e1 el 90% de los beneficios\u201d, se\u00f1al\u00f3 el presidente en su red Truth Social.<\/p>\n<div class=\"content-media\">\n<section role=\"button\" class=\"mod-media   \">\n<figure role=\"button\" class=\"mod-figure \"><figcaption class=\"mod-figcaption\"><span class=\"com-text --caption --twoxs\">Trump saluda en la Casa Blanca al primer ministro japon\u00e9s  Shigeru Ishiba en febrero de 2025<br \/>\n<\/span><span class=\"com-text --credit --twoxs\">Alex Brandon  &#8211; AP <\/span><\/figcaption><\/figure>\n<\/section>\n<\/div>\n<p class=\"com-paragraph   --s\">El acuerdo surgi\u00f3 tras una reuni\u00f3n con el principal negociador arancelario de Jap\u00f3n, <strong>Ryosei Akazawa,<\/strong> en la Casa Blanca, quien buscaba destrabar el problema arancelario. <\/p>\n<p class=\"com-paragraph   --s\">Akazawa viaj\u00f3 de visita a Washington para mantener nuevas conversaciones con Estados Unidos, ya que el gobierno nip\u00f3n esperaba cerrar un <strong>acuerdo antes de la fecha l\u00edmite del 1 de agosto<\/strong> que evitara el arancel de Trump del 25% sobre las importaciones procedentes de Jap\u00f3n.<\/p>\n<p class=\"com-paragraph   --s\">\u201cEste acuerdo crear\u00e1 cientos de miles de puestos de trabajo, algo sin precedentes. Quiz\u00e1s lo m\u00e1s importante es que <strong>Jap\u00f3n abrir\u00e1 su pa\u00eds al comercio, incluyendo autom\u00f3viles y camiones, arroz y otros productos agr\u00edcolas,<\/strong> entre otras cosas\u201d, a\u00f1adi\u00f3 Trump. <\/p>\n<p class=\"com-paragraph   --s\">\u201cJap\u00f3n pagar\u00e1 aranceles rec\u00edprocos a Estados Unidos del 15%. Este es un momento muy emocionante para Estados Unidos, <strong>especialmente por el hecho de que seguiremos manteniendo una excelente relaci\u00f3n con Jap\u00f3n.<\/strong> \u00a1Gracias por su atenci\u00f3n a este asunto!\u201d, concluy\u00f3.<\/p>\n<div class=\"content-media\">\n<section role=\"button\" class=\"mod-media   \">\n<figure role=\"button\" class=\"mod-figure \"><figcaption class=\"mod-figcaption\"><span class=\"com-text --caption --twoxs\">El presidente de Indonesia, Prabowo Subianto, durante una reciente visita a Brasil <\/span><span class=\"com-text --credit --twoxs\">EVARISTO SA &#8211; AFP<\/span><\/figcaption><\/figure>\n<\/section>\n<\/div>\n<p class=\"com-paragraph   --s\">Tambi\u00e9n este martes Indonesia acord\u00f3 eliminar los aranceles <strong>sobre m\u00e1s del 99% de los productos<\/strong> y todas las barreras no arancelarias para las empresas estadounidenses, mientras que Washington reducir\u00e1 los aranceles sobre los productos indonesios del 32% al 19%.<\/p>\n<p class=\"com-paragraph   --s\">Trump elogi\u00f3 el acuerdo -que se anunci\u00f3 por primera vez el 15 de julio- en una publicaci\u00f3n en Truth Social, calific\u00e1ndolo de <strong>\u201cgran victoria para nuestros fabricantes de autom\u00f3viles, empresas tecnol\u00f3gicas, trabajadores, agricultores y ganaderos\u201d.<\/strong><\/p>\n<p class=\"com-paragraph   --s\">Los detalles del marco del acuerdo se publicaron en <strong>una declaraci\u00f3n conjunta de ambos pa\u00edses<\/strong> y en una hoja informativa de la Casa Blanca. Los negociadores ultimar\u00e1n el acuerdo en las pr\u00f3ximas semanas.<\/p>\n<p class=\"com-paragraph   --s\">La tasa arancelaria de Estados Unidos sobre Indonesia, <strong>la mayor econom\u00eda del sudeste asi\u00e1tico,<\/strong> coincide con el 19% anunciado para Filipinas m\u00e1s temprano este martes. El tipo arancelario de Vietnam se ha fijado en el 20%.<\/p>\n<p class=\"com-paragraph   --s\">Los acuerdos con Jap\u00f3n e Indonesia <strong>son de los pocos alcanzados hasta ahora por el gobierno de Trump<\/strong> antes de la fecha l\u00edmite del 1 de agosto, cuando deben entrar en vigor aranceles m\u00e1s altos.<\/p>\n<p class=\"com-paragraph   --s\"><strong>Agencias AFP y Reuters<\/strong><\/p>\n<section class=\"container-center-100 mb-40 border border-bottom border-thin border-neutral-light-700\">\n<hr\/>\n<\/section>\n<\/div>\n\n","protected":false},"excerpt":{"rendered":"<p>WASHINGTON.- El presidente estadounidense, Donald Trump, anunci\u00f3 este martes haber alcanzado un acuerdo arancelario con Jap\u00f3n, que seg\u00fan el mandatario se trata \u201cquiz\u00e1s el mayor acuerdo jam\u00e1s alcanzado\u201d, en medio de la ofensiva tarifaria que el l\u00edder republicano viene librando desde principios de a\u00f1o con sus principales socios. \u201cAcabamos de cerrar un acuerdo enorme con [&hellip;]<\/p>\n","protected":false},"author":2,"featured_media":138597,"comment_status":"closed","ping_status":"closed","sticky":false,"template":"","format":"standard","meta":{"footnotes":""},"categories":[26],"tags":[],"class_list":["post-138596","post","type-post","status-publish","format-standard","has-post-thumbnail","hentry","category-internacionales"],"yoast_head":"<!-- This site is optimized with the Yoast SEO plugin v24.4 - https:\/\/yoast.com\/wordpress\/plugins\/seo\/ -->\n<title>Trump anuncia \u201cun enorme acuerdo\u201d comercial con Jap\u00f3n - GYS NOTICIAS |<\/title>\n<meta name=\"robots\" content=\"index, follow, max-snippet:-1, max-image-preview:large, max-video-preview:-1\" \/>\n<link rel=\"canonical\" href=\"https:\/\/gysfm.com.ar\/inicio\/trump-anuncia-un-enorme-acuerdo-comercial-con-japon\/\" \/>\n<meta property=\"og:locale\" content=\"es_ES\" \/>\n<meta property=\"og:type\" content=\"article\" \/>\n<meta property=\"og:title\" content=\"Trump anuncia \u201cun enorme acuerdo\u201d comercial con Jap\u00f3n - GYS NOTICIAS |\" \/>\n<meta property=\"og:description\" content=\"WASHINGTON.- El presidente estadounidense, Donald Trump, anunci\u00f3 este martes haber alcanzado un acuerdo arancelario con Jap\u00f3n, que seg\u00fan el mandatario se trata \u201cquiz\u00e1s el mayor acuerdo jam\u00e1s alcanzado\u201d, en medio de la ofensiva tarifaria que el l\u00edder republicano viene librando desde principios de a\u00f1o con sus principales socios. \u201cAcabamos de cerrar un acuerdo enorme con [&hellip;]\" \/>\n<meta property=\"og:url\" content=\"https:\/\/gysfm.com.ar\/inicio\/trump-anuncia-un-enorme-acuerdo-comercial-con-japon\/\" \/>\n<meta property=\"og:site_name\" content=\"GYS NOTICIAS |\" \/>\n<meta property=\"article:published_time\" content=\"2025-07-23T05:48:04+00:00\" \/>\n<meta property=\"article:modified_time\" content=\"2025-07-23T05:48:05+00:00\" \/>\n<meta property=\"og:image\" content=\"https:\/\/gysfm.com.ar\/inicio\/wp-content\/uploads\/2025\/07\/trump-durante-un-evento-en-YXVRQN2TABE6JIVBLOI4O6M5LE.jpg\" \/>\n\t<meta property=\"og:image:width\" content=\"1200\" \/>\n\t<meta property=\"og:image:height\" content=\"675\" \/>\n\t<meta property=\"og:image:type\" content=\"image\/jpeg\" \/>\n<meta name=\"author\" content=\"Prensa G&amp;S FM\" \/>\n<meta name=\"twitter:card\" content=\"summary_large_image\" \/>\n<meta name=\"twitter:label1\" content=\"Escrito por\" \/>\n\t<meta name=\"twitter:data1\" content=\"Prensa G&amp;S FM\" \/>\n\t<meta name=\"twitter:label2\" content=\"Tiempo de lectura\" \/>\n\t<meta name=\"twitter:data2\" content=\"2 minutos\" \/>\n<script type=\"application\/ld+json\" class=\"yoast-schema-graph\">{\"@context\":\"https:\/\/schema.org\",\"@graph\":[{\"@type\":\"Article\",\"@id\":\"https:\/\/gysfm.com.ar\/inicio\/trump-anuncia-un-enorme-acuerdo-comercial-con-japon\/#article\",\"isPartOf\":{\"@id\":\"https:\/\/gysfm.com.ar\/inicio\/trump-anuncia-un-enorme-acuerdo-comercial-con-japon\/\"},\"author\":{\"name\":\"Prensa G&amp;S FM\",\"@id\":\"https:\/\/gysfm.com.ar\/inicio\/#\/schema\/person\/3abba7593ef2ad19e1be221d54383dc5\"},\"headline\":\"Trump anuncia \u201cun enorme acuerdo\u201d comercial con Jap\u00f3n\",\"datePublished\":\"2025-07-23T05:48:04+00:00\",\"dateModified\":\"2025-07-23T05:48:05+00:00\",\"mainEntityOfPage\":{\"@id\":\"https:\/\/gysfm.com.ar\/inicio\/trump-anuncia-un-enorme-acuerdo-comercial-con-japon\/\"},\"wordCount\":501,\"publisher\":{\"@id\":\"https:\/\/gysfm.com.ar\/inicio\/#organization\"},\"image\":{\"@id\":\"https:\/\/gysfm.com.ar\/inicio\/trump-anuncia-un-enorme-acuerdo-comercial-con-japon\/#primaryimage\"},\"thumbnailUrl\":\"https:\/\/gysfm.com.ar\/inicio\/wp-content\/uploads\/2025\/07\/trump-durante-un-evento-en-YXVRQN2TABE6JIVBLOI4O6M5LE.jpg\",\"articleSection\":[\"INTERNACIONALES\"],\"inLanguage\":\"es\"},{\"@type\":\"WebPage\",\"@id\":\"https:\/\/gysfm.com.ar\/inicio\/trump-anuncia-un-enorme-acuerdo-comercial-con-japon\/\",\"url\":\"https:\/\/gysfm.com.ar\/inicio\/trump-anuncia-un-enorme-acuerdo-comercial-con-japon\/\",\"name\":\"Trump anuncia \u201cun enorme acuerdo\u201d comercial con Jap\u00f3n - GYS NOTICIAS |\",\"isPartOf\":{\"@id\":\"https:\/\/gysfm.com.ar\/inicio\/#website\"},\"primaryImageOfPage\":{\"@id\":\"https:\/\/gysfm.com.ar\/inicio\/trump-anuncia-un-enorme-acuerdo-comercial-con-japon\/#primaryimage\"},\"image\":{\"@id\":\"https:\/\/gysfm.com.ar\/inicio\/trump-anuncia-un-enorme-acuerdo-comercial-con-japon\/#primaryimage\"},\"thumbnailUrl\":\"https:\/\/gysfm.com.ar\/inicio\/wp-content\/uploads\/2025\/07\/trump-durante-un-evento-en-YXVRQN2TABE6JIVBLOI4O6M5LE.jpg\",\"datePublished\":\"2025-07-23T05:48:04+00:00\",\"dateModified\":\"2025-07-23T05:48:05+00:00\",\"breadcrumb\":{\"@id\":\"https:\/\/gysfm.com.ar\/inicio\/trump-anuncia-un-enorme-acuerdo-comercial-con-japon\/#breadcrumb\"},\"inLanguage\":\"es\",\"potentialAction\":[{\"@type\":\"ReadAction\",\"target\":[\"https:\/\/gysfm.com.ar\/inicio\/trump-anuncia-un-enorme-acuerdo-comercial-con-japon\/\"]}]},{\"@type\":\"ImageObject\",\"inLanguage\":\"es\",\"@id\":\"https:\/\/gysfm.com.ar\/inicio\/trump-anuncia-un-enorme-acuerdo-comercial-con-japon\/#primaryimage\",\"url\":\"https:\/\/gysfm.com.ar\/inicio\/wp-content\/uploads\/2025\/07\/trump-durante-un-evento-en-YXVRQN2TABE6JIVBLOI4O6M5LE.jpg\",\"contentUrl\":\"https:\/\/gysfm.com.ar\/inicio\/wp-content\/uploads\/2025\/07\/trump-durante-un-evento-en-YXVRQN2TABE6JIVBLOI4O6M5LE.jpg\",\"width\":1200,\"height\":675},{\"@type\":\"BreadcrumbList\",\"@id\":\"https:\/\/gysfm.com.ar\/inicio\/trump-anuncia-un-enorme-acuerdo-comercial-con-japon\/#breadcrumb\",\"itemListElement\":[{\"@type\":\"ListItem\",\"position\":1,\"name\":\"Portada\",\"item\":\"https:\/\/gysfm.com.ar\/inicio\/\"},{\"@type\":\"ListItem\",\"position\":2,\"name\":\"Trump anuncia \u201cun enorme acuerdo\u201d comercial con Jap\u00f3n\"}]},{\"@type\":\"WebSite\",\"@id\":\"https:\/\/gysfm.com.ar\/inicio\/#website\",\"url\":\"https:\/\/gysfm.com.ar\/inicio\/\",\"name\":\"GYS NOTICIAS |\",\"description\":\"DIARIO - RADIO ONLINE SAN JUAN ARGENTINA\",\"publisher\":{\"@id\":\"https:\/\/gysfm.com.ar\/inicio\/#organization\"},\"potentialAction\":[{\"@type\":\"SearchAction\",\"target\":{\"@type\":\"EntryPoint\",\"urlTemplate\":\"https:\/\/gysfm.com.ar\/inicio\/?s={search_term_string}\"},\"query-input\":{\"@type\":\"PropertyValueSpecification\",\"valueRequired\":true,\"valueName\":\"search_term_string\"}}],\"inLanguage\":\"es\"},{\"@type\":\"Organization\",\"@id\":\"https:\/\/gysfm.com.ar\/inicio\/#organization\",\"name\":\"GYS NOTICIAS |\",\"url\":\"https:\/\/gysfm.com.ar\/inicio\/\",\"logo\":{\"@type\":\"ImageObject\",\"inLanguage\":\"es\",\"@id\":\"https:\/\/gysfm.com.ar\/inicio\/#\/schema\/logo\/image\/\",\"url\":\"https:\/\/gysfm.com.ar\/inicio\/wp-content\/uploads\/2023\/07\/LOGOGYS-OK.png\",\"contentUrl\":\"https:\/\/gysfm.com.ar\/inicio\/wp-content\/uploads\/2023\/07\/LOGOGYS-OK.png\",\"width\":1170,\"height\":872,\"caption\":\"GYS NOTICIAS |\"},\"image\":{\"@id\":\"https:\/\/gysfm.com.ar\/inicio\/#\/schema\/logo\/image\/\"}},{\"@type\":\"Person\",\"@id\":\"https:\/\/gysfm.com.ar\/inicio\/#\/schema\/person\/3abba7593ef2ad19e1be221d54383dc5\",\"name\":\"Prensa G&amp;S FM\",\"image\":{\"@type\":\"ImageObject\",\"inLanguage\":\"es\",\"@id\":\"https:\/\/gysfm.com.ar\/inicio\/#\/schema\/person\/image\/\",\"url\":\"https:\/\/secure.gravatar.com\/avatar\/096ec78df02049ab018702bb4ccedf659377fa92a26540b5247612077a0dbd29?s=96&d=mm&r=g\",\"contentUrl\":\"https:\/\/secure.gravatar.com\/avatar\/096ec78df02049ab018702bb4ccedf659377fa92a26540b5247612077a0dbd29?s=96&d=mm&r=g\",\"caption\":\"Prensa G&amp;S FM\"},\"sameAs\":[\"https:\/\/gysfm.com.ar\/\"],\"url\":\"https:\/\/gysfm.com.ar\/inicio\/author\/lucasm\/\"}]}<\/script>\n<!-- \/ Yoast SEO plugin. -->","yoast_head_json":{"title":"Trump anuncia \u201cun enorme acuerdo\u201d comercial con Jap\u00f3n - GYS NOTICIAS |","robots":{"index":"index","follow":"follow","max-snippet":"max-snippet:-1","max-image-preview":"max-image-preview:large","max-video-preview":"max-video-preview:-1"},"canonical":"https:\/\/gysfm.com.ar\/inicio\/trump-anuncia-un-enorme-acuerdo-comercial-con-japon\/","og_locale":"es_ES","og_type":"article","og_title":"Trump anuncia \u201cun enorme acuerdo\u201d comercial con Jap\u00f3n - GYS NOTICIAS |","og_description":"WASHINGTON.- El presidente estadounidense, Donald Trump, anunci\u00f3 este martes haber alcanzado un acuerdo arancelario con Jap\u00f3n, que seg\u00fan el mandatario se trata \u201cquiz\u00e1s el mayor acuerdo jam\u00e1s alcanzado\u201d, en medio de la ofensiva tarifaria que el l\u00edder republicano viene librando desde principios de a\u00f1o con sus principales socios. \u201cAcabamos de cerrar un acuerdo enorme con [&hellip;]","og_url":"https:\/\/gysfm.com.ar\/inicio\/trump-anuncia-un-enorme-acuerdo-comercial-con-japon\/","og_site_name":"GYS NOTICIAS |","article_published_time":"2025-07-23T05:48:04+00:00","article_modified_time":"2025-07-23T05:48:05+00:00","og_image":[{"width":1200,"height":675,"url":"https:\/\/gysfm.com.ar\/inicio\/wp-content\/uploads\/2025\/07\/trump-durante-un-evento-en-YXVRQN2TABE6JIVBLOI4O6M5LE.jpg","type":"image\/jpeg"}],"author":"Prensa G&amp;S FM","twitter_card":"summary_large_image","twitter_misc":{"Escrito por":"Prensa G&amp;S FM","Tiempo de lectura":"2 minutos"},"schema":{"@context":"https:\/\/schema.org","@graph":[{"@type":"Article","@id":"https:\/\/gysfm.com.ar\/inicio\/trump-anuncia-un-enorme-acuerdo-comercial-con-japon\/#article","isPartOf":{"@id":"https:\/\/gysfm.com.ar\/inicio\/trump-anuncia-un-enorme-acuerdo-comercial-con-japon\/"},"author":{"name":"Prensa G&amp;S FM","@id":"https:\/\/gysfm.com.ar\/inicio\/#\/schema\/person\/3abba7593ef2ad19e1be221d54383dc5"},"headline":"Trump anuncia \u201cun enorme acuerdo\u201d comercial con Jap\u00f3n","datePublished":"2025-07-23T05:48:04+00:00","dateModified":"2025-07-23T05:48:05+00:00","mainEntityOfPage":{"@id":"https:\/\/gysfm.com.ar\/inicio\/trump-anuncia-un-enorme-acuerdo-comercial-con-japon\/"},"wordCount":501,"publisher":{"@id":"https:\/\/gysfm.com.ar\/inicio\/#organization"},"image":{"@id":"https:\/\/gysfm.com.ar\/inicio\/trump-anuncia-un-enorme-acuerdo-comercial-con-japon\/#primaryimage"},"thumbnailUrl":"https:\/\/gysfm.com.ar\/inicio\/wp-content\/uploads\/2025\/07\/trump-durante-un-evento-en-YXVRQN2TABE6JIVBLOI4O6M5LE.jpg","articleSection":["INTERNACIONALES"],"inLanguage":"es"},{"@type":"WebPage","@id":"https:\/\/gysfm.com.ar\/inicio\/trump-anuncia-un-enorme-acuerdo-comercial-con-japon\/","url":"https:\/\/gysfm.com.ar\/inicio\/trump-anuncia-un-enorme-acuerdo-comercial-con-japon\/","name":"Trump anuncia \u201cun enorme acuerdo\u201d comercial con Jap\u00f3n - GYS NOTICIAS |","isPartOf":{"@id":"https:\/\/gysfm.com.ar\/inicio\/#website"},"primaryImageOfPage":{"@id":"https:\/\/gysfm.com.ar\/inicio\/trump-anuncia-un-enorme-acuerdo-comercial-con-japon\/#primaryimage"},"image":{"@id":"https:\/\/gysfm.com.ar\/inicio\/trump-anuncia-un-enorme-acuerdo-comercial-con-japon\/#primaryimage"},"thumbnailUrl":"https:\/\/gysfm.com.ar\/inicio\/wp-content\/uploads\/2025\/07\/trump-durante-un-evento-en-YXVRQN2TABE6JIVBLOI4O6M5LE.jpg","datePublished":"2025-07-23T05:48:04+00:00","dateModified":"2025-07-23T05:48:05+00:00","breadcrumb":{"@id":"https:\/\/gysfm.com.ar\/inicio\/trump-anuncia-un-enorme-acuerdo-comercial-con-japon\/#breadcrumb"},"inLanguage":"es","potentialAction":[{"@type":"ReadAction","target":["https:\/\/gysfm.com.ar\/inicio\/trump-anuncia-un-enorme-acuerdo-comercial-con-japon\/"]}]},{"@type":"ImageObject","inLanguage":"es","@id":"https:\/\/gysfm.com.ar\/inicio\/trump-anuncia-un-enorme-acuerdo-comercial-con-japon\/#primaryimage","url":"https:\/\/gysfm.com.ar\/inicio\/wp-content\/uploads\/2025\/07\/trump-durante-un-evento-en-YXVRQN2TABE6JIVBLOI4O6M5LE.jpg","contentUrl":"https:\/\/gysfm.com.ar\/inicio\/wp-content\/uploads\/2025\/07\/trump-durante-un-evento-en-YXVRQN2TABE6JIVBLOI4O6M5LE.jpg","width":1200,"height":675},{"@type":"BreadcrumbList","@id":"https:\/\/gysfm.com.ar\/inicio\/trump-anuncia-un-enorme-acuerdo-comercial-con-japon\/#breadcrumb","itemListElement":[{"@type":"ListItem","position":1,"name":"Portada","item":"https:\/\/gysfm.com.ar\/inicio\/"},{"@type":"ListItem","position":2,"name":"Trump anuncia \u201cun enorme acuerdo\u201d comercial con Jap\u00f3n"}]},{"@type":"WebSite","@id":"https:\/\/gysfm.com.ar\/inicio\/#website","url":"https:\/\/gysfm.com.ar\/inicio\/","name":"GYS NOTICIAS |","description":"DIARIO - RADIO ONLINE SAN JUAN ARGENTINA","publisher":{"@id":"https:\/\/gysfm.com.ar\/inicio\/#organization"},"potentialAction":[{"@type":"SearchAction","target":{"@type":"EntryPoint","urlTemplate":"https:\/\/gysfm.com.ar\/inicio\/?s={search_term_string}"},"query-input":{"@type":"PropertyValueSpecification","valueRequired":true,"valueName":"search_term_string"}}],"inLanguage":"es"},{"@type":"Organization","@id":"https:\/\/gysfm.com.ar\/inicio\/#organization","name":"GYS NOTICIAS |","url":"https:\/\/gysfm.com.ar\/inicio\/","logo":{"@type":"ImageObject","inLanguage":"es","@id":"https:\/\/gysfm.com.ar\/inicio\/#\/schema\/logo\/image\/","url":"https:\/\/gysfm.com.ar\/inicio\/wp-content\/uploads\/2023\/07\/LOGOGYS-OK.png","contentUrl":"https:\/\/gysfm.com.ar\/inicio\/wp-content\/uploads\/2023\/07\/LOGOGYS-OK.png","width":1170,"height":872,"caption":"GYS NOTICIAS |"},"image":{"@id":"https:\/\/gysfm.com.ar\/inicio\/#\/schema\/logo\/image\/"}},{"@type":"Person","@id":"https:\/\/gysfm.com.ar\/inicio\/#\/schema\/person\/3abba7593ef2ad19e1be221d54383dc5","name":"Prensa G&amp;S FM","image":{"@type":"ImageObject","inLanguage":"es","@id":"https:\/\/gysfm.com.ar\/inicio\/#\/schema\/person\/image\/","url":"https:\/\/secure.gravatar.com\/avatar\/096ec78df02049ab018702bb4ccedf659377fa92a26540b5247612077a0dbd29?s=96&d=mm&r=g","contentUrl":"https:\/\/secure.gravatar.com\/avatar\/096ec78df02049ab018702bb4ccedf659377fa92a26540b5247612077a0dbd29?s=96&d=mm&r=g","caption":"Prensa G&amp;S FM"},"sameAs":["https:\/\/gysfm.com.ar\/"],"url":"https:\/\/gysfm.com.ar\/inicio\/author\/lucasm\/"}]}},"_links":{"self":[{"href":"https:\/\/gysfm.com.ar\/inicio\/wp-json\/wp\/v2\/posts\/138596","targetHints":{"allow":["GET"]}}],"collection":[{"href":"https:\/\/gysfm.com.ar\/inicio\/wp-json\/wp\/v2\/posts"}],"about":[{"href":"https:\/\/gysfm.com.ar\/inicio\/wp-json\/wp\/v2\/types\/post"}],"author":[{"embeddable":true,"href":"https:\/\/gysfm.com.ar\/inicio\/wp-json\/wp\/v2\/users\/2"}],"replies":[{"embeddable":true,"href":"https:\/\/gysfm.com.ar\/inicio\/wp-json\/wp\/v2\/comments?post=138596"}],"version-history":[{"count":1,"href":"https:\/\/gysfm.com.ar\/inicio\/wp-json\/wp\/v2\/posts\/138596\/revisions"}],"predecessor-version":[{"id":138598,"href":"https:\/\/gysfm.com.ar\/inicio\/wp-json\/wp\/v2\/posts\/138596\/revisions\/138598"}],"wp:featuredmedia":[{"embeddable":true,"href":"https:\/\/gysfm.com.ar\/inicio\/wp-json\/wp\/v2\/media\/138597"}],"wp:attachment":[{"href":"https:\/\/gysfm.com.ar\/inicio\/wp-json\/wp\/v2\/media?parent=138596"}],"wp:term":[{"taxonomy":"category","embeddable":true,"href":"https:\/\/gysfm.com.ar\/inicio\/wp-json\/wp\/v2\/categories?post=138596"},{"taxonomy":"post_tag","embeddable":true,"href":"https:\/\/gysfm.com.ar\/inicio\/wp-json\/wp\/v2\/tags?post=138596"}],"curies":[{"name":"wp","href":"https:\/\/api.w.org\/{rel}","templated":true}]}}