{"id":138594,"date":"2025-07-23T02:44:05","date_gmt":"2025-07-23T05:44:05","guid":{"rendered":"https:\/\/gysfm.com.ar\/inicio\/ofrecen-una-suma-millonaria-para-capturar-al-lider-de-los-menores-de-rosario\/"},"modified":"2025-07-23T02:44:05","modified_gmt":"2025-07-23T05:44:05","slug":"ofrecen-una-suma-millonaria-para-capturar-al-lider-de-los-menores-de-rosario","status":"publish","type":"post","link":"https:\/\/gysfm.com.ar\/inicio\/ofrecen-una-suma-millonaria-para-capturar-al-lider-de-los-menores-de-rosario\/","title":{"rendered":"Ofrecen una suma millonaria para capturar al l\u00edder de \u00abLos Menores\u00bb de Rosario"},"content":{"rendered":"<p><\/p>\n<div id=\"article-content\">\n<p>El Gobierno Nacional ofreci\u00f3 una <strong>recompensa millonaria<\/strong> para encontrar y capturar a <strong>Mat\u00edas Ignacio Gazzani<\/strong>, apuntado como el presunto l\u00edder del grupo criminal conocido como <strong><a target=\"_blank\" href=\"https:\/\/www.perfil.com\/noticias\/policia\/cayo-un-narco-de-altisimo-perfil-vinculado-a-balaceras-y-bandas-criminales-en-rosario.phtml\">\u201cLa Banda de los Menores\u201d<\/a> <\/strong>y uno de los narcos m\u00e1s buscados de<strong> Rosario<\/strong>. El joven est\u00e1 acusado de estar involucrado en <strong>balaceras y tr\u00e1fico de estupefacientes<\/strong>, adem\u00e1s de otros delitos, como el crimen de exjefe de la barrabrava de Rosario Central, <a target=\"_blank\" href=\"https:\/\/www.perfil.com\/noticias\/policia\/si-me-matan-la-ciudad-se-incendia-la-advertencia-de-andres-pillin-bracamonte-antes-de-la-suba-del-crimen-en-rosario.phtml\"><strong>Andr\u00e9s \u201cPill\u00edn\u201d Bracamonte<\/strong><\/a>.<\/p>\n<p>As\u00ed se indica en la<a target=\"_blank\" href=\"https:\/\/www.boletinoficial.gob.ar\/detalleAviso\/primera\/328694\/20250722\"> <\/a><strong><a target=\"_blank\" href=\"https:\/\/www.boletinoficial.gob.ar\/detalleAviso\/primera\/328694\/20250722\">Resoluci\u00f3n 891\/2025<\/a>, <\/strong>publicada este martes en el Bolet\u00edn Oficial, que informa que se brinda como recompensa, dentro del territorio de la Rep\u00fablica Argentina, la suma de <strong>10 millones de pesos<\/strong> \u201cdestinada a aquellas personas que, sin haber intervenido en los hechos delictuales, brinden datos \u00fatiles que permitan lograr<strong> la captura de Mat\u00edas Ignacio Gazzani<\/strong>\u201d.<\/p>\n<p class=\"destacadoNota\"><a target=\"_blank\" href=\"https:\/\/www.perfil.com\/noticias\/policia\/cayo-un-criminal-de-18-anos-de-alto-perfil-vinculado-al-crimen-del-exjefe-de-la-barra-de-rosario-central.phtml\">Cay\u00f3 un criminal de 18 a\u00f1os de \u00abalto perfil\u00bb, vinculado al crimen del exjefe de la barra de Rosario Central<\/a><\/p>\n<div class=\"subscription\">\n<p>\n        Esto no les gusta a los autoritarios\n    <\/p>\n<div class=\"subscription__container\">\n<div class=\"subscription__text-wrapper\">\n<p>\n                El ejercicio del periodismo profesional y cr\u00edtico es un pilar fundamental de la democracia. Por eso molesta a quienes creen ser los due\u00f1os de la verdad.\n            <\/p>\n<\/p><\/div><\/div>\n<\/div>\n<p>El sospechoso de 29 a\u00f1os, sobre quien pesa una <strong>orden de captura nacional<\/strong> desde el 5 de mayo pasado, es se\u00f1alado como el cabecilla de la organizaci\u00f3n que lleva ese nombre porque su estructura est\u00e1 conformada, en su mayor\u00eda, por<strong> j\u00f3venes de corta edad<\/strong> o incluso menores, acusados de realizar <strong>extorsiones, amenazas armadas<\/strong> y ajustes de cuenta.<\/p>\n<p>Adem\u00e1s, se comunic\u00f3 que la organizaci\u00f3n se dedica a <strong>actividades de narcotr\u00e1fico <\/strong>en la ciudad santafesina de Rosario, en particular en el barrio 7 de septiembre y sus aleda\u00f1os. Al mismo tiempo, se estima que Gazzani es<strong> <\/strong>una persona con <a target=\"_blank\" href=\"https:\/\/www.perfil.com\/noticias\/cordoba\/alicio-dagatti-seguira-preso-pero-desencadeno-una-guerra-entre-un-fiscal-y-el-juez-de-control.phtml\">fuertes vinculaciones a <strong>Pablo Nicol\u00e1s Camino<\/strong><\/a>, jefe de una c\u00e9lula de \u00abLos Monos\u00bb, y con otra banda narco conocida como la<strong> \u00abMafilia\u00bb<\/strong>.<\/p>\n<p style=\"text-align:center\"><picture><source media=\"(max-width: 440px)\" srcset=\"https:\/\/fotos.perfil.com\/\/2025\/07\/22\/440\/0\/el-gobierno-ofrece-una-recompensa-por-el-lider-de-la-banda-de-los-menores-de-rosario-20250722-2066016.jpg?webp\"\/><source media=\"(max-width: 1019px)\" srcset=\"https:\/\/fotos.perfil.com\/\/2025\/07\/22\/712\/0\/el-gobierno-ofrece-una-recompensa-por-el-lider-de-la-banda-de-los-menores-de-rosario-20250722-2066016.jpg?webp\"\/><img decoding=\"async\" style=\"max-width: 100%; width: 100%;\" alt=\"El Gobierno ofrece una recompensa por el l\u00edder de la banda de \" src=\"https:\/\/fotos.perfil.com\/\/2025\/07\/22\/900\/0\/el-gobierno-ofrece-una-recompensa-por-el-lider-de-la-banda-de-los-menores-de-rosario-20250722-2066016.jpg?webp\" loading=\"lazy\"\/><\/picture><\/p>\n<p>Con el objetivo de llegar a la detenci\u00f3n del sospechoso, el documento oficial explica que posee las siguientes caracter\u00edsticas: \u00abcontextura f\u00edsica delgada, de <strong>aproximadamente 1.72 mts. de altura, pelo oscuro y lacio, ojos oscuros<\/strong>, orejas prominentes con perforaciones en ambos l\u00f3bulos\u00bb.<\/p>\n<p>En esa l\u00ednea, a\u00f1ade: \u201cQuienes cuenten con informaci\u00f3n podr\u00e1n comunicarse telef\u00f3nicamente a la <strong>l\u00ednea gratuita 134<\/strong> del <a target=\"_blank\" href=\"https:\/\/www.perfil.com\/noticias\/policia\/cayo-un-narco-de-altisimo-perfil-vinculado-a-balaceras-y-bandas-criminales-en-rosario.phtml\">Programa Nacional De Recompensas<\/a>\u201d.<\/p>\n<p>La resoluci\u00f3n aclara que el pago de la suma ser\u00e1 realizado en el <strong>Ministerio de Seguridad Nacional<\/strong> o en el lugar que designe la ministra a cargo de esa cartera, <strong>Patricia Bullrich<\/strong>, una vez que el representante de la autoridad interviniente informe acerca del <strong>m\u00e9rito de los datos<\/strong> aportados y \u00aba fin de preservar la identidad del aportante\u201d.<\/p>\n<h2>Qui\u00e9n es Mat\u00edas Gazzani, el narco buscado en Rosario<\/h2>\n<p>Seg\u00fan los investigadores, Gazzani comenz\u00f3 a tomar notoriedad en la zona del barrio 7 de Septiembre en 2021, cuando desplaz\u00f3 a Gustavo \u201cToro\u201d Martinotti -tambi\u00e9n relacionado con \u00abLos Monos\u00bb, de ese sector que se encuentra en el noroeste rosarino. Hace un a\u00f1o, cuando su apellido empez\u00f3 a sonar por el doble crimen de <a target=\"_blank\" href=\"https:\/\/www.perfil.com\/noticias\/actualidad\/bracamonte-los-monos-alvarado-rosario-barrabrava-de-rosario-central.phtml\"><strong>\u00abPill\u00edn\u00bb Bracamonte<\/strong> y <strong>Daniel \u201cRana\u201d Attardo<\/strong><\/a>, las autoridades lo ubicaron lejos de la escena del crimen<strong> <\/strong>pero cerca de una <strong>red de alianzas<\/strong> con criminales de peso.<\/p>\n<p>Paralelamente, \u00abLos Menores\u00bb habr\u00edan ido ampliando<strong> su base operacional de venta de droga <\/strong>y se extendieron a los barrios Ema\u00fas, Hostal del Sol, y Stella Maris, entre otros, todos ellos en el distrito noroeste.<\/p>\n<div style=\"text-align:center\">\n<figure class=\"image\" style=\"display:inline-block\"><picture><source media=\"(max-width: 440px)\" srcset=\"https:\/\/fotos.perfil.com\/\/2024\/11\/15\/440\/0\/andres-bracamonte-1912596.jpg?webp\"\/><source media=\"(max-width: 1019px)\" srcset=\"https:\/\/fotos.perfil.com\/\/2024\/11\/15\/712\/0\/andres-bracamonte-1912596.jpg?webp\"\/><img decoding=\"async\" style=\"max-width: 100%; width: 100%;\" alt=\"Andres Bracamonte\" src=\"https:\/\/fotos.perfil.com\/\/2024\/11\/15\/900\/0\/andres-bracamonte-1912596.jpg?webp\" loading=\"lazy\"\/><\/picture><figcaption>Andr\u00e9s \u00abPill\u00edn\u00bb Bracamonte, exjefe de la barra de Rosario Central.<\/figcaption><\/figure>\n<\/p><\/div>\n<p>Gazzani aparece junto a otros sospechosos, algunos de ellos imputados y otros condenados, como <strong>Mauricio Ayala<\/strong>, que cay\u00f3<strong> <\/strong>en junio \u00faltimo en un operativo de la Central de Inteligencia de Santa Fe, en la ciudad de Rold\u00e1n. Ayala era calificado como un objetivo de \u00abalt\u00edsimo perfil\u00bb y fue sentenciado por<strong> tentativa de homicidio simple<\/strong> agravado por el uso de arma de fuego y <strong>portaci\u00f3n ilegal<\/strong> de un arma de guerra.<\/p>\n<p>Otro de ellos es <strong>Mirko Ben\u00edtez<\/strong>, mejor conocido como<strong> \u00abMirko Yedro\u00bb, <\/strong>un pr\u00f3fugo de 18 a\u00f1os detenido en Rosario por la <strong>Unidad de Capturas de \u00abAlto Perfil\u00bb<\/strong> y la Central de Inteligencia de la Polic\u00eda santafesina. La causa por amenazas y balaceras en la que est\u00e1 involucrado es la misma en la que figura Ayala, y fue mencionado en los <a target=\"_blank\" href=\"https:\/\/www.perfil.com\/noticias\/actualidad\/asesinaron-a-tiros-andres-pillin-bracamonte-el-jefe-de-la-barrabrava-de-rosario-central.phtml\">asesinatos de Bracamonte y Attardo<\/a>, ocurridos cerca de la esquina del <strong>Boulevard Avellaneda y Del Valle Ibarlucea<\/strong>, en las inmediaciones del \u00abGigante de Arroyito\u00bb, estadio de Central, en noviembre de 2024.<\/p>\n<p><strong>El ataque a balazos<\/strong> sucedi\u00f3 luego del partido entre el \u00abCanalla\u00bb y San Lorenzo, cuando los l\u00edderes de la barra estaban dentro de una camioneta blanca; y desde un primer momento se especul\u00f3 en que los autores ser\u00edan miembros de \u00abLa Banda de los Menores\u00bb.<\/p>\n<p>FP \/ Gi<\/p>\n<\/p><\/div>\n<p><script>\n                !function(f,b,e,v,n,t,s)\n                {if(f.fbq)return;n=f.fbq=function(){n.callMethod?\n                    n.callMethod.apply(n,arguments):n.queue.push(arguments)};\n                    if(!f._fbq)f._fbq=n;n.push=n;n.loaded=!0;n.version='2.0';\n                    n.queue=[];t=b.createElement(e);t.async=!0;\n                    t.src=v;s=b.getElementsByTagName(e)[0];\n                    s.parentNode.insertBefore(t,s)}(window, document,'script',\n                    'https:\/\/connect.facebook.net\/en_US\/fbevents.js');\n                window.paywallConfig.facebook_pixel=\"1000228364089342\"\n            <\/script><\/p>\n","protected":false},"excerpt":{"rendered":"<p>El Gobierno Nacional ofreci\u00f3 una recompensa millonaria para encontrar y capturar a Mat\u00edas Ignacio Gazzani, apuntado como el presunto l\u00edder del grupo criminal conocido como \u201cLa Banda de los Menores\u201d y uno de los narcos m\u00e1s buscados de Rosario. El joven est\u00e1 acusado de estar involucrado en balaceras y tr\u00e1fico de estupefacientes, adem\u00e1s de otros [&hellip;]<\/p>\n","protected":false},"author":2,"featured_media":138595,"comment_status":"closed","ping_status":"closed","sticky":false,"template":"","format":"standard","meta":{"footnotes":""},"categories":[25],"tags":[],"class_list":["post-138594","post","type-post","status-publish","format-standard","has-post-thumbnail","hentry","category-nacionales"],"yoast_head":"<!-- This site is optimized with the Yoast SEO plugin v24.4 - https:\/\/yoast.com\/wordpress\/plugins\/seo\/ -->\n<title>Ofrecen una suma millonaria para capturar al l\u00edder de &quot;Los Menores&quot; de Rosario - GYS NOTICIAS |<\/title>\n<meta name=\"robots\" content=\"index, follow, max-snippet:-1, max-image-preview:large, max-video-preview:-1\" \/>\n<link rel=\"canonical\" href=\"https:\/\/gysfm.com.ar\/inicio\/ofrecen-una-suma-millonaria-para-capturar-al-lider-de-los-menores-de-rosario\/\" \/>\n<meta property=\"og:locale\" content=\"es_ES\" \/>\n<meta property=\"og:type\" content=\"article\" \/>\n<meta property=\"og:title\" content=\"Ofrecen una suma millonaria para capturar al l\u00edder de &quot;Los Menores&quot; de Rosario - GYS NOTICIAS |\" \/>\n<meta property=\"og:description\" content=\"El Gobierno Nacional ofreci\u00f3 una recompensa millonaria para encontrar y capturar a Mat\u00edas Ignacio Gazzani, apuntado como el presunto l\u00edder del grupo criminal conocido como \u201cLa Banda de los Menores\u201d y uno de los narcos m\u00e1s buscados de Rosario. El joven est\u00e1 acusado de estar involucrado en balaceras y tr\u00e1fico de estupefacientes, adem\u00e1s de otros [&hellip;]\" \/>\n<meta property=\"og:url\" content=\"https:\/\/gysfm.com.ar\/inicio\/ofrecen-una-suma-millonaria-para-capturar-al-lider-de-los-menores-de-rosario\/\" \/>\n<meta property=\"og:site_name\" content=\"GYS NOTICIAS |\" \/>\n<meta property=\"article:published_time\" content=\"2025-07-23T05:44:05+00:00\" \/>\n<meta property=\"og:image\" content=\"https:\/\/fotos.perfil.com\/\/2025\/07\/22\/900\/0\/el-gobierno-ofrece-una-recompensa-por-el-lider-de-la-banda-de-los-menores-de-rosario-20250722-2066016.jpg?webp\" \/>\n<meta name=\"author\" content=\"Prensa G&amp;S FM\" \/>\n<meta name=\"twitter:card\" content=\"summary_large_image\" \/>\n<meta name=\"twitter:label1\" content=\"Escrito por\" \/>\n\t<meta name=\"twitter:data1\" content=\"Prensa G&amp;S FM\" \/>\n\t<meta name=\"twitter:label2\" content=\"Tiempo de lectura\" \/>\n\t<meta name=\"twitter:data2\" content=\"4 minutos\" \/>\n<script type=\"application\/ld+json\" class=\"yoast-schema-graph\">{\"@context\":\"https:\/\/schema.org\",\"@graph\":[{\"@type\":\"Article\",\"@id\":\"https:\/\/gysfm.com.ar\/inicio\/ofrecen-una-suma-millonaria-para-capturar-al-lider-de-los-menores-de-rosario\/#article\",\"isPartOf\":{\"@id\":\"https:\/\/gysfm.com.ar\/inicio\/ofrecen-una-suma-millonaria-para-capturar-al-lider-de-los-menores-de-rosario\/\"},\"author\":{\"name\":\"Prensa G&amp;S FM\",\"@id\":\"https:\/\/gysfm.com.ar\/inicio\/#\/schema\/person\/3abba7593ef2ad19e1be221d54383dc5\"},\"headline\":\"Ofrecen una suma millonaria para capturar al l\u00edder de \u00abLos Menores\u00bb de Rosario\",\"datePublished\":\"2025-07-23T05:44:05+00:00\",\"mainEntityOfPage\":{\"@id\":\"https:\/\/gysfm.com.ar\/inicio\/ofrecen-una-suma-millonaria-para-capturar-al-lider-de-los-menores-de-rosario\/\"},\"wordCount\":820,\"publisher\":{\"@id\":\"https:\/\/gysfm.com.ar\/inicio\/#organization\"},\"image\":{\"@id\":\"https:\/\/gysfm.com.ar\/inicio\/ofrecen-una-suma-millonaria-para-capturar-al-lider-de-los-menores-de-rosario\/#primaryimage\"},\"thumbnailUrl\":\"https:\/\/gysfm.com.ar\/inicio\/wp-content\/uploads\/2025\/07\/el-gobierno-ofrece-una-recompensa-por-el-lider-de-la-banda-de-los-menores-de-rosario-20250722-206601.jpeg\",\"articleSection\":[\"NACIONALES\"],\"inLanguage\":\"es\"},{\"@type\":\"WebPage\",\"@id\":\"https:\/\/gysfm.com.ar\/inicio\/ofrecen-una-suma-millonaria-para-capturar-al-lider-de-los-menores-de-rosario\/\",\"url\":\"https:\/\/gysfm.com.ar\/inicio\/ofrecen-una-suma-millonaria-para-capturar-al-lider-de-los-menores-de-rosario\/\",\"name\":\"Ofrecen una suma millonaria para capturar al l\u00edder de \\\"Los Menores\\\" de Rosario - GYS NOTICIAS |\",\"isPartOf\":{\"@id\":\"https:\/\/gysfm.com.ar\/inicio\/#website\"},\"primaryImageOfPage\":{\"@id\":\"https:\/\/gysfm.com.ar\/inicio\/ofrecen-una-suma-millonaria-para-capturar-al-lider-de-los-menores-de-rosario\/#primaryimage\"},\"image\":{\"@id\":\"https:\/\/gysfm.com.ar\/inicio\/ofrecen-una-suma-millonaria-para-capturar-al-lider-de-los-menores-de-rosario\/#primaryimage\"},\"thumbnailUrl\":\"https:\/\/gysfm.com.ar\/inicio\/wp-content\/uploads\/2025\/07\/el-gobierno-ofrece-una-recompensa-por-el-lider-de-la-banda-de-los-menores-de-rosario-20250722-206601.jpeg\",\"datePublished\":\"2025-07-23T05:44:05+00:00\",\"breadcrumb\":{\"@id\":\"https:\/\/gysfm.com.ar\/inicio\/ofrecen-una-suma-millonaria-para-capturar-al-lider-de-los-menores-de-rosario\/#breadcrumb\"},\"inLanguage\":\"es\",\"potentialAction\":[{\"@type\":\"ReadAction\",\"target\":[\"https:\/\/gysfm.com.ar\/inicio\/ofrecen-una-suma-millonaria-para-capturar-al-lider-de-los-menores-de-rosario\/\"]}]},{\"@type\":\"ImageObject\",\"inLanguage\":\"es\",\"@id\":\"https:\/\/gysfm.com.ar\/inicio\/ofrecen-una-suma-millonaria-para-capturar-al-lider-de-los-menores-de-rosario\/#primaryimage\",\"url\":\"https:\/\/gysfm.com.ar\/inicio\/wp-content\/uploads\/2025\/07\/el-gobierno-ofrece-una-recompensa-por-el-lider-de-la-banda-de-los-menores-de-rosario-20250722-206601.jpeg\",\"contentUrl\":\"https:\/\/gysfm.com.ar\/inicio\/wp-content\/uploads\/2025\/07\/el-gobierno-ofrece-una-recompensa-por-el-lider-de-la-banda-de-los-menores-de-rosario-20250722-206601.jpeg\",\"width\":1140,\"height\":641},{\"@type\":\"BreadcrumbList\",\"@id\":\"https:\/\/gysfm.com.ar\/inicio\/ofrecen-una-suma-millonaria-para-capturar-al-lider-de-los-menores-de-rosario\/#breadcrumb\",\"itemListElement\":[{\"@type\":\"ListItem\",\"position\":1,\"name\":\"Portada\",\"item\":\"https:\/\/gysfm.com.ar\/inicio\/\"},{\"@type\":\"ListItem\",\"position\":2,\"name\":\"Ofrecen una suma millonaria para capturar al l\u00edder de \u00abLos Menores\u00bb de Rosario\"}]},{\"@type\":\"WebSite\",\"@id\":\"https:\/\/gysfm.com.ar\/inicio\/#website\",\"url\":\"https:\/\/gysfm.com.ar\/inicio\/\",\"name\":\"GYS NOTICIAS |\",\"description\":\"DIARIO - RADIO ONLINE SAN JUAN ARGENTINA\",\"publisher\":{\"@id\":\"https:\/\/gysfm.com.ar\/inicio\/#organization\"},\"potentialAction\":[{\"@type\":\"SearchAction\",\"target\":{\"@type\":\"EntryPoint\",\"urlTemplate\":\"https:\/\/gysfm.com.ar\/inicio\/?s={search_term_string}\"},\"query-input\":{\"@type\":\"PropertyValueSpecification\",\"valueRequired\":true,\"valueName\":\"search_term_string\"}}],\"inLanguage\":\"es\"},{\"@type\":\"Organization\",\"@id\":\"https:\/\/gysfm.com.ar\/inicio\/#organization\",\"name\":\"GYS NOTICIAS |\",\"url\":\"https:\/\/gysfm.com.ar\/inicio\/\",\"logo\":{\"@type\":\"ImageObject\",\"inLanguage\":\"es\",\"@id\":\"https:\/\/gysfm.com.ar\/inicio\/#\/schema\/logo\/image\/\",\"url\":\"https:\/\/gysfm.com.ar\/inicio\/wp-content\/uploads\/2023\/07\/LOGOGYS-OK.png\",\"contentUrl\":\"https:\/\/gysfm.com.ar\/inicio\/wp-content\/uploads\/2023\/07\/LOGOGYS-OK.png\",\"width\":1170,\"height\":872,\"caption\":\"GYS NOTICIAS |\"},\"image\":{\"@id\":\"https:\/\/gysfm.com.ar\/inicio\/#\/schema\/logo\/image\/\"}},{\"@type\":\"Person\",\"@id\":\"https:\/\/gysfm.com.ar\/inicio\/#\/schema\/person\/3abba7593ef2ad19e1be221d54383dc5\",\"name\":\"Prensa G&amp;S FM\",\"image\":{\"@type\":\"ImageObject\",\"inLanguage\":\"es\",\"@id\":\"https:\/\/gysfm.com.ar\/inicio\/#\/schema\/person\/image\/\",\"url\":\"https:\/\/secure.gravatar.com\/avatar\/096ec78df02049ab018702bb4ccedf659377fa92a26540b5247612077a0dbd29?s=96&d=mm&r=g\",\"contentUrl\":\"https:\/\/secure.gravatar.com\/avatar\/096ec78df02049ab018702bb4ccedf659377fa92a26540b5247612077a0dbd29?s=96&d=mm&r=g\",\"caption\":\"Prensa G&amp;S FM\"},\"sameAs\":[\"https:\/\/gysfm.com.ar\/\"],\"url\":\"https:\/\/gysfm.com.ar\/inicio\/author\/lucasm\/\"}]}<\/script>\n<!-- \/ Yoast SEO plugin. -->","yoast_head_json":{"title":"Ofrecen una suma millonaria para capturar al l\u00edder de \"Los Menores\" de Rosario - GYS NOTICIAS |","robots":{"index":"index","follow":"follow","max-snippet":"max-snippet:-1","max-image-preview":"max-image-preview:large","max-video-preview":"max-video-preview:-1"},"canonical":"https:\/\/gysfm.com.ar\/inicio\/ofrecen-una-suma-millonaria-para-capturar-al-lider-de-los-menores-de-rosario\/","og_locale":"es_ES","og_type":"article","og_title":"Ofrecen una suma millonaria para capturar al l\u00edder de \"Los Menores\" de Rosario - GYS NOTICIAS |","og_description":"El Gobierno Nacional ofreci\u00f3 una recompensa millonaria para encontrar y capturar a Mat\u00edas Ignacio Gazzani, apuntado como el presunto l\u00edder del grupo criminal conocido como \u201cLa Banda de los Menores\u201d y uno de los narcos m\u00e1s buscados de Rosario. El joven est\u00e1 acusado de estar involucrado en balaceras y tr\u00e1fico de estupefacientes, adem\u00e1s de otros [&hellip;]","og_url":"https:\/\/gysfm.com.ar\/inicio\/ofrecen-una-suma-millonaria-para-capturar-al-lider-de-los-menores-de-rosario\/","og_site_name":"GYS NOTICIAS |","article_published_time":"2025-07-23T05:44:05+00:00","og_image":[{"url":"https:\/\/fotos.perfil.com\/\/2025\/07\/22\/900\/0\/el-gobierno-ofrece-una-recompensa-por-el-lider-de-la-banda-de-los-menores-de-rosario-20250722-2066016.jpg?webp","type":"","width":"","height":""}],"author":"Prensa G&amp;S FM","twitter_card":"summary_large_image","twitter_misc":{"Escrito por":"Prensa G&amp;S FM","Tiempo de lectura":"4 minutos"},"schema":{"@context":"https:\/\/schema.org","@graph":[{"@type":"Article","@id":"https:\/\/gysfm.com.ar\/inicio\/ofrecen-una-suma-millonaria-para-capturar-al-lider-de-los-menores-de-rosario\/#article","isPartOf":{"@id":"https:\/\/gysfm.com.ar\/inicio\/ofrecen-una-suma-millonaria-para-capturar-al-lider-de-los-menores-de-rosario\/"},"author":{"name":"Prensa G&amp;S FM","@id":"https:\/\/gysfm.com.ar\/inicio\/#\/schema\/person\/3abba7593ef2ad19e1be221d54383dc5"},"headline":"Ofrecen una suma millonaria para capturar al l\u00edder de \u00abLos Menores\u00bb de Rosario","datePublished":"2025-07-23T05:44:05+00:00","mainEntityOfPage":{"@id":"https:\/\/gysfm.com.ar\/inicio\/ofrecen-una-suma-millonaria-para-capturar-al-lider-de-los-menores-de-rosario\/"},"wordCount":820,"publisher":{"@id":"https:\/\/gysfm.com.ar\/inicio\/#organization"},"image":{"@id":"https:\/\/gysfm.com.ar\/inicio\/ofrecen-una-suma-millonaria-para-capturar-al-lider-de-los-menores-de-rosario\/#primaryimage"},"thumbnailUrl":"https:\/\/gysfm.com.ar\/inicio\/wp-content\/uploads\/2025\/07\/el-gobierno-ofrece-una-recompensa-por-el-lider-de-la-banda-de-los-menores-de-rosario-20250722-206601.jpeg","articleSection":["NACIONALES"],"inLanguage":"es"},{"@type":"WebPage","@id":"https:\/\/gysfm.com.ar\/inicio\/ofrecen-una-suma-millonaria-para-capturar-al-lider-de-los-menores-de-rosario\/","url":"https:\/\/gysfm.com.ar\/inicio\/ofrecen-una-suma-millonaria-para-capturar-al-lider-de-los-menores-de-rosario\/","name":"Ofrecen una suma millonaria para capturar al l\u00edder de \"Los Menores\" de Rosario - GYS NOTICIAS |","isPartOf":{"@id":"https:\/\/gysfm.com.ar\/inicio\/#website"},"primaryImageOfPage":{"@id":"https:\/\/gysfm.com.ar\/inicio\/ofrecen-una-suma-millonaria-para-capturar-al-lider-de-los-menores-de-rosario\/#primaryimage"},"image":{"@id":"https:\/\/gysfm.com.ar\/inicio\/ofrecen-una-suma-millonaria-para-capturar-al-lider-de-los-menores-de-rosario\/#primaryimage"},"thumbnailUrl":"https:\/\/gysfm.com.ar\/inicio\/wp-content\/uploads\/2025\/07\/el-gobierno-ofrece-una-recompensa-por-el-lider-de-la-banda-de-los-menores-de-rosario-20250722-206601.jpeg","datePublished":"2025-07-23T05:44:05+00:00","breadcrumb":{"@id":"https:\/\/gysfm.com.ar\/inicio\/ofrecen-una-suma-millonaria-para-capturar-al-lider-de-los-menores-de-rosario\/#breadcrumb"},"inLanguage":"es","potentialAction":[{"@type":"ReadAction","target":["https:\/\/gysfm.com.ar\/inicio\/ofrecen-una-suma-millonaria-para-capturar-al-lider-de-los-menores-de-rosario\/"]}]},{"@type":"ImageObject","inLanguage":"es","@id":"https:\/\/gysfm.com.ar\/inicio\/ofrecen-una-suma-millonaria-para-capturar-al-lider-de-los-menores-de-rosario\/#primaryimage","url":"https:\/\/gysfm.com.ar\/inicio\/wp-content\/uploads\/2025\/07\/el-gobierno-ofrece-una-recompensa-por-el-lider-de-la-banda-de-los-menores-de-rosario-20250722-206601.jpeg","contentUrl":"https:\/\/gysfm.com.ar\/inicio\/wp-content\/uploads\/2025\/07\/el-gobierno-ofrece-una-recompensa-por-el-lider-de-la-banda-de-los-menores-de-rosario-20250722-206601.jpeg","width":1140,"height":641},{"@type":"BreadcrumbList","@id":"https:\/\/gysfm.com.ar\/inicio\/ofrecen-una-suma-millonaria-para-capturar-al-lider-de-los-menores-de-rosario\/#breadcrumb","itemListElement":[{"@type":"ListItem","position":1,"name":"Portada","item":"https:\/\/gysfm.com.ar\/inicio\/"},{"@type":"ListItem","position":2,"name":"Ofrecen una suma millonaria para capturar al l\u00edder de \u00abLos Menores\u00bb de Rosario"}]},{"@type":"WebSite","@id":"https:\/\/gysfm.com.ar\/inicio\/#website","url":"https:\/\/gysfm.com.ar\/inicio\/","name":"GYS NOTICIAS |","description":"DIARIO - RADIO ONLINE SAN JUAN ARGENTINA","publisher":{"@id":"https:\/\/gysfm.com.ar\/inicio\/#organization"},"potentialAction":[{"@type":"SearchAction","target":{"@type":"EntryPoint","urlTemplate":"https:\/\/gysfm.com.ar\/inicio\/?s={search_term_string}"},"query-input":{"@type":"PropertyValueSpecification","valueRequired":true,"valueName":"search_term_string"}}],"inLanguage":"es"},{"@type":"Organization","@id":"https:\/\/gysfm.com.ar\/inicio\/#organization","name":"GYS NOTICIAS |","url":"https:\/\/gysfm.com.ar\/inicio\/","logo":{"@type":"ImageObject","inLanguage":"es","@id":"https:\/\/gysfm.com.ar\/inicio\/#\/schema\/logo\/image\/","url":"https:\/\/gysfm.com.ar\/inicio\/wp-content\/uploads\/2023\/07\/LOGOGYS-OK.png","contentUrl":"https:\/\/gysfm.com.ar\/inicio\/wp-content\/uploads\/2023\/07\/LOGOGYS-OK.png","width":1170,"height":872,"caption":"GYS NOTICIAS |"},"image":{"@id":"https:\/\/gysfm.com.ar\/inicio\/#\/schema\/logo\/image\/"}},{"@type":"Person","@id":"https:\/\/gysfm.com.ar\/inicio\/#\/schema\/person\/3abba7593ef2ad19e1be221d54383dc5","name":"Prensa G&amp;S FM","image":{"@type":"ImageObject","inLanguage":"es","@id":"https:\/\/gysfm.com.ar\/inicio\/#\/schema\/person\/image\/","url":"https:\/\/secure.gravatar.com\/avatar\/096ec78df02049ab018702bb4ccedf659377fa92a26540b5247612077a0dbd29?s=96&d=mm&r=g","contentUrl":"https:\/\/secure.gravatar.com\/avatar\/096ec78df02049ab018702bb4ccedf659377fa92a26540b5247612077a0dbd29?s=96&d=mm&r=g","caption":"Prensa G&amp;S FM"},"sameAs":["https:\/\/gysfm.com.ar\/"],"url":"https:\/\/gysfm.com.ar\/inicio\/author\/lucasm\/"}]}},"_links":{"self":[{"href":"https:\/\/gysfm.com.ar\/inicio\/wp-json\/wp\/v2\/posts\/138594","targetHints":{"allow":["GET"]}}],"collection":[{"href":"https:\/\/gysfm.com.ar\/inicio\/wp-json\/wp\/v2\/posts"}],"about":[{"href":"https:\/\/gysfm.com.ar\/inicio\/wp-json\/wp\/v2\/types\/post"}],"author":[{"embeddable":true,"href":"https:\/\/gysfm.com.ar\/inicio\/wp-json\/wp\/v2\/users\/2"}],"replies":[{"embeddable":true,"href":"https:\/\/gysfm.com.ar\/inicio\/wp-json\/wp\/v2\/comments?post=138594"}],"version-history":[{"count":0,"href":"https:\/\/gysfm.com.ar\/inicio\/wp-json\/wp\/v2\/posts\/138594\/revisions"}],"wp:featuredmedia":[{"embeddable":true,"href":"https:\/\/gysfm.com.ar\/inicio\/wp-json\/wp\/v2\/media\/138595"}],"wp:attachment":[{"href":"https:\/\/gysfm.com.ar\/inicio\/wp-json\/wp\/v2\/media?parent=138594"}],"wp:term":[{"taxonomy":"category","embeddable":true,"href":"https:\/\/gysfm.com.ar\/inicio\/wp-json\/wp\/v2\/categories?post=138594"},{"taxonomy":"post_tag","embeddable":true,"href":"https:\/\/gysfm.com.ar\/inicio\/wp-json\/wp\/v2\/tags?post=138594"}],"curies":[{"name":"wp","href":"https:\/\/api.w.org\/{rel}","templated":true}]}}