{"id":138592,"date":"2025-07-23T02:13:07","date_gmt":"2025-07-23T05:13:07","guid":{"rendered":"https:\/\/gysfm.com.ar\/inicio\/tierra-del-fuego-advirtio-con-sanciones-a-corea-del-sur-china-y-espana-por-pesca-ilegal-en-aguas-cercanas-a-malvinas\/"},"modified":"2025-07-23T02:13:07","modified_gmt":"2025-07-23T05:13:07","slug":"tierra-del-fuego-advirtio-con-sanciones-a-corea-del-sur-china-y-espana-por-pesca-ilegal-en-aguas-cercanas-a-malvinas","status":"publish","type":"post","link":"https:\/\/gysfm.com.ar\/inicio\/tierra-del-fuego-advirtio-con-sanciones-a-corea-del-sur-china-y-espana-por-pesca-ilegal-en-aguas-cercanas-a-malvinas\/","title":{"rendered":"Tierra del Fuego advirti\u00f3 con sanciones a Corea del Sur, China y Espa\u00f1a por pesca ilegal en aguas cercanas a Malvinas"},"content":{"rendered":"<p><\/p>\n<div id=\"article-content\">\n<p>Este martes, el gobierno de <strong>Tierra del Fuego<\/strong>, Ant\u00e1rtida e Islas del Atl\u00e1ntico Sur <strong>advirti\u00f3 a Espa\u00f1a, Corea del Sur y China<\/strong> que se tomar\u00e1n medidas para detener las operaciones de los <a target=\"_blank\" href=\"https:\/\/www.perfil.com\/noticias\/economia\/buques-extranjeros-avanzan-hacia-malvinas-para-la-pesca-de-calamar-loligo-a-pesar-de-su-escacez.phtml\">buques pesqueros<\/a> que operen sin autorizaci\u00f3n dentro de su jurisdicci\u00f3n mar\u00edtima.<\/p>\n<p>Las advertencias fueron enviadas a las embajadas de los pa\u00edses mencionados a trav\u00e9s de comunicaciones oficiales y hacen referencia, principalmente, a las embarcaciones que pescan en el \u00e1rea de Malvinas, Georgias del Sur y Sandwich del Sur, dentro de las <strong>12 millas n\u00e1uticas<\/strong> reconocidas por las autoridades de la provincia.<\/p>\n<p class=\"destacadoNota\"><a target=\"_blank\" href=\"https:\/\/www.perfil.com\/noticias\/economia\/buques-extranjeros-avanzan-hacia-malvinas-para-la-pesca-de-calamar-loligo-a-pesar-de-su-escacez.phtml\">Buques extranjeros avanzan hacia Malvinas para la pesca de Calamar Loligo a pesar de su escasez<\/a><\/p>\n<div class=\"subscription\">\n<p>\n        Esto no les gusta a los autoritarios\n    <\/p>\n<div class=\"subscription__container\">\n<div class=\"subscription__text-wrapper\">\n<p>\n                El ejercicio del periodismo profesional y cr\u00edtico es un pilar fundamental de la democracia. Por eso molesta a quienes creen ser los due\u00f1os de la verdad.\n            <\/p>\n<\/p><\/div><\/div>\n<\/div>\n<p><strong>Andr\u00e9s Dachary<\/strong>, el secretario de Malvinas, fue quien comunic\u00f3 la decisi\u00f3n en su momento a trav\u00e9s de su cuenta oficial de <em>X <\/em>y explic\u00f3: \u00abHemos enviado notificaciones a las embajadas informando sobre las medidas que se tomar\u00e1n desde TDFAeIAS contra aquellas embarcaciones que pesquen, sin autorizaci\u00f3n dentro de nuestra jurisdicci\u00f3n provincial (12 millas), especialmente en zonas de Malvinas, Georgias del Sur y Sandwich del Sur\u00bb.<\/p>\n<p>\u00abEntendemos que <strong>estas acciones adem\u00e1s de ser ilegales representan un expolio de nuestros recursos ict\u00edcolas y refuerzan la presencia colonial brit\u00e1nica<\/strong> en el Atl\u00e1ntico Sur\u00bb, profundiz\u00f3.<\/p>\n<p>En su mensaje, el funcionario tambi\u00e9n le agradeci\u00f3 a la <a target=\"_blank\" href=\"https:\/\/www.perfil.com\/noticias\/empresas-y-protagonistas\/la-prefectura-cumple-215-anos-una-historia-signada-por-la-custodia-de-nuestras-aguas.phtml\">Prefectura Naval<\/a>, con quien se firm\u00f3 un convenio para adquirir \u00abla <strong>capacidad de monitorear las acciones en tiempo real y por lo tanto tener trazabilidad de las actividades<\/strong> que realiza cualquier embarcaci\u00f3n en la jurisdicci\u00f3n fueguina\u00bb.<\/p>\n<p style=\"text-align:center\"><picture><source media=\"(max-width: 440px)\" srcset=\"https:\/\/fotos.perfil.com\/\/2025\/07\/22\/440\/0\/tweet-de-andres-dachary-2065996.jpg?webp\"\/><source media=\"(max-width: 1019px)\" srcset=\"https:\/\/fotos.perfil.com\/\/2025\/07\/22\/712\/0\/tweet-de-andres-dachary-2065996.jpg?webp\"\/><img decoding=\"async\" style=\"max-width: 100%; width: 100%;\" alt=\"Tweet de Andr\u00e9s Dachary\" src=\"https:\/\/fotos.perfil.com\/\/2025\/07\/22\/900\/0\/tweet-de-andres-dachary-2065996.jpg?webp\" loading=\"lazy\"\/><\/picture><\/p>\n<p>En este contexto, es v\u00e1lido mencionar que el gobierno brit\u00e1nico en las <a target=\"_blank\" href=\"https:\/\/www.perfil.com\/noticias\/politica\/diferentes-formas-en-que-se-vivio-la-guerra-de-malvinas.phtml\">Islas Malvinas<\/a> otorga <strong>licencias pesqueras<\/strong> a buques de distintos pa\u00edses, en el marco de un esquema que, actualmente, representa m\u00e1s del 60% de los ingresos de las islas, una pr\u00e1ctica que es rechazada por la provincia de Tierra del Fuego ya que la considera una <strong>pr\u00e1ctica unilateral e inconsulta<\/strong>.<\/p>\n<p>Las autoridades de la provincia tambi\u00e9n ratificaron que se aplicar\u00e1n <strong>sanciones m\u00e1s estrictas<\/strong> sobre las empresas que operen sin habilitaci\u00f3n dentro de la jurisdicci\u00f3n provincial, reforzando el reclamo de soberan\u00eda en las Islas y la protecci\u00f3n de los recursos naturales en el Atl\u00e1ntico Sur.<\/p>\n<p>AS.<\/p>\n<\/p><\/div>\n<p><script>\n                !function(f,b,e,v,n,t,s)\n                {if(f.fbq)return;n=f.fbq=function(){n.callMethod?\n                    n.callMethod.apply(n,arguments):n.queue.push(arguments)};\n                    if(!f._fbq)f._fbq=n;n.push=n;n.loaded=!0;n.version='2.0';\n                    n.queue=[];t=b.createElement(e);t.async=!0;\n                    t.src=v;s=b.getElementsByTagName(e)[0];\n                    s.parentNode.insertBefore(t,s)}(window, document,'script',\n                    'https:\/\/connect.facebook.net\/en_US\/fbevents.js');\n                window.paywallConfig.facebook_pixel=\"1000228364089342\"\n            <\/script><\/p>\n","protected":false},"excerpt":{"rendered":"<p>Este martes, el gobierno de Tierra del Fuego, Ant\u00e1rtida e Islas del Atl\u00e1ntico Sur advirti\u00f3 a Espa\u00f1a, Corea del Sur y China que se tomar\u00e1n medidas para detener las operaciones de los buques pesqueros que operen sin autorizaci\u00f3n dentro de su jurisdicci\u00f3n mar\u00edtima. Las advertencias fueron enviadas a las embajadas de los pa\u00edses mencionados a [&hellip;]<\/p>\n","protected":false},"author":2,"featured_media":138593,"comment_status":"closed","ping_status":"closed","sticky":false,"template":"","format":"standard","meta":{"footnotes":""},"categories":[25],"tags":[],"class_list":["post-138592","post","type-post","status-publish","format-standard","has-post-thumbnail","hentry","category-nacionales"],"yoast_head":"<!-- This site is optimized with the Yoast SEO plugin v24.4 - https:\/\/yoast.com\/wordpress\/plugins\/seo\/ -->\n<title>Tierra del Fuego advirti\u00f3 con sanciones a Corea del Sur, China y Espa\u00f1a por pesca ilegal en aguas cercanas a Malvinas - GYS NOTICIAS |<\/title>\n<meta name=\"robots\" content=\"index, follow, max-snippet:-1, max-image-preview:large, max-video-preview:-1\" \/>\n<link rel=\"canonical\" href=\"https:\/\/gysfm.com.ar\/inicio\/tierra-del-fuego-advirtio-con-sanciones-a-corea-del-sur-china-y-espana-por-pesca-ilegal-en-aguas-cercanas-a-malvinas\/\" \/>\n<meta property=\"og:locale\" content=\"es_ES\" \/>\n<meta property=\"og:type\" content=\"article\" \/>\n<meta property=\"og:title\" content=\"Tierra del Fuego advirti\u00f3 con sanciones a Corea del Sur, China y Espa\u00f1a por pesca ilegal en aguas cercanas a Malvinas - GYS NOTICIAS |\" \/>\n<meta property=\"og:description\" content=\"Este martes, el gobierno de Tierra del Fuego, Ant\u00e1rtida e Islas del Atl\u00e1ntico Sur advirti\u00f3 a Espa\u00f1a, Corea del Sur y China que se tomar\u00e1n medidas para detener las operaciones de los buques pesqueros que operen sin autorizaci\u00f3n dentro de su jurisdicci\u00f3n mar\u00edtima. Las advertencias fueron enviadas a las embajadas de los pa\u00edses mencionados a [&hellip;]\" \/>\n<meta property=\"og:url\" content=\"https:\/\/gysfm.com.ar\/inicio\/tierra-del-fuego-advirtio-con-sanciones-a-corea-del-sur-china-y-espana-por-pesca-ilegal-en-aguas-cercanas-a-malvinas\/\" \/>\n<meta property=\"og:site_name\" content=\"GYS NOTICIAS |\" \/>\n<meta property=\"article:published_time\" content=\"2025-07-23T05:13:07+00:00\" \/>\n<meta property=\"og:image\" content=\"https:\/\/fotos.perfil.com\/\/2025\/07\/22\/900\/0\/tweet-de-andres-dachary-2065996.jpg?webp\" \/>\n<meta name=\"author\" content=\"Prensa G&amp;S FM\" \/>\n<meta name=\"twitter:card\" content=\"summary_large_image\" \/>\n<meta name=\"twitter:label1\" content=\"Escrito por\" \/>\n\t<meta name=\"twitter:data1\" content=\"Prensa G&amp;S FM\" \/>\n\t<meta name=\"twitter:label2\" content=\"Tiempo de lectura\" \/>\n\t<meta name=\"twitter:data2\" content=\"2 minutos\" \/>\n<script type=\"application\/ld+json\" class=\"yoast-schema-graph\">{\"@context\":\"https:\/\/schema.org\",\"@graph\":[{\"@type\":\"Article\",\"@id\":\"https:\/\/gysfm.com.ar\/inicio\/tierra-del-fuego-advirtio-con-sanciones-a-corea-del-sur-china-y-espana-por-pesca-ilegal-en-aguas-cercanas-a-malvinas\/#article\",\"isPartOf\":{\"@id\":\"https:\/\/gysfm.com.ar\/inicio\/tierra-del-fuego-advirtio-con-sanciones-a-corea-del-sur-china-y-espana-por-pesca-ilegal-en-aguas-cercanas-a-malvinas\/\"},\"author\":{\"name\":\"Prensa G&amp;S FM\",\"@id\":\"https:\/\/gysfm.com.ar\/inicio\/#\/schema\/person\/3abba7593ef2ad19e1be221d54383dc5\"},\"headline\":\"Tierra del Fuego advirti\u00f3 con sanciones a Corea del Sur, China y Espa\u00f1a por pesca ilegal en aguas cercanas a Malvinas\",\"datePublished\":\"2025-07-23T05:13:07+00:00\",\"mainEntityOfPage\":{\"@id\":\"https:\/\/gysfm.com.ar\/inicio\/tierra-del-fuego-advirtio-con-sanciones-a-corea-del-sur-china-y-espana-por-pesca-ilegal-en-aguas-cercanas-a-malvinas\/\"},\"wordCount\":443,\"publisher\":{\"@id\":\"https:\/\/gysfm.com.ar\/inicio\/#organization\"},\"image\":{\"@id\":\"https:\/\/gysfm.com.ar\/inicio\/tierra-del-fuego-advirtio-con-sanciones-a-corea-del-sur-china-y-espana-por-pesca-ilegal-en-aguas-cercanas-a-malvinas\/#primaryimage\"},\"thumbnailUrl\":\"https:\/\/gysfm.com.ar\/inicio\/wp-content\/uploads\/2025\/07\/buque-prion-2057960.jpg\",\"articleSection\":[\"NACIONALES\"],\"inLanguage\":\"es\"},{\"@type\":\"WebPage\",\"@id\":\"https:\/\/gysfm.com.ar\/inicio\/tierra-del-fuego-advirtio-con-sanciones-a-corea-del-sur-china-y-espana-por-pesca-ilegal-en-aguas-cercanas-a-malvinas\/\",\"url\":\"https:\/\/gysfm.com.ar\/inicio\/tierra-del-fuego-advirtio-con-sanciones-a-corea-del-sur-china-y-espana-por-pesca-ilegal-en-aguas-cercanas-a-malvinas\/\",\"name\":\"Tierra del Fuego advirti\u00f3 con sanciones a Corea del Sur, China y Espa\u00f1a por pesca ilegal en aguas cercanas a Malvinas - GYS NOTICIAS |\",\"isPartOf\":{\"@id\":\"https:\/\/gysfm.com.ar\/inicio\/#website\"},\"primaryImageOfPage\":{\"@id\":\"https:\/\/gysfm.com.ar\/inicio\/tierra-del-fuego-advirtio-con-sanciones-a-corea-del-sur-china-y-espana-por-pesca-ilegal-en-aguas-cercanas-a-malvinas\/#primaryimage\"},\"image\":{\"@id\":\"https:\/\/gysfm.com.ar\/inicio\/tierra-del-fuego-advirtio-con-sanciones-a-corea-del-sur-china-y-espana-por-pesca-ilegal-en-aguas-cercanas-a-malvinas\/#primaryimage\"},\"thumbnailUrl\":\"https:\/\/gysfm.com.ar\/inicio\/wp-content\/uploads\/2025\/07\/buque-prion-2057960.jpg\",\"datePublished\":\"2025-07-23T05:13:07+00:00\",\"breadcrumb\":{\"@id\":\"https:\/\/gysfm.com.ar\/inicio\/tierra-del-fuego-advirtio-con-sanciones-a-corea-del-sur-china-y-espana-por-pesca-ilegal-en-aguas-cercanas-a-malvinas\/#breadcrumb\"},\"inLanguage\":\"es\",\"potentialAction\":[{\"@type\":\"ReadAction\",\"target\":[\"https:\/\/gysfm.com.ar\/inicio\/tierra-del-fuego-advirtio-con-sanciones-a-corea-del-sur-china-y-espana-por-pesca-ilegal-en-aguas-cercanas-a-malvinas\/\"]}]},{\"@type\":\"ImageObject\",\"inLanguage\":\"es\",\"@id\":\"https:\/\/gysfm.com.ar\/inicio\/tierra-del-fuego-advirtio-con-sanciones-a-corea-del-sur-china-y-espana-por-pesca-ilegal-en-aguas-cercanas-a-malvinas\/#primaryimage\",\"url\":\"https:\/\/gysfm.com.ar\/inicio\/wp-content\/uploads\/2025\/07\/buque-prion-2057960.jpg\",\"contentUrl\":\"https:\/\/gysfm.com.ar\/inicio\/wp-content\/uploads\/2025\/07\/buque-prion-2057960.jpg\",\"width\":1140,\"height\":641},{\"@type\":\"BreadcrumbList\",\"@id\":\"https:\/\/gysfm.com.ar\/inicio\/tierra-del-fuego-advirtio-con-sanciones-a-corea-del-sur-china-y-espana-por-pesca-ilegal-en-aguas-cercanas-a-malvinas\/#breadcrumb\",\"itemListElement\":[{\"@type\":\"ListItem\",\"position\":1,\"name\":\"Portada\",\"item\":\"https:\/\/gysfm.com.ar\/inicio\/\"},{\"@type\":\"ListItem\",\"position\":2,\"name\":\"Tierra del Fuego advirti\u00f3 con sanciones a Corea del Sur, China y Espa\u00f1a por pesca ilegal en aguas cercanas a Malvinas\"}]},{\"@type\":\"WebSite\",\"@id\":\"https:\/\/gysfm.com.ar\/inicio\/#website\",\"url\":\"https:\/\/gysfm.com.ar\/inicio\/\",\"name\":\"GYS NOTICIAS |\",\"description\":\"DIARIO - RADIO ONLINE SAN JUAN ARGENTINA\",\"publisher\":{\"@id\":\"https:\/\/gysfm.com.ar\/inicio\/#organization\"},\"potentialAction\":[{\"@type\":\"SearchAction\",\"target\":{\"@type\":\"EntryPoint\",\"urlTemplate\":\"https:\/\/gysfm.com.ar\/inicio\/?s={search_term_string}\"},\"query-input\":{\"@type\":\"PropertyValueSpecification\",\"valueRequired\":true,\"valueName\":\"search_term_string\"}}],\"inLanguage\":\"es\"},{\"@type\":\"Organization\",\"@id\":\"https:\/\/gysfm.com.ar\/inicio\/#organization\",\"name\":\"GYS NOTICIAS |\",\"url\":\"https:\/\/gysfm.com.ar\/inicio\/\",\"logo\":{\"@type\":\"ImageObject\",\"inLanguage\":\"es\",\"@id\":\"https:\/\/gysfm.com.ar\/inicio\/#\/schema\/logo\/image\/\",\"url\":\"https:\/\/gysfm.com.ar\/inicio\/wp-content\/uploads\/2023\/07\/LOGOGYS-OK.png\",\"contentUrl\":\"https:\/\/gysfm.com.ar\/inicio\/wp-content\/uploads\/2023\/07\/LOGOGYS-OK.png\",\"width\":1170,\"height\":872,\"caption\":\"GYS NOTICIAS |\"},\"image\":{\"@id\":\"https:\/\/gysfm.com.ar\/inicio\/#\/schema\/logo\/image\/\"}},{\"@type\":\"Person\",\"@id\":\"https:\/\/gysfm.com.ar\/inicio\/#\/schema\/person\/3abba7593ef2ad19e1be221d54383dc5\",\"name\":\"Prensa G&amp;S FM\",\"image\":{\"@type\":\"ImageObject\",\"inLanguage\":\"es\",\"@id\":\"https:\/\/gysfm.com.ar\/inicio\/#\/schema\/person\/image\/\",\"url\":\"https:\/\/secure.gravatar.com\/avatar\/096ec78df02049ab018702bb4ccedf659377fa92a26540b5247612077a0dbd29?s=96&d=mm&r=g\",\"contentUrl\":\"https:\/\/secure.gravatar.com\/avatar\/096ec78df02049ab018702bb4ccedf659377fa92a26540b5247612077a0dbd29?s=96&d=mm&r=g\",\"caption\":\"Prensa G&amp;S FM\"},\"sameAs\":[\"https:\/\/gysfm.com.ar\/\"],\"url\":\"https:\/\/gysfm.com.ar\/inicio\/author\/lucasm\/\"}]}<\/script>\n<!-- \/ Yoast SEO plugin. -->","yoast_head_json":{"title":"Tierra del Fuego advirti\u00f3 con sanciones a Corea del Sur, China y Espa\u00f1a por pesca ilegal en aguas cercanas a Malvinas - GYS NOTICIAS |","robots":{"index":"index","follow":"follow","max-snippet":"max-snippet:-1","max-image-preview":"max-image-preview:large","max-video-preview":"max-video-preview:-1"},"canonical":"https:\/\/gysfm.com.ar\/inicio\/tierra-del-fuego-advirtio-con-sanciones-a-corea-del-sur-china-y-espana-por-pesca-ilegal-en-aguas-cercanas-a-malvinas\/","og_locale":"es_ES","og_type":"article","og_title":"Tierra del Fuego advirti\u00f3 con sanciones a Corea del Sur, China y Espa\u00f1a por pesca ilegal en aguas cercanas a Malvinas - GYS NOTICIAS |","og_description":"Este martes, el gobierno de Tierra del Fuego, Ant\u00e1rtida e Islas del Atl\u00e1ntico Sur advirti\u00f3 a Espa\u00f1a, Corea del Sur y China que se tomar\u00e1n medidas para detener las operaciones de los buques pesqueros que operen sin autorizaci\u00f3n dentro de su jurisdicci\u00f3n mar\u00edtima. Las advertencias fueron enviadas a las embajadas de los pa\u00edses mencionados a [&hellip;]","og_url":"https:\/\/gysfm.com.ar\/inicio\/tierra-del-fuego-advirtio-con-sanciones-a-corea-del-sur-china-y-espana-por-pesca-ilegal-en-aguas-cercanas-a-malvinas\/","og_site_name":"GYS NOTICIAS |","article_published_time":"2025-07-23T05:13:07+00:00","og_image":[{"url":"https:\/\/fotos.perfil.com\/\/2025\/07\/22\/900\/0\/tweet-de-andres-dachary-2065996.jpg?webp","type":"","width":"","height":""}],"author":"Prensa G&amp;S FM","twitter_card":"summary_large_image","twitter_misc":{"Escrito por":"Prensa G&amp;S FM","Tiempo de lectura":"2 minutos"},"schema":{"@context":"https:\/\/schema.org","@graph":[{"@type":"Article","@id":"https:\/\/gysfm.com.ar\/inicio\/tierra-del-fuego-advirtio-con-sanciones-a-corea-del-sur-china-y-espana-por-pesca-ilegal-en-aguas-cercanas-a-malvinas\/#article","isPartOf":{"@id":"https:\/\/gysfm.com.ar\/inicio\/tierra-del-fuego-advirtio-con-sanciones-a-corea-del-sur-china-y-espana-por-pesca-ilegal-en-aguas-cercanas-a-malvinas\/"},"author":{"name":"Prensa G&amp;S FM","@id":"https:\/\/gysfm.com.ar\/inicio\/#\/schema\/person\/3abba7593ef2ad19e1be221d54383dc5"},"headline":"Tierra del Fuego advirti\u00f3 con sanciones a Corea del Sur, China y Espa\u00f1a por pesca ilegal en aguas cercanas a Malvinas","datePublished":"2025-07-23T05:13:07+00:00","mainEntityOfPage":{"@id":"https:\/\/gysfm.com.ar\/inicio\/tierra-del-fuego-advirtio-con-sanciones-a-corea-del-sur-china-y-espana-por-pesca-ilegal-en-aguas-cercanas-a-malvinas\/"},"wordCount":443,"publisher":{"@id":"https:\/\/gysfm.com.ar\/inicio\/#organization"},"image":{"@id":"https:\/\/gysfm.com.ar\/inicio\/tierra-del-fuego-advirtio-con-sanciones-a-corea-del-sur-china-y-espana-por-pesca-ilegal-en-aguas-cercanas-a-malvinas\/#primaryimage"},"thumbnailUrl":"https:\/\/gysfm.com.ar\/inicio\/wp-content\/uploads\/2025\/07\/buque-prion-2057960.jpg","articleSection":["NACIONALES"],"inLanguage":"es"},{"@type":"WebPage","@id":"https:\/\/gysfm.com.ar\/inicio\/tierra-del-fuego-advirtio-con-sanciones-a-corea-del-sur-china-y-espana-por-pesca-ilegal-en-aguas-cercanas-a-malvinas\/","url":"https:\/\/gysfm.com.ar\/inicio\/tierra-del-fuego-advirtio-con-sanciones-a-corea-del-sur-china-y-espana-por-pesca-ilegal-en-aguas-cercanas-a-malvinas\/","name":"Tierra del Fuego advirti\u00f3 con sanciones a Corea del Sur, China y Espa\u00f1a por pesca ilegal en aguas cercanas a Malvinas - GYS NOTICIAS |","isPartOf":{"@id":"https:\/\/gysfm.com.ar\/inicio\/#website"},"primaryImageOfPage":{"@id":"https:\/\/gysfm.com.ar\/inicio\/tierra-del-fuego-advirtio-con-sanciones-a-corea-del-sur-china-y-espana-por-pesca-ilegal-en-aguas-cercanas-a-malvinas\/#primaryimage"},"image":{"@id":"https:\/\/gysfm.com.ar\/inicio\/tierra-del-fuego-advirtio-con-sanciones-a-corea-del-sur-china-y-espana-por-pesca-ilegal-en-aguas-cercanas-a-malvinas\/#primaryimage"},"thumbnailUrl":"https:\/\/gysfm.com.ar\/inicio\/wp-content\/uploads\/2025\/07\/buque-prion-2057960.jpg","datePublished":"2025-07-23T05:13:07+00:00","breadcrumb":{"@id":"https:\/\/gysfm.com.ar\/inicio\/tierra-del-fuego-advirtio-con-sanciones-a-corea-del-sur-china-y-espana-por-pesca-ilegal-en-aguas-cercanas-a-malvinas\/#breadcrumb"},"inLanguage":"es","potentialAction":[{"@type":"ReadAction","target":["https:\/\/gysfm.com.ar\/inicio\/tierra-del-fuego-advirtio-con-sanciones-a-corea-del-sur-china-y-espana-por-pesca-ilegal-en-aguas-cercanas-a-malvinas\/"]}]},{"@type":"ImageObject","inLanguage":"es","@id":"https:\/\/gysfm.com.ar\/inicio\/tierra-del-fuego-advirtio-con-sanciones-a-corea-del-sur-china-y-espana-por-pesca-ilegal-en-aguas-cercanas-a-malvinas\/#primaryimage","url":"https:\/\/gysfm.com.ar\/inicio\/wp-content\/uploads\/2025\/07\/buque-prion-2057960.jpg","contentUrl":"https:\/\/gysfm.com.ar\/inicio\/wp-content\/uploads\/2025\/07\/buque-prion-2057960.jpg","width":1140,"height":641},{"@type":"BreadcrumbList","@id":"https:\/\/gysfm.com.ar\/inicio\/tierra-del-fuego-advirtio-con-sanciones-a-corea-del-sur-china-y-espana-por-pesca-ilegal-en-aguas-cercanas-a-malvinas\/#breadcrumb","itemListElement":[{"@type":"ListItem","position":1,"name":"Portada","item":"https:\/\/gysfm.com.ar\/inicio\/"},{"@type":"ListItem","position":2,"name":"Tierra del Fuego advirti\u00f3 con sanciones a Corea del Sur, China y Espa\u00f1a por pesca ilegal en aguas cercanas a Malvinas"}]},{"@type":"WebSite","@id":"https:\/\/gysfm.com.ar\/inicio\/#website","url":"https:\/\/gysfm.com.ar\/inicio\/","name":"GYS NOTICIAS |","description":"DIARIO - RADIO ONLINE SAN JUAN ARGENTINA","publisher":{"@id":"https:\/\/gysfm.com.ar\/inicio\/#organization"},"potentialAction":[{"@type":"SearchAction","target":{"@type":"EntryPoint","urlTemplate":"https:\/\/gysfm.com.ar\/inicio\/?s={search_term_string}"},"query-input":{"@type":"PropertyValueSpecification","valueRequired":true,"valueName":"search_term_string"}}],"inLanguage":"es"},{"@type":"Organization","@id":"https:\/\/gysfm.com.ar\/inicio\/#organization","name":"GYS NOTICIAS |","url":"https:\/\/gysfm.com.ar\/inicio\/","logo":{"@type":"ImageObject","inLanguage":"es","@id":"https:\/\/gysfm.com.ar\/inicio\/#\/schema\/logo\/image\/","url":"https:\/\/gysfm.com.ar\/inicio\/wp-content\/uploads\/2023\/07\/LOGOGYS-OK.png","contentUrl":"https:\/\/gysfm.com.ar\/inicio\/wp-content\/uploads\/2023\/07\/LOGOGYS-OK.png","width":1170,"height":872,"caption":"GYS NOTICIAS |"},"image":{"@id":"https:\/\/gysfm.com.ar\/inicio\/#\/schema\/logo\/image\/"}},{"@type":"Person","@id":"https:\/\/gysfm.com.ar\/inicio\/#\/schema\/person\/3abba7593ef2ad19e1be221d54383dc5","name":"Prensa G&amp;S FM","image":{"@type":"ImageObject","inLanguage":"es","@id":"https:\/\/gysfm.com.ar\/inicio\/#\/schema\/person\/image\/","url":"https:\/\/secure.gravatar.com\/avatar\/096ec78df02049ab018702bb4ccedf659377fa92a26540b5247612077a0dbd29?s=96&d=mm&r=g","contentUrl":"https:\/\/secure.gravatar.com\/avatar\/096ec78df02049ab018702bb4ccedf659377fa92a26540b5247612077a0dbd29?s=96&d=mm&r=g","caption":"Prensa G&amp;S FM"},"sameAs":["https:\/\/gysfm.com.ar\/"],"url":"https:\/\/gysfm.com.ar\/inicio\/author\/lucasm\/"}]}},"_links":{"self":[{"href":"https:\/\/gysfm.com.ar\/inicio\/wp-json\/wp\/v2\/posts\/138592","targetHints":{"allow":["GET"]}}],"collection":[{"href":"https:\/\/gysfm.com.ar\/inicio\/wp-json\/wp\/v2\/posts"}],"about":[{"href":"https:\/\/gysfm.com.ar\/inicio\/wp-json\/wp\/v2\/types\/post"}],"author":[{"embeddable":true,"href":"https:\/\/gysfm.com.ar\/inicio\/wp-json\/wp\/v2\/users\/2"}],"replies":[{"embeddable":true,"href":"https:\/\/gysfm.com.ar\/inicio\/wp-json\/wp\/v2\/comments?post=138592"}],"version-history":[{"count":0,"href":"https:\/\/gysfm.com.ar\/inicio\/wp-json\/wp\/v2\/posts\/138592\/revisions"}],"wp:featuredmedia":[{"embeddable":true,"href":"https:\/\/gysfm.com.ar\/inicio\/wp-json\/wp\/v2\/media\/138593"}],"wp:attachment":[{"href":"https:\/\/gysfm.com.ar\/inicio\/wp-json\/wp\/v2\/media?parent=138592"}],"wp:term":[{"taxonomy":"category","embeddable":true,"href":"https:\/\/gysfm.com.ar\/inicio\/wp-json\/wp\/v2\/categories?post=138592"},{"taxonomy":"post_tag","embeddable":true,"href":"https:\/\/gysfm.com.ar\/inicio\/wp-json\/wp\/v2\/tags?post=138592"}],"curies":[{"name":"wp","href":"https:\/\/api.w.org\/{rel}","templated":true}]}}