{"id":138590,"date":"2025-07-23T01:48:25","date_gmt":"2025-07-23T04:48:25","guid":{"rendered":"https:\/\/gysfm.com.ar\/inicio\/el-gobierno-avanza-con-un-plan-de-us1900-millones-para-enfrentar-los-cortes-de-luz-en-el-verano\/"},"modified":"2025-07-23T01:48:26","modified_gmt":"2025-07-23T04:48:26","slug":"el-gobierno-avanza-con-un-plan-de-us1900-millones-para-enfrentar-los-cortes-de-luz-en-el-verano","status":"publish","type":"post","link":"https:\/\/gysfm.com.ar\/inicio\/el-gobierno-avanza-con-un-plan-de-us1900-millones-para-enfrentar-los-cortes-de-luz-en-el-verano\/","title":{"rendered":"El Gobierno avanza con un plan de US$1900 millones para enfrentar los cortes de luz en el verano"},"content":{"rendered":"<p><\/p>\n<div>\n<p class=\"com-paragraph  --capital --s\">De a poco, el Gobierno comienza a dar pasos para resolver el principal problema que enfrenta hoy el sector energ\u00e9tico: la falta de inversi\u00f3n en l\u00edneas de transmisi\u00f3n el\u00e9ctrica, que <strong>genera un cuello de botella para toda la actividad econ\u00f3mica<\/strong>. Esta carencia impide el desarrollo de proyectos mineros, renovables y de hidrocarburos. Sin transporte el\u00e9ctrico, no pueden construirse nuevas fuentes de generaci\u00f3n porque <strong>no hay infraestructura para inyectar esa energ\u00eda al sistema<\/strong>.<\/p>\n<p class=\"com-paragraph   --s\">A trav\u00e9s de la resoluci\u00f3n 311\/2025, publicada hoy, el Gobierno defini\u00f3 las tres primeras obras de l\u00edneas el\u00e9ctricas que <strong>ser\u00e1n licitadas bajo un modelo de concesi\u00f3n a inversores privados<\/strong>. Se trata de los mismos proyectos que figuraban en el programa de Abastecimiento de Confiabilidad de Generaci\u00f3n T\u00e9rmica (TerConf), previsto en la resoluci\u00f3n 507 de 2023, <a href=\"https:\/\/www.lanacion.com.ar\/economia\/el-gobierno-anulo-una-adjudicacion-millonaria-que-hizo-la-gestion-de-massa-nid10072024\/\" target=\"_self\" title=\"https:\/\/www.lanacion.com.ar\/economia\/el-gobierno-anulo-una-adjudicacion-millonaria-que-hizo-la-gestion-de-massa-nid10072024\/\" class=\"com-link\" data-mrf-recirculation=\"n_link_parrafo\">que fue dado de baja por el actual gobierno en julio del a\u00f1o pasado<\/a>.<\/p>\n<p class=\"com-paragraph   --s\">Las obras seleccionadas son: AMBA I, que <strong>reforzar\u00e1 la capacidad de abastecimiento en el \u00c1rea Metropolitana de Buenos Aires (AMBA)<\/strong>, donde se concentra el 40% del consumo el\u00e9ctrico nacional; la l\u00ednea de 500 kV R\u00edo Diamante \u2013 Charlone \u2013 O\u2019Higgins, un corredor clave para evacuar la generaci\u00f3n renovable y convencional que puede instalarse en la regi\u00f3n de Cuyo, adem\u00e1s de canalizar parte de la generaci\u00f3n de Comahue; y la l\u00ednea de 500 kV Puerto Madryn \u2013 Choele Choel \u2013 Bah\u00eda Blanca, que mejorar\u00e1 la conexi\u00f3n entre la Patagonia y el sistema troncal.<\/p>\n<p class=\"com-paragraph   --s\"><mark class=\"hl_underline\">Estas tres obras requerir\u00e1n en conjunto una inversi\u00f3n superior a los US$1900 millones.<\/mark><strong> <\/strong>El financiamiento estar\u00e1 a cargo de las empresas adjudicatarias, responsables de la construcci\u00f3n, operaci\u00f3n y mantenimiento de las l\u00edneas. <strong>La inversi\u00f3n se recuperar\u00e1 mediante un canon que se cobrar\u00e1 a los usuarios beneficiarios <\/strong>de cada obra una vez que entren en funcionamiento.<\/p>\n<div class=\"content-media\">\n<section role=\"button\" class=\"mod-media   \">\n<figure role=\"button\" class=\"mod-figure \"><figcaption class=\"mod-figcaption\"><span class=\"com-text --caption --twoxs\">La \u00faltima obra de alta tensi\u00f3n construida en el AMBA data de 2006, hace 19 a\u00f1os<\/span><\/figcaption><\/figure>\n<\/section>\n<\/div>\n<p class=\"com-paragraph   --s\">Este esquema despierta dos inquietudes en el sector privado. Por un lado, <strong>preocupa la dificultad para acceder a financiamiento<\/strong>: los bancos son reticentes a prestar bajo este modelo, debido al <strong>historial argentino de congelamiento tarifario, que pone en duda el repago de las obras a trav\u00e9s de las tarifas<\/strong>. \u00bfQu\u00e9 tasa de inter\u00e9s exigir\u00e1n para cubrir el riesgo argentino?<\/p>\n<p class=\"com-paragraph   --s\">La misma incertidumbre enfrentan las constructoras interesadas en las licitaciones viales: <strong>\u00bfqu\u00e9 garant\u00eda tienen los bancos de que el pr\u00f3ximo gobierno mantendr\u00e1 la actualizaci\u00f3n tarifaria en los peajes?<\/strong><\/p>\n<p class=\"com-paragraph   --s\">Para reducir el costo del capital, el Gobierno est\u00e1 negociando con organismos multilaterales la posibilidad de acceder a un pr\u00e9stamo que permita <strong>conformar un fondo de garant\u00eda para las empresas que deban salir a buscar financiamiento<\/strong>. Un esquema similar se implement\u00f3 en 2017, durante la gesti\u00f3n de Mauricio Macri, cuando el Banco Mundial otorg\u00f3 US$480 millones para respaldar el Fondo para el Desarrollo de Energ\u00edas Renovables (Foder), destinado a garantizar el repago de proyectos renovables.<\/p>\n<p class=\"com-paragraph   --s\">Por ahora, sin embargo, <strong>las negociaciones est\u00e1n demoradas<\/strong> y la creaci\u00f3n de este fondo no fue incluida en la resoluci\u00f3n de la Secretar\u00eda de Energ\u00eda.<\/p>\n<div class=\"content-media\">\n<section role=\"button\" class=\"mod-media   \">\n<figure role=\"button\" class=\"mod-figure \"><figcaption class=\"mod-figcaption\"><span class=\"com-text --caption --twoxs\">Las empresas generadoras de energ\u00eda renovable construyen parques e\u00f3licos y solares no en las zonas con mejores condiciones naturales, sino en aquellos lugares donde hay capacidad disponible en las l\u00edneas de alta tensi\u00f3n para despachar la energ\u00eda<\/span><span class=\"com-text --credit --twoxs\">Genneia,Genneia<\/span><\/figcaption><\/figure>\n<\/section>\n<\/div>\n<p class=\"com-paragraph   --s\">La segunda inquietud que expresan las empresas es c\u00f3mo har\u00e1 Cammesa \u2014la compa\u00f1\u00eda controlada por el Estado, encargada del despacho el\u00e9ctrico\u2014 <strong>para identificar a los usuarios beneficiarios de estas obras<\/strong>, que ser\u00e1n quienes deban afrontar su costo.<\/p>\n<p class=\"com-paragraph   --s\">De las tres obras prioritarias, la principal es AMBA I, que sumar\u00e1 1500 MW de capacidad de transmisi\u00f3n en la regi\u00f3n con mayor demanda el\u00e9ctrica del pa\u00eds. <strong>Este proyecto requerir\u00e1 una inversi\u00f3n de US$1111 millones y <\/strong><mark class=\"hl_underline\">busca terminar con los cortes de luz en el verano<\/mark><strong>. <\/strong>La \u00faltima obra de alta tensi\u00f3n construida en el AMBA data de 2006, hace 19 a\u00f1os.<\/p>\n<p class=\"com-paragraph   --s\">Adem\u00e1s de las obras que se desarrollar\u00e1n bajo el modelo de concesi\u00f3n de obra p\u00fablica, el Gobierno modific\u00f3 la normativa para <strong>facilitar la ejecuci\u00f3n de obras el\u00e9ctricas vinculadas a sectores con alta demanda energ\u00e9tica<\/strong>, como la miner\u00eda. A partir de ahora, las propias empresas podr\u00e1n encargarse de construir la infraestructura y <strong>acceder a una prioridad de uso durante un per\u00edodo determinado<\/strong>.<\/p>\n<p class=\"com-paragraph   --s\">Esta era una demanda de las compa\u00f1\u00edas que desarrollan <strong>proyectos de litio y cobre en el norte argentino<\/strong>. Se trata de industrias intensivas en consumo el\u00e9ctrico, pero con problemas de abastecimiento, que actualmente <strong>dependen de grupos electr\u00f3genos alimentados a gasoil<\/strong>, m\u00e1s costosos y dif\u00edciles de mantener en zonas remotas.<\/p>\n<div class=\"content-media\">\n<section role=\"button\" class=\"mod-media   \">\n<figure role=\"button\" class=\"mod-figure \"><figcaption class=\"mod-figcaption\"><span class=\"com-text --caption --twoxs\">Muchos de los proyectos de miner\u00eda se abastecen con grupos electr\u00f3genos, dado que no hay l\u00edneas de transmisi\u00f3n<\/span><span class=\"com-text --credit --twoxs\">Gentileza R\u00edo Tinto<\/span><\/figcaption><\/figure>\n<\/section>\n<\/div>\n<p class=\"com-paragraph   --s\">Tambi\u00e9n era una demanda de las empresas generadoras de energ\u00eda renovable, que hoy construyen parques e\u00f3licos y solares no en las zonas con mejores condiciones naturales, <strong>sino en aquellos lugares donde hay capacidad disponible en las l\u00edneas de alta tensi\u00f3n<\/strong> para despachar la energ\u00eda.<\/p>\n<p class=\"com-paragraph   --s\">\u201cCon el objetivo de propiciar condiciones adecuadas para la inversi\u00f3n privada, resulta necesario, oportuno y <strong>conveniente introducir modificaciones espec\u00edficas a la modalidad de \u2018ampliaciones de la capacidad <\/strong>de transporte por contratos entre partes\u2019\u201d, se\u00f1ala la resoluci\u00f3n.<\/p>\n<p class=\"com-paragraph   --s\">Con este cambio, los privados que ampl\u00eden l\u00edneas de transmisi\u00f3n<strong> podr\u00e1n acceder a prioridad de uso frente a terceros durante el per\u00edodo de vida \u00fatil <\/strong>del proyecto. \u201cEsto permitir\u00e1 simplificar la autorizaci\u00f3n para la construcci\u00f3n de una l\u00ednea u otra instalaci\u00f3n de transporte de energ\u00eda el\u00e9ctrica\u201d, agrega el texto oficial.<\/p>\n<section class=\"container-center-100 mb-40 border border-bottom border-thin border-neutral-light-700\">\n<hr\/>\n<\/section>\n<\/div>\n","protected":false},"excerpt":{"rendered":"<p>De a poco, el Gobierno comienza a dar pasos para resolver el principal problema que enfrenta hoy el sector energ\u00e9tico: la falta de inversi\u00f3n en l\u00edneas de transmisi\u00f3n el\u00e9ctrica, que genera un cuello de botella para toda la actividad econ\u00f3mica. Esta carencia impide el desarrollo de proyectos mineros, renovables y de hidrocarburos. Sin transporte el\u00e9ctrico, [&hellip;]<\/p>\n","protected":false},"author":1,"featured_media":103007,"comment_status":"closed","ping_status":"closed","sticky":false,"template":"","format":"standard","meta":{"footnotes":""},"categories":[28],"tags":[],"class_list":["post-138590","post","type-post","status-publish","format-standard","has-post-thumbnail","hentry","category-economia"],"yoast_head":"<!-- This site is optimized with the Yoast SEO plugin v24.4 - https:\/\/yoast.com\/wordpress\/plugins\/seo\/ -->\n<title>El Gobierno avanza con un plan de US$1900 millones para enfrentar los cortes de luz en el verano - GYS NOTICIAS |<\/title>\n<meta name=\"robots\" content=\"index, follow, max-snippet:-1, max-image-preview:large, max-video-preview:-1\" \/>\n<link rel=\"canonical\" href=\"https:\/\/gysfm.com.ar\/inicio\/el-gobierno-avanza-con-un-plan-de-us1900-millones-para-enfrentar-los-cortes-de-luz-en-el-verano\/\" \/>\n<meta property=\"og:locale\" content=\"es_ES\" \/>\n<meta property=\"og:type\" content=\"article\" \/>\n<meta property=\"og:title\" content=\"El Gobierno avanza con un plan de US$1900 millones para enfrentar los cortes de luz en el verano - GYS NOTICIAS |\" \/>\n<meta property=\"og:description\" content=\"De a poco, el Gobierno comienza a dar pasos para resolver el principal problema que enfrenta hoy el sector energ\u00e9tico: la falta de inversi\u00f3n en l\u00edneas de transmisi\u00f3n el\u00e9ctrica, que genera un cuello de botella para toda la actividad econ\u00f3mica. Esta carencia impide el desarrollo de proyectos mineros, renovables y de hidrocarburos. Sin transporte el\u00e9ctrico, [&hellip;]\" \/>\n<meta property=\"og:url\" content=\"https:\/\/gysfm.com.ar\/inicio\/el-gobierno-avanza-con-un-plan-de-us1900-millones-para-enfrentar-los-cortes-de-luz-en-el-verano\/\" \/>\n<meta property=\"og:site_name\" content=\"GYS NOTICIAS |\" \/>\n<meta property=\"article:published_time\" content=\"2025-07-23T04:48:25+00:00\" \/>\n<meta property=\"article:modified_time\" content=\"2025-07-23T04:48:26+00:00\" \/>\n<meta property=\"og:image\" content=\"https:\/\/gysfm.com.ar\/inicio\/wp-content\/uploads\/2025\/03\/eeuu-podria-recibir-mas-aumentos-por-parte-de-W5MCA6ZHOFHWRH7V4PQL2LTQJQ.jpg\" \/>\n\t<meta property=\"og:image:width\" content=\"1200\" \/>\n\t<meta property=\"og:image:height\" content=\"800\" \/>\n\t<meta property=\"og:image:type\" content=\"image\/jpeg\" \/>\n<meta name=\"author\" content=\"admin\" \/>\n<meta name=\"twitter:card\" content=\"summary_large_image\" \/>\n<meta name=\"twitter:label1\" content=\"Escrito por\" \/>\n\t<meta name=\"twitter:data1\" content=\"admin\" \/>\n\t<meta name=\"twitter:label2\" content=\"Tiempo de lectura\" \/>\n\t<meta name=\"twitter:data2\" content=\"5 minutos\" \/>\n<script type=\"application\/ld+json\" class=\"yoast-schema-graph\">{\"@context\":\"https:\/\/schema.org\",\"@graph\":[{\"@type\":\"Article\",\"@id\":\"https:\/\/gysfm.com.ar\/inicio\/el-gobierno-avanza-con-un-plan-de-us1900-millones-para-enfrentar-los-cortes-de-luz-en-el-verano\/#article\",\"isPartOf\":{\"@id\":\"https:\/\/gysfm.com.ar\/inicio\/el-gobierno-avanza-con-un-plan-de-us1900-millones-para-enfrentar-los-cortes-de-luz-en-el-verano\/\"},\"author\":{\"name\":\"admin\",\"@id\":\"https:\/\/gysfm.com.ar\/inicio\/#\/schema\/person\/5bedd7ecd35cc35548d89effafa23696\"},\"headline\":\"El Gobierno avanza con un plan de US$1900 millones para enfrentar los cortes de luz en el verano\",\"datePublished\":\"2025-07-23T04:48:25+00:00\",\"dateModified\":\"2025-07-23T04:48:26+00:00\",\"mainEntityOfPage\":{\"@id\":\"https:\/\/gysfm.com.ar\/inicio\/el-gobierno-avanza-con-un-plan-de-us1900-millones-para-enfrentar-los-cortes-de-luz-en-el-verano\/\"},\"wordCount\":1002,\"publisher\":{\"@id\":\"https:\/\/gysfm.com.ar\/inicio\/#organization\"},\"image\":{\"@id\":\"https:\/\/gysfm.com.ar\/inicio\/el-gobierno-avanza-con-un-plan-de-us1900-millones-para-enfrentar-los-cortes-de-luz-en-el-verano\/#primaryimage\"},\"thumbnailUrl\":\"https:\/\/gysfm.com.ar\/inicio\/wp-content\/uploads\/2025\/03\/eeuu-podria-recibir-mas-aumentos-por-parte-de-W5MCA6ZHOFHWRH7V4PQL2LTQJQ.jpg\",\"articleSection\":[\"ECONOMIA\"],\"inLanguage\":\"es\"},{\"@type\":\"WebPage\",\"@id\":\"https:\/\/gysfm.com.ar\/inicio\/el-gobierno-avanza-con-un-plan-de-us1900-millones-para-enfrentar-los-cortes-de-luz-en-el-verano\/\",\"url\":\"https:\/\/gysfm.com.ar\/inicio\/el-gobierno-avanza-con-un-plan-de-us1900-millones-para-enfrentar-los-cortes-de-luz-en-el-verano\/\",\"name\":\"El Gobierno avanza con un plan de US$1900 millones para enfrentar los cortes de luz en el verano - GYS NOTICIAS |\",\"isPartOf\":{\"@id\":\"https:\/\/gysfm.com.ar\/inicio\/#website\"},\"primaryImageOfPage\":{\"@id\":\"https:\/\/gysfm.com.ar\/inicio\/el-gobierno-avanza-con-un-plan-de-us1900-millones-para-enfrentar-los-cortes-de-luz-en-el-verano\/#primaryimage\"},\"image\":{\"@id\":\"https:\/\/gysfm.com.ar\/inicio\/el-gobierno-avanza-con-un-plan-de-us1900-millones-para-enfrentar-los-cortes-de-luz-en-el-verano\/#primaryimage\"},\"thumbnailUrl\":\"https:\/\/gysfm.com.ar\/inicio\/wp-content\/uploads\/2025\/03\/eeuu-podria-recibir-mas-aumentos-por-parte-de-W5MCA6ZHOFHWRH7V4PQL2LTQJQ.jpg\",\"datePublished\":\"2025-07-23T04:48:25+00:00\",\"dateModified\":\"2025-07-23T04:48:26+00:00\",\"breadcrumb\":{\"@id\":\"https:\/\/gysfm.com.ar\/inicio\/el-gobierno-avanza-con-un-plan-de-us1900-millones-para-enfrentar-los-cortes-de-luz-en-el-verano\/#breadcrumb\"},\"inLanguage\":\"es\",\"potentialAction\":[{\"@type\":\"ReadAction\",\"target\":[\"https:\/\/gysfm.com.ar\/inicio\/el-gobierno-avanza-con-un-plan-de-us1900-millones-para-enfrentar-los-cortes-de-luz-en-el-verano\/\"]}]},{\"@type\":\"ImageObject\",\"inLanguage\":\"es\",\"@id\":\"https:\/\/gysfm.com.ar\/inicio\/el-gobierno-avanza-con-un-plan-de-us1900-millones-para-enfrentar-los-cortes-de-luz-en-el-verano\/#primaryimage\",\"url\":\"https:\/\/gysfm.com.ar\/inicio\/wp-content\/uploads\/2025\/03\/eeuu-podria-recibir-mas-aumentos-por-parte-de-W5MCA6ZHOFHWRH7V4PQL2LTQJQ.jpg\",\"contentUrl\":\"https:\/\/gysfm.com.ar\/inicio\/wp-content\/uploads\/2025\/03\/eeuu-podria-recibir-mas-aumentos-por-parte-de-W5MCA6ZHOFHWRH7V4PQL2LTQJQ.jpg\",\"width\":1200,\"height\":800},{\"@type\":\"BreadcrumbList\",\"@id\":\"https:\/\/gysfm.com.ar\/inicio\/el-gobierno-avanza-con-un-plan-de-us1900-millones-para-enfrentar-los-cortes-de-luz-en-el-verano\/#breadcrumb\",\"itemListElement\":[{\"@type\":\"ListItem\",\"position\":1,\"name\":\"Portada\",\"item\":\"https:\/\/gysfm.com.ar\/inicio\/\"},{\"@type\":\"ListItem\",\"position\":2,\"name\":\"El Gobierno avanza con un plan de US$1900 millones para enfrentar los cortes de luz en el verano\"}]},{\"@type\":\"WebSite\",\"@id\":\"https:\/\/gysfm.com.ar\/inicio\/#website\",\"url\":\"https:\/\/gysfm.com.ar\/inicio\/\",\"name\":\"GYS NOTICIAS |\",\"description\":\"DIARIO - RADIO ONLINE SAN JUAN ARGENTINA\",\"publisher\":{\"@id\":\"https:\/\/gysfm.com.ar\/inicio\/#organization\"},\"potentialAction\":[{\"@type\":\"SearchAction\",\"target\":{\"@type\":\"EntryPoint\",\"urlTemplate\":\"https:\/\/gysfm.com.ar\/inicio\/?s={search_term_string}\"},\"query-input\":{\"@type\":\"PropertyValueSpecification\",\"valueRequired\":true,\"valueName\":\"search_term_string\"}}],\"inLanguage\":\"es\"},{\"@type\":\"Organization\",\"@id\":\"https:\/\/gysfm.com.ar\/inicio\/#organization\",\"name\":\"GYS NOTICIAS |\",\"url\":\"https:\/\/gysfm.com.ar\/inicio\/\",\"logo\":{\"@type\":\"ImageObject\",\"inLanguage\":\"es\",\"@id\":\"https:\/\/gysfm.com.ar\/inicio\/#\/schema\/logo\/image\/\",\"url\":\"https:\/\/gysfm.com.ar\/inicio\/wp-content\/uploads\/2023\/07\/LOGOGYS-OK.png\",\"contentUrl\":\"https:\/\/gysfm.com.ar\/inicio\/wp-content\/uploads\/2023\/07\/LOGOGYS-OK.png\",\"width\":1170,\"height\":872,\"caption\":\"GYS NOTICIAS |\"},\"image\":{\"@id\":\"https:\/\/gysfm.com.ar\/inicio\/#\/schema\/logo\/image\/\"}},{\"@type\":\"Person\",\"@id\":\"https:\/\/gysfm.com.ar\/inicio\/#\/schema\/person\/5bedd7ecd35cc35548d89effafa23696\",\"name\":\"admin\",\"image\":{\"@type\":\"ImageObject\",\"inLanguage\":\"es\",\"@id\":\"https:\/\/gysfm.com.ar\/inicio\/#\/schema\/person\/image\/\",\"url\":\"https:\/\/secure.gravatar.com\/avatar\/c331d312b5243fb64d5ba28108a447b27c925295129a363082c9ea52c28d32c2?s=96&d=mm&r=g\",\"contentUrl\":\"https:\/\/secure.gravatar.com\/avatar\/c331d312b5243fb64d5ba28108a447b27c925295129a363082c9ea52c28d32c2?s=96&d=mm&r=g\",\"caption\":\"admin\"},\"sameAs\":[\"https:\/\/gysfm.com.ar\/inicio\"],\"url\":\"https:\/\/gysfm.com.ar\/inicio\/author\/admin\/\"}]}<\/script>\n<!-- \/ Yoast SEO plugin. -->","yoast_head_json":{"title":"El Gobierno avanza con un plan de US$1900 millones para enfrentar los cortes de luz en el verano - GYS NOTICIAS |","robots":{"index":"index","follow":"follow","max-snippet":"max-snippet:-1","max-image-preview":"max-image-preview:large","max-video-preview":"max-video-preview:-1"},"canonical":"https:\/\/gysfm.com.ar\/inicio\/el-gobierno-avanza-con-un-plan-de-us1900-millones-para-enfrentar-los-cortes-de-luz-en-el-verano\/","og_locale":"es_ES","og_type":"article","og_title":"El Gobierno avanza con un plan de US$1900 millones para enfrentar los cortes de luz en el verano - GYS NOTICIAS |","og_description":"De a poco, el Gobierno comienza a dar pasos para resolver el principal problema que enfrenta hoy el sector energ\u00e9tico: la falta de inversi\u00f3n en l\u00edneas de transmisi\u00f3n el\u00e9ctrica, que genera un cuello de botella para toda la actividad econ\u00f3mica. Esta carencia impide el desarrollo de proyectos mineros, renovables y de hidrocarburos. Sin transporte el\u00e9ctrico, [&hellip;]","og_url":"https:\/\/gysfm.com.ar\/inicio\/el-gobierno-avanza-con-un-plan-de-us1900-millones-para-enfrentar-los-cortes-de-luz-en-el-verano\/","og_site_name":"GYS NOTICIAS |","article_published_time":"2025-07-23T04:48:25+00:00","article_modified_time":"2025-07-23T04:48:26+00:00","og_image":[{"width":1200,"height":800,"url":"https:\/\/gysfm.com.ar\/inicio\/wp-content\/uploads\/2025\/03\/eeuu-podria-recibir-mas-aumentos-por-parte-de-W5MCA6ZHOFHWRH7V4PQL2LTQJQ.jpg","type":"image\/jpeg"}],"author":"admin","twitter_card":"summary_large_image","twitter_misc":{"Escrito por":"admin","Tiempo de lectura":"5 minutos"},"schema":{"@context":"https:\/\/schema.org","@graph":[{"@type":"Article","@id":"https:\/\/gysfm.com.ar\/inicio\/el-gobierno-avanza-con-un-plan-de-us1900-millones-para-enfrentar-los-cortes-de-luz-en-el-verano\/#article","isPartOf":{"@id":"https:\/\/gysfm.com.ar\/inicio\/el-gobierno-avanza-con-un-plan-de-us1900-millones-para-enfrentar-los-cortes-de-luz-en-el-verano\/"},"author":{"name":"admin","@id":"https:\/\/gysfm.com.ar\/inicio\/#\/schema\/person\/5bedd7ecd35cc35548d89effafa23696"},"headline":"El Gobierno avanza con un plan de US$1900 millones para enfrentar los cortes de luz en el verano","datePublished":"2025-07-23T04:48:25+00:00","dateModified":"2025-07-23T04:48:26+00:00","mainEntityOfPage":{"@id":"https:\/\/gysfm.com.ar\/inicio\/el-gobierno-avanza-con-un-plan-de-us1900-millones-para-enfrentar-los-cortes-de-luz-en-el-verano\/"},"wordCount":1002,"publisher":{"@id":"https:\/\/gysfm.com.ar\/inicio\/#organization"},"image":{"@id":"https:\/\/gysfm.com.ar\/inicio\/el-gobierno-avanza-con-un-plan-de-us1900-millones-para-enfrentar-los-cortes-de-luz-en-el-verano\/#primaryimage"},"thumbnailUrl":"https:\/\/gysfm.com.ar\/inicio\/wp-content\/uploads\/2025\/03\/eeuu-podria-recibir-mas-aumentos-por-parte-de-W5MCA6ZHOFHWRH7V4PQL2LTQJQ.jpg","articleSection":["ECONOMIA"],"inLanguage":"es"},{"@type":"WebPage","@id":"https:\/\/gysfm.com.ar\/inicio\/el-gobierno-avanza-con-un-plan-de-us1900-millones-para-enfrentar-los-cortes-de-luz-en-el-verano\/","url":"https:\/\/gysfm.com.ar\/inicio\/el-gobierno-avanza-con-un-plan-de-us1900-millones-para-enfrentar-los-cortes-de-luz-en-el-verano\/","name":"El Gobierno avanza con un plan de US$1900 millones para enfrentar los cortes de luz en el verano - GYS NOTICIAS |","isPartOf":{"@id":"https:\/\/gysfm.com.ar\/inicio\/#website"},"primaryImageOfPage":{"@id":"https:\/\/gysfm.com.ar\/inicio\/el-gobierno-avanza-con-un-plan-de-us1900-millones-para-enfrentar-los-cortes-de-luz-en-el-verano\/#primaryimage"},"image":{"@id":"https:\/\/gysfm.com.ar\/inicio\/el-gobierno-avanza-con-un-plan-de-us1900-millones-para-enfrentar-los-cortes-de-luz-en-el-verano\/#primaryimage"},"thumbnailUrl":"https:\/\/gysfm.com.ar\/inicio\/wp-content\/uploads\/2025\/03\/eeuu-podria-recibir-mas-aumentos-por-parte-de-W5MCA6ZHOFHWRH7V4PQL2LTQJQ.jpg","datePublished":"2025-07-23T04:48:25+00:00","dateModified":"2025-07-23T04:48:26+00:00","breadcrumb":{"@id":"https:\/\/gysfm.com.ar\/inicio\/el-gobierno-avanza-con-un-plan-de-us1900-millones-para-enfrentar-los-cortes-de-luz-en-el-verano\/#breadcrumb"},"inLanguage":"es","potentialAction":[{"@type":"ReadAction","target":["https:\/\/gysfm.com.ar\/inicio\/el-gobierno-avanza-con-un-plan-de-us1900-millones-para-enfrentar-los-cortes-de-luz-en-el-verano\/"]}]},{"@type":"ImageObject","inLanguage":"es","@id":"https:\/\/gysfm.com.ar\/inicio\/el-gobierno-avanza-con-un-plan-de-us1900-millones-para-enfrentar-los-cortes-de-luz-en-el-verano\/#primaryimage","url":"https:\/\/gysfm.com.ar\/inicio\/wp-content\/uploads\/2025\/03\/eeuu-podria-recibir-mas-aumentos-por-parte-de-W5MCA6ZHOFHWRH7V4PQL2LTQJQ.jpg","contentUrl":"https:\/\/gysfm.com.ar\/inicio\/wp-content\/uploads\/2025\/03\/eeuu-podria-recibir-mas-aumentos-por-parte-de-W5MCA6ZHOFHWRH7V4PQL2LTQJQ.jpg","width":1200,"height":800},{"@type":"BreadcrumbList","@id":"https:\/\/gysfm.com.ar\/inicio\/el-gobierno-avanza-con-un-plan-de-us1900-millones-para-enfrentar-los-cortes-de-luz-en-el-verano\/#breadcrumb","itemListElement":[{"@type":"ListItem","position":1,"name":"Portada","item":"https:\/\/gysfm.com.ar\/inicio\/"},{"@type":"ListItem","position":2,"name":"El Gobierno avanza con un plan de US$1900 millones para enfrentar los cortes de luz en el verano"}]},{"@type":"WebSite","@id":"https:\/\/gysfm.com.ar\/inicio\/#website","url":"https:\/\/gysfm.com.ar\/inicio\/","name":"GYS NOTICIAS |","description":"DIARIO - RADIO ONLINE SAN JUAN ARGENTINA","publisher":{"@id":"https:\/\/gysfm.com.ar\/inicio\/#organization"},"potentialAction":[{"@type":"SearchAction","target":{"@type":"EntryPoint","urlTemplate":"https:\/\/gysfm.com.ar\/inicio\/?s={search_term_string}"},"query-input":{"@type":"PropertyValueSpecification","valueRequired":true,"valueName":"search_term_string"}}],"inLanguage":"es"},{"@type":"Organization","@id":"https:\/\/gysfm.com.ar\/inicio\/#organization","name":"GYS NOTICIAS |","url":"https:\/\/gysfm.com.ar\/inicio\/","logo":{"@type":"ImageObject","inLanguage":"es","@id":"https:\/\/gysfm.com.ar\/inicio\/#\/schema\/logo\/image\/","url":"https:\/\/gysfm.com.ar\/inicio\/wp-content\/uploads\/2023\/07\/LOGOGYS-OK.png","contentUrl":"https:\/\/gysfm.com.ar\/inicio\/wp-content\/uploads\/2023\/07\/LOGOGYS-OK.png","width":1170,"height":872,"caption":"GYS NOTICIAS |"},"image":{"@id":"https:\/\/gysfm.com.ar\/inicio\/#\/schema\/logo\/image\/"}},{"@type":"Person","@id":"https:\/\/gysfm.com.ar\/inicio\/#\/schema\/person\/5bedd7ecd35cc35548d89effafa23696","name":"admin","image":{"@type":"ImageObject","inLanguage":"es","@id":"https:\/\/gysfm.com.ar\/inicio\/#\/schema\/person\/image\/","url":"https:\/\/secure.gravatar.com\/avatar\/c331d312b5243fb64d5ba28108a447b27c925295129a363082c9ea52c28d32c2?s=96&d=mm&r=g","contentUrl":"https:\/\/secure.gravatar.com\/avatar\/c331d312b5243fb64d5ba28108a447b27c925295129a363082c9ea52c28d32c2?s=96&d=mm&r=g","caption":"admin"},"sameAs":["https:\/\/gysfm.com.ar\/inicio"],"url":"https:\/\/gysfm.com.ar\/inicio\/author\/admin\/"}]}},"_links":{"self":[{"href":"https:\/\/gysfm.com.ar\/inicio\/wp-json\/wp\/v2\/posts\/138590","targetHints":{"allow":["GET"]}}],"collection":[{"href":"https:\/\/gysfm.com.ar\/inicio\/wp-json\/wp\/v2\/posts"}],"about":[{"href":"https:\/\/gysfm.com.ar\/inicio\/wp-json\/wp\/v2\/types\/post"}],"author":[{"embeddable":true,"href":"https:\/\/gysfm.com.ar\/inicio\/wp-json\/wp\/v2\/users\/1"}],"replies":[{"embeddable":true,"href":"https:\/\/gysfm.com.ar\/inicio\/wp-json\/wp\/v2\/comments?post=138590"}],"version-history":[{"count":1,"href":"https:\/\/gysfm.com.ar\/inicio\/wp-json\/wp\/v2\/posts\/138590\/revisions"}],"predecessor-version":[{"id":138591,"href":"https:\/\/gysfm.com.ar\/inicio\/wp-json\/wp\/v2\/posts\/138590\/revisions\/138591"}],"wp:featuredmedia":[{"embeddable":true,"href":"https:\/\/gysfm.com.ar\/inicio\/wp-json\/wp\/v2\/media\/103007"}],"wp:attachment":[{"href":"https:\/\/gysfm.com.ar\/inicio\/wp-json\/wp\/v2\/media?parent=138590"}],"wp:term":[{"taxonomy":"category","embeddable":true,"href":"https:\/\/gysfm.com.ar\/inicio\/wp-json\/wp\/v2\/categories?post=138590"},{"taxonomy":"post_tag","embeddable":true,"href":"https:\/\/gysfm.com.ar\/inicio\/wp-json\/wp\/v2\/tags?post=138590"}],"curies":[{"name":"wp","href":"https:\/\/api.w.org\/{rel}","templated":true}]}}