{"id":138586,"date":"2025-07-23T01:42:08","date_gmt":"2025-07-23T04:42:08","guid":{"rendered":"https:\/\/gysfm.com.ar\/inicio\/libra-hayden-davis-transfirio-medio-millon-de-dolares-cuando-comenzo-su-reunion-con-milei\/"},"modified":"2025-07-23T01:42:08","modified_gmt":"2025-07-23T04:42:08","slug":"libra-hayden-davis-transfirio-medio-millon-de-dolares-cuando-comenzo-su-reunion-con-milei","status":"publish","type":"post","link":"https:\/\/gysfm.com.ar\/inicio\/libra-hayden-davis-transfirio-medio-millon-de-dolares-cuando-comenzo-su-reunion-con-milei\/","title":{"rendered":"$Libra: Hayden Davis transfiri\u00f3 medio mill\u00f3n de d\u00f3lares cuando comenz\u00f3 su reuni\u00f3n con Milei"},"content":{"rendered":"<p><\/p>\n<div id=\"article-content\">\n<p>Una cuenta vinculada al desarrollador de <a target=\"_blank\" href=\"https:\/\/www.perfil.com\/noticias\/politica\/una-por-una-en-que-estado-estan-las-investigaciones-por-el-escandalo-libra.phtml\">$Libra<\/a>, Hayden Davis, <strong>hizo un dep\u00f3sito por US$499.000 a un banco virtual el 30 de enero a las 14 horas<\/strong>. El dato, que se acaba de conocer, resulta revelador, ya que el d\u00eda y el horario coinciden con la reuni\u00f3n que tuvo el joven estadounidense con Javier Milei en Casa Rosada. <\/p>\n<p>La cuenta que hizo el dep\u00f3sito es an\u00f3nima, pero est\u00e1 vinculada a Davis a trav\u00e9s de $Melania, otro token en la que particip\u00f3 el desarrollador. La plataforma bancaria digital que lo recibi\u00f3, Kraken, es utilizada para convertir dinero virtual en efectivo real. Horas despu\u00e9s de que finalizara el encuentro en <a target=\"_blank\" href=\"https:\/\/www.perfil.com\/noticias\/bravotv\/cerraron-la-uti-del-caso-libra-florencia-zicavo-la-funcionaria-que-opero-en-silencio.phtml\">Casa Rosada<\/a>, <strong>esta misma cuenta movi\u00f3 m\u00e1s de US$3,4 millones a otras billeteras<\/strong>, \u00abtambi\u00e9n vinculadas directa o indirectamente con el creador de $Libra\u00bb, explic\u00f3 <em>La Naci\u00f3n<\/em>.  <\/p>\n<div class=\"subscription\">\n<p>\n        Esto no les gusta a los autoritarios\n    <\/p>\n<div class=\"subscription__container\">\n<div class=\"subscription__text-wrapper\">\n<p>\n                El ejercicio del periodismo profesional y cr\u00edtico es un pilar fundamental de la democracia. Por eso molesta a quienes creen ser los due\u00f1os de la verdad.\n            <\/p>\n<\/p><\/div><\/div>\n<\/div>\n<p class=\"destacadoNota\"><a target=\"_blank\" href=\"https:\/\/www.perfil.com\/noticias\/politica\/davis-sigue-culpando-a-milei-por-libra-la-eliminacion-de-su-posteo-fue-lo-que-destruyo-la-confianza.phtml\">Davis sigue culpando a Milei por $LIBRA: \u00abLa eliminaci\u00f3n de su posteo fue lo que destruy\u00f3 la confianza\u00bb<\/a><\/p>\n<p>En el encuentro en los despachos de Balcarce 50 estuvieron <a target=\"_blank\" href=\"https:\/\/www.perfil.com\/noticias\/columnistas\/libra-todo-apunta-a-que-milei-no-sea-juzgado-en-eeuu-por-carlos-burgueno.phtml\">Milei<\/a>, Davis y <strong>Mauricio Novelli<\/strong>, uno de los socios del Tech Forum, involucrado tambi\u00e9n en la investigaci\u00f3n judicial. <\/p>\n<p>Los movimientos que ahora est\u00e1n en la mira comenzaron 10 d\u00edas antes de la reuni\u00f3n, el 20 de enero, cuando <strong>una billetera an\u00f3nima recibi\u00f3 500.000 unidades de $Melania desde otra cuenta<\/strong>. La cantidad, en ese momento, representaba unos US$4,9 millones. En una hora, la <em>walet<\/em> vendi\u00f3 una parte significativa de esos tokens. La recaudaci\u00f3n se movi\u00f3 el 30 de enero, cuando la cuenta reanud\u00f3 su actividad enviando el dinero al banco virtual.  <\/p>\n<p class=\"destacadoNota\"><a target=\"_blank\" href=\"https:\/\/www.perfil.com\/noticias\/politica\/se-reabre-el-caso-libra-un-fiscal-dictamino-que-la-cuenta-verificada-en-x-de-javier-milei-fue-usada-con-fines-oficiales.phtml\">\u00bfSe reabre el caso $Libra?: un fiscal dictamin\u00f3 que la cuenta verificada en X de Javier Milei fue usada con fines oficiales<\/a><\/p>\n<p>Los US$3,4 millones correspondientes a la segunda tanda de operaciones, las que se hicieron luego de la renuni\u00f3n, se dividieron en dos cuentas. Seg\u00fan se observa en la plataforma Arkham, la operaci\u00f3n fue ejecutada 22 minutos antes de que el presidente Milei publicara en X la foto con Davis en Rosada. <\/p>\n<h2><strong>Operaciones sospechosas<\/strong><\/h2>\n<p>El nuevo dato se suma a la lista de <strong>operaciones sospechosas que investiga la Justicia<\/strong>. Desde que Milei public\u00f3 el tuit que promocion\u00f3 $Libra y su inmediato desplome, los expertos en blockchain analizan los movimientos de dinero que se hicieron antes y despu\u00e9s del esc\u00e1ndalo. <\/p>\n<p>Se est\u00e1n realizando investigaciones en Comodoro Py, Argentina, pero tambi\u00e9n en tribunales de Estados Unidos y Europa. La coincidencia entre el dep\u00f3sito del medio mill\u00f3n de d\u00f3lares y la reuni\u00f3n en Casa Rosada alimenta la hip\u00f3tesis que sostiene que el<a target=\"_blank\" href=\"https:\/\/www.perfil.com\/noticias\/politica\/libra-la-oficina-anticorrupcion-dice-que-milei-no-cometio-delito-al-promocionar-la-criptomoneda.phtml\"> presidente Milei<\/a> no solo estuvo involucrado, sino que su rol fue fundamental. <\/p>\n<p>GL\/fl<\/p>\n<\/p><\/div>\n<p><script>\n                !function(f,b,e,v,n,t,s)\n                {if(f.fbq)return;n=f.fbq=function(){n.callMethod?\n                    n.callMethod.apply(n,arguments):n.queue.push(arguments)};\n                    if(!f._fbq)f._fbq=n;n.push=n;n.loaded=!0;n.version='2.0';\n                    n.queue=[];t=b.createElement(e);t.async=!0;\n                    t.src=v;s=b.getElementsByTagName(e)[0];\n                    s.parentNode.insertBefore(t,s)}(window, document,'script',\n                    'https:\/\/connect.facebook.net\/en_US\/fbevents.js');\n                window.paywallConfig.facebook_pixel=\"1000228364089342\"\n            <\/script><\/p>\n","protected":false},"excerpt":{"rendered":"<p>Una cuenta vinculada al desarrollador de $Libra, Hayden Davis, hizo un dep\u00f3sito por US$499.000 a un banco virtual el 30 de enero a las 14 horas. El dato, que se acaba de conocer, resulta revelador, ya que el d\u00eda y el horario coinciden con la reuni\u00f3n que tuvo el joven estadounidense con Javier Milei en [&hellip;]<\/p>\n","protected":false},"author":2,"featured_media":125546,"comment_status":"closed","ping_status":"closed","sticky":false,"template":"","format":"standard","meta":{"footnotes":""},"categories":[25],"tags":[],"class_list":["post-138586","post","type-post","status-publish","format-standard","has-post-thumbnail","hentry","category-nacionales"],"yoast_head":"<!-- This site is optimized with the Yoast SEO plugin v24.4 - https:\/\/yoast.com\/wordpress\/plugins\/seo\/ -->\n<title>$Libra: Hayden Davis transfiri\u00f3 medio mill\u00f3n de d\u00f3lares cuando comenz\u00f3 su reuni\u00f3n con Milei - GYS NOTICIAS |<\/title>\n<meta name=\"robots\" content=\"index, follow, max-snippet:-1, max-image-preview:large, max-video-preview:-1\" \/>\n<link rel=\"canonical\" href=\"https:\/\/gysfm.com.ar\/inicio\/libra-hayden-davis-transfirio-medio-millon-de-dolares-cuando-comenzo-su-reunion-con-milei\/\" \/>\n<meta property=\"og:locale\" content=\"es_ES\" \/>\n<meta property=\"og:type\" content=\"article\" \/>\n<meta property=\"og:title\" content=\"$Libra: Hayden Davis transfiri\u00f3 medio mill\u00f3n de d\u00f3lares cuando comenz\u00f3 su reuni\u00f3n con Milei - GYS NOTICIAS |\" \/>\n<meta property=\"og:description\" content=\"Una cuenta vinculada al desarrollador de $Libra, Hayden Davis, hizo un dep\u00f3sito por US$499.000 a un banco virtual el 30 de enero a las 14 horas. El dato, que se acaba de conocer, resulta revelador, ya que el d\u00eda y el horario coinciden con la reuni\u00f3n que tuvo el joven estadounidense con Javier Milei en [&hellip;]\" \/>\n<meta property=\"og:url\" content=\"https:\/\/gysfm.com.ar\/inicio\/libra-hayden-davis-transfirio-medio-millon-de-dolares-cuando-comenzo-su-reunion-con-milei\/\" \/>\n<meta property=\"og:site_name\" content=\"GYS NOTICIAS |\" \/>\n<meta property=\"article:published_time\" content=\"2025-07-23T04:42:08+00:00\" \/>\n<meta name=\"author\" content=\"Prensa G&amp;S FM\" \/>\n<meta name=\"twitter:card\" content=\"summary_large_image\" \/>\n<meta name=\"twitter:label1\" content=\"Escrito por\" \/>\n\t<meta name=\"twitter:data1\" content=\"Prensa G&amp;S FM\" \/>\n\t<meta name=\"twitter:label2\" content=\"Tiempo de lectura\" \/>\n\t<meta name=\"twitter:data2\" content=\"2 minutos\" \/>\n<script type=\"application\/ld+json\" class=\"yoast-schema-graph\">{\"@context\":\"https:\/\/schema.org\",\"@graph\":[{\"@type\":\"Article\",\"@id\":\"https:\/\/gysfm.com.ar\/inicio\/libra-hayden-davis-transfirio-medio-millon-de-dolares-cuando-comenzo-su-reunion-con-milei\/#article\",\"isPartOf\":{\"@id\":\"https:\/\/gysfm.com.ar\/inicio\/libra-hayden-davis-transfirio-medio-millon-de-dolares-cuando-comenzo-su-reunion-con-milei\/\"},\"author\":{\"name\":\"Prensa G&amp;S FM\",\"@id\":\"https:\/\/gysfm.com.ar\/inicio\/#\/schema\/person\/3abba7593ef2ad19e1be221d54383dc5\"},\"headline\":\"$Libra: Hayden Davis transfiri\u00f3 medio mill\u00f3n de d\u00f3lares cuando comenz\u00f3 su reuni\u00f3n con Milei\",\"datePublished\":\"2025-07-23T04:42:08+00:00\",\"mainEntityOfPage\":{\"@id\":\"https:\/\/gysfm.com.ar\/inicio\/libra-hayden-davis-transfirio-medio-millon-de-dolares-cuando-comenzo-su-reunion-con-milei\/\"},\"wordCount\":499,\"publisher\":{\"@id\":\"https:\/\/gysfm.com.ar\/inicio\/#organization\"},\"image\":{\"@id\":\"https:\/\/gysfm.com.ar\/inicio\/libra-hayden-davis-transfirio-medio-millon-de-dolares-cuando-comenzo-su-reunion-con-milei\/#primaryimage\"},\"thumbnailUrl\":\"https:\/\/gysfm.com.ar\/inicio\/wp-content\/uploads\/2025\/05\/javier-milei-y-hayden-davis-el-joven-apuntado-como-el-creador-de-libra-2026371.jpg\",\"articleSection\":[\"NACIONALES\"],\"inLanguage\":\"es\"},{\"@type\":\"WebPage\",\"@id\":\"https:\/\/gysfm.com.ar\/inicio\/libra-hayden-davis-transfirio-medio-millon-de-dolares-cuando-comenzo-su-reunion-con-milei\/\",\"url\":\"https:\/\/gysfm.com.ar\/inicio\/libra-hayden-davis-transfirio-medio-millon-de-dolares-cuando-comenzo-su-reunion-con-milei\/\",\"name\":\"$Libra: Hayden Davis transfiri\u00f3 medio mill\u00f3n de d\u00f3lares cuando comenz\u00f3 su reuni\u00f3n con Milei - GYS NOTICIAS |\",\"isPartOf\":{\"@id\":\"https:\/\/gysfm.com.ar\/inicio\/#website\"},\"primaryImageOfPage\":{\"@id\":\"https:\/\/gysfm.com.ar\/inicio\/libra-hayden-davis-transfirio-medio-millon-de-dolares-cuando-comenzo-su-reunion-con-milei\/#primaryimage\"},\"image\":{\"@id\":\"https:\/\/gysfm.com.ar\/inicio\/libra-hayden-davis-transfirio-medio-millon-de-dolares-cuando-comenzo-su-reunion-con-milei\/#primaryimage\"},\"thumbnailUrl\":\"https:\/\/gysfm.com.ar\/inicio\/wp-content\/uploads\/2025\/05\/javier-milei-y-hayden-davis-el-joven-apuntado-como-el-creador-de-libra-2026371.jpg\",\"datePublished\":\"2025-07-23T04:42:08+00:00\",\"breadcrumb\":{\"@id\":\"https:\/\/gysfm.com.ar\/inicio\/libra-hayden-davis-transfirio-medio-millon-de-dolares-cuando-comenzo-su-reunion-con-milei\/#breadcrumb\"},\"inLanguage\":\"es\",\"potentialAction\":[{\"@type\":\"ReadAction\",\"target\":[\"https:\/\/gysfm.com.ar\/inicio\/libra-hayden-davis-transfirio-medio-millon-de-dolares-cuando-comenzo-su-reunion-con-milei\/\"]}]},{\"@type\":\"ImageObject\",\"inLanguage\":\"es\",\"@id\":\"https:\/\/gysfm.com.ar\/inicio\/libra-hayden-davis-transfirio-medio-millon-de-dolares-cuando-comenzo-su-reunion-con-milei\/#primaryimage\",\"url\":\"https:\/\/gysfm.com.ar\/inicio\/wp-content\/uploads\/2025\/05\/javier-milei-y-hayden-davis-el-joven-apuntado-como-el-creador-de-libra-2026371.jpg\",\"contentUrl\":\"https:\/\/gysfm.com.ar\/inicio\/wp-content\/uploads\/2025\/05\/javier-milei-y-hayden-davis-el-joven-apuntado-como-el-creador-de-libra-2026371.jpg\",\"width\":1140,\"height\":641},{\"@type\":\"BreadcrumbList\",\"@id\":\"https:\/\/gysfm.com.ar\/inicio\/libra-hayden-davis-transfirio-medio-millon-de-dolares-cuando-comenzo-su-reunion-con-milei\/#breadcrumb\",\"itemListElement\":[{\"@type\":\"ListItem\",\"position\":1,\"name\":\"Portada\",\"item\":\"https:\/\/gysfm.com.ar\/inicio\/\"},{\"@type\":\"ListItem\",\"position\":2,\"name\":\"$Libra: Hayden Davis transfiri\u00f3 medio mill\u00f3n de d\u00f3lares cuando comenz\u00f3 su reuni\u00f3n con Milei\"}]},{\"@type\":\"WebSite\",\"@id\":\"https:\/\/gysfm.com.ar\/inicio\/#website\",\"url\":\"https:\/\/gysfm.com.ar\/inicio\/\",\"name\":\"GYS NOTICIAS |\",\"description\":\"DIARIO - RADIO ONLINE SAN JUAN ARGENTINA\",\"publisher\":{\"@id\":\"https:\/\/gysfm.com.ar\/inicio\/#organization\"},\"potentialAction\":[{\"@type\":\"SearchAction\",\"target\":{\"@type\":\"EntryPoint\",\"urlTemplate\":\"https:\/\/gysfm.com.ar\/inicio\/?s={search_term_string}\"},\"query-input\":{\"@type\":\"PropertyValueSpecification\",\"valueRequired\":true,\"valueName\":\"search_term_string\"}}],\"inLanguage\":\"es\"},{\"@type\":\"Organization\",\"@id\":\"https:\/\/gysfm.com.ar\/inicio\/#organization\",\"name\":\"GYS NOTICIAS |\",\"url\":\"https:\/\/gysfm.com.ar\/inicio\/\",\"logo\":{\"@type\":\"ImageObject\",\"inLanguage\":\"es\",\"@id\":\"https:\/\/gysfm.com.ar\/inicio\/#\/schema\/logo\/image\/\",\"url\":\"https:\/\/gysfm.com.ar\/inicio\/wp-content\/uploads\/2023\/07\/LOGOGYS-OK.png\",\"contentUrl\":\"https:\/\/gysfm.com.ar\/inicio\/wp-content\/uploads\/2023\/07\/LOGOGYS-OK.png\",\"width\":1170,\"height\":872,\"caption\":\"GYS NOTICIAS |\"},\"image\":{\"@id\":\"https:\/\/gysfm.com.ar\/inicio\/#\/schema\/logo\/image\/\"}},{\"@type\":\"Person\",\"@id\":\"https:\/\/gysfm.com.ar\/inicio\/#\/schema\/person\/3abba7593ef2ad19e1be221d54383dc5\",\"name\":\"Prensa G&amp;S FM\",\"image\":{\"@type\":\"ImageObject\",\"inLanguage\":\"es\",\"@id\":\"https:\/\/gysfm.com.ar\/inicio\/#\/schema\/person\/image\/\",\"url\":\"https:\/\/secure.gravatar.com\/avatar\/096ec78df02049ab018702bb4ccedf659377fa92a26540b5247612077a0dbd29?s=96&d=mm&r=g\",\"contentUrl\":\"https:\/\/secure.gravatar.com\/avatar\/096ec78df02049ab018702bb4ccedf659377fa92a26540b5247612077a0dbd29?s=96&d=mm&r=g\",\"caption\":\"Prensa G&amp;S FM\"},\"sameAs\":[\"https:\/\/gysfm.com.ar\/\"],\"url\":\"https:\/\/gysfm.com.ar\/inicio\/author\/lucasm\/\"}]}<\/script>\n<!-- \/ Yoast SEO plugin. -->","yoast_head_json":{"title":"$Libra: Hayden Davis transfiri\u00f3 medio mill\u00f3n de d\u00f3lares cuando comenz\u00f3 su reuni\u00f3n con Milei - GYS NOTICIAS |","robots":{"index":"index","follow":"follow","max-snippet":"max-snippet:-1","max-image-preview":"max-image-preview:large","max-video-preview":"max-video-preview:-1"},"canonical":"https:\/\/gysfm.com.ar\/inicio\/libra-hayden-davis-transfirio-medio-millon-de-dolares-cuando-comenzo-su-reunion-con-milei\/","og_locale":"es_ES","og_type":"article","og_title":"$Libra: Hayden Davis transfiri\u00f3 medio mill\u00f3n de d\u00f3lares cuando comenz\u00f3 su reuni\u00f3n con Milei - GYS NOTICIAS |","og_description":"Una cuenta vinculada al desarrollador de $Libra, Hayden Davis, hizo un dep\u00f3sito por US$499.000 a un banco virtual el 30 de enero a las 14 horas. El dato, que se acaba de conocer, resulta revelador, ya que el d\u00eda y el horario coinciden con la reuni\u00f3n que tuvo el joven estadounidense con Javier Milei en [&hellip;]","og_url":"https:\/\/gysfm.com.ar\/inicio\/libra-hayden-davis-transfirio-medio-millon-de-dolares-cuando-comenzo-su-reunion-con-milei\/","og_site_name":"GYS NOTICIAS |","article_published_time":"2025-07-23T04:42:08+00:00","author":"Prensa G&amp;S FM","twitter_card":"summary_large_image","twitter_misc":{"Escrito por":"Prensa G&amp;S FM","Tiempo de lectura":"2 minutos"},"schema":{"@context":"https:\/\/schema.org","@graph":[{"@type":"Article","@id":"https:\/\/gysfm.com.ar\/inicio\/libra-hayden-davis-transfirio-medio-millon-de-dolares-cuando-comenzo-su-reunion-con-milei\/#article","isPartOf":{"@id":"https:\/\/gysfm.com.ar\/inicio\/libra-hayden-davis-transfirio-medio-millon-de-dolares-cuando-comenzo-su-reunion-con-milei\/"},"author":{"name":"Prensa G&amp;S FM","@id":"https:\/\/gysfm.com.ar\/inicio\/#\/schema\/person\/3abba7593ef2ad19e1be221d54383dc5"},"headline":"$Libra: Hayden Davis transfiri\u00f3 medio mill\u00f3n de d\u00f3lares cuando comenz\u00f3 su reuni\u00f3n con Milei","datePublished":"2025-07-23T04:42:08+00:00","mainEntityOfPage":{"@id":"https:\/\/gysfm.com.ar\/inicio\/libra-hayden-davis-transfirio-medio-millon-de-dolares-cuando-comenzo-su-reunion-con-milei\/"},"wordCount":499,"publisher":{"@id":"https:\/\/gysfm.com.ar\/inicio\/#organization"},"image":{"@id":"https:\/\/gysfm.com.ar\/inicio\/libra-hayden-davis-transfirio-medio-millon-de-dolares-cuando-comenzo-su-reunion-con-milei\/#primaryimage"},"thumbnailUrl":"https:\/\/gysfm.com.ar\/inicio\/wp-content\/uploads\/2025\/05\/javier-milei-y-hayden-davis-el-joven-apuntado-como-el-creador-de-libra-2026371.jpg","articleSection":["NACIONALES"],"inLanguage":"es"},{"@type":"WebPage","@id":"https:\/\/gysfm.com.ar\/inicio\/libra-hayden-davis-transfirio-medio-millon-de-dolares-cuando-comenzo-su-reunion-con-milei\/","url":"https:\/\/gysfm.com.ar\/inicio\/libra-hayden-davis-transfirio-medio-millon-de-dolares-cuando-comenzo-su-reunion-con-milei\/","name":"$Libra: Hayden Davis transfiri\u00f3 medio mill\u00f3n de d\u00f3lares cuando comenz\u00f3 su reuni\u00f3n con Milei - GYS NOTICIAS |","isPartOf":{"@id":"https:\/\/gysfm.com.ar\/inicio\/#website"},"primaryImageOfPage":{"@id":"https:\/\/gysfm.com.ar\/inicio\/libra-hayden-davis-transfirio-medio-millon-de-dolares-cuando-comenzo-su-reunion-con-milei\/#primaryimage"},"image":{"@id":"https:\/\/gysfm.com.ar\/inicio\/libra-hayden-davis-transfirio-medio-millon-de-dolares-cuando-comenzo-su-reunion-con-milei\/#primaryimage"},"thumbnailUrl":"https:\/\/gysfm.com.ar\/inicio\/wp-content\/uploads\/2025\/05\/javier-milei-y-hayden-davis-el-joven-apuntado-como-el-creador-de-libra-2026371.jpg","datePublished":"2025-07-23T04:42:08+00:00","breadcrumb":{"@id":"https:\/\/gysfm.com.ar\/inicio\/libra-hayden-davis-transfirio-medio-millon-de-dolares-cuando-comenzo-su-reunion-con-milei\/#breadcrumb"},"inLanguage":"es","potentialAction":[{"@type":"ReadAction","target":["https:\/\/gysfm.com.ar\/inicio\/libra-hayden-davis-transfirio-medio-millon-de-dolares-cuando-comenzo-su-reunion-con-milei\/"]}]},{"@type":"ImageObject","inLanguage":"es","@id":"https:\/\/gysfm.com.ar\/inicio\/libra-hayden-davis-transfirio-medio-millon-de-dolares-cuando-comenzo-su-reunion-con-milei\/#primaryimage","url":"https:\/\/gysfm.com.ar\/inicio\/wp-content\/uploads\/2025\/05\/javier-milei-y-hayden-davis-el-joven-apuntado-como-el-creador-de-libra-2026371.jpg","contentUrl":"https:\/\/gysfm.com.ar\/inicio\/wp-content\/uploads\/2025\/05\/javier-milei-y-hayden-davis-el-joven-apuntado-como-el-creador-de-libra-2026371.jpg","width":1140,"height":641},{"@type":"BreadcrumbList","@id":"https:\/\/gysfm.com.ar\/inicio\/libra-hayden-davis-transfirio-medio-millon-de-dolares-cuando-comenzo-su-reunion-con-milei\/#breadcrumb","itemListElement":[{"@type":"ListItem","position":1,"name":"Portada","item":"https:\/\/gysfm.com.ar\/inicio\/"},{"@type":"ListItem","position":2,"name":"$Libra: Hayden Davis transfiri\u00f3 medio mill\u00f3n de d\u00f3lares cuando comenz\u00f3 su reuni\u00f3n con Milei"}]},{"@type":"WebSite","@id":"https:\/\/gysfm.com.ar\/inicio\/#website","url":"https:\/\/gysfm.com.ar\/inicio\/","name":"GYS NOTICIAS |","description":"DIARIO - RADIO ONLINE SAN JUAN ARGENTINA","publisher":{"@id":"https:\/\/gysfm.com.ar\/inicio\/#organization"},"potentialAction":[{"@type":"SearchAction","target":{"@type":"EntryPoint","urlTemplate":"https:\/\/gysfm.com.ar\/inicio\/?s={search_term_string}"},"query-input":{"@type":"PropertyValueSpecification","valueRequired":true,"valueName":"search_term_string"}}],"inLanguage":"es"},{"@type":"Organization","@id":"https:\/\/gysfm.com.ar\/inicio\/#organization","name":"GYS NOTICIAS |","url":"https:\/\/gysfm.com.ar\/inicio\/","logo":{"@type":"ImageObject","inLanguage":"es","@id":"https:\/\/gysfm.com.ar\/inicio\/#\/schema\/logo\/image\/","url":"https:\/\/gysfm.com.ar\/inicio\/wp-content\/uploads\/2023\/07\/LOGOGYS-OK.png","contentUrl":"https:\/\/gysfm.com.ar\/inicio\/wp-content\/uploads\/2023\/07\/LOGOGYS-OK.png","width":1170,"height":872,"caption":"GYS NOTICIAS |"},"image":{"@id":"https:\/\/gysfm.com.ar\/inicio\/#\/schema\/logo\/image\/"}},{"@type":"Person","@id":"https:\/\/gysfm.com.ar\/inicio\/#\/schema\/person\/3abba7593ef2ad19e1be221d54383dc5","name":"Prensa G&amp;S FM","image":{"@type":"ImageObject","inLanguage":"es","@id":"https:\/\/gysfm.com.ar\/inicio\/#\/schema\/person\/image\/","url":"https:\/\/secure.gravatar.com\/avatar\/096ec78df02049ab018702bb4ccedf659377fa92a26540b5247612077a0dbd29?s=96&d=mm&r=g","contentUrl":"https:\/\/secure.gravatar.com\/avatar\/096ec78df02049ab018702bb4ccedf659377fa92a26540b5247612077a0dbd29?s=96&d=mm&r=g","caption":"Prensa G&amp;S FM"},"sameAs":["https:\/\/gysfm.com.ar\/"],"url":"https:\/\/gysfm.com.ar\/inicio\/author\/lucasm\/"}]}},"_links":{"self":[{"href":"https:\/\/gysfm.com.ar\/inicio\/wp-json\/wp\/v2\/posts\/138586","targetHints":{"allow":["GET"]}}],"collection":[{"href":"https:\/\/gysfm.com.ar\/inicio\/wp-json\/wp\/v2\/posts"}],"about":[{"href":"https:\/\/gysfm.com.ar\/inicio\/wp-json\/wp\/v2\/types\/post"}],"author":[{"embeddable":true,"href":"https:\/\/gysfm.com.ar\/inicio\/wp-json\/wp\/v2\/users\/2"}],"replies":[{"embeddable":true,"href":"https:\/\/gysfm.com.ar\/inicio\/wp-json\/wp\/v2\/comments?post=138586"}],"version-history":[{"count":0,"href":"https:\/\/gysfm.com.ar\/inicio\/wp-json\/wp\/v2\/posts\/138586\/revisions"}],"wp:featuredmedia":[{"embeddable":true,"href":"https:\/\/gysfm.com.ar\/inicio\/wp-json\/wp\/v2\/media\/125546"}],"wp:attachment":[{"href":"https:\/\/gysfm.com.ar\/inicio\/wp-json\/wp\/v2\/media?parent=138586"}],"wp:term":[{"taxonomy":"category","embeddable":true,"href":"https:\/\/gysfm.com.ar\/inicio\/wp-json\/wp\/v2\/categories?post=138586"},{"taxonomy":"post_tag","embeddable":true,"href":"https:\/\/gysfm.com.ar\/inicio\/wp-json\/wp\/v2\/tags?post=138586"}],"curies":[{"name":"wp","href":"https:\/\/api.w.org\/{rel}","templated":true}]}}