{"id":138581,"date":"2025-07-23T00:47:35","date_gmt":"2025-07-23T03:47:35","guid":{"rendered":"https:\/\/gysfm.com.ar\/inicio\/la-super-tasa-para-frenar-la-suba-del-dolar-habria-tocado-su-techo\/"},"modified":"2025-07-23T00:47:36","modified_gmt":"2025-07-23T03:47:36","slug":"la-super-tasa-para-frenar-la-suba-del-dolar-habria-tocado-su-techo","status":"publish","type":"post","link":"https:\/\/gysfm.com.ar\/inicio\/la-super-tasa-para-frenar-la-suba-del-dolar-habria-tocado-su-techo\/","title":{"rendered":"La \u201cs\u00faper tasa\u201d para frenar la suba del d\u00f3lar habr\u00eda tocado su techo"},"content":{"rendered":"<p><\/p>\n<div>\n<p class=\"com-paragraph  --capital --s\">Poco despu\u00e9s de las 14, <strong>cuando las tasas de muy corto plazo comenzaban a coquetear con los tres d\u00edgitos, el mercado ensay\u00f3 una vuelta de campana<\/strong> que las alej\u00f3 de los niveles m\u00e1ximos y las reubic\u00f3 levemente por encima de los valores de cierre de ayer.<\/p>\n<p class=\"com-paragraph   --s\"><strong>Para algunos operadores, fue el Gobierno quien se decidi\u00f3 a irrumpir en el mercado secundario <\/strong>de t\u00edtulos para recomprar b\u00e1sicamente Letras de Capitalizaci\u00f3n (Lecap) por vencer en los pr\u00f3ximos 20 d\u00edas y, de ese modo, frenar su escalada alcista.<\/p>\n<div class=\"content-media\">\n<section role=\"button\" class=\"mod-media   \">\n<figure role=\"button\" class=\"mod-figure \"><figcaption class=\"mod-figcaption\"><span class=\"com-text --caption --twoxs\">El \u00absubibaja\u00bb de una Lecap corto en el d\u00eda<\/span><\/figcaption><\/figure>\n<\/section>\n<\/div>\n<p class=\"com-paragraph   --s\"><strong>Para otros, se trat\u00f3 de una cl\u00e1sica reversi\u00f3n de mercado <\/strong>vinculada a los movimientos que hacen con su liquidez los bancos, en especial para constituir la posici\u00f3n de encajes promedio exigida por la normativa vigente. \u201cLuego del desarme de las LEFI hab\u00edan quedado cortos y -tras la absorci\u00f3n de los $4,7 billones que hizo el Tesoro con su colocaci\u00f3n de deuda- se volvieron muy demandantes de liquidez v\u00eda cauciones o incluso liquidando t\u00edtulos. Ahora que habr\u00edan reequilibrado la posici\u00f3n, pasaron a recomprar Lecap y se retiraron del mercado de cauciones, lo que presion\u00f3 a la baja a las tasas\u201d, explic\u00f3 a LA NACION un ejecutivo a cargo de la mesa de dinero de un banco l\u00edder.<\/p>\n<p class=\"com-paragraph   --s\"><strong>La leve baja de la fiebre de tasas, por uno u otro motivo, lleg\u00f3 pasada la mitad de la jornada, <\/strong>cuando la tasa de cauciones a un d\u00eda hab\u00eda llegado a operarse al 80% anual y la Lecap por vencer en s\u00f3lo ocho d\u00edas rend\u00eda cerca del 90% anual. Esos rendimientos, al final del d\u00eda, cerraron en el 58% y 73% anual, respectivamente, y s\u00f3lo por el <strong>repliegue ensayado en la \u00faltima hora y media de operaciones.<\/strong><\/p>\n<p class=\"com-paragraph   --s\">Tambi\u00e9n ocurri\u00f3 luego de que los <strong>bancos privados le reiteraran un pedido al Banco Central (BCRA) para que reabra una ventanilla de liquidez o se lance a operar en el mercado secundario con Lecap<\/strong> (lo que se auto-habilit\u00f3 a realizar en el marco de la nueva fase del programa econ\u00f3mico, pero s\u00f3lo con fines de regulaci\u00f3n monetaria), reclamo que fue rechazado desde el ente monetario porque \u201cesa acci\u00f3n no est\u00e1 prevista para intervenir sobre las tasas, que deben pasar a ser libremente fijadas por el mercado\u201d, les dijeron.<\/p>\n<p class=\"com-paragraph   --s\">Lo concreto es que<strong> se trat\u00f3 de otra jornada caliente en el mercado, en medio de la volatilidad de tasas<\/strong> <strong>desatada por el final de las LEFI,<\/strong> y cuando la vista de los operadores est\u00e1 puesta en el llamado a licitaci\u00f3n que el Ministerio de Econom\u00eda debe hacer al cierre de la presente semana para afrontar el vencimiento por casi $12 billones que se acumula para fin de mes.<\/p>\n<div class=\"content-media\">\n<section role=\"button\" class=\"mod-media   \">\n<figure role=\"button\" class=\"mod-figure \"><figcaption class=\"mod-figcaption\"><span class=\"com-text --caption --twoxs\">La \u00abmonta\u00f1a ruda\u00bb de la cauci\u00f3n a 1 d\u00eda<\/span><\/figcaption><\/figure>\n<\/section>\n<\/div>\n<p class=\"com-paragraph   --s\">\u201cEl d\u00eda comenz\u00f3 con el <strong>sostenido desarme muy fuerte de t\u00edtulos en pesos<\/strong>, algo que llev\u00f3 a las Lecap m\u00e1s cortas a alcanzar <strong>rendimientos por sobre el 100% anual<\/strong>. Pero alrededor de las 14.30, y m\u00e1s marcadamente despu\u00e9s del cierre de la operatoria de d\u00f3lar futuro, <strong>apareci\u00f3 una corriente compradora<\/strong> que podr\u00eda haber estado vinculada a <strong>una intervenci\u00f3n oficial<\/strong>, que provoc\u00f3 un <strong>marcado recorte en las tasas en pesos<\/strong>\u201d, describi\u00f3 el analista financiero <strong>Juan Manuel Palacio<\/strong>.<\/p>\n<p class=\"com-paragraph   --s\">La menci\u00f3n al <strong>mercado de futuros de d\u00f3lar<\/strong> no es casual. En esa plaza, los datos muestran que la <strong>intervenci\u00f3n del BCRA<\/strong>, que se repiti\u00f3 hoy, se <strong>intensific\u00f3 notablemente en las \u00faltimas semanas<\/strong>, especialmente operando sobre los <strong>vencimientos m\u00e1s cortos para que no superen los $1300<\/strong>, lo que colabor\u00f3 para que el <strong>volumen de contratos negociados<\/strong> alcance <strong>niveles no vistos en tres a\u00f1os<\/strong>.<\/p>\n<p class=\"com-paragraph   --s\">Seg\u00fan estimaciones de <strong>Portfolio Personal Inversiones (PPI)<\/strong>, el <strong>inter\u00e9s abierto<\/strong> lleg\u00f3 a un equivalente a los <strong>US$6304 millones<\/strong>, el mayor nivel no s\u00f3lo en la era <strong>Milei<\/strong>, sino tambi\u00e9n desde fines de julio de 2022 (cuando era de <strong>US$7208 millones<\/strong>).<\/p>\n<p class=\"com-paragraph   --s\"><mark class=\"hl_underline\">Los distintos funcionarios oficiales consultados por LA NACION sobre el vuelco de las tasas en la segunda parte de la rueda de hoy descartaron toda posibilidad de que se haya producido por compras de entes p\u00fablicos.<\/mark> \u201cNo se coman la curva\u201d, recomend\u00f3 uno de ellos.<\/p>\n<p class=\"com-paragraph   --s\">Esa afirmaci\u00f3n fue confirmada en on m\u00e1s tarde al responder el ministro de Econom\u00eda,<strong> Luis Caputo<\/strong>, un mensaje por la red X en el que se planteaba la posible intervenci\u00f3n oficial sobre el mercado: <strong>\u201cNada de eso pas\u00f3\u201d<\/strong>, respondi\u00f3.<\/p>\n<p class=\"com-paragraph   --s\">Pero en el mercado <strong>a\u00fan dudan,<\/strong> en especial porque <strong>consideran que la suba de tasas fue en buena medida \u201causpiciada\u201d oficialmente para tratar de frenar la escalada del d\u00f3lar<\/strong>, despertando lo que se conoce como <em>\u201c<\/em>efecto codicia<em>\u201d<\/em> y tratando que se reediten las apuestas al <em>carry trade<\/em> fue precisamente lo que apag\u00f3 la presi\u00f3n sobre el billete en las \u00faltimas dos jornadas.<\/p>\n<p class=\"com-paragraph   --s\"><strong>\u201cEl mercado est\u00e1 enfrentando un problema de liquidez.<\/strong> Con el nuevo esquema monetario, los bancos parecer\u00edan haber licitado de m\u00e1s, en la \u00faltima licitaci\u00f3n de Lecap. En consecuencia, est\u00e1n cortos de liquidez. Esto gener\u00f3 que la tasa de Repo (tasa a la que se prestan los bancos a un d\u00eda) haya volado, y lo mismo con la cauci\u00f3n. Esta suba de la tasa a un d\u00eda genera que todas las dem\u00e1s tasas suban y es la gran baja de los bonos en pesos que vimos las \u00faltimas dos ruedas. <strong>La baja de los bonos (y, en consiguiente, la suba de tasas) fue tal que llegamos a tener TEM [tasa efectiva mensual] de m\u00e1s de 6% en la parte corta, con una inflaci\u00f3n en torno al 1,5%\u201d<\/strong>, consider\u00f3 el analista Nicol\u00e1s Capella, de Invertir en Bolsa (IEB).<\/p>\n<p class=\"com-paragraph   --s\"><strong>\u201cPara hacer frente a su problema de liquidez, algunos vendieron d\u00f3lares y otros bonos para hacerse de pesos.<\/strong> Hoy, los bonos en pesos empezaron, al igual que ayer, con bajas de 1,5%, pero terminaron \u2018verdes\u2019. \u00bfPor qu\u00e9 se dio este <em>reversal<\/em>? Hubo rumores de que el Gobierno habr\u00eda salido a pagar Lecap, pero tambi\u00e9n podr\u00eda haber ocurrido que el problema de liquidez del sistema se haya ido solucionando\u00bb, complet\u00f3.<\/p>\n<p class=\"com-paragraph   --s\">En cualquier caso, ese respiro es bienvenido, ya que <strong>la abrupta suba de tasas<\/strong> no s\u00f3lo amenaza con complicar las cuentas p\u00fablicas (ya que el Tesoro deber\u00eda validar rendimientos a\u00fan superiores a los ya aceptados la semana pasada), sino que <strong>le quita m\u00e1s impulso al cr\u00e9dito bancario, <\/strong>una asistencia en la que se apalanc\u00f3 fuertemente en los \u00faltimos 15 meses la recuperaci\u00f3n de la econom\u00eda.<\/p>\n<p class=\"com-paragraph   --s\">\u201cLos bancos hace d\u00edas ya <strong>frenaron los nuevos desembolsos<\/strong> y las empresas y familias <strong>paralizaron a su vez la demanda<\/strong>, a la espera de ver <strong>c\u00f3mo sigue todo esto<\/strong>\u201d, admitieron desde una entidad l\u00edder.<\/p>\n<section class=\"container-center-100 mb-40 border border-bottom border-thin border-neutral-light-700\">\n<hr\/>\n<\/section>\n<\/div>\n","protected":false},"excerpt":{"rendered":"<p>Poco despu\u00e9s de las 14, cuando las tasas de muy corto plazo comenzaban a coquetear con los tres d\u00edgitos, el mercado ensay\u00f3 una vuelta de campana que las alej\u00f3 de los niveles m\u00e1ximos y las reubic\u00f3 levemente por encima de los valores de cierre de ayer. Para algunos operadores, fue el Gobierno quien se decidi\u00f3 [&hellip;]<\/p>\n","protected":false},"author":1,"featured_media":138582,"comment_status":"closed","ping_status":"closed","sticky":false,"template":"","format":"standard","meta":{"footnotes":""},"categories":[28],"tags":[],"class_list":["post-138581","post","type-post","status-publish","format-standard","has-post-thumbnail","hentry","category-economia"],"yoast_head":"<!-- This site is optimized with the Yoast SEO plugin v24.4 - https:\/\/yoast.com\/wordpress\/plugins\/seo\/ -->\n<title>La \u201cs\u00faper tasa\u201d para frenar la suba del d\u00f3lar habr\u00eda tocado su techo - GYS NOTICIAS |<\/title>\n<meta name=\"robots\" content=\"index, follow, max-snippet:-1, max-image-preview:large, max-video-preview:-1\" \/>\n<link rel=\"canonical\" href=\"https:\/\/gysfm.com.ar\/inicio\/la-super-tasa-para-frenar-la-suba-del-dolar-habria-tocado-su-techo\/\" \/>\n<meta property=\"og:locale\" content=\"es_ES\" \/>\n<meta property=\"og:type\" content=\"article\" \/>\n<meta property=\"og:title\" content=\"La \u201cs\u00faper tasa\u201d para frenar la suba del d\u00f3lar habr\u00eda tocado su techo - GYS NOTICIAS |\" \/>\n<meta property=\"og:description\" content=\"Poco despu\u00e9s de las 14, cuando las tasas de muy corto plazo comenzaban a coquetear con los tres d\u00edgitos, el mercado ensay\u00f3 una vuelta de campana que las alej\u00f3 de los niveles m\u00e1ximos y las reubic\u00f3 levemente por encima de los valores de cierre de ayer. Para algunos operadores, fue el Gobierno quien se decidi\u00f3 [&hellip;]\" \/>\n<meta property=\"og:url\" content=\"https:\/\/gysfm.com.ar\/inicio\/la-super-tasa-para-frenar-la-suba-del-dolar-habria-tocado-su-techo\/\" \/>\n<meta property=\"og:site_name\" content=\"GYS NOTICIAS |\" \/>\n<meta property=\"article:published_time\" content=\"2025-07-23T03:47:35+00:00\" \/>\n<meta property=\"article:modified_time\" content=\"2025-07-23T03:47:36+00:00\" \/>\n<meta property=\"og:image\" content=\"https:\/\/gysfm.com.ar\/inicio\/wp-content\/uploads\/2025\/07\/las-tasas-se-dispararon-pero-encontraron-su-VKVJHFR3M5BZZFG4NABPFAC4O4.jpg\" \/>\n\t<meta property=\"og:image:width\" content=\"1200\" \/>\n\t<meta property=\"og:image:height\" content=\"800\" \/>\n\t<meta property=\"og:image:type\" content=\"image\/jpeg\" \/>\n<meta name=\"author\" content=\"admin\" \/>\n<meta name=\"twitter:card\" content=\"summary_large_image\" \/>\n<meta name=\"twitter:label1\" content=\"Escrito por\" \/>\n\t<meta name=\"twitter:data1\" content=\"admin\" \/>\n\t<meta name=\"twitter:label2\" content=\"Tiempo de lectura\" \/>\n\t<meta name=\"twitter:data2\" content=\"6 minutos\" \/>\n<script type=\"application\/ld+json\" class=\"yoast-schema-graph\">{\"@context\":\"https:\/\/schema.org\",\"@graph\":[{\"@type\":\"Article\",\"@id\":\"https:\/\/gysfm.com.ar\/inicio\/la-super-tasa-para-frenar-la-suba-del-dolar-habria-tocado-su-techo\/#article\",\"isPartOf\":{\"@id\":\"https:\/\/gysfm.com.ar\/inicio\/la-super-tasa-para-frenar-la-suba-del-dolar-habria-tocado-su-techo\/\"},\"author\":{\"name\":\"admin\",\"@id\":\"https:\/\/gysfm.com.ar\/inicio\/#\/schema\/person\/5bedd7ecd35cc35548d89effafa23696\"},\"headline\":\"La \u201cs\u00faper tasa\u201d para frenar la suba del d\u00f3lar habr\u00eda tocado su techo\",\"datePublished\":\"2025-07-23T03:47:35+00:00\",\"dateModified\":\"2025-07-23T03:47:36+00:00\",\"mainEntityOfPage\":{\"@id\":\"https:\/\/gysfm.com.ar\/inicio\/la-super-tasa-para-frenar-la-suba-del-dolar-habria-tocado-su-techo\/\"},\"wordCount\":1169,\"publisher\":{\"@id\":\"https:\/\/gysfm.com.ar\/inicio\/#organization\"},\"image\":{\"@id\":\"https:\/\/gysfm.com.ar\/inicio\/la-super-tasa-para-frenar-la-suba-del-dolar-habria-tocado-su-techo\/#primaryimage\"},\"thumbnailUrl\":\"https:\/\/gysfm.com.ar\/inicio\/wp-content\/uploads\/2025\/07\/las-tasas-se-dispararon-pero-encontraron-su-VKVJHFR3M5BZZFG4NABPFAC4O4.jpg\",\"articleSection\":[\"ECONOMIA\"],\"inLanguage\":\"es\"},{\"@type\":\"WebPage\",\"@id\":\"https:\/\/gysfm.com.ar\/inicio\/la-super-tasa-para-frenar-la-suba-del-dolar-habria-tocado-su-techo\/\",\"url\":\"https:\/\/gysfm.com.ar\/inicio\/la-super-tasa-para-frenar-la-suba-del-dolar-habria-tocado-su-techo\/\",\"name\":\"La \u201cs\u00faper tasa\u201d para frenar la suba del d\u00f3lar habr\u00eda tocado su techo - GYS NOTICIAS |\",\"isPartOf\":{\"@id\":\"https:\/\/gysfm.com.ar\/inicio\/#website\"},\"primaryImageOfPage\":{\"@id\":\"https:\/\/gysfm.com.ar\/inicio\/la-super-tasa-para-frenar-la-suba-del-dolar-habria-tocado-su-techo\/#primaryimage\"},\"image\":{\"@id\":\"https:\/\/gysfm.com.ar\/inicio\/la-super-tasa-para-frenar-la-suba-del-dolar-habria-tocado-su-techo\/#primaryimage\"},\"thumbnailUrl\":\"https:\/\/gysfm.com.ar\/inicio\/wp-content\/uploads\/2025\/07\/las-tasas-se-dispararon-pero-encontraron-su-VKVJHFR3M5BZZFG4NABPFAC4O4.jpg\",\"datePublished\":\"2025-07-23T03:47:35+00:00\",\"dateModified\":\"2025-07-23T03:47:36+00:00\",\"breadcrumb\":{\"@id\":\"https:\/\/gysfm.com.ar\/inicio\/la-super-tasa-para-frenar-la-suba-del-dolar-habria-tocado-su-techo\/#breadcrumb\"},\"inLanguage\":\"es\",\"potentialAction\":[{\"@type\":\"ReadAction\",\"target\":[\"https:\/\/gysfm.com.ar\/inicio\/la-super-tasa-para-frenar-la-suba-del-dolar-habria-tocado-su-techo\/\"]}]},{\"@type\":\"ImageObject\",\"inLanguage\":\"es\",\"@id\":\"https:\/\/gysfm.com.ar\/inicio\/la-super-tasa-para-frenar-la-suba-del-dolar-habria-tocado-su-techo\/#primaryimage\",\"url\":\"https:\/\/gysfm.com.ar\/inicio\/wp-content\/uploads\/2025\/07\/las-tasas-se-dispararon-pero-encontraron-su-VKVJHFR3M5BZZFG4NABPFAC4O4.jpg\",\"contentUrl\":\"https:\/\/gysfm.com.ar\/inicio\/wp-content\/uploads\/2025\/07\/las-tasas-se-dispararon-pero-encontraron-su-VKVJHFR3M5BZZFG4NABPFAC4O4.jpg\",\"width\":1200,\"height\":800},{\"@type\":\"BreadcrumbList\",\"@id\":\"https:\/\/gysfm.com.ar\/inicio\/la-super-tasa-para-frenar-la-suba-del-dolar-habria-tocado-su-techo\/#breadcrumb\",\"itemListElement\":[{\"@type\":\"ListItem\",\"position\":1,\"name\":\"Portada\",\"item\":\"https:\/\/gysfm.com.ar\/inicio\/\"},{\"@type\":\"ListItem\",\"position\":2,\"name\":\"La \u201cs\u00faper tasa\u201d para frenar la suba del d\u00f3lar habr\u00eda tocado su techo\"}]},{\"@type\":\"WebSite\",\"@id\":\"https:\/\/gysfm.com.ar\/inicio\/#website\",\"url\":\"https:\/\/gysfm.com.ar\/inicio\/\",\"name\":\"GYS NOTICIAS |\",\"description\":\"DIARIO - RADIO ONLINE SAN JUAN ARGENTINA\",\"publisher\":{\"@id\":\"https:\/\/gysfm.com.ar\/inicio\/#organization\"},\"potentialAction\":[{\"@type\":\"SearchAction\",\"target\":{\"@type\":\"EntryPoint\",\"urlTemplate\":\"https:\/\/gysfm.com.ar\/inicio\/?s={search_term_string}\"},\"query-input\":{\"@type\":\"PropertyValueSpecification\",\"valueRequired\":true,\"valueName\":\"search_term_string\"}}],\"inLanguage\":\"es\"},{\"@type\":\"Organization\",\"@id\":\"https:\/\/gysfm.com.ar\/inicio\/#organization\",\"name\":\"GYS NOTICIAS |\",\"url\":\"https:\/\/gysfm.com.ar\/inicio\/\",\"logo\":{\"@type\":\"ImageObject\",\"inLanguage\":\"es\",\"@id\":\"https:\/\/gysfm.com.ar\/inicio\/#\/schema\/logo\/image\/\",\"url\":\"https:\/\/gysfm.com.ar\/inicio\/wp-content\/uploads\/2023\/07\/LOGOGYS-OK.png\",\"contentUrl\":\"https:\/\/gysfm.com.ar\/inicio\/wp-content\/uploads\/2023\/07\/LOGOGYS-OK.png\",\"width\":1170,\"height\":872,\"caption\":\"GYS NOTICIAS |\"},\"image\":{\"@id\":\"https:\/\/gysfm.com.ar\/inicio\/#\/schema\/logo\/image\/\"}},{\"@type\":\"Person\",\"@id\":\"https:\/\/gysfm.com.ar\/inicio\/#\/schema\/person\/5bedd7ecd35cc35548d89effafa23696\",\"name\":\"admin\",\"image\":{\"@type\":\"ImageObject\",\"inLanguage\":\"es\",\"@id\":\"https:\/\/gysfm.com.ar\/inicio\/#\/schema\/person\/image\/\",\"url\":\"https:\/\/secure.gravatar.com\/avatar\/c331d312b5243fb64d5ba28108a447b27c925295129a363082c9ea52c28d32c2?s=96&d=mm&r=g\",\"contentUrl\":\"https:\/\/secure.gravatar.com\/avatar\/c331d312b5243fb64d5ba28108a447b27c925295129a363082c9ea52c28d32c2?s=96&d=mm&r=g\",\"caption\":\"admin\"},\"sameAs\":[\"https:\/\/gysfm.com.ar\/inicio\"],\"url\":\"https:\/\/gysfm.com.ar\/inicio\/author\/admin\/\"}]}<\/script>\n<!-- \/ Yoast SEO plugin. -->","yoast_head_json":{"title":"La \u201cs\u00faper tasa\u201d para frenar la suba del d\u00f3lar habr\u00eda tocado su techo - GYS NOTICIAS |","robots":{"index":"index","follow":"follow","max-snippet":"max-snippet:-1","max-image-preview":"max-image-preview:large","max-video-preview":"max-video-preview:-1"},"canonical":"https:\/\/gysfm.com.ar\/inicio\/la-super-tasa-para-frenar-la-suba-del-dolar-habria-tocado-su-techo\/","og_locale":"es_ES","og_type":"article","og_title":"La \u201cs\u00faper tasa\u201d para frenar la suba del d\u00f3lar habr\u00eda tocado su techo - GYS NOTICIAS |","og_description":"Poco despu\u00e9s de las 14, cuando las tasas de muy corto plazo comenzaban a coquetear con los tres d\u00edgitos, el mercado ensay\u00f3 una vuelta de campana que las alej\u00f3 de los niveles m\u00e1ximos y las reubic\u00f3 levemente por encima de los valores de cierre de ayer. Para algunos operadores, fue el Gobierno quien se decidi\u00f3 [&hellip;]","og_url":"https:\/\/gysfm.com.ar\/inicio\/la-super-tasa-para-frenar-la-suba-del-dolar-habria-tocado-su-techo\/","og_site_name":"GYS NOTICIAS |","article_published_time":"2025-07-23T03:47:35+00:00","article_modified_time":"2025-07-23T03:47:36+00:00","og_image":[{"width":1200,"height":800,"url":"https:\/\/gysfm.com.ar\/inicio\/wp-content\/uploads\/2025\/07\/las-tasas-se-dispararon-pero-encontraron-su-VKVJHFR3M5BZZFG4NABPFAC4O4.jpg","type":"image\/jpeg"}],"author":"admin","twitter_card":"summary_large_image","twitter_misc":{"Escrito por":"admin","Tiempo de lectura":"6 minutos"},"schema":{"@context":"https:\/\/schema.org","@graph":[{"@type":"Article","@id":"https:\/\/gysfm.com.ar\/inicio\/la-super-tasa-para-frenar-la-suba-del-dolar-habria-tocado-su-techo\/#article","isPartOf":{"@id":"https:\/\/gysfm.com.ar\/inicio\/la-super-tasa-para-frenar-la-suba-del-dolar-habria-tocado-su-techo\/"},"author":{"name":"admin","@id":"https:\/\/gysfm.com.ar\/inicio\/#\/schema\/person\/5bedd7ecd35cc35548d89effafa23696"},"headline":"La \u201cs\u00faper tasa\u201d para frenar la suba del d\u00f3lar habr\u00eda tocado su techo","datePublished":"2025-07-23T03:47:35+00:00","dateModified":"2025-07-23T03:47:36+00:00","mainEntityOfPage":{"@id":"https:\/\/gysfm.com.ar\/inicio\/la-super-tasa-para-frenar-la-suba-del-dolar-habria-tocado-su-techo\/"},"wordCount":1169,"publisher":{"@id":"https:\/\/gysfm.com.ar\/inicio\/#organization"},"image":{"@id":"https:\/\/gysfm.com.ar\/inicio\/la-super-tasa-para-frenar-la-suba-del-dolar-habria-tocado-su-techo\/#primaryimage"},"thumbnailUrl":"https:\/\/gysfm.com.ar\/inicio\/wp-content\/uploads\/2025\/07\/las-tasas-se-dispararon-pero-encontraron-su-VKVJHFR3M5BZZFG4NABPFAC4O4.jpg","articleSection":["ECONOMIA"],"inLanguage":"es"},{"@type":"WebPage","@id":"https:\/\/gysfm.com.ar\/inicio\/la-super-tasa-para-frenar-la-suba-del-dolar-habria-tocado-su-techo\/","url":"https:\/\/gysfm.com.ar\/inicio\/la-super-tasa-para-frenar-la-suba-del-dolar-habria-tocado-su-techo\/","name":"La \u201cs\u00faper tasa\u201d para frenar la suba del d\u00f3lar habr\u00eda tocado su techo - GYS NOTICIAS |","isPartOf":{"@id":"https:\/\/gysfm.com.ar\/inicio\/#website"},"primaryImageOfPage":{"@id":"https:\/\/gysfm.com.ar\/inicio\/la-super-tasa-para-frenar-la-suba-del-dolar-habria-tocado-su-techo\/#primaryimage"},"image":{"@id":"https:\/\/gysfm.com.ar\/inicio\/la-super-tasa-para-frenar-la-suba-del-dolar-habria-tocado-su-techo\/#primaryimage"},"thumbnailUrl":"https:\/\/gysfm.com.ar\/inicio\/wp-content\/uploads\/2025\/07\/las-tasas-se-dispararon-pero-encontraron-su-VKVJHFR3M5BZZFG4NABPFAC4O4.jpg","datePublished":"2025-07-23T03:47:35+00:00","dateModified":"2025-07-23T03:47:36+00:00","breadcrumb":{"@id":"https:\/\/gysfm.com.ar\/inicio\/la-super-tasa-para-frenar-la-suba-del-dolar-habria-tocado-su-techo\/#breadcrumb"},"inLanguage":"es","potentialAction":[{"@type":"ReadAction","target":["https:\/\/gysfm.com.ar\/inicio\/la-super-tasa-para-frenar-la-suba-del-dolar-habria-tocado-su-techo\/"]}]},{"@type":"ImageObject","inLanguage":"es","@id":"https:\/\/gysfm.com.ar\/inicio\/la-super-tasa-para-frenar-la-suba-del-dolar-habria-tocado-su-techo\/#primaryimage","url":"https:\/\/gysfm.com.ar\/inicio\/wp-content\/uploads\/2025\/07\/las-tasas-se-dispararon-pero-encontraron-su-VKVJHFR3M5BZZFG4NABPFAC4O4.jpg","contentUrl":"https:\/\/gysfm.com.ar\/inicio\/wp-content\/uploads\/2025\/07\/las-tasas-se-dispararon-pero-encontraron-su-VKVJHFR3M5BZZFG4NABPFAC4O4.jpg","width":1200,"height":800},{"@type":"BreadcrumbList","@id":"https:\/\/gysfm.com.ar\/inicio\/la-super-tasa-para-frenar-la-suba-del-dolar-habria-tocado-su-techo\/#breadcrumb","itemListElement":[{"@type":"ListItem","position":1,"name":"Portada","item":"https:\/\/gysfm.com.ar\/inicio\/"},{"@type":"ListItem","position":2,"name":"La \u201cs\u00faper tasa\u201d para frenar la suba del d\u00f3lar habr\u00eda tocado su techo"}]},{"@type":"WebSite","@id":"https:\/\/gysfm.com.ar\/inicio\/#website","url":"https:\/\/gysfm.com.ar\/inicio\/","name":"GYS NOTICIAS |","description":"DIARIO - RADIO ONLINE SAN JUAN ARGENTINA","publisher":{"@id":"https:\/\/gysfm.com.ar\/inicio\/#organization"},"potentialAction":[{"@type":"SearchAction","target":{"@type":"EntryPoint","urlTemplate":"https:\/\/gysfm.com.ar\/inicio\/?s={search_term_string}"},"query-input":{"@type":"PropertyValueSpecification","valueRequired":true,"valueName":"search_term_string"}}],"inLanguage":"es"},{"@type":"Organization","@id":"https:\/\/gysfm.com.ar\/inicio\/#organization","name":"GYS NOTICIAS |","url":"https:\/\/gysfm.com.ar\/inicio\/","logo":{"@type":"ImageObject","inLanguage":"es","@id":"https:\/\/gysfm.com.ar\/inicio\/#\/schema\/logo\/image\/","url":"https:\/\/gysfm.com.ar\/inicio\/wp-content\/uploads\/2023\/07\/LOGOGYS-OK.png","contentUrl":"https:\/\/gysfm.com.ar\/inicio\/wp-content\/uploads\/2023\/07\/LOGOGYS-OK.png","width":1170,"height":872,"caption":"GYS NOTICIAS |"},"image":{"@id":"https:\/\/gysfm.com.ar\/inicio\/#\/schema\/logo\/image\/"}},{"@type":"Person","@id":"https:\/\/gysfm.com.ar\/inicio\/#\/schema\/person\/5bedd7ecd35cc35548d89effafa23696","name":"admin","image":{"@type":"ImageObject","inLanguage":"es","@id":"https:\/\/gysfm.com.ar\/inicio\/#\/schema\/person\/image\/","url":"https:\/\/secure.gravatar.com\/avatar\/c331d312b5243fb64d5ba28108a447b27c925295129a363082c9ea52c28d32c2?s=96&d=mm&r=g","contentUrl":"https:\/\/secure.gravatar.com\/avatar\/c331d312b5243fb64d5ba28108a447b27c925295129a363082c9ea52c28d32c2?s=96&d=mm&r=g","caption":"admin"},"sameAs":["https:\/\/gysfm.com.ar\/inicio"],"url":"https:\/\/gysfm.com.ar\/inicio\/author\/admin\/"}]}},"_links":{"self":[{"href":"https:\/\/gysfm.com.ar\/inicio\/wp-json\/wp\/v2\/posts\/138581","targetHints":{"allow":["GET"]}}],"collection":[{"href":"https:\/\/gysfm.com.ar\/inicio\/wp-json\/wp\/v2\/posts"}],"about":[{"href":"https:\/\/gysfm.com.ar\/inicio\/wp-json\/wp\/v2\/types\/post"}],"author":[{"embeddable":true,"href":"https:\/\/gysfm.com.ar\/inicio\/wp-json\/wp\/v2\/users\/1"}],"replies":[{"embeddable":true,"href":"https:\/\/gysfm.com.ar\/inicio\/wp-json\/wp\/v2\/comments?post=138581"}],"version-history":[{"count":1,"href":"https:\/\/gysfm.com.ar\/inicio\/wp-json\/wp\/v2\/posts\/138581\/revisions"}],"predecessor-version":[{"id":138583,"href":"https:\/\/gysfm.com.ar\/inicio\/wp-json\/wp\/v2\/posts\/138581\/revisions\/138583"}],"wp:featuredmedia":[{"embeddable":true,"href":"https:\/\/gysfm.com.ar\/inicio\/wp-json\/wp\/v2\/media\/138582"}],"wp:attachment":[{"href":"https:\/\/gysfm.com.ar\/inicio\/wp-json\/wp\/v2\/media?parent=138581"}],"wp:term":[{"taxonomy":"category","embeddable":true,"href":"https:\/\/gysfm.com.ar\/inicio\/wp-json\/wp\/v2\/categories?post=138581"},{"taxonomy":"post_tag","embeddable":true,"href":"https:\/\/gysfm.com.ar\/inicio\/wp-json\/wp\/v2\/tags?post=138581"}],"curies":[{"name":"wp","href":"https:\/\/api.w.org\/{rel}","templated":true}]}}