{"id":138579,"date":"2025-07-23T00:40:05","date_gmt":"2025-07-23T03:40:05","guid":{"rendered":"https:\/\/gysfm.com.ar\/inicio\/la-nueva-estafa-politica-perfil\/"},"modified":"2025-07-23T00:40:05","modified_gmt":"2025-07-23T03:40:05","slug":"la-nueva-estafa-politica-perfil","status":"publish","type":"post","link":"https:\/\/gysfm.com.ar\/inicio\/la-nueva-estafa-politica-perfil\/","title":{"rendered":"La nueva estafa pol\u00edtica | Perfil"},"content":{"rendered":"<p><\/p>\n<div id=\"article-content\">\n<p>La pol\u00edtica argentina ha alcanzado un nuevo pico de cinismo. Y lo m\u00e1s preocupante no es solo la falta de propuestas serias, sino la<strong> estafa evidente<\/strong> que se prepara a la vista de todos, y con nuestra complicidad: <strong>candidatos que no representan m\u00e1s que intereses partidarios<\/strong>, listas llenas de nombres testimoniales y un electorado agotado que, tal vez, ya ni se indigne. <strong>\u00bfLo entiende el pueblo? \u00bfO volver\u00e1 a caer en la misma trampa disfrazada de democracia?<\/strong><\/p>\n<p>Argentina se encamina hacia una nueva elecci\u00f3n y los partidos se reciclan con la destreza de un estafador profesional. Peronistas ma\u00f1osos, libertarios que aprendieron demasiado r\u00e1pido las trampas de la casta que prometieron destruir y una tercera v\u00eda conformada por voluntades insatisfechas que manotea desesperadamente para no desaparecer del radar pol\u00edtico. <strong>Todos hacen lo mismo: simulan apertura, exhiben \u201cnuevas caras\u201d<\/strong> (que en realidad son viejos nombres con redes sociales)<strong> y ofrecen un espect\u00e1culo vac\u00edo.<\/strong><\/p>\n<p>Basta observar el armado de las listas. En su gran mayor\u00eda son una ficci\u00f3n electoral, donde lo que menos importa es la capacidad legislativa. <strong>Muchos de los que encabezan ni siquiera asumir\u00e1n sus bancas: son \u201ctestimoniales\u201d<\/strong> que s\u00f3lo sirven para sumar votos. Una burla institucional. \u00bfC\u00f3mo es posible que se naturalice que un candidato gane sin intenci\u00f3n de ejercer el cargo para el que fue elegido?<\/p>\n<div class=\"subscription\">\n<p>\n        Esto no les gusta a los autoritarios\n    <\/p>\n<div class=\"subscription__container\">\n<div class=\"subscription__text-wrapper\">\n<p>\n                El ejercicio del periodismo profesional y cr\u00edtico es un pilar fundamental de la democracia. Por eso molesta a quienes creen ser los due\u00f1os de la verdad.\n            <\/p>\n<\/p><\/div><\/div>\n<\/div>\n<p class=\"destacadoNota\"><a target=\"_blank\" href=\"https:\/\/www.perfil.com\/noticias\/opinion\/la-ilusion-milei-y-el-precio-de-gobernar-solo-entre-triangulos.phtml\">La ilusi\u00f3n, Milei y el precio de gobernar solo entre tri\u00e1ngulos<\/a><\/p>\n<p>La principal funci\u00f3n de un legislador no es sacarse <em>selfies <\/em>ni gritar en televisi\u00f3n. Es redactar, revisar y derogar leyes que regulen la convivencia, controlar al Poder Ejecutivo y representar los intereses del pueblo. Pero en Argentina, <strong>el Congreso se ha convertido en un teatro de egos<\/strong>, donde los fuegos artificiales importan m\u00e1s que el contenido. El respeto, la coherencia y la veracidad parecen haberse evaporado.<\/p>\n<p>Este problema no es nuevo ni exclusivo. En Brasil, durante el auge del Lava Jato, se descubri\u00f3 c\u00f3mo decenas de legisladores eran meros engranajes de una maquinaria institucional corrompida. En Espa\u00f1a, las listas \u201cs\u00e1bana\u201d del PSOE y del PP ocultaron durante a\u00f1os nombres sin trayectoria, puestos a dedo por conveniencia interna. No es casual que hoy el PSOE circule cada semana por los pasillos de la Justicia. En Italia, con su Congreso sobredimensionado, muchos parlamentarios se dedican m\u00e1s a cuidar su sill\u00f3n que a legislar. Basta recordar la pelea a pu\u00f1etazos en el Parlamento italiano que termin\u00f3 con un diputado, Leonardo Donno (del Movimiento 5 Estrellas), evacuado en silla de ruedas tras intentar colocarle una bandera en la cara al ministro Roberto Calderoli. Fue expulsado del hemiciclo y atacado por parlamentarios de la Liga. <strong>El grotesco se globaliza, pero no por eso debemos normalizarlo.<\/strong><\/p>\n<p>Sin embargo, a diferencia de nosotros, en muchos de esos pa\u00edses hay <strong>una prensa, una Justicia o una ciudadan\u00eda dispuesta a alzar la voz<\/strong>.<\/p>\n<p class=\"destacadoNota\"><a target=\"_blank\" href=\"https:\/\/www.perfil.com\/noticias\/columnistas\/kirchnerismo-y-psoe-el-arte-de-fingir-demencia.phtml\">Kirchnerismo y PSOE: el arte de fingir demencia<\/a><\/p>\n<p>En Argentina el electorado viene golpeado. Est\u00e1 harto, s\u00ed. Pero ese hartazgo se traduce <strong>m\u00e1s en resignaci\u00f3n que en rebeli\u00f3n democr\u00e1tica<\/strong>. Y ese es el terreno f\u00e9rtil donde los mismos de siempre vuelven, maquillados de cambio, a quedarse con todo.<\/p>\n<p>Milei lleg\u00f3 gritando contra la casta y hoy arma listas con punteros reciclados y militantes obedientes. <strong><a target=\"_blank\" href=\"https:\/\/www.perfil.com\/noticias\/politica\/uno-por-uno-los-candidatos-del-frente-libertad-avanza-en-la-provincia-el-triunfo-de-la-tropa-de-pareja-macristas-libertarios-y-ex-funcion.phtml\">La Libertad Avanza<\/a> se convirti\u00f3 en una escuela acelerada para reproducir lo peor de la pol\u00edtica tradicional.<\/strong> Y el <a target=\"_blank\" href=\"https:\/\/www.perfil.com\/noticias\/politica\/fuerza-patria-como-quedaron-las-listas-en-las-ocho-secciones-electorales.phtml\"><strong>peronismo<\/strong><\/a>, maestro de la supervivencia, se reagrupa detr\u00e1s de aparatos, sellos y candidaturas vac\u00edas, sin que importen causas judiciales ni prontuarios.<\/p>\n<p>El Congreso no es un club de teatro ni una agencia de empleos. Es el coraz\u00f3n de la Rep\u00fablica. Y si seguimos eligiendo figuritas oportunistas y testimoniales, entonces no ser\u00e1 la clase pol\u00edtica la que nos estafe, <strong>sino nosotros mismos los que entregamos el voto como un cheque en blanco a quienes ya sabemos que no van a cumplir<\/strong>. Votar con conciencia no es un acto menor: es impedir que se la lleven de arriba.<\/p>\n<p><strong>La pol\u00edtica exige profundidad. Exige compromiso. Y, sobre todo, exige memoria.<\/strong> Porque el futuro no se construye con slogans ni con shows: se construye con ciudadanos que sepan decir \u201cbasta\u201d antes de que sea demasiado tarde.<\/p>\n<p><em>\u00abLa pol\u00edtica debe ser la lucha por el bien com\u00fan, no el refugio de los sinverg\u00fcenzas\u00bb <\/em>\u2014 Adolfo Su\u00e1rez (primer presidente democr\u00e1tico de Espa\u00f1a tras Franco). <\/p>\n<p><em>ML<\/em><\/p>\n<\/p><\/div>\n<p><script>\n                !function(f,b,e,v,n,t,s)\n                {if(f.fbq)return;n=f.fbq=function(){n.callMethod?\n                    n.callMethod.apply(n,arguments):n.queue.push(arguments)};\n                    if(!f._fbq)f._fbq=n;n.push=n;n.loaded=!0;n.version='2.0';\n                    n.queue=[];t=b.createElement(e);t.async=!0;\n                    t.src=v;s=b.getElementsByTagName(e)[0];\n                    s.parentNode.insertBefore(t,s)}(window, document,'script',\n                    'https:\/\/connect.facebook.net\/en_US\/fbevents.js');\n                window.paywallConfig.facebook_pixel=\"1000228364089342\"\n            <\/script><\/p>\n","protected":false},"excerpt":{"rendered":"<p>La pol\u00edtica argentina ha alcanzado un nuevo pico de cinismo. Y lo m\u00e1s preocupante no es solo la falta de propuestas serias, sino la estafa evidente que se prepara a la vista de todos, y con nuestra complicidad: candidatos que no representan m\u00e1s que intereses partidarios, listas llenas de nombres testimoniales y un electorado agotado [&hellip;]<\/p>\n","protected":false},"author":2,"featured_media":138580,"comment_status":"closed","ping_status":"closed","sticky":false,"template":"","format":"standard","meta":{"footnotes":""},"categories":[25],"tags":[],"class_list":["post-138579","post","type-post","status-publish","format-standard","has-post-thumbnail","hentry","category-nacionales"],"yoast_head":"<!-- This site is optimized with the Yoast SEO plugin v24.4 - https:\/\/yoast.com\/wordpress\/plugins\/seo\/ -->\n<title>La nueva estafa pol\u00edtica | Perfil - GYS NOTICIAS |<\/title>\n<meta name=\"robots\" content=\"index, follow, max-snippet:-1, max-image-preview:large, max-video-preview:-1\" \/>\n<link rel=\"canonical\" href=\"https:\/\/gysfm.com.ar\/inicio\/la-nueva-estafa-politica-perfil\/\" \/>\n<meta property=\"og:locale\" content=\"es_ES\" \/>\n<meta property=\"og:type\" content=\"article\" \/>\n<meta property=\"og:title\" content=\"La nueva estafa pol\u00edtica | Perfil - GYS NOTICIAS |\" \/>\n<meta property=\"og:description\" content=\"La pol\u00edtica argentina ha alcanzado un nuevo pico de cinismo. Y lo m\u00e1s preocupante no es solo la falta de propuestas serias, sino la estafa evidente que se prepara a la vista de todos, y con nuestra complicidad: candidatos que no representan m\u00e1s que intereses partidarios, listas llenas de nombres testimoniales y un electorado agotado [&hellip;]\" \/>\n<meta property=\"og:url\" content=\"https:\/\/gysfm.com.ar\/inicio\/la-nueva-estafa-politica-perfil\/\" \/>\n<meta property=\"og:site_name\" content=\"GYS NOTICIAS |\" \/>\n<meta property=\"article:published_time\" content=\"2025-07-23T03:40:05+00:00\" \/>\n<meta name=\"author\" content=\"Prensa G&amp;S FM\" \/>\n<meta name=\"twitter:card\" content=\"summary_large_image\" \/>\n<meta name=\"twitter:label1\" content=\"Escrito por\" \/>\n\t<meta name=\"twitter:data1\" content=\"Prensa G&amp;S FM\" \/>\n\t<meta name=\"twitter:label2\" content=\"Tiempo de lectura\" \/>\n\t<meta name=\"twitter:data2\" content=\"4 minutos\" \/>\n<script type=\"application\/ld+json\" class=\"yoast-schema-graph\">{\"@context\":\"https:\/\/schema.org\",\"@graph\":[{\"@type\":\"Article\",\"@id\":\"https:\/\/gysfm.com.ar\/inicio\/la-nueva-estafa-politica-perfil\/#article\",\"isPartOf\":{\"@id\":\"https:\/\/gysfm.com.ar\/inicio\/la-nueva-estafa-politica-perfil\/\"},\"author\":{\"name\":\"Prensa G&amp;S FM\",\"@id\":\"https:\/\/gysfm.com.ar\/inicio\/#\/schema\/person\/3abba7593ef2ad19e1be221d54383dc5\"},\"headline\":\"La nueva estafa pol\u00edtica | Perfil\",\"datePublished\":\"2025-07-23T03:40:05+00:00\",\"mainEntityOfPage\":{\"@id\":\"https:\/\/gysfm.com.ar\/inicio\/la-nueva-estafa-politica-perfil\/\"},\"wordCount\":791,\"publisher\":{\"@id\":\"https:\/\/gysfm.com.ar\/inicio\/#organization\"},\"image\":{\"@id\":\"https:\/\/gysfm.com.ar\/inicio\/la-nueva-estafa-politica-perfil\/#primaryimage\"},\"thumbnailUrl\":\"https:\/\/gysfm.com.ar\/inicio\/wp-content\/uploads\/2025\/07\/200725pballaproperonismocedocg-2064916.jpg\",\"articleSection\":[\"NACIONALES\"],\"inLanguage\":\"es\"},{\"@type\":\"WebPage\",\"@id\":\"https:\/\/gysfm.com.ar\/inicio\/la-nueva-estafa-politica-perfil\/\",\"url\":\"https:\/\/gysfm.com.ar\/inicio\/la-nueva-estafa-politica-perfil\/\",\"name\":\"La nueva estafa pol\u00edtica | Perfil - GYS NOTICIAS |\",\"isPartOf\":{\"@id\":\"https:\/\/gysfm.com.ar\/inicio\/#website\"},\"primaryImageOfPage\":{\"@id\":\"https:\/\/gysfm.com.ar\/inicio\/la-nueva-estafa-politica-perfil\/#primaryimage\"},\"image\":{\"@id\":\"https:\/\/gysfm.com.ar\/inicio\/la-nueva-estafa-politica-perfil\/#primaryimage\"},\"thumbnailUrl\":\"https:\/\/gysfm.com.ar\/inicio\/wp-content\/uploads\/2025\/07\/200725pballaproperonismocedocg-2064916.jpg\",\"datePublished\":\"2025-07-23T03:40:05+00:00\",\"breadcrumb\":{\"@id\":\"https:\/\/gysfm.com.ar\/inicio\/la-nueva-estafa-politica-perfil\/#breadcrumb\"},\"inLanguage\":\"es\",\"potentialAction\":[{\"@type\":\"ReadAction\",\"target\":[\"https:\/\/gysfm.com.ar\/inicio\/la-nueva-estafa-politica-perfil\/\"]}]},{\"@type\":\"ImageObject\",\"inLanguage\":\"es\",\"@id\":\"https:\/\/gysfm.com.ar\/inicio\/la-nueva-estafa-politica-perfil\/#primaryimage\",\"url\":\"https:\/\/gysfm.com.ar\/inicio\/wp-content\/uploads\/2025\/07\/200725pballaproperonismocedocg-2064916.jpg\",\"contentUrl\":\"https:\/\/gysfm.com.ar\/inicio\/wp-content\/uploads\/2025\/07\/200725pballaproperonismocedocg-2064916.jpg\",\"width\":1140,\"height\":641},{\"@type\":\"BreadcrumbList\",\"@id\":\"https:\/\/gysfm.com.ar\/inicio\/la-nueva-estafa-politica-perfil\/#breadcrumb\",\"itemListElement\":[{\"@type\":\"ListItem\",\"position\":1,\"name\":\"Portada\",\"item\":\"https:\/\/gysfm.com.ar\/inicio\/\"},{\"@type\":\"ListItem\",\"position\":2,\"name\":\"La nueva estafa pol\u00edtica | Perfil\"}]},{\"@type\":\"WebSite\",\"@id\":\"https:\/\/gysfm.com.ar\/inicio\/#website\",\"url\":\"https:\/\/gysfm.com.ar\/inicio\/\",\"name\":\"GYS NOTICIAS |\",\"description\":\"DIARIO - RADIO ONLINE SAN JUAN ARGENTINA\",\"publisher\":{\"@id\":\"https:\/\/gysfm.com.ar\/inicio\/#organization\"},\"potentialAction\":[{\"@type\":\"SearchAction\",\"target\":{\"@type\":\"EntryPoint\",\"urlTemplate\":\"https:\/\/gysfm.com.ar\/inicio\/?s={search_term_string}\"},\"query-input\":{\"@type\":\"PropertyValueSpecification\",\"valueRequired\":true,\"valueName\":\"search_term_string\"}}],\"inLanguage\":\"es\"},{\"@type\":\"Organization\",\"@id\":\"https:\/\/gysfm.com.ar\/inicio\/#organization\",\"name\":\"GYS NOTICIAS |\",\"url\":\"https:\/\/gysfm.com.ar\/inicio\/\",\"logo\":{\"@type\":\"ImageObject\",\"inLanguage\":\"es\",\"@id\":\"https:\/\/gysfm.com.ar\/inicio\/#\/schema\/logo\/image\/\",\"url\":\"https:\/\/gysfm.com.ar\/inicio\/wp-content\/uploads\/2023\/07\/LOGOGYS-OK.png\",\"contentUrl\":\"https:\/\/gysfm.com.ar\/inicio\/wp-content\/uploads\/2023\/07\/LOGOGYS-OK.png\",\"width\":1170,\"height\":872,\"caption\":\"GYS NOTICIAS |\"},\"image\":{\"@id\":\"https:\/\/gysfm.com.ar\/inicio\/#\/schema\/logo\/image\/\"}},{\"@type\":\"Person\",\"@id\":\"https:\/\/gysfm.com.ar\/inicio\/#\/schema\/person\/3abba7593ef2ad19e1be221d54383dc5\",\"name\":\"Prensa G&amp;S FM\",\"image\":{\"@type\":\"ImageObject\",\"inLanguage\":\"es\",\"@id\":\"https:\/\/gysfm.com.ar\/inicio\/#\/schema\/person\/image\/\",\"url\":\"https:\/\/secure.gravatar.com\/avatar\/096ec78df02049ab018702bb4ccedf659377fa92a26540b5247612077a0dbd29?s=96&d=mm&r=g\",\"contentUrl\":\"https:\/\/secure.gravatar.com\/avatar\/096ec78df02049ab018702bb4ccedf659377fa92a26540b5247612077a0dbd29?s=96&d=mm&r=g\",\"caption\":\"Prensa G&amp;S FM\"},\"sameAs\":[\"https:\/\/gysfm.com.ar\/\"],\"url\":\"https:\/\/gysfm.com.ar\/inicio\/author\/lucasm\/\"}]}<\/script>\n<!-- \/ Yoast SEO plugin. -->","yoast_head_json":{"title":"La nueva estafa pol\u00edtica | Perfil - GYS NOTICIAS |","robots":{"index":"index","follow":"follow","max-snippet":"max-snippet:-1","max-image-preview":"max-image-preview:large","max-video-preview":"max-video-preview:-1"},"canonical":"https:\/\/gysfm.com.ar\/inicio\/la-nueva-estafa-politica-perfil\/","og_locale":"es_ES","og_type":"article","og_title":"La nueva estafa pol\u00edtica | Perfil - GYS NOTICIAS |","og_description":"La pol\u00edtica argentina ha alcanzado un nuevo pico de cinismo. Y lo m\u00e1s preocupante no es solo la falta de propuestas serias, sino la estafa evidente que se prepara a la vista de todos, y con nuestra complicidad: candidatos que no representan m\u00e1s que intereses partidarios, listas llenas de nombres testimoniales y un electorado agotado [&hellip;]","og_url":"https:\/\/gysfm.com.ar\/inicio\/la-nueva-estafa-politica-perfil\/","og_site_name":"GYS NOTICIAS |","article_published_time":"2025-07-23T03:40:05+00:00","author":"Prensa G&amp;S FM","twitter_card":"summary_large_image","twitter_misc":{"Escrito por":"Prensa G&amp;S FM","Tiempo de lectura":"4 minutos"},"schema":{"@context":"https:\/\/schema.org","@graph":[{"@type":"Article","@id":"https:\/\/gysfm.com.ar\/inicio\/la-nueva-estafa-politica-perfil\/#article","isPartOf":{"@id":"https:\/\/gysfm.com.ar\/inicio\/la-nueva-estafa-politica-perfil\/"},"author":{"name":"Prensa G&amp;S FM","@id":"https:\/\/gysfm.com.ar\/inicio\/#\/schema\/person\/3abba7593ef2ad19e1be221d54383dc5"},"headline":"La nueva estafa pol\u00edtica | Perfil","datePublished":"2025-07-23T03:40:05+00:00","mainEntityOfPage":{"@id":"https:\/\/gysfm.com.ar\/inicio\/la-nueva-estafa-politica-perfil\/"},"wordCount":791,"publisher":{"@id":"https:\/\/gysfm.com.ar\/inicio\/#organization"},"image":{"@id":"https:\/\/gysfm.com.ar\/inicio\/la-nueva-estafa-politica-perfil\/#primaryimage"},"thumbnailUrl":"https:\/\/gysfm.com.ar\/inicio\/wp-content\/uploads\/2025\/07\/200725pballaproperonismocedocg-2064916.jpg","articleSection":["NACIONALES"],"inLanguage":"es"},{"@type":"WebPage","@id":"https:\/\/gysfm.com.ar\/inicio\/la-nueva-estafa-politica-perfil\/","url":"https:\/\/gysfm.com.ar\/inicio\/la-nueva-estafa-politica-perfil\/","name":"La nueva estafa pol\u00edtica | Perfil - GYS NOTICIAS |","isPartOf":{"@id":"https:\/\/gysfm.com.ar\/inicio\/#website"},"primaryImageOfPage":{"@id":"https:\/\/gysfm.com.ar\/inicio\/la-nueva-estafa-politica-perfil\/#primaryimage"},"image":{"@id":"https:\/\/gysfm.com.ar\/inicio\/la-nueva-estafa-politica-perfil\/#primaryimage"},"thumbnailUrl":"https:\/\/gysfm.com.ar\/inicio\/wp-content\/uploads\/2025\/07\/200725pballaproperonismocedocg-2064916.jpg","datePublished":"2025-07-23T03:40:05+00:00","breadcrumb":{"@id":"https:\/\/gysfm.com.ar\/inicio\/la-nueva-estafa-politica-perfil\/#breadcrumb"},"inLanguage":"es","potentialAction":[{"@type":"ReadAction","target":["https:\/\/gysfm.com.ar\/inicio\/la-nueva-estafa-politica-perfil\/"]}]},{"@type":"ImageObject","inLanguage":"es","@id":"https:\/\/gysfm.com.ar\/inicio\/la-nueva-estafa-politica-perfil\/#primaryimage","url":"https:\/\/gysfm.com.ar\/inicio\/wp-content\/uploads\/2025\/07\/200725pballaproperonismocedocg-2064916.jpg","contentUrl":"https:\/\/gysfm.com.ar\/inicio\/wp-content\/uploads\/2025\/07\/200725pballaproperonismocedocg-2064916.jpg","width":1140,"height":641},{"@type":"BreadcrumbList","@id":"https:\/\/gysfm.com.ar\/inicio\/la-nueva-estafa-politica-perfil\/#breadcrumb","itemListElement":[{"@type":"ListItem","position":1,"name":"Portada","item":"https:\/\/gysfm.com.ar\/inicio\/"},{"@type":"ListItem","position":2,"name":"La nueva estafa pol\u00edtica | Perfil"}]},{"@type":"WebSite","@id":"https:\/\/gysfm.com.ar\/inicio\/#website","url":"https:\/\/gysfm.com.ar\/inicio\/","name":"GYS NOTICIAS |","description":"DIARIO - RADIO ONLINE SAN JUAN ARGENTINA","publisher":{"@id":"https:\/\/gysfm.com.ar\/inicio\/#organization"},"potentialAction":[{"@type":"SearchAction","target":{"@type":"EntryPoint","urlTemplate":"https:\/\/gysfm.com.ar\/inicio\/?s={search_term_string}"},"query-input":{"@type":"PropertyValueSpecification","valueRequired":true,"valueName":"search_term_string"}}],"inLanguage":"es"},{"@type":"Organization","@id":"https:\/\/gysfm.com.ar\/inicio\/#organization","name":"GYS NOTICIAS |","url":"https:\/\/gysfm.com.ar\/inicio\/","logo":{"@type":"ImageObject","inLanguage":"es","@id":"https:\/\/gysfm.com.ar\/inicio\/#\/schema\/logo\/image\/","url":"https:\/\/gysfm.com.ar\/inicio\/wp-content\/uploads\/2023\/07\/LOGOGYS-OK.png","contentUrl":"https:\/\/gysfm.com.ar\/inicio\/wp-content\/uploads\/2023\/07\/LOGOGYS-OK.png","width":1170,"height":872,"caption":"GYS NOTICIAS |"},"image":{"@id":"https:\/\/gysfm.com.ar\/inicio\/#\/schema\/logo\/image\/"}},{"@type":"Person","@id":"https:\/\/gysfm.com.ar\/inicio\/#\/schema\/person\/3abba7593ef2ad19e1be221d54383dc5","name":"Prensa G&amp;S FM","image":{"@type":"ImageObject","inLanguage":"es","@id":"https:\/\/gysfm.com.ar\/inicio\/#\/schema\/person\/image\/","url":"https:\/\/secure.gravatar.com\/avatar\/096ec78df02049ab018702bb4ccedf659377fa92a26540b5247612077a0dbd29?s=96&d=mm&r=g","contentUrl":"https:\/\/secure.gravatar.com\/avatar\/096ec78df02049ab018702bb4ccedf659377fa92a26540b5247612077a0dbd29?s=96&d=mm&r=g","caption":"Prensa G&amp;S FM"},"sameAs":["https:\/\/gysfm.com.ar\/"],"url":"https:\/\/gysfm.com.ar\/inicio\/author\/lucasm\/"}]}},"_links":{"self":[{"href":"https:\/\/gysfm.com.ar\/inicio\/wp-json\/wp\/v2\/posts\/138579","targetHints":{"allow":["GET"]}}],"collection":[{"href":"https:\/\/gysfm.com.ar\/inicio\/wp-json\/wp\/v2\/posts"}],"about":[{"href":"https:\/\/gysfm.com.ar\/inicio\/wp-json\/wp\/v2\/types\/post"}],"author":[{"embeddable":true,"href":"https:\/\/gysfm.com.ar\/inicio\/wp-json\/wp\/v2\/users\/2"}],"replies":[{"embeddable":true,"href":"https:\/\/gysfm.com.ar\/inicio\/wp-json\/wp\/v2\/comments?post=138579"}],"version-history":[{"count":0,"href":"https:\/\/gysfm.com.ar\/inicio\/wp-json\/wp\/v2\/posts\/138579\/revisions"}],"wp:featuredmedia":[{"embeddable":true,"href":"https:\/\/gysfm.com.ar\/inicio\/wp-json\/wp\/v2\/media\/138580"}],"wp:attachment":[{"href":"https:\/\/gysfm.com.ar\/inicio\/wp-json\/wp\/v2\/media?parent=138579"}],"wp:term":[{"taxonomy":"category","embeddable":true,"href":"https:\/\/gysfm.com.ar\/inicio\/wp-json\/wp\/v2\/categories?post=138579"},{"taxonomy":"post_tag","embeddable":true,"href":"https:\/\/gysfm.com.ar\/inicio\/wp-json\/wp\/v2\/tags?post=138579"}],"curies":[{"name":"wp","href":"https:\/\/api.w.org\/{rel}","templated":true}]}}