{"id":138577,"date":"2025-07-23T00:31:07","date_gmt":"2025-07-23T03:31:07","guid":{"rendered":"https:\/\/gysfm.com.ar\/inicio\/mas-de-90-000-alumnos-ya-participan-de-los-planes-de-alfabetizacion-en-san-juan\/"},"modified":"2025-07-23T00:31:07","modified_gmt":"2025-07-23T03:31:07","slug":"mas-de-90-000-alumnos-ya-participan-de-los-planes-de-alfabetizacion-en-san-juan","status":"publish","type":"post","link":"https:\/\/gysfm.com.ar\/inicio\/mas-de-90-000-alumnos-ya-participan-de-los-planes-de-alfabetizacion-en-san-juan\/","title":{"rendered":"M\u00e1s de 90.000 alumnos ya participan de los planes de alfabetizaci\u00f3n en San Juan"},"content":{"rendered":"<p> <br \/>\n<\/p>\n<div>\n<p>Con el objetivo de garantizar el derecho a leer, escribir, comprender y producir textos desde los primeros a\u00f1os escolares, el Gobierno de San Juan, a trav\u00e9s del Ministerio de Educaci\u00f3n, impulsa dos programas fundamentales que ya muestran resultados concretos en la mejora de los aprendizajes: Comprendo y Aprendo y Transformar la Secundaria.<\/p>\n<p>Ambos programas representan una pol\u00edtica educativa con rumbo claro, dise\u00f1ada desde una s\u00f3lida base pedag\u00f3gica y con una implementaci\u00f3n territorial que prioriza el trabajo conjunto con las escuelas. En este marco, el gobernador Marcelo Orrego, acompa\u00f1ado por la ministra de Educaci\u00f3n, Silvia Fuentes, entreg\u00f3 la distinci\u00f3n Sello de Compromiso con la Alfabetizaci\u00f3n, a empresas y fundaciones aglutinadas en el Grupo de Fundaciones y Empresas (GDFE). De este acto tambi\u00e9n participaron el presidente de GDFE, Javier Garc\u00eda Morit\u00e1n y por La Fundaci\u00f3n Grupo Petersen, Laura Ad\u00e1moli y Cecilia Hancevic.<\/p>\n<p>Cabe destacar que el plan educativo provincial reafirma que la alfabetizaci\u00f3n no es solo una meta, sino una herramienta central para el desarrollo humano, la igualdad de oportunidades y la construcci\u00f3n de ciudadan\u00eda plena. Y esto se ve en n\u00fameros. Desde que se pusieron en marcha, hace poco m\u00e1s de un a\u00f1o, en nivel inicial, el programa triplic\u00f3 su alcance y hoy llega a 270 escuelas, con la participaci\u00f3n de 1.200 docentes y 20.000 estudiantes. En primaria, se duplic\u00f3 la cantidad de instituciones involucradas y se incorporaron los terceros grados, beneficiando a 30.000 estudiantes. En el nivel secundario, se sumaron 100 escuelas con una propuesta integral que abarca lengua, matem\u00e1tica, rob\u00f3tica y acompa\u00f1amiento de trayectorias, alcanzando a 40.000 estudiantes. Adem\u00e1s, se incorpor\u00f3 el 100 % de los institutos de formaci\u00f3n docente y m\u00e1s de 30 escuelas de Educaci\u00f3n Especial.<\/p>\n<p>El Sello de Compromiso con la Alfabetizaci\u00f3n es una distinci\u00f3n institucional que otorg\u00f3 el Gobierno de San Juan, a trav\u00e9s del Ministerio de Educaci\u00f3n, a empresas y fundaciones que han demostrado un compromiso tangible, sostenido y valioso con el desarrollo y fortalecimiento de la alfabetizaci\u00f3n en la provincia.\u00a0<\/p>\n<p><amp-img src=\"https:\/\/pxbcdn.diariohuarpe.com\/huarpe\/072025\/1753217919781\/whatsapp-image-2025-07-22-at-17-48-18-jpeg..jpeg\" width=\"800\" height=\"488\" layout=\"responsive\" class=\"nowrapper\" alt=\"\"\/><span class=\"epigrafe_mustang\">La alfabetizaci\u00f3n se consolida como el eje vertebrador de una educaci\u00f3n transformadora. Foto: Gentileza<\/span><\/p>\n<p>Esta distinci\u00f3n reconoci\u00f3 especialmente a aquellas organizaciones del sector privado que se sumaron activamente al Plan Provincial de Alfabetizaci\u00f3n Comprendo y Aprendo y al programa de alfabetizaci\u00f3n avanzada Transformar la Secundaria, que representan pol\u00edticas educativas prioritarias impulsadas por la gesti\u00f3n desde una mirada estrat\u00e9gica, sensible y profundamente transformadora.<\/p>\n<p>Durante el acto, el gobernador Marcelo Orrego dijo: \u201cDesde antes de iniciar esta gesti\u00f3n, ten\u00edamos claro que el futuro de San Juan se construye con educaci\u00f3n, y por eso, desde el primer d\u00eda, instru\u00ed a la ministra a avanzar con decisi\u00f3n y todo el presupuesto necesario para desarrollar &#8216;Comprendo y Aprendo&#8217; y transformar la secundaria. La educaci\u00f3n es el camino, es lo que nos iguala, lo que nos da oportunidades m\u00e1s all\u00e1 del origen, y lo que permite forjar una sociedad mejor. Hoy vemos los frutos de ese compromiso y sabemos que todo lo hecho vali\u00f3 y seguir\u00e1 valiendo la pena\u201d<\/p>\n<p>Por su lado, la ministra Fuentes agreg\u00f3 que \u00abel Gobernador me pidi\u00f3 mejorar la calidad educativa y eso nos desafi\u00f3 profundamente; con un equipo comprometido y un programa propio, &#8216;Comprendo y Aprendo&#8217;, salimos a alfabetizar en todos los niveles porque San Juan lo necesita, y lo hicimos desde el territorio, con funcionarios de zapatillas, escuchando a cada docente, arreglando escuelas olvidadas, y convencidos de que nuestros chicos merecen estudiar en condiciones dignas para estar preparados para la vida\u201d.<\/p>\n<p>El Sello de Compromiso con la Alfabetizaci\u00f3n representa mucho m\u00e1s que una distinci\u00f3n simb\u00f3lica: es el reflejo de una alianza estrat\u00e9gica y transformadora entre el Estado, el sector privado y la sociedad civil. Esta articulaci\u00f3n innovadora permite formular e implementar pol\u00edticas p\u00fablicas educativas con enfoque territorial, medibles y sostenidas en el tiempo, centradas en mejorar la alfabetizaci\u00f3n como base del desarrollo humano.<\/p>\n<p>La entrega de este reconocimiento pone en valor la sinergia virtuosa entre actores diversos que comparten una visi\u00f3n com\u00fan: garantizar una educaci\u00f3n de calidad, inclusiva y con sentido de futuro. Empresas y fundaciones que lo reciben reafirman su compromiso activo con la construcci\u00f3n colectiva de una provincia m\u00e1s justa, asumiendo un rol clave en el acompa\u00f1amiento a las escuelas y a las pol\u00edticas p\u00fablicas que priorizan el derecho a leer, escribir, comprender y expresarse.<\/p>\n<p>\u00a0En este marco, la alfabetizaci\u00f3n se consolida como el eje vertebrador de una educaci\u00f3n transformadora, sensible a las realidades escolares y con capacidad de generar cambios profundos y sostenibles en la vida de ni\u00f1as, ni\u00f1os y adolescentes sanjuaninos.<\/p>\n<h2 class=\"intertitulo\">Los programas<\/h2>\n<p>\u201cComprendo y Aprendo\u201d propone asegurar el acceso efectivo a la alfabetizaci\u00f3n desde el inicio de la trayectoria escolar, articulando estrategias universales y focalizadas. Entre sus acciones m\u00e1s destacadas se encuentran las jornadas institucionales, la elaboraci\u00f3n de materiales digitales, el acompa\u00f1amiento pedag\u00f3gico a docentes y la entrega de libros a estudiantes. Adem\u00e1s, contempla el trabajo en contextos diversos, como la educaci\u00f3n especial, y la presencia de orientadoras pedag\u00f3gicas que fortalecen las pr\u00e1cticas dentro del aula.<\/p>\n<p>Por su parte, \u201cTransformar la Secundaria\u201d constituye una pol\u00edtica que pone el foco en el acompa\u00f1amiento de las trayectorias escolares en el nivel medio, con una mirada integral e innovadora. El programa promueve redes entre escuelas, equipos supervisivos y docentes para renovar las pr\u00e1cticas de ense\u00f1anza y mejorar los aprendizajes, con \u00e9nfasis en \u00e1reas clave como Lengua y Matem\u00e1tica. Tambi\u00e9n incluye capacitaciones en liderazgo pedag\u00f3gico, gesti\u00f3n estrat\u00e9gica, Aprendizaje Basado en Proyectos (ABP), rob\u00f3tica y propuestas para una secundaria m\u00e1s inclusiva y conectada con los desaf\u00edos actuales.<\/p>\n<\/div>\n\n","protected":false},"excerpt":{"rendered":"<p>Con el objetivo de garantizar el derecho a leer, escribir, comprender y producir textos desde los primeros a\u00f1os escolares, el Gobierno de San Juan, a trav\u00e9s del Ministerio de Educaci\u00f3n, impulsa dos programas fundamentales que ya muestran resultados concretos en la mejora de los aprendizajes: Comprendo y Aprendo y Transformar la Secundaria. Ambos programas representan [&hellip;]<\/p>\n","protected":false},"author":1,"featured_media":138578,"comment_status":"closed","ping_status":"closed","sticky":false,"template":"","format":"standard","meta":{"footnotes":""},"categories":[32,30],"tags":[],"class_list":["post-138577","post","type-post","status-publish","format-standard","has-post-thumbnail","hentry","category-municipales","category-sociedad"],"yoast_head":"<!-- This site is optimized with the Yoast SEO plugin v24.4 - https:\/\/yoast.com\/wordpress\/plugins\/seo\/ -->\n<title>M\u00e1s de 90.000 alumnos ya participan de los planes de alfabetizaci\u00f3n en San Juan - GYS NOTICIAS |<\/title>\n<meta name=\"robots\" content=\"index, follow, max-snippet:-1, max-image-preview:large, max-video-preview:-1\" \/>\n<link rel=\"canonical\" href=\"https:\/\/gysfm.com.ar\/inicio\/mas-de-90-000-alumnos-ya-participan-de-los-planes-de-alfabetizacion-en-san-juan\/\" \/>\n<meta property=\"og:locale\" content=\"es_ES\" \/>\n<meta property=\"og:type\" content=\"article\" \/>\n<meta property=\"og:title\" content=\"M\u00e1s de 90.000 alumnos ya participan de los planes de alfabetizaci\u00f3n en San Juan - GYS NOTICIAS |\" \/>\n<meta property=\"og:description\" content=\"Con el objetivo de garantizar el derecho a leer, escribir, comprender y producir textos desde los primeros a\u00f1os escolares, el Gobierno de San Juan, a trav\u00e9s del Ministerio de Educaci\u00f3n, impulsa dos programas fundamentales que ya muestran resultados concretos en la mejora de los aprendizajes: Comprendo y Aprendo y Transformar la Secundaria. Ambos programas representan [&hellip;]\" \/>\n<meta property=\"og:url\" content=\"https:\/\/gysfm.com.ar\/inicio\/mas-de-90-000-alumnos-ya-participan-de-los-planes-de-alfabetizacion-en-san-juan\/\" \/>\n<meta property=\"og:site_name\" content=\"GYS NOTICIAS |\" \/>\n<meta property=\"article:published_time\" content=\"2025-07-23T03:31:07+00:00\" \/>\n<meta name=\"author\" content=\"admin\" \/>\n<meta name=\"twitter:card\" content=\"summary_large_image\" \/>\n<meta name=\"twitter:label1\" content=\"Escrito por\" \/>\n\t<meta name=\"twitter:data1\" content=\"admin\" \/>\n\t<meta name=\"twitter:label2\" content=\"Tiempo de lectura\" \/>\n\t<meta name=\"twitter:data2\" content=\"5 minutos\" \/>\n<script type=\"application\/ld+json\" class=\"yoast-schema-graph\">{\"@context\":\"https:\/\/schema.org\",\"@graph\":[{\"@type\":\"Article\",\"@id\":\"https:\/\/gysfm.com.ar\/inicio\/mas-de-90-000-alumnos-ya-participan-de-los-planes-de-alfabetizacion-en-san-juan\/#article\",\"isPartOf\":{\"@id\":\"https:\/\/gysfm.com.ar\/inicio\/mas-de-90-000-alumnos-ya-participan-de-los-planes-de-alfabetizacion-en-san-juan\/\"},\"author\":{\"name\":\"admin\",\"@id\":\"https:\/\/gysfm.com.ar\/inicio\/#\/schema\/person\/5bedd7ecd35cc35548d89effafa23696\"},\"headline\":\"M\u00e1s de 90.000 alumnos ya participan de los planes de alfabetizaci\u00f3n en San Juan\",\"datePublished\":\"2025-07-23T03:31:07+00:00\",\"mainEntityOfPage\":{\"@id\":\"https:\/\/gysfm.com.ar\/inicio\/mas-de-90-000-alumnos-ya-participan-de-los-planes-de-alfabetizacion-en-san-juan\/\"},\"wordCount\":1005,\"publisher\":{\"@id\":\"https:\/\/gysfm.com.ar\/inicio\/#organization\"},\"image\":{\"@id\":\"https:\/\/gysfm.com.ar\/inicio\/mas-de-90-000-alumnos-ya-participan-de-los-planes-de-alfabetizacion-en-san-juan\/#primaryimage\"},\"thumbnailUrl\":\"https:\/\/gysfm.com.ar\/inicio\/wp-content\/uploads\/2025\/07\/whatsapp-image-2025-07-22-at-17-48-18-2-jpeg.jpeg\",\"articleSection\":[\"MUNICIPALES\",\"SOCIEDAD\"],\"inLanguage\":\"es\"},{\"@type\":\"WebPage\",\"@id\":\"https:\/\/gysfm.com.ar\/inicio\/mas-de-90-000-alumnos-ya-participan-de-los-planes-de-alfabetizacion-en-san-juan\/\",\"url\":\"https:\/\/gysfm.com.ar\/inicio\/mas-de-90-000-alumnos-ya-participan-de-los-planes-de-alfabetizacion-en-san-juan\/\",\"name\":\"M\u00e1s de 90.000 alumnos ya participan de los planes de alfabetizaci\u00f3n en San Juan - GYS NOTICIAS |\",\"isPartOf\":{\"@id\":\"https:\/\/gysfm.com.ar\/inicio\/#website\"},\"primaryImageOfPage\":{\"@id\":\"https:\/\/gysfm.com.ar\/inicio\/mas-de-90-000-alumnos-ya-participan-de-los-planes-de-alfabetizacion-en-san-juan\/#primaryimage\"},\"image\":{\"@id\":\"https:\/\/gysfm.com.ar\/inicio\/mas-de-90-000-alumnos-ya-participan-de-los-planes-de-alfabetizacion-en-san-juan\/#primaryimage\"},\"thumbnailUrl\":\"https:\/\/gysfm.com.ar\/inicio\/wp-content\/uploads\/2025\/07\/whatsapp-image-2025-07-22-at-17-48-18-2-jpeg.jpeg\",\"datePublished\":\"2025-07-23T03:31:07+00:00\",\"breadcrumb\":{\"@id\":\"https:\/\/gysfm.com.ar\/inicio\/mas-de-90-000-alumnos-ya-participan-de-los-planes-de-alfabetizacion-en-san-juan\/#breadcrumb\"},\"inLanguage\":\"es\",\"potentialAction\":[{\"@type\":\"ReadAction\",\"target\":[\"https:\/\/gysfm.com.ar\/inicio\/mas-de-90-000-alumnos-ya-participan-de-los-planes-de-alfabetizacion-en-san-juan\/\"]}]},{\"@type\":\"ImageObject\",\"inLanguage\":\"es\",\"@id\":\"https:\/\/gysfm.com.ar\/inicio\/mas-de-90-000-alumnos-ya-participan-de-los-planes-de-alfabetizacion-en-san-juan\/#primaryimage\",\"url\":\"https:\/\/gysfm.com.ar\/inicio\/wp-content\/uploads\/2025\/07\/whatsapp-image-2025-07-22-at-17-48-18-2-jpeg.jpeg\",\"contentUrl\":\"https:\/\/gysfm.com.ar\/inicio\/wp-content\/uploads\/2025\/07\/whatsapp-image-2025-07-22-at-17-48-18-2-jpeg.jpeg\",\"width\":600,\"height\":315},{\"@type\":\"BreadcrumbList\",\"@id\":\"https:\/\/gysfm.com.ar\/inicio\/mas-de-90-000-alumnos-ya-participan-de-los-planes-de-alfabetizacion-en-san-juan\/#breadcrumb\",\"itemListElement\":[{\"@type\":\"ListItem\",\"position\":1,\"name\":\"Portada\",\"item\":\"https:\/\/gysfm.com.ar\/inicio\/\"},{\"@type\":\"ListItem\",\"position\":2,\"name\":\"M\u00e1s de 90.000 alumnos ya participan de los planes de alfabetizaci\u00f3n en San Juan\"}]},{\"@type\":\"WebSite\",\"@id\":\"https:\/\/gysfm.com.ar\/inicio\/#website\",\"url\":\"https:\/\/gysfm.com.ar\/inicio\/\",\"name\":\"GYS NOTICIAS |\",\"description\":\"DIARIO - RADIO ONLINE SAN JUAN ARGENTINA\",\"publisher\":{\"@id\":\"https:\/\/gysfm.com.ar\/inicio\/#organization\"},\"potentialAction\":[{\"@type\":\"SearchAction\",\"target\":{\"@type\":\"EntryPoint\",\"urlTemplate\":\"https:\/\/gysfm.com.ar\/inicio\/?s={search_term_string}\"},\"query-input\":{\"@type\":\"PropertyValueSpecification\",\"valueRequired\":true,\"valueName\":\"search_term_string\"}}],\"inLanguage\":\"es\"},{\"@type\":\"Organization\",\"@id\":\"https:\/\/gysfm.com.ar\/inicio\/#organization\",\"name\":\"GYS NOTICIAS |\",\"url\":\"https:\/\/gysfm.com.ar\/inicio\/\",\"logo\":{\"@type\":\"ImageObject\",\"inLanguage\":\"es\",\"@id\":\"https:\/\/gysfm.com.ar\/inicio\/#\/schema\/logo\/image\/\",\"url\":\"https:\/\/gysfm.com.ar\/inicio\/wp-content\/uploads\/2023\/07\/LOGOGYS-OK.png\",\"contentUrl\":\"https:\/\/gysfm.com.ar\/inicio\/wp-content\/uploads\/2023\/07\/LOGOGYS-OK.png\",\"width\":1170,\"height\":872,\"caption\":\"GYS NOTICIAS |\"},\"image\":{\"@id\":\"https:\/\/gysfm.com.ar\/inicio\/#\/schema\/logo\/image\/\"}},{\"@type\":\"Person\",\"@id\":\"https:\/\/gysfm.com.ar\/inicio\/#\/schema\/person\/5bedd7ecd35cc35548d89effafa23696\",\"name\":\"admin\",\"image\":{\"@type\":\"ImageObject\",\"inLanguage\":\"es\",\"@id\":\"https:\/\/gysfm.com.ar\/inicio\/#\/schema\/person\/image\/\",\"url\":\"https:\/\/secure.gravatar.com\/avatar\/c331d312b5243fb64d5ba28108a447b27c925295129a363082c9ea52c28d32c2?s=96&d=mm&r=g\",\"contentUrl\":\"https:\/\/secure.gravatar.com\/avatar\/c331d312b5243fb64d5ba28108a447b27c925295129a363082c9ea52c28d32c2?s=96&d=mm&r=g\",\"caption\":\"admin\"},\"sameAs\":[\"https:\/\/gysfm.com.ar\/inicio\"],\"url\":\"https:\/\/gysfm.com.ar\/inicio\/author\/admin\/\"}]}<\/script>\n<!-- \/ Yoast SEO plugin. -->","yoast_head_json":{"title":"M\u00e1s de 90.000 alumnos ya participan de los planes de alfabetizaci\u00f3n en San Juan - GYS NOTICIAS |","robots":{"index":"index","follow":"follow","max-snippet":"max-snippet:-1","max-image-preview":"max-image-preview:large","max-video-preview":"max-video-preview:-1"},"canonical":"https:\/\/gysfm.com.ar\/inicio\/mas-de-90-000-alumnos-ya-participan-de-los-planes-de-alfabetizacion-en-san-juan\/","og_locale":"es_ES","og_type":"article","og_title":"M\u00e1s de 90.000 alumnos ya participan de los planes de alfabetizaci\u00f3n en San Juan - GYS NOTICIAS |","og_description":"Con el objetivo de garantizar el derecho a leer, escribir, comprender y producir textos desde los primeros a\u00f1os escolares, el Gobierno de San Juan, a trav\u00e9s del Ministerio de Educaci\u00f3n, impulsa dos programas fundamentales que ya muestran resultados concretos en la mejora de los aprendizajes: Comprendo y Aprendo y Transformar la Secundaria. Ambos programas representan [&hellip;]","og_url":"https:\/\/gysfm.com.ar\/inicio\/mas-de-90-000-alumnos-ya-participan-de-los-planes-de-alfabetizacion-en-san-juan\/","og_site_name":"GYS NOTICIAS |","article_published_time":"2025-07-23T03:31:07+00:00","author":"admin","twitter_card":"summary_large_image","twitter_misc":{"Escrito por":"admin","Tiempo de lectura":"5 minutos"},"schema":{"@context":"https:\/\/schema.org","@graph":[{"@type":"Article","@id":"https:\/\/gysfm.com.ar\/inicio\/mas-de-90-000-alumnos-ya-participan-de-los-planes-de-alfabetizacion-en-san-juan\/#article","isPartOf":{"@id":"https:\/\/gysfm.com.ar\/inicio\/mas-de-90-000-alumnos-ya-participan-de-los-planes-de-alfabetizacion-en-san-juan\/"},"author":{"name":"admin","@id":"https:\/\/gysfm.com.ar\/inicio\/#\/schema\/person\/5bedd7ecd35cc35548d89effafa23696"},"headline":"M\u00e1s de 90.000 alumnos ya participan de los planes de alfabetizaci\u00f3n en San Juan","datePublished":"2025-07-23T03:31:07+00:00","mainEntityOfPage":{"@id":"https:\/\/gysfm.com.ar\/inicio\/mas-de-90-000-alumnos-ya-participan-de-los-planes-de-alfabetizacion-en-san-juan\/"},"wordCount":1005,"publisher":{"@id":"https:\/\/gysfm.com.ar\/inicio\/#organization"},"image":{"@id":"https:\/\/gysfm.com.ar\/inicio\/mas-de-90-000-alumnos-ya-participan-de-los-planes-de-alfabetizacion-en-san-juan\/#primaryimage"},"thumbnailUrl":"https:\/\/gysfm.com.ar\/inicio\/wp-content\/uploads\/2025\/07\/whatsapp-image-2025-07-22-at-17-48-18-2-jpeg.jpeg","articleSection":["MUNICIPALES","SOCIEDAD"],"inLanguage":"es"},{"@type":"WebPage","@id":"https:\/\/gysfm.com.ar\/inicio\/mas-de-90-000-alumnos-ya-participan-de-los-planes-de-alfabetizacion-en-san-juan\/","url":"https:\/\/gysfm.com.ar\/inicio\/mas-de-90-000-alumnos-ya-participan-de-los-planes-de-alfabetizacion-en-san-juan\/","name":"M\u00e1s de 90.000 alumnos ya participan de los planes de alfabetizaci\u00f3n en San Juan - GYS NOTICIAS |","isPartOf":{"@id":"https:\/\/gysfm.com.ar\/inicio\/#website"},"primaryImageOfPage":{"@id":"https:\/\/gysfm.com.ar\/inicio\/mas-de-90-000-alumnos-ya-participan-de-los-planes-de-alfabetizacion-en-san-juan\/#primaryimage"},"image":{"@id":"https:\/\/gysfm.com.ar\/inicio\/mas-de-90-000-alumnos-ya-participan-de-los-planes-de-alfabetizacion-en-san-juan\/#primaryimage"},"thumbnailUrl":"https:\/\/gysfm.com.ar\/inicio\/wp-content\/uploads\/2025\/07\/whatsapp-image-2025-07-22-at-17-48-18-2-jpeg.jpeg","datePublished":"2025-07-23T03:31:07+00:00","breadcrumb":{"@id":"https:\/\/gysfm.com.ar\/inicio\/mas-de-90-000-alumnos-ya-participan-de-los-planes-de-alfabetizacion-en-san-juan\/#breadcrumb"},"inLanguage":"es","potentialAction":[{"@type":"ReadAction","target":["https:\/\/gysfm.com.ar\/inicio\/mas-de-90-000-alumnos-ya-participan-de-los-planes-de-alfabetizacion-en-san-juan\/"]}]},{"@type":"ImageObject","inLanguage":"es","@id":"https:\/\/gysfm.com.ar\/inicio\/mas-de-90-000-alumnos-ya-participan-de-los-planes-de-alfabetizacion-en-san-juan\/#primaryimage","url":"https:\/\/gysfm.com.ar\/inicio\/wp-content\/uploads\/2025\/07\/whatsapp-image-2025-07-22-at-17-48-18-2-jpeg.jpeg","contentUrl":"https:\/\/gysfm.com.ar\/inicio\/wp-content\/uploads\/2025\/07\/whatsapp-image-2025-07-22-at-17-48-18-2-jpeg.jpeg","width":600,"height":315},{"@type":"BreadcrumbList","@id":"https:\/\/gysfm.com.ar\/inicio\/mas-de-90-000-alumnos-ya-participan-de-los-planes-de-alfabetizacion-en-san-juan\/#breadcrumb","itemListElement":[{"@type":"ListItem","position":1,"name":"Portada","item":"https:\/\/gysfm.com.ar\/inicio\/"},{"@type":"ListItem","position":2,"name":"M\u00e1s de 90.000 alumnos ya participan de los planes de alfabetizaci\u00f3n en San Juan"}]},{"@type":"WebSite","@id":"https:\/\/gysfm.com.ar\/inicio\/#website","url":"https:\/\/gysfm.com.ar\/inicio\/","name":"GYS NOTICIAS |","description":"DIARIO - RADIO ONLINE SAN JUAN ARGENTINA","publisher":{"@id":"https:\/\/gysfm.com.ar\/inicio\/#organization"},"potentialAction":[{"@type":"SearchAction","target":{"@type":"EntryPoint","urlTemplate":"https:\/\/gysfm.com.ar\/inicio\/?s={search_term_string}"},"query-input":{"@type":"PropertyValueSpecification","valueRequired":true,"valueName":"search_term_string"}}],"inLanguage":"es"},{"@type":"Organization","@id":"https:\/\/gysfm.com.ar\/inicio\/#organization","name":"GYS NOTICIAS |","url":"https:\/\/gysfm.com.ar\/inicio\/","logo":{"@type":"ImageObject","inLanguage":"es","@id":"https:\/\/gysfm.com.ar\/inicio\/#\/schema\/logo\/image\/","url":"https:\/\/gysfm.com.ar\/inicio\/wp-content\/uploads\/2023\/07\/LOGOGYS-OK.png","contentUrl":"https:\/\/gysfm.com.ar\/inicio\/wp-content\/uploads\/2023\/07\/LOGOGYS-OK.png","width":1170,"height":872,"caption":"GYS NOTICIAS |"},"image":{"@id":"https:\/\/gysfm.com.ar\/inicio\/#\/schema\/logo\/image\/"}},{"@type":"Person","@id":"https:\/\/gysfm.com.ar\/inicio\/#\/schema\/person\/5bedd7ecd35cc35548d89effafa23696","name":"admin","image":{"@type":"ImageObject","inLanguage":"es","@id":"https:\/\/gysfm.com.ar\/inicio\/#\/schema\/person\/image\/","url":"https:\/\/secure.gravatar.com\/avatar\/c331d312b5243fb64d5ba28108a447b27c925295129a363082c9ea52c28d32c2?s=96&d=mm&r=g","contentUrl":"https:\/\/secure.gravatar.com\/avatar\/c331d312b5243fb64d5ba28108a447b27c925295129a363082c9ea52c28d32c2?s=96&d=mm&r=g","caption":"admin"},"sameAs":["https:\/\/gysfm.com.ar\/inicio"],"url":"https:\/\/gysfm.com.ar\/inicio\/author\/admin\/"}]}},"_links":{"self":[{"href":"https:\/\/gysfm.com.ar\/inicio\/wp-json\/wp\/v2\/posts\/138577","targetHints":{"allow":["GET"]}}],"collection":[{"href":"https:\/\/gysfm.com.ar\/inicio\/wp-json\/wp\/v2\/posts"}],"about":[{"href":"https:\/\/gysfm.com.ar\/inicio\/wp-json\/wp\/v2\/types\/post"}],"author":[{"embeddable":true,"href":"https:\/\/gysfm.com.ar\/inicio\/wp-json\/wp\/v2\/users\/1"}],"replies":[{"embeddable":true,"href":"https:\/\/gysfm.com.ar\/inicio\/wp-json\/wp\/v2\/comments?post=138577"}],"version-history":[{"count":0,"href":"https:\/\/gysfm.com.ar\/inicio\/wp-json\/wp\/v2\/posts\/138577\/revisions"}],"wp:featuredmedia":[{"embeddable":true,"href":"https:\/\/gysfm.com.ar\/inicio\/wp-json\/wp\/v2\/media\/138578"}],"wp:attachment":[{"href":"https:\/\/gysfm.com.ar\/inicio\/wp-json\/wp\/v2\/media?parent=138577"}],"wp:term":[{"taxonomy":"category","embeddable":true,"href":"https:\/\/gysfm.com.ar\/inicio\/wp-json\/wp\/v2\/categories?post=138577"},{"taxonomy":"post_tag","embeddable":true,"href":"https:\/\/gysfm.com.ar\/inicio\/wp-json\/wp\/v2\/tags?post=138577"}],"curies":[{"name":"wp","href":"https:\/\/api.w.org\/{rel}","templated":true}]}}