{"id":138575,"date":"2025-07-23T00:08:43","date_gmt":"2025-07-23T03:08:43","guid":{"rendered":"https:\/\/gysfm.com.ar\/inicio\/para-el-fmi-argentina-mantiene-reservas-internacionales-insuficientes\/"},"modified":"2025-07-23T00:08:43","modified_gmt":"2025-07-23T03:08:43","slug":"para-el-fmi-argentina-mantiene-reservas-internacionales-insuficientes","status":"publish","type":"post","link":"https:\/\/gysfm.com.ar\/inicio\/para-el-fmi-argentina-mantiene-reservas-internacionales-insuficientes\/","title":{"rendered":"Para el FMI, Argentina mantiene reservas internacionales \u00abinsuficientes\u00bb"},"content":{"rendered":"<p><\/p>\n<div id=\"article-content\">\n<p>El <a target=\"_blank\" href=\"https:\/\/Pese a no cumplir con la meta de reservas, el FMI asegur\u00f3 que la misi\u00f3n en Argentina fue \"><strong>Fondo Monetario Internacional (FMI)<\/strong><\/a> advirti\u00f3 este martes 22 de julio que <strong>Argentina mantiene reservas internacionales insuficientes<\/strong> y que deber\u00e1 realizar <a target=\"_blank\" href=\"https:\/\/www.google.com\/url?sa=t&amp;source=web&amp;rct=j&amp;opi=89978449&amp;url=https:\/\/www.perfil.com\/noticias\/economia\/con-un-nuevo-prestamo-el-gobierno-retomo-la-acumulacion-de-reservas-y-cerraron-la-semana-arriba-de-us-40000-millones.phtml&amp;ved=2ahUKEwi7tpGX8dCOAxXXpZUCHRiCDrUQxfQBKAB6BAgPEAE&amp;usg=AOvVaw3ly9OPuO24Ck2t6TqQ43wm\">esfuerzos adicionales para reforzarlas<\/a>, seg\u00fan el Reporte sobre el Sector Externo publicado por el organismo.<\/p>\n<p>A pesar de que el pa\u00eds mostr\u00f3 una mejora de sus <a target=\"_blank\" href=\"https:\/\/www.google.com\/url?sa=t&amp;source=web&amp;rct=j&amp;opi=89978449&amp;url=https:\/\/www.perfil.com\/noticias\/economia\/un-nuevo-prestamo-de-230-millones-de-dolares-del-banco-mundial-se-sumo-a-las-reservas-del-bcra.phtml&amp;ved=2ahUKEwi7tpGX8dCOAxXXpZUCHRiCDrUQxfQBKAB6BAgIEAE&amp;usg=AOvVaw3fXwHaE78T6l6U66nfXtgd\">fundamentos econ\u00f3micos desde fines de 2023<\/a>, <strong>el FMI alert\u00f3 que a\u00fan persisten riesgos significativos y que ser\u00e1 clave acumular reservas para cumplir con los compromisos<\/strong> de deuda externa.<\/p>\n<p>En su informe, el <a target=\"_blank\" href=\"https:\/\/www.google.com\/url?sa=t&amp;source=web&amp;rct=j&amp;opi=89978449&amp;url=https:\/\/www.perfil.com\/noticias\/economia\/sin-definiciones-sobre-la-primera-revision-el-fmi-dijo-estar-monitreando-la-situacion-por-el-caso-ypf.phtml&amp;ved=2ahUKEwjupezD8dCOAxWqILkGHdfnJaMQxfQBKAB6BAgSEAE&amp;usg=AOvVaw3jSnTPMPcRcE5nS0iHzDnH\">FMI <\/a>sostuvo que <strong>\u00abes fundamental realizar esfuerzos adicionales para reconstruir las reservas\u00bb<\/strong>, al tiempo que recomend\u00f3 facilitar una mayor formaci\u00f3n de precios y fomentar la compra de divisas en el mercado. El objetivo, destacaron, es garantizar la capacidad del pa\u00eds de <a target=\"_blank\" href=\"https:\/\/www.google.com\/url?sa=t&amp;source=web&amp;rct=j&amp;opi=89978449&amp;url=https:\/\/www.perfil.com\/noticias\/economia\/las-reservas-del-banco-central-perforaron-los-us-40000-millones-por-un-pago-de-deuda-externa.phtml&amp;ved=2ahUKEwiR37fV8dCOAxWCLbkGHfGKKTsQxfQBKAB6BAgTEAE&amp;usg=AOvVaw1T52CfCYOfRtEwjdZ0iGe7\">afrontar el servicio de deuda en moneda extranjera<\/a>, uno de los puntos m\u00e1s sensibles del programa econ\u00f3mico acordado.<\/p>\n<p class=\"destacadoNota\"><a target=\"_blank\" href=\"https:\/\/www.google.com\/url?sa=t&amp;source=web&amp;rct=j&amp;opi=89978449&amp;url=https:\/\/www.perfil.com\/noticias\/economia\/en-45-dias-se-fugaron-us-5300-m-el-44-del-desembolso-del-fondo.phtml&amp;ved=2ahUKEwjav4_Q8NCOAxVBq5UCHViqCXQQxfQBKAB6BAgIEAE&amp;usg=AOvVaw2mP8GjeV9Mhbgnzdr9bOWd\">En 45 d\u00edas se fugaron US$ 5.300 M, el 44% del desembolso del Fondo<\/a><\/p>\n<p>El organismo tambi\u00e9n remarc\u00f3 que, <strong>si bien los indicadores econ\u00f3micos mejoraron sustancialmente desde el cierre de 2023, las reservas internacionales netas se mantienen \u00abcr\u00edticamente bajas\u00bb<\/strong>. Adem\u00e1s, aunque los diferenciales de la deuda soberana se redujeron dr\u00e1sticamente, siguen en niveles elevados, reflejando<strong> la desconfianza persistente en los mercados financieros internacionales<\/strong>.<\/p>\n<h2><strong>FMI sobre el tipo de cambio en Argentina: advertencias y expectativas<\/strong><\/h2>\n<p>Otro de los puntos destacados del reporte del FMI fue el an\u00e1lisis sobre el nuevo r\u00e9gimen cambiario argentino. <strong>La instituci\u00f3n valor\u00f3 la transici\u00f3n hacia un esquema monetario y cambiario m\u00e1s robusto, que permite una cotizaci\u00f3n del d\u00f3lar m\u00e1s alineada al mercado<\/strong>. No obstante, advirti\u00f3 que ser\u00e1n necesarias pol\u00edticas macroecon\u00f3micas estrictas para lograr una balanza comercial s\u00f3lida y acelerar la acumulaci\u00f3n de reservas, un paso clave para estabilizar la econom\u00eda.<\/p>\n<p style=\"text-align:center\"><picture><source media=\"(max-width: 440px)\" srcset=\"https:\/\/fotos.perfil.com\/\/2025\/06\/28\/440\/0\/280625mileigeorgievafminag-2051501.jpg?webp\"\/><source media=\"(max-width: 1019px)\" srcset=\"https:\/\/fotos.perfil.com\/\/2025\/06\/28\/712\/0\/280625mileigeorgievafminag-2051501.jpg?webp\"\/><img decoding=\"async\" style=\"max-width: 100%; width: 100%;\" alt=\"280625_milei_georgieva_fmi_na_g\" src=\"https:\/\/fotos.perfil.com\/\/2025\/06\/28\/900\/0\/280625mileigeorgievafminag-2051501.jpg?webp\" loading=\"lazy\"\/><\/picture><\/p>\n<p>Desde abril de 2025, <strong>con la implementaci\u00f3n del nuevo programa y la creaci\u00f3n de bandas cambiarias, la situaci\u00f3n de las reservas logr\u00f3 estabilizarse parcialmente<\/strong>, reconoci\u00f3 el FMI. Aun as\u00ed, el organismo de cr\u00e9dito internacional, subray\u00f3 que la mejora fue insuficiente y que todav\u00eda no se alcanza un nivel \u00f3ptimo para enfrentar eventuales shocks externos o desequilibrios en el corto plazo.<\/p>\n<p class=\"destacadoNota\"><a target=\"_blank\" href=\"https:\/\/www.google.com\/url?sa=t&amp;source=web&amp;rct=j&amp;opi=89978449&amp;url=https:\/\/www.perfil.com\/noticias\/economia\/pese-a-la-falta-de-reservas-el-fmi-aseguro-que-la-mision-en-argentina-fue-constructiva.phtml&amp;ved=2ahUKEwjav4_Q8NCOAxVBq5UCHViqCXQQxfQBKAB6BAgTEAE&amp;usg=AOvVaw00SBL0fWTzrgQraQK29tn9\">Pese a no cumplir con la meta de reservas, el FMI asegur\u00f3 que la misi\u00f3n en Argentina fue \u00abconstructiva\u00bb<\/a><\/p>\n<p>Seg\u00fan las estimaciones del FMI, la cobertura de reservas internacionales de Argentina apenas alcanzar\u00eda el 23% del nivel considerado adecuado hacia finales de 2024. Este dato <strong>refleja la fragilidad de la posici\u00f3n externa del pa\u00eds y la necesidad de acelerar medidas que permitan aumentar las reservas<\/strong> en un contexto de volatilidad global y restricciones internas.<\/p>\n<p>El informe publicado este martes se enmarca en el seguimiento que el FMI realiza regularmente sobre sus pa\u00edses miembros y <strong>se interpreta como un mensaje claro a las autoridades argentinas: la recuperaci\u00f3n es incipiente<\/strong>, pero a\u00fan falta fortalecer el frente externo para lograr una estabilizaci\u00f3n macroecon\u00f3mica m\u00e1s firme y sostenida.<\/p>\n<p>gz \/ lm<\/p>\n<\/p><\/div>\n<p><script>\n                !function(f,b,e,v,n,t,s)\n                {if(f.fbq)return;n=f.fbq=function(){n.callMethod?\n                    n.callMethod.apply(n,arguments):n.queue.push(arguments)};\n                    if(!f._fbq)f._fbq=n;n.push=n;n.loaded=!0;n.version='2.0';\n                    n.queue=[];t=b.createElement(e);t.async=!0;\n                    t.src=v;s=b.getElementsByTagName(e)[0];\n                    s.parentNode.insertBefore(t,s)}(window, document,'script',\n                    'https:\/\/connect.facebook.net\/en_US\/fbevents.js');\n                window.paywallConfig.facebook_pixel=\"1000228364089342\"\n            <\/script><\/p>\n","protected":false},"excerpt":{"rendered":"<p>El Fondo Monetario Internacional (FMI) advirti\u00f3 este martes 22 de julio que Argentina mantiene reservas internacionales insuficientes y que deber\u00e1 realizar esfuerzos adicionales para reforzarlas, seg\u00fan el Reporte sobre el Sector Externo publicado por el organismo. A pesar de que el pa\u00eds mostr\u00f3 una mejora de sus fundamentos econ\u00f3micos desde fines de 2023, el FMI [&hellip;]<\/p>\n","protected":false},"author":2,"featured_media":138576,"comment_status":"closed","ping_status":"closed","sticky":false,"template":"","format":"standard","meta":{"footnotes":""},"categories":[25],"tags":[],"class_list":["post-138575","post","type-post","status-publish","format-standard","has-post-thumbnail","hentry","category-nacionales"],"yoast_head":"<!-- This site is optimized with the Yoast SEO plugin v24.4 - https:\/\/yoast.com\/wordpress\/plugins\/seo\/ -->\n<title>Para el FMI, Argentina mantiene reservas internacionales &quot;insuficientes&quot; - GYS NOTICIAS |<\/title>\n<meta name=\"robots\" content=\"index, follow, max-snippet:-1, max-image-preview:large, max-video-preview:-1\" \/>\n<link rel=\"canonical\" href=\"https:\/\/gysfm.com.ar\/inicio\/para-el-fmi-argentina-mantiene-reservas-internacionales-insuficientes\/\" \/>\n<meta property=\"og:locale\" content=\"es_ES\" \/>\n<meta property=\"og:type\" content=\"article\" \/>\n<meta property=\"og:title\" content=\"Para el FMI, Argentina mantiene reservas internacionales &quot;insuficientes&quot; - GYS NOTICIAS |\" \/>\n<meta property=\"og:description\" content=\"El Fondo Monetario Internacional (FMI) advirti\u00f3 este martes 22 de julio que Argentina mantiene reservas internacionales insuficientes y que deber\u00e1 realizar esfuerzos adicionales para reforzarlas, seg\u00fan el Reporte sobre el Sector Externo publicado por el organismo. A pesar de que el pa\u00eds mostr\u00f3 una mejora de sus fundamentos econ\u00f3micos desde fines de 2023, el FMI [&hellip;]\" \/>\n<meta property=\"og:url\" content=\"https:\/\/gysfm.com.ar\/inicio\/para-el-fmi-argentina-mantiene-reservas-internacionales-insuficientes\/\" \/>\n<meta property=\"og:site_name\" content=\"GYS NOTICIAS |\" \/>\n<meta property=\"article:published_time\" content=\"2025-07-23T03:08:43+00:00\" \/>\n<meta property=\"og:image\" content=\"https:\/\/fotos.perfil.com\/\/2025\/06\/28\/900\/0\/280625mileigeorgievafminag-2051501.jpg?webp\" \/>\n<meta name=\"author\" content=\"Prensa G&amp;S FM\" \/>\n<meta name=\"twitter:card\" content=\"summary_large_image\" \/>\n<meta name=\"twitter:label1\" content=\"Escrito por\" \/>\n\t<meta name=\"twitter:data1\" content=\"Prensa G&amp;S FM\" \/>\n\t<meta name=\"twitter:label2\" content=\"Tiempo de lectura\" \/>\n\t<meta name=\"twitter:data2\" content=\"3 minutos\" \/>\n<script type=\"application\/ld+json\" class=\"yoast-schema-graph\">{\"@context\":\"https:\/\/schema.org\",\"@graph\":[{\"@type\":\"Article\",\"@id\":\"https:\/\/gysfm.com.ar\/inicio\/para-el-fmi-argentina-mantiene-reservas-internacionales-insuficientes\/#article\",\"isPartOf\":{\"@id\":\"https:\/\/gysfm.com.ar\/inicio\/para-el-fmi-argentina-mantiene-reservas-internacionales-insuficientes\/\"},\"author\":{\"name\":\"Prensa G&amp;S FM\",\"@id\":\"https:\/\/gysfm.com.ar\/inicio\/#\/schema\/person\/3abba7593ef2ad19e1be221d54383dc5\"},\"headline\":\"Para el FMI, Argentina mantiene reservas internacionales \u00abinsuficientes\u00bb\",\"datePublished\":\"2025-07-23T03:08:43+00:00\",\"mainEntityOfPage\":{\"@id\":\"https:\/\/gysfm.com.ar\/inicio\/para-el-fmi-argentina-mantiene-reservas-internacionales-insuficientes\/\"},\"wordCount\":510,\"publisher\":{\"@id\":\"https:\/\/gysfm.com.ar\/inicio\/#organization\"},\"image\":{\"@id\":\"https:\/\/gysfm.com.ar\/inicio\/para-el-fmi-argentina-mantiene-reservas-internacionales-insuficientes\/#primaryimage\"},\"thumbnailUrl\":\"https:\/\/gysfm.com.ar\/inicio\/wp-content\/uploads\/2025\/07\/20231021imfcgeorgievanag-1679966.jpg\",\"articleSection\":[\"NACIONALES\"],\"inLanguage\":\"es\"},{\"@type\":\"WebPage\",\"@id\":\"https:\/\/gysfm.com.ar\/inicio\/para-el-fmi-argentina-mantiene-reservas-internacionales-insuficientes\/\",\"url\":\"https:\/\/gysfm.com.ar\/inicio\/para-el-fmi-argentina-mantiene-reservas-internacionales-insuficientes\/\",\"name\":\"Para el FMI, Argentina mantiene reservas internacionales \\\"insuficientes\\\" - GYS NOTICIAS |\",\"isPartOf\":{\"@id\":\"https:\/\/gysfm.com.ar\/inicio\/#website\"},\"primaryImageOfPage\":{\"@id\":\"https:\/\/gysfm.com.ar\/inicio\/para-el-fmi-argentina-mantiene-reservas-internacionales-insuficientes\/#primaryimage\"},\"image\":{\"@id\":\"https:\/\/gysfm.com.ar\/inicio\/para-el-fmi-argentina-mantiene-reservas-internacionales-insuficientes\/#primaryimage\"},\"thumbnailUrl\":\"https:\/\/gysfm.com.ar\/inicio\/wp-content\/uploads\/2025\/07\/20231021imfcgeorgievanag-1679966.jpg\",\"datePublished\":\"2025-07-23T03:08:43+00:00\",\"breadcrumb\":{\"@id\":\"https:\/\/gysfm.com.ar\/inicio\/para-el-fmi-argentina-mantiene-reservas-internacionales-insuficientes\/#breadcrumb\"},\"inLanguage\":\"es\",\"potentialAction\":[{\"@type\":\"ReadAction\",\"target\":[\"https:\/\/gysfm.com.ar\/inicio\/para-el-fmi-argentina-mantiene-reservas-internacionales-insuficientes\/\"]}]},{\"@type\":\"ImageObject\",\"inLanguage\":\"es\",\"@id\":\"https:\/\/gysfm.com.ar\/inicio\/para-el-fmi-argentina-mantiene-reservas-internacionales-insuficientes\/#primaryimage\",\"url\":\"https:\/\/gysfm.com.ar\/inicio\/wp-content\/uploads\/2025\/07\/20231021imfcgeorgievanag-1679966.jpg\",\"contentUrl\":\"https:\/\/gysfm.com.ar\/inicio\/wp-content\/uploads\/2025\/07\/20231021imfcgeorgievanag-1679966.jpg\",\"width\":1140,\"height\":641},{\"@type\":\"BreadcrumbList\",\"@id\":\"https:\/\/gysfm.com.ar\/inicio\/para-el-fmi-argentina-mantiene-reservas-internacionales-insuficientes\/#breadcrumb\",\"itemListElement\":[{\"@type\":\"ListItem\",\"position\":1,\"name\":\"Portada\",\"item\":\"https:\/\/gysfm.com.ar\/inicio\/\"},{\"@type\":\"ListItem\",\"position\":2,\"name\":\"Para el FMI, Argentina mantiene reservas internacionales \u00abinsuficientes\u00bb\"}]},{\"@type\":\"WebSite\",\"@id\":\"https:\/\/gysfm.com.ar\/inicio\/#website\",\"url\":\"https:\/\/gysfm.com.ar\/inicio\/\",\"name\":\"GYS NOTICIAS |\",\"description\":\"DIARIO - RADIO ONLINE SAN JUAN ARGENTINA\",\"publisher\":{\"@id\":\"https:\/\/gysfm.com.ar\/inicio\/#organization\"},\"potentialAction\":[{\"@type\":\"SearchAction\",\"target\":{\"@type\":\"EntryPoint\",\"urlTemplate\":\"https:\/\/gysfm.com.ar\/inicio\/?s={search_term_string}\"},\"query-input\":{\"@type\":\"PropertyValueSpecification\",\"valueRequired\":true,\"valueName\":\"search_term_string\"}}],\"inLanguage\":\"es\"},{\"@type\":\"Organization\",\"@id\":\"https:\/\/gysfm.com.ar\/inicio\/#organization\",\"name\":\"GYS NOTICIAS |\",\"url\":\"https:\/\/gysfm.com.ar\/inicio\/\",\"logo\":{\"@type\":\"ImageObject\",\"inLanguage\":\"es\",\"@id\":\"https:\/\/gysfm.com.ar\/inicio\/#\/schema\/logo\/image\/\",\"url\":\"https:\/\/gysfm.com.ar\/inicio\/wp-content\/uploads\/2023\/07\/LOGOGYS-OK.png\",\"contentUrl\":\"https:\/\/gysfm.com.ar\/inicio\/wp-content\/uploads\/2023\/07\/LOGOGYS-OK.png\",\"width\":1170,\"height\":872,\"caption\":\"GYS NOTICIAS |\"},\"image\":{\"@id\":\"https:\/\/gysfm.com.ar\/inicio\/#\/schema\/logo\/image\/\"}},{\"@type\":\"Person\",\"@id\":\"https:\/\/gysfm.com.ar\/inicio\/#\/schema\/person\/3abba7593ef2ad19e1be221d54383dc5\",\"name\":\"Prensa G&amp;S FM\",\"image\":{\"@type\":\"ImageObject\",\"inLanguage\":\"es\",\"@id\":\"https:\/\/gysfm.com.ar\/inicio\/#\/schema\/person\/image\/\",\"url\":\"https:\/\/secure.gravatar.com\/avatar\/096ec78df02049ab018702bb4ccedf659377fa92a26540b5247612077a0dbd29?s=96&d=mm&r=g\",\"contentUrl\":\"https:\/\/secure.gravatar.com\/avatar\/096ec78df02049ab018702bb4ccedf659377fa92a26540b5247612077a0dbd29?s=96&d=mm&r=g\",\"caption\":\"Prensa G&amp;S FM\"},\"sameAs\":[\"https:\/\/gysfm.com.ar\/\"],\"url\":\"https:\/\/gysfm.com.ar\/inicio\/author\/lucasm\/\"}]}<\/script>\n<!-- \/ Yoast SEO plugin. -->","yoast_head_json":{"title":"Para el FMI, Argentina mantiene reservas internacionales \"insuficientes\" - GYS NOTICIAS |","robots":{"index":"index","follow":"follow","max-snippet":"max-snippet:-1","max-image-preview":"max-image-preview:large","max-video-preview":"max-video-preview:-1"},"canonical":"https:\/\/gysfm.com.ar\/inicio\/para-el-fmi-argentina-mantiene-reservas-internacionales-insuficientes\/","og_locale":"es_ES","og_type":"article","og_title":"Para el FMI, Argentina mantiene reservas internacionales \"insuficientes\" - GYS NOTICIAS |","og_description":"El Fondo Monetario Internacional (FMI) advirti\u00f3 este martes 22 de julio que Argentina mantiene reservas internacionales insuficientes y que deber\u00e1 realizar esfuerzos adicionales para reforzarlas, seg\u00fan el Reporte sobre el Sector Externo publicado por el organismo. A pesar de que el pa\u00eds mostr\u00f3 una mejora de sus fundamentos econ\u00f3micos desde fines de 2023, el FMI [&hellip;]","og_url":"https:\/\/gysfm.com.ar\/inicio\/para-el-fmi-argentina-mantiene-reservas-internacionales-insuficientes\/","og_site_name":"GYS NOTICIAS |","article_published_time":"2025-07-23T03:08:43+00:00","og_image":[{"url":"https:\/\/fotos.perfil.com\/\/2025\/06\/28\/900\/0\/280625mileigeorgievafminag-2051501.jpg?webp","type":"","width":"","height":""}],"author":"Prensa G&amp;S FM","twitter_card":"summary_large_image","twitter_misc":{"Escrito por":"Prensa G&amp;S FM","Tiempo de lectura":"3 minutos"},"schema":{"@context":"https:\/\/schema.org","@graph":[{"@type":"Article","@id":"https:\/\/gysfm.com.ar\/inicio\/para-el-fmi-argentina-mantiene-reservas-internacionales-insuficientes\/#article","isPartOf":{"@id":"https:\/\/gysfm.com.ar\/inicio\/para-el-fmi-argentina-mantiene-reservas-internacionales-insuficientes\/"},"author":{"name":"Prensa G&amp;S FM","@id":"https:\/\/gysfm.com.ar\/inicio\/#\/schema\/person\/3abba7593ef2ad19e1be221d54383dc5"},"headline":"Para el FMI, Argentina mantiene reservas internacionales \u00abinsuficientes\u00bb","datePublished":"2025-07-23T03:08:43+00:00","mainEntityOfPage":{"@id":"https:\/\/gysfm.com.ar\/inicio\/para-el-fmi-argentina-mantiene-reservas-internacionales-insuficientes\/"},"wordCount":510,"publisher":{"@id":"https:\/\/gysfm.com.ar\/inicio\/#organization"},"image":{"@id":"https:\/\/gysfm.com.ar\/inicio\/para-el-fmi-argentina-mantiene-reservas-internacionales-insuficientes\/#primaryimage"},"thumbnailUrl":"https:\/\/gysfm.com.ar\/inicio\/wp-content\/uploads\/2025\/07\/20231021imfcgeorgievanag-1679966.jpg","articleSection":["NACIONALES"],"inLanguage":"es"},{"@type":"WebPage","@id":"https:\/\/gysfm.com.ar\/inicio\/para-el-fmi-argentina-mantiene-reservas-internacionales-insuficientes\/","url":"https:\/\/gysfm.com.ar\/inicio\/para-el-fmi-argentina-mantiene-reservas-internacionales-insuficientes\/","name":"Para el FMI, Argentina mantiene reservas internacionales \"insuficientes\" - GYS NOTICIAS |","isPartOf":{"@id":"https:\/\/gysfm.com.ar\/inicio\/#website"},"primaryImageOfPage":{"@id":"https:\/\/gysfm.com.ar\/inicio\/para-el-fmi-argentina-mantiene-reservas-internacionales-insuficientes\/#primaryimage"},"image":{"@id":"https:\/\/gysfm.com.ar\/inicio\/para-el-fmi-argentina-mantiene-reservas-internacionales-insuficientes\/#primaryimage"},"thumbnailUrl":"https:\/\/gysfm.com.ar\/inicio\/wp-content\/uploads\/2025\/07\/20231021imfcgeorgievanag-1679966.jpg","datePublished":"2025-07-23T03:08:43+00:00","breadcrumb":{"@id":"https:\/\/gysfm.com.ar\/inicio\/para-el-fmi-argentina-mantiene-reservas-internacionales-insuficientes\/#breadcrumb"},"inLanguage":"es","potentialAction":[{"@type":"ReadAction","target":["https:\/\/gysfm.com.ar\/inicio\/para-el-fmi-argentina-mantiene-reservas-internacionales-insuficientes\/"]}]},{"@type":"ImageObject","inLanguage":"es","@id":"https:\/\/gysfm.com.ar\/inicio\/para-el-fmi-argentina-mantiene-reservas-internacionales-insuficientes\/#primaryimage","url":"https:\/\/gysfm.com.ar\/inicio\/wp-content\/uploads\/2025\/07\/20231021imfcgeorgievanag-1679966.jpg","contentUrl":"https:\/\/gysfm.com.ar\/inicio\/wp-content\/uploads\/2025\/07\/20231021imfcgeorgievanag-1679966.jpg","width":1140,"height":641},{"@type":"BreadcrumbList","@id":"https:\/\/gysfm.com.ar\/inicio\/para-el-fmi-argentina-mantiene-reservas-internacionales-insuficientes\/#breadcrumb","itemListElement":[{"@type":"ListItem","position":1,"name":"Portada","item":"https:\/\/gysfm.com.ar\/inicio\/"},{"@type":"ListItem","position":2,"name":"Para el FMI, Argentina mantiene reservas internacionales \u00abinsuficientes\u00bb"}]},{"@type":"WebSite","@id":"https:\/\/gysfm.com.ar\/inicio\/#website","url":"https:\/\/gysfm.com.ar\/inicio\/","name":"GYS NOTICIAS |","description":"DIARIO - RADIO ONLINE SAN JUAN ARGENTINA","publisher":{"@id":"https:\/\/gysfm.com.ar\/inicio\/#organization"},"potentialAction":[{"@type":"SearchAction","target":{"@type":"EntryPoint","urlTemplate":"https:\/\/gysfm.com.ar\/inicio\/?s={search_term_string}"},"query-input":{"@type":"PropertyValueSpecification","valueRequired":true,"valueName":"search_term_string"}}],"inLanguage":"es"},{"@type":"Organization","@id":"https:\/\/gysfm.com.ar\/inicio\/#organization","name":"GYS NOTICIAS |","url":"https:\/\/gysfm.com.ar\/inicio\/","logo":{"@type":"ImageObject","inLanguage":"es","@id":"https:\/\/gysfm.com.ar\/inicio\/#\/schema\/logo\/image\/","url":"https:\/\/gysfm.com.ar\/inicio\/wp-content\/uploads\/2023\/07\/LOGOGYS-OK.png","contentUrl":"https:\/\/gysfm.com.ar\/inicio\/wp-content\/uploads\/2023\/07\/LOGOGYS-OK.png","width":1170,"height":872,"caption":"GYS NOTICIAS |"},"image":{"@id":"https:\/\/gysfm.com.ar\/inicio\/#\/schema\/logo\/image\/"}},{"@type":"Person","@id":"https:\/\/gysfm.com.ar\/inicio\/#\/schema\/person\/3abba7593ef2ad19e1be221d54383dc5","name":"Prensa G&amp;S FM","image":{"@type":"ImageObject","inLanguage":"es","@id":"https:\/\/gysfm.com.ar\/inicio\/#\/schema\/person\/image\/","url":"https:\/\/secure.gravatar.com\/avatar\/096ec78df02049ab018702bb4ccedf659377fa92a26540b5247612077a0dbd29?s=96&d=mm&r=g","contentUrl":"https:\/\/secure.gravatar.com\/avatar\/096ec78df02049ab018702bb4ccedf659377fa92a26540b5247612077a0dbd29?s=96&d=mm&r=g","caption":"Prensa G&amp;S FM"},"sameAs":["https:\/\/gysfm.com.ar\/"],"url":"https:\/\/gysfm.com.ar\/inicio\/author\/lucasm\/"}]}},"_links":{"self":[{"href":"https:\/\/gysfm.com.ar\/inicio\/wp-json\/wp\/v2\/posts\/138575","targetHints":{"allow":["GET"]}}],"collection":[{"href":"https:\/\/gysfm.com.ar\/inicio\/wp-json\/wp\/v2\/posts"}],"about":[{"href":"https:\/\/gysfm.com.ar\/inicio\/wp-json\/wp\/v2\/types\/post"}],"author":[{"embeddable":true,"href":"https:\/\/gysfm.com.ar\/inicio\/wp-json\/wp\/v2\/users\/2"}],"replies":[{"embeddable":true,"href":"https:\/\/gysfm.com.ar\/inicio\/wp-json\/wp\/v2\/comments?post=138575"}],"version-history":[{"count":0,"href":"https:\/\/gysfm.com.ar\/inicio\/wp-json\/wp\/v2\/posts\/138575\/revisions"}],"wp:featuredmedia":[{"embeddable":true,"href":"https:\/\/gysfm.com.ar\/inicio\/wp-json\/wp\/v2\/media\/138576"}],"wp:attachment":[{"href":"https:\/\/gysfm.com.ar\/inicio\/wp-json\/wp\/v2\/media?parent=138575"}],"wp:term":[{"taxonomy":"category","embeddable":true,"href":"https:\/\/gysfm.com.ar\/inicio\/wp-json\/wp\/v2\/categories?post=138575"},{"taxonomy":"post_tag","embeddable":true,"href":"https:\/\/gysfm.com.ar\/inicio\/wp-json\/wp\/v2\/tags?post=138575"}],"curies":[{"name":"wp","href":"https:\/\/api.w.org\/{rel}","templated":true}]}}