{"id":138570,"date":"2025-07-22T23:47:06","date_gmt":"2025-07-23T02:47:06","guid":{"rendered":"https:\/\/gysfm.com.ar\/inicio\/la-suba-de-tasas-tendra-efectos-en-el-nivel-de-actividad-segun-economistas\/"},"modified":"2025-07-22T23:47:07","modified_gmt":"2025-07-23T02:47:07","slug":"la-suba-de-tasas-tendra-efectos-en-el-nivel-de-actividad-segun-economistas","status":"publish","type":"post","link":"https:\/\/gysfm.com.ar\/inicio\/la-suba-de-tasas-tendra-efectos-en-el-nivel-de-actividad-segun-economistas\/","title":{"rendered":"La suba de tasas tendr\u00e1 efectos en el nivel de actividad, seg\u00fan economistas"},"content":{"rendered":"<p><\/p>\n<div>\n<p class=\"com-paragraph  --capital --s\">El <strong>fuerte aumento de tasas<\/strong> que se vio en los \u00faltimos d\u00edas, con el que el Gobierno busc\u00f3 contener la cotizaci\u00f3n del d\u00f3lar, impactar\u00e1 en una actividad econ\u00f3mica que no termina de consolidar una recuperaci\u00f3n. Analistas consultados opinan que <strong>esta variable reducir\u00e1 el cr\u00e9dito para empresas y familias, lo que a la vez impactar\u00e1 en el consumo<\/strong>. <\/p>\n<p class=\"com-paragraph   --s\">En efecto, <strong>tasas tan altas como las actuales encarecen el cr\u00e9dito para la actividad, frenando avances en un contexto que ya es de meseta<\/strong> \u2013de acuerdo con el Estimador Mensual de la Actividad Econ\u00f3mica, EMAE, elaborado por el Indec\u2013 y deteriora el resultado fiscal, ya que, si no se compensa con mayor super\u00e1vit primario, hace crecer la deuda en t\u00e9rminos reales. <\/p>\n<p class=\"com-paragraph   --s\">El economista Claudio Caprarulo, director de la consultora Analytica, dijo que el primer impacto de esta fuerte volatilidad y del alto nivel de las tasas de inter\u00e9s es que <strong>aumenta la incertidumbre y demora decisiones de consumo e inversi\u00f3n<\/strong>. \u201cLa clave est\u00e1 en que lo antes posible se estabilicen y quede m\u00e1s claro c\u00f3mo ser\u00e1 finalmente el rol del Banco Central\u201d, indic\u00f3.<\/p>\n<p class=\"com-paragraph   --s\">Caprarulo opin\u00f3 que <strong>si el Gobierno logra encauzar la situaci\u00f3n, las tasas deber\u00edan bajar<\/strong>, porque el objetivo era reducir la exposici\u00f3n de los bancos a la deuda p\u00fablica y que esa liquidez se destinara al sector privado. \u201cEs importante que as\u00ed sea, porque era uno de los motores del crecimiento y los indicadores ya muestran una actividad que se enfr\u00eda. De todas formas, <strong>el aumento de la mora en el cr\u00e9dito hacia los hogares puede ser tambi\u00e9n un factor que juegue en contra<\/strong>\u201d, subray\u00f3.<\/p>\n<p class=\"com-paragraph   --s\">Para Gabriel Caama\u00f1o, economista y director de la consultora Outlier, <strong>el aumento de tasas ya hab\u00eda empezado en mayo y, por lo tanto, ya se vio su impacto el mes pasado<\/strong>. Y agreg\u00f3: \u201cCon esta nueva fuerte suba, m\u00e1s el desorden de expectativas que tambi\u00e9n jug\u00f3 en el mercado de divisas, habr\u00e1 m\u00e1s impacto en la actividad econ\u00f3mica\u201d.<\/p>\n<p class=\"com-paragraph   --s\">El economista Camilo Tiscornia, director de C&amp;T Asesores Econ\u00f3micos, coincidi\u00f3 en que la suba de tasas comenz\u00f3 en mayo. \u201cCu\u00e1n r\u00e1pido eso se pasa a la actividad econ\u00f3mica es discutible, pero obviamente que pone un freno. De todos modos, a m\u00ed me parece que <strong>lo que estuvo pasando en materia de tasas de inter\u00e9s fue potenciado por el hecho de que se aproximan las elecciones<\/strong>, lo que hace que la gente se quiera pasar a d\u00f3lares y eso termine generando m\u00e1s tasa de inter\u00e9s\u201d, a\u00f1adi\u00f3 el especialista. <\/p>\n<p class=\"com-paragraph   --s\">Para Tiscornia, <strong>era esperable que la actividad econ\u00f3mica en el tercer trimestre no anduviera del todo bien, pero lo que sucede es que ahora las tasas est\u00e1n demasiado altas<\/strong>. \u201cVeremos c\u00f3mo se encarrila en los pr\u00f3ximos d\u00edas, pero va a tener un impacto. De todos modos, <strong>como hay un arrastre estad\u00edstico muy grande del a\u00f1o pasado, cuando termine 2025, el crecimiento apunta a cerrar en 5%\u201c, dijo<\/strong>.<\/p>\n<p class=\"com-paragraph   --s\">En tanto, Sebasti\u00e1n Menescaldi, economista de EcoGo, opin\u00f3 que<strong> el principal impacto de la suba de tasas pasa por el costo que pagan las empresas<\/strong>. \u201cHoy se vio que para las empresas de primera l\u00ednea las tasas son de 100%. Obviamente, esos valores no son sostenibles y lo que van a generar es un aumento en el costo para las compa\u00f1\u00edas\u201d, se\u00f1al\u00f3. <\/p>\n<p class=\"com-paragraph   --s\">Seg\u00fan Menescaldi, <strong>esto significa que las empresas se est\u00e1n quedando sin cr\u00e9dito<\/strong>. \u201cSe van a ver de nuevo cheques voladores o compa\u00f1\u00edas que van a estar complicadas, porque a aquellas que est\u00e1n financiadas con cauci\u00f3n no les van a cerrar los n\u00fameros. <strong>A las firmas un poco m\u00e1s sanas se les van a complicar el planeamiento y el financiamiento<\/strong>. Probablemente, van a decidir comprar menos que antes y reducir los costos financieros\u201d, afirm\u00f3. <\/p>\n<p class=\"com-paragraph   --s\">Menescaldi tambi\u00e9n concuerda en que la suba de tasas ya viene de antes, por la cual algunas empresas a las que les aument\u00f3 el riesgo o la morosidad redujeron fuertemente la generaci\u00f3n de cr\u00e9dito y bajaron la capacidad de cr\u00e9dito a las personas. \u201c<strong>Es decir, que esta suba de tasas termina pegando en las empresas y en las familias tambi\u00e9n<\/strong>\u201d, concluy\u00f3 el economista.<\/p>\n<section class=\"container-center-100 mb-40 border border-bottom border-thin border-neutral-light-700\">\n<hr\/>\n<\/section>\n<\/div>\n","protected":false},"excerpt":{"rendered":"<p>El fuerte aumento de tasas que se vio en los \u00faltimos d\u00edas, con el que el Gobierno busc\u00f3 contener la cotizaci\u00f3n del d\u00f3lar, impactar\u00e1 en una actividad econ\u00f3mica que no termina de consolidar una recuperaci\u00f3n. Analistas consultados opinan que esta variable reducir\u00e1 el cr\u00e9dito para empresas y familias, lo que a la vez impactar\u00e1 en [&hellip;]<\/p>\n","protected":false},"author":1,"featured_media":138571,"comment_status":"closed","ping_status":"closed","sticky":false,"template":"","format":"standard","meta":{"footnotes":""},"categories":[28],"tags":[],"class_list":["post-138570","post","type-post","status-publish","format-standard","has-post-thumbnail","hentry","category-economia"],"yoast_head":"<!-- This site is optimized with the Yoast SEO plugin v24.4 - https:\/\/yoast.com\/wordpress\/plugins\/seo\/ -->\n<title>La suba de tasas tendr\u00e1 efectos en el nivel de actividad, seg\u00fan economistas - GYS NOTICIAS |<\/title>\n<meta name=\"robots\" content=\"index, follow, max-snippet:-1, max-image-preview:large, max-video-preview:-1\" \/>\n<link rel=\"canonical\" href=\"https:\/\/gysfm.com.ar\/inicio\/la-suba-de-tasas-tendra-efectos-en-el-nivel-de-actividad-segun-economistas\/\" \/>\n<meta property=\"og:locale\" content=\"es_ES\" \/>\n<meta property=\"og:type\" content=\"article\" \/>\n<meta property=\"og:title\" content=\"La suba de tasas tendr\u00e1 efectos en el nivel de actividad, seg\u00fan economistas - GYS NOTICIAS |\" \/>\n<meta property=\"og:description\" content=\"El fuerte aumento de tasas que se vio en los \u00faltimos d\u00edas, con el que el Gobierno busc\u00f3 contener la cotizaci\u00f3n del d\u00f3lar, impactar\u00e1 en una actividad econ\u00f3mica que no termina de consolidar una recuperaci\u00f3n. Analistas consultados opinan que esta variable reducir\u00e1 el cr\u00e9dito para empresas y familias, lo que a la vez impactar\u00e1 en [&hellip;]\" \/>\n<meta property=\"og:url\" content=\"https:\/\/gysfm.com.ar\/inicio\/la-suba-de-tasas-tendra-efectos-en-el-nivel-de-actividad-segun-economistas\/\" \/>\n<meta property=\"og:site_name\" content=\"GYS NOTICIAS |\" \/>\n<meta property=\"article:published_time\" content=\"2025-07-23T02:47:06+00:00\" \/>\n<meta property=\"article:modified_time\" content=\"2025-07-23T02:47:07+00:00\" \/>\n<meta property=\"og:image\" content=\"https:\/\/gysfm.com.ar\/inicio\/wp-content\/uploads\/2025\/07\/la-suba-de-tasas-para-contener-el-dolar-podria-4LZ2RTBGMZA55MAKRO5G4ZJWDY.jpg\" \/>\n\t<meta property=\"og:image:width\" content=\"1200\" \/>\n\t<meta property=\"og:image:height\" content=\"800\" \/>\n\t<meta property=\"og:image:type\" content=\"image\/jpeg\" \/>\n<meta name=\"author\" content=\"admin\" \/>\n<meta name=\"twitter:card\" content=\"summary_large_image\" \/>\n<meta name=\"twitter:label1\" content=\"Escrito por\" \/>\n\t<meta name=\"twitter:data1\" content=\"admin\" \/>\n\t<meta name=\"twitter:label2\" content=\"Tiempo de lectura\" \/>\n\t<meta name=\"twitter:data2\" content=\"4 minutos\" \/>\n<script type=\"application\/ld+json\" class=\"yoast-schema-graph\">{\"@context\":\"https:\/\/schema.org\",\"@graph\":[{\"@type\":\"Article\",\"@id\":\"https:\/\/gysfm.com.ar\/inicio\/la-suba-de-tasas-tendra-efectos-en-el-nivel-de-actividad-segun-economistas\/#article\",\"isPartOf\":{\"@id\":\"https:\/\/gysfm.com.ar\/inicio\/la-suba-de-tasas-tendra-efectos-en-el-nivel-de-actividad-segun-economistas\/\"},\"author\":{\"name\":\"admin\",\"@id\":\"https:\/\/gysfm.com.ar\/inicio\/#\/schema\/person\/5bedd7ecd35cc35548d89effafa23696\"},\"headline\":\"La suba de tasas tendr\u00e1 efectos en el nivel de actividad, seg\u00fan economistas\",\"datePublished\":\"2025-07-23T02:47:06+00:00\",\"dateModified\":\"2025-07-23T02:47:07+00:00\",\"mainEntityOfPage\":{\"@id\":\"https:\/\/gysfm.com.ar\/inicio\/la-suba-de-tasas-tendra-efectos-en-el-nivel-de-actividad-segun-economistas\/\"},\"wordCount\":747,\"publisher\":{\"@id\":\"https:\/\/gysfm.com.ar\/inicio\/#organization\"},\"image\":{\"@id\":\"https:\/\/gysfm.com.ar\/inicio\/la-suba-de-tasas-tendra-efectos-en-el-nivel-de-actividad-segun-economistas\/#primaryimage\"},\"thumbnailUrl\":\"https:\/\/gysfm.com.ar\/inicio\/wp-content\/uploads\/2025\/07\/la-suba-de-tasas-para-contener-el-dolar-podria-4LZ2RTBGMZA55MAKRO5G4ZJWDY.jpg\",\"articleSection\":[\"ECONOMIA\"],\"inLanguage\":\"es\"},{\"@type\":\"WebPage\",\"@id\":\"https:\/\/gysfm.com.ar\/inicio\/la-suba-de-tasas-tendra-efectos-en-el-nivel-de-actividad-segun-economistas\/\",\"url\":\"https:\/\/gysfm.com.ar\/inicio\/la-suba-de-tasas-tendra-efectos-en-el-nivel-de-actividad-segun-economistas\/\",\"name\":\"La suba de tasas tendr\u00e1 efectos en el nivel de actividad, seg\u00fan economistas - GYS NOTICIAS |\",\"isPartOf\":{\"@id\":\"https:\/\/gysfm.com.ar\/inicio\/#website\"},\"primaryImageOfPage\":{\"@id\":\"https:\/\/gysfm.com.ar\/inicio\/la-suba-de-tasas-tendra-efectos-en-el-nivel-de-actividad-segun-economistas\/#primaryimage\"},\"image\":{\"@id\":\"https:\/\/gysfm.com.ar\/inicio\/la-suba-de-tasas-tendra-efectos-en-el-nivel-de-actividad-segun-economistas\/#primaryimage\"},\"thumbnailUrl\":\"https:\/\/gysfm.com.ar\/inicio\/wp-content\/uploads\/2025\/07\/la-suba-de-tasas-para-contener-el-dolar-podria-4LZ2RTBGMZA55MAKRO5G4ZJWDY.jpg\",\"datePublished\":\"2025-07-23T02:47:06+00:00\",\"dateModified\":\"2025-07-23T02:47:07+00:00\",\"breadcrumb\":{\"@id\":\"https:\/\/gysfm.com.ar\/inicio\/la-suba-de-tasas-tendra-efectos-en-el-nivel-de-actividad-segun-economistas\/#breadcrumb\"},\"inLanguage\":\"es\",\"potentialAction\":[{\"@type\":\"ReadAction\",\"target\":[\"https:\/\/gysfm.com.ar\/inicio\/la-suba-de-tasas-tendra-efectos-en-el-nivel-de-actividad-segun-economistas\/\"]}]},{\"@type\":\"ImageObject\",\"inLanguage\":\"es\",\"@id\":\"https:\/\/gysfm.com.ar\/inicio\/la-suba-de-tasas-tendra-efectos-en-el-nivel-de-actividad-segun-economistas\/#primaryimage\",\"url\":\"https:\/\/gysfm.com.ar\/inicio\/wp-content\/uploads\/2025\/07\/la-suba-de-tasas-para-contener-el-dolar-podria-4LZ2RTBGMZA55MAKRO5G4ZJWDY.jpg\",\"contentUrl\":\"https:\/\/gysfm.com.ar\/inicio\/wp-content\/uploads\/2025\/07\/la-suba-de-tasas-para-contener-el-dolar-podria-4LZ2RTBGMZA55MAKRO5G4ZJWDY.jpg\",\"width\":1200,\"height\":800},{\"@type\":\"BreadcrumbList\",\"@id\":\"https:\/\/gysfm.com.ar\/inicio\/la-suba-de-tasas-tendra-efectos-en-el-nivel-de-actividad-segun-economistas\/#breadcrumb\",\"itemListElement\":[{\"@type\":\"ListItem\",\"position\":1,\"name\":\"Portada\",\"item\":\"https:\/\/gysfm.com.ar\/inicio\/\"},{\"@type\":\"ListItem\",\"position\":2,\"name\":\"La suba de tasas tendr\u00e1 efectos en el nivel de actividad, seg\u00fan economistas\"}]},{\"@type\":\"WebSite\",\"@id\":\"https:\/\/gysfm.com.ar\/inicio\/#website\",\"url\":\"https:\/\/gysfm.com.ar\/inicio\/\",\"name\":\"GYS NOTICIAS |\",\"description\":\"DIARIO - RADIO ONLINE SAN JUAN ARGENTINA\",\"publisher\":{\"@id\":\"https:\/\/gysfm.com.ar\/inicio\/#organization\"},\"potentialAction\":[{\"@type\":\"SearchAction\",\"target\":{\"@type\":\"EntryPoint\",\"urlTemplate\":\"https:\/\/gysfm.com.ar\/inicio\/?s={search_term_string}\"},\"query-input\":{\"@type\":\"PropertyValueSpecification\",\"valueRequired\":true,\"valueName\":\"search_term_string\"}}],\"inLanguage\":\"es\"},{\"@type\":\"Organization\",\"@id\":\"https:\/\/gysfm.com.ar\/inicio\/#organization\",\"name\":\"GYS NOTICIAS |\",\"url\":\"https:\/\/gysfm.com.ar\/inicio\/\",\"logo\":{\"@type\":\"ImageObject\",\"inLanguage\":\"es\",\"@id\":\"https:\/\/gysfm.com.ar\/inicio\/#\/schema\/logo\/image\/\",\"url\":\"https:\/\/gysfm.com.ar\/inicio\/wp-content\/uploads\/2023\/07\/LOGOGYS-OK.png\",\"contentUrl\":\"https:\/\/gysfm.com.ar\/inicio\/wp-content\/uploads\/2023\/07\/LOGOGYS-OK.png\",\"width\":1170,\"height\":872,\"caption\":\"GYS NOTICIAS |\"},\"image\":{\"@id\":\"https:\/\/gysfm.com.ar\/inicio\/#\/schema\/logo\/image\/\"}},{\"@type\":\"Person\",\"@id\":\"https:\/\/gysfm.com.ar\/inicio\/#\/schema\/person\/5bedd7ecd35cc35548d89effafa23696\",\"name\":\"admin\",\"image\":{\"@type\":\"ImageObject\",\"inLanguage\":\"es\",\"@id\":\"https:\/\/gysfm.com.ar\/inicio\/#\/schema\/person\/image\/\",\"url\":\"https:\/\/secure.gravatar.com\/avatar\/c331d312b5243fb64d5ba28108a447b27c925295129a363082c9ea52c28d32c2?s=96&d=mm&r=g\",\"contentUrl\":\"https:\/\/secure.gravatar.com\/avatar\/c331d312b5243fb64d5ba28108a447b27c925295129a363082c9ea52c28d32c2?s=96&d=mm&r=g\",\"caption\":\"admin\"},\"sameAs\":[\"https:\/\/gysfm.com.ar\/inicio\"],\"url\":\"https:\/\/gysfm.com.ar\/inicio\/author\/admin\/\"}]}<\/script>\n<!-- \/ Yoast SEO plugin. -->","yoast_head_json":{"title":"La suba de tasas tendr\u00e1 efectos en el nivel de actividad, seg\u00fan economistas - GYS NOTICIAS |","robots":{"index":"index","follow":"follow","max-snippet":"max-snippet:-1","max-image-preview":"max-image-preview:large","max-video-preview":"max-video-preview:-1"},"canonical":"https:\/\/gysfm.com.ar\/inicio\/la-suba-de-tasas-tendra-efectos-en-el-nivel-de-actividad-segun-economistas\/","og_locale":"es_ES","og_type":"article","og_title":"La suba de tasas tendr\u00e1 efectos en el nivel de actividad, seg\u00fan economistas - GYS NOTICIAS |","og_description":"El fuerte aumento de tasas que se vio en los \u00faltimos d\u00edas, con el que el Gobierno busc\u00f3 contener la cotizaci\u00f3n del d\u00f3lar, impactar\u00e1 en una actividad econ\u00f3mica que no termina de consolidar una recuperaci\u00f3n. Analistas consultados opinan que esta variable reducir\u00e1 el cr\u00e9dito para empresas y familias, lo que a la vez impactar\u00e1 en [&hellip;]","og_url":"https:\/\/gysfm.com.ar\/inicio\/la-suba-de-tasas-tendra-efectos-en-el-nivel-de-actividad-segun-economistas\/","og_site_name":"GYS NOTICIAS |","article_published_time":"2025-07-23T02:47:06+00:00","article_modified_time":"2025-07-23T02:47:07+00:00","og_image":[{"width":1200,"height":800,"url":"https:\/\/gysfm.com.ar\/inicio\/wp-content\/uploads\/2025\/07\/la-suba-de-tasas-para-contener-el-dolar-podria-4LZ2RTBGMZA55MAKRO5G4ZJWDY.jpg","type":"image\/jpeg"}],"author":"admin","twitter_card":"summary_large_image","twitter_misc":{"Escrito por":"admin","Tiempo de lectura":"4 minutos"},"schema":{"@context":"https:\/\/schema.org","@graph":[{"@type":"Article","@id":"https:\/\/gysfm.com.ar\/inicio\/la-suba-de-tasas-tendra-efectos-en-el-nivel-de-actividad-segun-economistas\/#article","isPartOf":{"@id":"https:\/\/gysfm.com.ar\/inicio\/la-suba-de-tasas-tendra-efectos-en-el-nivel-de-actividad-segun-economistas\/"},"author":{"name":"admin","@id":"https:\/\/gysfm.com.ar\/inicio\/#\/schema\/person\/5bedd7ecd35cc35548d89effafa23696"},"headline":"La suba de tasas tendr\u00e1 efectos en el nivel de actividad, seg\u00fan economistas","datePublished":"2025-07-23T02:47:06+00:00","dateModified":"2025-07-23T02:47:07+00:00","mainEntityOfPage":{"@id":"https:\/\/gysfm.com.ar\/inicio\/la-suba-de-tasas-tendra-efectos-en-el-nivel-de-actividad-segun-economistas\/"},"wordCount":747,"publisher":{"@id":"https:\/\/gysfm.com.ar\/inicio\/#organization"},"image":{"@id":"https:\/\/gysfm.com.ar\/inicio\/la-suba-de-tasas-tendra-efectos-en-el-nivel-de-actividad-segun-economistas\/#primaryimage"},"thumbnailUrl":"https:\/\/gysfm.com.ar\/inicio\/wp-content\/uploads\/2025\/07\/la-suba-de-tasas-para-contener-el-dolar-podria-4LZ2RTBGMZA55MAKRO5G4ZJWDY.jpg","articleSection":["ECONOMIA"],"inLanguage":"es"},{"@type":"WebPage","@id":"https:\/\/gysfm.com.ar\/inicio\/la-suba-de-tasas-tendra-efectos-en-el-nivel-de-actividad-segun-economistas\/","url":"https:\/\/gysfm.com.ar\/inicio\/la-suba-de-tasas-tendra-efectos-en-el-nivel-de-actividad-segun-economistas\/","name":"La suba de tasas tendr\u00e1 efectos en el nivel de actividad, seg\u00fan economistas - GYS NOTICIAS |","isPartOf":{"@id":"https:\/\/gysfm.com.ar\/inicio\/#website"},"primaryImageOfPage":{"@id":"https:\/\/gysfm.com.ar\/inicio\/la-suba-de-tasas-tendra-efectos-en-el-nivel-de-actividad-segun-economistas\/#primaryimage"},"image":{"@id":"https:\/\/gysfm.com.ar\/inicio\/la-suba-de-tasas-tendra-efectos-en-el-nivel-de-actividad-segun-economistas\/#primaryimage"},"thumbnailUrl":"https:\/\/gysfm.com.ar\/inicio\/wp-content\/uploads\/2025\/07\/la-suba-de-tasas-para-contener-el-dolar-podria-4LZ2RTBGMZA55MAKRO5G4ZJWDY.jpg","datePublished":"2025-07-23T02:47:06+00:00","dateModified":"2025-07-23T02:47:07+00:00","breadcrumb":{"@id":"https:\/\/gysfm.com.ar\/inicio\/la-suba-de-tasas-tendra-efectos-en-el-nivel-de-actividad-segun-economistas\/#breadcrumb"},"inLanguage":"es","potentialAction":[{"@type":"ReadAction","target":["https:\/\/gysfm.com.ar\/inicio\/la-suba-de-tasas-tendra-efectos-en-el-nivel-de-actividad-segun-economistas\/"]}]},{"@type":"ImageObject","inLanguage":"es","@id":"https:\/\/gysfm.com.ar\/inicio\/la-suba-de-tasas-tendra-efectos-en-el-nivel-de-actividad-segun-economistas\/#primaryimage","url":"https:\/\/gysfm.com.ar\/inicio\/wp-content\/uploads\/2025\/07\/la-suba-de-tasas-para-contener-el-dolar-podria-4LZ2RTBGMZA55MAKRO5G4ZJWDY.jpg","contentUrl":"https:\/\/gysfm.com.ar\/inicio\/wp-content\/uploads\/2025\/07\/la-suba-de-tasas-para-contener-el-dolar-podria-4LZ2RTBGMZA55MAKRO5G4ZJWDY.jpg","width":1200,"height":800},{"@type":"BreadcrumbList","@id":"https:\/\/gysfm.com.ar\/inicio\/la-suba-de-tasas-tendra-efectos-en-el-nivel-de-actividad-segun-economistas\/#breadcrumb","itemListElement":[{"@type":"ListItem","position":1,"name":"Portada","item":"https:\/\/gysfm.com.ar\/inicio\/"},{"@type":"ListItem","position":2,"name":"La suba de tasas tendr\u00e1 efectos en el nivel de actividad, seg\u00fan economistas"}]},{"@type":"WebSite","@id":"https:\/\/gysfm.com.ar\/inicio\/#website","url":"https:\/\/gysfm.com.ar\/inicio\/","name":"GYS NOTICIAS |","description":"DIARIO - RADIO ONLINE SAN JUAN ARGENTINA","publisher":{"@id":"https:\/\/gysfm.com.ar\/inicio\/#organization"},"potentialAction":[{"@type":"SearchAction","target":{"@type":"EntryPoint","urlTemplate":"https:\/\/gysfm.com.ar\/inicio\/?s={search_term_string}"},"query-input":{"@type":"PropertyValueSpecification","valueRequired":true,"valueName":"search_term_string"}}],"inLanguage":"es"},{"@type":"Organization","@id":"https:\/\/gysfm.com.ar\/inicio\/#organization","name":"GYS NOTICIAS |","url":"https:\/\/gysfm.com.ar\/inicio\/","logo":{"@type":"ImageObject","inLanguage":"es","@id":"https:\/\/gysfm.com.ar\/inicio\/#\/schema\/logo\/image\/","url":"https:\/\/gysfm.com.ar\/inicio\/wp-content\/uploads\/2023\/07\/LOGOGYS-OK.png","contentUrl":"https:\/\/gysfm.com.ar\/inicio\/wp-content\/uploads\/2023\/07\/LOGOGYS-OK.png","width":1170,"height":872,"caption":"GYS NOTICIAS |"},"image":{"@id":"https:\/\/gysfm.com.ar\/inicio\/#\/schema\/logo\/image\/"}},{"@type":"Person","@id":"https:\/\/gysfm.com.ar\/inicio\/#\/schema\/person\/5bedd7ecd35cc35548d89effafa23696","name":"admin","image":{"@type":"ImageObject","inLanguage":"es","@id":"https:\/\/gysfm.com.ar\/inicio\/#\/schema\/person\/image\/","url":"https:\/\/secure.gravatar.com\/avatar\/c331d312b5243fb64d5ba28108a447b27c925295129a363082c9ea52c28d32c2?s=96&d=mm&r=g","contentUrl":"https:\/\/secure.gravatar.com\/avatar\/c331d312b5243fb64d5ba28108a447b27c925295129a363082c9ea52c28d32c2?s=96&d=mm&r=g","caption":"admin"},"sameAs":["https:\/\/gysfm.com.ar\/inicio"],"url":"https:\/\/gysfm.com.ar\/inicio\/author\/admin\/"}]}},"_links":{"self":[{"href":"https:\/\/gysfm.com.ar\/inicio\/wp-json\/wp\/v2\/posts\/138570","targetHints":{"allow":["GET"]}}],"collection":[{"href":"https:\/\/gysfm.com.ar\/inicio\/wp-json\/wp\/v2\/posts"}],"about":[{"href":"https:\/\/gysfm.com.ar\/inicio\/wp-json\/wp\/v2\/types\/post"}],"author":[{"embeddable":true,"href":"https:\/\/gysfm.com.ar\/inicio\/wp-json\/wp\/v2\/users\/1"}],"replies":[{"embeddable":true,"href":"https:\/\/gysfm.com.ar\/inicio\/wp-json\/wp\/v2\/comments?post=138570"}],"version-history":[{"count":1,"href":"https:\/\/gysfm.com.ar\/inicio\/wp-json\/wp\/v2\/posts\/138570\/revisions"}],"predecessor-version":[{"id":138572,"href":"https:\/\/gysfm.com.ar\/inicio\/wp-json\/wp\/v2\/posts\/138570\/revisions\/138572"}],"wp:featuredmedia":[{"embeddable":true,"href":"https:\/\/gysfm.com.ar\/inicio\/wp-json\/wp\/v2\/media\/138571"}],"wp:attachment":[{"href":"https:\/\/gysfm.com.ar\/inicio\/wp-json\/wp\/v2\/media?parent=138570"}],"wp:term":[{"taxonomy":"category","embeddable":true,"href":"https:\/\/gysfm.com.ar\/inicio\/wp-json\/wp\/v2\/categories?post=138570"},{"taxonomy":"post_tag","embeddable":true,"href":"https:\/\/gysfm.com.ar\/inicio\/wp-json\/wp\/v2\/tags?post=138570"}],"curies":[{"name":"wp","href":"https:\/\/api.w.org\/{rel}","templated":true}]}}