{"id":138567,"date":"2025-07-22T23:45:10","date_gmt":"2025-07-23T02:45:10","guid":{"rendered":"https:\/\/gysfm.com.ar\/inicio\/bolsonaro-exhibio-su-tobillera-electronica-en-publico-y-un-juez-de-la-corte-amenazo-con-decretar-su-prision-inmediata\/"},"modified":"2025-07-22T23:45:11","modified_gmt":"2025-07-23T02:45:11","slug":"bolsonaro-exhibio-su-tobillera-electronica-en-publico-y-un-juez-de-la-corte-amenazo-con-decretar-su-prision-inmediata","status":"publish","type":"post","link":"https:\/\/gysfm.com.ar\/inicio\/bolsonaro-exhibio-su-tobillera-electronica-en-publico-y-un-juez-de-la-corte-amenazo-con-decretar-su-prision-inmediata\/","title":{"rendered":"Bolsonaro exhibi\u00f3 su tobillera electr\u00f3nica en p\u00fablico y un juez de la Corte amenaz\u00f3 con decretar su \u201cprisi\u00f3n inmediata\u201d"},"content":{"rendered":"<p> <br \/>\n<\/p>\n<div>\n<p class=\"com-paragraph  --capital --s\">BRASILIA.- El juez de la Corte Suprema de Brasil <strong>Alexandre de Moraes <\/strong>advirti\u00f3 este lunes al expresidente Jair Bolsonaro sobre la posibilidad de<strong> decretar su \u201cprisi\u00f3n inmediata\u201d<\/strong> por <strong>\u201cincumplimiento\u201d en su prohibici\u00f3n de manifestarse en redes sociales.<\/strong><\/p>\n<p class=\"com-paragraph   --s\">En una visita al Congreso, el l\u00edder de derecha brasile\u00f1o exhibi\u00f3 la <a href=\"https:\/\/www.lanacion.com.ar\/el-mundo\/toque-de-queda-tobillera-electronica-y-veto-en-redes-allanan-el-domicilio-de-bolsonaro-y-le-imponen-nid18072025\/\" target=\"_self\" title=\"https:\/\/www.lanacion.com.ar\/el-mundo\/toque-de-queda-tobillera-electronica-y-veto-en-redes-allanan-el-domicilio-de-bolsonaro-y-le-imponen-nid18072025\/\" class=\"com-link\" data-mrf-recirculation=\"n_link_parrafo\">tobillera electr\u00f3nica que est\u00e1 obligado a usar<\/a> como parte de una serie de medidas cautelares desde la semana pasada debido a una <strong>investigaci\u00f3n por presunta obstrucci\u00f3n a la justicia<\/strong>. Adem\u00e1s, <strong>critic\u00f3 en declaraciones a los medios<\/strong> las determinaciones del juez del Supremo Tribunal Federal (STF). <\/p>\n<div class=\"content-media cursor-pointer container-center-100\">\n<section class=\"mod-media ratio-16-9\">\n<figure class=\"mod-video\">\n<div class=\"video-player bg-black ratio-16-9\">\n<div id=\"facade-FLHREd1g\" class=\"content-facade-jw relative bg-black ratio-16-9\"><picture><source media=\"(max-width: 767px)\" srcset=\"https:\/\/resizer.glanacion.com\/resizer\/v2\/https%3A%2F%2Fcdn.jwplayer.com%2Fv2%2Fmedia%2FFLHREd1g%2Fposter.jpg%3Fwidth%3D720?auth=22a555b25ee44f7ea501df1461e5143097fc10077157b5dc9fae141c9cc5fad9&amp;width=480&amp;quality=70&amp;smart=false\"\/><\/picture><\/div>\n<\/div><figcaption class=\"border border-1 border-bottom border-light-300 bg-white relative px-16 py-8 min-h-36 w-100_md px-0_l mb-8\"><span class=\"text ln-text text-16 block\">Jair Bolsonaro desafi\u00f3 a la Corte de Brasil: mostr\u00f3 su tobillera electr\u00f3nica y habl\u00f3 con la prensa<\/span><\/figcaption><\/figure>\n<\/section>\n<\/div>\n<p class=\"com-paragraph   --s\">Pocas horas despu\u00e9s, el juez Moraes orden\u00f3 que la defensa se manifieste sobre una posible violaci\u00f3n de las medidas cautelares, se\u00f1alando que <strong>Bolsonaro podr\u00eda haber eludido las restricciones<\/strong> al utilizar redes sociales de forma indirecta en sus comentarios durante su paso por el Congreso.<\/p>\n<p class=\"com-paragraph   --s\">El expresidente <strong>cancel\u00f3 reuniones previstas con aliados<\/strong> en comisiones de la C\u00e1mara de Diputados en la ma\u00f1ana del martes.<\/p>\n<p class=\"com-paragraph   --s\">Moraes advirti\u00f3 que, en caso de no presentarse una justificaci\u00f3n adecuada, <strong>podr\u00e1 tomar medidas inmediatas<\/strong>.<\/p>\n<p class=\"com-paragraph   --s\">La presi\u00f3n judicial se increment\u00f3 contra el exmandatario, a cargo del pa\u00eds entre 2019 y 2022, que enfrenta un juicio en el m\u00e1ximo tribunal por <strong>tentativa de golpe de Estado<\/strong> contra el presidente <strong>Luiz In\u00e1cio Lula da Silva en 2022.<\/strong><\/p>\n<p class=\"com-paragraph   --s\">Seg\u00fan el juez Moraes, a cargo de la causa, el exmandatario de 70 a\u00f1os, <strong>\u201cpronuncia un discurso para ser mostrado en las plataformas digitales\u201d<\/strong>.<\/p>\n<p class=\"com-paragraph   --s\">Moraes exhibi\u00f3 en un documento judicial publicaciones de cuentas en redes sociales como X, Instagram y Facebook con videos, im\u00e1genes y texto en las que se replicaba la intervenci\u00f3n de Bolsonaro ante los periodistas en el Congreso, a modo de ejemplo. <\/p>\n<div class=\"content-media\">\n<section role=\"button\" class=\"mod-media   \">\n<figure role=\"button\" class=\"mod-figure \"><figcaption class=\"mod-figcaption\"><span class=\"com-text --caption --twoxs\">El juez de la Corte Suprema de Brasil, Alexandre de Moraes en Brasilia, Brasil, el lunes 9 de junio de 2025<\/span><span class=\"com-text --credit --twoxs\">Luis Nova  &#8211; AP <\/span><\/figcaption><\/figure>\n<\/section>\n<\/div>\n<p class=\"com-paragraph   --s\">En una decisi\u00f3n previa el lunes, Moraes hab\u00eda advertido que cualquier difusi\u00f3n de intervenciones p\u00fablicas de Bolsonaro en las plataformas constituir\u00eda una <strong>violaci\u00f3n de las medidas cautelares<\/strong> y el expresidente se arriesgar\u00eda a ser detenido.<\/p>\n<p class=\"com-paragraph   --s\">Bolsonaro, sin embargo, aprovech\u00f3 su paso por la C\u00e1mara para denunciar lo que considera un <strong>acto de \u201ccobard\u00eda\u201d<\/strong> en su contra.<\/p>\n<p class=\"com-paragraph   --s\">Bolsonaro se par\u00f3 ante las c\u00e1maras para mostrar por primera vez la tobillera electr\u00f3nica que lleva en su pie izquierdo. <strong>\u201cEso aqu\u00ed es un s\u00edmbolo de la m\u00e1xima humillaci\u00f3n\u201d<\/strong>, dijo.<\/p>\n<p class=\"com-paragraph   --s\"><strong>\u201cLo que vale para m\u00ed es la ley de Dios\u201d<\/strong>, a\u00f1adi\u00f3 en rechazo a las decisiones judiciales.<\/p>\n<p class=\"com-paragraph   --s\">Bolsonaro no public\u00f3 el discurso en sus cuentas propias pero sus hijos y aliados, y varios medios de comunicaci\u00f3n, s\u00ed lo hicieron.<\/p>\n<p class=\"com-paragraph   --s\">El juez llam\u00f3 a los abogados del expresidente a prestar esclarecimientos en un<strong> plazo de 24 horas<\/strong> \u201csobre el incumplimiento de las medidas cautelares impuestas, bajo pena de decretar su prisi\u00f3n inmediata\u201d.<\/p>\n<p class=\"com-paragraph   --s\">La Corte Suprema decidi\u00f3 <strong>mantener las restricciones<\/strong> que Moraes impuso a Bolsonaro, por cuatro votos a uno, en una sesi\u00f3n virtual que termin\u00f3 casi a la medianoche.<\/p>\n<div class=\"content-media\">\n<section role=\"button\" class=\"mod-media   \">\n<figure role=\"button\" class=\"mod-figure \"><figcaption class=\"mod-figcaption\"><span class=\"com-text --caption --twoxs\">El expresidente brasile\u00f1o Jair Bolsonaro muestra un monitor electr\u00f3nico de tobillo que la Corte Suprema le orden\u00f3 usar, en el Congreso en Brasilia, Brasil, el lunes 21 de julio de 2025<\/span><span class=\"com-text --credit --twoxs\">Minervino Junior  &#8211; Correio Brazilienze &#8211; D.A Press <\/span><\/figcaption><\/figure>\n<\/section>\n<\/div>\n<p class=\"com-paragraph   --s\">La advertencia del juez fue<strong> condenada por diputados y senadores bolsonaristas<\/strong> que se reunieron este lunes con el expresidente en el Congreso.<\/p>\n<p class=\"com-paragraph   --s\"><strong>\u201cOtra orden de censura\u201d<\/strong>, denunci\u00f3 en rueda de prensa el diputado S\u00f3stenes Cavalcante, l\u00edder del Partido Liberal de Bolsonaro en la C\u00e1mara Baja.<\/p>\n<p class=\"com-paragraph   --s\">El portal Metropoles de Brasilia inform\u00f3 que el exmandatario brasile\u00f1o hab\u00eda <strong>cancelado una entrevista que dar\u00eda por sus redes sociales.<\/strong><\/p>\n<p class=\"com-paragraph   --s\">El cerco judicial sobre Bolsonaro ha provocado un <a href=\"https:\/\/www.lanacion.com.ar\/el-mundo\/no-cede-la-tension-entre-brasil-y-eeuu-fuerte-queja-de-lula-por-las-sanciones-a-jueces-nid19072025\/\" target=\"_self\" title=\"https:\/\/www.lanacion.com.ar\/el-mundo\/no-cede-la-tension-entre-brasil-y-eeuu-fuerte-queja-de-lula-por-las-sanciones-a-jueces-nid19072025\/\" class=\"com-link\" data-mrf-recirculation=\"n_link_parrafo\">duelo diplom\u00e1tico<\/a> entre Estados Unidos y Brasil.<\/p>\n<p class=\"com-paragraph   --s\">El presidente estadounidense <strong>Donald Trump <\/strong>anunci\u00f3 aranceles del 50% para las exportaciones brasile\u00f1as a partir de agosto por lo que considera una <strong>\u201ccaza de brujas\u201d<\/strong> contra su aliado.<\/p>\n<p class=\"com-paragraph   --s\">El republicano insisti\u00f3 en que Brasil<strong> \u201ccambie de rumbo\u201d y \u201cdeje de atacar\u201d<\/strong> al expresidente. Lula, por su parte, denunci\u00f3 los comentarios del magnate como un <strong>\u201cchantaje inaceptable\u201d<\/strong>.<\/p>\n<p class=\"com-paragraph   --s\">Moraes justific\u00f3 el viernes las restricciones a Bolsonaro al acusarlo de incitar <strong>\u201cactos hostiles\u201d <\/strong>de Estados Unidos contra Brasil para obstruir el juicio que enfrenta por el presunto intento de golpe en 2022.<\/p>\n<div class=\"content-media\">\n<section role=\"button\" class=\"mod-media   \">\n<figure role=\"button\" class=\"mod-figure \"><figcaption class=\"mod-figcaption\"><span class=\"com-text --caption --twoxs\">El pol\u00edtico brasile\u00f1o Eduardo Bolsonaro durante la Conferencia Anual de Acci\u00f3n Pol\u00edtica Conservadora (CPAC) en Oxon Hill, Maryland, el 20 de febrero de 2025<\/span><span class=\"com-text --credit --twoxs\">SAUL LOEB  &#8211; AFP <\/span><\/figcaption><\/figure>\n<\/section>\n<\/div>\n<p class=\"com-paragraph   --s\"><strong>Eduardo Bolsonaro<\/strong>, uno de los hijos del expresidente, se apart\u00f3 en marzo de su cargo de diputado y se mud\u00f3 a Estados Unidos, donde lleva adelante una campa\u00f1a para que el gobierno de Donald Trump interceda por su padre.<\/p>\n<p class=\"com-paragraph   --s\">Para Moraes, Bolsonaro y su hijo buscan <strong>\u201csometer el funcionamiento de la Corte Suprema (de Brasil) a los Estados Unidos\u201d<\/strong>.<\/p>\n<p class=\"com-paragraph   --s\"><strong>Washington revoc\u00f3 las visas de Moraes<\/strong> y otros jueces por su papel en el juicio contra Bolsonaro.<\/p>\n<p class=\"com-paragraph   --s\">Adem\u00e1s de llevar tobillera electr\u00f3nica y no usar redes sociales, el juez le orden\u00f3 al exmandatario<strong> no acercarse a embajadas o autoridades de otros pa\u00edses<\/strong>. Tambi\u00e9n debe permanecer en su casa por las noches y los fines de semana, aunque \u00e9l neg\u00f3 tener planes de huir de Brasil.<\/p>\n<p class=\"com-paragraph   --s\"><strong>Agencia AFP<\/strong><\/p>\n<section class=\"container-center-100 mb-40 border border-bottom border-thin border-neutral-light-700\">\n<hr\/>\n<\/section>\n<\/div>\n\n","protected":false},"excerpt":{"rendered":"<p>BRASILIA.- El juez de la Corte Suprema de Brasil Alexandre de Moraes advirti\u00f3 este lunes al expresidente Jair Bolsonaro sobre la posibilidad de decretar su \u201cprisi\u00f3n inmediata\u201d por \u201cincumplimiento\u201d en su prohibici\u00f3n de manifestarse en redes sociales. En una visita al Congreso, el l\u00edder de derecha brasile\u00f1o exhibi\u00f3 la tobillera electr\u00f3nica que est\u00e1 obligado a [&hellip;]<\/p>\n","protected":false},"author":2,"featured_media":138568,"comment_status":"closed","ping_status":"closed","sticky":false,"template":"","format":"standard","meta":{"footnotes":""},"categories":[26],"tags":[],"class_list":["post-138567","post","type-post","status-publish","format-standard","has-post-thumbnail","hentry","category-internacionales"],"yoast_head":"<!-- This site is optimized with the Yoast SEO plugin v24.4 - https:\/\/yoast.com\/wordpress\/plugins\/seo\/ -->\n<title>Bolsonaro exhibi\u00f3 su tobillera electr\u00f3nica en p\u00fablico y un juez de la Corte amenaz\u00f3 con decretar su \u201cprisi\u00f3n inmediata\u201d - GYS NOTICIAS |<\/title>\n<meta name=\"robots\" content=\"index, follow, max-snippet:-1, max-image-preview:large, max-video-preview:-1\" \/>\n<link rel=\"canonical\" href=\"https:\/\/gysfm.com.ar\/inicio\/bolsonaro-exhibio-su-tobillera-electronica-en-publico-y-un-juez-de-la-corte-amenazo-con-decretar-su-prision-inmediata\/\" \/>\n<meta property=\"og:locale\" content=\"es_ES\" \/>\n<meta property=\"og:type\" content=\"article\" \/>\n<meta property=\"og:title\" content=\"Bolsonaro exhibi\u00f3 su tobillera electr\u00f3nica en p\u00fablico y un juez de la Corte amenaz\u00f3 con decretar su \u201cprisi\u00f3n inmediata\u201d - GYS NOTICIAS |\" \/>\n<meta property=\"og:description\" content=\"BRASILIA.- El juez de la Corte Suprema de Brasil Alexandre de Moraes advirti\u00f3 este lunes al expresidente Jair Bolsonaro sobre la posibilidad de decretar su \u201cprisi\u00f3n inmediata\u201d por \u201cincumplimiento\u201d en su prohibici\u00f3n de manifestarse en redes sociales. En una visita al Congreso, el l\u00edder de derecha brasile\u00f1o exhibi\u00f3 la tobillera electr\u00f3nica que est\u00e1 obligado a [&hellip;]\" \/>\n<meta property=\"og:url\" content=\"https:\/\/gysfm.com.ar\/inicio\/bolsonaro-exhibio-su-tobillera-electronica-en-publico-y-un-juez-de-la-corte-amenazo-con-decretar-su-prision-inmediata\/\" \/>\n<meta property=\"og:site_name\" content=\"GYS NOTICIAS |\" \/>\n<meta property=\"article:published_time\" content=\"2025-07-23T02:45:10+00:00\" \/>\n<meta property=\"article:modified_time\" content=\"2025-07-23T02:45:11+00:00\" \/>\n<meta property=\"og:image\" content=\"https:\/\/gysfm.com.ar\/inicio\/wp-content\/uploads\/2025\/07\/el-expresidente-brasileno-jair-bolsonaro-muestra-2EE35TMAJVBKZFNRFOTEA3AX6Y.JPG\" \/>\n\t<meta property=\"og:image:width\" content=\"1200\" \/>\n\t<meta property=\"og:image:height\" content=\"797\" \/>\n\t<meta property=\"og:image:type\" content=\"image\/jpeg\" \/>\n<meta name=\"author\" content=\"Prensa G&amp;S FM\" \/>\n<meta name=\"twitter:card\" content=\"summary_large_image\" \/>\n<meta name=\"twitter:label1\" content=\"Escrito por\" \/>\n\t<meta name=\"twitter:data1\" content=\"Prensa G&amp;S FM\" \/>\n\t<meta name=\"twitter:label2\" content=\"Tiempo de lectura\" \/>\n\t<meta name=\"twitter:data2\" content=\"5 minutos\" \/>\n<script type=\"application\/ld+json\" class=\"yoast-schema-graph\">{\"@context\":\"https:\/\/schema.org\",\"@graph\":[{\"@type\":\"Article\",\"@id\":\"https:\/\/gysfm.com.ar\/inicio\/bolsonaro-exhibio-su-tobillera-electronica-en-publico-y-un-juez-de-la-corte-amenazo-con-decretar-su-prision-inmediata\/#article\",\"isPartOf\":{\"@id\":\"https:\/\/gysfm.com.ar\/inicio\/bolsonaro-exhibio-su-tobillera-electronica-en-publico-y-un-juez-de-la-corte-amenazo-con-decretar-su-prision-inmediata\/\"},\"author\":{\"name\":\"Prensa G&amp;S FM\",\"@id\":\"https:\/\/gysfm.com.ar\/inicio\/#\/schema\/person\/3abba7593ef2ad19e1be221d54383dc5\"},\"headline\":\"Bolsonaro exhibi\u00f3 su tobillera electr\u00f3nica en p\u00fablico y un juez de la Corte amenaz\u00f3 con decretar su \u201cprisi\u00f3n inmediata\u201d\",\"datePublished\":\"2025-07-23T02:45:10+00:00\",\"dateModified\":\"2025-07-23T02:45:11+00:00\",\"mainEntityOfPage\":{\"@id\":\"https:\/\/gysfm.com.ar\/inicio\/bolsonaro-exhibio-su-tobillera-electronica-en-publico-y-un-juez-de-la-corte-amenazo-con-decretar-su-prision-inmediata\/\"},\"wordCount\":939,\"publisher\":{\"@id\":\"https:\/\/gysfm.com.ar\/inicio\/#organization\"},\"image\":{\"@id\":\"https:\/\/gysfm.com.ar\/inicio\/bolsonaro-exhibio-su-tobillera-electronica-en-publico-y-un-juez-de-la-corte-amenazo-con-decretar-su-prision-inmediata\/#primaryimage\"},\"thumbnailUrl\":\"https:\/\/gysfm.com.ar\/inicio\/wp-content\/uploads\/2025\/07\/el-expresidente-brasileno-jair-bolsonaro-muestra-2EE35TMAJVBKZFNRFOTEA3AX6Y.JPG\",\"articleSection\":[\"INTERNACIONALES\"],\"inLanguage\":\"es\"},{\"@type\":\"WebPage\",\"@id\":\"https:\/\/gysfm.com.ar\/inicio\/bolsonaro-exhibio-su-tobillera-electronica-en-publico-y-un-juez-de-la-corte-amenazo-con-decretar-su-prision-inmediata\/\",\"url\":\"https:\/\/gysfm.com.ar\/inicio\/bolsonaro-exhibio-su-tobillera-electronica-en-publico-y-un-juez-de-la-corte-amenazo-con-decretar-su-prision-inmediata\/\",\"name\":\"Bolsonaro exhibi\u00f3 su tobillera electr\u00f3nica en p\u00fablico y un juez de la Corte amenaz\u00f3 con decretar su \u201cprisi\u00f3n inmediata\u201d - GYS NOTICIAS |\",\"isPartOf\":{\"@id\":\"https:\/\/gysfm.com.ar\/inicio\/#website\"},\"primaryImageOfPage\":{\"@id\":\"https:\/\/gysfm.com.ar\/inicio\/bolsonaro-exhibio-su-tobillera-electronica-en-publico-y-un-juez-de-la-corte-amenazo-con-decretar-su-prision-inmediata\/#primaryimage\"},\"image\":{\"@id\":\"https:\/\/gysfm.com.ar\/inicio\/bolsonaro-exhibio-su-tobillera-electronica-en-publico-y-un-juez-de-la-corte-amenazo-con-decretar-su-prision-inmediata\/#primaryimage\"},\"thumbnailUrl\":\"https:\/\/gysfm.com.ar\/inicio\/wp-content\/uploads\/2025\/07\/el-expresidente-brasileno-jair-bolsonaro-muestra-2EE35TMAJVBKZFNRFOTEA3AX6Y.JPG\",\"datePublished\":\"2025-07-23T02:45:10+00:00\",\"dateModified\":\"2025-07-23T02:45:11+00:00\",\"breadcrumb\":{\"@id\":\"https:\/\/gysfm.com.ar\/inicio\/bolsonaro-exhibio-su-tobillera-electronica-en-publico-y-un-juez-de-la-corte-amenazo-con-decretar-su-prision-inmediata\/#breadcrumb\"},\"inLanguage\":\"es\",\"potentialAction\":[{\"@type\":\"ReadAction\",\"target\":[\"https:\/\/gysfm.com.ar\/inicio\/bolsonaro-exhibio-su-tobillera-electronica-en-publico-y-un-juez-de-la-corte-amenazo-con-decretar-su-prision-inmediata\/\"]}]},{\"@type\":\"ImageObject\",\"inLanguage\":\"es\",\"@id\":\"https:\/\/gysfm.com.ar\/inicio\/bolsonaro-exhibio-su-tobillera-electronica-en-publico-y-un-juez-de-la-corte-amenazo-con-decretar-su-prision-inmediata\/#primaryimage\",\"url\":\"https:\/\/gysfm.com.ar\/inicio\/wp-content\/uploads\/2025\/07\/el-expresidente-brasileno-jair-bolsonaro-muestra-2EE35TMAJVBKZFNRFOTEA3AX6Y.JPG\",\"contentUrl\":\"https:\/\/gysfm.com.ar\/inicio\/wp-content\/uploads\/2025\/07\/el-expresidente-brasileno-jair-bolsonaro-muestra-2EE35TMAJVBKZFNRFOTEA3AX6Y.JPG\",\"width\":1200,\"height\":797},{\"@type\":\"BreadcrumbList\",\"@id\":\"https:\/\/gysfm.com.ar\/inicio\/bolsonaro-exhibio-su-tobillera-electronica-en-publico-y-un-juez-de-la-corte-amenazo-con-decretar-su-prision-inmediata\/#breadcrumb\",\"itemListElement\":[{\"@type\":\"ListItem\",\"position\":1,\"name\":\"Portada\",\"item\":\"https:\/\/gysfm.com.ar\/inicio\/\"},{\"@type\":\"ListItem\",\"position\":2,\"name\":\"Bolsonaro exhibi\u00f3 su tobillera electr\u00f3nica en p\u00fablico y un juez de la Corte amenaz\u00f3 con decretar su \u201cprisi\u00f3n inmediata\u201d\"}]},{\"@type\":\"WebSite\",\"@id\":\"https:\/\/gysfm.com.ar\/inicio\/#website\",\"url\":\"https:\/\/gysfm.com.ar\/inicio\/\",\"name\":\"GYS NOTICIAS |\",\"description\":\"DIARIO - RADIO ONLINE SAN JUAN ARGENTINA\",\"publisher\":{\"@id\":\"https:\/\/gysfm.com.ar\/inicio\/#organization\"},\"potentialAction\":[{\"@type\":\"SearchAction\",\"target\":{\"@type\":\"EntryPoint\",\"urlTemplate\":\"https:\/\/gysfm.com.ar\/inicio\/?s={search_term_string}\"},\"query-input\":{\"@type\":\"PropertyValueSpecification\",\"valueRequired\":true,\"valueName\":\"search_term_string\"}}],\"inLanguage\":\"es\"},{\"@type\":\"Organization\",\"@id\":\"https:\/\/gysfm.com.ar\/inicio\/#organization\",\"name\":\"GYS NOTICIAS |\",\"url\":\"https:\/\/gysfm.com.ar\/inicio\/\",\"logo\":{\"@type\":\"ImageObject\",\"inLanguage\":\"es\",\"@id\":\"https:\/\/gysfm.com.ar\/inicio\/#\/schema\/logo\/image\/\",\"url\":\"https:\/\/gysfm.com.ar\/inicio\/wp-content\/uploads\/2023\/07\/LOGOGYS-OK.png\",\"contentUrl\":\"https:\/\/gysfm.com.ar\/inicio\/wp-content\/uploads\/2023\/07\/LOGOGYS-OK.png\",\"width\":1170,\"height\":872,\"caption\":\"GYS NOTICIAS |\"},\"image\":{\"@id\":\"https:\/\/gysfm.com.ar\/inicio\/#\/schema\/logo\/image\/\"}},{\"@type\":\"Person\",\"@id\":\"https:\/\/gysfm.com.ar\/inicio\/#\/schema\/person\/3abba7593ef2ad19e1be221d54383dc5\",\"name\":\"Prensa G&amp;S FM\",\"image\":{\"@type\":\"ImageObject\",\"inLanguage\":\"es\",\"@id\":\"https:\/\/gysfm.com.ar\/inicio\/#\/schema\/person\/image\/\",\"url\":\"https:\/\/secure.gravatar.com\/avatar\/096ec78df02049ab018702bb4ccedf659377fa92a26540b5247612077a0dbd29?s=96&d=mm&r=g\",\"contentUrl\":\"https:\/\/secure.gravatar.com\/avatar\/096ec78df02049ab018702bb4ccedf659377fa92a26540b5247612077a0dbd29?s=96&d=mm&r=g\",\"caption\":\"Prensa G&amp;S FM\"},\"sameAs\":[\"https:\/\/gysfm.com.ar\/\"],\"url\":\"https:\/\/gysfm.com.ar\/inicio\/author\/lucasm\/\"}]}<\/script>\n<!-- \/ Yoast SEO plugin. -->","yoast_head_json":{"title":"Bolsonaro exhibi\u00f3 su tobillera electr\u00f3nica en p\u00fablico y un juez de la Corte amenaz\u00f3 con decretar su \u201cprisi\u00f3n inmediata\u201d - GYS NOTICIAS |","robots":{"index":"index","follow":"follow","max-snippet":"max-snippet:-1","max-image-preview":"max-image-preview:large","max-video-preview":"max-video-preview:-1"},"canonical":"https:\/\/gysfm.com.ar\/inicio\/bolsonaro-exhibio-su-tobillera-electronica-en-publico-y-un-juez-de-la-corte-amenazo-con-decretar-su-prision-inmediata\/","og_locale":"es_ES","og_type":"article","og_title":"Bolsonaro exhibi\u00f3 su tobillera electr\u00f3nica en p\u00fablico y un juez de la Corte amenaz\u00f3 con decretar su \u201cprisi\u00f3n inmediata\u201d - GYS NOTICIAS |","og_description":"BRASILIA.- El juez de la Corte Suprema de Brasil Alexandre de Moraes advirti\u00f3 este lunes al expresidente Jair Bolsonaro sobre la posibilidad de decretar su \u201cprisi\u00f3n inmediata\u201d por \u201cincumplimiento\u201d en su prohibici\u00f3n de manifestarse en redes sociales. En una visita al Congreso, el l\u00edder de derecha brasile\u00f1o exhibi\u00f3 la tobillera electr\u00f3nica que est\u00e1 obligado a [&hellip;]","og_url":"https:\/\/gysfm.com.ar\/inicio\/bolsonaro-exhibio-su-tobillera-electronica-en-publico-y-un-juez-de-la-corte-amenazo-con-decretar-su-prision-inmediata\/","og_site_name":"GYS NOTICIAS |","article_published_time":"2025-07-23T02:45:10+00:00","article_modified_time":"2025-07-23T02:45:11+00:00","og_image":[{"width":1200,"height":797,"url":"https:\/\/gysfm.com.ar\/inicio\/wp-content\/uploads\/2025\/07\/el-expresidente-brasileno-jair-bolsonaro-muestra-2EE35TMAJVBKZFNRFOTEA3AX6Y.JPG","type":"image\/jpeg"}],"author":"Prensa G&amp;S FM","twitter_card":"summary_large_image","twitter_misc":{"Escrito por":"Prensa G&amp;S FM","Tiempo de lectura":"5 minutos"},"schema":{"@context":"https:\/\/schema.org","@graph":[{"@type":"Article","@id":"https:\/\/gysfm.com.ar\/inicio\/bolsonaro-exhibio-su-tobillera-electronica-en-publico-y-un-juez-de-la-corte-amenazo-con-decretar-su-prision-inmediata\/#article","isPartOf":{"@id":"https:\/\/gysfm.com.ar\/inicio\/bolsonaro-exhibio-su-tobillera-electronica-en-publico-y-un-juez-de-la-corte-amenazo-con-decretar-su-prision-inmediata\/"},"author":{"name":"Prensa G&amp;S FM","@id":"https:\/\/gysfm.com.ar\/inicio\/#\/schema\/person\/3abba7593ef2ad19e1be221d54383dc5"},"headline":"Bolsonaro exhibi\u00f3 su tobillera electr\u00f3nica en p\u00fablico y un juez de la Corte amenaz\u00f3 con decretar su \u201cprisi\u00f3n inmediata\u201d","datePublished":"2025-07-23T02:45:10+00:00","dateModified":"2025-07-23T02:45:11+00:00","mainEntityOfPage":{"@id":"https:\/\/gysfm.com.ar\/inicio\/bolsonaro-exhibio-su-tobillera-electronica-en-publico-y-un-juez-de-la-corte-amenazo-con-decretar-su-prision-inmediata\/"},"wordCount":939,"publisher":{"@id":"https:\/\/gysfm.com.ar\/inicio\/#organization"},"image":{"@id":"https:\/\/gysfm.com.ar\/inicio\/bolsonaro-exhibio-su-tobillera-electronica-en-publico-y-un-juez-de-la-corte-amenazo-con-decretar-su-prision-inmediata\/#primaryimage"},"thumbnailUrl":"https:\/\/gysfm.com.ar\/inicio\/wp-content\/uploads\/2025\/07\/el-expresidente-brasileno-jair-bolsonaro-muestra-2EE35TMAJVBKZFNRFOTEA3AX6Y.JPG","articleSection":["INTERNACIONALES"],"inLanguage":"es"},{"@type":"WebPage","@id":"https:\/\/gysfm.com.ar\/inicio\/bolsonaro-exhibio-su-tobillera-electronica-en-publico-y-un-juez-de-la-corte-amenazo-con-decretar-su-prision-inmediata\/","url":"https:\/\/gysfm.com.ar\/inicio\/bolsonaro-exhibio-su-tobillera-electronica-en-publico-y-un-juez-de-la-corte-amenazo-con-decretar-su-prision-inmediata\/","name":"Bolsonaro exhibi\u00f3 su tobillera electr\u00f3nica en p\u00fablico y un juez de la Corte amenaz\u00f3 con decretar su \u201cprisi\u00f3n inmediata\u201d - GYS NOTICIAS |","isPartOf":{"@id":"https:\/\/gysfm.com.ar\/inicio\/#website"},"primaryImageOfPage":{"@id":"https:\/\/gysfm.com.ar\/inicio\/bolsonaro-exhibio-su-tobillera-electronica-en-publico-y-un-juez-de-la-corte-amenazo-con-decretar-su-prision-inmediata\/#primaryimage"},"image":{"@id":"https:\/\/gysfm.com.ar\/inicio\/bolsonaro-exhibio-su-tobillera-electronica-en-publico-y-un-juez-de-la-corte-amenazo-con-decretar-su-prision-inmediata\/#primaryimage"},"thumbnailUrl":"https:\/\/gysfm.com.ar\/inicio\/wp-content\/uploads\/2025\/07\/el-expresidente-brasileno-jair-bolsonaro-muestra-2EE35TMAJVBKZFNRFOTEA3AX6Y.JPG","datePublished":"2025-07-23T02:45:10+00:00","dateModified":"2025-07-23T02:45:11+00:00","breadcrumb":{"@id":"https:\/\/gysfm.com.ar\/inicio\/bolsonaro-exhibio-su-tobillera-electronica-en-publico-y-un-juez-de-la-corte-amenazo-con-decretar-su-prision-inmediata\/#breadcrumb"},"inLanguage":"es","potentialAction":[{"@type":"ReadAction","target":["https:\/\/gysfm.com.ar\/inicio\/bolsonaro-exhibio-su-tobillera-electronica-en-publico-y-un-juez-de-la-corte-amenazo-con-decretar-su-prision-inmediata\/"]}]},{"@type":"ImageObject","inLanguage":"es","@id":"https:\/\/gysfm.com.ar\/inicio\/bolsonaro-exhibio-su-tobillera-electronica-en-publico-y-un-juez-de-la-corte-amenazo-con-decretar-su-prision-inmediata\/#primaryimage","url":"https:\/\/gysfm.com.ar\/inicio\/wp-content\/uploads\/2025\/07\/el-expresidente-brasileno-jair-bolsonaro-muestra-2EE35TMAJVBKZFNRFOTEA3AX6Y.JPG","contentUrl":"https:\/\/gysfm.com.ar\/inicio\/wp-content\/uploads\/2025\/07\/el-expresidente-brasileno-jair-bolsonaro-muestra-2EE35TMAJVBKZFNRFOTEA3AX6Y.JPG","width":1200,"height":797},{"@type":"BreadcrumbList","@id":"https:\/\/gysfm.com.ar\/inicio\/bolsonaro-exhibio-su-tobillera-electronica-en-publico-y-un-juez-de-la-corte-amenazo-con-decretar-su-prision-inmediata\/#breadcrumb","itemListElement":[{"@type":"ListItem","position":1,"name":"Portada","item":"https:\/\/gysfm.com.ar\/inicio\/"},{"@type":"ListItem","position":2,"name":"Bolsonaro exhibi\u00f3 su tobillera electr\u00f3nica en p\u00fablico y un juez de la Corte amenaz\u00f3 con decretar su \u201cprisi\u00f3n inmediata\u201d"}]},{"@type":"WebSite","@id":"https:\/\/gysfm.com.ar\/inicio\/#website","url":"https:\/\/gysfm.com.ar\/inicio\/","name":"GYS NOTICIAS |","description":"DIARIO - RADIO ONLINE SAN JUAN ARGENTINA","publisher":{"@id":"https:\/\/gysfm.com.ar\/inicio\/#organization"},"potentialAction":[{"@type":"SearchAction","target":{"@type":"EntryPoint","urlTemplate":"https:\/\/gysfm.com.ar\/inicio\/?s={search_term_string}"},"query-input":{"@type":"PropertyValueSpecification","valueRequired":true,"valueName":"search_term_string"}}],"inLanguage":"es"},{"@type":"Organization","@id":"https:\/\/gysfm.com.ar\/inicio\/#organization","name":"GYS NOTICIAS |","url":"https:\/\/gysfm.com.ar\/inicio\/","logo":{"@type":"ImageObject","inLanguage":"es","@id":"https:\/\/gysfm.com.ar\/inicio\/#\/schema\/logo\/image\/","url":"https:\/\/gysfm.com.ar\/inicio\/wp-content\/uploads\/2023\/07\/LOGOGYS-OK.png","contentUrl":"https:\/\/gysfm.com.ar\/inicio\/wp-content\/uploads\/2023\/07\/LOGOGYS-OK.png","width":1170,"height":872,"caption":"GYS NOTICIAS |"},"image":{"@id":"https:\/\/gysfm.com.ar\/inicio\/#\/schema\/logo\/image\/"}},{"@type":"Person","@id":"https:\/\/gysfm.com.ar\/inicio\/#\/schema\/person\/3abba7593ef2ad19e1be221d54383dc5","name":"Prensa G&amp;S FM","image":{"@type":"ImageObject","inLanguage":"es","@id":"https:\/\/gysfm.com.ar\/inicio\/#\/schema\/person\/image\/","url":"https:\/\/secure.gravatar.com\/avatar\/096ec78df02049ab018702bb4ccedf659377fa92a26540b5247612077a0dbd29?s=96&d=mm&r=g","contentUrl":"https:\/\/secure.gravatar.com\/avatar\/096ec78df02049ab018702bb4ccedf659377fa92a26540b5247612077a0dbd29?s=96&d=mm&r=g","caption":"Prensa G&amp;S FM"},"sameAs":["https:\/\/gysfm.com.ar\/"],"url":"https:\/\/gysfm.com.ar\/inicio\/author\/lucasm\/"}]}},"_links":{"self":[{"href":"https:\/\/gysfm.com.ar\/inicio\/wp-json\/wp\/v2\/posts\/138567","targetHints":{"allow":["GET"]}}],"collection":[{"href":"https:\/\/gysfm.com.ar\/inicio\/wp-json\/wp\/v2\/posts"}],"about":[{"href":"https:\/\/gysfm.com.ar\/inicio\/wp-json\/wp\/v2\/types\/post"}],"author":[{"embeddable":true,"href":"https:\/\/gysfm.com.ar\/inicio\/wp-json\/wp\/v2\/users\/2"}],"replies":[{"embeddable":true,"href":"https:\/\/gysfm.com.ar\/inicio\/wp-json\/wp\/v2\/comments?post=138567"}],"version-history":[{"count":1,"href":"https:\/\/gysfm.com.ar\/inicio\/wp-json\/wp\/v2\/posts\/138567\/revisions"}],"predecessor-version":[{"id":138569,"href":"https:\/\/gysfm.com.ar\/inicio\/wp-json\/wp\/v2\/posts\/138567\/revisions\/138569"}],"wp:featuredmedia":[{"embeddable":true,"href":"https:\/\/gysfm.com.ar\/inicio\/wp-json\/wp\/v2\/media\/138568"}],"wp:attachment":[{"href":"https:\/\/gysfm.com.ar\/inicio\/wp-json\/wp\/v2\/media?parent=138567"}],"wp:term":[{"taxonomy":"category","embeddable":true,"href":"https:\/\/gysfm.com.ar\/inicio\/wp-json\/wp\/v2\/categories?post=138567"},{"taxonomy":"post_tag","embeddable":true,"href":"https:\/\/gysfm.com.ar\/inicio\/wp-json\/wp\/v2\/tags?post=138567"}],"curies":[{"name":"wp","href":"https:\/\/api.w.org\/{rel}","templated":true}]}}